{"id":125128,"date":"2021-06-13T19:41:32","date_gmt":"2021-06-13T17:41:32","guid":{"rendered":"https:\/\/www.bellunopress.it\/?p=125128"},"modified":"2021-06-09T22:54:29","modified_gmt":"2021-06-09T20:54:29","slug":"il-pianista-alex-trolese-martedi-alle-1900-in-sala-giovanni-23mo-a-belluno","status":"publish","type":"post","link":"https:\/\/www.bellunopress.it\/fr\/2021\/06\/13\/il-pianista-alex-trolese-martedi-alle-1900-in-sala-giovanni-23mo-a-belluno\/","title":{"rendered":"Il pianista Alex Trolese marted\u00ec alle 19:00 in Sala Giovanni 23mo a Belluno"},"content":{"rendered":"<p><a href=\"https:\/\/www.bellunopress.it\/fr\/?attachment_id=125129\" rel=\"attachment wp-att-125129\"><img loading=\"lazy\" decoding=\"async\" class=\"alignleft size-full wp-image-125129\" src=\"https:\/\/www.bellunopress.it\/wp-content\/uploads\/2021\/06\/Axel-Trolese_edited.jpg\" alt=\"\" width=\"800\" height=\"564\" srcset=\"https:\/\/www.bellunopress.it\/wp-content\/uploads\/2021\/06\/Axel-Trolese_edited.jpg 800w, https:\/\/www.bellunopress.it\/wp-content\/uploads\/2021\/06\/Axel-Trolese_edited-500x353.jpg 500w, https:\/\/www.bellunopress.it\/wp-content\/uploads\/2021\/06\/Axel-Trolese_edited-696x491.jpg 696w, https:\/\/www.bellunopress.it\/wp-content\/uploads\/2021\/06\/Axel-Trolese_edited-596x420.jpg 596w, https:\/\/www.bellunopress.it\/wp-content\/uploads\/2021\/06\/Axel-Trolese_edited-100x70.jpg 100w\" sizes=\"auto, (max-width: 800px) 100vw, 800px\" \/><\/a>Una serata di virtuosismo al pianoforte, con Alex Trolese, ospite a Belluno, marted\u00ec 15 giugno 2021, ore 19:00, Teatro Giovanni XXIII.<\/p>\n<p>L&#8217;iniziativa \u00e8 del Circolo culturale bellunese.<\/p>\n<p>Il programma \u00e8 diviso in tre parti: la prima dedicata al poeta del pianoforte Fryderyk Chopin, la seconda al pianista prodigio Isaac Alb\u00e9niz e la terza a uno dei pi\u00f9 grandi pianisti virtuosi, Franz Liszt, con la sua trascrizione della Seconda. Alex Trolese \u00e8 nato a Genzano (Roma) nel 1997, si \u00e8 diplomato al Conservatorio \u201cMonteverdi\u201d di Cremona con Maurizio Baglini e si \u00e8 perfezionato all\u2019Accademia Nazionale di Santa Cecilia con Benedetto Lupo e al Conservatorio Superiore di Parigi con Denis Pascal; attualmente studia con Louis Lortie presso la Queen Elisabeth Music Chapel di Waterloo. Si \u00e8 esibito in numerose sale prestigiose come il Teatro La Fenice, l\u2019Auditorium Parco della Musica, la Salle Cortot, la Casa-Museo di Claude Debussy, la Millennium Concert Hall di Pechino e la Weimarhalle di Weimar. Nel 2021 \u00e8 uscito il suo ultimo CD Alb\u00e9niz: Iberia, books I &amp; II per Da Vinci Classics, prima tappa di un pi\u00f9 lungo percorso attorno alla letteratura pianistica spagnola, che comprende anche Manuel De Falla, Frederic Mompou e Joaqu\u00edn Turina.<\/p>\n<p>Per garantire sicurezza e distanziamento, \u00e8 richiesta la prenotazione presso Agenzia Alpe Bellunese: tel. 0437 940407, e-mail: info@alpebellunese.it. Si ricorda l&#8217;utilizzo della mascherina. Informazioni, programma completo della 68a Stagione 2021 e note di sala su: www.belcircolo.org.<\/p>","protected":false},"excerpt":{"rendered":"<p>Una serata di virtuosismo al pianoforte, con Alex Trolese, ospite a Belluno, marted\u00ec 15 giugno 2021, ore 19:00, Teatro Giovanni XXIII. L&#8217;iniziativa \u00e8 del Circolo culturale bellunese. Il programma \u00e8 diviso in tre parti: la prima dedicata al poeta del pianoforte Fryderyk Chopin, la seconda al pianista prodigio Isaac Alb\u00e9niz e la terza a uno [&hellip;]<\/p>\n","protected":false},"author":2,"featured_media":125129,"comment_status":"closed","ping_status":"open","sticky":false,"template":"","format":"standard","meta":{"footnotes":""},"categories":[27,3,25],"tags":[],"class_list":["post-125128","post","type-post","status-publish","format-standard","has-post-thumbnail","category-appuntamenti","category-arte-cultura-spettacoli-scienza-archivi","category-pausa-caffe"],"yoast_head":"<!-- This site is optimized with the Yoast SEO plugin v28.4 - https:\/\/yoast.com\/product\/yoast-seo-wordpress\/ -->\n<title>Il pianista Alex Trolese marted\u00ec alle 19:00 in Sala Giovanni 23mo a Belluno - Bellunopress - Dolomiti<\/title>\n<meta name=\"robots\" content=\"index, follow, max-snippet:-1, max-image-preview:large, max-video-preview:-1\" \/>\n<link rel=\"canonical\" href=\"https:\/\/www.bellunopress.it\/fr\/2021\/06\/13\/il-pianista-alex-trolese-martedi-alle-1900-in-sala-giovanni-23mo-a-belluno\/\" \/>\n<meta property=\"og:locale\" content=\"fr_FR\" \/>\n<meta property=\"og:type\" content=\"article\" \/>\n<meta property=\"og:title\" content=\"Il pianista Alex Trolese marted\u00ec alle 19:00 in Sala Giovanni 23mo a Belluno - Bellunopress - Dolomiti\" \/>\n<meta property=\"og:description\" content=\"Una serata di virtuosismo al pianoforte, con Alex Trolese, ospite a Belluno, marted\u00ec 15 giugno 2021, ore 19:00, Teatro Giovanni XXIII. L&#8217;iniziativa \u00e8 del Circolo culturale bellunese. Il programma \u00e8 diviso in tre parti: la prima dedicata al poeta del pianoforte Fryderyk Chopin, la seconda al pianista prodigio Isaac Alb\u00e9niz e la terza a uno [&hellip;]\" \/>\n<meta property=\"og:url\" content=\"https:\/\/www.bellunopress.it\/fr\/2021\/06\/13\/il-pianista-alex-trolese-martedi-alle-1900-in-sala-giovanni-23mo-a-belluno\/\" \/>\n<meta property=\"og:site_name\" content=\"Bellunopress - Dolomiti\" \/>\n<meta property=\"article:publisher\" content=\"https:\/\/www.facebook.com\/profile.php?id=100008943462799\" \/>\n<meta property=\"article:published_time\" content=\"2021-06-13T17:41:32+00:00\" \/>\n<meta property=\"og:image\" content=\"https:\/\/www.bellunopress.it\/wp-content\/uploads\/2021\/06\/Axel-Trolese_edited.jpg\" \/>\n\t<meta property=\"og:image:width\" content=\"800\" \/>\n\t<meta property=\"og:image:height\" content=\"564\" \/>\n\t<meta property=\"og:image:type\" content=\"image\/jpeg\" \/>\n<meta name=\"author\" content=\"redazione\" \/>\n<meta name=\"twitter:card\" content=\"summary_large_image\" \/>\n<meta name=\"twitter:creator\" content=\"@bellunopress\" \/>\n<meta name=\"twitter:site\" content=\"@bellunopress\" \/>\n<meta name=\"twitter:label1\" content=\"\u00c9crit par\" \/>\n\t<meta name=\"twitter:data1\" content=\"redazione\" \/>\n\t<meta name=\"twitter:label2\" content=\"Dur\u00e9e de lecture estim\u00e9e\" \/>\n\t<meta name=\"twitter:data2\" content=\"2 minutes\" \/>\n<script type=\"application\/ld+json\" class=\"yoast-schema-graph\">{\"@context\":\"https:\\\/\\\/schema.org\",\"@graph\":[{\"@type\":\"Article\",\"@id\":\"https:\\\/\\\/www.bellunopress.it\\\/2021\\\/06\\\/13\\\/il-pianista-alex-trolese-martedi-alle-1900-in-sala-giovanni-23mo-a-belluno\\\/#article\",\"isPartOf\":{\"@id\":\"https:\\\/\\\/www.bellunopress.it\\\/2021\\\/06\\\/13\\\/il-pianista-alex-trolese-martedi-alle-1900-in-sala-giovanni-23mo-a-belluno\\\/\"},\"author\":{\"name\":\"redazione\",\"@id\":\"https:\\\/\\\/www.bellunopress.it\\\/#\\\/schema\\\/person\\\/79bb06722b37ece1c03d3e94beb30d73\"},\"headline\":\"Il pianista Alex Trolese marted\u00ec alle 19:00 in Sala Giovanni 23mo a Belluno\",\"datePublished\":\"2021-06-13T17:41:32+00:00\",\"mainEntityOfPage\":{\"@id\":\"https:\\\/\\\/www.bellunopress.it\\\/2021\\\/06\\\/13\\\/il-pianista-alex-trolese-martedi-alle-1900-in-sala-giovanni-23mo-a-belluno\\\/\"},\"wordCount\":241,\"publisher\":{\"@id\":\"https:\\\/\\\/www.bellunopress.it\\\/#organization\"},\"image\":{\"@id\":\"https:\\\/\\\/www.bellunopress.it\\\/2021\\\/06\\\/13\\\/il-pianista-alex-trolese-martedi-alle-1900-in-sala-giovanni-23mo-a-belluno\\\/#primaryimage\"},\"thumbnailUrl\":\"https:\\\/\\\/www.bellunopress.it\\\/wp-content\\\/uploads\\\/2021\\\/06\\\/Axel-Trolese_edited.jpg\",\"articleSection\":[\"Appuntamenti, Eventi\",\"Arte, Cultura, Spettacoli, Scienza\",\"Pausa Caff\u00e8\"],\"inLanguage\":\"fr-FR\"},{\"@type\":\"WebPage\",\"@id\":\"https:\\\/\\\/www.bellunopress.it\\\/2021\\\/06\\\/13\\\/il-pianista-alex-trolese-martedi-alle-1900-in-sala-giovanni-23mo-a-belluno\\\/\",\"url\":\"https:\\\/\\\/www.bellunopress.it\\\/2021\\\/06\\\/13\\\/il-pianista-alex-trolese-martedi-alle-1900-in-sala-giovanni-23mo-a-belluno\\\/\",\"name\":\"Il pianista Alex Trolese marted\u00ec alle 19:00 in Sala Giovanni 23mo a Belluno - Bellunopress - Dolomiti\",\"isPartOf\":{\"@id\":\"https:\\\/\\\/www.bellunopress.it\\\/#website\"},\"primaryImageOfPage\":{\"@id\":\"https:\\\/\\\/www.bellunopress.it\\\/2021\\\/06\\\/13\\\/il-pianista-alex-trolese-martedi-alle-1900-in-sala-giovanni-23mo-a-belluno\\\/#primaryimage\"},\"image\":{\"@id\":\"https:\\\/\\\/www.bellunopress.it\\\/2021\\\/06\\\/13\\\/il-pianista-alex-trolese-martedi-alle-1900-in-sala-giovanni-23mo-a-belluno\\\/#primaryimage\"},\"thumbnailUrl\":\"https:\\\/\\\/www.bellunopress.it\\\/wp-content\\\/uploads\\\/2021\\\/06\\\/Axel-Trolese_edited.jpg\",\"datePublished\":\"2021-06-13T17:41:32+00:00\",\"breadcrumb\":{\"@id\":\"https:\\\/\\\/www.bellunopress.it\\\/2021\\\/06\\\/13\\\/il-pianista-alex-trolese-martedi-alle-1900-in-sala-giovanni-23mo-a-belluno\\\/#breadcrumb\"},\"inLanguage\":\"fr-FR\",\"potentialAction\":[{\"@type\":\"ReadAction\",\"target\":[\"https:\\\/\\\/www.bellunopress.it\\\/2021\\\/06\\\/13\\\/il-pianista-alex-trolese-martedi-alle-1900-in-sala-giovanni-23mo-a-belluno\\\/\"]}]},{\"@type\":\"ImageObject\",\"inLanguage\":\"fr-FR\",\"@id\":\"https:\\\/\\\/www.bellunopress.it\\\/2021\\\/06\\\/13\\\/il-pianista-alex-trolese-martedi-alle-1900-in-sala-giovanni-23mo-a-belluno\\\/#primaryimage\",\"url\":\"https:\\\/\\\/www.bellunopress.it\\\/wp-content\\\/uploads\\\/2021\\\/06\\\/Axel-Trolese_edited.jpg\",\"contentUrl\":\"https:\\\/\\\/www.bellunopress.it\\\/wp-content\\\/uploads\\\/2021\\\/06\\\/Axel-Trolese_edited.jpg\",\"width\":800,\"height\":564},{\"@type\":\"BreadcrumbList\",\"@id\":\"https:\\\/\\\/www.bellunopress.it\\\/2021\\\/06\\\/13\\\/il-pianista-alex-trolese-martedi-alle-1900-in-sala-giovanni-23mo-a-belluno\\\/#breadcrumb\",\"itemListElement\":[{\"@type\":\"ListItem\",\"position\":1,\"name\":\"Home\",\"item\":\"https:\\\/\\\/www.bellunopress.it\\\/\"},{\"@type\":\"ListItem\",\"position\":2,\"name\":\"Il pianista Alex Trolese marted\u00ec alle 19:00 in Sala Giovanni 23mo a Belluno\"}]},{\"@type\":\"WebSite\",\"@id\":\"https:\\\/\\\/www.bellunopress.it\\\/#website\",\"url\":\"https:\\\/\\\/www.bellunopress.it\\\/\",\"name\":\"Bellunopress - Dolomiti\",\"description\":\"e-mail: redazione@bellunopress.it\",\"publisher\":{\"@id\":\"https:\\\/\\\/www.bellunopress.it\\\/#organization\"},\"potentialAction\":[{\"@type\":\"SearchAction\",\"target\":{\"@type\":\"EntryPoint\",\"urlTemplate\":\"https:\\\/\\\/www.bellunopress.it\\\/?s={search_term_string}\"},\"query-input\":{\"@type\":\"PropertyValueSpecification\",\"valueRequired\":true,\"valueName\":\"search_term_string\"}}],\"inLanguage\":\"fr-FR\"},{\"@type\":\"Organization\",\"@id\":\"https:\\\/\\\/www.bellunopress.it\\\/#organization\",\"name\":\"Bellunopress\",\"url\":\"https:\\\/\\\/www.bellunopress.it\\\/\",\"logo\":{\"@type\":\"ImageObject\",\"inLanguage\":\"fr-FR\",\"@id\":\"https:\\\/\\\/www.bellunopress.it\\\/#\\\/schema\\\/logo\\\/image\\\/\",\"url\":\"https:\\\/\\\/www.bellunopress.it\\\/wp-content\\\/uploads\\\/2011\\\/05\\\/cropped-logo-bellunopress-.jpg\",\"contentUrl\":\"https:\\\/\\\/www.bellunopress.it\\\/wp-content\\\/uploads\\\/2011\\\/05\\\/cropped-logo-bellunopress-.jpg\",\"width\":512,\"height\":512,\"caption\":\"Bellunopress\"},\"image\":{\"@id\":\"https:\\\/\\\/www.bellunopress.it\\\/#\\\/schema\\\/logo\\\/image\\\/\"},\"sameAs\":[\"https:\\\/\\\/www.facebook.com\\\/profile.php?id=100008943462799\",\"https:\\\/\\\/x.com\\\/bellunopress\",\"https:\\\/\\\/www.linkedin.com\\\/hp\\\/?dnr=JBzUWaJfMUw8vbXJJ2tVW5-I3jZKvC4wsoxE&amp;amp;amp;amp;amp;amp;trk=nav_responsive_tab_home\",\"https:\\\/\\\/www.youtube.com\\\/channel\\\/UCxL0wu1uN0_3_7hGG0306cw\"]},{\"@type\":\"Person\",\"@id\":\"https:\\\/\\\/www.bellunopress.it\\\/#\\\/schema\\\/person\\\/79bb06722b37ece1c03d3e94beb30d73\",\"name\":\"redazione\",\"image\":{\"@type\":\"ImageObject\",\"inLanguage\":\"fr-FR\",\"@id\":\"https:\\\/\\\/secure.gravatar.com\\\/avatar\\\/37d968a2e67a6fd04c169c4bdef102d0bc5d31b2546345219e348575eb80e9a0?s=96&d=mm&r=g\",\"url\":\"https:\\\/\\\/secure.gravatar.com\\\/avatar\\\/37d968a2e67a6fd04c169c4bdef102d0bc5d31b2546345219e348575eb80e9a0?s=96&d=mm&r=g\",\"contentUrl\":\"https:\\\/\\\/secure.gravatar.com\\\/avatar\\\/37d968a2e67a6fd04c169c4bdef102d0bc5d31b2546345219e348575eb80e9a0?s=96&d=mm&r=g\",\"caption\":\"redazione\"},\"sameAs\":[\"http:\\\/\\\/www.bellunopress.it\",\"https:\\\/\\\/x.com\\\/bellunopress\"],\"url\":\"https:\\\/\\\/www.bellunopress.it\\\/fr\\\/author\\\/redazione\\\/\"}]}<\/script>\n<!-- \/ Yoast SEO plugin. -->","yoast_head_json":{"title":"Il pianista Alex Trolese marted\u00ec alle 19:00 in Sala Giovanni 23mo a Belluno - Bellunopress - Dolomiti","robots":{"index":"index","follow":"follow","max-snippet":"max-snippet:-1","max-image-preview":"max-image-preview:large","max-video-preview":"max-video-preview:-1"},"canonical":"https:\/\/www.bellunopress.it\/fr\/2021\/06\/13\/il-pianista-alex-trolese-martedi-alle-1900-in-sala-giovanni-23mo-a-belluno\/","og_locale":"fr_FR","og_type":"article","og_title":"Il pianista Alex Trolese marted\u00ec alle 19:00 in Sala Giovanni 23mo a Belluno - Bellunopress - Dolomiti","og_description":"Una serata di virtuosismo al pianoforte, con Alex Trolese, ospite a Belluno, marted\u00ec 15 giugno 2021, ore 19:00, Teatro Giovanni XXIII. L&#8217;iniziativa \u00e8 del Circolo culturale bellunese. Il programma \u00e8 diviso in tre parti: la prima dedicata al poeta del pianoforte Fryderyk Chopin, la seconda al pianista prodigio Isaac Alb\u00e9niz e la terza a uno [&hellip;]","og_url":"https:\/\/www.bellunopress.it\/fr\/2021\/06\/13\/il-pianista-alex-trolese-martedi-alle-1900-in-sala-giovanni-23mo-a-belluno\/","og_site_name":"Bellunopress - Dolomiti","article_publisher":"https:\/\/www.facebook.com\/profile.php?id=100008943462799","article_published_time":"2021-06-13T17:41:32+00:00","og_image":[{"width":800,"height":564,"url":"https:\/\/www.bellunopress.it\/wp-content\/uploads\/2021\/06\/Axel-Trolese_edited.jpg","type":"image\/jpeg"}],"author":"redazione","twitter_card":"summary_large_image","twitter_creator":"@bellunopress","twitter_site":"@bellunopress","twitter_misc":{"\u00c9crit par":"redazione","Dur\u00e9e de lecture estim\u00e9e":"2 minutes"},"schema":{"@context":"https:\/\/schema.org","@graph":[{"@type":"Article","@id":"https:\/\/www.bellunopress.it\/2021\/06\/13\/il-pianista-alex-trolese-martedi-alle-1900-in-sala-giovanni-23mo-a-belluno\/#article","isPartOf":{"@id":"https:\/\/www.bellunopress.it\/2021\/06\/13\/il-pianista-alex-trolese-martedi-alle-1900-in-sala-giovanni-23mo-a-belluno\/"},"author":{"name":"redazione","@id":"https:\/\/www.bellunopress.it\/#\/schema\/person\/79bb06722b37ece1c03d3e94beb30d73"},"headline":"Il pianista Alex Trolese marted\u00ec alle 19:00 in Sala Giovanni 23mo a Belluno","datePublished":"2021-06-13T17:41:32+00:00","mainEntityOfPage":{"@id":"https:\/\/www.bellunopress.it\/2021\/06\/13\/il-pianista-alex-trolese-martedi-alle-1900-in-sala-giovanni-23mo-a-belluno\/"},"wordCount":241,"publisher":{"@id":"https:\/\/www.bellunopress.it\/#organization"},"image":{"@id":"https:\/\/www.bellunopress.it\/2021\/06\/13\/il-pianista-alex-trolese-martedi-alle-1900-in-sala-giovanni-23mo-a-belluno\/#primaryimage"},"thumbnailUrl":"https:\/\/www.bellunopress.it\/wp-content\/uploads\/2021\/06\/Axel-Trolese_edited.jpg","articleSection":["Appuntamenti, Eventi","Arte, Cultura, Spettacoli, Scienza","Pausa Caff\u00e8"],"inLanguage":"fr-FR"},{"@type":"WebPage","@id":"https:\/\/www.bellunopress.it\/2021\/06\/13\/il-pianista-alex-trolese-martedi-alle-1900-in-sala-giovanni-23mo-a-belluno\/","url":"https:\/\/www.bellunopress.it\/2021\/06\/13\/il-pianista-alex-trolese-martedi-alle-1900-in-sala-giovanni-23mo-a-belluno\/","name":"Il pianista Alex Trolese marted\u00ec alle 19:00 in Sala Giovanni 23mo a Belluno - Bellunopress - Dolomiti","isPartOf":{"@id":"https:\/\/www.bellunopress.it\/#website"},"primaryImageOfPage":{"@id":"https:\/\/www.bellunopress.it\/2021\/06\/13\/il-pianista-alex-trolese-martedi-alle-1900-in-sala-giovanni-23mo-a-belluno\/#primaryimage"},"image":{"@id":"https:\/\/www.bellunopress.it\/2021\/06\/13\/il-pianista-alex-trolese-martedi-alle-1900-in-sala-giovanni-23mo-a-belluno\/#primaryimage"},"thumbnailUrl":"https:\/\/www.bellunopress.it\/wp-content\/uploads\/2021\/06\/Axel-Trolese_edited.jpg","datePublished":"2021-06-13T17:41:32+00:00","breadcrumb":{"@id":"https:\/\/www.bellunopress.it\/2021\/06\/13\/il-pianista-alex-trolese-martedi-alle-1900-in-sala-giovanni-23mo-a-belluno\/#breadcrumb"},"inLanguage":"fr-FR","potentialAction":[{"@type":"ReadAction","target":["https:\/\/www.bellunopress.it\/2021\/06\/13\/il-pianista-alex-trolese-martedi-alle-1900-in-sala-giovanni-23mo-a-belluno\/"]}]},{"@type":"ImageObject","inLanguage":"fr-FR","@id":"https:\/\/www.bellunopress.it\/2021\/06\/13\/il-pianista-alex-trolese-martedi-alle-1900-in-sala-giovanni-23mo-a-belluno\/#primaryimage","url":"https:\/\/www.bellunopress.it\/wp-content\/uploads\/2021\/06\/Axel-Trolese_edited.jpg","contentUrl":"https:\/\/www.bellunopress.it\/wp-content\/uploads\/2021\/06\/Axel-Trolese_edited.jpg","width":800,"height":564},{"@type":"BreadcrumbList","@id":"https:\/\/www.bellunopress.it\/2021\/06\/13\/il-pianista-alex-trolese-martedi-alle-1900-in-sala-giovanni-23mo-a-belluno\/#breadcrumb","itemListElement":[{"@type":"ListItem","position":1,"name":"Home","item":"https:\/\/www.bellunopress.it\/"},{"@type":"ListItem","position":2,"name":"Il pianista Alex Trolese marted\u00ec alle 19:00 in Sala Giovanni 23mo a Belluno"}]},{"@type":"WebSite","@id":"https:\/\/www.bellunopress.it\/#website","url":"https:\/\/www.bellunopress.it\/","name":"Bellunopress - Dolomiti","description":"e-mail: redazione@bellunopress.it","publisher":{"@id":"https:\/\/www.bellunopress.it\/#organization"},"potentialAction":[{"@type":"SearchAction","target":{"@type":"EntryPoint","urlTemplate":"https:\/\/www.bellunopress.it\/?s={search_term_string}"},"query-input":{"@type":"PropertyValueSpecification","valueRequired":true,"valueName":"search_term_string"}}],"inLanguage":"fr-FR"},{"@type":"Organization","@id":"https:\/\/www.bellunopress.it\/#organization","name":"Bellunopress","url":"https:\/\/www.bellunopress.it\/","logo":{"@type":"ImageObject","inLanguage":"fr-FR","@id":"https:\/\/www.bellunopress.it\/#\/schema\/logo\/image\/","url":"https:\/\/www.bellunopress.it\/wp-content\/uploads\/2011\/05\/cropped-logo-bellunopress-.jpg","contentUrl":"https:\/\/www.bellunopress.it\/wp-content\/uploads\/2011\/05\/cropped-logo-bellunopress-.jpg","width":512,"height":512,"caption":"Bellunopress"},"image":{"@id":"https:\/\/www.bellunopress.it\/#\/schema\/logo\/image\/"},"sameAs":["https:\/\/www.facebook.com\/profile.php?id=100008943462799","https:\/\/x.com\/bellunopress","https:\/\/www.linkedin.com\/hp\/?dnr=JBzUWaJfMUw8vbXJJ2tVW5-I3jZKvC4wsoxE&amp;amp;amp;amp;amp;amp;trk=nav_responsive_tab_home","https:\/\/www.youtube.com\/channel\/UCxL0wu1uN0_3_7hGG0306cw"]},{"@type":"Person","@id":"https:\/\/www.bellunopress.it\/#\/schema\/person\/79bb06722b37ece1c03d3e94beb30d73","name":"r\u00e9daction","image":{"@type":"ImageObject","inLanguage":"fr-FR","@id":"https:\/\/secure.gravatar.com\/avatar\/37d968a2e67a6fd04c169c4bdef102d0bc5d31b2546345219e348575eb80e9a0?s=96&d=mm&r=g","url":"https:\/\/secure.gravatar.com\/avatar\/37d968a2e67a6fd04c169c4bdef102d0bc5d31b2546345219e348575eb80e9a0?s=96&d=mm&r=g","contentUrl":"https:\/\/secure.gravatar.com\/avatar\/37d968a2e67a6fd04c169c4bdef102d0bc5d31b2546345219e348575eb80e9a0?s=96&d=mm&r=g","caption":"redazione"},"sameAs":["http:\/\/www.bellunopress.it","https:\/\/x.com\/bellunopress"],"url":"https:\/\/www.bellunopress.it\/fr\/author\/redazione\/"}]}},"_links":{"self":[{"href":"https:\/\/www.bellunopress.it\/fr\/wp-json\/wp\/v2\/posts\/125128","targetHints":{"allow":["GET"]}}],"collection":[{"href":"https:\/\/www.bellunopress.it\/fr\/wp-json\/wp\/v2\/posts"}],"about":[{"href":"https:\/\/www.bellunopress.it\/fr\/wp-json\/wp\/v2\/types\/post"}],"author":[{"embeddable":true,"href":"https:\/\/www.bellunopress.it\/fr\/wp-json\/wp\/v2\/users\/2"}],"replies":[{"embeddable":true,"href":"https:\/\/www.bellunopress.it\/fr\/wp-json\/wp\/v2\/comments?post=125128"}],"version-history":[{"count":1,"href":"https:\/\/www.bellunopress.it\/fr\/wp-json\/wp\/v2\/posts\/125128\/revisions"}],"predecessor-version":[{"id":125130,"href":"https:\/\/www.bellunopress.it\/fr\/wp-json\/wp\/v2\/posts\/125128\/revisions\/125130"}],"wp:featuredmedia":[{"embeddable":true,"href":"https:\/\/www.bellunopress.it\/fr\/wp-json\/wp\/v2\/media\/125129"}],"wp:attachment":[{"href":"https:\/\/www.bellunopress.it\/fr\/wp-json\/wp\/v2\/media?parent=125128"}],"wp:term":[{"taxonomy":"category","embeddable":true,"href":"https:\/\/www.bellunopress.it\/fr\/wp-json\/wp\/v2\/categories?post=125128"},{"taxonomy":"post_tag","embeddable":true,"href":"https:\/\/www.bellunopress.it\/fr\/wp-json\/wp\/v2\/tags?post=125128"}],"curies":[{"name":"wp","href":"https:\/\/api.w.org\/{rel}","templated":true}]}}