{"id":125125,"date":"2021-06-13T11:29:11","date_gmt":"2021-06-13T09:29:11","guid":{"rendered":"https:\/\/www.bellunopress.it\/?p=125125"},"modified":"2021-06-09T22:35:08","modified_gmt":"2021-06-09T20:35:08","slug":"ferro-vetro-legno-e-ceramica-protagonisti-alla-35ma-mostra-dellartigianato-di-feltre","status":"publish","type":"post","link":"https:\/\/www.bellunopress.it\/fr\/2021\/06\/13\/ferro-vetro-legno-e-ceramica-protagonisti-alla-35ma-mostra-dellartigianato-di-feltre\/","title":{"rendered":"Ferro, vetro, legno e ceramica, protagonisti alla 35ma Mostra dell\u2019Artigianato di Feltre"},"content":{"rendered":"<p><a href=\"https:\/\/www.bellunopress.it\/fr\/2017\/07\/02\/mondiali-di-parapendio-ufficialmente-al-via-lunedi-prove-tecniche-e-martedi-la-prima-gara-valida\/feltre-fiera-artigianato\/\" rel=\"attachment wp-att-87382\"><img loading=\"lazy\" decoding=\"async\" class=\"alignleft size-full wp-image-87382\" src=\"https:\/\/www.bellunopress.it\/wp-content\/uploads\/2017\/07\/feltre-fiera-artigianato.jpg\" alt=\"\" width=\"300\" height=\"200\" \/><\/a>A due settimane dall\u2019avvio della rassegna, la macchina organizzativa della 35ma edizione della Mostra dell\u2019Artigianato di Feltre \u00e8 gi\u00e0 a pieno regime.<\/p>\n<p>La rassegna di quest&#8217;anno, va da s\u00e9, si carica di significati particolari anche per il periodo storico che stiamo attraversando: la Mostra dell&#8217;Artigianato costituisce infatti a livello veneto, e non solo, una delle primissime manifestazioni \u201cin presenza\u201d in uscita dal difficilissimo periodo legato all&#8217;emergenza sanitaria che ha condizionato la nostra vita sociale, economica e personale negli ultimi 18 mesi e rappresenta, di fatto, uno dei simboli della ripartenza non soltanto feltrina.<\/p>\n<p><a href=\"https:\/\/www.bellunopress.it\/fr\/2017\/07\/02\/successo-per-la-31ma-mostra-dellartigianato-a-feltre\/mostra-artigianato-feltre-2\/\" rel=\"attachment wp-att-87375\"><img loading=\"lazy\" decoding=\"async\" class=\"alignleft size-full wp-image-87375\" src=\"https:\/\/www.bellunopress.it\/wp-content\/uploads\/2017\/07\/mostra-artigianato-feltre-2.jpg\" alt=\"\" width=\"300\" height=\"254\" \/><\/a>Una manifestazione, quella di quest\u2019anno, come sempre e pi\u00f9 di sempre, legata ai materiali pi\u00f9 caratteristici e nobili della tradizione artigianale del territorio Veneto.<br \/>\nProtagonisti assoluti saranno il legno, il vetro e il ferro, nelle multiformi trasformazioni operate dalle sapienti mani dei nostri maestri.<br \/>\nIl legno, esaltato anche in questa occasione dal Simposio di Scultura, sar\u00e0 anche al centro della dimostrazione dei maestri d&#8217;ascia dell\u2019associazione \u201cEl Felze\u201d, che riprodurranno davanti al pubblico presente alcune fasi di costruzione di una gondola.<br \/>\nE poi, naturalmente, il vetro, con gli artigiani vetrai e gli straordinari pezzi della collezione Nasci-Franzoia, esposti dallo scorso 8 maggio alla Galleria \u201cRizzarda\u201d. Quale miglior simbolo del secolare legame tra la citt\u00e0 di Feltre e Venezia, proprio in occasione delle celebrazioni per i 1600 anni dalla nascita del capoluogo lagunare?<br \/>\nFeltre \u00e8 e rimane per\u00f2 soprattutto la storia del ferro battuto. E cos\u00ec anche quest\u2019anno protagonisti saranno i fabbri che, sfidandosi a colpi di maglio, parteciperanno al concorso di forgiatura e si sfideranno per l\u2019assegnazione del premio intitolato proprio a Carlo Rizzarda.<\/p>\n<p><a href=\"https:\/\/www.bellunopress.it\/fr\/2015\/06\/25\/giovedi-linaugurazione-della-29ma-mostra-dellartigianato-di-feltre\/feltre-mostra-artigianato\/\" rel=\"attachment wp-att-69639\"><img loading=\"lazy\" decoding=\"async\" class=\"alignleft size-full wp-image-69639\" src=\"https:\/\/www.bellunopress.it\/wp-content\/uploads\/2015\/06\/Feltre-mostra-artigianato.jpg\" alt=\"\" width=\"300\" height=\"199\" \/><\/a>\u201cNei prossimi giorni sveleremo il programma definitivo della Mostra, ma gi\u00e0 fin d\u2019ora posso dire che questa edizione 2021 della rassegna avr\u00e0 molti motivi di interesse\u201d, commenta il presidente del comitato organizzativo Luciano Gesiot. \u201cNonostante le molte incognite del periodo, aggiunge Gesiot, ci siamo comunque voluti muovere per tempo per riuscire a mettere a punto, con la collaborazione dei molti partner coinvolti a partire dal Comune di Feltre, un programma che avr\u00e0 moltissimi punti di interesse culturale e artistico, nel segno delle produzioni artigianali di qualit\u00e0 e dei materiali pi\u00f9 rappresentativi della nostra tradizione\u201d.<\/p>\n<p>&nbsp;<\/p>\n<p>&nbsp;<\/p>\n<p>&nbsp;<\/p>\n<p>&nbsp;<\/p>\n<p>&nbsp;<\/p>\n<p>&nbsp;<\/p>","protected":false},"excerpt":{"rendered":"<p>A due settimane dall\u2019avvio della rassegna, la macchina organizzativa della 35ma edizione della Mostra dell\u2019Artigianato di Feltre \u00e8 gi\u00e0 a pieno regime. La rassegna di quest&#8217;anno, va da s\u00e9, si carica di significati particolari anche per il periodo storico che stiamo attraversando: la Mostra dell&#8217;Artigianato costituisce infatti a livello veneto, e non solo, una delle [&hellip;]<\/p>\n","protected":false},"author":2,"featured_media":87374,"comment_status":"closed","ping_status":"open","sticky":false,"template":"","format":"standard","meta":{"footnotes":""},"categories":[3,26],"tags":[],"class_list":["post-125125","post","type-post","status-publish","format-standard","has-post-thumbnail","category-arte-cultura-spettacoli-scienza-archivi","category-prima-pagina"],"yoast_head":"<!-- This site is optimized with the Yoast SEO plugin v28.4 - https:\/\/yoast.com\/product\/yoast-seo-wordpress\/ -->\n<title>Ferro, vetro, legno e ceramica, protagonisti alla 35ma Mostra dell\u2019Artigianato di Feltre - Bellunopress - Dolomiti<\/title>\n<meta name=\"robots\" content=\"index, follow, max-snippet:-1, max-image-preview:large, max-video-preview:-1\" \/>\n<link rel=\"canonical\" href=\"https:\/\/www.bellunopress.it\/fr\/2021\/06\/13\/ferro-vetro-legno-e-ceramica-protagonisti-alla-35ma-mostra-dellartigianato-di-feltre\/\" \/>\n<meta property=\"og:locale\" content=\"fr_FR\" \/>\n<meta property=\"og:type\" content=\"article\" \/>\n<meta property=\"og:title\" content=\"Ferro, vetro, legno e ceramica, protagonisti alla 35ma Mostra dell\u2019Artigianato di Feltre - Bellunopress - Dolomiti\" \/>\n<meta property=\"og:description\" content=\"A due settimane dall\u2019avvio della rassegna, la macchina organizzativa della 35ma edizione della Mostra dell\u2019Artigianato di Feltre \u00e8 gi\u00e0 a pieno regime. La rassegna di quest&#8217;anno, va da s\u00e9, si carica di significati particolari anche per il periodo storico che stiamo attraversando: la Mostra dell&#8217;Artigianato costituisce infatti a livello veneto, e non solo, una delle [&hellip;]\" \/>\n<meta property=\"og:url\" content=\"https:\/\/www.bellunopress.it\/fr\/2021\/06\/13\/ferro-vetro-legno-e-ceramica-protagonisti-alla-35ma-mostra-dellartigianato-di-feltre\/\" \/>\n<meta property=\"og:site_name\" content=\"Bellunopress - Dolomiti\" \/>\n<meta property=\"article:publisher\" content=\"https:\/\/www.facebook.com\/profile.php?id=100008943462799\" \/>\n<meta property=\"article:published_time\" content=\"2021-06-13T09:29:11+00:00\" \/>\n<meta property=\"og:image\" content=\"https:\/\/www.bellunopress.it\/wp-content\/uploads\/2017\/07\/mostra-artigianato-feltre-1.jpg\" \/>\n\t<meta property=\"og:image:width\" content=\"233\" \/>\n\t<meta property=\"og:image:height\" content=\"300\" \/>\n\t<meta property=\"og:image:type\" content=\"image\/jpeg\" \/>\n<meta name=\"author\" content=\"redazione\" \/>\n<meta name=\"twitter:card\" content=\"summary_large_image\" \/>\n<meta name=\"twitter:creator\" content=\"@bellunopress\" \/>\n<meta name=\"twitter:site\" content=\"@bellunopress\" \/>\n<meta name=\"twitter:label1\" content=\"\u00c9crit par\" \/>\n\t<meta name=\"twitter:data1\" content=\"redazione\" \/>\n\t<meta name=\"twitter:label2\" content=\"Dur\u00e9e de lecture estim\u00e9e\" \/>\n\t<meta name=\"twitter:data2\" content=\"3 minutes\" \/>\n<script type=\"application\/ld+json\" class=\"yoast-schema-graph\">{\"@context\":\"https:\\\/\\\/schema.org\",\"@graph\":[{\"@type\":\"Article\",\"@id\":\"https:\\\/\\\/www.bellunopress.it\\\/2021\\\/06\\\/13\\\/ferro-vetro-legno-e-ceramica-protagonisti-alla-35ma-mostra-dellartigianato-di-feltre\\\/#article\",\"isPartOf\":{\"@id\":\"https:\\\/\\\/www.bellunopress.it\\\/2021\\\/06\\\/13\\\/ferro-vetro-legno-e-ceramica-protagonisti-alla-35ma-mostra-dellartigianato-di-feltre\\\/\"},\"author\":{\"name\":\"redazione\",\"@id\":\"https:\\\/\\\/www.bellunopress.it\\\/#\\\/schema\\\/person\\\/79bb06722b37ece1c03d3e94beb30d73\"},\"headline\":\"Ferro, vetro, legno e ceramica, protagonisti alla 35ma Mostra dell\u2019Artigianato di Feltre\",\"datePublished\":\"2021-06-13T09:29:11+00:00\",\"mainEntityOfPage\":{\"@id\":\"https:\\\/\\\/www.bellunopress.it\\\/2021\\\/06\\\/13\\\/ferro-vetro-legno-e-ceramica-protagonisti-alla-35ma-mostra-dellartigianato-di-feltre\\\/\"},\"wordCount\":384,\"publisher\":{\"@id\":\"https:\\\/\\\/www.bellunopress.it\\\/#organization\"},\"image\":{\"@id\":\"https:\\\/\\\/www.bellunopress.it\\\/2021\\\/06\\\/13\\\/ferro-vetro-legno-e-ceramica-protagonisti-alla-35ma-mostra-dellartigianato-di-feltre\\\/#primaryimage\"},\"thumbnailUrl\":\"https:\\\/\\\/www.bellunopress.it\\\/wp-content\\\/uploads\\\/2017\\\/07\\\/mostra-artigianato-feltre-1.jpg\",\"articleSection\":[\"Arte, Cultura, Spettacoli, Scienza\",\"Prima Pagina\"],\"inLanguage\":\"fr-FR\"},{\"@type\":\"WebPage\",\"@id\":\"https:\\\/\\\/www.bellunopress.it\\\/2021\\\/06\\\/13\\\/ferro-vetro-legno-e-ceramica-protagonisti-alla-35ma-mostra-dellartigianato-di-feltre\\\/\",\"url\":\"https:\\\/\\\/www.bellunopress.it\\\/2021\\\/06\\\/13\\\/ferro-vetro-legno-e-ceramica-protagonisti-alla-35ma-mostra-dellartigianato-di-feltre\\\/\",\"name\":\"Ferro, vetro, legno e ceramica, protagonisti alla 35ma Mostra dell\u2019Artigianato di Feltre - Bellunopress - Dolomiti\",\"isPartOf\":{\"@id\":\"https:\\\/\\\/www.bellunopress.it\\\/#website\"},\"primaryImageOfPage\":{\"@id\":\"https:\\\/\\\/www.bellunopress.it\\\/2021\\\/06\\\/13\\\/ferro-vetro-legno-e-ceramica-protagonisti-alla-35ma-mostra-dellartigianato-di-feltre\\\/#primaryimage\"},\"image\":{\"@id\":\"https:\\\/\\\/www.bellunopress.it\\\/2021\\\/06\\\/13\\\/ferro-vetro-legno-e-ceramica-protagonisti-alla-35ma-mostra-dellartigianato-di-feltre\\\/#primaryimage\"},\"thumbnailUrl\":\"https:\\\/\\\/www.bellunopress.it\\\/wp-content\\\/uploads\\\/2017\\\/07\\\/mostra-artigianato-feltre-1.jpg\",\"datePublished\":\"2021-06-13T09:29:11+00:00\",\"breadcrumb\":{\"@id\":\"https:\\\/\\\/www.bellunopress.it\\\/2021\\\/06\\\/13\\\/ferro-vetro-legno-e-ceramica-protagonisti-alla-35ma-mostra-dellartigianato-di-feltre\\\/#breadcrumb\"},\"inLanguage\":\"fr-FR\",\"potentialAction\":[{\"@type\":\"ReadAction\",\"target\":[\"https:\\\/\\\/www.bellunopress.it\\\/2021\\\/06\\\/13\\\/ferro-vetro-legno-e-ceramica-protagonisti-alla-35ma-mostra-dellartigianato-di-feltre\\\/\"]}]},{\"@type\":\"ImageObject\",\"inLanguage\":\"fr-FR\",\"@id\":\"https:\\\/\\\/www.bellunopress.it\\\/2021\\\/06\\\/13\\\/ferro-vetro-legno-e-ceramica-protagonisti-alla-35ma-mostra-dellartigianato-di-feltre\\\/#primaryimage\",\"url\":\"https:\\\/\\\/www.bellunopress.it\\\/wp-content\\\/uploads\\\/2017\\\/07\\\/mostra-artigianato-feltre-1.jpg\",\"contentUrl\":\"https:\\\/\\\/www.bellunopress.it\\\/wp-content\\\/uploads\\\/2017\\\/07\\\/mostra-artigianato-feltre-1.jpg\",\"width\":233,\"height\":300},{\"@type\":\"BreadcrumbList\",\"@id\":\"https:\\\/\\\/www.bellunopress.it\\\/2021\\\/06\\\/13\\\/ferro-vetro-legno-e-ceramica-protagonisti-alla-35ma-mostra-dellartigianato-di-feltre\\\/#breadcrumb\",\"itemListElement\":[{\"@type\":\"ListItem\",\"position\":1,\"name\":\"Home\",\"item\":\"https:\\\/\\\/www.bellunopress.it\\\/\"},{\"@type\":\"ListItem\",\"position\":2,\"name\":\"Ferro, vetro, legno e ceramica, protagonisti alla 35ma Mostra dell\u2019Artigianato di Feltre\"}]},{\"@type\":\"WebSite\",\"@id\":\"https:\\\/\\\/www.bellunopress.it\\\/#website\",\"url\":\"https:\\\/\\\/www.bellunopress.it\\\/\",\"name\":\"Bellunopress - Dolomiti\",\"description\":\"e-mail: redazione@bellunopress.it\",\"publisher\":{\"@id\":\"https:\\\/\\\/www.bellunopress.it\\\/#organization\"},\"potentialAction\":[{\"@type\":\"SearchAction\",\"target\":{\"@type\":\"EntryPoint\",\"urlTemplate\":\"https:\\\/\\\/www.bellunopress.it\\\/?s={search_term_string}\"},\"query-input\":{\"@type\":\"PropertyValueSpecification\",\"valueRequired\":true,\"valueName\":\"search_term_string\"}}],\"inLanguage\":\"fr-FR\"},{\"@type\":\"Organization\",\"@id\":\"https:\\\/\\\/www.bellunopress.it\\\/#organization\",\"name\":\"Bellunopress\",\"url\":\"https:\\\/\\\/www.bellunopress.it\\\/\",\"logo\":{\"@type\":\"ImageObject\",\"inLanguage\":\"fr-FR\",\"@id\":\"https:\\\/\\\/www.bellunopress.it\\\/#\\\/schema\\\/logo\\\/image\\\/\",\"url\":\"https:\\\/\\\/www.bellunopress.it\\\/wp-content\\\/uploads\\\/2011\\\/05\\\/cropped-logo-bellunopress-.jpg\",\"contentUrl\":\"https:\\\/\\\/www.bellunopress.it\\\/wp-content\\\/uploads\\\/2011\\\/05\\\/cropped-logo-bellunopress-.jpg\",\"width\":512,\"height\":512,\"caption\":\"Bellunopress\"},\"image\":{\"@id\":\"https:\\\/\\\/www.bellunopress.it\\\/#\\\/schema\\\/logo\\\/image\\\/\"},\"sameAs\":[\"https:\\\/\\\/www.facebook.com\\\/profile.php?id=100008943462799\",\"https:\\\/\\\/x.com\\\/bellunopress\",\"https:\\\/\\\/www.linkedin.com\\\/hp\\\/?dnr=JBzUWaJfMUw8vbXJJ2tVW5-I3jZKvC4wsoxE&amp;amp;amp;amp;amp;amp;trk=nav_responsive_tab_home\",\"https:\\\/\\\/www.youtube.com\\\/channel\\\/UCxL0wu1uN0_3_7hGG0306cw\"]},{\"@type\":\"Person\",\"@id\":\"https:\\\/\\\/www.bellunopress.it\\\/#\\\/schema\\\/person\\\/79bb06722b37ece1c03d3e94beb30d73\",\"name\":\"redazione\",\"image\":{\"@type\":\"ImageObject\",\"inLanguage\":\"fr-FR\",\"@id\":\"https:\\\/\\\/secure.gravatar.com\\\/avatar\\\/37d968a2e67a6fd04c169c4bdef102d0bc5d31b2546345219e348575eb80e9a0?s=96&d=mm&r=g\",\"url\":\"https:\\\/\\\/secure.gravatar.com\\\/avatar\\\/37d968a2e67a6fd04c169c4bdef102d0bc5d31b2546345219e348575eb80e9a0?s=96&d=mm&r=g\",\"contentUrl\":\"https:\\\/\\\/secure.gravatar.com\\\/avatar\\\/37d968a2e67a6fd04c169c4bdef102d0bc5d31b2546345219e348575eb80e9a0?s=96&d=mm&r=g\",\"caption\":\"redazione\"},\"sameAs\":[\"http:\\\/\\\/www.bellunopress.it\",\"https:\\\/\\\/x.com\\\/bellunopress\"],\"url\":\"https:\\\/\\\/www.bellunopress.it\\\/fr\\\/author\\\/redazione\\\/\"}]}<\/script>\n<!-- \/ Yoast SEO plugin. -->","yoast_head_json":{"title":"Ferro, vetro, legno e ceramica, protagonisti alla 35ma Mostra dell\u2019Artigianato di Feltre - Bellunopress - Dolomiti","robots":{"index":"index","follow":"follow","max-snippet":"max-snippet:-1","max-image-preview":"max-image-preview:large","max-video-preview":"max-video-preview:-1"},"canonical":"https:\/\/www.bellunopress.it\/fr\/2021\/06\/13\/ferro-vetro-legno-e-ceramica-protagonisti-alla-35ma-mostra-dellartigianato-di-feltre\/","og_locale":"fr_FR","og_type":"article","og_title":"Ferro, vetro, legno e ceramica, protagonisti alla 35ma Mostra dell\u2019Artigianato di Feltre - Bellunopress - Dolomiti","og_description":"A due settimane dall\u2019avvio della rassegna, la macchina organizzativa della 35ma edizione della Mostra dell\u2019Artigianato di Feltre \u00e8 gi\u00e0 a pieno regime. La rassegna di quest&#8217;anno, va da s\u00e9, si carica di significati particolari anche per il periodo storico che stiamo attraversando: la Mostra dell&#8217;Artigianato costituisce infatti a livello veneto, e non solo, una delle [&hellip;]","og_url":"https:\/\/www.bellunopress.it\/fr\/2021\/06\/13\/ferro-vetro-legno-e-ceramica-protagonisti-alla-35ma-mostra-dellartigianato-di-feltre\/","og_site_name":"Bellunopress - Dolomiti","article_publisher":"https:\/\/www.facebook.com\/profile.php?id=100008943462799","article_published_time":"2021-06-13T09:29:11+00:00","og_image":[{"width":233,"height":300,"url":"https:\/\/www.bellunopress.it\/wp-content\/uploads\/2017\/07\/mostra-artigianato-feltre-1.jpg","type":"image\/jpeg"}],"author":"redazione","twitter_card":"summary_large_image","twitter_creator":"@bellunopress","twitter_site":"@bellunopress","twitter_misc":{"\u00c9crit par":"redazione","Dur\u00e9e de lecture estim\u00e9e":"3 minutes"},"schema":{"@context":"https:\/\/schema.org","@graph":[{"@type":"Article","@id":"https:\/\/www.bellunopress.it\/2021\/06\/13\/ferro-vetro-legno-e-ceramica-protagonisti-alla-35ma-mostra-dellartigianato-di-feltre\/#article","isPartOf":{"@id":"https:\/\/www.bellunopress.it\/2021\/06\/13\/ferro-vetro-legno-e-ceramica-protagonisti-alla-35ma-mostra-dellartigianato-di-feltre\/"},"author":{"name":"redazione","@id":"https:\/\/www.bellunopress.it\/#\/schema\/person\/79bb06722b37ece1c03d3e94beb30d73"},"headline":"Ferro, vetro, legno e ceramica, protagonisti alla 35ma Mostra dell\u2019Artigianato di Feltre","datePublished":"2021-06-13T09:29:11+00:00","mainEntityOfPage":{"@id":"https:\/\/www.bellunopress.it\/2021\/06\/13\/ferro-vetro-legno-e-ceramica-protagonisti-alla-35ma-mostra-dellartigianato-di-feltre\/"},"wordCount":384,"publisher":{"@id":"https:\/\/www.bellunopress.it\/#organization"},"image":{"@id":"https:\/\/www.bellunopress.it\/2021\/06\/13\/ferro-vetro-legno-e-ceramica-protagonisti-alla-35ma-mostra-dellartigianato-di-feltre\/#primaryimage"},"thumbnailUrl":"https:\/\/www.bellunopress.it\/wp-content\/uploads\/2017\/07\/mostra-artigianato-feltre-1.jpg","articleSection":["Arte, Cultura, Spettacoli, Scienza","Prima Pagina"],"inLanguage":"fr-FR"},{"@type":"WebPage","@id":"https:\/\/www.bellunopress.it\/2021\/06\/13\/ferro-vetro-legno-e-ceramica-protagonisti-alla-35ma-mostra-dellartigianato-di-feltre\/","url":"https:\/\/www.bellunopress.it\/2021\/06\/13\/ferro-vetro-legno-e-ceramica-protagonisti-alla-35ma-mostra-dellartigianato-di-feltre\/","name":"Ferro, vetro, legno e ceramica, protagonisti alla 35ma Mostra dell\u2019Artigianato di Feltre - Bellunopress - Dolomiti","isPartOf":{"@id":"https:\/\/www.bellunopress.it\/#website"},"primaryImageOfPage":{"@id":"https:\/\/www.bellunopress.it\/2021\/06\/13\/ferro-vetro-legno-e-ceramica-protagonisti-alla-35ma-mostra-dellartigianato-di-feltre\/#primaryimage"},"image":{"@id":"https:\/\/www.bellunopress.it\/2021\/06\/13\/ferro-vetro-legno-e-ceramica-protagonisti-alla-35ma-mostra-dellartigianato-di-feltre\/#primaryimage"},"thumbnailUrl":"https:\/\/www.bellunopress.it\/wp-content\/uploads\/2017\/07\/mostra-artigianato-feltre-1.jpg","datePublished":"2021-06-13T09:29:11+00:00","breadcrumb":{"@id":"https:\/\/www.bellunopress.it\/2021\/06\/13\/ferro-vetro-legno-e-ceramica-protagonisti-alla-35ma-mostra-dellartigianato-di-feltre\/#breadcrumb"},"inLanguage":"fr-FR","potentialAction":[{"@type":"ReadAction","target":["https:\/\/www.bellunopress.it\/2021\/06\/13\/ferro-vetro-legno-e-ceramica-protagonisti-alla-35ma-mostra-dellartigianato-di-feltre\/"]}]},{"@type":"ImageObject","inLanguage":"fr-FR","@id":"https:\/\/www.bellunopress.it\/2021\/06\/13\/ferro-vetro-legno-e-ceramica-protagonisti-alla-35ma-mostra-dellartigianato-di-feltre\/#primaryimage","url":"https:\/\/www.bellunopress.it\/wp-content\/uploads\/2017\/07\/mostra-artigianato-feltre-1.jpg","contentUrl":"https:\/\/www.bellunopress.it\/wp-content\/uploads\/2017\/07\/mostra-artigianato-feltre-1.jpg","width":233,"height":300},{"@type":"BreadcrumbList","@id":"https:\/\/www.bellunopress.it\/2021\/06\/13\/ferro-vetro-legno-e-ceramica-protagonisti-alla-35ma-mostra-dellartigianato-di-feltre\/#breadcrumb","itemListElement":[{"@type":"ListItem","position":1,"name":"Home","item":"https:\/\/www.bellunopress.it\/"},{"@type":"ListItem","position":2,"name":"Ferro, vetro, legno e ceramica, protagonisti alla 35ma Mostra dell\u2019Artigianato di Feltre"}]},{"@type":"WebSite","@id":"https:\/\/www.bellunopress.it\/#website","url":"https:\/\/www.bellunopress.it\/","name":"Bellunopress - Dolomiti","description":"e-mail: redazione@bellunopress.it","publisher":{"@id":"https:\/\/www.bellunopress.it\/#organization"},"potentialAction":[{"@type":"SearchAction","target":{"@type":"EntryPoint","urlTemplate":"https:\/\/www.bellunopress.it\/?s={search_term_string}"},"query-input":{"@type":"PropertyValueSpecification","valueRequired":true,"valueName":"search_term_string"}}],"inLanguage":"fr-FR"},{"@type":"Organization","@id":"https:\/\/www.bellunopress.it\/#organization","name":"Bellunopress","url":"https:\/\/www.bellunopress.it\/","logo":{"@type":"ImageObject","inLanguage":"fr-FR","@id":"https:\/\/www.bellunopress.it\/#\/schema\/logo\/image\/","url":"https:\/\/www.bellunopress.it\/wp-content\/uploads\/2011\/05\/cropped-logo-bellunopress-.jpg","contentUrl":"https:\/\/www.bellunopress.it\/wp-content\/uploads\/2011\/05\/cropped-logo-bellunopress-.jpg","width":512,"height":512,"caption":"Bellunopress"},"image":{"@id":"https:\/\/www.bellunopress.it\/#\/schema\/logo\/image\/"},"sameAs":["https:\/\/www.facebook.com\/profile.php?id=100008943462799","https:\/\/x.com\/bellunopress","https:\/\/www.linkedin.com\/hp\/?dnr=JBzUWaJfMUw8vbXJJ2tVW5-I3jZKvC4wsoxE&amp;amp;amp;amp;amp;amp;trk=nav_responsive_tab_home","https:\/\/www.youtube.com\/channel\/UCxL0wu1uN0_3_7hGG0306cw"]},{"@type":"Person","@id":"https:\/\/www.bellunopress.it\/#\/schema\/person\/79bb06722b37ece1c03d3e94beb30d73","name":"r\u00e9daction","image":{"@type":"ImageObject","inLanguage":"fr-FR","@id":"https:\/\/secure.gravatar.com\/avatar\/37d968a2e67a6fd04c169c4bdef102d0bc5d31b2546345219e348575eb80e9a0?s=96&d=mm&r=g","url":"https:\/\/secure.gravatar.com\/avatar\/37d968a2e67a6fd04c169c4bdef102d0bc5d31b2546345219e348575eb80e9a0?s=96&d=mm&r=g","contentUrl":"https:\/\/secure.gravatar.com\/avatar\/37d968a2e67a6fd04c169c4bdef102d0bc5d31b2546345219e348575eb80e9a0?s=96&d=mm&r=g","caption":"redazione"},"sameAs":["http:\/\/www.bellunopress.it","https:\/\/x.com\/bellunopress"],"url":"https:\/\/www.bellunopress.it\/fr\/author\/redazione\/"}]}},"_links":{"self":[{"href":"https:\/\/www.bellunopress.it\/fr\/wp-json\/wp\/v2\/posts\/125125","targetHints":{"allow":["GET"]}}],"collection":[{"href":"https:\/\/www.bellunopress.it\/fr\/wp-json\/wp\/v2\/posts"}],"about":[{"href":"https:\/\/www.bellunopress.it\/fr\/wp-json\/wp\/v2\/types\/post"}],"author":[{"embeddable":true,"href":"https:\/\/www.bellunopress.it\/fr\/wp-json\/wp\/v2\/users\/2"}],"replies":[{"embeddable":true,"href":"https:\/\/www.bellunopress.it\/fr\/wp-json\/wp\/v2\/comments?post=125125"}],"version-history":[{"count":1,"href":"https:\/\/www.bellunopress.it\/fr\/wp-json\/wp\/v2\/posts\/125125\/revisions"}],"predecessor-version":[{"id":125126,"href":"https:\/\/www.bellunopress.it\/fr\/wp-json\/wp\/v2\/posts\/125125\/revisions\/125126"}],"wp:featuredmedia":[{"embeddable":true,"href":"https:\/\/www.bellunopress.it\/fr\/wp-json\/wp\/v2\/media\/87374"}],"wp:attachment":[{"href":"https:\/\/www.bellunopress.it\/fr\/wp-json\/wp\/v2\/media?parent=125125"}],"wp:term":[{"taxonomy":"category","embeddable":true,"href":"https:\/\/www.bellunopress.it\/fr\/wp-json\/wp\/v2\/categories?post=125125"},{"taxonomy":"post_tag","embeddable":true,"href":"https:\/\/www.bellunopress.it\/fr\/wp-json\/wp\/v2\/tags?post=125125"}],"curies":[{"name":"wp","href":"https:\/\/api.w.org\/{rel}","templated":true}]}}