{"id":125052,"date":"2021-06-07T09:37:47","date_gmt":"2021-06-07T07:37:47","guid":{"rendered":"https:\/\/www.bellunopress.it\/?p=125052"},"modified":"2021-06-07T13:42:35","modified_gmt":"2021-06-07T11:42:35","slug":"cambio-al-vertice-dei-pensionati-dellappia-cna-franco-rosso-subentra-a-rodolfo-bianchi","status":"publish","type":"post","link":"https:\/\/www.bellunopress.it\/fr\/2021\/06\/07\/cambio-al-vertice-dei-pensionati-dellappia-cna-franco-rosso-subentra-a-rodolfo-bianchi\/","title":{"rendered":"Cambio al vertice dei pensionati dell&#8217;Appia Cna. Franco Rosso subentra a Rodolfo Bianchi"},"content":{"rendered":"<p><a href=\"https:\/\/www.bellunopress.it\/fr\/2011\/07\/23\/deroga-ai-limiti-della-circolazione-dei-mezzi-pesanti-a-feltre\/appia\/\" rel=\"attachment wp-att-28989\"><img loading=\"lazy\" decoding=\"async\" class=\"alignleft size-full wp-image-28989\" src=\"https:\/\/www.bellunopress.it\/wp-content\/uploads\/2011\/07\/Appia.png\" alt=\"\" width=\"180\" height=\"113\" \/><\/a>\u00c8 Franco Rosso il nuovo presidente dei pensionati dell\u2019APPIA CNA. L\u2019ex pasticcere titolare della pasticceria Saint Honor\u00e9 di Agordo subentra al presidente uscente Rodolfo Bianchi che dopo due mandati consecutivi, in totale otto anni alla guida dei pensionati, lascia l\u2019incarico.<\/p>\n<p>\u201cSono stati anni impegnativi ma che ci hanno riservato anche grosse soddisfazioni \u2013 dice Rodolfo Bianchi \u2013 anni nei quali molte sono le iniziative che abbiamo implementato con e per i nostri soci. In particolare, oltre alle numerose uscite di visita culturale e altre pi\u00f9 disimpegnate, ricordo con particolare soddisfazione l\u2019organizzazione della festa regionale dei Pensionati della CNA che abbiamo tenuto a Sedico e che ha visto la partecipazione di centinaia di persone da tutto il Veneto. \u00c8 stata da tutti molto apprezzata gratificandoci per l\u2019impegno profuso. Vorrei per\u00f2 alla fine del mio mandato, che giunge ancora in piena emergenza per l\u2019epidemia Covid-19, ricordare con grande affetto chi, in questo anno e mezzo, purtroppo ci ha lasciato. A loro e alle loro famiglie va il mio pensiero e la mia vicinanza.\u201d<\/p>\n<p>L\u2019APPIA CNA Pensionati \u00e8 una realt\u00e0 in crescita costante nel territorio bellunese che promuove la rappresentanza degli interessi degli stessi attraverso iniziative e relazioni con tutti gli attori istituzionali che a diverso titolo sono coinvolti e protagonisti delle istanze dei pensionati sul territorio.<br \/>\n\u201cRaccolgo con entusiasmo il testimone lasciato da Bianchi \u2013 interviene il neo presidente Franco Rosso \u2013 e con seriet\u00e0 e dedizione mi impegner\u00f2 per sostenere la continua crescita del nostro sodalizio, cercando di interpretare nella giusta misura le problematiche e portando le questioni della nostra collettivit\u00e0 agli interlocutori che potranno aiutarci a cogliere le opportunit\u00e0 che di volta in volta si presenteranno. Fin da subito continuer\u00f2 con i colleghi a sostenere le numerose nuove adesioni che hanno portato la nostra realt\u00e0 ad essere, per percentuale di crescita, la pi\u00f9 importante nella CNA del Veneto. Anche quest\u2019anno un centinaio di nuovi aderenti, segnale inequivocabile di come riusciamo a dare risposte alle esigenze dei pensionati e dell\u2019ottimo lavoro fatto dal mio predecessore e da tutti gli amici del direttivo.\u201d<\/p>","protected":false},"excerpt":{"rendered":"<p>\u00c8 Franco Rosso il nuovo presidente dei pensionati dell\u2019APPIA CNA. L\u2019ex pasticcere titolare della pasticceria Saint Honor\u00e9 di Agordo subentra al presidente uscente Rodolfo Bianchi che dopo due mandati consecutivi, in totale otto anni alla guida dei pensionati, lascia l\u2019incarico. \u201cSono stati anni impegnativi ma che ci hanno riservato anche grosse soddisfazioni \u2013 dice Rodolfo [&hellip;]<\/p>\n","protected":false},"author":2,"featured_media":113675,"comment_status":"closed","ping_status":"open","sticky":false,"template":"","format":"standard","meta":{"footnotes":""},"categories":[8],"tags":[],"class_list":["post-125052","post","type-post","status-publish","format-standard","has-post-thumbnail","category-societa-istituzioni"],"yoast_head":"<!-- This site is optimized with the Yoast SEO plugin v28.4 - https:\/\/yoast.com\/product\/yoast-seo-wordpress\/ -->\n<title>Cambio al vertice dei pensionati dell&#039;Appia Cna. Franco Rosso subentra a Rodolfo Bianchi - Bellunopress - Dolomiti<\/title>\n<meta name=\"robots\" content=\"index, follow, max-snippet:-1, max-image-preview:large, max-video-preview:-1\" \/>\n<link rel=\"canonical\" href=\"https:\/\/www.bellunopress.it\/fr\/2021\/06\/07\/cambio-al-vertice-dei-pensionati-dellappia-cna-franco-rosso-subentra-a-rodolfo-bianchi\/\" \/>\n<meta property=\"og:locale\" content=\"fr_FR\" \/>\n<meta property=\"og:type\" content=\"article\" \/>\n<meta property=\"og:title\" content=\"Cambio al vertice dei pensionati dell&#039;Appia Cna. Franco Rosso subentra a Rodolfo Bianchi - Bellunopress - Dolomiti\" \/>\n<meta property=\"og:description\" content=\"\u00c8 Franco Rosso il nuovo presidente dei pensionati dell\u2019APPIA CNA. L\u2019ex pasticcere titolare della pasticceria Saint Honor\u00e9 di Agordo subentra al presidente uscente Rodolfo Bianchi che dopo due mandati consecutivi, in totale otto anni alla guida dei pensionati, lascia l\u2019incarico. \u201cSono stati anni impegnativi ma che ci hanno riservato anche grosse soddisfazioni \u2013 dice Rodolfo [&hellip;]\" \/>\n<meta property=\"og:url\" content=\"https:\/\/www.bellunopress.it\/fr\/2021\/06\/07\/cambio-al-vertice-dei-pensionati-dellappia-cna-franco-rosso-subentra-a-rodolfo-bianchi\/\" \/>\n<meta property=\"og:site_name\" content=\"Bellunopress - Dolomiti\" \/>\n<meta property=\"article:publisher\" content=\"https:\/\/www.facebook.com\/profile.php?id=100008943462799\" \/>\n<meta property=\"article:published_time\" content=\"2021-06-07T07:37:47+00:00\" \/>\n<meta property=\"article:modified_time\" content=\"2021-06-07T11:42:35+00:00\" \/>\n<meta property=\"og:image\" content=\"https:\/\/www.bellunopress.it\/wp-content\/uploads\/2020\/04\/appia_edited.jpg\" \/>\n\t<meta property=\"og:image:width\" content=\"636\" \/>\n\t<meta property=\"og:image:height\" content=\"270\" \/>\n\t<meta property=\"og:image:type\" content=\"image\/jpeg\" \/>\n<meta name=\"author\" content=\"redazione\" \/>\n<meta name=\"twitter:card\" content=\"summary_large_image\" \/>\n<meta name=\"twitter:creator\" content=\"@bellunopress\" \/>\n<meta name=\"twitter:site\" content=\"@bellunopress\" \/>\n<meta name=\"twitter:label1\" content=\"\u00c9crit par\" \/>\n\t<meta name=\"twitter:data1\" content=\"redazione\" \/>\n\t<meta name=\"twitter:label2\" content=\"Dur\u00e9e de lecture estim\u00e9e\" \/>\n\t<meta name=\"twitter:data2\" content=\"2 minutes\" \/>\n<script type=\"application\/ld+json\" class=\"yoast-schema-graph\">{\"@context\":\"https:\\\/\\\/schema.org\",\"@graph\":[{\"@type\":\"Article\",\"@id\":\"https:\\\/\\\/www.bellunopress.it\\\/2021\\\/06\\\/07\\\/cambio-al-vertice-dei-pensionati-dellappia-cna-franco-rosso-subentra-a-rodolfo-bianchi\\\/#article\",\"isPartOf\":{\"@id\":\"https:\\\/\\\/www.bellunopress.it\\\/2021\\\/06\\\/07\\\/cambio-al-vertice-dei-pensionati-dellappia-cna-franco-rosso-subentra-a-rodolfo-bianchi\\\/\"},\"author\":{\"name\":\"redazione\",\"@id\":\"https:\\\/\\\/www.bellunopress.it\\\/#\\\/schema\\\/person\\\/79bb06722b37ece1c03d3e94beb30d73\"},\"headline\":\"Cambio al vertice dei pensionati dell&#8217;Appia Cna. Franco Rosso subentra a Rodolfo Bianchi\",\"datePublished\":\"2021-06-07T07:37:47+00:00\",\"dateModified\":\"2021-06-07T11:42:35+00:00\",\"mainEntityOfPage\":{\"@id\":\"https:\\\/\\\/www.bellunopress.it\\\/2021\\\/06\\\/07\\\/cambio-al-vertice-dei-pensionati-dellappia-cna-franco-rosso-subentra-a-rodolfo-bianchi\\\/\"},\"wordCount\":357,\"publisher\":{\"@id\":\"https:\\\/\\\/www.bellunopress.it\\\/#organization\"},\"image\":{\"@id\":\"https:\\\/\\\/www.bellunopress.it\\\/2021\\\/06\\\/07\\\/cambio-al-vertice-dei-pensionati-dellappia-cna-franco-rosso-subentra-a-rodolfo-bianchi\\\/#primaryimage\"},\"thumbnailUrl\":\"https:\\\/\\\/www.bellunopress.it\\\/wp-content\\\/uploads\\\/2020\\\/04\\\/appia_edited.jpg\",\"articleSection\":[\"Societ\u00e0, Associazioni, Istituzioni\"],\"inLanguage\":\"fr-FR\"},{\"@type\":\"WebPage\",\"@id\":\"https:\\\/\\\/www.bellunopress.it\\\/2021\\\/06\\\/07\\\/cambio-al-vertice-dei-pensionati-dellappia-cna-franco-rosso-subentra-a-rodolfo-bianchi\\\/\",\"url\":\"https:\\\/\\\/www.bellunopress.it\\\/2021\\\/06\\\/07\\\/cambio-al-vertice-dei-pensionati-dellappia-cna-franco-rosso-subentra-a-rodolfo-bianchi\\\/\",\"name\":\"Cambio al vertice dei pensionati dell'Appia Cna. Franco Rosso subentra a Rodolfo Bianchi - Bellunopress - Dolomiti\",\"isPartOf\":{\"@id\":\"https:\\\/\\\/www.bellunopress.it\\\/#website\"},\"primaryImageOfPage\":{\"@id\":\"https:\\\/\\\/www.bellunopress.it\\\/2021\\\/06\\\/07\\\/cambio-al-vertice-dei-pensionati-dellappia-cna-franco-rosso-subentra-a-rodolfo-bianchi\\\/#primaryimage\"},\"image\":{\"@id\":\"https:\\\/\\\/www.bellunopress.it\\\/2021\\\/06\\\/07\\\/cambio-al-vertice-dei-pensionati-dellappia-cna-franco-rosso-subentra-a-rodolfo-bianchi\\\/#primaryimage\"},\"thumbnailUrl\":\"https:\\\/\\\/www.bellunopress.it\\\/wp-content\\\/uploads\\\/2020\\\/04\\\/appia_edited.jpg\",\"datePublished\":\"2021-06-07T07:37:47+00:00\",\"dateModified\":\"2021-06-07T11:42:35+00:00\",\"breadcrumb\":{\"@id\":\"https:\\\/\\\/www.bellunopress.it\\\/2021\\\/06\\\/07\\\/cambio-al-vertice-dei-pensionati-dellappia-cna-franco-rosso-subentra-a-rodolfo-bianchi\\\/#breadcrumb\"},\"inLanguage\":\"fr-FR\",\"potentialAction\":[{\"@type\":\"ReadAction\",\"target\":[\"https:\\\/\\\/www.bellunopress.it\\\/2021\\\/06\\\/07\\\/cambio-al-vertice-dei-pensionati-dellappia-cna-franco-rosso-subentra-a-rodolfo-bianchi\\\/\"]}]},{\"@type\":\"ImageObject\",\"inLanguage\":\"fr-FR\",\"@id\":\"https:\\\/\\\/www.bellunopress.it\\\/2021\\\/06\\\/07\\\/cambio-al-vertice-dei-pensionati-dellappia-cna-franco-rosso-subentra-a-rodolfo-bianchi\\\/#primaryimage\",\"url\":\"https:\\\/\\\/www.bellunopress.it\\\/wp-content\\\/uploads\\\/2020\\\/04\\\/appia_edited.jpg\",\"contentUrl\":\"https:\\\/\\\/www.bellunopress.it\\\/wp-content\\\/uploads\\\/2020\\\/04\\\/appia_edited.jpg\",\"width\":636,\"height\":270},{\"@type\":\"BreadcrumbList\",\"@id\":\"https:\\\/\\\/www.bellunopress.it\\\/2021\\\/06\\\/07\\\/cambio-al-vertice-dei-pensionati-dellappia-cna-franco-rosso-subentra-a-rodolfo-bianchi\\\/#breadcrumb\",\"itemListElement\":[{\"@type\":\"ListItem\",\"position\":1,\"name\":\"Home\",\"item\":\"https:\\\/\\\/www.bellunopress.it\\\/\"},{\"@type\":\"ListItem\",\"position\":2,\"name\":\"Cambio al vertice dei pensionati dell&#8217;Appia Cna. Franco Rosso subentra a Rodolfo Bianchi\"}]},{\"@type\":\"WebSite\",\"@id\":\"https:\\\/\\\/www.bellunopress.it\\\/#website\",\"url\":\"https:\\\/\\\/www.bellunopress.it\\\/\",\"name\":\"Bellunopress - Dolomiti\",\"description\":\"e-mail: redazione@bellunopress.it\",\"publisher\":{\"@id\":\"https:\\\/\\\/www.bellunopress.it\\\/#organization\"},\"potentialAction\":[{\"@type\":\"SearchAction\",\"target\":{\"@type\":\"EntryPoint\",\"urlTemplate\":\"https:\\\/\\\/www.bellunopress.it\\\/?s={search_term_string}\"},\"query-input\":{\"@type\":\"PropertyValueSpecification\",\"valueRequired\":true,\"valueName\":\"search_term_string\"}}],\"inLanguage\":\"fr-FR\"},{\"@type\":\"Organization\",\"@id\":\"https:\\\/\\\/www.bellunopress.it\\\/#organization\",\"name\":\"Bellunopress\",\"url\":\"https:\\\/\\\/www.bellunopress.it\\\/\",\"logo\":{\"@type\":\"ImageObject\",\"inLanguage\":\"fr-FR\",\"@id\":\"https:\\\/\\\/www.bellunopress.it\\\/#\\\/schema\\\/logo\\\/image\\\/\",\"url\":\"https:\\\/\\\/www.bellunopress.it\\\/wp-content\\\/uploads\\\/2011\\\/05\\\/cropped-logo-bellunopress-.jpg\",\"contentUrl\":\"https:\\\/\\\/www.bellunopress.it\\\/wp-content\\\/uploads\\\/2011\\\/05\\\/cropped-logo-bellunopress-.jpg\",\"width\":512,\"height\":512,\"caption\":\"Bellunopress\"},\"image\":{\"@id\":\"https:\\\/\\\/www.bellunopress.it\\\/#\\\/schema\\\/logo\\\/image\\\/\"},\"sameAs\":[\"https:\\\/\\\/www.facebook.com\\\/profile.php?id=100008943462799\",\"https:\\\/\\\/x.com\\\/bellunopress\",\"https:\\\/\\\/www.linkedin.com\\\/hp\\\/?dnr=JBzUWaJfMUw8vbXJJ2tVW5-I3jZKvC4wsoxE&amp;amp;amp;amp;amp;amp;trk=nav_responsive_tab_home\",\"https:\\\/\\\/www.youtube.com\\\/channel\\\/UCxL0wu1uN0_3_7hGG0306cw\"]},{\"@type\":\"Person\",\"@id\":\"https:\\\/\\\/www.bellunopress.it\\\/#\\\/schema\\\/person\\\/79bb06722b37ece1c03d3e94beb30d73\",\"name\":\"redazione\",\"image\":{\"@type\":\"ImageObject\",\"inLanguage\":\"fr-FR\",\"@id\":\"https:\\\/\\\/secure.gravatar.com\\\/avatar\\\/37d968a2e67a6fd04c169c4bdef102d0bc5d31b2546345219e348575eb80e9a0?s=96&d=mm&r=g\",\"url\":\"https:\\\/\\\/secure.gravatar.com\\\/avatar\\\/37d968a2e67a6fd04c169c4bdef102d0bc5d31b2546345219e348575eb80e9a0?s=96&d=mm&r=g\",\"contentUrl\":\"https:\\\/\\\/secure.gravatar.com\\\/avatar\\\/37d968a2e67a6fd04c169c4bdef102d0bc5d31b2546345219e348575eb80e9a0?s=96&d=mm&r=g\",\"caption\":\"redazione\"},\"sameAs\":[\"http:\\\/\\\/www.bellunopress.it\",\"https:\\\/\\\/x.com\\\/bellunopress\"],\"url\":\"https:\\\/\\\/www.bellunopress.it\\\/fr\\\/author\\\/redazione\\\/\"}]}<\/script>\n<!-- \/ Yoast SEO plugin. -->","yoast_head_json":{"title":"Cambio al vertice dei pensionati dell'Appia Cna. Franco Rosso subentra a Rodolfo Bianchi - Bellunopress - Dolomiti","robots":{"index":"index","follow":"follow","max-snippet":"max-snippet:-1","max-image-preview":"max-image-preview:large","max-video-preview":"max-video-preview:-1"},"canonical":"https:\/\/www.bellunopress.it\/fr\/2021\/06\/07\/cambio-al-vertice-dei-pensionati-dellappia-cna-franco-rosso-subentra-a-rodolfo-bianchi\/","og_locale":"fr_FR","og_type":"article","og_title":"Cambio al vertice dei pensionati dell'Appia Cna. Franco Rosso subentra a Rodolfo Bianchi - Bellunopress - Dolomiti","og_description":"\u00c8 Franco Rosso il nuovo presidente dei pensionati dell\u2019APPIA CNA. L\u2019ex pasticcere titolare della pasticceria Saint Honor\u00e9 di Agordo subentra al presidente uscente Rodolfo Bianchi che dopo due mandati consecutivi, in totale otto anni alla guida dei pensionati, lascia l\u2019incarico. \u201cSono stati anni impegnativi ma che ci hanno riservato anche grosse soddisfazioni \u2013 dice Rodolfo [&hellip;]","og_url":"https:\/\/www.bellunopress.it\/fr\/2021\/06\/07\/cambio-al-vertice-dei-pensionati-dellappia-cna-franco-rosso-subentra-a-rodolfo-bianchi\/","og_site_name":"Bellunopress - Dolomiti","article_publisher":"https:\/\/www.facebook.com\/profile.php?id=100008943462799","article_published_time":"2021-06-07T07:37:47+00:00","article_modified_time":"2021-06-07T11:42:35+00:00","og_image":[{"width":636,"height":270,"url":"https:\/\/www.bellunopress.it\/wp-content\/uploads\/2020\/04\/appia_edited.jpg","type":"image\/jpeg"}],"author":"redazione","twitter_card":"summary_large_image","twitter_creator":"@bellunopress","twitter_site":"@bellunopress","twitter_misc":{"\u00c9crit par":"redazione","Dur\u00e9e de lecture estim\u00e9e":"2 minutes"},"schema":{"@context":"https:\/\/schema.org","@graph":[{"@type":"Article","@id":"https:\/\/www.bellunopress.it\/2021\/06\/07\/cambio-al-vertice-dei-pensionati-dellappia-cna-franco-rosso-subentra-a-rodolfo-bianchi\/#article","isPartOf":{"@id":"https:\/\/www.bellunopress.it\/2021\/06\/07\/cambio-al-vertice-dei-pensionati-dellappia-cna-franco-rosso-subentra-a-rodolfo-bianchi\/"},"author":{"name":"redazione","@id":"https:\/\/www.bellunopress.it\/#\/schema\/person\/79bb06722b37ece1c03d3e94beb30d73"},"headline":"Cambio al vertice dei pensionati dell&#8217;Appia Cna. Franco Rosso subentra a Rodolfo Bianchi","datePublished":"2021-06-07T07:37:47+00:00","dateModified":"2021-06-07T11:42:35+00:00","mainEntityOfPage":{"@id":"https:\/\/www.bellunopress.it\/2021\/06\/07\/cambio-al-vertice-dei-pensionati-dellappia-cna-franco-rosso-subentra-a-rodolfo-bianchi\/"},"wordCount":357,"publisher":{"@id":"https:\/\/www.bellunopress.it\/#organization"},"image":{"@id":"https:\/\/www.bellunopress.it\/2021\/06\/07\/cambio-al-vertice-dei-pensionati-dellappia-cna-franco-rosso-subentra-a-rodolfo-bianchi\/#primaryimage"},"thumbnailUrl":"https:\/\/www.bellunopress.it\/wp-content\/uploads\/2020\/04\/appia_edited.jpg","articleSection":["Societ\u00e0, Associazioni, Istituzioni"],"inLanguage":"fr-FR"},{"@type":"WebPage","@id":"https:\/\/www.bellunopress.it\/2021\/06\/07\/cambio-al-vertice-dei-pensionati-dellappia-cna-franco-rosso-subentra-a-rodolfo-bianchi\/","url":"https:\/\/www.bellunopress.it\/2021\/06\/07\/cambio-al-vertice-dei-pensionati-dellappia-cna-franco-rosso-subentra-a-rodolfo-bianchi\/","name":"Cambio al vertice dei pensionati dell'Appia Cna. Franco Rosso subentra a Rodolfo Bianchi - Bellunopress - Dolomiti","isPartOf":{"@id":"https:\/\/www.bellunopress.it\/#website"},"primaryImageOfPage":{"@id":"https:\/\/www.bellunopress.it\/2021\/06\/07\/cambio-al-vertice-dei-pensionati-dellappia-cna-franco-rosso-subentra-a-rodolfo-bianchi\/#primaryimage"},"image":{"@id":"https:\/\/www.bellunopress.it\/2021\/06\/07\/cambio-al-vertice-dei-pensionati-dellappia-cna-franco-rosso-subentra-a-rodolfo-bianchi\/#primaryimage"},"thumbnailUrl":"https:\/\/www.bellunopress.it\/wp-content\/uploads\/2020\/04\/appia_edited.jpg","datePublished":"2021-06-07T07:37:47+00:00","dateModified":"2021-06-07T11:42:35+00:00","breadcrumb":{"@id":"https:\/\/www.bellunopress.it\/2021\/06\/07\/cambio-al-vertice-dei-pensionati-dellappia-cna-franco-rosso-subentra-a-rodolfo-bianchi\/#breadcrumb"},"inLanguage":"fr-FR","potentialAction":[{"@type":"ReadAction","target":["https:\/\/www.bellunopress.it\/2021\/06\/07\/cambio-al-vertice-dei-pensionati-dellappia-cna-franco-rosso-subentra-a-rodolfo-bianchi\/"]}]},{"@type":"ImageObject","inLanguage":"fr-FR","@id":"https:\/\/www.bellunopress.it\/2021\/06\/07\/cambio-al-vertice-dei-pensionati-dellappia-cna-franco-rosso-subentra-a-rodolfo-bianchi\/#primaryimage","url":"https:\/\/www.bellunopress.it\/wp-content\/uploads\/2020\/04\/appia_edited.jpg","contentUrl":"https:\/\/www.bellunopress.it\/wp-content\/uploads\/2020\/04\/appia_edited.jpg","width":636,"height":270},{"@type":"BreadcrumbList","@id":"https:\/\/www.bellunopress.it\/2021\/06\/07\/cambio-al-vertice-dei-pensionati-dellappia-cna-franco-rosso-subentra-a-rodolfo-bianchi\/#breadcrumb","itemListElement":[{"@type":"ListItem","position":1,"name":"Home","item":"https:\/\/www.bellunopress.it\/"},{"@type":"ListItem","position":2,"name":"Cambio al vertice dei pensionati dell&#8217;Appia Cna. Franco Rosso subentra a Rodolfo Bianchi"}]},{"@type":"WebSite","@id":"https:\/\/www.bellunopress.it\/#website","url":"https:\/\/www.bellunopress.it\/","name":"Bellunopress - Dolomiti","description":"e-mail: redazione@bellunopress.it","publisher":{"@id":"https:\/\/www.bellunopress.it\/#organization"},"potentialAction":[{"@type":"SearchAction","target":{"@type":"EntryPoint","urlTemplate":"https:\/\/www.bellunopress.it\/?s={search_term_string}"},"query-input":{"@type":"PropertyValueSpecification","valueRequired":true,"valueName":"search_term_string"}}],"inLanguage":"fr-FR"},{"@type":"Organization","@id":"https:\/\/www.bellunopress.it\/#organization","name":"Bellunopress","url":"https:\/\/www.bellunopress.it\/","logo":{"@type":"ImageObject","inLanguage":"fr-FR","@id":"https:\/\/www.bellunopress.it\/#\/schema\/logo\/image\/","url":"https:\/\/www.bellunopress.it\/wp-content\/uploads\/2011\/05\/cropped-logo-bellunopress-.jpg","contentUrl":"https:\/\/www.bellunopress.it\/wp-content\/uploads\/2011\/05\/cropped-logo-bellunopress-.jpg","width":512,"height":512,"caption":"Bellunopress"},"image":{"@id":"https:\/\/www.bellunopress.it\/#\/schema\/logo\/image\/"},"sameAs":["https:\/\/www.facebook.com\/profile.php?id=100008943462799","https:\/\/x.com\/bellunopress","https:\/\/www.linkedin.com\/hp\/?dnr=JBzUWaJfMUw8vbXJJ2tVW5-I3jZKvC4wsoxE&amp;amp;amp;amp;amp;amp;trk=nav_responsive_tab_home","https:\/\/www.youtube.com\/channel\/UCxL0wu1uN0_3_7hGG0306cw"]},{"@type":"Person","@id":"https:\/\/www.bellunopress.it\/#\/schema\/person\/79bb06722b37ece1c03d3e94beb30d73","name":"r\u00e9daction","image":{"@type":"ImageObject","inLanguage":"fr-FR","@id":"https:\/\/secure.gravatar.com\/avatar\/37d968a2e67a6fd04c169c4bdef102d0bc5d31b2546345219e348575eb80e9a0?s=96&d=mm&r=g","url":"https:\/\/secure.gravatar.com\/avatar\/37d968a2e67a6fd04c169c4bdef102d0bc5d31b2546345219e348575eb80e9a0?s=96&d=mm&r=g","contentUrl":"https:\/\/secure.gravatar.com\/avatar\/37d968a2e67a6fd04c169c4bdef102d0bc5d31b2546345219e348575eb80e9a0?s=96&d=mm&r=g","caption":"redazione"},"sameAs":["http:\/\/www.bellunopress.it","https:\/\/x.com\/bellunopress"],"url":"https:\/\/www.bellunopress.it\/fr\/author\/redazione\/"}]}},"_links":{"self":[{"href":"https:\/\/www.bellunopress.it\/fr\/wp-json\/wp\/v2\/posts\/125052","targetHints":{"allow":["GET"]}}],"collection":[{"href":"https:\/\/www.bellunopress.it\/fr\/wp-json\/wp\/v2\/posts"}],"about":[{"href":"https:\/\/www.bellunopress.it\/fr\/wp-json\/wp\/v2\/types\/post"}],"author":[{"embeddable":true,"href":"https:\/\/www.bellunopress.it\/fr\/wp-json\/wp\/v2\/users\/2"}],"replies":[{"embeddable":true,"href":"https:\/\/www.bellunopress.it\/fr\/wp-json\/wp\/v2\/comments?post=125052"}],"version-history":[{"count":1,"href":"https:\/\/www.bellunopress.it\/fr\/wp-json\/wp\/v2\/posts\/125052\/revisions"}],"predecessor-version":[{"id":125053,"href":"https:\/\/www.bellunopress.it\/fr\/wp-json\/wp\/v2\/posts\/125052\/revisions\/125053"}],"wp:featuredmedia":[{"embeddable":true,"href":"https:\/\/www.bellunopress.it\/fr\/wp-json\/wp\/v2\/media\/113675"}],"wp:attachment":[{"href":"https:\/\/www.bellunopress.it\/fr\/wp-json\/wp\/v2\/media?parent=125052"}],"wp:term":[{"taxonomy":"category","embeddable":true,"href":"https:\/\/www.bellunopress.it\/fr\/wp-json\/wp\/v2\/categories?post=125052"},{"taxonomy":"post_tag","embeddable":true,"href":"https:\/\/www.bellunopress.it\/fr\/wp-json\/wp\/v2\/tags?post=125052"}],"curies":[{"name":"wp","href":"https:\/\/api.w.org\/{rel}","templated":true}]}}