{"id":125043,"date":"2021-06-07T11:36:10","date_gmt":"2021-06-07T09:36:10","guid":{"rendered":"https:\/\/www.bellunopress.it\/?p=125043"},"modified":"2021-06-07T11:36:10","modified_gmt":"2021-06-07T09:36:10","slug":"compie-9-anni-il-numero-verde-psicologico-800334343-della-regione-veneto-assistite-12-620-persone-3-750-da-marzo-2020-per-il-covid","status":"publish","type":"post","link":"https:\/\/www.bellunopress.it\/fr\/2021\/06\/07\/compie-9-anni-il-numero-verde-psicologico-800334343-della-regione-veneto-assistite-12-620-persone-3-750-da-marzo-2020-per-il-covid\/","title":{"rendered":"Compie 9 anni il numero verde psicologico 800334343 della Regione Veneto. Assistite 12.620 persone, 3.750 da marzo 2020 per il Covid"},"content":{"rendered":"<figure id=\"attachment_107382\" aria-describedby=\"caption-attachment-107382\" style=\"width: 241px\" class=\"wp-caption alignleft\"><a href=\"https:\/\/www.bellunopress.it\/fr\/2019\/08\/27\/edilizia-popolare-zaia-14mila-famiglie-in-stato-di-bisogno-attendono-casa\/luca-zaia-4\/\" rel=\"attachment wp-att-107382\"><img loading=\"lazy\" decoding=\"async\" class=\"size-full wp-image-107382\" src=\"https:\/\/www.bellunopress.it\/wp-content\/uploads\/2019\/08\/Luca-Zaia.jpg\" alt=\"\" width=\"241\" height=\"300\" \/><\/a><figcaption id=\"caption-attachment-107382\" class=\"wp-caption-text\">Luca Zaia &#8211; Presidente della Regione del Veneto<\/figcaption><\/figure>\n<p>Venezia, 7 giugno 2021 &#8211;\u00a0Compie in questi giorni 9 anni (la prima telefonata con richiesta di aiuto avvenne il 12 Giugno 2012) il Numero Verde 800334343, il Servizio Psicologico \u201cinOltre\u201d, attivato su input diretto del Presidente della Regione Veneto, Luca Zaia, per dare sostegno agli Imprenditori Veneti che affrontavano le difficolt\u00e0 della crisi economica. Con il passare del tempo, il servizio \u00e8 cresciuto e si \u00e8 dedicato a tutte le persone in difficolt\u00e0, con gli Psicologi della Regione sempre reperibili al telefono H24 7 giorni su 7. Da allora sono stati gestiti 12.620 colloqui psicologici telefonici, e accompagnati con percorsi dedicati di presa in carico da parte della sanit\u00e0 regionale, e con interventi personalizzati 883 cittadini.<\/p>\n<p>\u201cDa marzo 2020 \u2013 ricorda Zaia \u2013 l\u2019800334343 \u00e8 stato \u2018IL Servizio Psicologico per il Covid-19\u2019 per la Comunit\u00e0 Veneta\u2019. Gli psicologi di InOltre e la dottoressa Emilia Laugelli che li dirige sono stati un punto di riferimento in uno dei periodi pi\u00f9 difficili della nostra storia e hanno assistito 3.780 persone che avevano paura del virus, che temevano per il loro futuro lavorativo, che faticavano a reggere il peso di lunghi periodi di divieti e chiusure e di una vita quotidiana stravolta anche negli aspetti pi\u00f9 semplici. Cos\u00ec come negli altri 12.620 casi gestiti dalla sua nascita si pu\u00f2 dire che, con InOltre, siamo riusciti anche a salvare delle vite o, comunque, ad aiutare migliaia di persone a ritrovare un loro equilibrio. Festeggiare il compleanno di un servizio salvavita come questo \u00e8 davvero emozionante\u201d.<\/p>\n<p>Il servizio inOltre \u00e8 uno snodo della rete dei servizi sociosanitari e si relaziona con tutti i servizi utili alle persone in difficolt\u00e0: ad esempio i servizi sociali dei Comuni, le Caritas e le associazioni di categorie, ed interviene con efficacia, accompagnando il paziente anche con interventi di mediazione.<br \/>\nGli utenti che si sono rivolti all\u2019800334343 in questi nove anni sono stati per il 42% maschi, per il 58% femmine. Interessante la suddivisione per fasce d\u2019et\u00e0: il 16% di chi ha chiamato aveva fra i 14 e 30 anni; il 34% fra i 31 e i 50; il 33% fra i 51 e i 70; il 16% delle chiamate sono di persone che hanno pi\u00f9 di 71 anni.<\/p>\n<p>&nbsp;<\/p>","protected":false},"excerpt":{"rendered":"<p>Venezia, 7 giugno 2021 &#8211;\u00a0Compie in questi giorni 9 anni (la prima telefonata con richiesta di aiuto avvenne il 12 Giugno 2012) il Numero Verde 800334343, il Servizio Psicologico \u201cinOltre\u201d, attivato su input diretto del Presidente della Regione Veneto, Luca Zaia, per dare sostegno agli Imprenditori Veneti che affrontavano le difficolt\u00e0 della crisi economica. Con [&hellip;]<\/p>\n","protected":false},"author":2,"featured_media":118596,"comment_status":"closed","ping_status":"open","sticky":false,"template":"","format":"standard","meta":{"footnotes":""},"categories":[5,26,17],"tags":[],"class_list":["post-125043","post","type-post","status-publish","format-standard","has-post-thumbnail","category-cronaca","category-prima-pagina","category-sanita"],"yoast_head":"<!-- This site is optimized with the Yoast SEO plugin v28.4 - https:\/\/yoast.com\/product\/yoast-seo-wordpress\/ -->\n<title>Compie 9 anni il numero verde psicologico 800334343 della Regione Veneto. Assistite 12.620 persone, 3.750 da marzo 2020 per il Covid - Bellunopress - Dolomiti<\/title>\n<meta name=\"robots\" content=\"index, follow, max-snippet:-1, max-image-preview:large, max-video-preview:-1\" \/>\n<link rel=\"canonical\" href=\"https:\/\/www.bellunopress.it\/fr\/2021\/06\/07\/compie-9-anni-il-numero-verde-psicologico-800334343-della-regione-veneto-assistite-12-620-persone-3-750-da-marzo-2020-per-il-covid\/\" \/>\n<meta property=\"og:locale\" content=\"fr_FR\" \/>\n<meta property=\"og:type\" content=\"article\" \/>\n<meta property=\"og:title\" content=\"Compie 9 anni il numero verde psicologico 800334343 della Regione Veneto. Assistite 12.620 persone, 3.750 da marzo 2020 per il Covid - Bellunopress - Dolomiti\" \/>\n<meta property=\"og:description\" content=\"Venezia, 7 giugno 2021 &#8211;\u00a0Compie in questi giorni 9 anni (la prima telefonata con richiesta di aiuto avvenne il 12 Giugno 2012) il Numero Verde 800334343, il Servizio Psicologico \u201cinOltre\u201d, attivato su input diretto del Presidente della Regione Veneto, Luca Zaia, per dare sostegno agli Imprenditori Veneti che affrontavano le difficolt\u00e0 della crisi economica. Con [&hellip;]\" \/>\n<meta property=\"og:url\" content=\"https:\/\/www.bellunopress.it\/fr\/2021\/06\/07\/compie-9-anni-il-numero-verde-psicologico-800334343-della-regione-veneto-assistite-12-620-persone-3-750-da-marzo-2020-per-il-covid\/\" \/>\n<meta property=\"og:site_name\" content=\"Bellunopress - Dolomiti\" \/>\n<meta property=\"article:publisher\" content=\"https:\/\/www.facebook.com\/profile.php?id=100008943462799\" \/>\n<meta property=\"article:published_time\" content=\"2021-06-07T09:36:10+00:00\" \/>\n<meta property=\"og:image\" content=\"https:\/\/www.bellunopress.it\/wp-content\/uploads\/2020\/10\/Luca-Zaia_edited.jpg\" \/>\n\t<meta property=\"og:image:width\" content=\"800\" \/>\n\t<meta property=\"og:image:height\" content=\"800\" \/>\n\t<meta property=\"og:image:type\" content=\"image\/jpeg\" \/>\n<meta name=\"author\" content=\"redazione\" \/>\n<meta name=\"twitter:card\" content=\"summary_large_image\" \/>\n<meta name=\"twitter:creator\" content=\"@bellunopress\" \/>\n<meta name=\"twitter:site\" content=\"@bellunopress\" \/>\n<meta name=\"twitter:label1\" content=\"\u00c9crit par\" \/>\n\t<meta name=\"twitter:data1\" content=\"redazione\" \/>\n\t<meta name=\"twitter:label2\" content=\"Dur\u00e9e de lecture estim\u00e9e\" \/>\n\t<meta name=\"twitter:data2\" content=\"2 minutes\" \/>\n<script type=\"application\/ld+json\" class=\"yoast-schema-graph\">{\"@context\":\"https:\\\/\\\/schema.org\",\"@graph\":[{\"@type\":\"Article\",\"@id\":\"https:\\\/\\\/www.bellunopress.it\\\/2021\\\/06\\\/07\\\/compie-9-anni-il-numero-verde-psicologico-800334343-della-regione-veneto-assistite-12-620-persone-3-750-da-marzo-2020-per-il-covid\\\/#article\",\"isPartOf\":{\"@id\":\"https:\\\/\\\/www.bellunopress.it\\\/2021\\\/06\\\/07\\\/compie-9-anni-il-numero-verde-psicologico-800334343-della-regione-veneto-assistite-12-620-persone-3-750-da-marzo-2020-per-il-covid\\\/\"},\"author\":{\"name\":\"redazione\",\"@id\":\"https:\\\/\\\/www.bellunopress.it\\\/#\\\/schema\\\/person\\\/79bb06722b37ece1c03d3e94beb30d73\"},\"headline\":\"Compie 9 anni il numero verde psicologico 800334343 della Regione Veneto. Assistite 12.620 persone, 3.750 da marzo 2020 per il Covid\",\"datePublished\":\"2021-06-07T09:36:10+00:00\",\"mainEntityOfPage\":{\"@id\":\"https:\\\/\\\/www.bellunopress.it\\\/2021\\\/06\\\/07\\\/compie-9-anni-il-numero-verde-psicologico-800334343-della-regione-veneto-assistite-12-620-persone-3-750-da-marzo-2020-per-il-covid\\\/\"},\"wordCount\":370,\"publisher\":{\"@id\":\"https:\\\/\\\/www.bellunopress.it\\\/#organization\"},\"image\":{\"@id\":\"https:\\\/\\\/www.bellunopress.it\\\/2021\\\/06\\\/07\\\/compie-9-anni-il-numero-verde-psicologico-800334343-della-regione-veneto-assistite-12-620-persone-3-750-da-marzo-2020-per-il-covid\\\/#primaryimage\"},\"thumbnailUrl\":\"https:\\\/\\\/www.bellunopress.it\\\/wp-content\\\/uploads\\\/2020\\\/10\\\/Luca-Zaia_edited.jpg\",\"articleSection\":[\"Cronaca\\\/Politica\",\"Prima Pagina\",\"Sanit\u00e0 Medicina\"],\"inLanguage\":\"fr-FR\"},{\"@type\":\"WebPage\",\"@id\":\"https:\\\/\\\/www.bellunopress.it\\\/2021\\\/06\\\/07\\\/compie-9-anni-il-numero-verde-psicologico-800334343-della-regione-veneto-assistite-12-620-persone-3-750-da-marzo-2020-per-il-covid\\\/\",\"url\":\"https:\\\/\\\/www.bellunopress.it\\\/2021\\\/06\\\/07\\\/compie-9-anni-il-numero-verde-psicologico-800334343-della-regione-veneto-assistite-12-620-persone-3-750-da-marzo-2020-per-il-covid\\\/\",\"name\":\"Compie 9 anni il numero verde psicologico 800334343 della Regione Veneto. Assistite 12.620 persone, 3.750 da marzo 2020 per il Covid - Bellunopress - Dolomiti\",\"isPartOf\":{\"@id\":\"https:\\\/\\\/www.bellunopress.it\\\/#website\"},\"primaryImageOfPage\":{\"@id\":\"https:\\\/\\\/www.bellunopress.it\\\/2021\\\/06\\\/07\\\/compie-9-anni-il-numero-verde-psicologico-800334343-della-regione-veneto-assistite-12-620-persone-3-750-da-marzo-2020-per-il-covid\\\/#primaryimage\"},\"image\":{\"@id\":\"https:\\\/\\\/www.bellunopress.it\\\/2021\\\/06\\\/07\\\/compie-9-anni-il-numero-verde-psicologico-800334343-della-regione-veneto-assistite-12-620-persone-3-750-da-marzo-2020-per-il-covid\\\/#primaryimage\"},\"thumbnailUrl\":\"https:\\\/\\\/www.bellunopress.it\\\/wp-content\\\/uploads\\\/2020\\\/10\\\/Luca-Zaia_edited.jpg\",\"datePublished\":\"2021-06-07T09:36:10+00:00\",\"breadcrumb\":{\"@id\":\"https:\\\/\\\/www.bellunopress.it\\\/2021\\\/06\\\/07\\\/compie-9-anni-il-numero-verde-psicologico-800334343-della-regione-veneto-assistite-12-620-persone-3-750-da-marzo-2020-per-il-covid\\\/#breadcrumb\"},\"inLanguage\":\"fr-FR\",\"potentialAction\":[{\"@type\":\"ReadAction\",\"target\":[\"https:\\\/\\\/www.bellunopress.it\\\/2021\\\/06\\\/07\\\/compie-9-anni-il-numero-verde-psicologico-800334343-della-regione-veneto-assistite-12-620-persone-3-750-da-marzo-2020-per-il-covid\\\/\"]}]},{\"@type\":\"ImageObject\",\"inLanguage\":\"fr-FR\",\"@id\":\"https:\\\/\\\/www.bellunopress.it\\\/2021\\\/06\\\/07\\\/compie-9-anni-il-numero-verde-psicologico-800334343-della-regione-veneto-assistite-12-620-persone-3-750-da-marzo-2020-per-il-covid\\\/#primaryimage\",\"url\":\"https:\\\/\\\/www.bellunopress.it\\\/wp-content\\\/uploads\\\/2020\\\/10\\\/Luca-Zaia_edited.jpg\",\"contentUrl\":\"https:\\\/\\\/www.bellunopress.it\\\/wp-content\\\/uploads\\\/2020\\\/10\\\/Luca-Zaia_edited.jpg\",\"width\":800,\"height\":800,\"caption\":\"Luca Zaia, presidente della Regione del Veneto\"},{\"@type\":\"BreadcrumbList\",\"@id\":\"https:\\\/\\\/www.bellunopress.it\\\/2021\\\/06\\\/07\\\/compie-9-anni-il-numero-verde-psicologico-800334343-della-regione-veneto-assistite-12-620-persone-3-750-da-marzo-2020-per-il-covid\\\/#breadcrumb\",\"itemListElement\":[{\"@type\":\"ListItem\",\"position\":1,\"name\":\"Home\",\"item\":\"https:\\\/\\\/www.bellunopress.it\\\/\"},{\"@type\":\"ListItem\",\"position\":2,\"name\":\"Compie 9 anni il numero verde psicologico 800334343 della Regione Veneto. Assistite 12.620 persone, 3.750 da marzo 2020 per il Covid\"}]},{\"@type\":\"WebSite\",\"@id\":\"https:\\\/\\\/www.bellunopress.it\\\/#website\",\"url\":\"https:\\\/\\\/www.bellunopress.it\\\/\",\"name\":\"Bellunopress - Dolomiti\",\"description\":\"e-mail: redazione@bellunopress.it\",\"publisher\":{\"@id\":\"https:\\\/\\\/www.bellunopress.it\\\/#organization\"},\"potentialAction\":[{\"@type\":\"SearchAction\",\"target\":{\"@type\":\"EntryPoint\",\"urlTemplate\":\"https:\\\/\\\/www.bellunopress.it\\\/?s={search_term_string}\"},\"query-input\":{\"@type\":\"PropertyValueSpecification\",\"valueRequired\":true,\"valueName\":\"search_term_string\"}}],\"inLanguage\":\"fr-FR\"},{\"@type\":\"Organization\",\"@id\":\"https:\\\/\\\/www.bellunopress.it\\\/#organization\",\"name\":\"Bellunopress\",\"url\":\"https:\\\/\\\/www.bellunopress.it\\\/\",\"logo\":{\"@type\":\"ImageObject\",\"inLanguage\":\"fr-FR\",\"@id\":\"https:\\\/\\\/www.bellunopress.it\\\/#\\\/schema\\\/logo\\\/image\\\/\",\"url\":\"https:\\\/\\\/www.bellunopress.it\\\/wp-content\\\/uploads\\\/2011\\\/05\\\/cropped-logo-bellunopress-.jpg\",\"contentUrl\":\"https:\\\/\\\/www.bellunopress.it\\\/wp-content\\\/uploads\\\/2011\\\/05\\\/cropped-logo-bellunopress-.jpg\",\"width\":512,\"height\":512,\"caption\":\"Bellunopress\"},\"image\":{\"@id\":\"https:\\\/\\\/www.bellunopress.it\\\/#\\\/schema\\\/logo\\\/image\\\/\"},\"sameAs\":[\"https:\\\/\\\/www.facebook.com\\\/profile.php?id=100008943462799\",\"https:\\\/\\\/x.com\\\/bellunopress\",\"https:\\\/\\\/www.linkedin.com\\\/hp\\\/?dnr=JBzUWaJfMUw8vbXJJ2tVW5-I3jZKvC4wsoxE&amp;amp;amp;amp;amp;amp;trk=nav_responsive_tab_home\",\"https:\\\/\\\/www.youtube.com\\\/channel\\\/UCxL0wu1uN0_3_7hGG0306cw\"]},{\"@type\":\"Person\",\"@id\":\"https:\\\/\\\/www.bellunopress.it\\\/#\\\/schema\\\/person\\\/79bb06722b37ece1c03d3e94beb30d73\",\"name\":\"redazione\",\"image\":{\"@type\":\"ImageObject\",\"inLanguage\":\"fr-FR\",\"@id\":\"https:\\\/\\\/secure.gravatar.com\\\/avatar\\\/37d968a2e67a6fd04c169c4bdef102d0bc5d31b2546345219e348575eb80e9a0?s=96&d=mm&r=g\",\"url\":\"https:\\\/\\\/secure.gravatar.com\\\/avatar\\\/37d968a2e67a6fd04c169c4bdef102d0bc5d31b2546345219e348575eb80e9a0?s=96&d=mm&r=g\",\"contentUrl\":\"https:\\\/\\\/secure.gravatar.com\\\/avatar\\\/37d968a2e67a6fd04c169c4bdef102d0bc5d31b2546345219e348575eb80e9a0?s=96&d=mm&r=g\",\"caption\":\"redazione\"},\"sameAs\":[\"http:\\\/\\\/www.bellunopress.it\",\"https:\\\/\\\/x.com\\\/bellunopress\"],\"url\":\"https:\\\/\\\/www.bellunopress.it\\\/fr\\\/author\\\/redazione\\\/\"}]}<\/script>\n<!-- \/ Yoast SEO plugin. -->","yoast_head_json":{"title":"Compie 9 anni il numero verde psicologico 800334343 della Regione Veneto. Assistite 12.620 persone, 3.750 da marzo 2020 per il Covid - Bellunopress - Dolomiti","robots":{"index":"index","follow":"follow","max-snippet":"max-snippet:-1","max-image-preview":"max-image-preview:large","max-video-preview":"max-video-preview:-1"},"canonical":"https:\/\/www.bellunopress.it\/fr\/2021\/06\/07\/compie-9-anni-il-numero-verde-psicologico-800334343-della-regione-veneto-assistite-12-620-persone-3-750-da-marzo-2020-per-il-covid\/","og_locale":"fr_FR","og_type":"article","og_title":"Compie 9 anni il numero verde psicologico 800334343 della Regione Veneto. Assistite 12.620 persone, 3.750 da marzo 2020 per il Covid - Bellunopress - Dolomiti","og_description":"Venezia, 7 giugno 2021 &#8211;\u00a0Compie in questi giorni 9 anni (la prima telefonata con richiesta di aiuto avvenne il 12 Giugno 2012) il Numero Verde 800334343, il Servizio Psicologico \u201cinOltre\u201d, attivato su input diretto del Presidente della Regione Veneto, Luca Zaia, per dare sostegno agli Imprenditori Veneti che affrontavano le difficolt\u00e0 della crisi economica. Con [&hellip;]","og_url":"https:\/\/www.bellunopress.it\/fr\/2021\/06\/07\/compie-9-anni-il-numero-verde-psicologico-800334343-della-regione-veneto-assistite-12-620-persone-3-750-da-marzo-2020-per-il-covid\/","og_site_name":"Bellunopress - Dolomiti","article_publisher":"https:\/\/www.facebook.com\/profile.php?id=100008943462799","article_published_time":"2021-06-07T09:36:10+00:00","og_image":[{"width":800,"height":800,"url":"https:\/\/www.bellunopress.it\/wp-content\/uploads\/2020\/10\/Luca-Zaia_edited.jpg","type":"image\/jpeg"}],"author":"redazione","twitter_card":"summary_large_image","twitter_creator":"@bellunopress","twitter_site":"@bellunopress","twitter_misc":{"\u00c9crit par":"redazione","Dur\u00e9e de lecture estim\u00e9e":"2 minutes"},"schema":{"@context":"https:\/\/schema.org","@graph":[{"@type":"Article","@id":"https:\/\/www.bellunopress.it\/2021\/06\/07\/compie-9-anni-il-numero-verde-psicologico-800334343-della-regione-veneto-assistite-12-620-persone-3-750-da-marzo-2020-per-il-covid\/#article","isPartOf":{"@id":"https:\/\/www.bellunopress.it\/2021\/06\/07\/compie-9-anni-il-numero-verde-psicologico-800334343-della-regione-veneto-assistite-12-620-persone-3-750-da-marzo-2020-per-il-covid\/"},"author":{"name":"redazione","@id":"https:\/\/www.bellunopress.it\/#\/schema\/person\/79bb06722b37ece1c03d3e94beb30d73"},"headline":"Compie 9 anni il numero verde psicologico 800334343 della Regione Veneto. Assistite 12.620 persone, 3.750 da marzo 2020 per il Covid","datePublished":"2021-06-07T09:36:10+00:00","mainEntityOfPage":{"@id":"https:\/\/www.bellunopress.it\/2021\/06\/07\/compie-9-anni-il-numero-verde-psicologico-800334343-della-regione-veneto-assistite-12-620-persone-3-750-da-marzo-2020-per-il-covid\/"},"wordCount":370,"publisher":{"@id":"https:\/\/www.bellunopress.it\/#organization"},"image":{"@id":"https:\/\/www.bellunopress.it\/2021\/06\/07\/compie-9-anni-il-numero-verde-psicologico-800334343-della-regione-veneto-assistite-12-620-persone-3-750-da-marzo-2020-per-il-covid\/#primaryimage"},"thumbnailUrl":"https:\/\/www.bellunopress.it\/wp-content\/uploads\/2020\/10\/Luca-Zaia_edited.jpg","articleSection":["Cronaca\/Politica","Prima Pagina","Sanit\u00e0 Medicina"],"inLanguage":"fr-FR"},{"@type":"WebPage","@id":"https:\/\/www.bellunopress.it\/2021\/06\/07\/compie-9-anni-il-numero-verde-psicologico-800334343-della-regione-veneto-assistite-12-620-persone-3-750-da-marzo-2020-per-il-covid\/","url":"https:\/\/www.bellunopress.it\/2021\/06\/07\/compie-9-anni-il-numero-verde-psicologico-800334343-della-regione-veneto-assistite-12-620-persone-3-750-da-marzo-2020-per-il-covid\/","name":"Compie 9 anni il numero verde psicologico 800334343 della Regione Veneto. Assistite 12.620 persone, 3.750 da marzo 2020 per il Covid - Bellunopress - Dolomiti","isPartOf":{"@id":"https:\/\/www.bellunopress.it\/#website"},"primaryImageOfPage":{"@id":"https:\/\/www.bellunopress.it\/2021\/06\/07\/compie-9-anni-il-numero-verde-psicologico-800334343-della-regione-veneto-assistite-12-620-persone-3-750-da-marzo-2020-per-il-covid\/#primaryimage"},"image":{"@id":"https:\/\/www.bellunopress.it\/2021\/06\/07\/compie-9-anni-il-numero-verde-psicologico-800334343-della-regione-veneto-assistite-12-620-persone-3-750-da-marzo-2020-per-il-covid\/#primaryimage"},"thumbnailUrl":"https:\/\/www.bellunopress.it\/wp-content\/uploads\/2020\/10\/Luca-Zaia_edited.jpg","datePublished":"2021-06-07T09:36:10+00:00","breadcrumb":{"@id":"https:\/\/www.bellunopress.it\/2021\/06\/07\/compie-9-anni-il-numero-verde-psicologico-800334343-della-regione-veneto-assistite-12-620-persone-3-750-da-marzo-2020-per-il-covid\/#breadcrumb"},"inLanguage":"fr-FR","potentialAction":[{"@type":"ReadAction","target":["https:\/\/www.bellunopress.it\/2021\/06\/07\/compie-9-anni-il-numero-verde-psicologico-800334343-della-regione-veneto-assistite-12-620-persone-3-750-da-marzo-2020-per-il-covid\/"]}]},{"@type":"ImageObject","inLanguage":"fr-FR","@id":"https:\/\/www.bellunopress.it\/2021\/06\/07\/compie-9-anni-il-numero-verde-psicologico-800334343-della-regione-veneto-assistite-12-620-persone-3-750-da-marzo-2020-per-il-covid\/#primaryimage","url":"https:\/\/www.bellunopress.it\/wp-content\/uploads\/2020\/10\/Luca-Zaia_edited.jpg","contentUrl":"https:\/\/www.bellunopress.it\/wp-content\/uploads\/2020\/10\/Luca-Zaia_edited.jpg","width":800,"height":800,"caption":"Luca Zaia, presidente della Regione del Veneto"},{"@type":"BreadcrumbList","@id":"https:\/\/www.bellunopress.it\/2021\/06\/07\/compie-9-anni-il-numero-verde-psicologico-800334343-della-regione-veneto-assistite-12-620-persone-3-750-da-marzo-2020-per-il-covid\/#breadcrumb","itemListElement":[{"@type":"ListItem","position":1,"name":"Home","item":"https:\/\/www.bellunopress.it\/"},{"@type":"ListItem","position":2,"name":"Compie 9 anni il numero verde psicologico 800334343 della Regione Veneto. Assistite 12.620 persone, 3.750 da marzo 2020 per il Covid"}]},{"@type":"WebSite","@id":"https:\/\/www.bellunopress.it\/#website","url":"https:\/\/www.bellunopress.it\/","name":"Bellunopress - Dolomiti","description":"e-mail: redazione@bellunopress.it","publisher":{"@id":"https:\/\/www.bellunopress.it\/#organization"},"potentialAction":[{"@type":"SearchAction","target":{"@type":"EntryPoint","urlTemplate":"https:\/\/www.bellunopress.it\/?s={search_term_string}"},"query-input":{"@type":"PropertyValueSpecification","valueRequired":true,"valueName":"search_term_string"}}],"inLanguage":"fr-FR"},{"@type":"Organization","@id":"https:\/\/www.bellunopress.it\/#organization","name":"Bellunopress","url":"https:\/\/www.bellunopress.it\/","logo":{"@type":"ImageObject","inLanguage":"fr-FR","@id":"https:\/\/www.bellunopress.it\/#\/schema\/logo\/image\/","url":"https:\/\/www.bellunopress.it\/wp-content\/uploads\/2011\/05\/cropped-logo-bellunopress-.jpg","contentUrl":"https:\/\/www.bellunopress.it\/wp-content\/uploads\/2011\/05\/cropped-logo-bellunopress-.jpg","width":512,"height":512,"caption":"Bellunopress"},"image":{"@id":"https:\/\/www.bellunopress.it\/#\/schema\/logo\/image\/"},"sameAs":["https:\/\/www.facebook.com\/profile.php?id=100008943462799","https:\/\/x.com\/bellunopress","https:\/\/www.linkedin.com\/hp\/?dnr=JBzUWaJfMUw8vbXJJ2tVW5-I3jZKvC4wsoxE&amp;amp;amp;amp;amp;amp;trk=nav_responsive_tab_home","https:\/\/www.youtube.com\/channel\/UCxL0wu1uN0_3_7hGG0306cw"]},{"@type":"Person","@id":"https:\/\/www.bellunopress.it\/#\/schema\/person\/79bb06722b37ece1c03d3e94beb30d73","name":"r\u00e9daction","image":{"@type":"ImageObject","inLanguage":"fr-FR","@id":"https:\/\/secure.gravatar.com\/avatar\/37d968a2e67a6fd04c169c4bdef102d0bc5d31b2546345219e348575eb80e9a0?s=96&d=mm&r=g","url":"https:\/\/secure.gravatar.com\/avatar\/37d968a2e67a6fd04c169c4bdef102d0bc5d31b2546345219e348575eb80e9a0?s=96&d=mm&r=g","contentUrl":"https:\/\/secure.gravatar.com\/avatar\/37d968a2e67a6fd04c169c4bdef102d0bc5d31b2546345219e348575eb80e9a0?s=96&d=mm&r=g","caption":"redazione"},"sameAs":["http:\/\/www.bellunopress.it","https:\/\/x.com\/bellunopress"],"url":"https:\/\/www.bellunopress.it\/fr\/author\/redazione\/"}]}},"_links":{"self":[{"href":"https:\/\/www.bellunopress.it\/fr\/wp-json\/wp\/v2\/posts\/125043","targetHints":{"allow":["GET"]}}],"collection":[{"href":"https:\/\/www.bellunopress.it\/fr\/wp-json\/wp\/v2\/posts"}],"about":[{"href":"https:\/\/www.bellunopress.it\/fr\/wp-json\/wp\/v2\/types\/post"}],"author":[{"embeddable":true,"href":"https:\/\/www.bellunopress.it\/fr\/wp-json\/wp\/v2\/users\/2"}],"replies":[{"embeddable":true,"href":"https:\/\/www.bellunopress.it\/fr\/wp-json\/wp\/v2\/comments?post=125043"}],"version-history":[{"count":1,"href":"https:\/\/www.bellunopress.it\/fr\/wp-json\/wp\/v2\/posts\/125043\/revisions"}],"predecessor-version":[{"id":125044,"href":"https:\/\/www.bellunopress.it\/fr\/wp-json\/wp\/v2\/posts\/125043\/revisions\/125044"}],"wp:featuredmedia":[{"embeddable":true,"href":"https:\/\/www.bellunopress.it\/fr\/wp-json\/wp\/v2\/media\/118596"}],"wp:attachment":[{"href":"https:\/\/www.bellunopress.it\/fr\/wp-json\/wp\/v2\/media?parent=125043"}],"wp:term":[{"taxonomy":"category","embeddable":true,"href":"https:\/\/www.bellunopress.it\/fr\/wp-json\/wp\/v2\/categories?post=125043"},{"taxonomy":"post_tag","embeddable":true,"href":"https:\/\/www.bellunopress.it\/fr\/wp-json\/wp\/v2\/tags?post=125043"}],"curies":[{"name":"wp","href":"https:\/\/api.w.org\/{rel}","templated":true}]}}