{"id":125041,"date":"2021-06-06T20:17:39","date_gmt":"2021-06-06T18:17:39","guid":{"rendered":"https:\/\/www.bellunopress.it\/?p=125041"},"modified":"2021-06-06T20:17:39","modified_gmt":"2021-06-06T18:17:39","slug":"centri-estivi-nel-comune-di-borgo-valbelluna","status":"publish","type":"post","link":"https:\/\/www.bellunopress.it\/fr\/2021\/06\/06\/centri-estivi-nel-comune-di-borgo-valbelluna\/","title":{"rendered":"Centri estivi nel Comune di Borgo Valbelluna"},"content":{"rendered":"<p><a href=\"https:\/\/www.bellunopress.it\/fr\/2019\/12\/09\/danni-alluvionali-di-meta-novembre-2019-le-segnalazioni-al-comune-di-borgo-valbelluna-entro-il-12-dicembre\/comune-borgo-valbelluna\/\" rel=\"attachment wp-att-110295\"><img loading=\"lazy\" decoding=\"async\" class=\"alignleft size-full wp-image-110295\" src=\"https:\/\/www.bellunopress.it\/wp-content\/uploads\/2019\/12\/comune-borgo-valbelluna.jpg\" alt=\"\" width=\"174\" height=\"190\" \/><\/a>Con il concludersi dell\u2019anno scolastico ripartono le attivit\u00e0 dei Centri estivi e dei Grest nel Comune di Borgo Valbelluna.<br \/>\n\u201cL\u2019Amministrazione Comunale \u2013 afferma l\u2019assessore alla Politiche educative e scolastiche, Marilisa Corso \u2013 grazie alla competenza, dedizione e professionalit\u00e0 del proprio ufficio Assistenza Sociale, Politiche per Giovani e Famiglie, ha sempre dedicato particolare attenzione all\u2019organizzazione, durante il periodo estivo, di iniziative a carattere ludico\/ricreative per bambini e ragazzi che frequentano le scuole dell\u2019infanzia, primaria e secondaria di 1\u00b0 grado, offrendo nel contempo possibilit\u00e0 occasione di incontro e di crescita dal punto di vista intellettuale, umano e sociale per i frequentanti e sollievo ed aiuto ai genitori lavoratori durante i mesi di pausa estiva dell\u2019attivit\u00e0 scolastica. Anche per questa estate, nonostante il permanere dell\u2019emergenza sanitaria e le difficolt\u00e0 organizzative ad essa collegata, il territorio del Comune di Borgo Valbelluna offre una molteplicit\u00e0 di servizi grazie anche alla collaborazione e sinergia tra la varie realt\u00e0 organizzatrici e l\u2019amministrazione comunale\u201d.<\/p>\n<p>Il Comune di Borgo Valbelluna in collaborazione con la scuola dell\u2019Infanzia \u201cNazaret\u201d, le parrocchie di Lentiai, Sant\u2019Antonio Tortal e Trichiana, l\u2019ASD Valbelluna Sport Academy e l\u2019ASD GSL \u201cLa Piave 2000\u201d, promuove un ricco manifesto di servizi dal titolo \u201cUn borgo per le famiglie\u201d.<\/p>\n<p>Le attivit\u00e0 inizieranno gi\u00e0 il 7 giugno presso la scuola \u201cNazaret\u201d di Lentiai dove verranno organizzate attivit\u00e0 per i bimbi dai 3 agli 8 anni. Sempre per i pi\u00f9 piccoli, dal 5 luglio al 13 agosto, partir\u00e0 il centro estivo \u201cUn borgo per i bambini\u201d presso la Scuola dell\u2019Infanzia di Trichiana. Per i ragazzi dai 6 ai 13 anni iscrizioni aperte dal 9 giugno per partecipare al centro estivo, organizzato dall\u2019Ufficio Assistenza sociale, Politiche per giovani e famiglie del Comune, \u201cIl borgo dei ragazzi\u201d, con sedi presso le Scuole primarie di Villapiana e di Mel e le Scuole Secondarie di Trichiana; le attivit\u00e0 partiranno il 14 giugno e si concluderanno il 13 agosto. \u201cA differenza dell\u2019anno scorso ora abbiamo potuto prevedere anche il pranzo per i nostri ragazzi, permettendo cos\u00ec di svolgere i vari laboratori e i giochi per tutto l\u2019arco della giornata, dalle 7.30 alle 17.30, fornendo in questo modo un servizio aggiuntivo per le famiglie\u201d continua l\u2019assessore Corso.<br \/>\nPer gli amanti dello sport sar\u00e0 possibile iscriversi al centro estivo \u201cSportland\u201d presso il parco comunale Lotto di Trichiana oppure all\u2019 \u201cAthletics Summer Camp\u201d presso gli impianti sportivi comunali di Mel.<br \/>\nDa segnalare anche la presenza nel territorio dei Grest parrocchiali che si svolgeranno nella seconda met\u00e0 di luglio. Anche la nuova realt\u00e0 LG Valbelluna 2021 &#8211; Settore Giovanile collabora con attivit\u00e0 calcistica durante il Grest di Lentiai dal 19 al 30 luglio. Il Grest di Trichiana e Sant\u2019Antonio Tortal inizieranno il 18 luglio e dureranno rispettivamente una e due settimane.<\/p>\n<p>Il Comune inoltre organizza il corso di nuoto dal 23 agosto al 3 settembre e tante altre iniziative durante l\u2019estate, tra le quali diverse attivit\u00e0 laboratoriali in collaborazione con il Museo Civico di Borgo Valbelluna, almeno due spettacoli per burattini e sono in definizione il circo e dei cinema per famiglie.<\/p>\n<p>\u201cUn particolare ringraziamento \u2013 commenta il sindaco Stefano Cesa \u2013 a questo vivace tessuto di Enti e associazioni che da sempre hanno, tra le loro finalit\u00e0, la promozione di una crescita sociale e culturale, la formazione, lo sviluppo e l\u2019integrazione dei piccoli, dei bambini e dei ragazzi attraverso il gioco, lo sport, l\u2019arte espressiva, i laboratori e le attivit\u00e0 ludico-ricreative. \u00c8 importante, per il nuovo Comune e per una valida prospettiva di futuro, la consapevolezza e la sinergia tra tutte queste realt\u00e0 per un progetto comune attorno alla famiglia e alla scuola.<\/p>","protected":false},"excerpt":{"rendered":"<p>Con il concludersi dell\u2019anno scolastico ripartono le attivit\u00e0 dei Centri estivi e dei Grest nel Comune di Borgo Valbelluna. \u201cL\u2019Amministrazione Comunale \u2013 afferma l\u2019assessore alla Politiche educative e scolastiche, Marilisa Corso \u2013 grazie alla competenza, dedizione e professionalit\u00e0 del proprio ufficio Assistenza Sociale, Politiche per Giovani e Famiglie, ha sempre dedicato particolare attenzione all\u2019organizzazione, durante [&hellip;]<\/p>\n","protected":false},"author":2,"featured_media":107794,"comment_status":"closed","ping_status":"open","sticky":false,"template":"","format":"standard","meta":{"footnotes":""},"categories":[26,8],"tags":[],"class_list":["post-125041","post","type-post","status-publish","format-standard","has-post-thumbnail","category-prima-pagina","category-societa-istituzioni"],"yoast_head":"<!-- This site is optimized with the Yoast SEO plugin v28.4 - https:\/\/yoast.com\/product\/yoast-seo-wordpress\/ -->\n<title>Centri estivi nel Comune di Borgo Valbelluna - Bellunopress - Dolomiti<\/title>\n<meta name=\"robots\" content=\"index, follow, max-snippet:-1, max-image-preview:large, max-video-preview:-1\" \/>\n<link rel=\"canonical\" href=\"https:\/\/www.bellunopress.it\/fr\/2021\/06\/06\/centri-estivi-nel-comune-di-borgo-valbelluna\/\" \/>\n<meta property=\"og:locale\" content=\"fr_FR\" \/>\n<meta property=\"og:type\" content=\"article\" \/>\n<meta property=\"og:title\" content=\"Centri estivi nel Comune di Borgo Valbelluna - Bellunopress - Dolomiti\" \/>\n<meta property=\"og:description\" content=\"Con il concludersi dell\u2019anno scolastico ripartono le attivit\u00e0 dei Centri estivi e dei Grest nel Comune di Borgo Valbelluna. \u201cL\u2019Amministrazione Comunale \u2013 afferma l\u2019assessore alla Politiche educative e scolastiche, Marilisa Corso \u2013 grazie alla competenza, dedizione e professionalit\u00e0 del proprio ufficio Assistenza Sociale, Politiche per Giovani e Famiglie, ha sempre dedicato particolare attenzione all\u2019organizzazione, durante [&hellip;]\" \/>\n<meta property=\"og:url\" content=\"https:\/\/www.bellunopress.it\/fr\/2021\/06\/06\/centri-estivi-nel-comune-di-borgo-valbelluna\/\" \/>\n<meta property=\"og:site_name\" content=\"Bellunopress - Dolomiti\" \/>\n<meta property=\"article:publisher\" content=\"https:\/\/www.facebook.com\/profile.php?id=100008943462799\" \/>\n<meta property=\"article:published_time\" content=\"2021-06-06T18:17:39+00:00\" \/>\n<meta property=\"og:image\" content=\"https:\/\/www.bellunopress.it\/wp-content\/uploads\/2019\/09\/municipio-borgo-valbelluna-mel.jpg\" \/>\n\t<meta property=\"og:image:width\" content=\"300\" \/>\n\t<meta property=\"og:image:height\" content=\"225\" \/>\n\t<meta property=\"og:image:type\" content=\"image\/jpeg\" \/>\n<meta name=\"author\" content=\"redazione\" \/>\n<meta name=\"twitter:card\" content=\"summary_large_image\" \/>\n<meta name=\"twitter:creator\" content=\"@bellunopress\" \/>\n<meta name=\"twitter:site\" content=\"@bellunopress\" \/>\n<meta name=\"twitter:label1\" content=\"\u00c9crit par\" \/>\n\t<meta name=\"twitter:data1\" content=\"redazione\" \/>\n\t<meta name=\"twitter:label2\" content=\"Dur\u00e9e de lecture estim\u00e9e\" \/>\n\t<meta name=\"twitter:data2\" content=\"3 minutes\" \/>\n<script type=\"application\/ld+json\" class=\"yoast-schema-graph\">{\"@context\":\"https:\\\/\\\/schema.org\",\"@graph\":[{\"@type\":\"Article\",\"@id\":\"https:\\\/\\\/www.bellunopress.it\\\/2021\\\/06\\\/06\\\/centri-estivi-nel-comune-di-borgo-valbelluna\\\/#article\",\"isPartOf\":{\"@id\":\"https:\\\/\\\/www.bellunopress.it\\\/2021\\\/06\\\/06\\\/centri-estivi-nel-comune-di-borgo-valbelluna\\\/\"},\"author\":{\"name\":\"redazione\",\"@id\":\"https:\\\/\\\/www.bellunopress.it\\\/#\\\/schema\\\/person\\\/79bb06722b37ece1c03d3e94beb30d73\"},\"headline\":\"Centri estivi nel Comune di Borgo Valbelluna\",\"datePublished\":\"2021-06-06T18:17:39+00:00\",\"mainEntityOfPage\":{\"@id\":\"https:\\\/\\\/www.bellunopress.it\\\/2021\\\/06\\\/06\\\/centri-estivi-nel-comune-di-borgo-valbelluna\\\/\"},\"wordCount\":597,\"publisher\":{\"@id\":\"https:\\\/\\\/www.bellunopress.it\\\/#organization\"},\"image\":{\"@id\":\"https:\\\/\\\/www.bellunopress.it\\\/2021\\\/06\\\/06\\\/centri-estivi-nel-comune-di-borgo-valbelluna\\\/#primaryimage\"},\"thumbnailUrl\":\"https:\\\/\\\/www.bellunopress.it\\\/wp-content\\\/uploads\\\/2019\\\/09\\\/municipio-borgo-valbelluna-mel.jpg\",\"articleSection\":[\"Prima Pagina\",\"Societ\u00e0, Associazioni, Istituzioni\"],\"inLanguage\":\"fr-FR\"},{\"@type\":\"WebPage\",\"@id\":\"https:\\\/\\\/www.bellunopress.it\\\/2021\\\/06\\\/06\\\/centri-estivi-nel-comune-di-borgo-valbelluna\\\/\",\"url\":\"https:\\\/\\\/www.bellunopress.it\\\/2021\\\/06\\\/06\\\/centri-estivi-nel-comune-di-borgo-valbelluna\\\/\",\"name\":\"Centri estivi nel Comune di Borgo Valbelluna - Bellunopress - Dolomiti\",\"isPartOf\":{\"@id\":\"https:\\\/\\\/www.bellunopress.it\\\/#website\"},\"primaryImageOfPage\":{\"@id\":\"https:\\\/\\\/www.bellunopress.it\\\/2021\\\/06\\\/06\\\/centri-estivi-nel-comune-di-borgo-valbelluna\\\/#primaryimage\"},\"image\":{\"@id\":\"https:\\\/\\\/www.bellunopress.it\\\/2021\\\/06\\\/06\\\/centri-estivi-nel-comune-di-borgo-valbelluna\\\/#primaryimage\"},\"thumbnailUrl\":\"https:\\\/\\\/www.bellunopress.it\\\/wp-content\\\/uploads\\\/2019\\\/09\\\/municipio-borgo-valbelluna-mel.jpg\",\"datePublished\":\"2021-06-06T18:17:39+00:00\",\"breadcrumb\":{\"@id\":\"https:\\\/\\\/www.bellunopress.it\\\/2021\\\/06\\\/06\\\/centri-estivi-nel-comune-di-borgo-valbelluna\\\/#breadcrumb\"},\"inLanguage\":\"fr-FR\",\"potentialAction\":[{\"@type\":\"ReadAction\",\"target\":[\"https:\\\/\\\/www.bellunopress.it\\\/2021\\\/06\\\/06\\\/centri-estivi-nel-comune-di-borgo-valbelluna\\\/\"]}]},{\"@type\":\"ImageObject\",\"inLanguage\":\"fr-FR\",\"@id\":\"https:\\\/\\\/www.bellunopress.it\\\/2021\\\/06\\\/06\\\/centri-estivi-nel-comune-di-borgo-valbelluna\\\/#primaryimage\",\"url\":\"https:\\\/\\\/www.bellunopress.it\\\/wp-content\\\/uploads\\\/2019\\\/09\\\/municipio-borgo-valbelluna-mel.jpg\",\"contentUrl\":\"https:\\\/\\\/www.bellunopress.it\\\/wp-content\\\/uploads\\\/2019\\\/09\\\/municipio-borgo-valbelluna-mel.jpg\",\"width\":300,\"height\":225,\"caption\":\"Municipio Borgo Valbelluna, Mel\"},{\"@type\":\"BreadcrumbList\",\"@id\":\"https:\\\/\\\/www.bellunopress.it\\\/2021\\\/06\\\/06\\\/centri-estivi-nel-comune-di-borgo-valbelluna\\\/#breadcrumb\",\"itemListElement\":[{\"@type\":\"ListItem\",\"position\":1,\"name\":\"Home\",\"item\":\"https:\\\/\\\/www.bellunopress.it\\\/\"},{\"@type\":\"ListItem\",\"position\":2,\"name\":\"Centri estivi nel Comune di Borgo Valbelluna\"}]},{\"@type\":\"WebSite\",\"@id\":\"https:\\\/\\\/www.bellunopress.it\\\/#website\",\"url\":\"https:\\\/\\\/www.bellunopress.it\\\/\",\"name\":\"Bellunopress - Dolomiti\",\"description\":\"e-mail: redazione@bellunopress.it\",\"publisher\":{\"@id\":\"https:\\\/\\\/www.bellunopress.it\\\/#organization\"},\"potentialAction\":[{\"@type\":\"SearchAction\",\"target\":{\"@type\":\"EntryPoint\",\"urlTemplate\":\"https:\\\/\\\/www.bellunopress.it\\\/?s={search_term_string}\"},\"query-input\":{\"@type\":\"PropertyValueSpecification\",\"valueRequired\":true,\"valueName\":\"search_term_string\"}}],\"inLanguage\":\"fr-FR\"},{\"@type\":\"Organization\",\"@id\":\"https:\\\/\\\/www.bellunopress.it\\\/#organization\",\"name\":\"Bellunopress\",\"url\":\"https:\\\/\\\/www.bellunopress.it\\\/\",\"logo\":{\"@type\":\"ImageObject\",\"inLanguage\":\"fr-FR\",\"@id\":\"https:\\\/\\\/www.bellunopress.it\\\/#\\\/schema\\\/logo\\\/image\\\/\",\"url\":\"https:\\\/\\\/www.bellunopress.it\\\/wp-content\\\/uploads\\\/2011\\\/05\\\/cropped-logo-bellunopress-.jpg\",\"contentUrl\":\"https:\\\/\\\/www.bellunopress.it\\\/wp-content\\\/uploads\\\/2011\\\/05\\\/cropped-logo-bellunopress-.jpg\",\"width\":512,\"height\":512,\"caption\":\"Bellunopress\"},\"image\":{\"@id\":\"https:\\\/\\\/www.bellunopress.it\\\/#\\\/schema\\\/logo\\\/image\\\/\"},\"sameAs\":[\"https:\\\/\\\/www.facebook.com\\\/profile.php?id=100008943462799\",\"https:\\\/\\\/x.com\\\/bellunopress\",\"https:\\\/\\\/www.linkedin.com\\\/hp\\\/?dnr=JBzUWaJfMUw8vbXJJ2tVW5-I3jZKvC4wsoxE&amp;amp;amp;amp;amp;amp;trk=nav_responsive_tab_home\",\"https:\\\/\\\/www.youtube.com\\\/channel\\\/UCxL0wu1uN0_3_7hGG0306cw\"]},{\"@type\":\"Person\",\"@id\":\"https:\\\/\\\/www.bellunopress.it\\\/#\\\/schema\\\/person\\\/79bb06722b37ece1c03d3e94beb30d73\",\"name\":\"redazione\",\"image\":{\"@type\":\"ImageObject\",\"inLanguage\":\"fr-FR\",\"@id\":\"https:\\\/\\\/secure.gravatar.com\\\/avatar\\\/37d968a2e67a6fd04c169c4bdef102d0bc5d31b2546345219e348575eb80e9a0?s=96&d=mm&r=g\",\"url\":\"https:\\\/\\\/secure.gravatar.com\\\/avatar\\\/37d968a2e67a6fd04c169c4bdef102d0bc5d31b2546345219e348575eb80e9a0?s=96&d=mm&r=g\",\"contentUrl\":\"https:\\\/\\\/secure.gravatar.com\\\/avatar\\\/37d968a2e67a6fd04c169c4bdef102d0bc5d31b2546345219e348575eb80e9a0?s=96&d=mm&r=g\",\"caption\":\"redazione\"},\"sameAs\":[\"http:\\\/\\\/www.bellunopress.it\",\"https:\\\/\\\/x.com\\\/bellunopress\"],\"url\":\"https:\\\/\\\/www.bellunopress.it\\\/fr\\\/author\\\/redazione\\\/\"}]}<\/script>\n<!-- \/ Yoast SEO plugin. -->","yoast_head_json":{"title":"Centri estivi nel Comune di Borgo Valbelluna - Bellunopress - Dolomiti","robots":{"index":"index","follow":"follow","max-snippet":"max-snippet:-1","max-image-preview":"max-image-preview:large","max-video-preview":"max-video-preview:-1"},"canonical":"https:\/\/www.bellunopress.it\/fr\/2021\/06\/06\/centri-estivi-nel-comune-di-borgo-valbelluna\/","og_locale":"fr_FR","og_type":"article","og_title":"Centri estivi nel Comune di Borgo Valbelluna - Bellunopress - Dolomiti","og_description":"Con il concludersi dell\u2019anno scolastico ripartono le attivit\u00e0 dei Centri estivi e dei Grest nel Comune di Borgo Valbelluna. \u201cL\u2019Amministrazione Comunale \u2013 afferma l\u2019assessore alla Politiche educative e scolastiche, Marilisa Corso \u2013 grazie alla competenza, dedizione e professionalit\u00e0 del proprio ufficio Assistenza Sociale, Politiche per Giovani e Famiglie, ha sempre dedicato particolare attenzione all\u2019organizzazione, durante [&hellip;]","og_url":"https:\/\/www.bellunopress.it\/fr\/2021\/06\/06\/centri-estivi-nel-comune-di-borgo-valbelluna\/","og_site_name":"Bellunopress - Dolomiti","article_publisher":"https:\/\/www.facebook.com\/profile.php?id=100008943462799","article_published_time":"2021-06-06T18:17:39+00:00","og_image":[{"width":300,"height":225,"url":"https:\/\/www.bellunopress.it\/wp-content\/uploads\/2019\/09\/municipio-borgo-valbelluna-mel.jpg","type":"image\/jpeg"}],"author":"redazione","twitter_card":"summary_large_image","twitter_creator":"@bellunopress","twitter_site":"@bellunopress","twitter_misc":{"\u00c9crit par":"redazione","Dur\u00e9e de lecture estim\u00e9e":"3 minutes"},"schema":{"@context":"https:\/\/schema.org","@graph":[{"@type":"Article","@id":"https:\/\/www.bellunopress.it\/2021\/06\/06\/centri-estivi-nel-comune-di-borgo-valbelluna\/#article","isPartOf":{"@id":"https:\/\/www.bellunopress.it\/2021\/06\/06\/centri-estivi-nel-comune-di-borgo-valbelluna\/"},"author":{"name":"redazione","@id":"https:\/\/www.bellunopress.it\/#\/schema\/person\/79bb06722b37ece1c03d3e94beb30d73"},"headline":"Centri estivi nel Comune di Borgo Valbelluna","datePublished":"2021-06-06T18:17:39+00:00","mainEntityOfPage":{"@id":"https:\/\/www.bellunopress.it\/2021\/06\/06\/centri-estivi-nel-comune-di-borgo-valbelluna\/"},"wordCount":597,"publisher":{"@id":"https:\/\/www.bellunopress.it\/#organization"},"image":{"@id":"https:\/\/www.bellunopress.it\/2021\/06\/06\/centri-estivi-nel-comune-di-borgo-valbelluna\/#primaryimage"},"thumbnailUrl":"https:\/\/www.bellunopress.it\/wp-content\/uploads\/2019\/09\/municipio-borgo-valbelluna-mel.jpg","articleSection":["Prima Pagina","Societ\u00e0, Associazioni, Istituzioni"],"inLanguage":"fr-FR"},{"@type":"WebPage","@id":"https:\/\/www.bellunopress.it\/2021\/06\/06\/centri-estivi-nel-comune-di-borgo-valbelluna\/","url":"https:\/\/www.bellunopress.it\/2021\/06\/06\/centri-estivi-nel-comune-di-borgo-valbelluna\/","name":"Centri estivi nel Comune di Borgo Valbelluna - Bellunopress - Dolomiti","isPartOf":{"@id":"https:\/\/www.bellunopress.it\/#website"},"primaryImageOfPage":{"@id":"https:\/\/www.bellunopress.it\/2021\/06\/06\/centri-estivi-nel-comune-di-borgo-valbelluna\/#primaryimage"},"image":{"@id":"https:\/\/www.bellunopress.it\/2021\/06\/06\/centri-estivi-nel-comune-di-borgo-valbelluna\/#primaryimage"},"thumbnailUrl":"https:\/\/www.bellunopress.it\/wp-content\/uploads\/2019\/09\/municipio-borgo-valbelluna-mel.jpg","datePublished":"2021-06-06T18:17:39+00:00","breadcrumb":{"@id":"https:\/\/www.bellunopress.it\/2021\/06\/06\/centri-estivi-nel-comune-di-borgo-valbelluna\/#breadcrumb"},"inLanguage":"fr-FR","potentialAction":[{"@type":"ReadAction","target":["https:\/\/www.bellunopress.it\/2021\/06\/06\/centri-estivi-nel-comune-di-borgo-valbelluna\/"]}]},{"@type":"ImageObject","inLanguage":"fr-FR","@id":"https:\/\/www.bellunopress.it\/2021\/06\/06\/centri-estivi-nel-comune-di-borgo-valbelluna\/#primaryimage","url":"https:\/\/www.bellunopress.it\/wp-content\/uploads\/2019\/09\/municipio-borgo-valbelluna-mel.jpg","contentUrl":"https:\/\/www.bellunopress.it\/wp-content\/uploads\/2019\/09\/municipio-borgo-valbelluna-mel.jpg","width":300,"height":225,"caption":"Municipio Borgo Valbelluna, Mel"},{"@type":"BreadcrumbList","@id":"https:\/\/www.bellunopress.it\/2021\/06\/06\/centri-estivi-nel-comune-di-borgo-valbelluna\/#breadcrumb","itemListElement":[{"@type":"ListItem","position":1,"name":"Home","item":"https:\/\/www.bellunopress.it\/"},{"@type":"ListItem","position":2,"name":"Centri estivi nel Comune di Borgo Valbelluna"}]},{"@type":"WebSite","@id":"https:\/\/www.bellunopress.it\/#website","url":"https:\/\/www.bellunopress.it\/","name":"Bellunopress - Dolomiti","description":"e-mail: redazione@bellunopress.it","publisher":{"@id":"https:\/\/www.bellunopress.it\/#organization"},"potentialAction":[{"@type":"SearchAction","target":{"@type":"EntryPoint","urlTemplate":"https:\/\/www.bellunopress.it\/?s={search_term_string}"},"query-input":{"@type":"PropertyValueSpecification","valueRequired":true,"valueName":"search_term_string"}}],"inLanguage":"fr-FR"},{"@type":"Organization","@id":"https:\/\/www.bellunopress.it\/#organization","name":"Bellunopress","url":"https:\/\/www.bellunopress.it\/","logo":{"@type":"ImageObject","inLanguage":"fr-FR","@id":"https:\/\/www.bellunopress.it\/#\/schema\/logo\/image\/","url":"https:\/\/www.bellunopress.it\/wp-content\/uploads\/2011\/05\/cropped-logo-bellunopress-.jpg","contentUrl":"https:\/\/www.bellunopress.it\/wp-content\/uploads\/2011\/05\/cropped-logo-bellunopress-.jpg","width":512,"height":512,"caption":"Bellunopress"},"image":{"@id":"https:\/\/www.bellunopress.it\/#\/schema\/logo\/image\/"},"sameAs":["https:\/\/www.facebook.com\/profile.php?id=100008943462799","https:\/\/x.com\/bellunopress","https:\/\/www.linkedin.com\/hp\/?dnr=JBzUWaJfMUw8vbXJJ2tVW5-I3jZKvC4wsoxE&amp;amp;amp;amp;amp;amp;trk=nav_responsive_tab_home","https:\/\/www.youtube.com\/channel\/UCxL0wu1uN0_3_7hGG0306cw"]},{"@type":"Person","@id":"https:\/\/www.bellunopress.it\/#\/schema\/person\/79bb06722b37ece1c03d3e94beb30d73","name":"r\u00e9daction","image":{"@type":"ImageObject","inLanguage":"fr-FR","@id":"https:\/\/secure.gravatar.com\/avatar\/37d968a2e67a6fd04c169c4bdef102d0bc5d31b2546345219e348575eb80e9a0?s=96&d=mm&r=g","url":"https:\/\/secure.gravatar.com\/avatar\/37d968a2e67a6fd04c169c4bdef102d0bc5d31b2546345219e348575eb80e9a0?s=96&d=mm&r=g","contentUrl":"https:\/\/secure.gravatar.com\/avatar\/37d968a2e67a6fd04c169c4bdef102d0bc5d31b2546345219e348575eb80e9a0?s=96&d=mm&r=g","caption":"redazione"},"sameAs":["http:\/\/www.bellunopress.it","https:\/\/x.com\/bellunopress"],"url":"https:\/\/www.bellunopress.it\/fr\/author\/redazione\/"}]}},"_links":{"self":[{"href":"https:\/\/www.bellunopress.it\/fr\/wp-json\/wp\/v2\/posts\/125041","targetHints":{"allow":["GET"]}}],"collection":[{"href":"https:\/\/www.bellunopress.it\/fr\/wp-json\/wp\/v2\/posts"}],"about":[{"href":"https:\/\/www.bellunopress.it\/fr\/wp-json\/wp\/v2\/types\/post"}],"author":[{"embeddable":true,"href":"https:\/\/www.bellunopress.it\/fr\/wp-json\/wp\/v2\/users\/2"}],"replies":[{"embeddable":true,"href":"https:\/\/www.bellunopress.it\/fr\/wp-json\/wp\/v2\/comments?post=125041"}],"version-history":[{"count":1,"href":"https:\/\/www.bellunopress.it\/fr\/wp-json\/wp\/v2\/posts\/125041\/revisions"}],"predecessor-version":[{"id":125042,"href":"https:\/\/www.bellunopress.it\/fr\/wp-json\/wp\/v2\/posts\/125041\/revisions\/125042"}],"wp:featuredmedia":[{"embeddable":true,"href":"https:\/\/www.bellunopress.it\/fr\/wp-json\/wp\/v2\/media\/107794"}],"wp:attachment":[{"href":"https:\/\/www.bellunopress.it\/fr\/wp-json\/wp\/v2\/media?parent=125041"}],"wp:term":[{"taxonomy":"category","embeddable":true,"href":"https:\/\/www.bellunopress.it\/fr\/wp-json\/wp\/v2\/categories?post=125041"},{"taxonomy":"post_tag","embeddable":true,"href":"https:\/\/www.bellunopress.it\/fr\/wp-json\/wp\/v2\/tags?post=125041"}],"curies":[{"name":"wp","href":"https:\/\/api.w.org\/{rel}","templated":true}]}}