{"id":12504,"date":"2010-02-14T13:30:19","date_gmt":"2010-02-14T12:30:19","guid":{"rendered":"http:\/\/www.bellunopress.it\/?p=12504"},"modified":"2010-02-15T08:54:58","modified_gmt":"2010-02-15T07:54:58","slug":"lunedi-beppe-grillo-a-belluno-e-pedavena","status":"publish","type":"post","link":"https:\/\/www.bellunopress.it\/fr\/2010\/02\/14\/lunedi-beppe-grillo-a-belluno-e-pedavena\/","title":{"rendered":"Luned\u00ec Beppe Grillo a Belluno e Pedavena"},"content":{"rendered":"<p><a href=\"http:\/\/www.bellunopress.it\/wp-content\/uploads\/2010\/02\/5-stelle-beppe-grillo.jpg\"><img loading=\"lazy\" decoding=\"async\" class=\"alignleft size-medium wp-image-12065\" title=\"5-stelle-beppe-grillo\" src=\"http:\/\/www.bellunopress.it\/wp-content\/uploads\/2010\/02\/5-stelle-beppe-grillo.jpg\" alt=\"\" width=\"270\" height=\"258\" \/><\/a>Dopo molti anni di assenza, luned\u00ec 15 febbraio Beppe Grillo torna nel bellunese con due importanti incontri per presentare il \u201cMovimento 5 Stelle\u201d legato al suo nome.Si inizia alle ore 18 a Belluno al Centro Giovanni XXIII in Piazza Piloni. Poi per le ore 21 il secondo incontro alla Birreria Pedavena. Sar\u00e0 un\u2019occasione unica per ascoltare Beppe Grillo. L\u2019ingresso ad entrambi gli incontri \u00e8 gratuito. Si chiede solo di portare un po\u2019 di curiosit\u00e0 per conoscere un modo diverso di proporsi in politica. Sar\u00e0 una presentazione accompagnata da un \u201csorriso\u201d e dalla possibilit\u00e0, in un momento di malessere generale, di trovare un impegno e un entusiasmo speciali. Quello che infatti piace di Grillo \u00e8 il tentativo di accorciare le distanze tra quelli che la politica la fanno e quelli che la subiscono. Nel corso dei due incontri si potr\u00e0 firmare per la presentazione delle liste provinciali; \u00e8 sufficiente avere con s\u00e9 un documento d\u2019identit\u00e0. Saranno presenti i candidati regionali e provinciali e si potranno approfondire i contenuti del programma proposto dal Movimento 5 Stelle.<br \/>\nPer maggiori informazioni sul programma del Movimento \u00e8 possibile consultare il sito <a href=\"http:\/\/www.movimentoveneto.it\">www.movimentoveneto.it<\/a><\/p>","protected":false},"excerpt":{"rendered":"<p>Dopo molti anni di assenza, luned\u00ec 15 febbraio Beppe Grillo torna nel bellunese con due importanti incontri per presentare il \u201cMovimento 5 Stelle\u201d legato al suo nome.Si inizia alle ore 18 a Belluno al Centro Giovanni XXIII in Piazza Piloni. Poi per le ore 21 il secondo incontro alla Birreria Pedavena. Sar\u00e0 un\u2019occasione unica per [&hellip;]<\/p>\n","protected":false},"author":2,"featured_media":0,"comment_status":"closed","ping_status":"open","sticky":false,"template":"","format":"standard","meta":{"footnotes":""},"categories":[27,5,26],"tags":[61],"class_list":["post-12504","post","type-post","status-publish","format-standard","category-appuntamenti","category-cronaca","category-prima-pagina","tag-beppe-grillo"],"yoast_head":"<!-- This site is optimized with the Yoast SEO plugin v28.4 - https:\/\/yoast.com\/product\/yoast-seo-wordpress\/ -->\n<title>Luned\u00ec Beppe Grillo a Belluno e Pedavena  - Bellunopress - Dolomiti<\/title>\n<meta name=\"robots\" content=\"index, follow, max-snippet:-1, max-image-preview:large, max-video-preview:-1\" \/>\n<link rel=\"canonical\" href=\"https:\/\/www.bellunopress.it\/fr\/2010\/02\/14\/lunedi-beppe-grillo-a-belluno-e-pedavena\/\" \/>\n<meta property=\"og:locale\" content=\"fr_FR\" \/>\n<meta property=\"og:type\" content=\"article\" \/>\n<meta property=\"og:title\" content=\"Luned\u00ec Beppe Grillo a Belluno e Pedavena  - Bellunopress - Dolomiti\" \/>\n<meta property=\"og:description\" content=\"Dopo molti anni di assenza, luned\u00ec 15 febbraio Beppe Grillo torna nel bellunese con due importanti incontri per presentare il \u201cMovimento 5 Stelle\u201d legato al suo nome.Si inizia alle ore 18 a Belluno al Centro Giovanni XXIII in Piazza Piloni. Poi per le ore 21 il secondo incontro alla Birreria Pedavena. Sar\u00e0 un\u2019occasione unica per [&hellip;]\" \/>\n<meta property=\"og:url\" content=\"https:\/\/www.bellunopress.it\/fr\/2010\/02\/14\/lunedi-beppe-grillo-a-belluno-e-pedavena\/\" \/>\n<meta property=\"og:site_name\" content=\"Bellunopress - Dolomiti\" \/>\n<meta property=\"article:publisher\" content=\"https:\/\/www.facebook.com\/profile.php?id=100008943462799\" \/>\n<meta property=\"article:published_time\" content=\"2010-02-14T12:30:19+00:00\" \/>\n<meta property=\"article:modified_time\" content=\"2010-02-15T07:54:58+00:00\" \/>\n<meta property=\"og:image\" content=\"http:\/\/www.bellunopress.it\/wp-content\/uploads\/2010\/02\/5-stelle-beppe-grillo.jpg\" \/>\n<meta name=\"author\" content=\"redazione\" \/>\n<meta name=\"twitter:card\" content=\"summary_large_image\" \/>\n<meta name=\"twitter:creator\" content=\"@bellunopress\" \/>\n<meta name=\"twitter:site\" content=\"@bellunopress\" \/>\n<meta name=\"twitter:label1\" content=\"\u00c9crit par\" \/>\n\t<meta name=\"twitter:data1\" content=\"redazione\" \/>\n\t<meta name=\"twitter:label2\" content=\"Dur\u00e9e de lecture estim\u00e9e\" \/>\n\t<meta name=\"twitter:data2\" content=\"1 minute\" \/>\n<script type=\"application\/ld+json\" class=\"yoast-schema-graph\">{\"@context\":\"https:\\\/\\\/schema.org\",\"@graph\":[{\"@type\":\"Article\",\"@id\":\"https:\\\/\\\/www.bellunopress.it\\\/2010\\\/02\\\/14\\\/lunedi-beppe-grillo-a-belluno-e-pedavena\\\/#article\",\"isPartOf\":{\"@id\":\"https:\\\/\\\/www.bellunopress.it\\\/2010\\\/02\\\/14\\\/lunedi-beppe-grillo-a-belluno-e-pedavena\\\/\"},\"author\":{\"name\":\"redazione\",\"@id\":\"https:\\\/\\\/www.bellunopress.it\\\/#\\\/schema\\\/person\\\/79bb06722b37ece1c03d3e94beb30d73\"},\"headline\":\"Luned\u00ec Beppe Grillo a Belluno e Pedavena\",\"datePublished\":\"2010-02-14T12:30:19+00:00\",\"dateModified\":\"2010-02-15T07:54:58+00:00\",\"mainEntityOfPage\":{\"@id\":\"https:\\\/\\\/www.bellunopress.it\\\/2010\\\/02\\\/14\\\/lunedi-beppe-grillo-a-belluno-e-pedavena\\\/\"},\"wordCount\":191,\"publisher\":{\"@id\":\"https:\\\/\\\/www.bellunopress.it\\\/#organization\"},\"image\":{\"@id\":\"https:\\\/\\\/www.bellunopress.it\\\/2010\\\/02\\\/14\\\/lunedi-beppe-grillo-a-belluno-e-pedavena\\\/#primaryimage\"},\"thumbnailUrl\":\"http:\\\/\\\/www.bellunopress.it\\\/wp-content\\\/uploads\\\/2010\\\/02\\\/5-stelle-beppe-grillo.jpg\",\"keywords\":[\"beppe grillo\"],\"articleSection\":[\"Appuntamenti, Eventi\",\"Cronaca\\\/Politica\",\"Prima Pagina\"],\"inLanguage\":\"fr-FR\"},{\"@type\":\"WebPage\",\"@id\":\"https:\\\/\\\/www.bellunopress.it\\\/2010\\\/02\\\/14\\\/lunedi-beppe-grillo-a-belluno-e-pedavena\\\/\",\"url\":\"https:\\\/\\\/www.bellunopress.it\\\/2010\\\/02\\\/14\\\/lunedi-beppe-grillo-a-belluno-e-pedavena\\\/\",\"name\":\"Luned\u00ec Beppe Grillo a Belluno e Pedavena - Bellunopress - Dolomiti\",\"isPartOf\":{\"@id\":\"https:\\\/\\\/www.bellunopress.it\\\/#website\"},\"primaryImageOfPage\":{\"@id\":\"https:\\\/\\\/www.bellunopress.it\\\/2010\\\/02\\\/14\\\/lunedi-beppe-grillo-a-belluno-e-pedavena\\\/#primaryimage\"},\"image\":{\"@id\":\"https:\\\/\\\/www.bellunopress.it\\\/2010\\\/02\\\/14\\\/lunedi-beppe-grillo-a-belluno-e-pedavena\\\/#primaryimage\"},\"thumbnailUrl\":\"http:\\\/\\\/www.bellunopress.it\\\/wp-content\\\/uploads\\\/2010\\\/02\\\/5-stelle-beppe-grillo.jpg\",\"datePublished\":\"2010-02-14T12:30:19+00:00\",\"dateModified\":\"2010-02-15T07:54:58+00:00\",\"breadcrumb\":{\"@id\":\"https:\\\/\\\/www.bellunopress.it\\\/2010\\\/02\\\/14\\\/lunedi-beppe-grillo-a-belluno-e-pedavena\\\/#breadcrumb\"},\"inLanguage\":\"fr-FR\",\"potentialAction\":[{\"@type\":\"ReadAction\",\"target\":[\"https:\\\/\\\/www.bellunopress.it\\\/2010\\\/02\\\/14\\\/lunedi-beppe-grillo-a-belluno-e-pedavena\\\/\"]}]},{\"@type\":\"ImageObject\",\"inLanguage\":\"fr-FR\",\"@id\":\"https:\\\/\\\/www.bellunopress.it\\\/2010\\\/02\\\/14\\\/lunedi-beppe-grillo-a-belluno-e-pedavena\\\/#primaryimage\",\"url\":\"http:\\\/\\\/www.bellunopress.it\\\/wp-content\\\/uploads\\\/2010\\\/02\\\/5-stelle-beppe-grillo.jpg\",\"contentUrl\":\"http:\\\/\\\/www.bellunopress.it\\\/wp-content\\\/uploads\\\/2010\\\/02\\\/5-stelle-beppe-grillo.jpg\"},{\"@type\":\"BreadcrumbList\",\"@id\":\"https:\\\/\\\/www.bellunopress.it\\\/2010\\\/02\\\/14\\\/lunedi-beppe-grillo-a-belluno-e-pedavena\\\/#breadcrumb\",\"itemListElement\":[{\"@type\":\"ListItem\",\"position\":1,\"name\":\"Home\",\"item\":\"https:\\\/\\\/www.bellunopress.it\\\/\"},{\"@type\":\"ListItem\",\"position\":2,\"name\":\"Luned\u00ec Beppe Grillo a Belluno e Pedavena\"}]},{\"@type\":\"WebSite\",\"@id\":\"https:\\\/\\\/www.bellunopress.it\\\/#website\",\"url\":\"https:\\\/\\\/www.bellunopress.it\\\/\",\"name\":\"Bellunopress - Dolomiti\",\"description\":\"e-mail: redazione@bellunopress.it\",\"publisher\":{\"@id\":\"https:\\\/\\\/www.bellunopress.it\\\/#organization\"},\"potentialAction\":[{\"@type\":\"SearchAction\",\"target\":{\"@type\":\"EntryPoint\",\"urlTemplate\":\"https:\\\/\\\/www.bellunopress.it\\\/?s={search_term_string}\"},\"query-input\":{\"@type\":\"PropertyValueSpecification\",\"valueRequired\":true,\"valueName\":\"search_term_string\"}}],\"inLanguage\":\"fr-FR\"},{\"@type\":\"Organization\",\"@id\":\"https:\\\/\\\/www.bellunopress.it\\\/#organization\",\"name\":\"Bellunopress\",\"url\":\"https:\\\/\\\/www.bellunopress.it\\\/\",\"logo\":{\"@type\":\"ImageObject\",\"inLanguage\":\"fr-FR\",\"@id\":\"https:\\\/\\\/www.bellunopress.it\\\/#\\\/schema\\\/logo\\\/image\\\/\",\"url\":\"https:\\\/\\\/www.bellunopress.it\\\/wp-content\\\/uploads\\\/2011\\\/05\\\/cropped-logo-bellunopress-.jpg\",\"contentUrl\":\"https:\\\/\\\/www.bellunopress.it\\\/wp-content\\\/uploads\\\/2011\\\/05\\\/cropped-logo-bellunopress-.jpg\",\"width\":512,\"height\":512,\"caption\":\"Bellunopress\"},\"image\":{\"@id\":\"https:\\\/\\\/www.bellunopress.it\\\/#\\\/schema\\\/logo\\\/image\\\/\"},\"sameAs\":[\"https:\\\/\\\/www.facebook.com\\\/profile.php?id=100008943462799\",\"https:\\\/\\\/x.com\\\/bellunopress\",\"https:\\\/\\\/www.linkedin.com\\\/hp\\\/?dnr=JBzUWaJfMUw8vbXJJ2tVW5-I3jZKvC4wsoxE&amp;amp;amp;amp;amp;amp;trk=nav_responsive_tab_home\",\"https:\\\/\\\/www.youtube.com\\\/channel\\\/UCxL0wu1uN0_3_7hGG0306cw\"]},{\"@type\":\"Person\",\"@id\":\"https:\\\/\\\/www.bellunopress.it\\\/#\\\/schema\\\/person\\\/79bb06722b37ece1c03d3e94beb30d73\",\"name\":\"redazione\",\"image\":{\"@type\":\"ImageObject\",\"inLanguage\":\"fr-FR\",\"@id\":\"https:\\\/\\\/secure.gravatar.com\\\/avatar\\\/37d968a2e67a6fd04c169c4bdef102d0bc5d31b2546345219e348575eb80e9a0?s=96&d=mm&r=g\",\"url\":\"https:\\\/\\\/secure.gravatar.com\\\/avatar\\\/37d968a2e67a6fd04c169c4bdef102d0bc5d31b2546345219e348575eb80e9a0?s=96&d=mm&r=g\",\"contentUrl\":\"https:\\\/\\\/secure.gravatar.com\\\/avatar\\\/37d968a2e67a6fd04c169c4bdef102d0bc5d31b2546345219e348575eb80e9a0?s=96&d=mm&r=g\",\"caption\":\"redazione\"},\"sameAs\":[\"http:\\\/\\\/www.bellunopress.it\",\"https:\\\/\\\/x.com\\\/bellunopress\"],\"url\":\"https:\\\/\\\/www.bellunopress.it\\\/fr\\\/author\\\/redazione\\\/\"}]}<\/script>\n<!-- \/ Yoast SEO plugin. -->","yoast_head_json":{"title":"Luned\u00ec Beppe Grillo a Belluno e Pedavena  - Bellunopress - Dolomiti","robots":{"index":"index","follow":"follow","max-snippet":"max-snippet:-1","max-image-preview":"max-image-preview:large","max-video-preview":"max-video-preview:-1"},"canonical":"https:\/\/www.bellunopress.it\/fr\/2010\/02\/14\/lunedi-beppe-grillo-a-belluno-e-pedavena\/","og_locale":"fr_FR","og_type":"article","og_title":"Luned\u00ec Beppe Grillo a Belluno e Pedavena  - Bellunopress - Dolomiti","og_description":"Dopo molti anni di assenza, luned\u00ec 15 febbraio Beppe Grillo torna nel bellunese con due importanti incontri per presentare il \u201cMovimento 5 Stelle\u201d legato al suo nome.Si inizia alle ore 18 a Belluno al Centro Giovanni XXIII in Piazza Piloni. Poi per le ore 21 il secondo incontro alla Birreria Pedavena. Sar\u00e0 un\u2019occasione unica per [&hellip;]","og_url":"https:\/\/www.bellunopress.it\/fr\/2010\/02\/14\/lunedi-beppe-grillo-a-belluno-e-pedavena\/","og_site_name":"Bellunopress - Dolomiti","article_publisher":"https:\/\/www.facebook.com\/profile.php?id=100008943462799","article_published_time":"2010-02-14T12:30:19+00:00","article_modified_time":"2010-02-15T07:54:58+00:00","og_image":[{"url":"http:\/\/www.bellunopress.it\/wp-content\/uploads\/2010\/02\/5-stelle-beppe-grillo.jpg","type":"","width":"","height":""}],"author":"redazione","twitter_card":"summary_large_image","twitter_creator":"@bellunopress","twitter_site":"@bellunopress","twitter_misc":{"\u00c9crit par":"redazione","Dur\u00e9e de lecture estim\u00e9e":"1 minute"},"schema":{"@context":"https:\/\/schema.org","@graph":[{"@type":"Article","@id":"https:\/\/www.bellunopress.it\/2010\/02\/14\/lunedi-beppe-grillo-a-belluno-e-pedavena\/#article","isPartOf":{"@id":"https:\/\/www.bellunopress.it\/2010\/02\/14\/lunedi-beppe-grillo-a-belluno-e-pedavena\/"},"author":{"name":"redazione","@id":"https:\/\/www.bellunopress.it\/#\/schema\/person\/79bb06722b37ece1c03d3e94beb30d73"},"headline":"Luned\u00ec Beppe Grillo a Belluno e Pedavena","datePublished":"2010-02-14T12:30:19+00:00","dateModified":"2010-02-15T07:54:58+00:00","mainEntityOfPage":{"@id":"https:\/\/www.bellunopress.it\/2010\/02\/14\/lunedi-beppe-grillo-a-belluno-e-pedavena\/"},"wordCount":191,"publisher":{"@id":"https:\/\/www.bellunopress.it\/#organization"},"image":{"@id":"https:\/\/www.bellunopress.it\/2010\/02\/14\/lunedi-beppe-grillo-a-belluno-e-pedavena\/#primaryimage"},"thumbnailUrl":"http:\/\/www.bellunopress.it\/wp-content\/uploads\/2010\/02\/5-stelle-beppe-grillo.jpg","keywords":["beppe grillo"],"articleSection":["Appuntamenti, Eventi","Cronaca\/Politica","Prima Pagina"],"inLanguage":"fr-FR"},{"@type":"WebPage","@id":"https:\/\/www.bellunopress.it\/2010\/02\/14\/lunedi-beppe-grillo-a-belluno-e-pedavena\/","url":"https:\/\/www.bellunopress.it\/2010\/02\/14\/lunedi-beppe-grillo-a-belluno-e-pedavena\/","name":"Luned\u00ec Beppe Grillo a Belluno e Pedavena - Bellunopress - Dolomiti","isPartOf":{"@id":"https:\/\/www.bellunopress.it\/#website"},"primaryImageOfPage":{"@id":"https:\/\/www.bellunopress.it\/2010\/02\/14\/lunedi-beppe-grillo-a-belluno-e-pedavena\/#primaryimage"},"image":{"@id":"https:\/\/www.bellunopress.it\/2010\/02\/14\/lunedi-beppe-grillo-a-belluno-e-pedavena\/#primaryimage"},"thumbnailUrl":"http:\/\/www.bellunopress.it\/wp-content\/uploads\/2010\/02\/5-stelle-beppe-grillo.jpg","datePublished":"2010-02-14T12:30:19+00:00","dateModified":"2010-02-15T07:54:58+00:00","breadcrumb":{"@id":"https:\/\/www.bellunopress.it\/2010\/02\/14\/lunedi-beppe-grillo-a-belluno-e-pedavena\/#breadcrumb"},"inLanguage":"fr-FR","potentialAction":[{"@type":"ReadAction","target":["https:\/\/www.bellunopress.it\/2010\/02\/14\/lunedi-beppe-grillo-a-belluno-e-pedavena\/"]}]},{"@type":"ImageObject","inLanguage":"fr-FR","@id":"https:\/\/www.bellunopress.it\/2010\/02\/14\/lunedi-beppe-grillo-a-belluno-e-pedavena\/#primaryimage","url":"http:\/\/www.bellunopress.it\/wp-content\/uploads\/2010\/02\/5-stelle-beppe-grillo.jpg","contentUrl":"http:\/\/www.bellunopress.it\/wp-content\/uploads\/2010\/02\/5-stelle-beppe-grillo.jpg"},{"@type":"BreadcrumbList","@id":"https:\/\/www.bellunopress.it\/2010\/02\/14\/lunedi-beppe-grillo-a-belluno-e-pedavena\/#breadcrumb","itemListElement":[{"@type":"ListItem","position":1,"name":"Home","item":"https:\/\/www.bellunopress.it\/"},{"@type":"ListItem","position":2,"name":"Luned\u00ec Beppe Grillo a Belluno e Pedavena"}]},{"@type":"WebSite","@id":"https:\/\/www.bellunopress.it\/#website","url":"https:\/\/www.bellunopress.it\/","name":"Bellunopress - Dolomiti","description":"e-mail: redazione@bellunopress.it","publisher":{"@id":"https:\/\/www.bellunopress.it\/#organization"},"potentialAction":[{"@type":"SearchAction","target":{"@type":"EntryPoint","urlTemplate":"https:\/\/www.bellunopress.it\/?s={search_term_string}"},"query-input":{"@type":"PropertyValueSpecification","valueRequired":true,"valueName":"search_term_string"}}],"inLanguage":"fr-FR"},{"@type":"Organization","@id":"https:\/\/www.bellunopress.it\/#organization","name":"Bellunopress","url":"https:\/\/www.bellunopress.it\/","logo":{"@type":"ImageObject","inLanguage":"fr-FR","@id":"https:\/\/www.bellunopress.it\/#\/schema\/logo\/image\/","url":"https:\/\/www.bellunopress.it\/wp-content\/uploads\/2011\/05\/cropped-logo-bellunopress-.jpg","contentUrl":"https:\/\/www.bellunopress.it\/wp-content\/uploads\/2011\/05\/cropped-logo-bellunopress-.jpg","width":512,"height":512,"caption":"Bellunopress"},"image":{"@id":"https:\/\/www.bellunopress.it\/#\/schema\/logo\/image\/"},"sameAs":["https:\/\/www.facebook.com\/profile.php?id=100008943462799","https:\/\/x.com\/bellunopress","https:\/\/www.linkedin.com\/hp\/?dnr=JBzUWaJfMUw8vbXJJ2tVW5-I3jZKvC4wsoxE&amp;amp;amp;amp;amp;amp;trk=nav_responsive_tab_home","https:\/\/www.youtube.com\/channel\/UCxL0wu1uN0_3_7hGG0306cw"]},{"@type":"Person","@id":"https:\/\/www.bellunopress.it\/#\/schema\/person\/79bb06722b37ece1c03d3e94beb30d73","name":"r\u00e9daction","image":{"@type":"ImageObject","inLanguage":"fr-FR","@id":"https:\/\/secure.gravatar.com\/avatar\/37d968a2e67a6fd04c169c4bdef102d0bc5d31b2546345219e348575eb80e9a0?s=96&d=mm&r=g","url":"https:\/\/secure.gravatar.com\/avatar\/37d968a2e67a6fd04c169c4bdef102d0bc5d31b2546345219e348575eb80e9a0?s=96&d=mm&r=g","contentUrl":"https:\/\/secure.gravatar.com\/avatar\/37d968a2e67a6fd04c169c4bdef102d0bc5d31b2546345219e348575eb80e9a0?s=96&d=mm&r=g","caption":"redazione"},"sameAs":["http:\/\/www.bellunopress.it","https:\/\/x.com\/bellunopress"],"url":"https:\/\/www.bellunopress.it\/fr\/author\/redazione\/"}]}},"_links":{"self":[{"href":"https:\/\/www.bellunopress.it\/fr\/wp-json\/wp\/v2\/posts\/12504","targetHints":{"allow":["GET"]}}],"collection":[{"href":"https:\/\/www.bellunopress.it\/fr\/wp-json\/wp\/v2\/posts"}],"about":[{"href":"https:\/\/www.bellunopress.it\/fr\/wp-json\/wp\/v2\/types\/post"}],"author":[{"embeddable":true,"href":"https:\/\/www.bellunopress.it\/fr\/wp-json\/wp\/v2\/users\/2"}],"replies":[{"embeddable":true,"href":"https:\/\/www.bellunopress.it\/fr\/wp-json\/wp\/v2\/comments?post=12504"}],"version-history":[{"count":5,"href":"https:\/\/www.bellunopress.it\/fr\/wp-json\/wp\/v2\/posts\/12504\/revisions"}],"predecessor-version":[{"id":12538,"href":"https:\/\/www.bellunopress.it\/fr\/wp-json\/wp\/v2\/posts\/12504\/revisions\/12538"}],"wp:attachment":[{"href":"https:\/\/www.bellunopress.it\/fr\/wp-json\/wp\/v2\/media?parent=12504"}],"wp:term":[{"taxonomy":"category","embeddable":true,"href":"https:\/\/www.bellunopress.it\/fr\/wp-json\/wp\/v2\/categories?post=12504"},{"taxonomy":"post_tag","embeddable":true,"href":"https:\/\/www.bellunopress.it\/fr\/wp-json\/wp\/v2\/tags?post=12504"}],"curies":[{"name":"wp","href":"https:\/\/api.w.org\/{rel}","templated":true}]}}