{"id":125031,"date":"2021-06-05T21:21:47","date_gmt":"2021-06-05T19:21:47","guid":{"rendered":"https:\/\/www.bellunopress.it\/?p=125031"},"modified":"2021-06-05T21:21:48","modified_gmt":"2021-06-05T19:21:48","slug":"promossi-21-cani-del-corpo-nazionale-soccorso-alpino-e-speleologico","status":"publish","type":"post","link":"https:\/\/www.bellunopress.it\/fr\/2021\/06\/05\/promossi-21-cani-del-corpo-nazionale-soccorso-alpino-e-speleologico\/","title":{"rendered":"Promossi 21 cani del Corpo Nazionale Soccorso alpino e Speleologico"},"content":{"rendered":"<p><a href=\"https:\/\/www.bellunopress.it\/fr\/2021\/06\/05\/promossi-21-cani-del-corpo-nazionale-soccorso-alpino-e-speleologico\/soccorso-alpino-golden_edited\/\" rel=\"attachment wp-att-125032\"><img loading=\"lazy\" decoding=\"async\" class=\"alignleft size-full wp-image-125032\" src=\"https:\/\/www.bellunopress.it\/wp-content\/uploads\/2021\/06\/soccorso-alpino-golden_edited.jpg\" alt=\"\" width=\"800\" height=\"731\" srcset=\"https:\/\/www.bellunopress.it\/wp-content\/uploads\/2021\/06\/soccorso-alpino-golden_edited.jpg 800w, https:\/\/www.bellunopress.it\/wp-content\/uploads\/2021\/06\/soccorso-alpino-golden_edited-500x457.jpg 500w, https:\/\/www.bellunopress.it\/wp-content\/uploads\/2021\/06\/soccorso-alpino-golden_edited-696x636.jpg 696w, https:\/\/www.bellunopress.it\/wp-content\/uploads\/2021\/06\/soccorso-alpino-golden_edited-460x420.jpg 460w\" sizes=\"auto, (max-width: 800px) 100vw, 800px\" \/><\/a>Gallio (VI), 05 &#8211; 06 &#8211; Gli esami non finiscono mai. Nemmeno per loro, i cani del Soccorso alpino.\u00a0 Si \u00e8 chiuso con la consegna dei brevetti il 32\u00b0 corso nazionale unit\u00e0 cinofile da ricerca di superficie, Ucrs, e unit\u00e0 cinofile da macerie, Ucrm, ospitato per il secondo anno di seguito a Gallio, con scenari distribuiti in diverse localit\u00e0 dell&#8217;Altopiano dei Sette Comuni.<\/p>\n<p>Una cinquantina i binomi provenienti da tutta Italia &#8211; Abruzzo, Basilicata, Calabria, Friuli Venezia Giulia, Lazio, Liguria, Lombardia, Marche, Molise, Piemonte, Toscana, Trentino Alto Adige, Valle d&#8217;Aosta, Veneto &#8211; che hanno preso parte al corso suddiviso per: classe A, 13 unit\u00e0 cinofile, classe B, 20 unit\u00e0 cinofile, Puppy, 4 unit\u00e0 cinofile, Ucrm, 15 unit\u00e0 cinofile. Malinois, Border collie, Golden retriever, Labrador, Pastore tedesco grigione, Bloodhound, Segugio bavarese, Kelpie, Hovawart, le razze presenti. Gli aspiranti della classe A, dopo le lezioni in videoconferenza dei mesi scorsi, ne hanno seguita una riguardante l&#8217;utilizzo del Gps in presenza e hanno consolidato quanto fatto nel primo anno di addestramento dei cani: miniricerche e tanto gioco per alzare la motivazione alla ricerca, sfruttando la predatoriet\u00e0 con l&#8217;utilizzo di manicotti o palline.<\/p>\n<p>Per la classe Puppy, dai 2 ai 6 mesi, \u00e8 solo ed esclusivamente gioco. Per la Classe B, prima del brevetto, si approfondiscono e poi mettono in pratica l&#8217;uso di Gps, cartografia, comunicazione radio per la bonifica delle aree dei simulati. Gli scenari, Santuario del Buso della Madonna del Caravaggio, Val di Nos, Monte Melette, Monte Fior, Forte Lisser, distribuiti nei diversi comuni dell&#8217;Altopiano, hanno visto operativi i binomi in trincee, grotte, anfratti e trasportati dall&#8217;elicottero del 4\u00b0 Reggimento Aves Altair di Bolzano. Sotto la supervisione degli istruttori nazionali tecnici, cani e conduttori hanno effettuato calate dalle pareti e teleferiche, mentre le unit\u00e0 cinofile molecolari si sono mosse sia in ambiente urbano, che boschivo impervio. I binomi della Classe B brevettati saranno operativi da subito nelle regioni di appartenenza o a livello nazionale, se richiesto. Presente per il dipartimento di Protezione civile nazionale il funzionario Stefano Vallari.<\/p>\n<p>Durante il corso \u00e8 infine ripresa l&#8217;attivit\u00e0 formativa dei Tuc, tecnici di unit\u00e0 cinofile, una nuova figura di supporto agli istruttori nazionali nelle regioni di appartenenza.<br \/>\nPositivo il bilancio di Adriano Favre, responsabile tecnico nazionale delle sette scuole del Cnsas: &#8221; Siamo tornati molto volentieri sull&#8217;Altopiano dei Sette Comuni, territorio che ha perfettamente riposto alle diverse esigenze addestrative. Il corso \u00e8 stato caratterizzato da elevati contenuti tecnici: un plauso per il grande impegno profuso ai conduttori che, non possiamo mai dimenticarlo, dura 365 giorni all&#8217;anno. Un grazie particolare al Servizio regionale Veneto, alle autorit\u00e0 locali, per l&#8217;accoglienza e il supporto&#8221;.<\/p>\n<p>&#8220;Come dimostrato lo scorso anno, la disponibilit\u00e0 e la concessione dei luoghi \u00e8 stata generosa e ineccepibile &#8211; gli fa eco Christian Giudici, responsabile del 32\u00b0 Corso Ucrs-Ucrm &#8211; cos\u00ec come il supporto organizzativo del Soccorso alpino di Asiago e del Soccorso alpino e speleologico Veneto. Ogni anno appuriamo con piacere che il livello delle unit\u00e0 cinofile \u00e8 sempre pi\u00f9 alto, grazie al lavoro che la Scuola nazionale unit\u00e0 cinofile sta sviluppando attraverso i poli formativi e l&#8217;aggiornamento costante delle metodologie di ricerca e grazie alla scelta dei cuccioli sempre pi\u00f9 meticolosa. Anche quest&#8217;anno le Scuole che hanno aderito al Corso sono tre: Scuola nazionale unit\u00e0 cinofile, Scuola nazionale direttori operazioni di soccorso, Scuola nazionale tecnici&#8221;.<\/p>\n<p>&#8220;Ringrazio il Soccorso alpino di Asiago e i soccorritori del servizio regionale, che hanno partecipato come figuranti, per l&#8217;impegno di questi giorni &#8211; chiude l&#8217;evento il presidente del Soccorso alpino e speleologico Veneto Rodolfo Selenati &#8211; siamo stati felici di accogliere nuovamente le unit\u00e0 cinofile e gli istruttori del Corpo nazionale soccorso alpino e speleologico. Un grazie sentito al Comune di Gallio, agli enti, agli sponsor e a tutte le persone che a vario titolo hanno contribuito alla riuscita del corso. Restiamo a disposizione della Direzione nazionale per l&#8217;eventuale ritorno il prossimo anno&#8221;.<br \/>\nRingraziamo per la collaborazione: Comune di Gallio, il Comitato Organizzatore Locale Gallio, l&#8217;Ufficio turismo di Gallio, Hotel Gaarten Benessere, i Comuni di Enego e Foza. Un grazie agli sponsor Birra Cimbra, Premiata Apicoltura Guoli, Rossi D&#8217;Asiago Distillatori dal 1868, Caseificio Pennar Asiago<\/p>","protected":false},"excerpt":{"rendered":"<p>Gallio (VI), 05 &#8211; 06 &#8211; Gli esami non finiscono mai. Nemmeno per loro, i cani del Soccorso alpino.\u00a0 Si \u00e8 chiuso con la consegna dei brevetti il 32\u00b0 corso nazionale unit\u00e0 cinofile da ricerca di superficie, Ucrs, e unit\u00e0 cinofile da macerie, Ucrm, ospitato per il secondo anno di seguito a Gallio, con scenari [&hellip;]<\/p>\n","protected":false},"author":2,"featured_media":125032,"comment_status":"closed","ping_status":"open","sticky":false,"template":"","format":"standard","meta":{"footnotes":""},"categories":[38,26,8],"tags":[],"class_list":["post-125031","post","type-post","status-publish","format-standard","has-post-thumbnail","category-natura-ambiente","category-prima-pagina","category-societa-istituzioni"],"yoast_head":"<!-- This site is optimized with the Yoast SEO plugin v28.4 - https:\/\/yoast.com\/product\/yoast-seo-wordpress\/ -->\n<title>Promossi 21 cani del Corpo Nazionale Soccorso alpino e Speleologico - Bellunopress - Dolomiti<\/title>\n<meta name=\"robots\" content=\"index, follow, max-snippet:-1, max-image-preview:large, max-video-preview:-1\" \/>\n<link rel=\"canonical\" href=\"https:\/\/www.bellunopress.it\/fr\/2021\/06\/05\/promossi-21-cani-del-corpo-nazionale-soccorso-alpino-e-speleologico\/\" \/>\n<meta property=\"og:locale\" content=\"fr_FR\" \/>\n<meta property=\"og:type\" content=\"article\" \/>\n<meta property=\"og:title\" content=\"Promossi 21 cani del Corpo Nazionale Soccorso alpino e Speleologico - Bellunopress - Dolomiti\" \/>\n<meta property=\"og:description\" content=\"Gallio (VI), 05 &#8211; 06 &#8211; Gli esami non finiscono mai. Nemmeno per loro, i cani del Soccorso alpino.\u00a0 Si \u00e8 chiuso con la consegna dei brevetti il 32\u00b0 corso nazionale unit\u00e0 cinofile da ricerca di superficie, Ucrs, e unit\u00e0 cinofile da macerie, Ucrm, ospitato per il secondo anno di seguito a Gallio, con scenari [&hellip;]\" \/>\n<meta property=\"og:url\" content=\"https:\/\/www.bellunopress.it\/fr\/2021\/06\/05\/promossi-21-cani-del-corpo-nazionale-soccorso-alpino-e-speleologico\/\" \/>\n<meta property=\"og:site_name\" content=\"Bellunopress - Dolomiti\" \/>\n<meta property=\"article:publisher\" content=\"https:\/\/www.facebook.com\/profile.php?id=100008943462799\" \/>\n<meta property=\"article:published_time\" content=\"2021-06-05T19:21:47+00:00\" \/>\n<meta property=\"article:modified_time\" content=\"2021-06-05T19:21:48+00:00\" \/>\n<meta property=\"og:image\" content=\"https:\/\/www.bellunopress.it\/wp-content\/uploads\/2021\/06\/soccorso-alpino-golden_edited.jpg\" \/>\n\t<meta property=\"og:image:width\" content=\"800\" \/>\n\t<meta property=\"og:image:height\" content=\"731\" \/>\n\t<meta property=\"og:image:type\" content=\"image\/jpeg\" \/>\n<meta name=\"author\" content=\"redazione\" \/>\n<meta name=\"twitter:card\" content=\"summary_large_image\" \/>\n<meta name=\"twitter:creator\" content=\"@bellunopress\" \/>\n<meta name=\"twitter:site\" content=\"@bellunopress\" \/>\n<meta name=\"twitter:label1\" content=\"\u00c9crit par\" \/>\n\t<meta name=\"twitter:data1\" content=\"redazione\" \/>\n\t<meta name=\"twitter:label2\" content=\"Dur\u00e9e de lecture estim\u00e9e\" \/>\n\t<meta name=\"twitter:data2\" content=\"4 minutes\" \/>\n<script type=\"application\/ld+json\" class=\"yoast-schema-graph\">{\"@context\":\"https:\\\/\\\/schema.org\",\"@graph\":[{\"@type\":\"Article\",\"@id\":\"https:\\\/\\\/www.bellunopress.it\\\/2021\\\/06\\\/05\\\/promossi-21-cani-del-corpo-nazionale-soccorso-alpino-e-speleologico\\\/#article\",\"isPartOf\":{\"@id\":\"https:\\\/\\\/www.bellunopress.it\\\/2021\\\/06\\\/05\\\/promossi-21-cani-del-corpo-nazionale-soccorso-alpino-e-speleologico\\\/\"},\"author\":{\"name\":\"redazione\",\"@id\":\"https:\\\/\\\/www.bellunopress.it\\\/#\\\/schema\\\/person\\\/79bb06722b37ece1c03d3e94beb30d73\"},\"headline\":\"Promossi 21 cani del Corpo Nazionale Soccorso alpino e Speleologico\",\"datePublished\":\"2021-06-05T19:21:47+00:00\",\"dateModified\":\"2021-06-05T19:21:48+00:00\",\"mainEntityOfPage\":{\"@id\":\"https:\\\/\\\/www.bellunopress.it\\\/2021\\\/06\\\/05\\\/promossi-21-cani-del-corpo-nazionale-soccorso-alpino-e-speleologico\\\/\"},\"wordCount\":694,\"publisher\":{\"@id\":\"https:\\\/\\\/www.bellunopress.it\\\/#organization\"},\"image\":{\"@id\":\"https:\\\/\\\/www.bellunopress.it\\\/2021\\\/06\\\/05\\\/promossi-21-cani-del-corpo-nazionale-soccorso-alpino-e-speleologico\\\/#primaryimage\"},\"thumbnailUrl\":\"https:\\\/\\\/www.bellunopress.it\\\/wp-content\\\/uploads\\\/2021\\\/06\\\/soccorso-alpino-golden_edited.jpg\",\"articleSection\":[\"Meteo, natura, ambiente, animali\",\"Prima Pagina\",\"Societ\u00e0, Associazioni, Istituzioni\"],\"inLanguage\":\"fr-FR\"},{\"@type\":\"WebPage\",\"@id\":\"https:\\\/\\\/www.bellunopress.it\\\/2021\\\/06\\\/05\\\/promossi-21-cani-del-corpo-nazionale-soccorso-alpino-e-speleologico\\\/\",\"url\":\"https:\\\/\\\/www.bellunopress.it\\\/2021\\\/06\\\/05\\\/promossi-21-cani-del-corpo-nazionale-soccorso-alpino-e-speleologico\\\/\",\"name\":\"Promossi 21 cani del Corpo Nazionale Soccorso alpino e Speleologico - Bellunopress - Dolomiti\",\"isPartOf\":{\"@id\":\"https:\\\/\\\/www.bellunopress.it\\\/#website\"},\"primaryImageOfPage\":{\"@id\":\"https:\\\/\\\/www.bellunopress.it\\\/2021\\\/06\\\/05\\\/promossi-21-cani-del-corpo-nazionale-soccorso-alpino-e-speleologico\\\/#primaryimage\"},\"image\":{\"@id\":\"https:\\\/\\\/www.bellunopress.it\\\/2021\\\/06\\\/05\\\/promossi-21-cani-del-corpo-nazionale-soccorso-alpino-e-speleologico\\\/#primaryimage\"},\"thumbnailUrl\":\"https:\\\/\\\/www.bellunopress.it\\\/wp-content\\\/uploads\\\/2021\\\/06\\\/soccorso-alpino-golden_edited.jpg\",\"datePublished\":\"2021-06-05T19:21:47+00:00\",\"dateModified\":\"2021-06-05T19:21:48+00:00\",\"breadcrumb\":{\"@id\":\"https:\\\/\\\/www.bellunopress.it\\\/2021\\\/06\\\/05\\\/promossi-21-cani-del-corpo-nazionale-soccorso-alpino-e-speleologico\\\/#breadcrumb\"},\"inLanguage\":\"fr-FR\",\"potentialAction\":[{\"@type\":\"ReadAction\",\"target\":[\"https:\\\/\\\/www.bellunopress.it\\\/2021\\\/06\\\/05\\\/promossi-21-cani-del-corpo-nazionale-soccorso-alpino-e-speleologico\\\/\"]}]},{\"@type\":\"ImageObject\",\"inLanguage\":\"fr-FR\",\"@id\":\"https:\\\/\\\/www.bellunopress.it\\\/2021\\\/06\\\/05\\\/promossi-21-cani-del-corpo-nazionale-soccorso-alpino-e-speleologico\\\/#primaryimage\",\"url\":\"https:\\\/\\\/www.bellunopress.it\\\/wp-content\\\/uploads\\\/2021\\\/06\\\/soccorso-alpino-golden_edited.jpg\",\"contentUrl\":\"https:\\\/\\\/www.bellunopress.it\\\/wp-content\\\/uploads\\\/2021\\\/06\\\/soccorso-alpino-golden_edited.jpg\",\"width\":800,\"height\":731,\"caption\":\"foto di repertorio\"},{\"@type\":\"BreadcrumbList\",\"@id\":\"https:\\\/\\\/www.bellunopress.it\\\/2021\\\/06\\\/05\\\/promossi-21-cani-del-corpo-nazionale-soccorso-alpino-e-speleologico\\\/#breadcrumb\",\"itemListElement\":[{\"@type\":\"ListItem\",\"position\":1,\"name\":\"Home\",\"item\":\"https:\\\/\\\/www.bellunopress.it\\\/\"},{\"@type\":\"ListItem\",\"position\":2,\"name\":\"Promossi 21 cani del Corpo Nazionale Soccorso alpino e Speleologico\"}]},{\"@type\":\"WebSite\",\"@id\":\"https:\\\/\\\/www.bellunopress.it\\\/#website\",\"url\":\"https:\\\/\\\/www.bellunopress.it\\\/\",\"name\":\"Bellunopress - Dolomiti\",\"description\":\"e-mail: redazione@bellunopress.it\",\"publisher\":{\"@id\":\"https:\\\/\\\/www.bellunopress.it\\\/#organization\"},\"potentialAction\":[{\"@type\":\"SearchAction\",\"target\":{\"@type\":\"EntryPoint\",\"urlTemplate\":\"https:\\\/\\\/www.bellunopress.it\\\/?s={search_term_string}\"},\"query-input\":{\"@type\":\"PropertyValueSpecification\",\"valueRequired\":true,\"valueName\":\"search_term_string\"}}],\"inLanguage\":\"fr-FR\"},{\"@type\":\"Organization\",\"@id\":\"https:\\\/\\\/www.bellunopress.it\\\/#organization\",\"name\":\"Bellunopress\",\"url\":\"https:\\\/\\\/www.bellunopress.it\\\/\",\"logo\":{\"@type\":\"ImageObject\",\"inLanguage\":\"fr-FR\",\"@id\":\"https:\\\/\\\/www.bellunopress.it\\\/#\\\/schema\\\/logo\\\/image\\\/\",\"url\":\"https:\\\/\\\/www.bellunopress.it\\\/wp-content\\\/uploads\\\/2011\\\/05\\\/cropped-logo-bellunopress-.jpg\",\"contentUrl\":\"https:\\\/\\\/www.bellunopress.it\\\/wp-content\\\/uploads\\\/2011\\\/05\\\/cropped-logo-bellunopress-.jpg\",\"width\":512,\"height\":512,\"caption\":\"Bellunopress\"},\"image\":{\"@id\":\"https:\\\/\\\/www.bellunopress.it\\\/#\\\/schema\\\/logo\\\/image\\\/\"},\"sameAs\":[\"https:\\\/\\\/www.facebook.com\\\/profile.php?id=100008943462799\",\"https:\\\/\\\/x.com\\\/bellunopress\",\"https:\\\/\\\/www.linkedin.com\\\/hp\\\/?dnr=JBzUWaJfMUw8vbXJJ2tVW5-I3jZKvC4wsoxE&amp;amp;amp;amp;amp;amp;trk=nav_responsive_tab_home\",\"https:\\\/\\\/www.youtube.com\\\/channel\\\/UCxL0wu1uN0_3_7hGG0306cw\"]},{\"@type\":\"Person\",\"@id\":\"https:\\\/\\\/www.bellunopress.it\\\/#\\\/schema\\\/person\\\/79bb06722b37ece1c03d3e94beb30d73\",\"name\":\"redazione\",\"image\":{\"@type\":\"ImageObject\",\"inLanguage\":\"fr-FR\",\"@id\":\"https:\\\/\\\/secure.gravatar.com\\\/avatar\\\/37d968a2e67a6fd04c169c4bdef102d0bc5d31b2546345219e348575eb80e9a0?s=96&d=mm&r=g\",\"url\":\"https:\\\/\\\/secure.gravatar.com\\\/avatar\\\/37d968a2e67a6fd04c169c4bdef102d0bc5d31b2546345219e348575eb80e9a0?s=96&d=mm&r=g\",\"contentUrl\":\"https:\\\/\\\/secure.gravatar.com\\\/avatar\\\/37d968a2e67a6fd04c169c4bdef102d0bc5d31b2546345219e348575eb80e9a0?s=96&d=mm&r=g\",\"caption\":\"redazione\"},\"sameAs\":[\"http:\\\/\\\/www.bellunopress.it\",\"https:\\\/\\\/x.com\\\/bellunopress\"],\"url\":\"https:\\\/\\\/www.bellunopress.it\\\/fr\\\/author\\\/redazione\\\/\"}]}<\/script>\n<!-- \/ Yoast SEO plugin. -->","yoast_head_json":{"title":"Promossi 21 cani del Corpo Nazionale Soccorso alpino e Speleologico - Bellunopress - Dolomiti","robots":{"index":"index","follow":"follow","max-snippet":"max-snippet:-1","max-image-preview":"max-image-preview:large","max-video-preview":"max-video-preview:-1"},"canonical":"https:\/\/www.bellunopress.it\/fr\/2021\/06\/05\/promossi-21-cani-del-corpo-nazionale-soccorso-alpino-e-speleologico\/","og_locale":"fr_FR","og_type":"article","og_title":"Promossi 21 cani del Corpo Nazionale Soccorso alpino e Speleologico - Bellunopress - Dolomiti","og_description":"Gallio (VI), 05 &#8211; 06 &#8211; Gli esami non finiscono mai. Nemmeno per loro, i cani del Soccorso alpino.\u00a0 Si \u00e8 chiuso con la consegna dei brevetti il 32\u00b0 corso nazionale unit\u00e0 cinofile da ricerca di superficie, Ucrs, e unit\u00e0 cinofile da macerie, Ucrm, ospitato per il secondo anno di seguito a Gallio, con scenari [&hellip;]","og_url":"https:\/\/www.bellunopress.it\/fr\/2021\/06\/05\/promossi-21-cani-del-corpo-nazionale-soccorso-alpino-e-speleologico\/","og_site_name":"Bellunopress - Dolomiti","article_publisher":"https:\/\/www.facebook.com\/profile.php?id=100008943462799","article_published_time":"2021-06-05T19:21:47+00:00","article_modified_time":"2021-06-05T19:21:48+00:00","og_image":[{"width":800,"height":731,"url":"https:\/\/www.bellunopress.it\/wp-content\/uploads\/2021\/06\/soccorso-alpino-golden_edited.jpg","type":"image\/jpeg"}],"author":"redazione","twitter_card":"summary_large_image","twitter_creator":"@bellunopress","twitter_site":"@bellunopress","twitter_misc":{"\u00c9crit par":"redazione","Dur\u00e9e de lecture estim\u00e9e":"4 minutes"},"schema":{"@context":"https:\/\/schema.org","@graph":[{"@type":"Article","@id":"https:\/\/www.bellunopress.it\/2021\/06\/05\/promossi-21-cani-del-corpo-nazionale-soccorso-alpino-e-speleologico\/#article","isPartOf":{"@id":"https:\/\/www.bellunopress.it\/2021\/06\/05\/promossi-21-cani-del-corpo-nazionale-soccorso-alpino-e-speleologico\/"},"author":{"name":"redazione","@id":"https:\/\/www.bellunopress.it\/#\/schema\/person\/79bb06722b37ece1c03d3e94beb30d73"},"headline":"Promossi 21 cani del Corpo Nazionale Soccorso alpino e Speleologico","datePublished":"2021-06-05T19:21:47+00:00","dateModified":"2021-06-05T19:21:48+00:00","mainEntityOfPage":{"@id":"https:\/\/www.bellunopress.it\/2021\/06\/05\/promossi-21-cani-del-corpo-nazionale-soccorso-alpino-e-speleologico\/"},"wordCount":694,"publisher":{"@id":"https:\/\/www.bellunopress.it\/#organization"},"image":{"@id":"https:\/\/www.bellunopress.it\/2021\/06\/05\/promossi-21-cani-del-corpo-nazionale-soccorso-alpino-e-speleologico\/#primaryimage"},"thumbnailUrl":"https:\/\/www.bellunopress.it\/wp-content\/uploads\/2021\/06\/soccorso-alpino-golden_edited.jpg","articleSection":["Meteo, natura, ambiente, animali","Prima Pagina","Societ\u00e0, Associazioni, Istituzioni"],"inLanguage":"fr-FR"},{"@type":"WebPage","@id":"https:\/\/www.bellunopress.it\/2021\/06\/05\/promossi-21-cani-del-corpo-nazionale-soccorso-alpino-e-speleologico\/","url":"https:\/\/www.bellunopress.it\/2021\/06\/05\/promossi-21-cani-del-corpo-nazionale-soccorso-alpino-e-speleologico\/","name":"Promossi 21 cani del Corpo Nazionale Soccorso alpino e Speleologico - Bellunopress - Dolomiti","isPartOf":{"@id":"https:\/\/www.bellunopress.it\/#website"},"primaryImageOfPage":{"@id":"https:\/\/www.bellunopress.it\/2021\/06\/05\/promossi-21-cani-del-corpo-nazionale-soccorso-alpino-e-speleologico\/#primaryimage"},"image":{"@id":"https:\/\/www.bellunopress.it\/2021\/06\/05\/promossi-21-cani-del-corpo-nazionale-soccorso-alpino-e-speleologico\/#primaryimage"},"thumbnailUrl":"https:\/\/www.bellunopress.it\/wp-content\/uploads\/2021\/06\/soccorso-alpino-golden_edited.jpg","datePublished":"2021-06-05T19:21:47+00:00","dateModified":"2021-06-05T19:21:48+00:00","breadcrumb":{"@id":"https:\/\/www.bellunopress.it\/2021\/06\/05\/promossi-21-cani-del-corpo-nazionale-soccorso-alpino-e-speleologico\/#breadcrumb"},"inLanguage":"fr-FR","potentialAction":[{"@type":"ReadAction","target":["https:\/\/www.bellunopress.it\/2021\/06\/05\/promossi-21-cani-del-corpo-nazionale-soccorso-alpino-e-speleologico\/"]}]},{"@type":"ImageObject","inLanguage":"fr-FR","@id":"https:\/\/www.bellunopress.it\/2021\/06\/05\/promossi-21-cani-del-corpo-nazionale-soccorso-alpino-e-speleologico\/#primaryimage","url":"https:\/\/www.bellunopress.it\/wp-content\/uploads\/2021\/06\/soccorso-alpino-golden_edited.jpg","contentUrl":"https:\/\/www.bellunopress.it\/wp-content\/uploads\/2021\/06\/soccorso-alpino-golden_edited.jpg","width":800,"height":731,"caption":"foto di repertorio"},{"@type":"BreadcrumbList","@id":"https:\/\/www.bellunopress.it\/2021\/06\/05\/promossi-21-cani-del-corpo-nazionale-soccorso-alpino-e-speleologico\/#breadcrumb","itemListElement":[{"@type":"ListItem","position":1,"name":"Home","item":"https:\/\/www.bellunopress.it\/"},{"@type":"ListItem","position":2,"name":"Promossi 21 cani del Corpo Nazionale Soccorso alpino e Speleologico"}]},{"@type":"WebSite","@id":"https:\/\/www.bellunopress.it\/#website","url":"https:\/\/www.bellunopress.it\/","name":"Bellunopress - Dolomiti","description":"e-mail: redazione@bellunopress.it","publisher":{"@id":"https:\/\/www.bellunopress.it\/#organization"},"potentialAction":[{"@type":"SearchAction","target":{"@type":"EntryPoint","urlTemplate":"https:\/\/www.bellunopress.it\/?s={search_term_string}"},"query-input":{"@type":"PropertyValueSpecification","valueRequired":true,"valueName":"search_term_string"}}],"inLanguage":"fr-FR"},{"@type":"Organization","@id":"https:\/\/www.bellunopress.it\/#organization","name":"Bellunopress","url":"https:\/\/www.bellunopress.it\/","logo":{"@type":"ImageObject","inLanguage":"fr-FR","@id":"https:\/\/www.bellunopress.it\/#\/schema\/logo\/image\/","url":"https:\/\/www.bellunopress.it\/wp-content\/uploads\/2011\/05\/cropped-logo-bellunopress-.jpg","contentUrl":"https:\/\/www.bellunopress.it\/wp-content\/uploads\/2011\/05\/cropped-logo-bellunopress-.jpg","width":512,"height":512,"caption":"Bellunopress"},"image":{"@id":"https:\/\/www.bellunopress.it\/#\/schema\/logo\/image\/"},"sameAs":["https:\/\/www.facebook.com\/profile.php?id=100008943462799","https:\/\/x.com\/bellunopress","https:\/\/www.linkedin.com\/hp\/?dnr=JBzUWaJfMUw8vbXJJ2tVW5-I3jZKvC4wsoxE&amp;amp;amp;amp;amp;amp;trk=nav_responsive_tab_home","https:\/\/www.youtube.com\/channel\/UCxL0wu1uN0_3_7hGG0306cw"]},{"@type":"Person","@id":"https:\/\/www.bellunopress.it\/#\/schema\/person\/79bb06722b37ece1c03d3e94beb30d73","name":"r\u00e9daction","image":{"@type":"ImageObject","inLanguage":"fr-FR","@id":"https:\/\/secure.gravatar.com\/avatar\/37d968a2e67a6fd04c169c4bdef102d0bc5d31b2546345219e348575eb80e9a0?s=96&d=mm&r=g","url":"https:\/\/secure.gravatar.com\/avatar\/37d968a2e67a6fd04c169c4bdef102d0bc5d31b2546345219e348575eb80e9a0?s=96&d=mm&r=g","contentUrl":"https:\/\/secure.gravatar.com\/avatar\/37d968a2e67a6fd04c169c4bdef102d0bc5d31b2546345219e348575eb80e9a0?s=96&d=mm&r=g","caption":"redazione"},"sameAs":["http:\/\/www.bellunopress.it","https:\/\/x.com\/bellunopress"],"url":"https:\/\/www.bellunopress.it\/fr\/author\/redazione\/"}]}},"_links":{"self":[{"href":"https:\/\/www.bellunopress.it\/fr\/wp-json\/wp\/v2\/posts\/125031","targetHints":{"allow":["GET"]}}],"collection":[{"href":"https:\/\/www.bellunopress.it\/fr\/wp-json\/wp\/v2\/posts"}],"about":[{"href":"https:\/\/www.bellunopress.it\/fr\/wp-json\/wp\/v2\/types\/post"}],"author":[{"embeddable":true,"href":"https:\/\/www.bellunopress.it\/fr\/wp-json\/wp\/v2\/users\/2"}],"replies":[{"embeddable":true,"href":"https:\/\/www.bellunopress.it\/fr\/wp-json\/wp\/v2\/comments?post=125031"}],"version-history":[{"count":2,"href":"https:\/\/www.bellunopress.it\/fr\/wp-json\/wp\/v2\/posts\/125031\/revisions"}],"predecessor-version":[{"id":125034,"href":"https:\/\/www.bellunopress.it\/fr\/wp-json\/wp\/v2\/posts\/125031\/revisions\/125034"}],"wp:featuredmedia":[{"embeddable":true,"href":"https:\/\/www.bellunopress.it\/fr\/wp-json\/wp\/v2\/media\/125032"}],"wp:attachment":[{"href":"https:\/\/www.bellunopress.it\/fr\/wp-json\/wp\/v2\/media?parent=125031"}],"wp:term":[{"taxonomy":"category","embeddable":true,"href":"https:\/\/www.bellunopress.it\/fr\/wp-json\/wp\/v2\/categories?post=125031"},{"taxonomy":"post_tag","embeddable":true,"href":"https:\/\/www.bellunopress.it\/fr\/wp-json\/wp\/v2\/tags?post=125031"}],"curies":[{"name":"wp","href":"https:\/\/api.w.org\/{rel}","templated":true}]}}