{"id":124996,"date":"2021-06-04T14:38:28","date_gmt":"2021-06-04T12:38:28","guid":{"rendered":"https:\/\/www.bellunopress.it\/?p=124996"},"modified":"2021-06-04T16:22:45","modified_gmt":"2021-06-04T14:22:45","slug":"sars-cov-2-in-veneto-identificato-un-caso-di-variante-camerunense-in-ulss-dolomiti","status":"publish","type":"post","link":"https:\/\/www.bellunopress.it\/fr\/2021\/06\/04\/sars-cov-2-in-veneto-identificato-un-caso-di-variante-camerunense-in-ulss-dolomiti\/","title":{"rendered":"SARS-CoV-2 in Veneto. Identificato un caso di variante camerunense in Ulss Dolomiti"},"content":{"rendered":"<p><a href=\"https:\/\/www.bellunopress.it\/fr\/2021\/06\/04\/sars-cov-2-in-veneto-identificato-un-caso-di-variante-camerunense-in-ulss-dolomiti\/sars-cov-2_edited\/\" rel=\"attachment wp-att-124998\"><img loading=\"lazy\" decoding=\"async\" class=\"alignleft size-full wp-image-124998\" src=\"https:\/\/www.bellunopress.it\/wp-content\/uploads\/2021\/06\/sars-cov-2_edited.jpg\" alt=\"\" width=\"384\" height=\"276\" \/><\/a>Come comunicato dall\u2019Istituto Zooprofilattico delle Venezia, l&#8217;Ulss Dolomiti conferma che \u00e8 stato identificato un caso di variante B.1.620 (variante camerunense).<br \/>\nSono in corso degli approfondimenti per ricostruire la catena del contagio e verificare la presenza della variante anche tra i contatti\u00a0 stretti.<\/p>\n<p>La variante B.1.620 &#8211; secondo gli studi dell&#8217;Istituto Zooprofilattico delle Venezia &#8211; si caratterizza per un elevato numero di mutazioni nella proteina Spike, molte delle quali in comune con altre VOC. Tali mutazioni potrebbero contribuire a rendere il virus meno suscettibile alla risposta anticorpale.<\/p>\n<p><strong>Variante B.1.620<\/strong><br \/>\nLa variante B.1.620 (identificata anche come variante camerunense) \u00e8 stata individuata in diversi paesi europei, inclusa l\u2019Italia, e dell\u2019Africa Centrale, da cui si ipotizza essersi originata (Dudas et al., preprint). Il 24 maggio l\u2019ECDC ha incluso tale variante tra le VOI (Variants of Interest).<\/p>\n<p><strong>Situazione epidemiologica in Veneto<\/strong><br \/>\nAd oggi in Veneto segnaliamo cinque casi dovuti a questa variante, tre dei quali identificati nel corso della sorveglianza ISS del 18 maggio in campioni provenienti da Padova e Belluno.<\/p>\n<p><strong>Caratteristiche della variante B.1.620<\/strong><br \/>\nTale variante si caratterizza per un elevato numero di mutazioni e delezioni nella proteina Spike (P26S, 69-70del, V126A, 144del, 241-243del, H245Y, S477N, E484K, D614G, P681H, T1027I e D1118H), alcune delle quali (E484K, S477N le delezioni HV69del, Y144del e LLA241\/243del) presenti anche in molte VOC. In particolare tale variante contiene nel dominio N-terminale e nel sito recettoriale della proteina Spike una serie di mutazioni che sono state precedentemente associate ad una riduzione della capacit\u00e0 neutralizzante da parte di specifici anticorpi monoclonali o sieri di soggetti guariti dall\u2019infezione (Dudas et al., preprint). Ulteriori studi sono necessari per meglio comprendere le caratteristiche di tale variante.<\/p>\n<p><a href=\"https:\/\/www.izsvenezie.it\/caratteristiche-genetiche-sars-cov-2-veneto-7\/\">\u00a0Fonte: Istituto Zooprofilattico Sperimentale delle Venezie (IZSVe)\u00a0\u00a0<\/a><\/p>\n<p>&nbsp;<\/p>\n<p>&nbsp;<\/p>","protected":false},"excerpt":{"rendered":"<p>Come comunicato dall\u2019Istituto Zooprofilattico delle Venezia, l&#8217;Ulss Dolomiti conferma che \u00e8 stato identificato un caso di variante B.1.620 (variante camerunense). Sono in corso degli approfondimenti per ricostruire la catena del contagio e verificare la presenza della variante anche tra i contatti\u00a0 stretti. La variante B.1.620 &#8211; secondo gli studi dell&#8217;Istituto Zooprofilattico delle Venezia &#8211; si [&hellip;]<\/p>\n","protected":false},"author":2,"featured_media":124998,"comment_status":"closed","ping_status":"open","sticky":false,"template":"","format":"standard","meta":{"footnotes":""},"categories":[3446,17],"tags":[],"class_list":["post-124996","post","type-post","status-publish","format-standard","has-post-thumbnail","category-featured","category-sanita"],"yoast_head":"<!-- This site is optimized with the Yoast SEO plugin v28.4 - https:\/\/yoast.com\/product\/yoast-seo-wordpress\/ -->\n<title>SARS-CoV-2 in Veneto. Identificato un caso di variante camerunense in Ulss Dolomiti - Bellunopress - Dolomiti<\/title>\n<meta name=\"robots\" content=\"index, follow, max-snippet:-1, max-image-preview:large, max-video-preview:-1\" \/>\n<link rel=\"canonical\" href=\"https:\/\/www.bellunopress.it\/fr\/2021\/06\/04\/sars-cov-2-in-veneto-identificato-un-caso-di-variante-camerunense-in-ulss-dolomiti\/\" \/>\n<meta property=\"og:locale\" content=\"fr_FR\" \/>\n<meta property=\"og:type\" content=\"article\" \/>\n<meta property=\"og:title\" content=\"SARS-CoV-2 in Veneto. Identificato un caso di variante camerunense in Ulss Dolomiti - Bellunopress - Dolomiti\" \/>\n<meta property=\"og:description\" content=\"Come comunicato dall\u2019Istituto Zooprofilattico delle Venezia, l&#8217;Ulss Dolomiti conferma che \u00e8 stato identificato un caso di variante B.1.620 (variante camerunense). Sono in corso degli approfondimenti per ricostruire la catena del contagio e verificare la presenza della variante anche tra i contatti\u00a0 stretti. La variante B.1.620 &#8211; secondo gli studi dell&#8217;Istituto Zooprofilattico delle Venezia &#8211; si [&hellip;]\" \/>\n<meta property=\"og:url\" content=\"https:\/\/www.bellunopress.it\/fr\/2021\/06\/04\/sars-cov-2-in-veneto-identificato-un-caso-di-variante-camerunense-in-ulss-dolomiti\/\" \/>\n<meta property=\"og:site_name\" content=\"Bellunopress - Dolomiti\" \/>\n<meta property=\"article:publisher\" content=\"https:\/\/www.facebook.com\/profile.php?id=100008943462799\" \/>\n<meta property=\"article:published_time\" content=\"2021-06-04T12:38:28+00:00\" \/>\n<meta property=\"article:modified_time\" content=\"2021-06-04T14:22:45+00:00\" \/>\n<meta property=\"og:image\" content=\"https:\/\/www.bellunopress.it\/wp-content\/uploads\/2021\/06\/sars-cov-2_edited.jpg\" \/>\n\t<meta property=\"og:image:width\" content=\"384\" \/>\n\t<meta property=\"og:image:height\" content=\"276\" \/>\n\t<meta property=\"og:image:type\" content=\"image\/jpeg\" \/>\n<meta name=\"author\" content=\"redazione\" \/>\n<meta name=\"twitter:card\" content=\"summary_large_image\" \/>\n<meta name=\"twitter:creator\" content=\"@bellunopress\" \/>\n<meta name=\"twitter:site\" content=\"@bellunopress\" \/>\n<meta name=\"twitter:label1\" content=\"\u00c9crit par\" \/>\n\t<meta name=\"twitter:data1\" content=\"redazione\" \/>\n\t<meta name=\"twitter:label2\" content=\"Dur\u00e9e de lecture estim\u00e9e\" \/>\n\t<meta name=\"twitter:data2\" content=\"2 minutes\" \/>\n<script type=\"application\/ld+json\" class=\"yoast-schema-graph\">{\"@context\":\"https:\\\/\\\/schema.org\",\"@graph\":[{\"@type\":\"Article\",\"@id\":\"https:\\\/\\\/www.bellunopress.it\\\/2021\\\/06\\\/04\\\/sars-cov-2-in-veneto-identificato-un-caso-di-variante-camerunense-in-ulss-dolomiti\\\/#article\",\"isPartOf\":{\"@id\":\"https:\\\/\\\/www.bellunopress.it\\\/2021\\\/06\\\/04\\\/sars-cov-2-in-veneto-identificato-un-caso-di-variante-camerunense-in-ulss-dolomiti\\\/\"},\"author\":{\"name\":\"redazione\",\"@id\":\"https:\\\/\\\/www.bellunopress.it\\\/#\\\/schema\\\/person\\\/79bb06722b37ece1c03d3e94beb30d73\"},\"headline\":\"SARS-CoV-2 in Veneto. Identificato un caso di variante camerunense in Ulss Dolomiti\",\"datePublished\":\"2021-06-04T12:38:28+00:00\",\"dateModified\":\"2021-06-04T14:22:45+00:00\",\"mainEntityOfPage\":{\"@id\":\"https:\\\/\\\/www.bellunopress.it\\\/2021\\\/06\\\/04\\\/sars-cov-2-in-veneto-identificato-un-caso-di-variante-camerunense-in-ulss-dolomiti\\\/\"},\"wordCount\":312,\"publisher\":{\"@id\":\"https:\\\/\\\/www.bellunopress.it\\\/#organization\"},\"image\":{\"@id\":\"https:\\\/\\\/www.bellunopress.it\\\/2021\\\/06\\\/04\\\/sars-cov-2-in-veneto-identificato-un-caso-di-variante-camerunense-in-ulss-dolomiti\\\/#primaryimage\"},\"thumbnailUrl\":\"https:\\\/\\\/www.bellunopress.it\\\/wp-content\\\/uploads\\\/2021\\\/06\\\/sars-cov-2_edited.jpg\",\"articleSection\":[\"Featured\",\"Sanit\u00e0 Medicina\"],\"inLanguage\":\"fr-FR\"},{\"@type\":\"WebPage\",\"@id\":\"https:\\\/\\\/www.bellunopress.it\\\/2021\\\/06\\\/04\\\/sars-cov-2-in-veneto-identificato-un-caso-di-variante-camerunense-in-ulss-dolomiti\\\/\",\"url\":\"https:\\\/\\\/www.bellunopress.it\\\/2021\\\/06\\\/04\\\/sars-cov-2-in-veneto-identificato-un-caso-di-variante-camerunense-in-ulss-dolomiti\\\/\",\"name\":\"SARS-CoV-2 in Veneto. Identificato un caso di variante camerunense in Ulss Dolomiti - Bellunopress - Dolomiti\",\"isPartOf\":{\"@id\":\"https:\\\/\\\/www.bellunopress.it\\\/#website\"},\"primaryImageOfPage\":{\"@id\":\"https:\\\/\\\/www.bellunopress.it\\\/2021\\\/06\\\/04\\\/sars-cov-2-in-veneto-identificato-un-caso-di-variante-camerunense-in-ulss-dolomiti\\\/#primaryimage\"},\"image\":{\"@id\":\"https:\\\/\\\/www.bellunopress.it\\\/2021\\\/06\\\/04\\\/sars-cov-2-in-veneto-identificato-un-caso-di-variante-camerunense-in-ulss-dolomiti\\\/#primaryimage\"},\"thumbnailUrl\":\"https:\\\/\\\/www.bellunopress.it\\\/wp-content\\\/uploads\\\/2021\\\/06\\\/sars-cov-2_edited.jpg\",\"datePublished\":\"2021-06-04T12:38:28+00:00\",\"dateModified\":\"2021-06-04T14:22:45+00:00\",\"breadcrumb\":{\"@id\":\"https:\\\/\\\/www.bellunopress.it\\\/2021\\\/06\\\/04\\\/sars-cov-2-in-veneto-identificato-un-caso-di-variante-camerunense-in-ulss-dolomiti\\\/#breadcrumb\"},\"inLanguage\":\"fr-FR\",\"potentialAction\":[{\"@type\":\"ReadAction\",\"target\":[\"https:\\\/\\\/www.bellunopress.it\\\/2021\\\/06\\\/04\\\/sars-cov-2-in-veneto-identificato-un-caso-di-variante-camerunense-in-ulss-dolomiti\\\/\"]}]},{\"@type\":\"ImageObject\",\"inLanguage\":\"fr-FR\",\"@id\":\"https:\\\/\\\/www.bellunopress.it\\\/2021\\\/06\\\/04\\\/sars-cov-2-in-veneto-identificato-un-caso-di-variante-camerunense-in-ulss-dolomiti\\\/#primaryimage\",\"url\":\"https:\\\/\\\/www.bellunopress.it\\\/wp-content\\\/uploads\\\/2021\\\/06\\\/sars-cov-2_edited.jpg\",\"contentUrl\":\"https:\\\/\\\/www.bellunopress.it\\\/wp-content\\\/uploads\\\/2021\\\/06\\\/sars-cov-2_edited.jpg\",\"width\":384,\"height\":276},{\"@type\":\"BreadcrumbList\",\"@id\":\"https:\\\/\\\/www.bellunopress.it\\\/2021\\\/06\\\/04\\\/sars-cov-2-in-veneto-identificato-un-caso-di-variante-camerunense-in-ulss-dolomiti\\\/#breadcrumb\",\"itemListElement\":[{\"@type\":\"ListItem\",\"position\":1,\"name\":\"Home\",\"item\":\"https:\\\/\\\/www.bellunopress.it\\\/\"},{\"@type\":\"ListItem\",\"position\":2,\"name\":\"SARS-CoV-2 in Veneto. Identificato un caso di variante camerunense in Ulss Dolomiti\"}]},{\"@type\":\"WebSite\",\"@id\":\"https:\\\/\\\/www.bellunopress.it\\\/#website\",\"url\":\"https:\\\/\\\/www.bellunopress.it\\\/\",\"name\":\"Bellunopress - Dolomiti\",\"description\":\"e-mail: redazione@bellunopress.it\",\"publisher\":{\"@id\":\"https:\\\/\\\/www.bellunopress.it\\\/#organization\"},\"potentialAction\":[{\"@type\":\"SearchAction\",\"target\":{\"@type\":\"EntryPoint\",\"urlTemplate\":\"https:\\\/\\\/www.bellunopress.it\\\/?s={search_term_string}\"},\"query-input\":{\"@type\":\"PropertyValueSpecification\",\"valueRequired\":true,\"valueName\":\"search_term_string\"}}],\"inLanguage\":\"fr-FR\"},{\"@type\":\"Organization\",\"@id\":\"https:\\\/\\\/www.bellunopress.it\\\/#organization\",\"name\":\"Bellunopress\",\"url\":\"https:\\\/\\\/www.bellunopress.it\\\/\",\"logo\":{\"@type\":\"ImageObject\",\"inLanguage\":\"fr-FR\",\"@id\":\"https:\\\/\\\/www.bellunopress.it\\\/#\\\/schema\\\/logo\\\/image\\\/\",\"url\":\"https:\\\/\\\/www.bellunopress.it\\\/wp-content\\\/uploads\\\/2011\\\/05\\\/cropped-logo-bellunopress-.jpg\",\"contentUrl\":\"https:\\\/\\\/www.bellunopress.it\\\/wp-content\\\/uploads\\\/2011\\\/05\\\/cropped-logo-bellunopress-.jpg\",\"width\":512,\"height\":512,\"caption\":\"Bellunopress\"},\"image\":{\"@id\":\"https:\\\/\\\/www.bellunopress.it\\\/#\\\/schema\\\/logo\\\/image\\\/\"},\"sameAs\":[\"https:\\\/\\\/www.facebook.com\\\/profile.php?id=100008943462799\",\"https:\\\/\\\/x.com\\\/bellunopress\",\"https:\\\/\\\/www.linkedin.com\\\/hp\\\/?dnr=JBzUWaJfMUw8vbXJJ2tVW5-I3jZKvC4wsoxE&amp;amp;amp;amp;amp;amp;trk=nav_responsive_tab_home\",\"https:\\\/\\\/www.youtube.com\\\/channel\\\/UCxL0wu1uN0_3_7hGG0306cw\"]},{\"@type\":\"Person\",\"@id\":\"https:\\\/\\\/www.bellunopress.it\\\/#\\\/schema\\\/person\\\/79bb06722b37ece1c03d3e94beb30d73\",\"name\":\"redazione\",\"image\":{\"@type\":\"ImageObject\",\"inLanguage\":\"fr-FR\",\"@id\":\"https:\\\/\\\/secure.gravatar.com\\\/avatar\\\/37d968a2e67a6fd04c169c4bdef102d0bc5d31b2546345219e348575eb80e9a0?s=96&d=mm&r=g\",\"url\":\"https:\\\/\\\/secure.gravatar.com\\\/avatar\\\/37d968a2e67a6fd04c169c4bdef102d0bc5d31b2546345219e348575eb80e9a0?s=96&d=mm&r=g\",\"contentUrl\":\"https:\\\/\\\/secure.gravatar.com\\\/avatar\\\/37d968a2e67a6fd04c169c4bdef102d0bc5d31b2546345219e348575eb80e9a0?s=96&d=mm&r=g\",\"caption\":\"redazione\"},\"sameAs\":[\"http:\\\/\\\/www.bellunopress.it\",\"https:\\\/\\\/x.com\\\/bellunopress\"],\"url\":\"https:\\\/\\\/www.bellunopress.it\\\/fr\\\/author\\\/redazione\\\/\"}]}<\/script>\n<!-- \/ Yoast SEO plugin. -->","yoast_head_json":{"title":"SARS-CoV-2 in Veneto. Identificato un caso di variante camerunense in Ulss Dolomiti - Bellunopress - Dolomiti","robots":{"index":"index","follow":"follow","max-snippet":"max-snippet:-1","max-image-preview":"max-image-preview:large","max-video-preview":"max-video-preview:-1"},"canonical":"https:\/\/www.bellunopress.it\/fr\/2021\/06\/04\/sars-cov-2-in-veneto-identificato-un-caso-di-variante-camerunense-in-ulss-dolomiti\/","og_locale":"fr_FR","og_type":"article","og_title":"SARS-CoV-2 in Veneto. Identificato un caso di variante camerunense in Ulss Dolomiti - Bellunopress - Dolomiti","og_description":"Come comunicato dall\u2019Istituto Zooprofilattico delle Venezia, l&#8217;Ulss Dolomiti conferma che \u00e8 stato identificato un caso di variante B.1.620 (variante camerunense). Sono in corso degli approfondimenti per ricostruire la catena del contagio e verificare la presenza della variante anche tra i contatti\u00a0 stretti. La variante B.1.620 &#8211; secondo gli studi dell&#8217;Istituto Zooprofilattico delle Venezia &#8211; si [&hellip;]","og_url":"https:\/\/www.bellunopress.it\/fr\/2021\/06\/04\/sars-cov-2-in-veneto-identificato-un-caso-di-variante-camerunense-in-ulss-dolomiti\/","og_site_name":"Bellunopress - Dolomiti","article_publisher":"https:\/\/www.facebook.com\/profile.php?id=100008943462799","article_published_time":"2021-06-04T12:38:28+00:00","article_modified_time":"2021-06-04T14:22:45+00:00","og_image":[{"width":384,"height":276,"url":"https:\/\/www.bellunopress.it\/wp-content\/uploads\/2021\/06\/sars-cov-2_edited.jpg","type":"image\/jpeg"}],"author":"redazione","twitter_card":"summary_large_image","twitter_creator":"@bellunopress","twitter_site":"@bellunopress","twitter_misc":{"\u00c9crit par":"redazione","Dur\u00e9e de lecture estim\u00e9e":"2 minutes"},"schema":{"@context":"https:\/\/schema.org","@graph":[{"@type":"Article","@id":"https:\/\/www.bellunopress.it\/2021\/06\/04\/sars-cov-2-in-veneto-identificato-un-caso-di-variante-camerunense-in-ulss-dolomiti\/#article","isPartOf":{"@id":"https:\/\/www.bellunopress.it\/2021\/06\/04\/sars-cov-2-in-veneto-identificato-un-caso-di-variante-camerunense-in-ulss-dolomiti\/"},"author":{"name":"redazione","@id":"https:\/\/www.bellunopress.it\/#\/schema\/person\/79bb06722b37ece1c03d3e94beb30d73"},"headline":"SARS-CoV-2 in Veneto. Identificato un caso di variante camerunense in Ulss Dolomiti","datePublished":"2021-06-04T12:38:28+00:00","dateModified":"2021-06-04T14:22:45+00:00","mainEntityOfPage":{"@id":"https:\/\/www.bellunopress.it\/2021\/06\/04\/sars-cov-2-in-veneto-identificato-un-caso-di-variante-camerunense-in-ulss-dolomiti\/"},"wordCount":312,"publisher":{"@id":"https:\/\/www.bellunopress.it\/#organization"},"image":{"@id":"https:\/\/www.bellunopress.it\/2021\/06\/04\/sars-cov-2-in-veneto-identificato-un-caso-di-variante-camerunense-in-ulss-dolomiti\/#primaryimage"},"thumbnailUrl":"https:\/\/www.bellunopress.it\/wp-content\/uploads\/2021\/06\/sars-cov-2_edited.jpg","articleSection":["Featured","Sanit\u00e0 Medicina"],"inLanguage":"fr-FR"},{"@type":"WebPage","@id":"https:\/\/www.bellunopress.it\/2021\/06\/04\/sars-cov-2-in-veneto-identificato-un-caso-di-variante-camerunense-in-ulss-dolomiti\/","url":"https:\/\/www.bellunopress.it\/2021\/06\/04\/sars-cov-2-in-veneto-identificato-un-caso-di-variante-camerunense-in-ulss-dolomiti\/","name":"SARS-CoV-2 in Veneto. Identificato un caso di variante camerunense in Ulss Dolomiti - Bellunopress - Dolomiti","isPartOf":{"@id":"https:\/\/www.bellunopress.it\/#website"},"primaryImageOfPage":{"@id":"https:\/\/www.bellunopress.it\/2021\/06\/04\/sars-cov-2-in-veneto-identificato-un-caso-di-variante-camerunense-in-ulss-dolomiti\/#primaryimage"},"image":{"@id":"https:\/\/www.bellunopress.it\/2021\/06\/04\/sars-cov-2-in-veneto-identificato-un-caso-di-variante-camerunense-in-ulss-dolomiti\/#primaryimage"},"thumbnailUrl":"https:\/\/www.bellunopress.it\/wp-content\/uploads\/2021\/06\/sars-cov-2_edited.jpg","datePublished":"2021-06-04T12:38:28+00:00","dateModified":"2021-06-04T14:22:45+00:00","breadcrumb":{"@id":"https:\/\/www.bellunopress.it\/2021\/06\/04\/sars-cov-2-in-veneto-identificato-un-caso-di-variante-camerunense-in-ulss-dolomiti\/#breadcrumb"},"inLanguage":"fr-FR","potentialAction":[{"@type":"ReadAction","target":["https:\/\/www.bellunopress.it\/2021\/06\/04\/sars-cov-2-in-veneto-identificato-un-caso-di-variante-camerunense-in-ulss-dolomiti\/"]}]},{"@type":"ImageObject","inLanguage":"fr-FR","@id":"https:\/\/www.bellunopress.it\/2021\/06\/04\/sars-cov-2-in-veneto-identificato-un-caso-di-variante-camerunense-in-ulss-dolomiti\/#primaryimage","url":"https:\/\/www.bellunopress.it\/wp-content\/uploads\/2021\/06\/sars-cov-2_edited.jpg","contentUrl":"https:\/\/www.bellunopress.it\/wp-content\/uploads\/2021\/06\/sars-cov-2_edited.jpg","width":384,"height":276},{"@type":"BreadcrumbList","@id":"https:\/\/www.bellunopress.it\/2021\/06\/04\/sars-cov-2-in-veneto-identificato-un-caso-di-variante-camerunense-in-ulss-dolomiti\/#breadcrumb","itemListElement":[{"@type":"ListItem","position":1,"name":"Home","item":"https:\/\/www.bellunopress.it\/"},{"@type":"ListItem","position":2,"name":"SARS-CoV-2 in Veneto. Identificato un caso di variante camerunense in Ulss Dolomiti"}]},{"@type":"WebSite","@id":"https:\/\/www.bellunopress.it\/#website","url":"https:\/\/www.bellunopress.it\/","name":"Bellunopress - Dolomiti","description":"e-mail: redazione@bellunopress.it","publisher":{"@id":"https:\/\/www.bellunopress.it\/#organization"},"potentialAction":[{"@type":"SearchAction","target":{"@type":"EntryPoint","urlTemplate":"https:\/\/www.bellunopress.it\/?s={search_term_string}"},"query-input":{"@type":"PropertyValueSpecification","valueRequired":true,"valueName":"search_term_string"}}],"inLanguage":"fr-FR"},{"@type":"Organization","@id":"https:\/\/www.bellunopress.it\/#organization","name":"Bellunopress","url":"https:\/\/www.bellunopress.it\/","logo":{"@type":"ImageObject","inLanguage":"fr-FR","@id":"https:\/\/www.bellunopress.it\/#\/schema\/logo\/image\/","url":"https:\/\/www.bellunopress.it\/wp-content\/uploads\/2011\/05\/cropped-logo-bellunopress-.jpg","contentUrl":"https:\/\/www.bellunopress.it\/wp-content\/uploads\/2011\/05\/cropped-logo-bellunopress-.jpg","width":512,"height":512,"caption":"Bellunopress"},"image":{"@id":"https:\/\/www.bellunopress.it\/#\/schema\/logo\/image\/"},"sameAs":["https:\/\/www.facebook.com\/profile.php?id=100008943462799","https:\/\/x.com\/bellunopress","https:\/\/www.linkedin.com\/hp\/?dnr=JBzUWaJfMUw8vbXJJ2tVW5-I3jZKvC4wsoxE&amp;amp;amp;amp;amp;amp;trk=nav_responsive_tab_home","https:\/\/www.youtube.com\/channel\/UCxL0wu1uN0_3_7hGG0306cw"]},{"@type":"Person","@id":"https:\/\/www.bellunopress.it\/#\/schema\/person\/79bb06722b37ece1c03d3e94beb30d73","name":"r\u00e9daction","image":{"@type":"ImageObject","inLanguage":"fr-FR","@id":"https:\/\/secure.gravatar.com\/avatar\/37d968a2e67a6fd04c169c4bdef102d0bc5d31b2546345219e348575eb80e9a0?s=96&d=mm&r=g","url":"https:\/\/secure.gravatar.com\/avatar\/37d968a2e67a6fd04c169c4bdef102d0bc5d31b2546345219e348575eb80e9a0?s=96&d=mm&r=g","contentUrl":"https:\/\/secure.gravatar.com\/avatar\/37d968a2e67a6fd04c169c4bdef102d0bc5d31b2546345219e348575eb80e9a0?s=96&d=mm&r=g","caption":"redazione"},"sameAs":["http:\/\/www.bellunopress.it","https:\/\/x.com\/bellunopress"],"url":"https:\/\/www.bellunopress.it\/fr\/author\/redazione\/"}]}},"_links":{"self":[{"href":"https:\/\/www.bellunopress.it\/fr\/wp-json\/wp\/v2\/posts\/124996","targetHints":{"allow":["GET"]}}],"collection":[{"href":"https:\/\/www.bellunopress.it\/fr\/wp-json\/wp\/v2\/posts"}],"about":[{"href":"https:\/\/www.bellunopress.it\/fr\/wp-json\/wp\/v2\/types\/post"}],"author":[{"embeddable":true,"href":"https:\/\/www.bellunopress.it\/fr\/wp-json\/wp\/v2\/users\/2"}],"replies":[{"embeddable":true,"href":"https:\/\/www.bellunopress.it\/fr\/wp-json\/wp\/v2\/comments?post=124996"}],"version-history":[{"count":2,"href":"https:\/\/www.bellunopress.it\/fr\/wp-json\/wp\/v2\/posts\/124996\/revisions"}],"predecessor-version":[{"id":125000,"href":"https:\/\/www.bellunopress.it\/fr\/wp-json\/wp\/v2\/posts\/124996\/revisions\/125000"}],"wp:featuredmedia":[{"embeddable":true,"href":"https:\/\/www.bellunopress.it\/fr\/wp-json\/wp\/v2\/media\/124998"}],"wp:attachment":[{"href":"https:\/\/www.bellunopress.it\/fr\/wp-json\/wp\/v2\/media?parent=124996"}],"wp:term":[{"taxonomy":"category","embeddable":true,"href":"https:\/\/www.bellunopress.it\/fr\/wp-json\/wp\/v2\/categories?post=124996"},{"taxonomy":"post_tag","embeddable":true,"href":"https:\/\/www.bellunopress.it\/fr\/wp-json\/wp\/v2\/tags?post=124996"}],"curies":[{"name":"wp","href":"https:\/\/api.w.org\/{rel}","templated":true}]}}