{"id":124771,"date":"2021-05-26T16:19:53","date_gmt":"2021-05-26T14:19:53","guid":{"rendered":"https:\/\/www.bellunopress.it\/?p=124771"},"modified":"2021-05-26T16:19:53","modified_gmt":"2021-05-26T14:19:53","slug":"ulss-dolomiti-superati-i-118-500-vaccini","status":"publish","type":"post","link":"https:\/\/www.bellunopress.it\/fr\/2021\/05\/26\/ulss-dolomiti-superati-i-118-500-vaccini\/","title":{"rendered":"Ulss Dolomiti: superati i 118.500 vaccini"},"content":{"rendered":"<p><a href=\"https:\/\/www.bellunopress.it\/fr\/2020\/06\/29\/in-cina-pronto-il-vaccino-contro-il-covid-19-sara-utilizzato-solo-dai-militari-cinesi\/vaccino_edited\/\" rel=\"attachment wp-att-115413\"><img loading=\"lazy\" decoding=\"async\" class=\"alignleft size-full wp-image-115413\" src=\"https:\/\/www.bellunopress.it\/wp-content\/uploads\/2020\/06\/vaccino_edited.jpg\" alt=\"\" width=\"800\" height=\"420\" srcset=\"https:\/\/www.bellunopress.it\/wp-content\/uploads\/2020\/06\/vaccino_edited.jpg 800w, https:\/\/www.bellunopress.it\/wp-content\/uploads\/2020\/06\/vaccino_edited-500x263.jpg 500w, https:\/\/www.bellunopress.it\/wp-content\/uploads\/2020\/06\/vaccino_edited-696x365.jpg 696w\" sizes=\"auto, (max-width: 800px) 100vw, 800px\" \/><\/a>Belluno, 26 maggio 2021 &#8211; L&#8217;Ulss Dolomiti comunica che ad oggi le somministrazioni di vaccino anticovid superano le 118.500<\/p>\n<p><strong>COPERTURA PER FASCIA D\u2019ETA\u2019<\/strong><\/p>\n<p>Per quanto riguarda le classi di et\u00e0 attualmente oggetto di vaccinazione, a questa mattina sono stati vaccinati:<\/p>\n<table>\n<tbody>\n<tr>\n<td width=\"64\">et\u00e0<\/td>\n<td width=\"88\">popolazione ISTAT<\/td>\n<td width=\"85\">1 dose<\/td>\n<td width=\"81\">% copertura 1 dose<\/td>\n<td width=\"87\">cicli completi<\/td>\n<td width=\"85\">%copertura cicli completi<\/td>\n<td width=\"77\">ancora da vaccinare<\/td>\n<td width=\"87\">% ancora da vaccinare<\/td>\n<\/tr>\n<tr>\n<td width=\"64\">40-49 anni<\/td>\n<td width=\"88\">28.732<\/td>\n<td width=\"85\">1.542<\/td>\n<td width=\"81\">5,4%<\/td>\n<td width=\"87\">2945<\/td>\n<td width=\"85\">10,2%<\/td>\n<td width=\"77\">24.245<\/td>\n<td width=\"87\">84,4%<\/td>\n<\/tr>\n<tr>\n<td width=\"64\">50-59 anni<\/td>\n<td width=\"88\">33.149<\/td>\n<td width=\"85\">9.609<\/td>\n<td width=\"81\">29%<\/td>\n<td width=\"87\">4868<\/td>\n<td width=\"85\">14,7%<\/td>\n<td width=\"77\">18.672<\/td>\n<td width=\"87\">56,3%<\/td>\n<\/tr>\n<tr>\n<td width=\"64\">60-69 anni<\/td>\n<td width=\"88\">27.977<\/td>\n<td width=\"85\">14.756<\/td>\n<td width=\"81\">52,7%<\/td>\n<td width=\"87\">5710<\/td>\n<td width=\"85\">20,4%<\/td>\n<td width=\"77\">7.511<\/td>\n<td width=\"87\">26,8%<\/td>\n<\/tr>\n<tr>\n<td width=\"64\">70-79 anni<\/td>\n<td width=\"88\">23.687<\/td>\n<td width=\"85\">15.365<\/td>\n<td width=\"81\">64,9%<\/td>\n<td width=\"87\">4642<\/td>\n<td width=\"85\">19,6%<\/td>\n<td width=\"77\">3.680<\/td>\n<td width=\"87\">15,5%<\/td>\n<\/tr>\n<tr>\n<td width=\"64\">over 80<\/td>\n<td width=\"88\">16.821<\/td>\n<td width=\"85\">1.650<\/td>\n<td width=\"81\">9,8%<\/td>\n<td width=\"87\">14.631<\/td>\n<td width=\"85\">87%<\/td>\n<td width=\"77\">540<\/td>\n<td width=\"87\">3,2%<\/td>\n<\/tr>\n<\/tbody>\n<\/table>\n<p>&nbsp;<\/p>\n<p>&nbsp;<\/p>\n<p><strong>PROGRAMMA SEDUTE MMG<\/strong><\/p>\n<p>Continua il capillare impegno sul territorio dei Medici di famiglia che, con il supporto delle Amministrazioni comunali, della Protezione Civile e del Volontariato, in accordo col Dipartimento di Prevenzione e le direzioni di Distretto, organizzano sedute vaccinali di gruppo (per varie fasce d\u2019et\u00e0, prime dosi o richiami \u2013 in base alle indicazioni dei singoli MMG), oltre ad assicurare la vaccinazioni domiciliari.<\/p>\n<p>&nbsp;<\/p>\n<p><strong>Questo il programma dei prossimi giorni:<\/strong><\/p>\n<p>GIOVED\u00ec 27\/05\/2021:<\/p>\n<ul>\n<li>Cortina &#8211; Stadio Olimpico<\/li>\n<li>Feltre &#8211; Borgo Ruga<\/li>\n<li>Fonzaso \u2013 centro polisportivo<\/li>\n<\/ul>\n<p>&nbsp;<\/p>\n<p>VENERD\u00ec 28\/05:<\/p>\n<ul>\n<li>S. Stefano di Cadore-\u00a0 palasport<\/li>\n<\/ul>\n<p>SABATO 29\/05:<\/p>\n<ul>\n<li>Longarone &#8211; palafiera<\/li>\n<li>Auronzo di Cadore &#8211;\u00a0 Palasport<\/li>\n<\/ul>\n<p>&nbsp;<\/p>\n<p>SABATO 29\/05:<\/p>\n<ul>\n<li>Limana &#8211; Palalimana<\/li>\n<li>Ponte nelle Alpi &#8211; palasport delle scuole di Ponte<\/li>\n<li>Cesiomaggiore \u2013 centro sportivo<\/li>\n<\/ul>\n<p>&nbsp;<\/p>\n<p>DOMENICA 30\/05:<\/p>\n<ul>\n<li>\u00a0S. Stefano di Cadore &#8211; Palasport<\/li>\n<li>Cenenighe &#8211;\u00a0 NOF Fil\u00f2<\/li>\n<\/ul>\n<p>&nbsp;<\/p>\n<p>LUNED\u00ec 31\/05:<\/p>\n<ul>\n<li>Stefano &#8211;\u00a0 sede alpini<\/li>\n<\/ul>\n<p>&nbsp;<\/p>\n<p>MARTED\u00ec 1\/06:<\/p>\n<ul>\n<li>Auronzo di Cadore Pala 3 Cime<\/li>\n<\/ul>\n<p>&nbsp;<\/p>\n<p>GIOVED\u00ec 3\/06:<\/p>\n<ul>\n<li>Ponte nelle Alpi &#8211; palasport delle scuole di Ponte;<\/li>\n<\/ul>\n<p>&nbsp;<\/p>\n<p>SABATO 05\/06:<\/p>\n<ul>\n<li>Cavarzano &#8211; sala parrocchiale<\/li>\n<li>Borgo Valbelluna \u2013 3 palestre<\/li>\n<li>Cortina e San Vito<\/li>\n<\/ul>\n<p>&nbsp;<\/p>\n<p>DOMENICA 6\/06:<\/p>\n<ul>\n<li>Cortina \u2013 stadio del Ghiaccio<\/li>\n<\/ul>","protected":false},"excerpt":{"rendered":"<p>Belluno, 26 maggio 2021 &#8211; L&#8217;Ulss Dolomiti comunica che ad oggi le somministrazioni di vaccino anticovid superano le 118.500 COPERTURA PER FASCIA D\u2019ETA\u2019 Per quanto riguarda le classi di et\u00e0 attualmente oggetto di vaccinazione, a questa mattina sono stati vaccinati: et\u00e0 popolazione ISTAT 1 dose % copertura 1 dose cicli completi %copertura cicli completi ancora [&hellip;]<\/p>\n","protected":false},"author":2,"featured_media":115413,"comment_status":"closed","ping_status":"open","sticky":false,"template":"","format":"standard","meta":{"footnotes":""},"categories":[17],"tags":[],"class_list":["post-124771","post","type-post","status-publish","format-standard","has-post-thumbnail","category-sanita"],"yoast_head":"<!-- This site is optimized with the Yoast SEO plugin v28.4 - https:\/\/yoast.com\/product\/yoast-seo-wordpress\/ -->\n<title>Ulss Dolomiti: superati i 118.500 vaccini - Bellunopress - Dolomiti<\/title>\n<meta name=\"robots\" content=\"index, follow, max-snippet:-1, max-image-preview:large, max-video-preview:-1\" \/>\n<link rel=\"canonical\" href=\"https:\/\/www.bellunopress.it\/fr\/2021\/05\/26\/ulss-dolomiti-superati-i-118-500-vaccini\/\" \/>\n<meta property=\"og:locale\" content=\"fr_FR\" \/>\n<meta property=\"og:type\" content=\"article\" \/>\n<meta property=\"og:title\" content=\"Ulss Dolomiti: superati i 118.500 vaccini - Bellunopress - Dolomiti\" \/>\n<meta property=\"og:description\" content=\"Belluno, 26 maggio 2021 &#8211; L&#8217;Ulss Dolomiti comunica che ad oggi le somministrazioni di vaccino anticovid superano le 118.500 COPERTURA PER FASCIA D\u2019ETA\u2019 Per quanto riguarda le classi di et\u00e0 attualmente oggetto di vaccinazione, a questa mattina sono stati vaccinati: et\u00e0 popolazione ISTAT 1 dose % copertura 1 dose cicli completi %copertura cicli completi ancora [&hellip;]\" \/>\n<meta property=\"og:url\" content=\"https:\/\/www.bellunopress.it\/fr\/2021\/05\/26\/ulss-dolomiti-superati-i-118-500-vaccini\/\" \/>\n<meta property=\"og:site_name\" content=\"Bellunopress - Dolomiti\" \/>\n<meta property=\"article:publisher\" content=\"https:\/\/www.facebook.com\/profile.php?id=100008943462799\" \/>\n<meta property=\"article:published_time\" content=\"2021-05-26T14:19:53+00:00\" \/>\n<meta property=\"og:image\" content=\"https:\/\/www.bellunopress.it\/wp-content\/uploads\/2020\/06\/vaccino_edited.jpg\" \/>\n\t<meta property=\"og:image:width\" content=\"800\" \/>\n\t<meta property=\"og:image:height\" content=\"420\" \/>\n\t<meta property=\"og:image:type\" content=\"image\/jpeg\" \/>\n<meta name=\"author\" content=\"redazione\" \/>\n<meta name=\"twitter:card\" content=\"summary_large_image\" \/>\n<meta name=\"twitter:creator\" content=\"@bellunopress\" \/>\n<meta name=\"twitter:site\" content=\"@bellunopress\" \/>\n<meta name=\"twitter:label1\" content=\"\u00c9crit par\" \/>\n\t<meta name=\"twitter:data1\" content=\"redazione\" \/>\n\t<meta name=\"twitter:label2\" content=\"Dur\u00e9e de lecture estim\u00e9e\" \/>\n\t<meta name=\"twitter:data2\" content=\"2 minutes\" \/>\n<script type=\"application\/ld+json\" class=\"yoast-schema-graph\">{\"@context\":\"https:\\\/\\\/schema.org\",\"@graph\":[{\"@type\":\"Article\",\"@id\":\"https:\\\/\\\/www.bellunopress.it\\\/2021\\\/05\\\/26\\\/ulss-dolomiti-superati-i-118-500-vaccini\\\/#article\",\"isPartOf\":{\"@id\":\"https:\\\/\\\/www.bellunopress.it\\\/2021\\\/05\\\/26\\\/ulss-dolomiti-superati-i-118-500-vaccini\\\/\"},\"author\":{\"name\":\"redazione\",\"@id\":\"https:\\\/\\\/www.bellunopress.it\\\/#\\\/schema\\\/person\\\/79bb06722b37ece1c03d3e94beb30d73\"},\"headline\":\"Ulss Dolomiti: superati i 118.500 vaccini\",\"datePublished\":\"2021-05-26T14:19:53+00:00\",\"mainEntityOfPage\":{\"@id\":\"https:\\\/\\\/www.bellunopress.it\\\/2021\\\/05\\\/26\\\/ulss-dolomiti-superati-i-118-500-vaccini\\\/\"},\"wordCount\":243,\"publisher\":{\"@id\":\"https:\\\/\\\/www.bellunopress.it\\\/#organization\"},\"image\":{\"@id\":\"https:\\\/\\\/www.bellunopress.it\\\/2021\\\/05\\\/26\\\/ulss-dolomiti-superati-i-118-500-vaccini\\\/#primaryimage\"},\"thumbnailUrl\":\"https:\\\/\\\/www.bellunopress.it\\\/wp-content\\\/uploads\\\/2020\\\/06\\\/vaccino_edited.jpg\",\"articleSection\":[\"Sanit\u00e0 Medicina\"],\"inLanguage\":\"fr-FR\"},{\"@type\":\"WebPage\",\"@id\":\"https:\\\/\\\/www.bellunopress.it\\\/2021\\\/05\\\/26\\\/ulss-dolomiti-superati-i-118-500-vaccini\\\/\",\"url\":\"https:\\\/\\\/www.bellunopress.it\\\/2021\\\/05\\\/26\\\/ulss-dolomiti-superati-i-118-500-vaccini\\\/\",\"name\":\"Ulss Dolomiti: superati i 118.500 vaccini - Bellunopress - Dolomiti\",\"isPartOf\":{\"@id\":\"https:\\\/\\\/www.bellunopress.it\\\/#website\"},\"primaryImageOfPage\":{\"@id\":\"https:\\\/\\\/www.bellunopress.it\\\/2021\\\/05\\\/26\\\/ulss-dolomiti-superati-i-118-500-vaccini\\\/#primaryimage\"},\"image\":{\"@id\":\"https:\\\/\\\/www.bellunopress.it\\\/2021\\\/05\\\/26\\\/ulss-dolomiti-superati-i-118-500-vaccini\\\/#primaryimage\"},\"thumbnailUrl\":\"https:\\\/\\\/www.bellunopress.it\\\/wp-content\\\/uploads\\\/2020\\\/06\\\/vaccino_edited.jpg\",\"datePublished\":\"2021-05-26T14:19:53+00:00\",\"breadcrumb\":{\"@id\":\"https:\\\/\\\/www.bellunopress.it\\\/2021\\\/05\\\/26\\\/ulss-dolomiti-superati-i-118-500-vaccini\\\/#breadcrumb\"},\"inLanguage\":\"fr-FR\",\"potentialAction\":[{\"@type\":\"ReadAction\",\"target\":[\"https:\\\/\\\/www.bellunopress.it\\\/2021\\\/05\\\/26\\\/ulss-dolomiti-superati-i-118-500-vaccini\\\/\"]}]},{\"@type\":\"ImageObject\",\"inLanguage\":\"fr-FR\",\"@id\":\"https:\\\/\\\/www.bellunopress.it\\\/2021\\\/05\\\/26\\\/ulss-dolomiti-superati-i-118-500-vaccini\\\/#primaryimage\",\"url\":\"https:\\\/\\\/www.bellunopress.it\\\/wp-content\\\/uploads\\\/2020\\\/06\\\/vaccino_edited.jpg\",\"contentUrl\":\"https:\\\/\\\/www.bellunopress.it\\\/wp-content\\\/uploads\\\/2020\\\/06\\\/vaccino_edited.jpg\",\"width\":800,\"height\":420},{\"@type\":\"BreadcrumbList\",\"@id\":\"https:\\\/\\\/www.bellunopress.it\\\/2021\\\/05\\\/26\\\/ulss-dolomiti-superati-i-118-500-vaccini\\\/#breadcrumb\",\"itemListElement\":[{\"@type\":\"ListItem\",\"position\":1,\"name\":\"Home\",\"item\":\"https:\\\/\\\/www.bellunopress.it\\\/\"},{\"@type\":\"ListItem\",\"position\":2,\"name\":\"Ulss Dolomiti: superati i 118.500 vaccini\"}]},{\"@type\":\"WebSite\",\"@id\":\"https:\\\/\\\/www.bellunopress.it\\\/#website\",\"url\":\"https:\\\/\\\/www.bellunopress.it\\\/\",\"name\":\"Bellunopress - Dolomiti\",\"description\":\"e-mail: redazione@bellunopress.it\",\"publisher\":{\"@id\":\"https:\\\/\\\/www.bellunopress.it\\\/#organization\"},\"potentialAction\":[{\"@type\":\"SearchAction\",\"target\":{\"@type\":\"EntryPoint\",\"urlTemplate\":\"https:\\\/\\\/www.bellunopress.it\\\/?s={search_term_string}\"},\"query-input\":{\"@type\":\"PropertyValueSpecification\",\"valueRequired\":true,\"valueName\":\"search_term_string\"}}],\"inLanguage\":\"fr-FR\"},{\"@type\":\"Organization\",\"@id\":\"https:\\\/\\\/www.bellunopress.it\\\/#organization\",\"name\":\"Bellunopress\",\"url\":\"https:\\\/\\\/www.bellunopress.it\\\/\",\"logo\":{\"@type\":\"ImageObject\",\"inLanguage\":\"fr-FR\",\"@id\":\"https:\\\/\\\/www.bellunopress.it\\\/#\\\/schema\\\/logo\\\/image\\\/\",\"url\":\"https:\\\/\\\/www.bellunopress.it\\\/wp-content\\\/uploads\\\/2011\\\/05\\\/cropped-logo-bellunopress-.jpg\",\"contentUrl\":\"https:\\\/\\\/www.bellunopress.it\\\/wp-content\\\/uploads\\\/2011\\\/05\\\/cropped-logo-bellunopress-.jpg\",\"width\":512,\"height\":512,\"caption\":\"Bellunopress\"},\"image\":{\"@id\":\"https:\\\/\\\/www.bellunopress.it\\\/#\\\/schema\\\/logo\\\/image\\\/\"},\"sameAs\":[\"https:\\\/\\\/www.facebook.com\\\/profile.php?id=100008943462799\",\"https:\\\/\\\/x.com\\\/bellunopress\",\"https:\\\/\\\/www.linkedin.com\\\/hp\\\/?dnr=JBzUWaJfMUw8vbXJJ2tVW5-I3jZKvC4wsoxE&amp;amp;amp;amp;amp;amp;trk=nav_responsive_tab_home\",\"https:\\\/\\\/www.youtube.com\\\/channel\\\/UCxL0wu1uN0_3_7hGG0306cw\"]},{\"@type\":\"Person\",\"@id\":\"https:\\\/\\\/www.bellunopress.it\\\/#\\\/schema\\\/person\\\/79bb06722b37ece1c03d3e94beb30d73\",\"name\":\"redazione\",\"image\":{\"@type\":\"ImageObject\",\"inLanguage\":\"fr-FR\",\"@id\":\"https:\\\/\\\/secure.gravatar.com\\\/avatar\\\/37d968a2e67a6fd04c169c4bdef102d0bc5d31b2546345219e348575eb80e9a0?s=96&d=mm&r=g\",\"url\":\"https:\\\/\\\/secure.gravatar.com\\\/avatar\\\/37d968a2e67a6fd04c169c4bdef102d0bc5d31b2546345219e348575eb80e9a0?s=96&d=mm&r=g\",\"contentUrl\":\"https:\\\/\\\/secure.gravatar.com\\\/avatar\\\/37d968a2e67a6fd04c169c4bdef102d0bc5d31b2546345219e348575eb80e9a0?s=96&d=mm&r=g\",\"caption\":\"redazione\"},\"sameAs\":[\"http:\\\/\\\/www.bellunopress.it\",\"https:\\\/\\\/x.com\\\/bellunopress\"],\"url\":\"https:\\\/\\\/www.bellunopress.it\\\/fr\\\/author\\\/redazione\\\/\"}]}<\/script>\n<!-- \/ Yoast SEO plugin. -->","yoast_head_json":{"title":"Ulss Dolomiti: superati i 118.500 vaccini - Bellunopress - Dolomiti","robots":{"index":"index","follow":"follow","max-snippet":"max-snippet:-1","max-image-preview":"max-image-preview:large","max-video-preview":"max-video-preview:-1"},"canonical":"https:\/\/www.bellunopress.it\/fr\/2021\/05\/26\/ulss-dolomiti-superati-i-118-500-vaccini\/","og_locale":"fr_FR","og_type":"article","og_title":"Ulss Dolomiti: superati i 118.500 vaccini - Bellunopress - Dolomiti","og_description":"Belluno, 26 maggio 2021 &#8211; L&#8217;Ulss Dolomiti comunica che ad oggi le somministrazioni di vaccino anticovid superano le 118.500 COPERTURA PER FASCIA D\u2019ETA\u2019 Per quanto riguarda le classi di et\u00e0 attualmente oggetto di vaccinazione, a questa mattina sono stati vaccinati: et\u00e0 popolazione ISTAT 1 dose % copertura 1 dose cicli completi %copertura cicli completi ancora [&hellip;]","og_url":"https:\/\/www.bellunopress.it\/fr\/2021\/05\/26\/ulss-dolomiti-superati-i-118-500-vaccini\/","og_site_name":"Bellunopress - Dolomiti","article_publisher":"https:\/\/www.facebook.com\/profile.php?id=100008943462799","article_published_time":"2021-05-26T14:19:53+00:00","og_image":[{"width":800,"height":420,"url":"https:\/\/www.bellunopress.it\/wp-content\/uploads\/2020\/06\/vaccino_edited.jpg","type":"image\/jpeg"}],"author":"redazione","twitter_card":"summary_large_image","twitter_creator":"@bellunopress","twitter_site":"@bellunopress","twitter_misc":{"\u00c9crit par":"redazione","Dur\u00e9e de lecture estim\u00e9e":"2 minutes"},"schema":{"@context":"https:\/\/schema.org","@graph":[{"@type":"Article","@id":"https:\/\/www.bellunopress.it\/2021\/05\/26\/ulss-dolomiti-superati-i-118-500-vaccini\/#article","isPartOf":{"@id":"https:\/\/www.bellunopress.it\/2021\/05\/26\/ulss-dolomiti-superati-i-118-500-vaccini\/"},"author":{"name":"redazione","@id":"https:\/\/www.bellunopress.it\/#\/schema\/person\/79bb06722b37ece1c03d3e94beb30d73"},"headline":"Ulss Dolomiti: superati i 118.500 vaccini","datePublished":"2021-05-26T14:19:53+00:00","mainEntityOfPage":{"@id":"https:\/\/www.bellunopress.it\/2021\/05\/26\/ulss-dolomiti-superati-i-118-500-vaccini\/"},"wordCount":243,"publisher":{"@id":"https:\/\/www.bellunopress.it\/#organization"},"image":{"@id":"https:\/\/www.bellunopress.it\/2021\/05\/26\/ulss-dolomiti-superati-i-118-500-vaccini\/#primaryimage"},"thumbnailUrl":"https:\/\/www.bellunopress.it\/wp-content\/uploads\/2020\/06\/vaccino_edited.jpg","articleSection":["Sanit\u00e0 Medicina"],"inLanguage":"fr-FR"},{"@type":"WebPage","@id":"https:\/\/www.bellunopress.it\/2021\/05\/26\/ulss-dolomiti-superati-i-118-500-vaccini\/","url":"https:\/\/www.bellunopress.it\/2021\/05\/26\/ulss-dolomiti-superati-i-118-500-vaccini\/","name":"Ulss Dolomiti: superati i 118.500 vaccini - Bellunopress - Dolomiti","isPartOf":{"@id":"https:\/\/www.bellunopress.it\/#website"},"primaryImageOfPage":{"@id":"https:\/\/www.bellunopress.it\/2021\/05\/26\/ulss-dolomiti-superati-i-118-500-vaccini\/#primaryimage"},"image":{"@id":"https:\/\/www.bellunopress.it\/2021\/05\/26\/ulss-dolomiti-superati-i-118-500-vaccini\/#primaryimage"},"thumbnailUrl":"https:\/\/www.bellunopress.it\/wp-content\/uploads\/2020\/06\/vaccino_edited.jpg","datePublished":"2021-05-26T14:19:53+00:00","breadcrumb":{"@id":"https:\/\/www.bellunopress.it\/2021\/05\/26\/ulss-dolomiti-superati-i-118-500-vaccini\/#breadcrumb"},"inLanguage":"fr-FR","potentialAction":[{"@type":"ReadAction","target":["https:\/\/www.bellunopress.it\/2021\/05\/26\/ulss-dolomiti-superati-i-118-500-vaccini\/"]}]},{"@type":"ImageObject","inLanguage":"fr-FR","@id":"https:\/\/www.bellunopress.it\/2021\/05\/26\/ulss-dolomiti-superati-i-118-500-vaccini\/#primaryimage","url":"https:\/\/www.bellunopress.it\/wp-content\/uploads\/2020\/06\/vaccino_edited.jpg","contentUrl":"https:\/\/www.bellunopress.it\/wp-content\/uploads\/2020\/06\/vaccino_edited.jpg","width":800,"height":420},{"@type":"BreadcrumbList","@id":"https:\/\/www.bellunopress.it\/2021\/05\/26\/ulss-dolomiti-superati-i-118-500-vaccini\/#breadcrumb","itemListElement":[{"@type":"ListItem","position":1,"name":"Home","item":"https:\/\/www.bellunopress.it\/"},{"@type":"ListItem","position":2,"name":"Ulss Dolomiti: superati i 118.500 vaccini"}]},{"@type":"WebSite","@id":"https:\/\/www.bellunopress.it\/#website","url":"https:\/\/www.bellunopress.it\/","name":"Bellunopress - Dolomiti","description":"e-mail: redazione@bellunopress.it","publisher":{"@id":"https:\/\/www.bellunopress.it\/#organization"},"potentialAction":[{"@type":"SearchAction","target":{"@type":"EntryPoint","urlTemplate":"https:\/\/www.bellunopress.it\/?s={search_term_string}"},"query-input":{"@type":"PropertyValueSpecification","valueRequired":true,"valueName":"search_term_string"}}],"inLanguage":"fr-FR"},{"@type":"Organization","@id":"https:\/\/www.bellunopress.it\/#organization","name":"Bellunopress","url":"https:\/\/www.bellunopress.it\/","logo":{"@type":"ImageObject","inLanguage":"fr-FR","@id":"https:\/\/www.bellunopress.it\/#\/schema\/logo\/image\/","url":"https:\/\/www.bellunopress.it\/wp-content\/uploads\/2011\/05\/cropped-logo-bellunopress-.jpg","contentUrl":"https:\/\/www.bellunopress.it\/wp-content\/uploads\/2011\/05\/cropped-logo-bellunopress-.jpg","width":512,"height":512,"caption":"Bellunopress"},"image":{"@id":"https:\/\/www.bellunopress.it\/#\/schema\/logo\/image\/"},"sameAs":["https:\/\/www.facebook.com\/profile.php?id=100008943462799","https:\/\/x.com\/bellunopress","https:\/\/www.linkedin.com\/hp\/?dnr=JBzUWaJfMUw8vbXJJ2tVW5-I3jZKvC4wsoxE&amp;amp;amp;amp;amp;amp;trk=nav_responsive_tab_home","https:\/\/www.youtube.com\/channel\/UCxL0wu1uN0_3_7hGG0306cw"]},{"@type":"Person","@id":"https:\/\/www.bellunopress.it\/#\/schema\/person\/79bb06722b37ece1c03d3e94beb30d73","name":"r\u00e9daction","image":{"@type":"ImageObject","inLanguage":"fr-FR","@id":"https:\/\/secure.gravatar.com\/avatar\/37d968a2e67a6fd04c169c4bdef102d0bc5d31b2546345219e348575eb80e9a0?s=96&d=mm&r=g","url":"https:\/\/secure.gravatar.com\/avatar\/37d968a2e67a6fd04c169c4bdef102d0bc5d31b2546345219e348575eb80e9a0?s=96&d=mm&r=g","contentUrl":"https:\/\/secure.gravatar.com\/avatar\/37d968a2e67a6fd04c169c4bdef102d0bc5d31b2546345219e348575eb80e9a0?s=96&d=mm&r=g","caption":"redazione"},"sameAs":["http:\/\/www.bellunopress.it","https:\/\/x.com\/bellunopress"],"url":"https:\/\/www.bellunopress.it\/fr\/author\/redazione\/"}]}},"_links":{"self":[{"href":"https:\/\/www.bellunopress.it\/fr\/wp-json\/wp\/v2\/posts\/124771","targetHints":{"allow":["GET"]}}],"collection":[{"href":"https:\/\/www.bellunopress.it\/fr\/wp-json\/wp\/v2\/posts"}],"about":[{"href":"https:\/\/www.bellunopress.it\/fr\/wp-json\/wp\/v2\/types\/post"}],"author":[{"embeddable":true,"href":"https:\/\/www.bellunopress.it\/fr\/wp-json\/wp\/v2\/users\/2"}],"replies":[{"embeddable":true,"href":"https:\/\/www.bellunopress.it\/fr\/wp-json\/wp\/v2\/comments?post=124771"}],"version-history":[{"count":1,"href":"https:\/\/www.bellunopress.it\/fr\/wp-json\/wp\/v2\/posts\/124771\/revisions"}],"predecessor-version":[{"id":124772,"href":"https:\/\/www.bellunopress.it\/fr\/wp-json\/wp\/v2\/posts\/124771\/revisions\/124772"}],"wp:featuredmedia":[{"embeddable":true,"href":"https:\/\/www.bellunopress.it\/fr\/wp-json\/wp\/v2\/media\/115413"}],"wp:attachment":[{"href":"https:\/\/www.bellunopress.it\/fr\/wp-json\/wp\/v2\/media?parent=124771"}],"wp:term":[{"taxonomy":"category","embeddable":true,"href":"https:\/\/www.bellunopress.it\/fr\/wp-json\/wp\/v2\/categories?post=124771"},{"taxonomy":"post_tag","embeddable":true,"href":"https:\/\/www.bellunopress.it\/fr\/wp-json\/wp\/v2\/tags?post=124771"}],"curies":[{"name":"wp","href":"https:\/\/api.w.org\/{rel}","templated":true}]}}