{"id":12477,"date":"2010-02-13T19:04:10","date_gmt":"2010-02-13T18:04:10","guid":{"rendered":"http:\/\/www.bellunopress.it\/?p=12477"},"modified":"2010-02-13T19:07:09","modified_gmt":"2010-02-13T18:07:09","slug":"roger-de-menech-polemiche-inutili-sul-centro-di-cultura-islamica-di-ponte-nelle-alpi","status":"publish","type":"post","link":"https:\/\/www.bellunopress.it\/fr\/2010\/02\/13\/roger-de-menech-polemiche-inutili-sul-centro-di-cultura-islamica-di-ponte-nelle-alpi\/","title":{"rendered":"Roger De Menech: &#8220;Polemiche inutili sul Centro di cultura islamica di Ponte nelle Alpi&#8221;"},"content":{"rendered":"<p><a href=\"http:\/\/www.bellunopress.it\/wp-content\/uploads\/2009\/02\/de-menech-roger1.jpg\"><img loading=\"lazy\" decoding=\"async\" class=\"alignleft size-medium wp-image-1040\" title=\"de-menech-roger1\" src=\"http:\/\/www.bellunopress.it\/wp-content\/uploads\/2009\/02\/de-menech-roger1.jpg\" alt=\"\" width=\"100\" height=\"100\" \/><\/a>Il sindaco di Ponte nelle Alpi Roger De Menech, interviene sulla questione del Centro di cultura islamico, che\u00a0l&#8217;onorevole Franco Gidoni (Lega Nord) ha portato in Parlamento con una interrogazione.\u00a0 &#8220;Abbiamo letto anche noi il testo della risposta del sottosegretario di stato Nitto Francesco Palma &#8211; scrive il sindaco De menech in una nota &#8211; in merito alla presenza dell\u2019associazione islamica \u201cAssalam\u201d in un locale di Via dei Martiri a Ponte nelle Alpi. E, sinceramente, la risposta all\u2019interrogazione avvalora la nostra tesi che il centro culturale islamico di Ponte nelle Alpi abbia\u00a0 tutte le carte in regola per poter continuare la propria attivit\u00e0.\u201dIl sindaco, dunque, \u00e8 amareggiato del fatto che la Lega Nord continui a strumentalizzare la situazione, quando \u00e8 evidente che l\u2019Associazione \u201cAssalam \u2013 Pace\u201d non abbia dato finora alcun motivo di disturbo o preoccupazione \u201cL\u2019associazione \u00e8 legalmente riconosciuta, spontaneamente ci hanno consegnato l\u2019elenco delle persone aderenti e le copie dei loro documenti di identit\u00e0; da controlli effettuati dalla nostra polizia locale non \u00e8 stata rilevata alcuna violazione dal punto di vista urbanistico sulla destinazione d\u2019uso dei locali di Via dei Martiri.\u00a0 Alla luce di questi fatti, mi spieghi l\u2019onorevole Gidoni, che ha promosso l\u2019interrogazione parlamentare, quali elementi potrei eventualmente avere in mano per dire che l\u2019associazione opera al di fuori della legalit\u00e0?\u201dConclude De Menech: \u201cNon capisco poi per quale motivo, dal momento che il coordinatore dell\u2019associazione di Ponte nelle Alpi \u00e8 anche l\u2019imam dell\u2019associazione islamica \u201cAnnour\u201d con sede nel comune di Santa Giustina, l\u2019onorevole Gidoni abbia presentato un\u2019interrogazione parlamentare che riguarda solo il nostro comune. Forse gli islamici di Santa Giustina sono diversi da quelli di Ponte nelle Alpi?\u201d<\/p>","protected":false},"excerpt":{"rendered":"<p>Il sindaco di Ponte nelle Alpi Roger De Menech, interviene sulla questione del Centro di cultura islamico, che\u00a0l&#8217;onorevole Franco Gidoni (Lega Nord) ha portato in Parlamento con una interrogazione.\u00a0 &#8220;Abbiamo letto anche noi il testo della risposta del sottosegretario di stato Nitto Francesco Palma &#8211; scrive il sindaco De menech in una nota &#8211; in [&hellip;]<\/p>\n","protected":false},"author":2,"featured_media":0,"comment_status":"closed","ping_status":"open","sticky":false,"template":"","format":"standard","meta":{"footnotes":""},"categories":[5,26],"tags":[55,56],"class_list":["post-12477","post","type-post","status-publish","format-standard","category-cronaca","category-prima-pagina","tag-centro-islamico","tag-ponte-nelle-alpi"],"yoast_head":"<!-- This site is optimized with the Yoast SEO plugin v28.4 - https:\/\/yoast.com\/product\/yoast-seo-wordpress\/ -->\n<title>Roger De Menech: &quot;Polemiche inutili sul Centro di cultura islamica di Ponte nelle Alpi&quot; - Bellunopress - Dolomiti<\/title>\n<meta name=\"robots\" content=\"index, follow, max-snippet:-1, max-image-preview:large, max-video-preview:-1\" \/>\n<link rel=\"canonical\" href=\"https:\/\/www.bellunopress.it\/fr\/2010\/02\/13\/roger-de-menech-polemiche-inutili-sul-centro-di-cultura-islamica-di-ponte-nelle-alpi\/\" \/>\n<meta property=\"og:locale\" content=\"fr_FR\" \/>\n<meta property=\"og:type\" content=\"article\" \/>\n<meta property=\"og:title\" content=\"Roger De Menech: &quot;Polemiche inutili sul Centro di cultura islamica di Ponte nelle Alpi&quot; - Bellunopress - Dolomiti\" \/>\n<meta property=\"og:description\" content=\"Il sindaco di Ponte nelle Alpi Roger De Menech, interviene sulla questione del Centro di cultura islamico, che\u00a0l&#8217;onorevole Franco Gidoni (Lega Nord) ha portato in Parlamento con una interrogazione.\u00a0 &#8220;Abbiamo letto anche noi il testo della risposta del sottosegretario di stato Nitto Francesco Palma &#8211; scrive il sindaco De menech in una nota &#8211; in [&hellip;]\" \/>\n<meta property=\"og:url\" content=\"https:\/\/www.bellunopress.it\/fr\/2010\/02\/13\/roger-de-menech-polemiche-inutili-sul-centro-di-cultura-islamica-di-ponte-nelle-alpi\/\" \/>\n<meta property=\"og:site_name\" content=\"Bellunopress - Dolomiti\" \/>\n<meta property=\"article:publisher\" content=\"https:\/\/www.facebook.com\/profile.php?id=100008943462799\" \/>\n<meta property=\"article:published_time\" content=\"2010-02-13T18:04:10+00:00\" \/>\n<meta property=\"article:modified_time\" content=\"2010-02-13T18:07:09+00:00\" \/>\n<meta property=\"og:image\" content=\"http:\/\/www.bellunopress.it\/wp-content\/uploads\/2009\/02\/de-menech-roger1.jpg\" \/>\n<meta name=\"author\" content=\"redazione\" \/>\n<meta name=\"twitter:card\" content=\"summary_large_image\" \/>\n<meta name=\"twitter:creator\" content=\"@bellunopress\" \/>\n<meta name=\"twitter:site\" content=\"@bellunopress\" \/>\n<meta name=\"twitter:label1\" content=\"\u00c9crit par\" \/>\n\t<meta name=\"twitter:data1\" content=\"redazione\" \/>\n\t<meta name=\"twitter:label2\" content=\"Dur\u00e9e de lecture estim\u00e9e\" \/>\n\t<meta name=\"twitter:data2\" content=\"1 minute\" \/>\n<script type=\"application\/ld+json\" class=\"yoast-schema-graph\">{\"@context\":\"https:\\\/\\\/schema.org\",\"@graph\":[{\"@type\":\"Article\",\"@id\":\"https:\\\/\\\/www.bellunopress.it\\\/2010\\\/02\\\/13\\\/roger-de-menech-polemiche-inutili-sul-centro-di-cultura-islamica-di-ponte-nelle-alpi\\\/#article\",\"isPartOf\":{\"@id\":\"https:\\\/\\\/www.bellunopress.it\\\/2010\\\/02\\\/13\\\/roger-de-menech-polemiche-inutili-sul-centro-di-cultura-islamica-di-ponte-nelle-alpi\\\/\"},\"author\":{\"name\":\"redazione\",\"@id\":\"https:\\\/\\\/www.bellunopress.it\\\/#\\\/schema\\\/person\\\/79bb06722b37ece1c03d3e94beb30d73\"},\"headline\":\"Roger De Menech: &#8220;Polemiche inutili sul Centro di cultura islamica di Ponte nelle Alpi&#8221;\",\"datePublished\":\"2010-02-13T18:04:10+00:00\",\"dateModified\":\"2010-02-13T18:07:09+00:00\",\"mainEntityOfPage\":{\"@id\":\"https:\\\/\\\/www.bellunopress.it\\\/2010\\\/02\\\/13\\\/roger-de-menech-polemiche-inutili-sul-centro-di-cultura-islamica-di-ponte-nelle-alpi\\\/\"},\"wordCount\":296,\"publisher\":{\"@id\":\"https:\\\/\\\/www.bellunopress.it\\\/#organization\"},\"image\":{\"@id\":\"https:\\\/\\\/www.bellunopress.it\\\/2010\\\/02\\\/13\\\/roger-de-menech-polemiche-inutili-sul-centro-di-cultura-islamica-di-ponte-nelle-alpi\\\/#primaryimage\"},\"thumbnailUrl\":\"http:\\\/\\\/www.bellunopress.it\\\/wp-content\\\/uploads\\\/2009\\\/02\\\/de-menech-roger1.jpg\",\"keywords\":[\"centro islamico\",\"ponte nelle alpi\"],\"articleSection\":[\"Cronaca\\\/Politica\",\"Prima Pagina\"],\"inLanguage\":\"fr-FR\"},{\"@type\":\"WebPage\",\"@id\":\"https:\\\/\\\/www.bellunopress.it\\\/2010\\\/02\\\/13\\\/roger-de-menech-polemiche-inutili-sul-centro-di-cultura-islamica-di-ponte-nelle-alpi\\\/\",\"url\":\"https:\\\/\\\/www.bellunopress.it\\\/2010\\\/02\\\/13\\\/roger-de-menech-polemiche-inutili-sul-centro-di-cultura-islamica-di-ponte-nelle-alpi\\\/\",\"name\":\"Roger De Menech: \\\"Polemiche inutili sul Centro di cultura islamica di Ponte nelle Alpi\\\" - Bellunopress - Dolomiti\",\"isPartOf\":{\"@id\":\"https:\\\/\\\/www.bellunopress.it\\\/#website\"},\"primaryImageOfPage\":{\"@id\":\"https:\\\/\\\/www.bellunopress.it\\\/2010\\\/02\\\/13\\\/roger-de-menech-polemiche-inutili-sul-centro-di-cultura-islamica-di-ponte-nelle-alpi\\\/#primaryimage\"},\"image\":{\"@id\":\"https:\\\/\\\/www.bellunopress.it\\\/2010\\\/02\\\/13\\\/roger-de-menech-polemiche-inutili-sul-centro-di-cultura-islamica-di-ponte-nelle-alpi\\\/#primaryimage\"},\"thumbnailUrl\":\"http:\\\/\\\/www.bellunopress.it\\\/wp-content\\\/uploads\\\/2009\\\/02\\\/de-menech-roger1.jpg\",\"datePublished\":\"2010-02-13T18:04:10+00:00\",\"dateModified\":\"2010-02-13T18:07:09+00:00\",\"breadcrumb\":{\"@id\":\"https:\\\/\\\/www.bellunopress.it\\\/2010\\\/02\\\/13\\\/roger-de-menech-polemiche-inutili-sul-centro-di-cultura-islamica-di-ponte-nelle-alpi\\\/#breadcrumb\"},\"inLanguage\":\"fr-FR\",\"potentialAction\":[{\"@type\":\"ReadAction\",\"target\":[\"https:\\\/\\\/www.bellunopress.it\\\/2010\\\/02\\\/13\\\/roger-de-menech-polemiche-inutili-sul-centro-di-cultura-islamica-di-ponte-nelle-alpi\\\/\"]}]},{\"@type\":\"ImageObject\",\"inLanguage\":\"fr-FR\",\"@id\":\"https:\\\/\\\/www.bellunopress.it\\\/2010\\\/02\\\/13\\\/roger-de-menech-polemiche-inutili-sul-centro-di-cultura-islamica-di-ponte-nelle-alpi\\\/#primaryimage\",\"url\":\"http:\\\/\\\/www.bellunopress.it\\\/wp-content\\\/uploads\\\/2009\\\/02\\\/de-menech-roger1.jpg\",\"contentUrl\":\"http:\\\/\\\/www.bellunopress.it\\\/wp-content\\\/uploads\\\/2009\\\/02\\\/de-menech-roger1.jpg\"},{\"@type\":\"BreadcrumbList\",\"@id\":\"https:\\\/\\\/www.bellunopress.it\\\/2010\\\/02\\\/13\\\/roger-de-menech-polemiche-inutili-sul-centro-di-cultura-islamica-di-ponte-nelle-alpi\\\/#breadcrumb\",\"itemListElement\":[{\"@type\":\"ListItem\",\"position\":1,\"name\":\"Home\",\"item\":\"https:\\\/\\\/www.bellunopress.it\\\/\"},{\"@type\":\"ListItem\",\"position\":2,\"name\":\"Roger De Menech: &#8220;Polemiche inutili sul Centro di cultura islamica di Ponte nelle Alpi&#8221;\"}]},{\"@type\":\"WebSite\",\"@id\":\"https:\\\/\\\/www.bellunopress.it\\\/#website\",\"url\":\"https:\\\/\\\/www.bellunopress.it\\\/\",\"name\":\"Bellunopress - Dolomiti\",\"description\":\"e-mail: redazione@bellunopress.it\",\"publisher\":{\"@id\":\"https:\\\/\\\/www.bellunopress.it\\\/#organization\"},\"potentialAction\":[{\"@type\":\"SearchAction\",\"target\":{\"@type\":\"EntryPoint\",\"urlTemplate\":\"https:\\\/\\\/www.bellunopress.it\\\/?s={search_term_string}\"},\"query-input\":{\"@type\":\"PropertyValueSpecification\",\"valueRequired\":true,\"valueName\":\"search_term_string\"}}],\"inLanguage\":\"fr-FR\"},{\"@type\":\"Organization\",\"@id\":\"https:\\\/\\\/www.bellunopress.it\\\/#organization\",\"name\":\"Bellunopress\",\"url\":\"https:\\\/\\\/www.bellunopress.it\\\/\",\"logo\":{\"@type\":\"ImageObject\",\"inLanguage\":\"fr-FR\",\"@id\":\"https:\\\/\\\/www.bellunopress.it\\\/#\\\/schema\\\/logo\\\/image\\\/\",\"url\":\"https:\\\/\\\/www.bellunopress.it\\\/wp-content\\\/uploads\\\/2011\\\/05\\\/cropped-logo-bellunopress-.jpg\",\"contentUrl\":\"https:\\\/\\\/www.bellunopress.it\\\/wp-content\\\/uploads\\\/2011\\\/05\\\/cropped-logo-bellunopress-.jpg\",\"width\":512,\"height\":512,\"caption\":\"Bellunopress\"},\"image\":{\"@id\":\"https:\\\/\\\/www.bellunopress.it\\\/#\\\/schema\\\/logo\\\/image\\\/\"},\"sameAs\":[\"https:\\\/\\\/www.facebook.com\\\/profile.php?id=100008943462799\",\"https:\\\/\\\/x.com\\\/bellunopress\",\"https:\\\/\\\/www.linkedin.com\\\/hp\\\/?dnr=JBzUWaJfMUw8vbXJJ2tVW5-I3jZKvC4wsoxE&amp;amp;amp;amp;amp;amp;trk=nav_responsive_tab_home\",\"https:\\\/\\\/www.youtube.com\\\/channel\\\/UCxL0wu1uN0_3_7hGG0306cw\"]},{\"@type\":\"Person\",\"@id\":\"https:\\\/\\\/www.bellunopress.it\\\/#\\\/schema\\\/person\\\/79bb06722b37ece1c03d3e94beb30d73\",\"name\":\"redazione\",\"image\":{\"@type\":\"ImageObject\",\"inLanguage\":\"fr-FR\",\"@id\":\"https:\\\/\\\/secure.gravatar.com\\\/avatar\\\/37d968a2e67a6fd04c169c4bdef102d0bc5d31b2546345219e348575eb80e9a0?s=96&d=mm&r=g\",\"url\":\"https:\\\/\\\/secure.gravatar.com\\\/avatar\\\/37d968a2e67a6fd04c169c4bdef102d0bc5d31b2546345219e348575eb80e9a0?s=96&d=mm&r=g\",\"contentUrl\":\"https:\\\/\\\/secure.gravatar.com\\\/avatar\\\/37d968a2e67a6fd04c169c4bdef102d0bc5d31b2546345219e348575eb80e9a0?s=96&d=mm&r=g\",\"caption\":\"redazione\"},\"sameAs\":[\"http:\\\/\\\/www.bellunopress.it\",\"https:\\\/\\\/x.com\\\/bellunopress\"],\"url\":\"https:\\\/\\\/www.bellunopress.it\\\/fr\\\/author\\\/redazione\\\/\"}]}<\/script>\n<!-- \/ Yoast SEO plugin. -->","yoast_head_json":{"title":"Roger De Menech: \"Polemiche inutili sul Centro di cultura islamica di Ponte nelle Alpi\" - Bellunopress - Dolomiti","robots":{"index":"index","follow":"follow","max-snippet":"max-snippet:-1","max-image-preview":"max-image-preview:large","max-video-preview":"max-video-preview:-1"},"canonical":"https:\/\/www.bellunopress.it\/fr\/2010\/02\/13\/roger-de-menech-polemiche-inutili-sul-centro-di-cultura-islamica-di-ponte-nelle-alpi\/","og_locale":"fr_FR","og_type":"article","og_title":"Roger De Menech: \"Polemiche inutili sul Centro di cultura islamica di Ponte nelle Alpi\" - Bellunopress - Dolomiti","og_description":"Il sindaco di Ponte nelle Alpi Roger De Menech, interviene sulla questione del Centro di cultura islamico, che\u00a0l&#8217;onorevole Franco Gidoni (Lega Nord) ha portato in Parlamento con una interrogazione.\u00a0 &#8220;Abbiamo letto anche noi il testo della risposta del sottosegretario di stato Nitto Francesco Palma &#8211; scrive il sindaco De menech in una nota &#8211; in [&hellip;]","og_url":"https:\/\/www.bellunopress.it\/fr\/2010\/02\/13\/roger-de-menech-polemiche-inutili-sul-centro-di-cultura-islamica-di-ponte-nelle-alpi\/","og_site_name":"Bellunopress - Dolomiti","article_publisher":"https:\/\/www.facebook.com\/profile.php?id=100008943462799","article_published_time":"2010-02-13T18:04:10+00:00","article_modified_time":"2010-02-13T18:07:09+00:00","og_image":[{"url":"http:\/\/www.bellunopress.it\/wp-content\/uploads\/2009\/02\/de-menech-roger1.jpg","type":"","width":"","height":""}],"author":"redazione","twitter_card":"summary_large_image","twitter_creator":"@bellunopress","twitter_site":"@bellunopress","twitter_misc":{"\u00c9crit par":"redazione","Dur\u00e9e de lecture estim\u00e9e":"1 minute"},"schema":{"@context":"https:\/\/schema.org","@graph":[{"@type":"Article","@id":"https:\/\/www.bellunopress.it\/2010\/02\/13\/roger-de-menech-polemiche-inutili-sul-centro-di-cultura-islamica-di-ponte-nelle-alpi\/#article","isPartOf":{"@id":"https:\/\/www.bellunopress.it\/2010\/02\/13\/roger-de-menech-polemiche-inutili-sul-centro-di-cultura-islamica-di-ponte-nelle-alpi\/"},"author":{"name":"redazione","@id":"https:\/\/www.bellunopress.it\/#\/schema\/person\/79bb06722b37ece1c03d3e94beb30d73"},"headline":"Roger De Menech: &#8220;Polemiche inutili sul Centro di cultura islamica di Ponte nelle Alpi&#8221;","datePublished":"2010-02-13T18:04:10+00:00","dateModified":"2010-02-13T18:07:09+00:00","mainEntityOfPage":{"@id":"https:\/\/www.bellunopress.it\/2010\/02\/13\/roger-de-menech-polemiche-inutili-sul-centro-di-cultura-islamica-di-ponte-nelle-alpi\/"},"wordCount":296,"publisher":{"@id":"https:\/\/www.bellunopress.it\/#organization"},"image":{"@id":"https:\/\/www.bellunopress.it\/2010\/02\/13\/roger-de-menech-polemiche-inutili-sul-centro-di-cultura-islamica-di-ponte-nelle-alpi\/#primaryimage"},"thumbnailUrl":"http:\/\/www.bellunopress.it\/wp-content\/uploads\/2009\/02\/de-menech-roger1.jpg","keywords":["centro islamico","ponte nelle alpi"],"articleSection":["Cronaca\/Politica","Prima Pagina"],"inLanguage":"fr-FR"},{"@type":"WebPage","@id":"https:\/\/www.bellunopress.it\/2010\/02\/13\/roger-de-menech-polemiche-inutili-sul-centro-di-cultura-islamica-di-ponte-nelle-alpi\/","url":"https:\/\/www.bellunopress.it\/2010\/02\/13\/roger-de-menech-polemiche-inutili-sul-centro-di-cultura-islamica-di-ponte-nelle-alpi\/","name":"Roger De Menech: \"Polemiche inutili sul Centro di cultura islamica di Ponte nelle Alpi\" - Bellunopress - Dolomiti","isPartOf":{"@id":"https:\/\/www.bellunopress.it\/#website"},"primaryImageOfPage":{"@id":"https:\/\/www.bellunopress.it\/2010\/02\/13\/roger-de-menech-polemiche-inutili-sul-centro-di-cultura-islamica-di-ponte-nelle-alpi\/#primaryimage"},"image":{"@id":"https:\/\/www.bellunopress.it\/2010\/02\/13\/roger-de-menech-polemiche-inutili-sul-centro-di-cultura-islamica-di-ponte-nelle-alpi\/#primaryimage"},"thumbnailUrl":"http:\/\/www.bellunopress.it\/wp-content\/uploads\/2009\/02\/de-menech-roger1.jpg","datePublished":"2010-02-13T18:04:10+00:00","dateModified":"2010-02-13T18:07:09+00:00","breadcrumb":{"@id":"https:\/\/www.bellunopress.it\/2010\/02\/13\/roger-de-menech-polemiche-inutili-sul-centro-di-cultura-islamica-di-ponte-nelle-alpi\/#breadcrumb"},"inLanguage":"fr-FR","potentialAction":[{"@type":"ReadAction","target":["https:\/\/www.bellunopress.it\/2010\/02\/13\/roger-de-menech-polemiche-inutili-sul-centro-di-cultura-islamica-di-ponte-nelle-alpi\/"]}]},{"@type":"ImageObject","inLanguage":"fr-FR","@id":"https:\/\/www.bellunopress.it\/2010\/02\/13\/roger-de-menech-polemiche-inutili-sul-centro-di-cultura-islamica-di-ponte-nelle-alpi\/#primaryimage","url":"http:\/\/www.bellunopress.it\/wp-content\/uploads\/2009\/02\/de-menech-roger1.jpg","contentUrl":"http:\/\/www.bellunopress.it\/wp-content\/uploads\/2009\/02\/de-menech-roger1.jpg"},{"@type":"BreadcrumbList","@id":"https:\/\/www.bellunopress.it\/2010\/02\/13\/roger-de-menech-polemiche-inutili-sul-centro-di-cultura-islamica-di-ponte-nelle-alpi\/#breadcrumb","itemListElement":[{"@type":"ListItem","position":1,"name":"Home","item":"https:\/\/www.bellunopress.it\/"},{"@type":"ListItem","position":2,"name":"Roger De Menech: &#8220;Polemiche inutili sul Centro di cultura islamica di Ponte nelle Alpi&#8221;"}]},{"@type":"WebSite","@id":"https:\/\/www.bellunopress.it\/#website","url":"https:\/\/www.bellunopress.it\/","name":"Bellunopress - Dolomiti","description":"e-mail: redazione@bellunopress.it","publisher":{"@id":"https:\/\/www.bellunopress.it\/#organization"},"potentialAction":[{"@type":"SearchAction","target":{"@type":"EntryPoint","urlTemplate":"https:\/\/www.bellunopress.it\/?s={search_term_string}"},"query-input":{"@type":"PropertyValueSpecification","valueRequired":true,"valueName":"search_term_string"}}],"inLanguage":"fr-FR"},{"@type":"Organization","@id":"https:\/\/www.bellunopress.it\/#organization","name":"Bellunopress","url":"https:\/\/www.bellunopress.it\/","logo":{"@type":"ImageObject","inLanguage":"fr-FR","@id":"https:\/\/www.bellunopress.it\/#\/schema\/logo\/image\/","url":"https:\/\/www.bellunopress.it\/wp-content\/uploads\/2011\/05\/cropped-logo-bellunopress-.jpg","contentUrl":"https:\/\/www.bellunopress.it\/wp-content\/uploads\/2011\/05\/cropped-logo-bellunopress-.jpg","width":512,"height":512,"caption":"Bellunopress"},"image":{"@id":"https:\/\/www.bellunopress.it\/#\/schema\/logo\/image\/"},"sameAs":["https:\/\/www.facebook.com\/profile.php?id=100008943462799","https:\/\/x.com\/bellunopress","https:\/\/www.linkedin.com\/hp\/?dnr=JBzUWaJfMUw8vbXJJ2tVW5-I3jZKvC4wsoxE&amp;amp;amp;amp;amp;amp;trk=nav_responsive_tab_home","https:\/\/www.youtube.com\/channel\/UCxL0wu1uN0_3_7hGG0306cw"]},{"@type":"Person","@id":"https:\/\/www.bellunopress.it\/#\/schema\/person\/79bb06722b37ece1c03d3e94beb30d73","name":"r\u00e9daction","image":{"@type":"ImageObject","inLanguage":"fr-FR","@id":"https:\/\/secure.gravatar.com\/avatar\/37d968a2e67a6fd04c169c4bdef102d0bc5d31b2546345219e348575eb80e9a0?s=96&d=mm&r=g","url":"https:\/\/secure.gravatar.com\/avatar\/37d968a2e67a6fd04c169c4bdef102d0bc5d31b2546345219e348575eb80e9a0?s=96&d=mm&r=g","contentUrl":"https:\/\/secure.gravatar.com\/avatar\/37d968a2e67a6fd04c169c4bdef102d0bc5d31b2546345219e348575eb80e9a0?s=96&d=mm&r=g","caption":"redazione"},"sameAs":["http:\/\/www.bellunopress.it","https:\/\/x.com\/bellunopress"],"url":"https:\/\/www.bellunopress.it\/fr\/author\/redazione\/"}]}},"_links":{"self":[{"href":"https:\/\/www.bellunopress.it\/fr\/wp-json\/wp\/v2\/posts\/12477","targetHints":{"allow":["GET"]}}],"collection":[{"href":"https:\/\/www.bellunopress.it\/fr\/wp-json\/wp\/v2\/posts"}],"about":[{"href":"https:\/\/www.bellunopress.it\/fr\/wp-json\/wp\/v2\/types\/post"}],"author":[{"embeddable":true,"href":"https:\/\/www.bellunopress.it\/fr\/wp-json\/wp\/v2\/users\/2"}],"replies":[{"embeddable":true,"href":"https:\/\/www.bellunopress.it\/fr\/wp-json\/wp\/v2\/comments?post=12477"}],"version-history":[{"count":3,"href":"https:\/\/www.bellunopress.it\/fr\/wp-json\/wp\/v2\/posts\/12477\/revisions"}],"predecessor-version":[{"id":12480,"href":"https:\/\/www.bellunopress.it\/fr\/wp-json\/wp\/v2\/posts\/12477\/revisions\/12480"}],"wp:attachment":[{"href":"https:\/\/www.bellunopress.it\/fr\/wp-json\/wp\/v2\/media?parent=12477"}],"wp:term":[{"taxonomy":"category","embeddable":true,"href":"https:\/\/www.bellunopress.it\/fr\/wp-json\/wp\/v2\/categories?post=12477"},{"taxonomy":"post_tag","embeddable":true,"href":"https:\/\/www.bellunopress.it\/fr\/wp-json\/wp\/v2\/tags?post=12477"}],"curies":[{"name":"wp","href":"https:\/\/api.w.org\/{rel}","templated":true}]}}