{"id":124766,"date":"2021-05-26T15:37:27","date_gmt":"2021-05-26T13:37:27","guid":{"rendered":"https:\/\/www.bellunopress.it\/?p=124766"},"modified":"2021-05-26T15:37:28","modified_gmt":"2021-05-26T13:37:28","slug":"maquillage-conservativo-a-villa-alpago-novello-che-si-prepara-ad-una-nuova-stagione-di-eventi","status":"publish","type":"post","link":"https:\/\/www.bellunopress.it\/fr\/2021\/05\/26\/maquillage-conservativo-a-villa-alpago-novello-che-si-prepara-ad-una-nuova-stagione-di-eventi\/","title":{"rendered":"Maquillage conservativo a Villa Alpago Novello, che si prepara ad una nuova stagione di eventi"},"content":{"rendered":"<div class=\"youtube-embed\" data-video_id=\"p0hMhhVhklA\"><iframe loading=\"lazy\" title=\"Lavori di restauro Villa Alpago Novello - localit\u00e0 Frontin Borgo Valbelluna\" width=\"696\" height=\"392\" src=\"https:\/\/www.youtube.com\/embed\/p0hMhhVhklA?feature=oembed&#038;enablejsapi=1\" frameborder=\"0\" allow=\"accelerometer; autoplay; clipboard-write; encrypted-media; gyroscope; picture-in-picture\" allowfullscreen><\/iframe><\/div>\n<p>Con un intervento di restauro conservativo di 270mila euro che comprende il rifacimento del tetto e il ripristino delle facciate con le decorazioni originali, Villa Alpago Novello in via Frontin 92 a Borgo Valbelluna, torner\u00e0 ad essere il centro culturale di riferimento del borgo di Frontin di Trichiana. Lo ha ricordato stamane l&#8217;architetto Alberto Alpago Novello, attuale proprietario della villa di famiglia, nel presentare i dettagli dell&#8217;intervento che \u00e8 stato possibile grazie alla partecipazione degli imprenditori Antonio Castellan e il figlio Gianfranco Castellan titolari della C.A.G. Tecnologie meccaniche di Mel. &#8220;L&#8217;attuale normativa prevede per il bonus facciate delle ville il recupero del 90% &#8211; ha spiegato l&#8217;architetto Alberto Alpago Novello &#8211; e attraverso la cessione del credito a favore\u00a0 della societ\u00e0 che anticipa il capitale necessario, \u00e8 possibile attuare questo progetto&#8221;. Alla presentazione, a rappresentare il Comune di Borgo Valbelluna, erano presenti l&#8217;assessore alla Cultura Monica Frapporti e i consiglieri Piero Bassanello e Renato Deola.<\/p>\n<p><a href=\"https:\/\/www.bellunopress.it\/fr\/2021\/05\/26\/maquillage-conservativo-a-villa-alpago-novello-che-si-prepara-ad-una-nuova-stagione-di-eventi\/villa-alpago-novello-frontin_edited\/\" rel=\"attachment wp-att-124767\"><img loading=\"lazy\" decoding=\"async\" class=\"alignleft size-full wp-image-124767\" src=\"https:\/\/www.bellunopress.it\/wp-content\/uploads\/2021\/05\/villa-alpago-novello-frontin_edited.jpg\" alt=\"\" width=\"322\" height=\"238\" srcset=\"https:\/\/www.bellunopress.it\/wp-content\/uploads\/2021\/05\/villa-alpago-novello-frontin_edited.jpg 322w, https:\/\/www.bellunopress.it\/wp-content\/uploads\/2021\/05\/villa-alpago-novello-frontin_edited-80x60.jpg 80w\" sizes=\"auto, (max-width: 322px) 100vw, 322px\" \/><\/a>Alberto Alpago Novello ha quindi ripercorso le vicende dell&#8217;antico immobile da quando il suo antenato Giuseppe Alpago Novello fu costretto a vendere. &#8220;Mio bisnonno Luigi Alpago Novello, primario all&#8217;ospedale di Feltre, nel 1898 ricompra la villa. All&#8217;inizio del &#8216;900 e fino al 1920 vennero molti nuclei familiari dalla pianura e qui trovarono lavoro. Gli ultimi due capostipite, Rino Mattiuz e Adele Pilat, sono morti lo scorso anno e rimasero sempre legati a questo luogo dove vissero per quasi un secolo&#8221;. Con l&#8217;occupazione delle truppe austriache nel novembre 1917 durante la Prima guerra mondiale, la casa viene saccheggiata, e 20mila volumi della biblioteca finiscono a Vienna, Ad accaparrarseli \u00e8 colui che viene indicato come un terribile razziatore di libri, il dottor Wolkan, bibliotecario dell\u2019Universit\u00e0 di Vienna (Corriere della Sera del 23 febbraio 1919). Una missione italiana nel 1919 riuscir\u00e0 a riportare in patria 512 casse con libri, manoscritti e opere d\u2019arte. &#8220;Mio nonno, di cui porto il nome &#8211; prosegue l&#8217;architetto Alberto Alpago Novello &#8211; negli anni &#8217;20 e fino allo scoppio della Seconda guerra mondiale, continu\u00f2 l&#8217;opera di recupero dei beni e di restauro della villa. Durante il Secondo conflitto la villa divenne sede del comando tedesco. Alla fine degli anni &#8217;50 viene riprogettata la facciata che assume l&#8217;aspetto di quello che noi andremo a riproporre oggi&#8221;.<\/p>","protected":false},"excerpt":{"rendered":"<p>Con un intervento di restauro conservativo di 270mila euro che comprende il rifacimento del tetto e il ripristino delle facciate con le decorazioni originali, Villa Alpago Novello in via Frontin 92 a Borgo Valbelluna, torner\u00e0 ad essere il centro culturale di riferimento del borgo di Frontin di Trichiana. Lo ha ricordato stamane l&#8217;architetto Alberto Alpago [&hellip;]<\/p>\n","protected":false},"author":2,"featured_media":124768,"comment_status":"closed","ping_status":"open","sticky":false,"template":"","format":"standard","meta":{"footnotes":""},"categories":[36,8],"tags":[],"class_list":["post-124766","post","type-post","status-publish","format-standard","has-post-thumbnail","category-lavoro-economia","category-societa-istituzioni"],"yoast_head":"<!-- This site is optimized with the Yoast SEO plugin v28.4 - https:\/\/yoast.com\/product\/yoast-seo-wordpress\/ -->\n<title>Maquillage conservativo a Villa Alpago Novello, che si prepara ad una nuova stagione di eventi - Bellunopress - Dolomiti<\/title>\n<meta name=\"robots\" content=\"index, follow, max-snippet:-1, max-image-preview:large, max-video-preview:-1\" \/>\n<link rel=\"canonical\" href=\"https:\/\/www.bellunopress.it\/fr\/2021\/05\/26\/maquillage-conservativo-a-villa-alpago-novello-che-si-prepara-ad-una-nuova-stagione-di-eventi\/\" \/>\n<meta property=\"og:locale\" content=\"fr_FR\" \/>\n<meta property=\"og:type\" content=\"article\" \/>\n<meta property=\"og:title\" content=\"Maquillage conservativo a Villa Alpago Novello, che si prepara ad una nuova stagione di eventi - Bellunopress - Dolomiti\" \/>\n<meta property=\"og:description\" content=\"Con un intervento di restauro conservativo di 270mila euro che comprende il rifacimento del tetto e il ripristino delle facciate con le decorazioni originali, Villa Alpago Novello in via Frontin 92 a Borgo Valbelluna, torner\u00e0 ad essere il centro culturale di riferimento del borgo di Frontin di Trichiana. Lo ha ricordato stamane l&#8217;architetto Alberto Alpago [&hellip;]\" \/>\n<meta property=\"og:url\" content=\"https:\/\/www.bellunopress.it\/fr\/2021\/05\/26\/maquillage-conservativo-a-villa-alpago-novello-che-si-prepara-ad-una-nuova-stagione-di-eventi\/\" \/>\n<meta property=\"og:site_name\" content=\"Bellunopress - Dolomiti\" \/>\n<meta property=\"article:publisher\" content=\"https:\/\/www.facebook.com\/profile.php?id=100008943462799\" \/>\n<meta property=\"article:published_time\" content=\"2021-05-26T13:37:27+00:00\" \/>\n<meta property=\"article:modified_time\" content=\"2021-05-26T13:37:28+00:00\" \/>\n<meta property=\"og:image\" content=\"https:\/\/www.bellunopress.it\/wp-content\/uploads\/2021\/05\/restauro-villa-alpago-novello_edited.jpg\" \/>\n\t<meta property=\"og:image:width\" content=\"800\" \/>\n\t<meta property=\"og:image:height\" content=\"600\" \/>\n\t<meta property=\"og:image:type\" content=\"image\/jpeg\" \/>\n<meta name=\"author\" content=\"redazione\" \/>\n<meta name=\"twitter:card\" content=\"summary_large_image\" \/>\n<meta name=\"twitter:creator\" content=\"@bellunopress\" \/>\n<meta name=\"twitter:site\" content=\"@bellunopress\" \/>\n<meta name=\"twitter:label1\" content=\"\u00c9crit par\" \/>\n\t<meta name=\"twitter:data1\" content=\"redazione\" \/>\n\t<meta name=\"twitter:label2\" content=\"Dur\u00e9e de lecture estim\u00e9e\" \/>\n\t<meta name=\"twitter:data2\" content=\"2 minutes\" \/>\n<script type=\"application\/ld+json\" class=\"yoast-schema-graph\">{\"@context\":\"https:\\\/\\\/schema.org\",\"@graph\":[{\"@type\":\"Article\",\"@id\":\"https:\\\/\\\/www.bellunopress.it\\\/2021\\\/05\\\/26\\\/maquillage-conservativo-a-villa-alpago-novello-che-si-prepara-ad-una-nuova-stagione-di-eventi\\\/#article\",\"isPartOf\":{\"@id\":\"https:\\\/\\\/www.bellunopress.it\\\/2021\\\/05\\\/26\\\/maquillage-conservativo-a-villa-alpago-novello-che-si-prepara-ad-una-nuova-stagione-di-eventi\\\/\"},\"author\":{\"name\":\"redazione\",\"@id\":\"https:\\\/\\\/www.bellunopress.it\\\/#\\\/schema\\\/person\\\/79bb06722b37ece1c03d3e94beb30d73\"},\"headline\":\"Maquillage conservativo a Villa Alpago Novello, che si prepara ad una nuova stagione di eventi\",\"datePublished\":\"2021-05-26T13:37:27+00:00\",\"dateModified\":\"2021-05-26T13:37:28+00:00\",\"mainEntityOfPage\":{\"@id\":\"https:\\\/\\\/www.bellunopress.it\\\/2021\\\/05\\\/26\\\/maquillage-conservativo-a-villa-alpago-novello-che-si-prepara-ad-una-nuova-stagione-di-eventi\\\/\"},\"wordCount\":396,\"publisher\":{\"@id\":\"https:\\\/\\\/www.bellunopress.it\\\/#organization\"},\"image\":{\"@id\":\"https:\\\/\\\/www.bellunopress.it\\\/2021\\\/05\\\/26\\\/maquillage-conservativo-a-villa-alpago-novello-che-si-prepara-ad-una-nuova-stagione-di-eventi\\\/#primaryimage\"},\"thumbnailUrl\":\"https:\\\/\\\/www.bellunopress.it\\\/wp-content\\\/uploads\\\/2021\\\/05\\\/restauro-villa-alpago-novello_edited.jpg\",\"articleSection\":[\"Lavoro, Economia, Turismo\",\"Societ\u00e0, Associazioni, Istituzioni\"],\"inLanguage\":\"fr-FR\"},{\"@type\":\"WebPage\",\"@id\":\"https:\\\/\\\/www.bellunopress.it\\\/2021\\\/05\\\/26\\\/maquillage-conservativo-a-villa-alpago-novello-che-si-prepara-ad-una-nuova-stagione-di-eventi\\\/\",\"url\":\"https:\\\/\\\/www.bellunopress.it\\\/2021\\\/05\\\/26\\\/maquillage-conservativo-a-villa-alpago-novello-che-si-prepara-ad-una-nuova-stagione-di-eventi\\\/\",\"name\":\"Maquillage conservativo a Villa Alpago Novello, che si prepara ad una nuova stagione di eventi - Bellunopress - Dolomiti\",\"isPartOf\":{\"@id\":\"https:\\\/\\\/www.bellunopress.it\\\/#website\"},\"primaryImageOfPage\":{\"@id\":\"https:\\\/\\\/www.bellunopress.it\\\/2021\\\/05\\\/26\\\/maquillage-conservativo-a-villa-alpago-novello-che-si-prepara-ad-una-nuova-stagione-di-eventi\\\/#primaryimage\"},\"image\":{\"@id\":\"https:\\\/\\\/www.bellunopress.it\\\/2021\\\/05\\\/26\\\/maquillage-conservativo-a-villa-alpago-novello-che-si-prepara-ad-una-nuova-stagione-di-eventi\\\/#primaryimage\"},\"thumbnailUrl\":\"https:\\\/\\\/www.bellunopress.it\\\/wp-content\\\/uploads\\\/2021\\\/05\\\/restauro-villa-alpago-novello_edited.jpg\",\"datePublished\":\"2021-05-26T13:37:27+00:00\",\"dateModified\":\"2021-05-26T13:37:28+00:00\",\"breadcrumb\":{\"@id\":\"https:\\\/\\\/www.bellunopress.it\\\/2021\\\/05\\\/26\\\/maquillage-conservativo-a-villa-alpago-novello-che-si-prepara-ad-una-nuova-stagione-di-eventi\\\/#breadcrumb\"},\"inLanguage\":\"fr-FR\",\"potentialAction\":[{\"@type\":\"ReadAction\",\"target\":[\"https:\\\/\\\/www.bellunopress.it\\\/2021\\\/05\\\/26\\\/maquillage-conservativo-a-villa-alpago-novello-che-si-prepara-ad-una-nuova-stagione-di-eventi\\\/\"]}]},{\"@type\":\"ImageObject\",\"inLanguage\":\"fr-FR\",\"@id\":\"https:\\\/\\\/www.bellunopress.it\\\/2021\\\/05\\\/26\\\/maquillage-conservativo-a-villa-alpago-novello-che-si-prepara-ad-una-nuova-stagione-di-eventi\\\/#primaryimage\",\"url\":\"https:\\\/\\\/www.bellunopress.it\\\/wp-content\\\/uploads\\\/2021\\\/05\\\/restauro-villa-alpago-novello_edited.jpg\",\"contentUrl\":\"https:\\\/\\\/www.bellunopress.it\\\/wp-content\\\/uploads\\\/2021\\\/05\\\/restauro-villa-alpago-novello_edited.jpg\",\"width\":800,\"height\":600},{\"@type\":\"BreadcrumbList\",\"@id\":\"https:\\\/\\\/www.bellunopress.it\\\/2021\\\/05\\\/26\\\/maquillage-conservativo-a-villa-alpago-novello-che-si-prepara-ad-una-nuova-stagione-di-eventi\\\/#breadcrumb\",\"itemListElement\":[{\"@type\":\"ListItem\",\"position\":1,\"name\":\"Home\",\"item\":\"https:\\\/\\\/www.bellunopress.it\\\/\"},{\"@type\":\"ListItem\",\"position\":2,\"name\":\"Maquillage conservativo a Villa Alpago Novello, che si prepara ad una nuova stagione di eventi\"}]},{\"@type\":\"WebSite\",\"@id\":\"https:\\\/\\\/www.bellunopress.it\\\/#website\",\"url\":\"https:\\\/\\\/www.bellunopress.it\\\/\",\"name\":\"Bellunopress - Dolomiti\",\"description\":\"e-mail: redazione@bellunopress.it\",\"publisher\":{\"@id\":\"https:\\\/\\\/www.bellunopress.it\\\/#organization\"},\"potentialAction\":[{\"@type\":\"SearchAction\",\"target\":{\"@type\":\"EntryPoint\",\"urlTemplate\":\"https:\\\/\\\/www.bellunopress.it\\\/?s={search_term_string}\"},\"query-input\":{\"@type\":\"PropertyValueSpecification\",\"valueRequired\":true,\"valueName\":\"search_term_string\"}}],\"inLanguage\":\"fr-FR\"},{\"@type\":\"Organization\",\"@id\":\"https:\\\/\\\/www.bellunopress.it\\\/#organization\",\"name\":\"Bellunopress\",\"url\":\"https:\\\/\\\/www.bellunopress.it\\\/\",\"logo\":{\"@type\":\"ImageObject\",\"inLanguage\":\"fr-FR\",\"@id\":\"https:\\\/\\\/www.bellunopress.it\\\/#\\\/schema\\\/logo\\\/image\\\/\",\"url\":\"https:\\\/\\\/www.bellunopress.it\\\/wp-content\\\/uploads\\\/2011\\\/05\\\/cropped-logo-bellunopress-.jpg\",\"contentUrl\":\"https:\\\/\\\/www.bellunopress.it\\\/wp-content\\\/uploads\\\/2011\\\/05\\\/cropped-logo-bellunopress-.jpg\",\"width\":512,\"height\":512,\"caption\":\"Bellunopress\"},\"image\":{\"@id\":\"https:\\\/\\\/www.bellunopress.it\\\/#\\\/schema\\\/logo\\\/image\\\/\"},\"sameAs\":[\"https:\\\/\\\/www.facebook.com\\\/profile.php?id=100008943462799\",\"https:\\\/\\\/x.com\\\/bellunopress\",\"https:\\\/\\\/www.linkedin.com\\\/hp\\\/?dnr=JBzUWaJfMUw8vbXJJ2tVW5-I3jZKvC4wsoxE&amp;amp;amp;amp;amp;amp;trk=nav_responsive_tab_home\",\"https:\\\/\\\/www.youtube.com\\\/channel\\\/UCxL0wu1uN0_3_7hGG0306cw\"]},{\"@type\":\"Person\",\"@id\":\"https:\\\/\\\/www.bellunopress.it\\\/#\\\/schema\\\/person\\\/79bb06722b37ece1c03d3e94beb30d73\",\"name\":\"redazione\",\"image\":{\"@type\":\"ImageObject\",\"inLanguage\":\"fr-FR\",\"@id\":\"https:\\\/\\\/secure.gravatar.com\\\/avatar\\\/37d968a2e67a6fd04c169c4bdef102d0bc5d31b2546345219e348575eb80e9a0?s=96&d=mm&r=g\",\"url\":\"https:\\\/\\\/secure.gravatar.com\\\/avatar\\\/37d968a2e67a6fd04c169c4bdef102d0bc5d31b2546345219e348575eb80e9a0?s=96&d=mm&r=g\",\"contentUrl\":\"https:\\\/\\\/secure.gravatar.com\\\/avatar\\\/37d968a2e67a6fd04c169c4bdef102d0bc5d31b2546345219e348575eb80e9a0?s=96&d=mm&r=g\",\"caption\":\"redazione\"},\"sameAs\":[\"http:\\\/\\\/www.bellunopress.it\",\"https:\\\/\\\/x.com\\\/bellunopress\"],\"url\":\"https:\\\/\\\/www.bellunopress.it\\\/fr\\\/author\\\/redazione\\\/\"}]}<\/script>\n<!-- \/ Yoast SEO plugin. -->","yoast_head_json":{"title":"Maquillage conservativo a Villa Alpago Novello, che si prepara ad una nuova stagione di eventi - Bellunopress - Dolomiti","robots":{"index":"index","follow":"follow","max-snippet":"max-snippet:-1","max-image-preview":"max-image-preview:large","max-video-preview":"max-video-preview:-1"},"canonical":"https:\/\/www.bellunopress.it\/fr\/2021\/05\/26\/maquillage-conservativo-a-villa-alpago-novello-che-si-prepara-ad-una-nuova-stagione-di-eventi\/","og_locale":"fr_FR","og_type":"article","og_title":"Maquillage conservativo a Villa Alpago Novello, che si prepara ad una nuova stagione di eventi - Bellunopress - Dolomiti","og_description":"Con un intervento di restauro conservativo di 270mila euro che comprende il rifacimento del tetto e il ripristino delle facciate con le decorazioni originali, Villa Alpago Novello in via Frontin 92 a Borgo Valbelluna, torner\u00e0 ad essere il centro culturale di riferimento del borgo di Frontin di Trichiana. Lo ha ricordato stamane l&#8217;architetto Alberto Alpago [&hellip;]","og_url":"https:\/\/www.bellunopress.it\/fr\/2021\/05\/26\/maquillage-conservativo-a-villa-alpago-novello-che-si-prepara-ad-una-nuova-stagione-di-eventi\/","og_site_name":"Bellunopress - Dolomiti","article_publisher":"https:\/\/www.facebook.com\/profile.php?id=100008943462799","article_published_time":"2021-05-26T13:37:27+00:00","article_modified_time":"2021-05-26T13:37:28+00:00","og_image":[{"width":800,"height":600,"url":"https:\/\/www.bellunopress.it\/wp-content\/uploads\/2021\/05\/restauro-villa-alpago-novello_edited.jpg","type":"image\/jpeg"}],"author":"redazione","twitter_card":"summary_large_image","twitter_creator":"@bellunopress","twitter_site":"@bellunopress","twitter_misc":{"\u00c9crit par":"redazione","Dur\u00e9e de lecture estim\u00e9e":"2 minutes"},"schema":{"@context":"https:\/\/schema.org","@graph":[{"@type":"Article","@id":"https:\/\/www.bellunopress.it\/2021\/05\/26\/maquillage-conservativo-a-villa-alpago-novello-che-si-prepara-ad-una-nuova-stagione-di-eventi\/#article","isPartOf":{"@id":"https:\/\/www.bellunopress.it\/2021\/05\/26\/maquillage-conservativo-a-villa-alpago-novello-che-si-prepara-ad-una-nuova-stagione-di-eventi\/"},"author":{"name":"redazione","@id":"https:\/\/www.bellunopress.it\/#\/schema\/person\/79bb06722b37ece1c03d3e94beb30d73"},"headline":"Maquillage conservativo a Villa Alpago Novello, che si prepara ad una nuova stagione di eventi","datePublished":"2021-05-26T13:37:27+00:00","dateModified":"2021-05-26T13:37:28+00:00","mainEntityOfPage":{"@id":"https:\/\/www.bellunopress.it\/2021\/05\/26\/maquillage-conservativo-a-villa-alpago-novello-che-si-prepara-ad-una-nuova-stagione-di-eventi\/"},"wordCount":396,"publisher":{"@id":"https:\/\/www.bellunopress.it\/#organization"},"image":{"@id":"https:\/\/www.bellunopress.it\/2021\/05\/26\/maquillage-conservativo-a-villa-alpago-novello-che-si-prepara-ad-una-nuova-stagione-di-eventi\/#primaryimage"},"thumbnailUrl":"https:\/\/www.bellunopress.it\/wp-content\/uploads\/2021\/05\/restauro-villa-alpago-novello_edited.jpg","articleSection":["Lavoro, Economia, Turismo","Societ\u00e0, Associazioni, Istituzioni"],"inLanguage":"fr-FR"},{"@type":"WebPage","@id":"https:\/\/www.bellunopress.it\/2021\/05\/26\/maquillage-conservativo-a-villa-alpago-novello-che-si-prepara-ad-una-nuova-stagione-di-eventi\/","url":"https:\/\/www.bellunopress.it\/2021\/05\/26\/maquillage-conservativo-a-villa-alpago-novello-che-si-prepara-ad-una-nuova-stagione-di-eventi\/","name":"Maquillage conservativo a Villa Alpago Novello, che si prepara ad una nuova stagione di eventi - Bellunopress - Dolomiti","isPartOf":{"@id":"https:\/\/www.bellunopress.it\/#website"},"primaryImageOfPage":{"@id":"https:\/\/www.bellunopress.it\/2021\/05\/26\/maquillage-conservativo-a-villa-alpago-novello-che-si-prepara-ad-una-nuova-stagione-di-eventi\/#primaryimage"},"image":{"@id":"https:\/\/www.bellunopress.it\/2021\/05\/26\/maquillage-conservativo-a-villa-alpago-novello-che-si-prepara-ad-una-nuova-stagione-di-eventi\/#primaryimage"},"thumbnailUrl":"https:\/\/www.bellunopress.it\/wp-content\/uploads\/2021\/05\/restauro-villa-alpago-novello_edited.jpg","datePublished":"2021-05-26T13:37:27+00:00","dateModified":"2021-05-26T13:37:28+00:00","breadcrumb":{"@id":"https:\/\/www.bellunopress.it\/2021\/05\/26\/maquillage-conservativo-a-villa-alpago-novello-che-si-prepara-ad-una-nuova-stagione-di-eventi\/#breadcrumb"},"inLanguage":"fr-FR","potentialAction":[{"@type":"ReadAction","target":["https:\/\/www.bellunopress.it\/2021\/05\/26\/maquillage-conservativo-a-villa-alpago-novello-che-si-prepara-ad-una-nuova-stagione-di-eventi\/"]}]},{"@type":"ImageObject","inLanguage":"fr-FR","@id":"https:\/\/www.bellunopress.it\/2021\/05\/26\/maquillage-conservativo-a-villa-alpago-novello-che-si-prepara-ad-una-nuova-stagione-di-eventi\/#primaryimage","url":"https:\/\/www.bellunopress.it\/wp-content\/uploads\/2021\/05\/restauro-villa-alpago-novello_edited.jpg","contentUrl":"https:\/\/www.bellunopress.it\/wp-content\/uploads\/2021\/05\/restauro-villa-alpago-novello_edited.jpg","width":800,"height":600},{"@type":"BreadcrumbList","@id":"https:\/\/www.bellunopress.it\/2021\/05\/26\/maquillage-conservativo-a-villa-alpago-novello-che-si-prepara-ad-una-nuova-stagione-di-eventi\/#breadcrumb","itemListElement":[{"@type":"ListItem","position":1,"name":"Home","item":"https:\/\/www.bellunopress.it\/"},{"@type":"ListItem","position":2,"name":"Maquillage conservativo a Villa Alpago Novello, che si prepara ad una nuova stagione di eventi"}]},{"@type":"WebSite","@id":"https:\/\/www.bellunopress.it\/#website","url":"https:\/\/www.bellunopress.it\/","name":"Bellunopress - Dolomiti","description":"e-mail: redazione@bellunopress.it","publisher":{"@id":"https:\/\/www.bellunopress.it\/#organization"},"potentialAction":[{"@type":"SearchAction","target":{"@type":"EntryPoint","urlTemplate":"https:\/\/www.bellunopress.it\/?s={search_term_string}"},"query-input":{"@type":"PropertyValueSpecification","valueRequired":true,"valueName":"search_term_string"}}],"inLanguage":"fr-FR"},{"@type":"Organization","@id":"https:\/\/www.bellunopress.it\/#organization","name":"Bellunopress","url":"https:\/\/www.bellunopress.it\/","logo":{"@type":"ImageObject","inLanguage":"fr-FR","@id":"https:\/\/www.bellunopress.it\/#\/schema\/logo\/image\/","url":"https:\/\/www.bellunopress.it\/wp-content\/uploads\/2011\/05\/cropped-logo-bellunopress-.jpg","contentUrl":"https:\/\/www.bellunopress.it\/wp-content\/uploads\/2011\/05\/cropped-logo-bellunopress-.jpg","width":512,"height":512,"caption":"Bellunopress"},"image":{"@id":"https:\/\/www.bellunopress.it\/#\/schema\/logo\/image\/"},"sameAs":["https:\/\/www.facebook.com\/profile.php?id=100008943462799","https:\/\/x.com\/bellunopress","https:\/\/www.linkedin.com\/hp\/?dnr=JBzUWaJfMUw8vbXJJ2tVW5-I3jZKvC4wsoxE&amp;amp;amp;amp;amp;amp;trk=nav_responsive_tab_home","https:\/\/www.youtube.com\/channel\/UCxL0wu1uN0_3_7hGG0306cw"]},{"@type":"Person","@id":"https:\/\/www.bellunopress.it\/#\/schema\/person\/79bb06722b37ece1c03d3e94beb30d73","name":"r\u00e9daction","image":{"@type":"ImageObject","inLanguage":"fr-FR","@id":"https:\/\/secure.gravatar.com\/avatar\/37d968a2e67a6fd04c169c4bdef102d0bc5d31b2546345219e348575eb80e9a0?s=96&d=mm&r=g","url":"https:\/\/secure.gravatar.com\/avatar\/37d968a2e67a6fd04c169c4bdef102d0bc5d31b2546345219e348575eb80e9a0?s=96&d=mm&r=g","contentUrl":"https:\/\/secure.gravatar.com\/avatar\/37d968a2e67a6fd04c169c4bdef102d0bc5d31b2546345219e348575eb80e9a0?s=96&d=mm&r=g","caption":"redazione"},"sameAs":["http:\/\/www.bellunopress.it","https:\/\/x.com\/bellunopress"],"url":"https:\/\/www.bellunopress.it\/fr\/author\/redazione\/"}]}},"_links":{"self":[{"href":"https:\/\/www.bellunopress.it\/fr\/wp-json\/wp\/v2\/posts\/124766","targetHints":{"allow":["GET"]}}],"collection":[{"href":"https:\/\/www.bellunopress.it\/fr\/wp-json\/wp\/v2\/posts"}],"about":[{"href":"https:\/\/www.bellunopress.it\/fr\/wp-json\/wp\/v2\/types\/post"}],"author":[{"embeddable":true,"href":"https:\/\/www.bellunopress.it\/fr\/wp-json\/wp\/v2\/users\/2"}],"replies":[{"embeddable":true,"href":"https:\/\/www.bellunopress.it\/fr\/wp-json\/wp\/v2\/comments?post=124766"}],"version-history":[{"count":2,"href":"https:\/\/www.bellunopress.it\/fr\/wp-json\/wp\/v2\/posts\/124766\/revisions"}],"predecessor-version":[{"id":124770,"href":"https:\/\/www.bellunopress.it\/fr\/wp-json\/wp\/v2\/posts\/124766\/revisions\/124770"}],"wp:featuredmedia":[{"embeddable":true,"href":"https:\/\/www.bellunopress.it\/fr\/wp-json\/wp\/v2\/media\/124768"}],"wp:attachment":[{"href":"https:\/\/www.bellunopress.it\/fr\/wp-json\/wp\/v2\/media?parent=124766"}],"wp:term":[{"taxonomy":"category","embeddable":true,"href":"https:\/\/www.bellunopress.it\/fr\/wp-json\/wp\/v2\/categories?post=124766"},{"taxonomy":"post_tag","embeddable":true,"href":"https:\/\/www.bellunopress.it\/fr\/wp-json\/wp\/v2\/tags?post=124766"}],"curies":[{"name":"wp","href":"https:\/\/api.w.org\/{rel}","templated":true}]}}