{"id":124762,"date":"2021-05-26T09:28:58","date_gmt":"2021-05-26T07:28:58","guid":{"rendered":"https:\/\/www.bellunopress.it\/?p=124762"},"modified":"2021-05-26T09:28:58","modified_gmt":"2021-05-26T07:28:58","slug":"una-volpe-a-guardia-delle-galline-il-presidente-di-federcaccia-nominato-presidente-del-parco-naturale-dei-colli-euganei-lira-di-centopercentoanimalisti-immerdato-lingresso-del-parco","status":"publish","type":"post","link":"https:\/\/www.bellunopress.it\/fr\/2021\/05\/26\/una-volpe-a-guardia-delle-galline-il-presidente-di-federcaccia-nominato-presidente-del-parco-naturale-dei-colli-euganei-lira-di-centopercentoanimalisti-immerdato-lingresso-del-parco\/","title":{"rendered":"Una volpe a guardia delle galline. Il presidente di Federcaccia nominato presidente del Parco naturale dei Colli Euganei. L&#8217;ira di Centopercentoanimalisti. Immerdato l&#8217;ingresso del Parco"},"content":{"rendered":"<figure id=\"attachment_120774\" aria-describedby=\"caption-attachment-120774\" style=\"width: 485px\" class=\"wp-caption alignleft\"><a href=\"https:\/\/www.bellunopress.it\/fr\/2021\/01\/09\/inseguimento-dei-4-lupi-centopercentoanimalisti-annuncia-una-visita-a-cortina\/none\/\" rel=\"attachment wp-att-120774\"><img loading=\"lazy\" decoding=\"async\" class=\"size-full wp-image-120774\" src=\"https:\/\/www.bellunopress.it\/wp-content\/uploads\/2021\/01\/Paolo-Mocavero-Centopercentoanimalisti_edited.jpg\" alt=\"\" width=\"485\" height=\"571\" srcset=\"https:\/\/www.bellunopress.it\/wp-content\/uploads\/2021\/01\/Paolo-Mocavero-Centopercentoanimalisti_edited.jpg 485w, https:\/\/www.bellunopress.it\/wp-content\/uploads\/2021\/01\/Paolo-Mocavero-Centopercentoanimalisti_edited-425x500.jpg 425w, https:\/\/www.bellunopress.it\/wp-content\/uploads\/2021\/01\/Paolo-Mocavero-Centopercentoanimalisti_edited-357x420.jpg 357w\" sizes=\"auto, (max-width: 485px) 100vw, 485px\" \/><\/a><figcaption id=\"caption-attachment-120774\" class=\"wp-caption-text\">Paolo Mocavero &#8211; Presidente Centopercentoanimalisti<\/figcaption><\/figure>\n<p>La nomina del sindaco di Galzignano Terme (Padova) a presidente dell&#8217;Ente Parco Naturale dei Colli Euganei ha suscitato forti critiche. Il Parco \u00e8 tutt&#8217;altro che un paradiso naturale: le gestioni precedenti hanno permesso speculazioni edilizie, fabbriche, cave, caccia etc. Ora la nomina di Riccardo Masin a presidente rasenta l&#8217;assurdo. Prima di tutto perch\u00e9 \u00e8 presidente anche di Federcaccia, e lui stesso appassionato cacciatore. Chi non vede incompatibilit\u00e0 totale gi\u00e0 in questo, \u00e8 cieco. Lui \u00e8 da sempre favorevole allo sterminio dei cinghiali, introdotti in zona dai cacciatori, e di altri animali &#8220;in esubero&#8221;.<\/p>\n<p>E&#8217; quanto osservano i militanti dell&#8217;associazione Centopercentoanimalisti, che nel tardo pomeriggio di ieri, marted\u00ec 25 maggio, hanno effettuato un blitz al Parco dei colli Euganei a Este (Padova) versando 10 Kg di sterco equino davanti all&#8217;entrata. Inoltre hanno affisso manifestini contro i cacciatori e uno di &#8220;monito&#8221;. La nostra lotta \u00e8 ufficialmente iniziata.<\/p>\n<p>Nell&#8217;anno 2017 &#8211; fanno notare gli attivisti dell&#8217;Associazione animalista &#8211; il neo presidente ha cercato di sottrarre buona parte del territorio comunale al Parco. La sua visione, dallo stesso dichiarata, \u00e8 quella di trasformare il Parco in un&#8217;area redditizia, favorendo tutte le attivit\u00e0 che portano lucro, non gi\u00e0 alla salvaguardia dell&#8217;ambiente.<\/p>\n<p>E Zaia, presidente della Regione Veneto &#8211; conclude la nota di Centopercentoanimalisti &#8211; del con questa nomina va ad accontentare imprenditori e speculatori vari: una volpe a guardia delle galline.<\/p>\n<div class=\"youtube-embed\" data-video_id=\"2BAY6BsX-HM\"><iframe loading=\"lazy\" title=\"100%Animalisti - sterco alla sede del parco dei colli Euganei\" width=\"696\" height=\"392\" src=\"https:\/\/www.youtube.com\/embed\/2BAY6BsX-HM?feature=oembed&#038;enablejsapi=1\" frameborder=\"0\" allow=\"accelerometer; autoplay; clipboard-write; encrypted-media; gyroscope; picture-in-picture\" allowfullscreen><\/iframe><\/div>\n<p>&nbsp;<\/p>","protected":false},"excerpt":{"rendered":"<p>La nomina del sindaco di Galzignano Terme (Padova) a presidente dell&#8217;Ente Parco Naturale dei Colli Euganei ha suscitato forti critiche. Il Parco \u00e8 tutt&#8217;altro che un paradiso naturale: le gestioni precedenti hanno permesso speculazioni edilizie, fabbriche, cave, caccia etc. Ora la nomina di Riccardo Masin a presidente rasenta l&#8217;assurdo. Prima di tutto perch\u00e9 \u00e8 presidente [&hellip;]<\/p>\n","protected":false},"author":2,"featured_media":120774,"comment_status":"closed","ping_status":"open","sticky":false,"template":"","format":"standard","meta":{"footnotes":""},"categories":[38],"tags":[],"class_list":["post-124762","post","type-post","status-publish","format-standard","has-post-thumbnail","category-natura-ambiente"],"yoast_head":"<!-- This site is optimized with the Yoast SEO plugin v28.4 - https:\/\/yoast.com\/product\/yoast-seo-wordpress\/ -->\n<title>Una volpe a guardia delle galline. Il presidente di Federcaccia nominato presidente del Parco naturale dei Colli Euganei. L&#039;ira di Centopercentoanimalisti. Immerdato l&#039;ingresso del Parco - Bellunopress - Dolomiti<\/title>\n<meta name=\"robots\" content=\"index, follow, max-snippet:-1, max-image-preview:large, max-video-preview:-1\" \/>\n<link rel=\"canonical\" href=\"https:\/\/www.bellunopress.it\/fr\/2021\/05\/26\/una-volpe-a-guardia-delle-galline-il-presidente-di-federcaccia-nominato-presidente-del-parco-naturale-dei-colli-euganei-lira-di-centopercentoanimalisti-immerdato-lingresso-del-parco\/\" \/>\n<meta property=\"og:locale\" content=\"fr_FR\" \/>\n<meta property=\"og:type\" content=\"article\" \/>\n<meta property=\"og:title\" content=\"Una volpe a guardia delle galline. Il presidente di Federcaccia nominato presidente del Parco naturale dei Colli Euganei. L&#039;ira di Centopercentoanimalisti. Immerdato l&#039;ingresso del Parco - Bellunopress - Dolomiti\" \/>\n<meta property=\"og:description\" content=\"La nomina del sindaco di Galzignano Terme (Padova) a presidente dell&#8217;Ente Parco Naturale dei Colli Euganei ha suscitato forti critiche. Il Parco \u00e8 tutt&#8217;altro che un paradiso naturale: le gestioni precedenti hanno permesso speculazioni edilizie, fabbriche, cave, caccia etc. Ora la nomina di Riccardo Masin a presidente rasenta l&#8217;assurdo. Prima di tutto perch\u00e9 \u00e8 presidente [&hellip;]\" \/>\n<meta property=\"og:url\" content=\"https:\/\/www.bellunopress.it\/fr\/2021\/05\/26\/una-volpe-a-guardia-delle-galline-il-presidente-di-federcaccia-nominato-presidente-del-parco-naturale-dei-colli-euganei-lira-di-centopercentoanimalisti-immerdato-lingresso-del-parco\/\" \/>\n<meta property=\"og:site_name\" content=\"Bellunopress - Dolomiti\" \/>\n<meta property=\"article:publisher\" content=\"https:\/\/www.facebook.com\/profile.php?id=100008943462799\" \/>\n<meta property=\"article:published_time\" content=\"2021-05-26T07:28:58+00:00\" \/>\n<meta property=\"og:image\" content=\"https:\/\/www.bellunopress.it\/wp-content\/uploads\/2021\/01\/Paolo-Mocavero-Centopercentoanimalisti_edited.jpg\" \/>\n\t<meta property=\"og:image:width\" content=\"485\" \/>\n\t<meta property=\"og:image:height\" content=\"571\" \/>\n\t<meta property=\"og:image:type\" content=\"image\/jpeg\" \/>\n<meta name=\"author\" content=\"redazione\" \/>\n<meta name=\"twitter:card\" content=\"summary_large_image\" \/>\n<meta name=\"twitter:creator\" content=\"@bellunopress\" \/>\n<meta name=\"twitter:site\" content=\"@bellunopress\" \/>\n<meta name=\"twitter:label1\" content=\"\u00c9crit par\" \/>\n\t<meta name=\"twitter:data1\" content=\"redazione\" \/>\n\t<meta name=\"twitter:label2\" content=\"Dur\u00e9e de lecture estim\u00e9e\" \/>\n\t<meta name=\"twitter:data2\" content=\"2 minutes\" \/>\n<script type=\"application\/ld+json\" class=\"yoast-schema-graph\">{\"@context\":\"https:\\\/\\\/schema.org\",\"@graph\":[{\"@type\":\"Article\",\"@id\":\"https:\\\/\\\/www.bellunopress.it\\\/2021\\\/05\\\/26\\\/una-volpe-a-guardia-delle-galline-il-presidente-di-federcaccia-nominato-presidente-del-parco-naturale-dei-colli-euganei-lira-di-centopercentoanimalisti-immerdato-lingresso-del-parco\\\/#article\",\"isPartOf\":{\"@id\":\"https:\\\/\\\/www.bellunopress.it\\\/2021\\\/05\\\/26\\\/una-volpe-a-guardia-delle-galline-il-presidente-di-federcaccia-nominato-presidente-del-parco-naturale-dei-colli-euganei-lira-di-centopercentoanimalisti-immerdato-lingresso-del-parco\\\/\"},\"author\":{\"name\":\"redazione\",\"@id\":\"https:\\\/\\\/www.bellunopress.it\\\/#\\\/schema\\\/person\\\/79bb06722b37ece1c03d3e94beb30d73\"},\"headline\":\"Una volpe a guardia delle galline. Il presidente di Federcaccia nominato presidente del Parco naturale dei Colli Euganei. L&#8217;ira di Centopercentoanimalisti. Immerdato l&#8217;ingresso del Parco\",\"datePublished\":\"2021-05-26T07:28:58+00:00\",\"mainEntityOfPage\":{\"@id\":\"https:\\\/\\\/www.bellunopress.it\\\/2021\\\/05\\\/26\\\/una-volpe-a-guardia-delle-galline-il-presidente-di-federcaccia-nominato-presidente-del-parco-naturale-dei-colli-euganei-lira-di-centopercentoanimalisti-immerdato-lingresso-del-parco\\\/\"},\"wordCount\":275,\"publisher\":{\"@id\":\"https:\\\/\\\/www.bellunopress.it\\\/#organization\"},\"image\":{\"@id\":\"https:\\\/\\\/www.bellunopress.it\\\/2021\\\/05\\\/26\\\/una-volpe-a-guardia-delle-galline-il-presidente-di-federcaccia-nominato-presidente-del-parco-naturale-dei-colli-euganei-lira-di-centopercentoanimalisti-immerdato-lingresso-del-parco\\\/#primaryimage\"},\"thumbnailUrl\":\"https:\\\/\\\/www.bellunopress.it\\\/wp-content\\\/uploads\\\/2021\\\/01\\\/Paolo-Mocavero-Centopercentoanimalisti_edited.jpg\",\"articleSection\":[\"Meteo, natura, ambiente, animali\"],\"inLanguage\":\"fr-FR\"},{\"@type\":\"WebPage\",\"@id\":\"https:\\\/\\\/www.bellunopress.it\\\/2021\\\/05\\\/26\\\/una-volpe-a-guardia-delle-galline-il-presidente-di-federcaccia-nominato-presidente-del-parco-naturale-dei-colli-euganei-lira-di-centopercentoanimalisti-immerdato-lingresso-del-parco\\\/\",\"url\":\"https:\\\/\\\/www.bellunopress.it\\\/2021\\\/05\\\/26\\\/una-volpe-a-guardia-delle-galline-il-presidente-di-federcaccia-nominato-presidente-del-parco-naturale-dei-colli-euganei-lira-di-centopercentoanimalisti-immerdato-lingresso-del-parco\\\/\",\"name\":\"Una volpe a guardia delle galline. Il presidente di Federcaccia nominato presidente del Parco naturale dei Colli Euganei. L'ira di Centopercentoanimalisti. Immerdato l'ingresso del Parco - Bellunopress - Dolomiti\",\"isPartOf\":{\"@id\":\"https:\\\/\\\/www.bellunopress.it\\\/#website\"},\"primaryImageOfPage\":{\"@id\":\"https:\\\/\\\/www.bellunopress.it\\\/2021\\\/05\\\/26\\\/una-volpe-a-guardia-delle-galline-il-presidente-di-federcaccia-nominato-presidente-del-parco-naturale-dei-colli-euganei-lira-di-centopercentoanimalisti-immerdato-lingresso-del-parco\\\/#primaryimage\"},\"image\":{\"@id\":\"https:\\\/\\\/www.bellunopress.it\\\/2021\\\/05\\\/26\\\/una-volpe-a-guardia-delle-galline-il-presidente-di-federcaccia-nominato-presidente-del-parco-naturale-dei-colli-euganei-lira-di-centopercentoanimalisti-immerdato-lingresso-del-parco\\\/#primaryimage\"},\"thumbnailUrl\":\"https:\\\/\\\/www.bellunopress.it\\\/wp-content\\\/uploads\\\/2021\\\/01\\\/Paolo-Mocavero-Centopercentoanimalisti_edited.jpg\",\"datePublished\":\"2021-05-26T07:28:58+00:00\",\"breadcrumb\":{\"@id\":\"https:\\\/\\\/www.bellunopress.it\\\/2021\\\/05\\\/26\\\/una-volpe-a-guardia-delle-galline-il-presidente-di-federcaccia-nominato-presidente-del-parco-naturale-dei-colli-euganei-lira-di-centopercentoanimalisti-immerdato-lingresso-del-parco\\\/#breadcrumb\"},\"inLanguage\":\"fr-FR\",\"potentialAction\":[{\"@type\":\"ReadAction\",\"target\":[\"https:\\\/\\\/www.bellunopress.it\\\/2021\\\/05\\\/26\\\/una-volpe-a-guardia-delle-galline-il-presidente-di-federcaccia-nominato-presidente-del-parco-naturale-dei-colli-euganei-lira-di-centopercentoanimalisti-immerdato-lingresso-del-parco\\\/\"]}]},{\"@type\":\"ImageObject\",\"inLanguage\":\"fr-FR\",\"@id\":\"https:\\\/\\\/www.bellunopress.it\\\/2021\\\/05\\\/26\\\/una-volpe-a-guardia-delle-galline-il-presidente-di-federcaccia-nominato-presidente-del-parco-naturale-dei-colli-euganei-lira-di-centopercentoanimalisti-immerdato-lingresso-del-parco\\\/#primaryimage\",\"url\":\"https:\\\/\\\/www.bellunopress.it\\\/wp-content\\\/uploads\\\/2021\\\/01\\\/Paolo-Mocavero-Centopercentoanimalisti_edited.jpg\",\"contentUrl\":\"https:\\\/\\\/www.bellunopress.it\\\/wp-content\\\/uploads\\\/2021\\\/01\\\/Paolo-Mocavero-Centopercentoanimalisti_edited.jpg\",\"width\":485,\"height\":571,\"caption\":\"Paolo Mocavero - Presidente Centopercentoanimalisti\"},{\"@type\":\"BreadcrumbList\",\"@id\":\"https:\\\/\\\/www.bellunopress.it\\\/2021\\\/05\\\/26\\\/una-volpe-a-guardia-delle-galline-il-presidente-di-federcaccia-nominato-presidente-del-parco-naturale-dei-colli-euganei-lira-di-centopercentoanimalisti-immerdato-lingresso-del-parco\\\/#breadcrumb\",\"itemListElement\":[{\"@type\":\"ListItem\",\"position\":1,\"name\":\"Home\",\"item\":\"https:\\\/\\\/www.bellunopress.it\\\/\"},{\"@type\":\"ListItem\",\"position\":2,\"name\":\"Una volpe a guardia delle galline. Il presidente di Federcaccia nominato presidente del Parco naturale dei Colli Euganei. L&#8217;ira di Centopercentoanimalisti. Immerdato l&#8217;ingresso del Parco\"}]},{\"@type\":\"WebSite\",\"@id\":\"https:\\\/\\\/www.bellunopress.it\\\/#website\",\"url\":\"https:\\\/\\\/www.bellunopress.it\\\/\",\"name\":\"Bellunopress - Dolomiti\",\"description\":\"e-mail: redazione@bellunopress.it\",\"publisher\":{\"@id\":\"https:\\\/\\\/www.bellunopress.it\\\/#organization\"},\"potentialAction\":[{\"@type\":\"SearchAction\",\"target\":{\"@type\":\"EntryPoint\",\"urlTemplate\":\"https:\\\/\\\/www.bellunopress.it\\\/?s={search_term_string}\"},\"query-input\":{\"@type\":\"PropertyValueSpecification\",\"valueRequired\":true,\"valueName\":\"search_term_string\"}}],\"inLanguage\":\"fr-FR\"},{\"@type\":\"Organization\",\"@id\":\"https:\\\/\\\/www.bellunopress.it\\\/#organization\",\"name\":\"Bellunopress\",\"url\":\"https:\\\/\\\/www.bellunopress.it\\\/\",\"logo\":{\"@type\":\"ImageObject\",\"inLanguage\":\"fr-FR\",\"@id\":\"https:\\\/\\\/www.bellunopress.it\\\/#\\\/schema\\\/logo\\\/image\\\/\",\"url\":\"https:\\\/\\\/www.bellunopress.it\\\/wp-content\\\/uploads\\\/2011\\\/05\\\/cropped-logo-bellunopress-.jpg\",\"contentUrl\":\"https:\\\/\\\/www.bellunopress.it\\\/wp-content\\\/uploads\\\/2011\\\/05\\\/cropped-logo-bellunopress-.jpg\",\"width\":512,\"height\":512,\"caption\":\"Bellunopress\"},\"image\":{\"@id\":\"https:\\\/\\\/www.bellunopress.it\\\/#\\\/schema\\\/logo\\\/image\\\/\"},\"sameAs\":[\"https:\\\/\\\/www.facebook.com\\\/profile.php?id=100008943462799\",\"https:\\\/\\\/x.com\\\/bellunopress\",\"https:\\\/\\\/www.linkedin.com\\\/hp\\\/?dnr=JBzUWaJfMUw8vbXJJ2tVW5-I3jZKvC4wsoxE&amp;amp;amp;amp;amp;amp;trk=nav_responsive_tab_home\",\"https:\\\/\\\/www.youtube.com\\\/channel\\\/UCxL0wu1uN0_3_7hGG0306cw\"]},{\"@type\":\"Person\",\"@id\":\"https:\\\/\\\/www.bellunopress.it\\\/#\\\/schema\\\/person\\\/79bb06722b37ece1c03d3e94beb30d73\",\"name\":\"redazione\",\"image\":{\"@type\":\"ImageObject\",\"inLanguage\":\"fr-FR\",\"@id\":\"https:\\\/\\\/secure.gravatar.com\\\/avatar\\\/37d968a2e67a6fd04c169c4bdef102d0bc5d31b2546345219e348575eb80e9a0?s=96&d=mm&r=g\",\"url\":\"https:\\\/\\\/secure.gravatar.com\\\/avatar\\\/37d968a2e67a6fd04c169c4bdef102d0bc5d31b2546345219e348575eb80e9a0?s=96&d=mm&r=g\",\"contentUrl\":\"https:\\\/\\\/secure.gravatar.com\\\/avatar\\\/37d968a2e67a6fd04c169c4bdef102d0bc5d31b2546345219e348575eb80e9a0?s=96&d=mm&r=g\",\"caption\":\"redazione\"},\"sameAs\":[\"http:\\\/\\\/www.bellunopress.it\",\"https:\\\/\\\/x.com\\\/bellunopress\"],\"url\":\"https:\\\/\\\/www.bellunopress.it\\\/fr\\\/author\\\/redazione\\\/\"}]}<\/script>\n<!-- \/ Yoast SEO plugin. -->","yoast_head_json":{"title":"Una volpe a guardia delle galline. Il presidente di Federcaccia nominato presidente del Parco naturale dei Colli Euganei. L'ira di Centopercentoanimalisti. Immerdato l'ingresso del Parco - Bellunopress - Dolomiti","robots":{"index":"index","follow":"follow","max-snippet":"max-snippet:-1","max-image-preview":"max-image-preview:large","max-video-preview":"max-video-preview:-1"},"canonical":"https:\/\/www.bellunopress.it\/fr\/2021\/05\/26\/una-volpe-a-guardia-delle-galline-il-presidente-di-federcaccia-nominato-presidente-del-parco-naturale-dei-colli-euganei-lira-di-centopercentoanimalisti-immerdato-lingresso-del-parco\/","og_locale":"fr_FR","og_type":"article","og_title":"Una volpe a guardia delle galline. Il presidente di Federcaccia nominato presidente del Parco naturale dei Colli Euganei. L'ira di Centopercentoanimalisti. Immerdato l'ingresso del Parco - Bellunopress - Dolomiti","og_description":"La nomina del sindaco di Galzignano Terme (Padova) a presidente dell&#8217;Ente Parco Naturale dei Colli Euganei ha suscitato forti critiche. Il Parco \u00e8 tutt&#8217;altro che un paradiso naturale: le gestioni precedenti hanno permesso speculazioni edilizie, fabbriche, cave, caccia etc. Ora la nomina di Riccardo Masin a presidente rasenta l&#8217;assurdo. Prima di tutto perch\u00e9 \u00e8 presidente [&hellip;]","og_url":"https:\/\/www.bellunopress.it\/fr\/2021\/05\/26\/una-volpe-a-guardia-delle-galline-il-presidente-di-federcaccia-nominato-presidente-del-parco-naturale-dei-colli-euganei-lira-di-centopercentoanimalisti-immerdato-lingresso-del-parco\/","og_site_name":"Bellunopress - Dolomiti","article_publisher":"https:\/\/www.facebook.com\/profile.php?id=100008943462799","article_published_time":"2021-05-26T07:28:58+00:00","og_image":[{"width":485,"height":571,"url":"https:\/\/www.bellunopress.it\/wp-content\/uploads\/2021\/01\/Paolo-Mocavero-Centopercentoanimalisti_edited.jpg","type":"image\/jpeg"}],"author":"redazione","twitter_card":"summary_large_image","twitter_creator":"@bellunopress","twitter_site":"@bellunopress","twitter_misc":{"\u00c9crit par":"redazione","Dur\u00e9e de lecture estim\u00e9e":"2 minutes"},"schema":{"@context":"https:\/\/schema.org","@graph":[{"@type":"Article","@id":"https:\/\/www.bellunopress.it\/2021\/05\/26\/una-volpe-a-guardia-delle-galline-il-presidente-di-federcaccia-nominato-presidente-del-parco-naturale-dei-colli-euganei-lira-di-centopercentoanimalisti-immerdato-lingresso-del-parco\/#article","isPartOf":{"@id":"https:\/\/www.bellunopress.it\/2021\/05\/26\/una-volpe-a-guardia-delle-galline-il-presidente-di-federcaccia-nominato-presidente-del-parco-naturale-dei-colli-euganei-lira-di-centopercentoanimalisti-immerdato-lingresso-del-parco\/"},"author":{"name":"redazione","@id":"https:\/\/www.bellunopress.it\/#\/schema\/person\/79bb06722b37ece1c03d3e94beb30d73"},"headline":"Una volpe a guardia delle galline. Il presidente di Federcaccia nominato presidente del Parco naturale dei Colli Euganei. L&#8217;ira di Centopercentoanimalisti. Immerdato l&#8217;ingresso del Parco","datePublished":"2021-05-26T07:28:58+00:00","mainEntityOfPage":{"@id":"https:\/\/www.bellunopress.it\/2021\/05\/26\/una-volpe-a-guardia-delle-galline-il-presidente-di-federcaccia-nominato-presidente-del-parco-naturale-dei-colli-euganei-lira-di-centopercentoanimalisti-immerdato-lingresso-del-parco\/"},"wordCount":275,"publisher":{"@id":"https:\/\/www.bellunopress.it\/#organization"},"image":{"@id":"https:\/\/www.bellunopress.it\/2021\/05\/26\/una-volpe-a-guardia-delle-galline-il-presidente-di-federcaccia-nominato-presidente-del-parco-naturale-dei-colli-euganei-lira-di-centopercentoanimalisti-immerdato-lingresso-del-parco\/#primaryimage"},"thumbnailUrl":"https:\/\/www.bellunopress.it\/wp-content\/uploads\/2021\/01\/Paolo-Mocavero-Centopercentoanimalisti_edited.jpg","articleSection":["Meteo, natura, ambiente, animali"],"inLanguage":"fr-FR"},{"@type":"WebPage","@id":"https:\/\/www.bellunopress.it\/2021\/05\/26\/una-volpe-a-guardia-delle-galline-il-presidente-di-federcaccia-nominato-presidente-del-parco-naturale-dei-colli-euganei-lira-di-centopercentoanimalisti-immerdato-lingresso-del-parco\/","url":"https:\/\/www.bellunopress.it\/2021\/05\/26\/una-volpe-a-guardia-delle-galline-il-presidente-di-federcaccia-nominato-presidente-del-parco-naturale-dei-colli-euganei-lira-di-centopercentoanimalisti-immerdato-lingresso-del-parco\/","name":"Una volpe a guardia delle galline. Il presidente di Federcaccia nominato presidente del Parco naturale dei Colli Euganei. L'ira di Centopercentoanimalisti. Immerdato l'ingresso del Parco - Bellunopress - Dolomiti","isPartOf":{"@id":"https:\/\/www.bellunopress.it\/#website"},"primaryImageOfPage":{"@id":"https:\/\/www.bellunopress.it\/2021\/05\/26\/una-volpe-a-guardia-delle-galline-il-presidente-di-federcaccia-nominato-presidente-del-parco-naturale-dei-colli-euganei-lira-di-centopercentoanimalisti-immerdato-lingresso-del-parco\/#primaryimage"},"image":{"@id":"https:\/\/www.bellunopress.it\/2021\/05\/26\/una-volpe-a-guardia-delle-galline-il-presidente-di-federcaccia-nominato-presidente-del-parco-naturale-dei-colli-euganei-lira-di-centopercentoanimalisti-immerdato-lingresso-del-parco\/#primaryimage"},"thumbnailUrl":"https:\/\/www.bellunopress.it\/wp-content\/uploads\/2021\/01\/Paolo-Mocavero-Centopercentoanimalisti_edited.jpg","datePublished":"2021-05-26T07:28:58+00:00","breadcrumb":{"@id":"https:\/\/www.bellunopress.it\/2021\/05\/26\/una-volpe-a-guardia-delle-galline-il-presidente-di-federcaccia-nominato-presidente-del-parco-naturale-dei-colli-euganei-lira-di-centopercentoanimalisti-immerdato-lingresso-del-parco\/#breadcrumb"},"inLanguage":"fr-FR","potentialAction":[{"@type":"ReadAction","target":["https:\/\/www.bellunopress.it\/2021\/05\/26\/una-volpe-a-guardia-delle-galline-il-presidente-di-federcaccia-nominato-presidente-del-parco-naturale-dei-colli-euganei-lira-di-centopercentoanimalisti-immerdato-lingresso-del-parco\/"]}]},{"@type":"ImageObject","inLanguage":"fr-FR","@id":"https:\/\/www.bellunopress.it\/2021\/05\/26\/una-volpe-a-guardia-delle-galline-il-presidente-di-federcaccia-nominato-presidente-del-parco-naturale-dei-colli-euganei-lira-di-centopercentoanimalisti-immerdato-lingresso-del-parco\/#primaryimage","url":"https:\/\/www.bellunopress.it\/wp-content\/uploads\/2021\/01\/Paolo-Mocavero-Centopercentoanimalisti_edited.jpg","contentUrl":"https:\/\/www.bellunopress.it\/wp-content\/uploads\/2021\/01\/Paolo-Mocavero-Centopercentoanimalisti_edited.jpg","width":485,"height":571,"caption":"Paolo Mocavero - Presidente Centopercentoanimalisti"},{"@type":"BreadcrumbList","@id":"https:\/\/www.bellunopress.it\/2021\/05\/26\/una-volpe-a-guardia-delle-galline-il-presidente-di-federcaccia-nominato-presidente-del-parco-naturale-dei-colli-euganei-lira-di-centopercentoanimalisti-immerdato-lingresso-del-parco\/#breadcrumb","itemListElement":[{"@type":"ListItem","position":1,"name":"Home","item":"https:\/\/www.bellunopress.it\/"},{"@type":"ListItem","position":2,"name":"Una volpe a guardia delle galline. Il presidente di Federcaccia nominato presidente del Parco naturale dei Colli Euganei. L&#8217;ira di Centopercentoanimalisti. Immerdato l&#8217;ingresso del Parco"}]},{"@type":"WebSite","@id":"https:\/\/www.bellunopress.it\/#website","url":"https:\/\/www.bellunopress.it\/","name":"Bellunopress - Dolomiti","description":"e-mail: redazione@bellunopress.it","publisher":{"@id":"https:\/\/www.bellunopress.it\/#organization"},"potentialAction":[{"@type":"SearchAction","target":{"@type":"EntryPoint","urlTemplate":"https:\/\/www.bellunopress.it\/?s={search_term_string}"},"query-input":{"@type":"PropertyValueSpecification","valueRequired":true,"valueName":"search_term_string"}}],"inLanguage":"fr-FR"},{"@type":"Organization","@id":"https:\/\/www.bellunopress.it\/#organization","name":"Bellunopress","url":"https:\/\/www.bellunopress.it\/","logo":{"@type":"ImageObject","inLanguage":"fr-FR","@id":"https:\/\/www.bellunopress.it\/#\/schema\/logo\/image\/","url":"https:\/\/www.bellunopress.it\/wp-content\/uploads\/2011\/05\/cropped-logo-bellunopress-.jpg","contentUrl":"https:\/\/www.bellunopress.it\/wp-content\/uploads\/2011\/05\/cropped-logo-bellunopress-.jpg","width":512,"height":512,"caption":"Bellunopress"},"image":{"@id":"https:\/\/www.bellunopress.it\/#\/schema\/logo\/image\/"},"sameAs":["https:\/\/www.facebook.com\/profile.php?id=100008943462799","https:\/\/x.com\/bellunopress","https:\/\/www.linkedin.com\/hp\/?dnr=JBzUWaJfMUw8vbXJJ2tVW5-I3jZKvC4wsoxE&amp;amp;amp;amp;amp;amp;trk=nav_responsive_tab_home","https:\/\/www.youtube.com\/channel\/UCxL0wu1uN0_3_7hGG0306cw"]},{"@type":"Person","@id":"https:\/\/www.bellunopress.it\/#\/schema\/person\/79bb06722b37ece1c03d3e94beb30d73","name":"r\u00e9daction","image":{"@type":"ImageObject","inLanguage":"fr-FR","@id":"https:\/\/secure.gravatar.com\/avatar\/37d968a2e67a6fd04c169c4bdef102d0bc5d31b2546345219e348575eb80e9a0?s=96&d=mm&r=g","url":"https:\/\/secure.gravatar.com\/avatar\/37d968a2e67a6fd04c169c4bdef102d0bc5d31b2546345219e348575eb80e9a0?s=96&d=mm&r=g","contentUrl":"https:\/\/secure.gravatar.com\/avatar\/37d968a2e67a6fd04c169c4bdef102d0bc5d31b2546345219e348575eb80e9a0?s=96&d=mm&r=g","caption":"redazione"},"sameAs":["http:\/\/www.bellunopress.it","https:\/\/x.com\/bellunopress"],"url":"https:\/\/www.bellunopress.it\/fr\/author\/redazione\/"}]}},"_links":{"self":[{"href":"https:\/\/www.bellunopress.it\/fr\/wp-json\/wp\/v2\/posts\/124762","targetHints":{"allow":["GET"]}}],"collection":[{"href":"https:\/\/www.bellunopress.it\/fr\/wp-json\/wp\/v2\/posts"}],"about":[{"href":"https:\/\/www.bellunopress.it\/fr\/wp-json\/wp\/v2\/types\/post"}],"author":[{"embeddable":true,"href":"https:\/\/www.bellunopress.it\/fr\/wp-json\/wp\/v2\/users\/2"}],"replies":[{"embeddable":true,"href":"https:\/\/www.bellunopress.it\/fr\/wp-json\/wp\/v2\/comments?post=124762"}],"version-history":[{"count":1,"href":"https:\/\/www.bellunopress.it\/fr\/wp-json\/wp\/v2\/posts\/124762\/revisions"}],"predecessor-version":[{"id":124763,"href":"https:\/\/www.bellunopress.it\/fr\/wp-json\/wp\/v2\/posts\/124762\/revisions\/124763"}],"wp:featuredmedia":[{"embeddable":true,"href":"https:\/\/www.bellunopress.it\/fr\/wp-json\/wp\/v2\/media\/120774"}],"wp:attachment":[{"href":"https:\/\/www.bellunopress.it\/fr\/wp-json\/wp\/v2\/media?parent=124762"}],"wp:term":[{"taxonomy":"category","embeddable":true,"href":"https:\/\/www.bellunopress.it\/fr\/wp-json\/wp\/v2\/categories?post=124762"},{"taxonomy":"post_tag","embeddable":true,"href":"https:\/\/www.bellunopress.it\/fr\/wp-json\/wp\/v2\/tags?post=124762"}],"curies":[{"name":"wp","href":"https:\/\/api.w.org\/{rel}","templated":true}]}}