{"id":12475,"date":"2010-02-13T18:26:25","date_gmt":"2010-02-13T17:26:25","guid":{"rendered":"http:\/\/www.bellunopress.it\/?p=12475"},"modified":"2010-02-13T18:26:25","modified_gmt":"2010-02-13T17:26:25","slug":"ottocento-bambini-del-cadore-senza-pediatria-di-base-la-ulss-si-attivi-per-dichiarare-zona-carente","status":"publish","type":"post","link":"https:\/\/www.bellunopress.it\/fr\/2010\/02\/13\/ottocento-bambini-del-cadore-senza-pediatria-di-base-la-ulss-si-attivi-per-dichiarare-zona-carente\/","title":{"rendered":"Ottocento bambini del Cadore senza Pediatria di base. La Ulss si attivi per dichiarare zona carente"},"content":{"rendered":"<figure id=\"attachment_7566\" aria-describedby=\"caption-attachment-7566\" style=\"width: 120px\" class=\"wp-caption alignleft\"><a href=\"http:\/\/www.bellunopress.it\/wp-content\/uploads\/2009\/08\/tatiana-pais-becher.jpg\"><img loading=\"lazy\" decoding=\"async\" class=\"size-medium wp-image-7566\" title=\"tatiana-pais-becher\" src=\"http:\/\/www.bellunopress.it\/wp-content\/uploads\/2009\/08\/tatiana-pais-becher.jpg\" alt=\"Tatiana Pais Becher assessore\" width=\"120\" height=\"120\" \/><\/a><figcaption id=\"caption-attachment-7566\" class=\"wp-caption-text\">Tatiana Pais Becher assessore<\/figcaption><\/figure>\n<p>&#8220;In qualit\u00e0 di assessore alle politiche per la famiglia del Comune di Auronzo mi sento in dovere di intervenire sulla questione della mancanza di un Pediatra di Famiglia nel Distretto di Auronzo di Cadore, dopo avere letto le dichiarazioni del consigliere provinciale Silvano Martini. Gi\u00e0 nel dicembre scorso, essendo madre di 3 bimbi in cura proprio dalla dottoressa Tardella, ero venuta a conoscenza di questo rischio e mi ero attivata, insieme al Sindaco e alla giunta di Auronzo, per sentire quale fosse la reale situazione,chiedendo che il posto venisse immediatamente coperto.\u00a0 Il consigliere Martini dovrebbe informarsi meglio prima di rilasciare dichiarazioni su bandi di concorso inesistenti: il bando emesso a cui fa riferimento riguarda infatti esclusivamente l\u0092ambito ospedaliero e non quello territoriale, si tratta di 3 posti di pediatra disponibili per gli ospedali di Belluno e Pieve di Cadore. Per quanto riguarda invece il Distretto di Auronzo di Cadore non \u00e8 ancora stato emesso alcun bando per coprire il posto di medico di base vacante, in quanto non \u00e8 possibile attivare la graduatoria finch\u00e9 la ULSS non dichiara \u0093LA ZONA CARENTE\u0094 sul territorio!!! Per questa ragione chiedo, a nome di tutti i cittadini e in particolare dei genitori che mi hanno pi\u00f9 volte posto il problema, che la ULSS dichiari al pi\u00f9 presto \u0093la zona carente\u0094, per poter procedere con il bando.\u00a0 Nonostante la carenza di specialisti, dovuta anche al prolungamento della specialit\u00e0 di pediatria da 4 a 5 anni, e i vuoti degli organici ospedalieri ( a Pieve 2 strutturati e 2 o 3 gettonisti) non \u00e8 detto che con il bando non ci sia qualche pediatra interessato a coprire il territorio del distretto di Auronzo di Cadore. Continuiamo a parlare di spopolamento della montagna e di favorire la vita tra le nostre valli alpine, ma dobbiamo garantire l\u0092assistenza ai bambini, alle famiglie e agli anziani affinch\u00e9 sia ancora possibile vivere e crescere i nostri figli dignitosamente tra le Dolomiti&#8221;.<br \/>\n\u00a0Tatiana Pais Becher<br \/>\nAssessore alle politiche per la Famiglia<br \/>\nAuronzo di Cadore<\/p>","protected":false},"excerpt":{"rendered":"<p>&#8220;In qualit\u00e0 di assessore alle politiche per la famiglia del Comune di Auronzo mi sento in dovere di intervenire sulla questione della mancanza di un Pediatra di Famiglia nel Distretto di Auronzo di Cadore, dopo avere letto le dichiarazioni del consigliere provinciale Silvano Martini. Gi\u00e0 nel dicembre scorso, essendo madre di 3 bimbi in cura [&hellip;]<\/p>\n","protected":false},"author":2,"featured_media":0,"comment_status":"closed","ping_status":"open","sticky":false,"template":"","format":"standard","meta":{"footnotes":""},"categories":[26,17],"tags":[54,53,3050],"class_list":["post-12475","post","type-post","status-publish","format-standard","category-prima-pagina","category-sanita","tag-auronzo-cadore","tag-pediatria","tag-sanita"],"yoast_head":"<!-- This site is optimized with the Yoast SEO plugin v28.4 - https:\/\/yoast.com\/product\/yoast-seo-wordpress\/ -->\n<title>Ottocento bambini del Cadore senza Pediatria di base. La Ulss si attivi per dichiarare zona carente  - Bellunopress - Dolomiti<\/title>\n<meta name=\"robots\" content=\"index, follow, max-snippet:-1, max-image-preview:large, max-video-preview:-1\" \/>\n<link rel=\"canonical\" href=\"https:\/\/www.bellunopress.it\/fr\/2010\/02\/13\/ottocento-bambini-del-cadore-senza-pediatria-di-base-la-ulss-si-attivi-per-dichiarare-zona-carente\/\" \/>\n<meta property=\"og:locale\" content=\"fr_FR\" \/>\n<meta property=\"og:type\" content=\"article\" \/>\n<meta property=\"og:title\" content=\"Ottocento bambini del Cadore senza Pediatria di base. La Ulss si attivi per dichiarare zona carente  - Bellunopress - Dolomiti\" \/>\n<meta property=\"og:description\" content=\"&#8220;In qualit\u00e0 di assessore alle politiche per la famiglia del Comune di Auronzo mi sento in dovere di intervenire sulla questione della mancanza di un Pediatra di Famiglia nel Distretto di Auronzo di Cadore, dopo avere letto le dichiarazioni del consigliere provinciale Silvano Martini. Gi\u00e0 nel dicembre scorso, essendo madre di 3 bimbi in cura [&hellip;]\" \/>\n<meta property=\"og:url\" content=\"https:\/\/www.bellunopress.it\/fr\/2010\/02\/13\/ottocento-bambini-del-cadore-senza-pediatria-di-base-la-ulss-si-attivi-per-dichiarare-zona-carente\/\" \/>\n<meta property=\"og:site_name\" content=\"Bellunopress - Dolomiti\" \/>\n<meta property=\"article:publisher\" content=\"https:\/\/www.facebook.com\/profile.php?id=100008943462799\" \/>\n<meta property=\"article:published_time\" content=\"2010-02-13T17:26:25+00:00\" \/>\n<meta property=\"og:image\" content=\"http:\/\/www.bellunopress.it\/wp-content\/uploads\/2009\/08\/tatiana-pais-becher.jpg\" \/>\n<meta name=\"author\" content=\"redazione\" \/>\n<meta name=\"twitter:card\" content=\"summary_large_image\" \/>\n<meta name=\"twitter:creator\" content=\"@bellunopress\" \/>\n<meta name=\"twitter:site\" content=\"@bellunopress\" \/>\n<meta name=\"twitter:label1\" content=\"\u00c9crit par\" \/>\n\t<meta name=\"twitter:data1\" content=\"redazione\" \/>\n\t<meta name=\"twitter:label2\" content=\"Dur\u00e9e de lecture estim\u00e9e\" \/>\n\t<meta name=\"twitter:data2\" content=\"2 minutes\" \/>\n<script type=\"application\/ld+json\" class=\"yoast-schema-graph\">{\"@context\":\"https:\\\/\\\/schema.org\",\"@graph\":[{\"@type\":\"Article\",\"@id\":\"https:\\\/\\\/www.bellunopress.it\\\/2010\\\/02\\\/13\\\/ottocento-bambini-del-cadore-senza-pediatria-di-base-la-ulss-si-attivi-per-dichiarare-zona-carente\\\/#article\",\"isPartOf\":{\"@id\":\"https:\\\/\\\/www.bellunopress.it\\\/2010\\\/02\\\/13\\\/ottocento-bambini-del-cadore-senza-pediatria-di-base-la-ulss-si-attivi-per-dichiarare-zona-carente\\\/\"},\"author\":{\"name\":\"redazione\",\"@id\":\"https:\\\/\\\/www.bellunopress.it\\\/#\\\/schema\\\/person\\\/79bb06722b37ece1c03d3e94beb30d73\"},\"headline\":\"Ottocento bambini del Cadore senza Pediatria di base. La Ulss si attivi per dichiarare zona carente\",\"datePublished\":\"2010-02-13T17:26:25+00:00\",\"mainEntityOfPage\":{\"@id\":\"https:\\\/\\\/www.bellunopress.it\\\/2010\\\/02\\\/13\\\/ottocento-bambini-del-cadore-senza-pediatria-di-base-la-ulss-si-attivi-per-dichiarare-zona-carente\\\/\"},\"wordCount\":353,\"publisher\":{\"@id\":\"https:\\\/\\\/www.bellunopress.it\\\/#organization\"},\"image\":{\"@id\":\"https:\\\/\\\/www.bellunopress.it\\\/2010\\\/02\\\/13\\\/ottocento-bambini-del-cadore-senza-pediatria-di-base-la-ulss-si-attivi-per-dichiarare-zona-carente\\\/#primaryimage\"},\"thumbnailUrl\":\"http:\\\/\\\/www.bellunopress.it\\\/wp-content\\\/uploads\\\/2009\\\/08\\\/tatiana-pais-becher.jpg\",\"keywords\":[\"auronzo cadore\",\"pediatria\",\"Sanit\u00e0\"],\"articleSection\":[\"Prima Pagina\",\"Sanit\u00e0 Medicina\"],\"inLanguage\":\"fr-FR\"},{\"@type\":\"WebPage\",\"@id\":\"https:\\\/\\\/www.bellunopress.it\\\/2010\\\/02\\\/13\\\/ottocento-bambini-del-cadore-senza-pediatria-di-base-la-ulss-si-attivi-per-dichiarare-zona-carente\\\/\",\"url\":\"https:\\\/\\\/www.bellunopress.it\\\/2010\\\/02\\\/13\\\/ottocento-bambini-del-cadore-senza-pediatria-di-base-la-ulss-si-attivi-per-dichiarare-zona-carente\\\/\",\"name\":\"Ottocento bambini del Cadore senza Pediatria di base. La Ulss si attivi per dichiarare zona carente - Bellunopress - Dolomiti\",\"isPartOf\":{\"@id\":\"https:\\\/\\\/www.bellunopress.it\\\/#website\"},\"primaryImageOfPage\":{\"@id\":\"https:\\\/\\\/www.bellunopress.it\\\/2010\\\/02\\\/13\\\/ottocento-bambini-del-cadore-senza-pediatria-di-base-la-ulss-si-attivi-per-dichiarare-zona-carente\\\/#primaryimage\"},\"image\":{\"@id\":\"https:\\\/\\\/www.bellunopress.it\\\/2010\\\/02\\\/13\\\/ottocento-bambini-del-cadore-senza-pediatria-di-base-la-ulss-si-attivi-per-dichiarare-zona-carente\\\/#primaryimage\"},\"thumbnailUrl\":\"http:\\\/\\\/www.bellunopress.it\\\/wp-content\\\/uploads\\\/2009\\\/08\\\/tatiana-pais-becher.jpg\",\"datePublished\":\"2010-02-13T17:26:25+00:00\",\"breadcrumb\":{\"@id\":\"https:\\\/\\\/www.bellunopress.it\\\/2010\\\/02\\\/13\\\/ottocento-bambini-del-cadore-senza-pediatria-di-base-la-ulss-si-attivi-per-dichiarare-zona-carente\\\/#breadcrumb\"},\"inLanguage\":\"fr-FR\",\"potentialAction\":[{\"@type\":\"ReadAction\",\"target\":[\"https:\\\/\\\/www.bellunopress.it\\\/2010\\\/02\\\/13\\\/ottocento-bambini-del-cadore-senza-pediatria-di-base-la-ulss-si-attivi-per-dichiarare-zona-carente\\\/\"]}]},{\"@type\":\"ImageObject\",\"inLanguage\":\"fr-FR\",\"@id\":\"https:\\\/\\\/www.bellunopress.it\\\/2010\\\/02\\\/13\\\/ottocento-bambini-del-cadore-senza-pediatria-di-base-la-ulss-si-attivi-per-dichiarare-zona-carente\\\/#primaryimage\",\"url\":\"http:\\\/\\\/www.bellunopress.it\\\/wp-content\\\/uploads\\\/2009\\\/08\\\/tatiana-pais-becher.jpg\",\"contentUrl\":\"http:\\\/\\\/www.bellunopress.it\\\/wp-content\\\/uploads\\\/2009\\\/08\\\/tatiana-pais-becher.jpg\"},{\"@type\":\"BreadcrumbList\",\"@id\":\"https:\\\/\\\/www.bellunopress.it\\\/2010\\\/02\\\/13\\\/ottocento-bambini-del-cadore-senza-pediatria-di-base-la-ulss-si-attivi-per-dichiarare-zona-carente\\\/#breadcrumb\",\"itemListElement\":[{\"@type\":\"ListItem\",\"position\":1,\"name\":\"Home\",\"item\":\"https:\\\/\\\/www.bellunopress.it\\\/\"},{\"@type\":\"ListItem\",\"position\":2,\"name\":\"Ottocento bambini del Cadore senza Pediatria di base. La Ulss si attivi per dichiarare zona carente\"}]},{\"@type\":\"WebSite\",\"@id\":\"https:\\\/\\\/www.bellunopress.it\\\/#website\",\"url\":\"https:\\\/\\\/www.bellunopress.it\\\/\",\"name\":\"Bellunopress - Dolomiti\",\"description\":\"e-mail: redazione@bellunopress.it\",\"publisher\":{\"@id\":\"https:\\\/\\\/www.bellunopress.it\\\/#organization\"},\"potentialAction\":[{\"@type\":\"SearchAction\",\"target\":{\"@type\":\"EntryPoint\",\"urlTemplate\":\"https:\\\/\\\/www.bellunopress.it\\\/?s={search_term_string}\"},\"query-input\":{\"@type\":\"PropertyValueSpecification\",\"valueRequired\":true,\"valueName\":\"search_term_string\"}}],\"inLanguage\":\"fr-FR\"},{\"@type\":\"Organization\",\"@id\":\"https:\\\/\\\/www.bellunopress.it\\\/#organization\",\"name\":\"Bellunopress\",\"url\":\"https:\\\/\\\/www.bellunopress.it\\\/\",\"logo\":{\"@type\":\"ImageObject\",\"inLanguage\":\"fr-FR\",\"@id\":\"https:\\\/\\\/www.bellunopress.it\\\/#\\\/schema\\\/logo\\\/image\\\/\",\"url\":\"https:\\\/\\\/www.bellunopress.it\\\/wp-content\\\/uploads\\\/2011\\\/05\\\/cropped-logo-bellunopress-.jpg\",\"contentUrl\":\"https:\\\/\\\/www.bellunopress.it\\\/wp-content\\\/uploads\\\/2011\\\/05\\\/cropped-logo-bellunopress-.jpg\",\"width\":512,\"height\":512,\"caption\":\"Bellunopress\"},\"image\":{\"@id\":\"https:\\\/\\\/www.bellunopress.it\\\/#\\\/schema\\\/logo\\\/image\\\/\"},\"sameAs\":[\"https:\\\/\\\/www.facebook.com\\\/profile.php?id=100008943462799\",\"https:\\\/\\\/x.com\\\/bellunopress\",\"https:\\\/\\\/www.linkedin.com\\\/hp\\\/?dnr=JBzUWaJfMUw8vbXJJ2tVW5-I3jZKvC4wsoxE&amp;amp;amp;amp;amp;amp;trk=nav_responsive_tab_home\",\"https:\\\/\\\/www.youtube.com\\\/channel\\\/UCxL0wu1uN0_3_7hGG0306cw\"]},{\"@type\":\"Person\",\"@id\":\"https:\\\/\\\/www.bellunopress.it\\\/#\\\/schema\\\/person\\\/79bb06722b37ece1c03d3e94beb30d73\",\"name\":\"redazione\",\"image\":{\"@type\":\"ImageObject\",\"inLanguage\":\"fr-FR\",\"@id\":\"https:\\\/\\\/secure.gravatar.com\\\/avatar\\\/37d968a2e67a6fd04c169c4bdef102d0bc5d31b2546345219e348575eb80e9a0?s=96&d=mm&r=g\",\"url\":\"https:\\\/\\\/secure.gravatar.com\\\/avatar\\\/37d968a2e67a6fd04c169c4bdef102d0bc5d31b2546345219e348575eb80e9a0?s=96&d=mm&r=g\",\"contentUrl\":\"https:\\\/\\\/secure.gravatar.com\\\/avatar\\\/37d968a2e67a6fd04c169c4bdef102d0bc5d31b2546345219e348575eb80e9a0?s=96&d=mm&r=g\",\"caption\":\"redazione\"},\"sameAs\":[\"http:\\\/\\\/www.bellunopress.it\",\"https:\\\/\\\/x.com\\\/bellunopress\"],\"url\":\"https:\\\/\\\/www.bellunopress.it\\\/fr\\\/author\\\/redazione\\\/\"}]}<\/script>\n<!-- \/ Yoast SEO plugin. -->","yoast_head_json":{"title":"Ottocento bambini del Cadore senza Pediatria di base. La Ulss si attivi per dichiarare zona carente  - Bellunopress - Dolomiti","robots":{"index":"index","follow":"follow","max-snippet":"max-snippet:-1","max-image-preview":"max-image-preview:large","max-video-preview":"max-video-preview:-1"},"canonical":"https:\/\/www.bellunopress.it\/fr\/2010\/02\/13\/ottocento-bambini-del-cadore-senza-pediatria-di-base-la-ulss-si-attivi-per-dichiarare-zona-carente\/","og_locale":"fr_FR","og_type":"article","og_title":"Ottocento bambini del Cadore senza Pediatria di base. La Ulss si attivi per dichiarare zona carente  - Bellunopress - Dolomiti","og_description":"&#8220;In qualit\u00e0 di assessore alle politiche per la famiglia del Comune di Auronzo mi sento in dovere di intervenire sulla questione della mancanza di un Pediatra di Famiglia nel Distretto di Auronzo di Cadore, dopo avere letto le dichiarazioni del consigliere provinciale Silvano Martini. Gi\u00e0 nel dicembre scorso, essendo madre di 3 bimbi in cura [&hellip;]","og_url":"https:\/\/www.bellunopress.it\/fr\/2010\/02\/13\/ottocento-bambini-del-cadore-senza-pediatria-di-base-la-ulss-si-attivi-per-dichiarare-zona-carente\/","og_site_name":"Bellunopress - Dolomiti","article_publisher":"https:\/\/www.facebook.com\/profile.php?id=100008943462799","article_published_time":"2010-02-13T17:26:25+00:00","og_image":[{"url":"http:\/\/www.bellunopress.it\/wp-content\/uploads\/2009\/08\/tatiana-pais-becher.jpg","type":"","width":"","height":""}],"author":"redazione","twitter_card":"summary_large_image","twitter_creator":"@bellunopress","twitter_site":"@bellunopress","twitter_misc":{"\u00c9crit par":"redazione","Dur\u00e9e de lecture estim\u00e9e":"2 minutes"},"schema":{"@context":"https:\/\/schema.org","@graph":[{"@type":"Article","@id":"https:\/\/www.bellunopress.it\/2010\/02\/13\/ottocento-bambini-del-cadore-senza-pediatria-di-base-la-ulss-si-attivi-per-dichiarare-zona-carente\/#article","isPartOf":{"@id":"https:\/\/www.bellunopress.it\/2010\/02\/13\/ottocento-bambini-del-cadore-senza-pediatria-di-base-la-ulss-si-attivi-per-dichiarare-zona-carente\/"},"author":{"name":"redazione","@id":"https:\/\/www.bellunopress.it\/#\/schema\/person\/79bb06722b37ece1c03d3e94beb30d73"},"headline":"Ottocento bambini del Cadore senza Pediatria di base. La Ulss si attivi per dichiarare zona carente","datePublished":"2010-02-13T17:26:25+00:00","mainEntityOfPage":{"@id":"https:\/\/www.bellunopress.it\/2010\/02\/13\/ottocento-bambini-del-cadore-senza-pediatria-di-base-la-ulss-si-attivi-per-dichiarare-zona-carente\/"},"wordCount":353,"publisher":{"@id":"https:\/\/www.bellunopress.it\/#organization"},"image":{"@id":"https:\/\/www.bellunopress.it\/2010\/02\/13\/ottocento-bambini-del-cadore-senza-pediatria-di-base-la-ulss-si-attivi-per-dichiarare-zona-carente\/#primaryimage"},"thumbnailUrl":"http:\/\/www.bellunopress.it\/wp-content\/uploads\/2009\/08\/tatiana-pais-becher.jpg","keywords":["auronzo cadore","pediatria","Sanit\u00e0"],"articleSection":["Prima Pagina","Sanit\u00e0 Medicina"],"inLanguage":"fr-FR"},{"@type":"WebPage","@id":"https:\/\/www.bellunopress.it\/2010\/02\/13\/ottocento-bambini-del-cadore-senza-pediatria-di-base-la-ulss-si-attivi-per-dichiarare-zona-carente\/","url":"https:\/\/www.bellunopress.it\/2010\/02\/13\/ottocento-bambini-del-cadore-senza-pediatria-di-base-la-ulss-si-attivi-per-dichiarare-zona-carente\/","name":"Ottocento bambini del Cadore senza Pediatria di base. La Ulss si attivi per dichiarare zona carente - Bellunopress - Dolomiti","isPartOf":{"@id":"https:\/\/www.bellunopress.it\/#website"},"primaryImageOfPage":{"@id":"https:\/\/www.bellunopress.it\/2010\/02\/13\/ottocento-bambini-del-cadore-senza-pediatria-di-base-la-ulss-si-attivi-per-dichiarare-zona-carente\/#primaryimage"},"image":{"@id":"https:\/\/www.bellunopress.it\/2010\/02\/13\/ottocento-bambini-del-cadore-senza-pediatria-di-base-la-ulss-si-attivi-per-dichiarare-zona-carente\/#primaryimage"},"thumbnailUrl":"http:\/\/www.bellunopress.it\/wp-content\/uploads\/2009\/08\/tatiana-pais-becher.jpg","datePublished":"2010-02-13T17:26:25+00:00","breadcrumb":{"@id":"https:\/\/www.bellunopress.it\/2010\/02\/13\/ottocento-bambini-del-cadore-senza-pediatria-di-base-la-ulss-si-attivi-per-dichiarare-zona-carente\/#breadcrumb"},"inLanguage":"fr-FR","potentialAction":[{"@type":"ReadAction","target":["https:\/\/www.bellunopress.it\/2010\/02\/13\/ottocento-bambini-del-cadore-senza-pediatria-di-base-la-ulss-si-attivi-per-dichiarare-zona-carente\/"]}]},{"@type":"ImageObject","inLanguage":"fr-FR","@id":"https:\/\/www.bellunopress.it\/2010\/02\/13\/ottocento-bambini-del-cadore-senza-pediatria-di-base-la-ulss-si-attivi-per-dichiarare-zona-carente\/#primaryimage","url":"http:\/\/www.bellunopress.it\/wp-content\/uploads\/2009\/08\/tatiana-pais-becher.jpg","contentUrl":"http:\/\/www.bellunopress.it\/wp-content\/uploads\/2009\/08\/tatiana-pais-becher.jpg"},{"@type":"BreadcrumbList","@id":"https:\/\/www.bellunopress.it\/2010\/02\/13\/ottocento-bambini-del-cadore-senza-pediatria-di-base-la-ulss-si-attivi-per-dichiarare-zona-carente\/#breadcrumb","itemListElement":[{"@type":"ListItem","position":1,"name":"Home","item":"https:\/\/www.bellunopress.it\/"},{"@type":"ListItem","position":2,"name":"Ottocento bambini del Cadore senza Pediatria di base. La Ulss si attivi per dichiarare zona carente"}]},{"@type":"WebSite","@id":"https:\/\/www.bellunopress.it\/#website","url":"https:\/\/www.bellunopress.it\/","name":"Bellunopress - Dolomiti","description":"e-mail: redazione@bellunopress.it","publisher":{"@id":"https:\/\/www.bellunopress.it\/#organization"},"potentialAction":[{"@type":"SearchAction","target":{"@type":"EntryPoint","urlTemplate":"https:\/\/www.bellunopress.it\/?s={search_term_string}"},"query-input":{"@type":"PropertyValueSpecification","valueRequired":true,"valueName":"search_term_string"}}],"inLanguage":"fr-FR"},{"@type":"Organization","@id":"https:\/\/www.bellunopress.it\/#organization","name":"Bellunopress","url":"https:\/\/www.bellunopress.it\/","logo":{"@type":"ImageObject","inLanguage":"fr-FR","@id":"https:\/\/www.bellunopress.it\/#\/schema\/logo\/image\/","url":"https:\/\/www.bellunopress.it\/wp-content\/uploads\/2011\/05\/cropped-logo-bellunopress-.jpg","contentUrl":"https:\/\/www.bellunopress.it\/wp-content\/uploads\/2011\/05\/cropped-logo-bellunopress-.jpg","width":512,"height":512,"caption":"Bellunopress"},"image":{"@id":"https:\/\/www.bellunopress.it\/#\/schema\/logo\/image\/"},"sameAs":["https:\/\/www.facebook.com\/profile.php?id=100008943462799","https:\/\/x.com\/bellunopress","https:\/\/www.linkedin.com\/hp\/?dnr=JBzUWaJfMUw8vbXJJ2tVW5-I3jZKvC4wsoxE&amp;amp;amp;amp;amp;amp;trk=nav_responsive_tab_home","https:\/\/www.youtube.com\/channel\/UCxL0wu1uN0_3_7hGG0306cw"]},{"@type":"Person","@id":"https:\/\/www.bellunopress.it\/#\/schema\/person\/79bb06722b37ece1c03d3e94beb30d73","name":"r\u00e9daction","image":{"@type":"ImageObject","inLanguage":"fr-FR","@id":"https:\/\/secure.gravatar.com\/avatar\/37d968a2e67a6fd04c169c4bdef102d0bc5d31b2546345219e348575eb80e9a0?s=96&d=mm&r=g","url":"https:\/\/secure.gravatar.com\/avatar\/37d968a2e67a6fd04c169c4bdef102d0bc5d31b2546345219e348575eb80e9a0?s=96&d=mm&r=g","contentUrl":"https:\/\/secure.gravatar.com\/avatar\/37d968a2e67a6fd04c169c4bdef102d0bc5d31b2546345219e348575eb80e9a0?s=96&d=mm&r=g","caption":"redazione"},"sameAs":["http:\/\/www.bellunopress.it","https:\/\/x.com\/bellunopress"],"url":"https:\/\/www.bellunopress.it\/fr\/author\/redazione\/"}]}},"_links":{"self":[{"href":"https:\/\/www.bellunopress.it\/fr\/wp-json\/wp\/v2\/posts\/12475","targetHints":{"allow":["GET"]}}],"collection":[{"href":"https:\/\/www.bellunopress.it\/fr\/wp-json\/wp\/v2\/posts"}],"about":[{"href":"https:\/\/www.bellunopress.it\/fr\/wp-json\/wp\/v2\/types\/post"}],"author":[{"embeddable":true,"href":"https:\/\/www.bellunopress.it\/fr\/wp-json\/wp\/v2\/users\/2"}],"replies":[{"embeddable":true,"href":"https:\/\/www.bellunopress.it\/fr\/wp-json\/wp\/v2\/comments?post=12475"}],"version-history":[{"count":1,"href":"https:\/\/www.bellunopress.it\/fr\/wp-json\/wp\/v2\/posts\/12475\/revisions"}],"predecessor-version":[{"id":12476,"href":"https:\/\/www.bellunopress.it\/fr\/wp-json\/wp\/v2\/posts\/12475\/revisions\/12476"}],"wp:attachment":[{"href":"https:\/\/www.bellunopress.it\/fr\/wp-json\/wp\/v2\/media?parent=12475"}],"wp:term":[{"taxonomy":"category","embeddable":true,"href":"https:\/\/www.bellunopress.it\/fr\/wp-json\/wp\/v2\/categories?post=12475"},{"taxonomy":"post_tag","embeddable":true,"href":"https:\/\/www.bellunopress.it\/fr\/wp-json\/wp\/v2\/tags?post=12475"}],"curies":[{"name":"wp","href":"https:\/\/api.w.org\/{rel}","templated":true}]}}