{"id":124746,"date":"2021-05-25T14:04:54","date_gmt":"2021-05-25T12:04:54","guid":{"rendered":"https:\/\/www.bellunopress.it\/?p=124746"},"modified":"2021-05-25T15:41:03","modified_gmt":"2021-05-25T13:41:03","slug":"falso-invalido-sorpreso-dai-carabinieri-di-belluno-a-saltellare-a-compiere-lavori-pesanti-e-in-scooter","status":"publish","type":"post","link":"https:\/\/www.bellunopress.it\/fr\/2021\/05\/25\/falso-invalido-sorpreso-dai-carabinieri-di-belluno-a-saltellare-a-compiere-lavori-pesanti-e-in-scooter\/","title":{"rendered":"Falso invalido sorpreso dai carabinieri di Belluno a saltellare, a compiere lavori pesanti e in scooter"},"content":{"rendered":"<div class=\"youtube-embed\" data-video_id=\"4e-G3O3w7NA\"><iframe loading=\"lazy\" title=\"Carabinieri di Belluno falso invalido\" width=\"696\" height=\"392\" src=\"https:\/\/www.youtube.com\/embed\/4e-G3O3w7NA?feature=oembed&#038;enablejsapi=1\" frameborder=\"0\" allow=\"accelerometer; autoplay; clipboard-write; encrypted-media; gyroscope; picture-in-picture\" allowfullscreen><\/iframe><\/div>\n<p>I carabinieri del Comando provinciale di Belluno hanno identificato e segnalato all&#8217;autorit\u00e0 giudiziaria un cosiddetto falso invalido intento ad eseguire lavori di manutenzione a una piscina. L&#8217;uomo, un 49enne residente in un Comune del Bellunese, bench\u00e9 affetto da paraplegia da lesione midollare &#8211; secondo un certificato della commissione medica risalente al 2002 &#8211; e pertanto dichiarato con una invalidit\u00e0 totale permanente al lavoro del 100% e con impossibilit\u00e0 di deambulare senza l&#8217;aiuto permanente di un accompagnatore, \u00e8 stato sorpreso e filmato dalle videocamere mentre si spostava agevolmente salendo le scale all&#8217;interno della sua abitazione, spostava pesi e attrezzi, scaricava bancali, utilizzava il decespugliatore per tagliare la siepe e il prato e faceva manutenzione alla piscina, oltre che circolare in sella a uno scooter. Per la sua invalidit\u00e0, gli era stata riconosciuta una pensione di 1400 euro mensili, integrata dal contributo per cure domiciliari dalla Regione pari ad altri 800 euro mensili, per un totale di 2.200 euro mensili. Nel corso dell&#8217;ultima visita nel novembre 2020, sollecitata dagli investigatori, l&#8217;uomo si presentava in carrozzina accompagnato dalla moglie, continuando a fingersi impossibilitato a deambulare autonomamente. A quest&#8217;ultima visita gli veniva diagnosticata non pi\u00f9 la paraplegia del 2002, ma una una paraparesi di grado medio con invalidit\u00e0 civile al 70% che non dava diritto ad alcun trattamento pensionistico e\/o assegno di invalidit\u00e0.<\/p>\n<p>Nei giorni scorsi, i militari dell&#8217;Arma hanno proceduto al blocco cautelativo dei beni. L&#8217;ipotesi di reato \u00e8 di truffa aggravata per il conseguimento di erogazioni pubbliche (art. 640 bis Codice penale). Anche la moglie, occupata in una azienda della zona, \u00e8 stata denunciata in concorso, poich\u00e9 ha sempre assecondato e avallato i comportamenti e le simulazioni del marito, prestandosi ad accompagnarlo. Oltre ad aver usufruito ai congedi straordinari e permessi retribuiti previsti dalla legge 104\/92.<\/p>\n<p>Se i reati saranno confermati dall&#8217;autorit\u00e0 giudiziaria, l&#8217;Inps potr\u00e0 procedere all&#8217;azione di rivalsa chiedendo la restituzione delle somme illecitamente percepite dall&#8217;uomo che ammonterebbero a circa 200mila euro.<\/p>","protected":false},"excerpt":{"rendered":"<p>I carabinieri del Comando provinciale di Belluno hanno identificato e segnalato all&#8217;autorit\u00e0 giudiziaria un cosiddetto falso invalido intento ad eseguire lavori di manutenzione a una piscina. L&#8217;uomo, un 49enne residente in un Comune del Bellunese, bench\u00e9 affetto da paraplegia da lesione midollare &#8211; secondo un certificato della commissione medica risalente al 2002 &#8211; e pertanto [&hellip;]<\/p>\n","protected":false},"author":2,"featured_media":124747,"comment_status":"closed","ping_status":"open","sticky":false,"template":"","format":"standard","meta":{"footnotes":""},"categories":[5,3446,26],"tags":[],"class_list":["post-124746","post","type-post","status-publish","format-standard","has-post-thumbnail","category-cronaca","category-featured","category-prima-pagina"],"yoast_head":"<!-- This site is optimized with the Yoast SEO plugin v28.4 - https:\/\/yoast.com\/product\/yoast-seo-wordpress\/ -->\n<title>Falso invalido sorpreso dai carabinieri di Belluno a saltellare, a compiere lavori pesanti e in scooter - Bellunopress - Dolomiti<\/title>\n<meta name=\"robots\" content=\"index, follow, max-snippet:-1, max-image-preview:large, max-video-preview:-1\" \/>\n<link rel=\"canonical\" href=\"https:\/\/www.bellunopress.it\/fr\/2021\/05\/25\/falso-invalido-sorpreso-dai-carabinieri-di-belluno-a-saltellare-a-compiere-lavori-pesanti-e-in-scooter\/\" \/>\n<meta property=\"og:locale\" content=\"fr_FR\" \/>\n<meta property=\"og:type\" content=\"article\" \/>\n<meta property=\"og:title\" content=\"Falso invalido sorpreso dai carabinieri di Belluno a saltellare, a compiere lavori pesanti e in scooter - Bellunopress - Dolomiti\" \/>\n<meta property=\"og:description\" content=\"I carabinieri del Comando provinciale di Belluno hanno identificato e segnalato all&#8217;autorit\u00e0 giudiziaria un cosiddetto falso invalido intento ad eseguire lavori di manutenzione a una piscina. L&#8217;uomo, un 49enne residente in un Comune del Bellunese, bench\u00e9 affetto da paraplegia da lesione midollare &#8211; secondo un certificato della commissione medica risalente al 2002 &#8211; e pertanto [&hellip;]\" \/>\n<meta property=\"og:url\" content=\"https:\/\/www.bellunopress.it\/fr\/2021\/05\/25\/falso-invalido-sorpreso-dai-carabinieri-di-belluno-a-saltellare-a-compiere-lavori-pesanti-e-in-scooter\/\" \/>\n<meta property=\"og:site_name\" content=\"Bellunopress - Dolomiti\" \/>\n<meta property=\"article:publisher\" content=\"https:\/\/www.facebook.com\/profile.php?id=100008943462799\" \/>\n<meta property=\"article:published_time\" content=\"2021-05-25T12:04:54+00:00\" \/>\n<meta property=\"article:modified_time\" content=\"2021-05-25T13:41:03+00:00\" \/>\n<meta property=\"og:image\" content=\"https:\/\/www.bellunopress.it\/wp-content\/uploads\/2021\/05\/falso-invalido.jpg\" \/>\n\t<meta property=\"og:image:width\" content=\"290\" \/>\n\t<meta property=\"og:image:height\" content=\"204\" \/>\n\t<meta property=\"og:image:type\" content=\"image\/jpeg\" \/>\n<meta name=\"author\" content=\"redazione\" \/>\n<meta name=\"twitter:card\" content=\"summary_large_image\" \/>\n<meta name=\"twitter:creator\" content=\"@bellunopress\" \/>\n<meta name=\"twitter:site\" content=\"@bellunopress\" \/>\n<meta name=\"twitter:label1\" content=\"\u00c9crit par\" \/>\n\t<meta name=\"twitter:data1\" content=\"redazione\" \/>\n\t<meta name=\"twitter:label2\" content=\"Dur\u00e9e de lecture estim\u00e9e\" \/>\n\t<meta name=\"twitter:data2\" content=\"2 minutes\" \/>\n<script type=\"application\/ld+json\" class=\"yoast-schema-graph\">{\"@context\":\"https:\\\/\\\/schema.org\",\"@graph\":[{\"@type\":\"Article\",\"@id\":\"https:\\\/\\\/www.bellunopress.it\\\/2021\\\/05\\\/25\\\/falso-invalido-sorpreso-dai-carabinieri-di-belluno-a-saltellare-a-compiere-lavori-pesanti-e-in-scooter\\\/#article\",\"isPartOf\":{\"@id\":\"https:\\\/\\\/www.bellunopress.it\\\/2021\\\/05\\\/25\\\/falso-invalido-sorpreso-dai-carabinieri-di-belluno-a-saltellare-a-compiere-lavori-pesanti-e-in-scooter\\\/\"},\"author\":{\"name\":\"redazione\",\"@id\":\"https:\\\/\\\/www.bellunopress.it\\\/#\\\/schema\\\/person\\\/79bb06722b37ece1c03d3e94beb30d73\"},\"headline\":\"Falso invalido sorpreso dai carabinieri di Belluno a saltellare, a compiere lavori pesanti e in scooter\",\"datePublished\":\"2021-05-25T12:04:54+00:00\",\"dateModified\":\"2021-05-25T13:41:03+00:00\",\"mainEntityOfPage\":{\"@id\":\"https:\\\/\\\/www.bellunopress.it\\\/2021\\\/05\\\/25\\\/falso-invalido-sorpreso-dai-carabinieri-di-belluno-a-saltellare-a-compiere-lavori-pesanti-e-in-scooter\\\/\"},\"wordCount\":348,\"publisher\":{\"@id\":\"https:\\\/\\\/www.bellunopress.it\\\/#organization\"},\"image\":{\"@id\":\"https:\\\/\\\/www.bellunopress.it\\\/2021\\\/05\\\/25\\\/falso-invalido-sorpreso-dai-carabinieri-di-belluno-a-saltellare-a-compiere-lavori-pesanti-e-in-scooter\\\/#primaryimage\"},\"thumbnailUrl\":\"https:\\\/\\\/www.bellunopress.it\\\/wp-content\\\/uploads\\\/2021\\\/05\\\/falso-invalido.jpg\",\"articleSection\":[\"Cronaca\\\/Politica\",\"Featured\",\"Prima Pagina\"],\"inLanguage\":\"fr-FR\"},{\"@type\":\"WebPage\",\"@id\":\"https:\\\/\\\/www.bellunopress.it\\\/2021\\\/05\\\/25\\\/falso-invalido-sorpreso-dai-carabinieri-di-belluno-a-saltellare-a-compiere-lavori-pesanti-e-in-scooter\\\/\",\"url\":\"https:\\\/\\\/www.bellunopress.it\\\/2021\\\/05\\\/25\\\/falso-invalido-sorpreso-dai-carabinieri-di-belluno-a-saltellare-a-compiere-lavori-pesanti-e-in-scooter\\\/\",\"name\":\"Falso invalido sorpreso dai carabinieri di Belluno a saltellare, a compiere lavori pesanti e in scooter - Bellunopress - Dolomiti\",\"isPartOf\":{\"@id\":\"https:\\\/\\\/www.bellunopress.it\\\/#website\"},\"primaryImageOfPage\":{\"@id\":\"https:\\\/\\\/www.bellunopress.it\\\/2021\\\/05\\\/25\\\/falso-invalido-sorpreso-dai-carabinieri-di-belluno-a-saltellare-a-compiere-lavori-pesanti-e-in-scooter\\\/#primaryimage\"},\"image\":{\"@id\":\"https:\\\/\\\/www.bellunopress.it\\\/2021\\\/05\\\/25\\\/falso-invalido-sorpreso-dai-carabinieri-di-belluno-a-saltellare-a-compiere-lavori-pesanti-e-in-scooter\\\/#primaryimage\"},\"thumbnailUrl\":\"https:\\\/\\\/www.bellunopress.it\\\/wp-content\\\/uploads\\\/2021\\\/05\\\/falso-invalido.jpg\",\"datePublished\":\"2021-05-25T12:04:54+00:00\",\"dateModified\":\"2021-05-25T13:41:03+00:00\",\"breadcrumb\":{\"@id\":\"https:\\\/\\\/www.bellunopress.it\\\/2021\\\/05\\\/25\\\/falso-invalido-sorpreso-dai-carabinieri-di-belluno-a-saltellare-a-compiere-lavori-pesanti-e-in-scooter\\\/#breadcrumb\"},\"inLanguage\":\"fr-FR\",\"potentialAction\":[{\"@type\":\"ReadAction\",\"target\":[\"https:\\\/\\\/www.bellunopress.it\\\/2021\\\/05\\\/25\\\/falso-invalido-sorpreso-dai-carabinieri-di-belluno-a-saltellare-a-compiere-lavori-pesanti-e-in-scooter\\\/\"]}]},{\"@type\":\"ImageObject\",\"inLanguage\":\"fr-FR\",\"@id\":\"https:\\\/\\\/www.bellunopress.it\\\/2021\\\/05\\\/25\\\/falso-invalido-sorpreso-dai-carabinieri-di-belluno-a-saltellare-a-compiere-lavori-pesanti-e-in-scooter\\\/#primaryimage\",\"url\":\"https:\\\/\\\/www.bellunopress.it\\\/wp-content\\\/uploads\\\/2021\\\/05\\\/falso-invalido.jpg\",\"contentUrl\":\"https:\\\/\\\/www.bellunopress.it\\\/wp-content\\\/uploads\\\/2021\\\/05\\\/falso-invalido.jpg\",\"width\":290,\"height\":204},{\"@type\":\"BreadcrumbList\",\"@id\":\"https:\\\/\\\/www.bellunopress.it\\\/2021\\\/05\\\/25\\\/falso-invalido-sorpreso-dai-carabinieri-di-belluno-a-saltellare-a-compiere-lavori-pesanti-e-in-scooter\\\/#breadcrumb\",\"itemListElement\":[{\"@type\":\"ListItem\",\"position\":1,\"name\":\"Home\",\"item\":\"https:\\\/\\\/www.bellunopress.it\\\/\"},{\"@type\":\"ListItem\",\"position\":2,\"name\":\"Falso invalido sorpreso dai carabinieri di Belluno a saltellare, a compiere lavori pesanti e in scooter\"}]},{\"@type\":\"WebSite\",\"@id\":\"https:\\\/\\\/www.bellunopress.it\\\/#website\",\"url\":\"https:\\\/\\\/www.bellunopress.it\\\/\",\"name\":\"Bellunopress - Dolomiti\",\"description\":\"e-mail: redazione@bellunopress.it\",\"publisher\":{\"@id\":\"https:\\\/\\\/www.bellunopress.it\\\/#organization\"},\"potentialAction\":[{\"@type\":\"SearchAction\",\"target\":{\"@type\":\"EntryPoint\",\"urlTemplate\":\"https:\\\/\\\/www.bellunopress.it\\\/?s={search_term_string}\"},\"query-input\":{\"@type\":\"PropertyValueSpecification\",\"valueRequired\":true,\"valueName\":\"search_term_string\"}}],\"inLanguage\":\"fr-FR\"},{\"@type\":\"Organization\",\"@id\":\"https:\\\/\\\/www.bellunopress.it\\\/#organization\",\"name\":\"Bellunopress\",\"url\":\"https:\\\/\\\/www.bellunopress.it\\\/\",\"logo\":{\"@type\":\"ImageObject\",\"inLanguage\":\"fr-FR\",\"@id\":\"https:\\\/\\\/www.bellunopress.it\\\/#\\\/schema\\\/logo\\\/image\\\/\",\"url\":\"https:\\\/\\\/www.bellunopress.it\\\/wp-content\\\/uploads\\\/2011\\\/05\\\/cropped-logo-bellunopress-.jpg\",\"contentUrl\":\"https:\\\/\\\/www.bellunopress.it\\\/wp-content\\\/uploads\\\/2011\\\/05\\\/cropped-logo-bellunopress-.jpg\",\"width\":512,\"height\":512,\"caption\":\"Bellunopress\"},\"image\":{\"@id\":\"https:\\\/\\\/www.bellunopress.it\\\/#\\\/schema\\\/logo\\\/image\\\/\"},\"sameAs\":[\"https:\\\/\\\/www.facebook.com\\\/profile.php?id=100008943462799\",\"https:\\\/\\\/x.com\\\/bellunopress\",\"https:\\\/\\\/www.linkedin.com\\\/hp\\\/?dnr=JBzUWaJfMUw8vbXJJ2tVW5-I3jZKvC4wsoxE&amp;amp;amp;amp;amp;amp;trk=nav_responsive_tab_home\",\"https:\\\/\\\/www.youtube.com\\\/channel\\\/UCxL0wu1uN0_3_7hGG0306cw\"]},{\"@type\":\"Person\",\"@id\":\"https:\\\/\\\/www.bellunopress.it\\\/#\\\/schema\\\/person\\\/79bb06722b37ece1c03d3e94beb30d73\",\"name\":\"redazione\",\"image\":{\"@type\":\"ImageObject\",\"inLanguage\":\"fr-FR\",\"@id\":\"https:\\\/\\\/secure.gravatar.com\\\/avatar\\\/37d968a2e67a6fd04c169c4bdef102d0bc5d31b2546345219e348575eb80e9a0?s=96&d=mm&r=g\",\"url\":\"https:\\\/\\\/secure.gravatar.com\\\/avatar\\\/37d968a2e67a6fd04c169c4bdef102d0bc5d31b2546345219e348575eb80e9a0?s=96&d=mm&r=g\",\"contentUrl\":\"https:\\\/\\\/secure.gravatar.com\\\/avatar\\\/37d968a2e67a6fd04c169c4bdef102d0bc5d31b2546345219e348575eb80e9a0?s=96&d=mm&r=g\",\"caption\":\"redazione\"},\"sameAs\":[\"http:\\\/\\\/www.bellunopress.it\",\"https:\\\/\\\/x.com\\\/bellunopress\"],\"url\":\"https:\\\/\\\/www.bellunopress.it\\\/fr\\\/author\\\/redazione\\\/\"}]}<\/script>\n<!-- \/ Yoast SEO plugin. -->","yoast_head_json":{"title":"Falso invalido sorpreso dai carabinieri di Belluno a saltellare, a compiere lavori pesanti e in scooter - Bellunopress - Dolomiti","robots":{"index":"index","follow":"follow","max-snippet":"max-snippet:-1","max-image-preview":"max-image-preview:large","max-video-preview":"max-video-preview:-1"},"canonical":"https:\/\/www.bellunopress.it\/fr\/2021\/05\/25\/falso-invalido-sorpreso-dai-carabinieri-di-belluno-a-saltellare-a-compiere-lavori-pesanti-e-in-scooter\/","og_locale":"fr_FR","og_type":"article","og_title":"Falso invalido sorpreso dai carabinieri di Belluno a saltellare, a compiere lavori pesanti e in scooter - Bellunopress - Dolomiti","og_description":"I carabinieri del Comando provinciale di Belluno hanno identificato e segnalato all&#8217;autorit\u00e0 giudiziaria un cosiddetto falso invalido intento ad eseguire lavori di manutenzione a una piscina. L&#8217;uomo, un 49enne residente in un Comune del Bellunese, bench\u00e9 affetto da paraplegia da lesione midollare &#8211; secondo un certificato della commissione medica risalente al 2002 &#8211; e pertanto [&hellip;]","og_url":"https:\/\/www.bellunopress.it\/fr\/2021\/05\/25\/falso-invalido-sorpreso-dai-carabinieri-di-belluno-a-saltellare-a-compiere-lavori-pesanti-e-in-scooter\/","og_site_name":"Bellunopress - Dolomiti","article_publisher":"https:\/\/www.facebook.com\/profile.php?id=100008943462799","article_published_time":"2021-05-25T12:04:54+00:00","article_modified_time":"2021-05-25T13:41:03+00:00","og_image":[{"width":290,"height":204,"url":"https:\/\/www.bellunopress.it\/wp-content\/uploads\/2021\/05\/falso-invalido.jpg","type":"image\/jpeg"}],"author":"redazione","twitter_card":"summary_large_image","twitter_creator":"@bellunopress","twitter_site":"@bellunopress","twitter_misc":{"\u00c9crit par":"redazione","Dur\u00e9e de lecture estim\u00e9e":"2 minutes"},"schema":{"@context":"https:\/\/schema.org","@graph":[{"@type":"Article","@id":"https:\/\/www.bellunopress.it\/2021\/05\/25\/falso-invalido-sorpreso-dai-carabinieri-di-belluno-a-saltellare-a-compiere-lavori-pesanti-e-in-scooter\/#article","isPartOf":{"@id":"https:\/\/www.bellunopress.it\/2021\/05\/25\/falso-invalido-sorpreso-dai-carabinieri-di-belluno-a-saltellare-a-compiere-lavori-pesanti-e-in-scooter\/"},"author":{"name":"redazione","@id":"https:\/\/www.bellunopress.it\/#\/schema\/person\/79bb06722b37ece1c03d3e94beb30d73"},"headline":"Falso invalido sorpreso dai carabinieri di Belluno a saltellare, a compiere lavori pesanti e in scooter","datePublished":"2021-05-25T12:04:54+00:00","dateModified":"2021-05-25T13:41:03+00:00","mainEntityOfPage":{"@id":"https:\/\/www.bellunopress.it\/2021\/05\/25\/falso-invalido-sorpreso-dai-carabinieri-di-belluno-a-saltellare-a-compiere-lavori-pesanti-e-in-scooter\/"},"wordCount":348,"publisher":{"@id":"https:\/\/www.bellunopress.it\/#organization"},"image":{"@id":"https:\/\/www.bellunopress.it\/2021\/05\/25\/falso-invalido-sorpreso-dai-carabinieri-di-belluno-a-saltellare-a-compiere-lavori-pesanti-e-in-scooter\/#primaryimage"},"thumbnailUrl":"https:\/\/www.bellunopress.it\/wp-content\/uploads\/2021\/05\/falso-invalido.jpg","articleSection":["Cronaca\/Politica","Featured","Prima Pagina"],"inLanguage":"fr-FR"},{"@type":"WebPage","@id":"https:\/\/www.bellunopress.it\/2021\/05\/25\/falso-invalido-sorpreso-dai-carabinieri-di-belluno-a-saltellare-a-compiere-lavori-pesanti-e-in-scooter\/","url":"https:\/\/www.bellunopress.it\/2021\/05\/25\/falso-invalido-sorpreso-dai-carabinieri-di-belluno-a-saltellare-a-compiere-lavori-pesanti-e-in-scooter\/","name":"Falso invalido sorpreso dai carabinieri di Belluno a saltellare, a compiere lavori pesanti e in scooter - Bellunopress - Dolomiti","isPartOf":{"@id":"https:\/\/www.bellunopress.it\/#website"},"primaryImageOfPage":{"@id":"https:\/\/www.bellunopress.it\/2021\/05\/25\/falso-invalido-sorpreso-dai-carabinieri-di-belluno-a-saltellare-a-compiere-lavori-pesanti-e-in-scooter\/#primaryimage"},"image":{"@id":"https:\/\/www.bellunopress.it\/2021\/05\/25\/falso-invalido-sorpreso-dai-carabinieri-di-belluno-a-saltellare-a-compiere-lavori-pesanti-e-in-scooter\/#primaryimage"},"thumbnailUrl":"https:\/\/www.bellunopress.it\/wp-content\/uploads\/2021\/05\/falso-invalido.jpg","datePublished":"2021-05-25T12:04:54+00:00","dateModified":"2021-05-25T13:41:03+00:00","breadcrumb":{"@id":"https:\/\/www.bellunopress.it\/2021\/05\/25\/falso-invalido-sorpreso-dai-carabinieri-di-belluno-a-saltellare-a-compiere-lavori-pesanti-e-in-scooter\/#breadcrumb"},"inLanguage":"fr-FR","potentialAction":[{"@type":"ReadAction","target":["https:\/\/www.bellunopress.it\/2021\/05\/25\/falso-invalido-sorpreso-dai-carabinieri-di-belluno-a-saltellare-a-compiere-lavori-pesanti-e-in-scooter\/"]}]},{"@type":"ImageObject","inLanguage":"fr-FR","@id":"https:\/\/www.bellunopress.it\/2021\/05\/25\/falso-invalido-sorpreso-dai-carabinieri-di-belluno-a-saltellare-a-compiere-lavori-pesanti-e-in-scooter\/#primaryimage","url":"https:\/\/www.bellunopress.it\/wp-content\/uploads\/2021\/05\/falso-invalido.jpg","contentUrl":"https:\/\/www.bellunopress.it\/wp-content\/uploads\/2021\/05\/falso-invalido.jpg","width":290,"height":204},{"@type":"BreadcrumbList","@id":"https:\/\/www.bellunopress.it\/2021\/05\/25\/falso-invalido-sorpreso-dai-carabinieri-di-belluno-a-saltellare-a-compiere-lavori-pesanti-e-in-scooter\/#breadcrumb","itemListElement":[{"@type":"ListItem","position":1,"name":"Home","item":"https:\/\/www.bellunopress.it\/"},{"@type":"ListItem","position":2,"name":"Falso invalido sorpreso dai carabinieri di Belluno a saltellare, a compiere lavori pesanti e in scooter"}]},{"@type":"WebSite","@id":"https:\/\/www.bellunopress.it\/#website","url":"https:\/\/www.bellunopress.it\/","name":"Bellunopress - Dolomiti","description":"e-mail: redazione@bellunopress.it","publisher":{"@id":"https:\/\/www.bellunopress.it\/#organization"},"potentialAction":[{"@type":"SearchAction","target":{"@type":"EntryPoint","urlTemplate":"https:\/\/www.bellunopress.it\/?s={search_term_string}"},"query-input":{"@type":"PropertyValueSpecification","valueRequired":true,"valueName":"search_term_string"}}],"inLanguage":"fr-FR"},{"@type":"Organization","@id":"https:\/\/www.bellunopress.it\/#organization","name":"Bellunopress","url":"https:\/\/www.bellunopress.it\/","logo":{"@type":"ImageObject","inLanguage":"fr-FR","@id":"https:\/\/www.bellunopress.it\/#\/schema\/logo\/image\/","url":"https:\/\/www.bellunopress.it\/wp-content\/uploads\/2011\/05\/cropped-logo-bellunopress-.jpg","contentUrl":"https:\/\/www.bellunopress.it\/wp-content\/uploads\/2011\/05\/cropped-logo-bellunopress-.jpg","width":512,"height":512,"caption":"Bellunopress"},"image":{"@id":"https:\/\/www.bellunopress.it\/#\/schema\/logo\/image\/"},"sameAs":["https:\/\/www.facebook.com\/profile.php?id=100008943462799","https:\/\/x.com\/bellunopress","https:\/\/www.linkedin.com\/hp\/?dnr=JBzUWaJfMUw8vbXJJ2tVW5-I3jZKvC4wsoxE&amp;amp;amp;amp;amp;amp;trk=nav_responsive_tab_home","https:\/\/www.youtube.com\/channel\/UCxL0wu1uN0_3_7hGG0306cw"]},{"@type":"Person","@id":"https:\/\/www.bellunopress.it\/#\/schema\/person\/79bb06722b37ece1c03d3e94beb30d73","name":"r\u00e9daction","image":{"@type":"ImageObject","inLanguage":"fr-FR","@id":"https:\/\/secure.gravatar.com\/avatar\/37d968a2e67a6fd04c169c4bdef102d0bc5d31b2546345219e348575eb80e9a0?s=96&d=mm&r=g","url":"https:\/\/secure.gravatar.com\/avatar\/37d968a2e67a6fd04c169c4bdef102d0bc5d31b2546345219e348575eb80e9a0?s=96&d=mm&r=g","contentUrl":"https:\/\/secure.gravatar.com\/avatar\/37d968a2e67a6fd04c169c4bdef102d0bc5d31b2546345219e348575eb80e9a0?s=96&d=mm&r=g","caption":"redazione"},"sameAs":["http:\/\/www.bellunopress.it","https:\/\/x.com\/bellunopress"],"url":"https:\/\/www.bellunopress.it\/fr\/author\/redazione\/"}]}},"_links":{"self":[{"href":"https:\/\/www.bellunopress.it\/fr\/wp-json\/wp\/v2\/posts\/124746","targetHints":{"allow":["GET"]}}],"collection":[{"href":"https:\/\/www.bellunopress.it\/fr\/wp-json\/wp\/v2\/posts"}],"about":[{"href":"https:\/\/www.bellunopress.it\/fr\/wp-json\/wp\/v2\/types\/post"}],"author":[{"embeddable":true,"href":"https:\/\/www.bellunopress.it\/fr\/wp-json\/wp\/v2\/users\/2"}],"replies":[{"embeddable":true,"href":"https:\/\/www.bellunopress.it\/fr\/wp-json\/wp\/v2\/comments?post=124746"}],"version-history":[{"count":2,"href":"https:\/\/www.bellunopress.it\/fr\/wp-json\/wp\/v2\/posts\/124746\/revisions"}],"predecessor-version":[{"id":124755,"href":"https:\/\/www.bellunopress.it\/fr\/wp-json\/wp\/v2\/posts\/124746\/revisions\/124755"}],"wp:featuredmedia":[{"embeddable":true,"href":"https:\/\/www.bellunopress.it\/fr\/wp-json\/wp\/v2\/media\/124747"}],"wp:attachment":[{"href":"https:\/\/www.bellunopress.it\/fr\/wp-json\/wp\/v2\/media?parent=124746"}],"wp:term":[{"taxonomy":"category","embeddable":true,"href":"https:\/\/www.bellunopress.it\/fr\/wp-json\/wp\/v2\/categories?post=124746"},{"taxonomy":"post_tag","embeddable":true,"href":"https:\/\/www.bellunopress.it\/fr\/wp-json\/wp\/v2\/tags?post=124746"}],"curies":[{"name":"wp","href":"https:\/\/api.w.org\/{rel}","templated":true}]}}