{"id":12473,"date":"2010-02-13T18:18:42","date_gmt":"2010-02-13T17:18:42","guid":{"rendered":"http:\/\/www.bellunopress.it\/?p=12473"},"modified":"2010-02-14T09:14:42","modified_gmt":"2010-02-14T08:14:42","slug":"bambini-dell%e2%80%99alto-cadore-non-ammalatevi-di-domenica","status":"publish","type":"post","link":"https:\/\/www.bellunopress.it\/fr\/2010\/02\/13\/bambini-dell%e2%80%99alto-cadore-non-ammalatevi-di-domenica\/","title":{"rendered":"Bambini dell\u2019Alto Cadore: non ammalatevi di domenica&#8230;"},"content":{"rendered":"<p><a href=\"http:\/\/www.bellunopress.it\/wp-content\/uploads\/2009\/05\/sergio-reolon-legg-270x180.jpg\"><img loading=\"lazy\" decoding=\"async\" class=\"alignleft size-medium wp-image-3812\" title=\"sergio-reolon-legg-270x180\" src=\"http:\/\/www.bellunopress.it\/wp-content\/uploads\/2009\/05\/sergio-reolon-legg-270x180.jpg\" alt=\"\" width=\"270\" height=\"180\" \/><\/a>\u201cSiamo a\u00a0 rischio di uno scivolamento della sanit\u00e0 bellunese: non verso Belluno, ma verso Treviso. E\u2019 questo che sta accadendo\u201d. Cos\u00ec afferma Sergio Reolon, alla notizia che gli ottocento bambini dell\u2019Alto Cadore, dopo il pensionamento della pediatra che serviva la zona, sono e saranno costretti a rivolgersi al reparto di pediatria dell\u2019ospedale di Pieve di Cadore, fino a che non verr\u00e0 trovata una soluzione. Ma \u00e8 sconsigliato ammalarsi il sabato, la domenica e nei festivi: perch\u00e8 in questi giorni la Pediatria dell\u2019ospedale \u00e8 chiusa. \u201cQuello che sta succedendo a Lorenzago, Auronzo, Lozzo e Vigo \u00e8 grave. Ed \u00e8, purtroppo, perfettamente in linea con un problema che riguarda tutta la sanit\u00e0 in provincia. Questo \u00e8 uno dei temi pi\u00f9 forti sui quali Belluno dovr\u00e0 confrontarsi in questi anni. Ci vuole una garanzia di accessibilit\u00e0 ai servizi per tutto il territorio: e questa pu\u00f2 essere garantita solo dalla combinazione tra una forte diffusione dei servizi e, contestualmente, da una integrazione fra gli ospedali e le due Ulss. Per affrontare questa situazione \u00e8 necessaria una grande autonomia finanziaria e gestionale della sanit\u00e0 nella nostra provincia. Altrimenti assistiamo alla chiusura. O, meglio, alle chiusure: oggi \u00e8 a rischio la Pediatria dell\u2019Alto Cadore, ma lo stesso problema riguarder\u00e0, prima o poi, anche altre realt\u00e0 della montagna. Una volta sar\u00e0 il reparto di Cardiologia, un\u2019altra l\u2019ospedale di Agordo. E\u2019 inutile dire che l\u2019ospedale di Agordo sar\u00e0 salvato: se non si fanno i concorsi per i primari, se non si sostituisce il personale che va in pensione, se non si trovano i medici che vengano qui, si va verso la dequalificazione di una struttura. Certo che, magari, oggi l\u2019ospedale di Agordo sar\u00e0 salvato: ma, una volta dequalificato,\u00a0 sar\u00e0 la gente stessa a non servirsene pi\u00f9, rivolgendosi altrove. E si fornir\u00e0 cos\u00ec l\u2019alibi ai vertici per chiuderlo\u201d. Solo con la testa ed il cuore sul nostro territorio, solo con la piena comprensione delle sue specificit\u00e0 si possono fare politiche che ne garantiscano il futuro e l\u2019accesso ai servizi \u00e8 una delle questioni decisive.<\/p>","protected":false},"excerpt":{"rendered":"<p>\u201cSiamo a\u00a0 rischio di uno scivolamento della sanit\u00e0 bellunese: non verso Belluno, ma verso Treviso. E\u2019 questo che sta accadendo\u201d. Cos\u00ec afferma Sergio Reolon, alla notizia che gli ottocento bambini dell\u2019Alto Cadore, dopo il pensionamento della pediatra che serviva la zona, sono e saranno costretti a rivolgersi al reparto di pediatria dell\u2019ospedale di Pieve di [&hellip;]<\/p>\n","protected":false},"author":2,"featured_media":0,"comment_status":"closed","ping_status":"open","sticky":false,"template":"","format":"standard","meta":{"footnotes":""},"categories":[26,17],"tags":[3050],"class_list":["post-12473","post","type-post","status-publish","format-standard","category-prima-pagina","category-sanita","tag-sanita"],"yoast_head":"<!-- This site is optimized with the Yoast SEO plugin v28.4 - https:\/\/yoast.com\/product\/yoast-seo-wordpress\/ -->\n<title>Bambini dell\u2019Alto Cadore: non ammalatevi di domenica... - Bellunopress - Dolomiti<\/title>\n<meta name=\"robots\" content=\"index, follow, max-snippet:-1, max-image-preview:large, max-video-preview:-1\" \/>\n<link rel=\"canonical\" href=\"https:\/\/www.bellunopress.it\/fr\/2010\/02\/13\/bambini-dell\u2019alto-cadore-non-ammalatevi-di-domenica\/\" \/>\n<meta property=\"og:locale\" content=\"fr_FR\" \/>\n<meta property=\"og:type\" content=\"article\" \/>\n<meta property=\"og:title\" content=\"Bambini dell\u2019Alto Cadore: non ammalatevi di domenica... - Bellunopress - Dolomiti\" \/>\n<meta property=\"og:description\" content=\"\u201cSiamo a\u00a0 rischio di uno scivolamento della sanit\u00e0 bellunese: non verso Belluno, ma verso Treviso. E\u2019 questo che sta accadendo\u201d. Cos\u00ec afferma Sergio Reolon, alla notizia che gli ottocento bambini dell\u2019Alto Cadore, dopo il pensionamento della pediatra che serviva la zona, sono e saranno costretti a rivolgersi al reparto di pediatria dell\u2019ospedale di Pieve di [&hellip;]\" \/>\n<meta property=\"og:url\" content=\"https:\/\/www.bellunopress.it\/fr\/2010\/02\/13\/bambini-dell\u2019alto-cadore-non-ammalatevi-di-domenica\/\" \/>\n<meta property=\"og:site_name\" content=\"Bellunopress - Dolomiti\" \/>\n<meta property=\"article:publisher\" content=\"https:\/\/www.facebook.com\/profile.php?id=100008943462799\" \/>\n<meta property=\"article:published_time\" content=\"2010-02-13T17:18:42+00:00\" \/>\n<meta property=\"article:modified_time\" content=\"2010-02-14T08:14:42+00:00\" \/>\n<meta property=\"og:image\" content=\"http:\/\/www.bellunopress.it\/wp-content\/uploads\/2009\/05\/sergio-reolon-legg-270x180.jpg\" \/>\n<meta name=\"author\" content=\"redazione\" \/>\n<meta name=\"twitter:card\" content=\"summary_large_image\" \/>\n<meta name=\"twitter:creator\" content=\"@bellunopress\" \/>\n<meta name=\"twitter:site\" content=\"@bellunopress\" \/>\n<meta name=\"twitter:label1\" content=\"\u00c9crit par\" \/>\n\t<meta name=\"twitter:data1\" content=\"redazione\" \/>\n\t<meta name=\"twitter:label2\" content=\"Dur\u00e9e de lecture estim\u00e9e\" \/>\n\t<meta name=\"twitter:data2\" content=\"2 minutes\" \/>\n<script type=\"application\/ld+json\" class=\"yoast-schema-graph\">{\"@context\":\"https:\\\/\\\/schema.org\",\"@graph\":[{\"@type\":\"Article\",\"@id\":\"https:\\\/\\\/www.bellunopress.it\\\/2010\\\/02\\\/13\\\/bambini-dell%e2%80%99alto-cadore-non-ammalatevi-di-domenica\\\/#article\",\"isPartOf\":{\"@id\":\"https:\\\/\\\/www.bellunopress.it\\\/2010\\\/02\\\/13\\\/bambini-dell%e2%80%99alto-cadore-non-ammalatevi-di-domenica\\\/\"},\"author\":{\"name\":\"redazione\",\"@id\":\"https:\\\/\\\/www.bellunopress.it\\\/#\\\/schema\\\/person\\\/79bb06722b37ece1c03d3e94beb30d73\"},\"headline\":\"Bambini dell\u2019Alto Cadore: non ammalatevi di domenica&#8230;\",\"datePublished\":\"2010-02-13T17:18:42+00:00\",\"dateModified\":\"2010-02-14T08:14:42+00:00\",\"mainEntityOfPage\":{\"@id\":\"https:\\\/\\\/www.bellunopress.it\\\/2010\\\/02\\\/13\\\/bambini-dell%e2%80%99alto-cadore-non-ammalatevi-di-domenica\\\/\"},\"wordCount\":345,\"publisher\":{\"@id\":\"https:\\\/\\\/www.bellunopress.it\\\/#organization\"},\"image\":{\"@id\":\"https:\\\/\\\/www.bellunopress.it\\\/2010\\\/02\\\/13\\\/bambini-dell%e2%80%99alto-cadore-non-ammalatevi-di-domenica\\\/#primaryimage\"},\"thumbnailUrl\":\"http:\\\/\\\/www.bellunopress.it\\\/wp-content\\\/uploads\\\/2009\\\/05\\\/sergio-reolon-legg-270x180.jpg\",\"keywords\":[\"Sanit\u00e0\"],\"articleSection\":[\"Prima Pagina\",\"Sanit\u00e0 Medicina\"],\"inLanguage\":\"fr-FR\"},{\"@type\":\"WebPage\",\"@id\":\"https:\\\/\\\/www.bellunopress.it\\\/2010\\\/02\\\/13\\\/bambini-dell%e2%80%99alto-cadore-non-ammalatevi-di-domenica\\\/\",\"url\":\"https:\\\/\\\/www.bellunopress.it\\\/2010\\\/02\\\/13\\\/bambini-dell%e2%80%99alto-cadore-non-ammalatevi-di-domenica\\\/\",\"name\":\"Bambini dell\u2019Alto Cadore: non ammalatevi di domenica... - Bellunopress - Dolomiti\",\"isPartOf\":{\"@id\":\"https:\\\/\\\/www.bellunopress.it\\\/#website\"},\"primaryImageOfPage\":{\"@id\":\"https:\\\/\\\/www.bellunopress.it\\\/2010\\\/02\\\/13\\\/bambini-dell%e2%80%99alto-cadore-non-ammalatevi-di-domenica\\\/#primaryimage\"},\"image\":{\"@id\":\"https:\\\/\\\/www.bellunopress.it\\\/2010\\\/02\\\/13\\\/bambini-dell%e2%80%99alto-cadore-non-ammalatevi-di-domenica\\\/#primaryimage\"},\"thumbnailUrl\":\"http:\\\/\\\/www.bellunopress.it\\\/wp-content\\\/uploads\\\/2009\\\/05\\\/sergio-reolon-legg-270x180.jpg\",\"datePublished\":\"2010-02-13T17:18:42+00:00\",\"dateModified\":\"2010-02-14T08:14:42+00:00\",\"breadcrumb\":{\"@id\":\"https:\\\/\\\/www.bellunopress.it\\\/2010\\\/02\\\/13\\\/bambini-dell%e2%80%99alto-cadore-non-ammalatevi-di-domenica\\\/#breadcrumb\"},\"inLanguage\":\"fr-FR\",\"potentialAction\":[{\"@type\":\"ReadAction\",\"target\":[\"https:\\\/\\\/www.bellunopress.it\\\/2010\\\/02\\\/13\\\/bambini-dell%e2%80%99alto-cadore-non-ammalatevi-di-domenica\\\/\"]}]},{\"@type\":\"ImageObject\",\"inLanguage\":\"fr-FR\",\"@id\":\"https:\\\/\\\/www.bellunopress.it\\\/2010\\\/02\\\/13\\\/bambini-dell%e2%80%99alto-cadore-non-ammalatevi-di-domenica\\\/#primaryimage\",\"url\":\"http:\\\/\\\/www.bellunopress.it\\\/wp-content\\\/uploads\\\/2009\\\/05\\\/sergio-reolon-legg-270x180.jpg\",\"contentUrl\":\"http:\\\/\\\/www.bellunopress.it\\\/wp-content\\\/uploads\\\/2009\\\/05\\\/sergio-reolon-legg-270x180.jpg\"},{\"@type\":\"BreadcrumbList\",\"@id\":\"https:\\\/\\\/www.bellunopress.it\\\/2010\\\/02\\\/13\\\/bambini-dell%e2%80%99alto-cadore-non-ammalatevi-di-domenica\\\/#breadcrumb\",\"itemListElement\":[{\"@type\":\"ListItem\",\"position\":1,\"name\":\"Home\",\"item\":\"https:\\\/\\\/www.bellunopress.it\\\/\"},{\"@type\":\"ListItem\",\"position\":2,\"name\":\"Bambini dell\u2019Alto Cadore: non ammalatevi di domenica&#8230;\"}]},{\"@type\":\"WebSite\",\"@id\":\"https:\\\/\\\/www.bellunopress.it\\\/#website\",\"url\":\"https:\\\/\\\/www.bellunopress.it\\\/\",\"name\":\"Bellunopress - Dolomiti\",\"description\":\"e-mail: redazione@bellunopress.it\",\"publisher\":{\"@id\":\"https:\\\/\\\/www.bellunopress.it\\\/#organization\"},\"potentialAction\":[{\"@type\":\"SearchAction\",\"target\":{\"@type\":\"EntryPoint\",\"urlTemplate\":\"https:\\\/\\\/www.bellunopress.it\\\/?s={search_term_string}\"},\"query-input\":{\"@type\":\"PropertyValueSpecification\",\"valueRequired\":true,\"valueName\":\"search_term_string\"}}],\"inLanguage\":\"fr-FR\"},{\"@type\":\"Organization\",\"@id\":\"https:\\\/\\\/www.bellunopress.it\\\/#organization\",\"name\":\"Bellunopress\",\"url\":\"https:\\\/\\\/www.bellunopress.it\\\/\",\"logo\":{\"@type\":\"ImageObject\",\"inLanguage\":\"fr-FR\",\"@id\":\"https:\\\/\\\/www.bellunopress.it\\\/#\\\/schema\\\/logo\\\/image\\\/\",\"url\":\"https:\\\/\\\/www.bellunopress.it\\\/wp-content\\\/uploads\\\/2011\\\/05\\\/cropped-logo-bellunopress-.jpg\",\"contentUrl\":\"https:\\\/\\\/www.bellunopress.it\\\/wp-content\\\/uploads\\\/2011\\\/05\\\/cropped-logo-bellunopress-.jpg\",\"width\":512,\"height\":512,\"caption\":\"Bellunopress\"},\"image\":{\"@id\":\"https:\\\/\\\/www.bellunopress.it\\\/#\\\/schema\\\/logo\\\/image\\\/\"},\"sameAs\":[\"https:\\\/\\\/www.facebook.com\\\/profile.php?id=100008943462799\",\"https:\\\/\\\/x.com\\\/bellunopress\",\"https:\\\/\\\/www.linkedin.com\\\/hp\\\/?dnr=JBzUWaJfMUw8vbXJJ2tVW5-I3jZKvC4wsoxE&amp;amp;amp;amp;amp;amp;trk=nav_responsive_tab_home\",\"https:\\\/\\\/www.youtube.com\\\/channel\\\/UCxL0wu1uN0_3_7hGG0306cw\"]},{\"@type\":\"Person\",\"@id\":\"https:\\\/\\\/www.bellunopress.it\\\/#\\\/schema\\\/person\\\/79bb06722b37ece1c03d3e94beb30d73\",\"name\":\"redazione\",\"image\":{\"@type\":\"ImageObject\",\"inLanguage\":\"fr-FR\",\"@id\":\"https:\\\/\\\/secure.gravatar.com\\\/avatar\\\/37d968a2e67a6fd04c169c4bdef102d0bc5d31b2546345219e348575eb80e9a0?s=96&d=mm&r=g\",\"url\":\"https:\\\/\\\/secure.gravatar.com\\\/avatar\\\/37d968a2e67a6fd04c169c4bdef102d0bc5d31b2546345219e348575eb80e9a0?s=96&d=mm&r=g\",\"contentUrl\":\"https:\\\/\\\/secure.gravatar.com\\\/avatar\\\/37d968a2e67a6fd04c169c4bdef102d0bc5d31b2546345219e348575eb80e9a0?s=96&d=mm&r=g\",\"caption\":\"redazione\"},\"sameAs\":[\"http:\\\/\\\/www.bellunopress.it\",\"https:\\\/\\\/x.com\\\/bellunopress\"],\"url\":\"https:\\\/\\\/www.bellunopress.it\\\/fr\\\/author\\\/redazione\\\/\"}]}<\/script>\n<!-- \/ Yoast SEO plugin. -->","yoast_head_json":{"title":"Bambini dell\u2019Alto Cadore: non ammalatevi di domenica... - Bellunopress - Dolomiti","robots":{"index":"index","follow":"follow","max-snippet":"max-snippet:-1","max-image-preview":"max-image-preview:large","max-video-preview":"max-video-preview:-1"},"canonical":"https:\/\/www.bellunopress.it\/fr\/2010\/02\/13\/bambini-dell\u2019alto-cadore-non-ammalatevi-di-domenica\/","og_locale":"fr_FR","og_type":"article","og_title":"Bambini dell\u2019Alto Cadore: non ammalatevi di domenica... - Bellunopress - Dolomiti","og_description":"\u201cSiamo a\u00a0 rischio di uno scivolamento della sanit\u00e0 bellunese: non verso Belluno, ma verso Treviso. E\u2019 questo che sta accadendo\u201d. Cos\u00ec afferma Sergio Reolon, alla notizia che gli ottocento bambini dell\u2019Alto Cadore, dopo il pensionamento della pediatra che serviva la zona, sono e saranno costretti a rivolgersi al reparto di pediatria dell\u2019ospedale di Pieve di [&hellip;]","og_url":"https:\/\/www.bellunopress.it\/fr\/2010\/02\/13\/bambini-dell\u2019alto-cadore-non-ammalatevi-di-domenica\/","og_site_name":"Bellunopress - Dolomiti","article_publisher":"https:\/\/www.facebook.com\/profile.php?id=100008943462799","article_published_time":"2010-02-13T17:18:42+00:00","article_modified_time":"2010-02-14T08:14:42+00:00","og_image":[{"url":"http:\/\/www.bellunopress.it\/wp-content\/uploads\/2009\/05\/sergio-reolon-legg-270x180.jpg","type":"","width":"","height":""}],"author":"redazione","twitter_card":"summary_large_image","twitter_creator":"@bellunopress","twitter_site":"@bellunopress","twitter_misc":{"\u00c9crit par":"redazione","Dur\u00e9e de lecture estim\u00e9e":"2 minutes"},"schema":{"@context":"https:\/\/schema.org","@graph":[{"@type":"Article","@id":"https:\/\/www.bellunopress.it\/2010\/02\/13\/bambini-dell%e2%80%99alto-cadore-non-ammalatevi-di-domenica\/#article","isPartOf":{"@id":"https:\/\/www.bellunopress.it\/2010\/02\/13\/bambini-dell%e2%80%99alto-cadore-non-ammalatevi-di-domenica\/"},"author":{"name":"redazione","@id":"https:\/\/www.bellunopress.it\/#\/schema\/person\/79bb06722b37ece1c03d3e94beb30d73"},"headline":"Bambini dell\u2019Alto Cadore: non ammalatevi di domenica&#8230;","datePublished":"2010-02-13T17:18:42+00:00","dateModified":"2010-02-14T08:14:42+00:00","mainEntityOfPage":{"@id":"https:\/\/www.bellunopress.it\/2010\/02\/13\/bambini-dell%e2%80%99alto-cadore-non-ammalatevi-di-domenica\/"},"wordCount":345,"publisher":{"@id":"https:\/\/www.bellunopress.it\/#organization"},"image":{"@id":"https:\/\/www.bellunopress.it\/2010\/02\/13\/bambini-dell%e2%80%99alto-cadore-non-ammalatevi-di-domenica\/#primaryimage"},"thumbnailUrl":"http:\/\/www.bellunopress.it\/wp-content\/uploads\/2009\/05\/sergio-reolon-legg-270x180.jpg","keywords":["Sanit\u00e0"],"articleSection":["Prima Pagina","Sanit\u00e0 Medicina"],"inLanguage":"fr-FR"},{"@type":"WebPage","@id":"https:\/\/www.bellunopress.it\/2010\/02\/13\/bambini-dell%e2%80%99alto-cadore-non-ammalatevi-di-domenica\/","url":"https:\/\/www.bellunopress.it\/2010\/02\/13\/bambini-dell%e2%80%99alto-cadore-non-ammalatevi-di-domenica\/","name":"Bambini dell\u2019Alto Cadore: non ammalatevi di domenica... - Bellunopress - Dolomiti","isPartOf":{"@id":"https:\/\/www.bellunopress.it\/#website"},"primaryImageOfPage":{"@id":"https:\/\/www.bellunopress.it\/2010\/02\/13\/bambini-dell%e2%80%99alto-cadore-non-ammalatevi-di-domenica\/#primaryimage"},"image":{"@id":"https:\/\/www.bellunopress.it\/2010\/02\/13\/bambini-dell%e2%80%99alto-cadore-non-ammalatevi-di-domenica\/#primaryimage"},"thumbnailUrl":"http:\/\/www.bellunopress.it\/wp-content\/uploads\/2009\/05\/sergio-reolon-legg-270x180.jpg","datePublished":"2010-02-13T17:18:42+00:00","dateModified":"2010-02-14T08:14:42+00:00","breadcrumb":{"@id":"https:\/\/www.bellunopress.it\/2010\/02\/13\/bambini-dell%e2%80%99alto-cadore-non-ammalatevi-di-domenica\/#breadcrumb"},"inLanguage":"fr-FR","potentialAction":[{"@type":"ReadAction","target":["https:\/\/www.bellunopress.it\/2010\/02\/13\/bambini-dell%e2%80%99alto-cadore-non-ammalatevi-di-domenica\/"]}]},{"@type":"ImageObject","inLanguage":"fr-FR","@id":"https:\/\/www.bellunopress.it\/2010\/02\/13\/bambini-dell%e2%80%99alto-cadore-non-ammalatevi-di-domenica\/#primaryimage","url":"http:\/\/www.bellunopress.it\/wp-content\/uploads\/2009\/05\/sergio-reolon-legg-270x180.jpg","contentUrl":"http:\/\/www.bellunopress.it\/wp-content\/uploads\/2009\/05\/sergio-reolon-legg-270x180.jpg"},{"@type":"BreadcrumbList","@id":"https:\/\/www.bellunopress.it\/2010\/02\/13\/bambini-dell%e2%80%99alto-cadore-non-ammalatevi-di-domenica\/#breadcrumb","itemListElement":[{"@type":"ListItem","position":1,"name":"Home","item":"https:\/\/www.bellunopress.it\/"},{"@type":"ListItem","position":2,"name":"Bambini dell\u2019Alto Cadore: non ammalatevi di domenica&#8230;"}]},{"@type":"WebSite","@id":"https:\/\/www.bellunopress.it\/#website","url":"https:\/\/www.bellunopress.it\/","name":"Bellunopress - Dolomiti","description":"e-mail: redazione@bellunopress.it","publisher":{"@id":"https:\/\/www.bellunopress.it\/#organization"},"potentialAction":[{"@type":"SearchAction","target":{"@type":"EntryPoint","urlTemplate":"https:\/\/www.bellunopress.it\/?s={search_term_string}"},"query-input":{"@type":"PropertyValueSpecification","valueRequired":true,"valueName":"search_term_string"}}],"inLanguage":"fr-FR"},{"@type":"Organization","@id":"https:\/\/www.bellunopress.it\/#organization","name":"Bellunopress","url":"https:\/\/www.bellunopress.it\/","logo":{"@type":"ImageObject","inLanguage":"fr-FR","@id":"https:\/\/www.bellunopress.it\/#\/schema\/logo\/image\/","url":"https:\/\/www.bellunopress.it\/wp-content\/uploads\/2011\/05\/cropped-logo-bellunopress-.jpg","contentUrl":"https:\/\/www.bellunopress.it\/wp-content\/uploads\/2011\/05\/cropped-logo-bellunopress-.jpg","width":512,"height":512,"caption":"Bellunopress"},"image":{"@id":"https:\/\/www.bellunopress.it\/#\/schema\/logo\/image\/"},"sameAs":["https:\/\/www.facebook.com\/profile.php?id=100008943462799","https:\/\/x.com\/bellunopress","https:\/\/www.linkedin.com\/hp\/?dnr=JBzUWaJfMUw8vbXJJ2tVW5-I3jZKvC4wsoxE&amp;amp;amp;amp;amp;amp;trk=nav_responsive_tab_home","https:\/\/www.youtube.com\/channel\/UCxL0wu1uN0_3_7hGG0306cw"]},{"@type":"Person","@id":"https:\/\/www.bellunopress.it\/#\/schema\/person\/79bb06722b37ece1c03d3e94beb30d73","name":"r\u00e9daction","image":{"@type":"ImageObject","inLanguage":"fr-FR","@id":"https:\/\/secure.gravatar.com\/avatar\/37d968a2e67a6fd04c169c4bdef102d0bc5d31b2546345219e348575eb80e9a0?s=96&d=mm&r=g","url":"https:\/\/secure.gravatar.com\/avatar\/37d968a2e67a6fd04c169c4bdef102d0bc5d31b2546345219e348575eb80e9a0?s=96&d=mm&r=g","contentUrl":"https:\/\/secure.gravatar.com\/avatar\/37d968a2e67a6fd04c169c4bdef102d0bc5d31b2546345219e348575eb80e9a0?s=96&d=mm&r=g","caption":"redazione"},"sameAs":["http:\/\/www.bellunopress.it","https:\/\/x.com\/bellunopress"],"url":"https:\/\/www.bellunopress.it\/fr\/author\/redazione\/"}]}},"_links":{"self":[{"href":"https:\/\/www.bellunopress.it\/fr\/wp-json\/wp\/v2\/posts\/12473","targetHints":{"allow":["GET"]}}],"collection":[{"href":"https:\/\/www.bellunopress.it\/fr\/wp-json\/wp\/v2\/posts"}],"about":[{"href":"https:\/\/www.bellunopress.it\/fr\/wp-json\/wp\/v2\/types\/post"}],"author":[{"embeddable":true,"href":"https:\/\/www.bellunopress.it\/fr\/wp-json\/wp\/v2\/users\/2"}],"replies":[{"embeddable":true,"href":"https:\/\/www.bellunopress.it\/fr\/wp-json\/wp\/v2\/comments?post=12473"}],"version-history":[{"count":2,"href":"https:\/\/www.bellunopress.it\/fr\/wp-json\/wp\/v2\/posts\/12473\/revisions"}],"predecessor-version":[{"id":12497,"href":"https:\/\/www.bellunopress.it\/fr\/wp-json\/wp\/v2\/posts\/12473\/revisions\/12497"}],"wp:attachment":[{"href":"https:\/\/www.bellunopress.it\/fr\/wp-json\/wp\/v2\/media?parent=12473"}],"wp:term":[{"taxonomy":"category","embeddable":true,"href":"https:\/\/www.bellunopress.it\/fr\/wp-json\/wp\/v2\/categories?post=12473"},{"taxonomy":"post_tag","embeddable":true,"href":"https:\/\/www.bellunopress.it\/fr\/wp-json\/wp\/v2\/tags?post=12473"}],"curies":[{"name":"wp","href":"https:\/\/api.w.org\/{rel}","templated":true}]}}