{"id":12471,"date":"2010-02-13T18:12:55","date_gmt":"2010-02-13T17:12:55","guid":{"rendered":"http:\/\/www.bellunopress.it\/?p=12471"},"modified":"2010-02-13T18:12:55","modified_gmt":"2010-02-13T17:12:55","slug":"cioccolando-ad-auronzo-va-in-tv","status":"publish","type":"post","link":"https:\/\/www.bellunopress.it\/fr\/2010\/02\/13\/cioccolando-ad-auronzo-va-in-tv\/","title":{"rendered":"Cioccolando ad Auronzo va in Tv"},"content":{"rendered":"<figure id=\"attachment_8731\" aria-describedby=\"caption-attachment-8731\" style=\"width: 130px\" class=\"wp-caption alignleft\"><a href=\"http:\/\/www.bellunopress.it\/wp-content\/uploads\/2009\/10\/mirco-della-vecchia.jpg\"><img loading=\"lazy\" decoding=\"async\" class=\"size-medium wp-image-8731\" title=\"mirco-della-vecchia\" src=\"http:\/\/www.bellunopress.it\/wp-content\/uploads\/2009\/10\/mirco-della-vecchia.jpg\" alt=\"Mirco Della Vecchia\" width=\"130\" height=\"130\" \/><\/a><figcaption id=\"caption-attachment-8731\" class=\"wp-caption-text\">Mirco Della Vecchia<\/figcaption><\/figure>\n<p>Dopo aver incassato il patrocino del Ministero per i Beni Culturali e del Ministero dello Sviluppo Economico<br \/>\nCioccolando ha iniziato la tre giorni di dirette televisive su Canale Italia per promozionare l&#8217;evento nelle Dolomiti. All&#8217;interno della trasmissione Canta Italia della rete\u00a0Canale Italia, il comitato organizzatore di Cioccolando Dolomiti Auronzo presieduto da Mirco Della Vecchia dell&#8217;Appia Belluno ha iniziato ieri Venerdi 12 febbraio una serie di 3 appuntamenti in diretta alle ore 12.00 per promozionare l&#8217;evento pi\u00f9 dolce delle Dolomiti. Molto interesse si \u00e8 manifestato nella diretta di ieri, sopratutto per quel che riguarda la possibilit\u00e0, da parte del comune di Auronzo, di ospitare l&#8217;arrivo di Corriere organizzate da tutto il Veneto. Il conduttore della trasmissione Valerio Pisano si \u00e8 detto interessato in primis ad organizzare una corriera direttamente da Canale Italia per portare ad Auronzo tutti i pi\u00f9 grandi della musica liscio Italiana. \u0093Siamo stimolati dalla possibilit\u00e0 che ci \u00e8 stata offerta dal comune di Auronzo di allestire uno spazio dedicato all&#8217;arrivo di comitive con le corriere tanto che stiamo pensando di omaggiare tutti i gruppi che verranno in corriera con un biglietto omaggio della lotteria e con un particolarissimo gadget in cioccolato che per il momento non<br \/>\nvogliamo ancora rivelare\u00a0dice Mirco Della Vecchia secondo il quale incentivare l&#8217;arrivo dei bus risolverebbe<br \/>\nanche un probabile intasamento del traffico nella giornata di Domenica.<br \/>\nLuned\u00ec verr\u00e0 lanciato on line sul sito <a href=\"http:\/\/www.cioccolando.eu\">www.cioccolando.eu<\/a> il sondaggio Quale cioccolato preferisci\u0094 sondaggio organizzato dalla fine chocolate organization, associazione nazionale di cioccolatieri che<br \/>\nmetter\u00e0 in palio per una persona tra i partecipanti al sondaggio un viaggio in Colombia per partecipare a<br \/>\nChoco-andino e alla visita delle piantagioni colombiane di cacao. Da oggi sono inoltre in distribuzione i biglietti della lotteria che ha tra i premi una macchina, una Peugeot 206 Plus , un I-pod e un televisore LCD.<br \/>\nLa lotteria ha il nobile scopo di raccogliere fondi per una missione umanitaria da svolgersi in Colombia nell&#8217;immediato dopo pasqua. In corso di definizione la partecipazione dell&#8217;AIPD Belluno (associazione italiana persone down) che collaboreranno nella realizzazione di particolarissimi dolcetti al cioccolato.<\/p>","protected":false},"excerpt":{"rendered":"<p>Dopo aver incassato il patrocino del Ministero per i Beni Culturali e del Ministero dello Sviluppo Economico Cioccolando ha iniziato la tre giorni di dirette televisive su Canale Italia per promozionare l&#8217;evento nelle Dolomiti. All&#8217;interno della trasmissione Canta Italia della rete\u00a0Canale Italia, il comitato organizzatore di Cioccolando Dolomiti Auronzo presieduto da Mirco Della Vecchia dell&#8217;Appia [&hellip;]<\/p>\n","protected":false},"author":2,"featured_media":0,"comment_status":"closed","ping_status":"open","sticky":false,"template":"","format":"standard","meta":{"footnotes":""},"categories":[5,26],"tags":[139,63],"class_list":["post-12471","post","type-post","status-publish","format-standard","category-cronaca","category-prima-pagina","tag-belluno","tag-dolomiti"],"yoast_head":"<!-- This site is optimized with the Yoast SEO plugin v28.4 - https:\/\/yoast.com\/product\/yoast-seo-wordpress\/ -->\n<title>Cioccolando ad Auronzo va in Tv  - Bellunopress - Dolomiti<\/title>\n<meta name=\"robots\" content=\"index, follow, max-snippet:-1, max-image-preview:large, max-video-preview:-1\" \/>\n<link rel=\"canonical\" href=\"https:\/\/www.bellunopress.it\/fr\/2010\/02\/13\/cioccolando-ad-auronzo-va-in-tv\/\" \/>\n<meta property=\"og:locale\" content=\"fr_FR\" \/>\n<meta property=\"og:type\" content=\"article\" \/>\n<meta property=\"og:title\" content=\"Cioccolando ad Auronzo va in Tv  - Bellunopress - Dolomiti\" \/>\n<meta property=\"og:description\" content=\"Dopo aver incassato il patrocino del Ministero per i Beni Culturali e del Ministero dello Sviluppo Economico Cioccolando ha iniziato la tre giorni di dirette televisive su Canale Italia per promozionare l&#8217;evento nelle Dolomiti. All&#8217;interno della trasmissione Canta Italia della rete\u00a0Canale Italia, il comitato organizzatore di Cioccolando Dolomiti Auronzo presieduto da Mirco Della Vecchia dell&#8217;Appia [&hellip;]\" \/>\n<meta property=\"og:url\" content=\"https:\/\/www.bellunopress.it\/fr\/2010\/02\/13\/cioccolando-ad-auronzo-va-in-tv\/\" \/>\n<meta property=\"og:site_name\" content=\"Bellunopress - Dolomiti\" \/>\n<meta property=\"article:publisher\" content=\"https:\/\/www.facebook.com\/profile.php?id=100008943462799\" \/>\n<meta property=\"article:published_time\" content=\"2010-02-13T17:12:55+00:00\" \/>\n<meta property=\"og:image\" content=\"http:\/\/www.bellunopress.it\/wp-content\/uploads\/2009\/10\/mirco-della-vecchia.jpg\" \/>\n<meta name=\"author\" content=\"redazione\" \/>\n<meta name=\"twitter:card\" content=\"summary_large_image\" \/>\n<meta name=\"twitter:creator\" content=\"@bellunopress\" \/>\n<meta name=\"twitter:site\" content=\"@bellunopress\" \/>\n<meta name=\"twitter:label1\" content=\"\u00c9crit par\" \/>\n\t<meta name=\"twitter:data1\" content=\"redazione\" \/>\n\t<meta name=\"twitter:label2\" content=\"Dur\u00e9e de lecture estim\u00e9e\" \/>\n\t<meta name=\"twitter:data2\" content=\"2 minutes\" \/>\n<script type=\"application\/ld+json\" class=\"yoast-schema-graph\">{\"@context\":\"https:\\\/\\\/schema.org\",\"@graph\":[{\"@type\":\"Article\",\"@id\":\"https:\\\/\\\/www.bellunopress.it\\\/2010\\\/02\\\/13\\\/cioccolando-ad-auronzo-va-in-tv\\\/#article\",\"isPartOf\":{\"@id\":\"https:\\\/\\\/www.bellunopress.it\\\/2010\\\/02\\\/13\\\/cioccolando-ad-auronzo-va-in-tv\\\/\"},\"author\":{\"name\":\"redazione\",\"@id\":\"https:\\\/\\\/www.bellunopress.it\\\/#\\\/schema\\\/person\\\/79bb06722b37ece1c03d3e94beb30d73\"},\"headline\":\"Cioccolando ad Auronzo va in Tv\",\"datePublished\":\"2010-02-13T17:12:55+00:00\",\"mainEntityOfPage\":{\"@id\":\"https:\\\/\\\/www.bellunopress.it\\\/2010\\\/02\\\/13\\\/cioccolando-ad-auronzo-va-in-tv\\\/\"},\"wordCount\":364,\"publisher\":{\"@id\":\"https:\\\/\\\/www.bellunopress.it\\\/#organization\"},\"image\":{\"@id\":\"https:\\\/\\\/www.bellunopress.it\\\/2010\\\/02\\\/13\\\/cioccolando-ad-auronzo-va-in-tv\\\/#primaryimage\"},\"thumbnailUrl\":\"http:\\\/\\\/www.bellunopress.it\\\/wp-content\\\/uploads\\\/2009\\\/10\\\/mirco-della-vecchia.jpg\",\"keywords\":[\"Belluno\",\"Dolomiti\"],\"articleSection\":[\"Cronaca\\\/Politica\",\"Prima Pagina\"],\"inLanguage\":\"fr-FR\"},{\"@type\":\"WebPage\",\"@id\":\"https:\\\/\\\/www.bellunopress.it\\\/2010\\\/02\\\/13\\\/cioccolando-ad-auronzo-va-in-tv\\\/\",\"url\":\"https:\\\/\\\/www.bellunopress.it\\\/2010\\\/02\\\/13\\\/cioccolando-ad-auronzo-va-in-tv\\\/\",\"name\":\"Cioccolando ad Auronzo va in Tv - Bellunopress - Dolomiti\",\"isPartOf\":{\"@id\":\"https:\\\/\\\/www.bellunopress.it\\\/#website\"},\"primaryImageOfPage\":{\"@id\":\"https:\\\/\\\/www.bellunopress.it\\\/2010\\\/02\\\/13\\\/cioccolando-ad-auronzo-va-in-tv\\\/#primaryimage\"},\"image\":{\"@id\":\"https:\\\/\\\/www.bellunopress.it\\\/2010\\\/02\\\/13\\\/cioccolando-ad-auronzo-va-in-tv\\\/#primaryimage\"},\"thumbnailUrl\":\"http:\\\/\\\/www.bellunopress.it\\\/wp-content\\\/uploads\\\/2009\\\/10\\\/mirco-della-vecchia.jpg\",\"datePublished\":\"2010-02-13T17:12:55+00:00\",\"breadcrumb\":{\"@id\":\"https:\\\/\\\/www.bellunopress.it\\\/2010\\\/02\\\/13\\\/cioccolando-ad-auronzo-va-in-tv\\\/#breadcrumb\"},\"inLanguage\":\"fr-FR\",\"potentialAction\":[{\"@type\":\"ReadAction\",\"target\":[\"https:\\\/\\\/www.bellunopress.it\\\/2010\\\/02\\\/13\\\/cioccolando-ad-auronzo-va-in-tv\\\/\"]}]},{\"@type\":\"ImageObject\",\"inLanguage\":\"fr-FR\",\"@id\":\"https:\\\/\\\/www.bellunopress.it\\\/2010\\\/02\\\/13\\\/cioccolando-ad-auronzo-va-in-tv\\\/#primaryimage\",\"url\":\"http:\\\/\\\/www.bellunopress.it\\\/wp-content\\\/uploads\\\/2009\\\/10\\\/mirco-della-vecchia.jpg\",\"contentUrl\":\"http:\\\/\\\/www.bellunopress.it\\\/wp-content\\\/uploads\\\/2009\\\/10\\\/mirco-della-vecchia.jpg\"},{\"@type\":\"BreadcrumbList\",\"@id\":\"https:\\\/\\\/www.bellunopress.it\\\/2010\\\/02\\\/13\\\/cioccolando-ad-auronzo-va-in-tv\\\/#breadcrumb\",\"itemListElement\":[{\"@type\":\"ListItem\",\"position\":1,\"name\":\"Home\",\"item\":\"https:\\\/\\\/www.bellunopress.it\\\/\"},{\"@type\":\"ListItem\",\"position\":2,\"name\":\"Cioccolando ad Auronzo va in Tv\"}]},{\"@type\":\"WebSite\",\"@id\":\"https:\\\/\\\/www.bellunopress.it\\\/#website\",\"url\":\"https:\\\/\\\/www.bellunopress.it\\\/\",\"name\":\"Bellunopress - Dolomiti\",\"description\":\"e-mail: redazione@bellunopress.it\",\"publisher\":{\"@id\":\"https:\\\/\\\/www.bellunopress.it\\\/#organization\"},\"potentialAction\":[{\"@type\":\"SearchAction\",\"target\":{\"@type\":\"EntryPoint\",\"urlTemplate\":\"https:\\\/\\\/www.bellunopress.it\\\/?s={search_term_string}\"},\"query-input\":{\"@type\":\"PropertyValueSpecification\",\"valueRequired\":true,\"valueName\":\"search_term_string\"}}],\"inLanguage\":\"fr-FR\"},{\"@type\":\"Organization\",\"@id\":\"https:\\\/\\\/www.bellunopress.it\\\/#organization\",\"name\":\"Bellunopress\",\"url\":\"https:\\\/\\\/www.bellunopress.it\\\/\",\"logo\":{\"@type\":\"ImageObject\",\"inLanguage\":\"fr-FR\",\"@id\":\"https:\\\/\\\/www.bellunopress.it\\\/#\\\/schema\\\/logo\\\/image\\\/\",\"url\":\"https:\\\/\\\/www.bellunopress.it\\\/wp-content\\\/uploads\\\/2011\\\/05\\\/cropped-logo-bellunopress-.jpg\",\"contentUrl\":\"https:\\\/\\\/www.bellunopress.it\\\/wp-content\\\/uploads\\\/2011\\\/05\\\/cropped-logo-bellunopress-.jpg\",\"width\":512,\"height\":512,\"caption\":\"Bellunopress\"},\"image\":{\"@id\":\"https:\\\/\\\/www.bellunopress.it\\\/#\\\/schema\\\/logo\\\/image\\\/\"},\"sameAs\":[\"https:\\\/\\\/www.facebook.com\\\/profile.php?id=100008943462799\",\"https:\\\/\\\/x.com\\\/bellunopress\",\"https:\\\/\\\/www.linkedin.com\\\/hp\\\/?dnr=JBzUWaJfMUw8vbXJJ2tVW5-I3jZKvC4wsoxE&amp;amp;amp;amp;amp;amp;trk=nav_responsive_tab_home\",\"https:\\\/\\\/www.youtube.com\\\/channel\\\/UCxL0wu1uN0_3_7hGG0306cw\"]},{\"@type\":\"Person\",\"@id\":\"https:\\\/\\\/www.bellunopress.it\\\/#\\\/schema\\\/person\\\/79bb06722b37ece1c03d3e94beb30d73\",\"name\":\"redazione\",\"image\":{\"@type\":\"ImageObject\",\"inLanguage\":\"fr-FR\",\"@id\":\"https:\\\/\\\/secure.gravatar.com\\\/avatar\\\/37d968a2e67a6fd04c169c4bdef102d0bc5d31b2546345219e348575eb80e9a0?s=96&d=mm&r=g\",\"url\":\"https:\\\/\\\/secure.gravatar.com\\\/avatar\\\/37d968a2e67a6fd04c169c4bdef102d0bc5d31b2546345219e348575eb80e9a0?s=96&d=mm&r=g\",\"contentUrl\":\"https:\\\/\\\/secure.gravatar.com\\\/avatar\\\/37d968a2e67a6fd04c169c4bdef102d0bc5d31b2546345219e348575eb80e9a0?s=96&d=mm&r=g\",\"caption\":\"redazione\"},\"sameAs\":[\"http:\\\/\\\/www.bellunopress.it\",\"https:\\\/\\\/x.com\\\/bellunopress\"],\"url\":\"https:\\\/\\\/www.bellunopress.it\\\/fr\\\/author\\\/redazione\\\/\"}]}<\/script>\n<!-- \/ Yoast SEO plugin. -->","yoast_head_json":{"title":"Cioccolando ad Auronzo va in Tv  - Bellunopress - Dolomiti","robots":{"index":"index","follow":"follow","max-snippet":"max-snippet:-1","max-image-preview":"max-image-preview:large","max-video-preview":"max-video-preview:-1"},"canonical":"https:\/\/www.bellunopress.it\/fr\/2010\/02\/13\/cioccolando-ad-auronzo-va-in-tv\/","og_locale":"fr_FR","og_type":"article","og_title":"Cioccolando ad Auronzo va in Tv  - Bellunopress - Dolomiti","og_description":"Dopo aver incassato il patrocino del Ministero per i Beni Culturali e del Ministero dello Sviluppo Economico Cioccolando ha iniziato la tre giorni di dirette televisive su Canale Italia per promozionare l&#8217;evento nelle Dolomiti. All&#8217;interno della trasmissione Canta Italia della rete\u00a0Canale Italia, il comitato organizzatore di Cioccolando Dolomiti Auronzo presieduto da Mirco Della Vecchia dell&#8217;Appia [&hellip;]","og_url":"https:\/\/www.bellunopress.it\/fr\/2010\/02\/13\/cioccolando-ad-auronzo-va-in-tv\/","og_site_name":"Bellunopress - Dolomiti","article_publisher":"https:\/\/www.facebook.com\/profile.php?id=100008943462799","article_published_time":"2010-02-13T17:12:55+00:00","og_image":[{"url":"http:\/\/www.bellunopress.it\/wp-content\/uploads\/2009\/10\/mirco-della-vecchia.jpg","type":"","width":"","height":""}],"author":"redazione","twitter_card":"summary_large_image","twitter_creator":"@bellunopress","twitter_site":"@bellunopress","twitter_misc":{"\u00c9crit par":"redazione","Dur\u00e9e de lecture estim\u00e9e":"2 minutes"},"schema":{"@context":"https:\/\/schema.org","@graph":[{"@type":"Article","@id":"https:\/\/www.bellunopress.it\/2010\/02\/13\/cioccolando-ad-auronzo-va-in-tv\/#article","isPartOf":{"@id":"https:\/\/www.bellunopress.it\/2010\/02\/13\/cioccolando-ad-auronzo-va-in-tv\/"},"author":{"name":"redazione","@id":"https:\/\/www.bellunopress.it\/#\/schema\/person\/79bb06722b37ece1c03d3e94beb30d73"},"headline":"Cioccolando ad Auronzo va in Tv","datePublished":"2010-02-13T17:12:55+00:00","mainEntityOfPage":{"@id":"https:\/\/www.bellunopress.it\/2010\/02\/13\/cioccolando-ad-auronzo-va-in-tv\/"},"wordCount":364,"publisher":{"@id":"https:\/\/www.bellunopress.it\/#organization"},"image":{"@id":"https:\/\/www.bellunopress.it\/2010\/02\/13\/cioccolando-ad-auronzo-va-in-tv\/#primaryimage"},"thumbnailUrl":"http:\/\/www.bellunopress.it\/wp-content\/uploads\/2009\/10\/mirco-della-vecchia.jpg","keywords":["Belluno","Dolomiti"],"articleSection":["Cronaca\/Politica","Prima Pagina"],"inLanguage":"fr-FR"},{"@type":"WebPage","@id":"https:\/\/www.bellunopress.it\/2010\/02\/13\/cioccolando-ad-auronzo-va-in-tv\/","url":"https:\/\/www.bellunopress.it\/2010\/02\/13\/cioccolando-ad-auronzo-va-in-tv\/","name":"Cioccolando ad Auronzo va in Tv - Bellunopress - Dolomiti","isPartOf":{"@id":"https:\/\/www.bellunopress.it\/#website"},"primaryImageOfPage":{"@id":"https:\/\/www.bellunopress.it\/2010\/02\/13\/cioccolando-ad-auronzo-va-in-tv\/#primaryimage"},"image":{"@id":"https:\/\/www.bellunopress.it\/2010\/02\/13\/cioccolando-ad-auronzo-va-in-tv\/#primaryimage"},"thumbnailUrl":"http:\/\/www.bellunopress.it\/wp-content\/uploads\/2009\/10\/mirco-della-vecchia.jpg","datePublished":"2010-02-13T17:12:55+00:00","breadcrumb":{"@id":"https:\/\/www.bellunopress.it\/2010\/02\/13\/cioccolando-ad-auronzo-va-in-tv\/#breadcrumb"},"inLanguage":"fr-FR","potentialAction":[{"@type":"ReadAction","target":["https:\/\/www.bellunopress.it\/2010\/02\/13\/cioccolando-ad-auronzo-va-in-tv\/"]}]},{"@type":"ImageObject","inLanguage":"fr-FR","@id":"https:\/\/www.bellunopress.it\/2010\/02\/13\/cioccolando-ad-auronzo-va-in-tv\/#primaryimage","url":"http:\/\/www.bellunopress.it\/wp-content\/uploads\/2009\/10\/mirco-della-vecchia.jpg","contentUrl":"http:\/\/www.bellunopress.it\/wp-content\/uploads\/2009\/10\/mirco-della-vecchia.jpg"},{"@type":"BreadcrumbList","@id":"https:\/\/www.bellunopress.it\/2010\/02\/13\/cioccolando-ad-auronzo-va-in-tv\/#breadcrumb","itemListElement":[{"@type":"ListItem","position":1,"name":"Home","item":"https:\/\/www.bellunopress.it\/"},{"@type":"ListItem","position":2,"name":"Cioccolando ad Auronzo va in Tv"}]},{"@type":"WebSite","@id":"https:\/\/www.bellunopress.it\/#website","url":"https:\/\/www.bellunopress.it\/","name":"Bellunopress - Dolomiti","description":"e-mail: redazione@bellunopress.it","publisher":{"@id":"https:\/\/www.bellunopress.it\/#organization"},"potentialAction":[{"@type":"SearchAction","target":{"@type":"EntryPoint","urlTemplate":"https:\/\/www.bellunopress.it\/?s={search_term_string}"},"query-input":{"@type":"PropertyValueSpecification","valueRequired":true,"valueName":"search_term_string"}}],"inLanguage":"fr-FR"},{"@type":"Organization","@id":"https:\/\/www.bellunopress.it\/#organization","name":"Bellunopress","url":"https:\/\/www.bellunopress.it\/","logo":{"@type":"ImageObject","inLanguage":"fr-FR","@id":"https:\/\/www.bellunopress.it\/#\/schema\/logo\/image\/","url":"https:\/\/www.bellunopress.it\/wp-content\/uploads\/2011\/05\/cropped-logo-bellunopress-.jpg","contentUrl":"https:\/\/www.bellunopress.it\/wp-content\/uploads\/2011\/05\/cropped-logo-bellunopress-.jpg","width":512,"height":512,"caption":"Bellunopress"},"image":{"@id":"https:\/\/www.bellunopress.it\/#\/schema\/logo\/image\/"},"sameAs":["https:\/\/www.facebook.com\/profile.php?id=100008943462799","https:\/\/x.com\/bellunopress","https:\/\/www.linkedin.com\/hp\/?dnr=JBzUWaJfMUw8vbXJJ2tVW5-I3jZKvC4wsoxE&amp;amp;amp;amp;amp;amp;trk=nav_responsive_tab_home","https:\/\/www.youtube.com\/channel\/UCxL0wu1uN0_3_7hGG0306cw"]},{"@type":"Person","@id":"https:\/\/www.bellunopress.it\/#\/schema\/person\/79bb06722b37ece1c03d3e94beb30d73","name":"r\u00e9daction","image":{"@type":"ImageObject","inLanguage":"fr-FR","@id":"https:\/\/secure.gravatar.com\/avatar\/37d968a2e67a6fd04c169c4bdef102d0bc5d31b2546345219e348575eb80e9a0?s=96&d=mm&r=g","url":"https:\/\/secure.gravatar.com\/avatar\/37d968a2e67a6fd04c169c4bdef102d0bc5d31b2546345219e348575eb80e9a0?s=96&d=mm&r=g","contentUrl":"https:\/\/secure.gravatar.com\/avatar\/37d968a2e67a6fd04c169c4bdef102d0bc5d31b2546345219e348575eb80e9a0?s=96&d=mm&r=g","caption":"redazione"},"sameAs":["http:\/\/www.bellunopress.it","https:\/\/x.com\/bellunopress"],"url":"https:\/\/www.bellunopress.it\/fr\/author\/redazione\/"}]}},"_links":{"self":[{"href":"https:\/\/www.bellunopress.it\/fr\/wp-json\/wp\/v2\/posts\/12471","targetHints":{"allow":["GET"]}}],"collection":[{"href":"https:\/\/www.bellunopress.it\/fr\/wp-json\/wp\/v2\/posts"}],"about":[{"href":"https:\/\/www.bellunopress.it\/fr\/wp-json\/wp\/v2\/types\/post"}],"author":[{"embeddable":true,"href":"https:\/\/www.bellunopress.it\/fr\/wp-json\/wp\/v2\/users\/2"}],"replies":[{"embeddable":true,"href":"https:\/\/www.bellunopress.it\/fr\/wp-json\/wp\/v2\/comments?post=12471"}],"version-history":[{"count":1,"href":"https:\/\/www.bellunopress.it\/fr\/wp-json\/wp\/v2\/posts\/12471\/revisions"}],"predecessor-version":[{"id":12472,"href":"https:\/\/www.bellunopress.it\/fr\/wp-json\/wp\/v2\/posts\/12471\/revisions\/12472"}],"wp:attachment":[{"href":"https:\/\/www.bellunopress.it\/fr\/wp-json\/wp\/v2\/media?parent=12471"}],"wp:term":[{"taxonomy":"category","embeddable":true,"href":"https:\/\/www.bellunopress.it\/fr\/wp-json\/wp\/v2\/categories?post=12471"},{"taxonomy":"post_tag","embeddable":true,"href":"https:\/\/www.bellunopress.it\/fr\/wp-json\/wp\/v2\/tags?post=12471"}],"curies":[{"name":"wp","href":"https:\/\/api.w.org\/{rel}","templated":true}]}}