{"id":124645,"date":"2021-05-22T21:20:53","date_gmt":"2021-05-22T19:20:53","guid":{"rendered":"https:\/\/www.bellunopress.it\/?p=124645"},"modified":"2021-05-22T21:20:53","modified_gmt":"2021-05-22T19:20:53","slug":"infiltrazioni-nelle-aule-della-scuola-elementare-di-quartier-cadore-la-lega-sollecita-lamministrazione-comunale-ad-intervenire","status":"publish","type":"post","link":"https:\/\/www.bellunopress.it\/fr\/2021\/05\/22\/infiltrazioni-nelle-aule-della-scuola-elementare-di-quartier-cadore-la-lega-sollecita-lamministrazione-comunale-ad-intervenire\/","title":{"rendered":"Infiltrazioni nelle aule della scuola elementare di Quartier Cadore. La Lega sollecita l&#8217;amministrazione comunale ad intervenire"},"content":{"rendered":"<p><a href=\"https:\/\/www.bellunopress.it\/fr\/2012\/10\/16\/un-nuovo-murale-alla-scuola-di-quartier-cadore-realizzato-nellambito-del-progetto-anci-nordest-cantieri-darte-pubblica\/scuola-elementare-quartier-cadore\/\" rel=\"attachment wp-att-43072\"><img loading=\"lazy\" decoding=\"async\" class=\"alignleft size-full wp-image-43072\" src=\"https:\/\/www.bellunopress.it\/wp-content\/uploads\/2012\/10\/scuola-elementare-quartier-cadore.jpg\" alt=\"\" width=\"225\" height=\"149\" \/><\/a>&#8220;Piove nelle aule, alla scuola elementare di Quartier Cadore. Serve intervenire subito&#8221;, dichiara il segretario cittadino della Lega, Paolo Luciani, dopo il sopralluogo agli spazi esterni della primaria, su segnalazione del personale interno. Insieme a Luciani hanno accolto l&#8217;appello degli insegnanti anche i consiglieri Luciano Da Pian e Marzio Sovilla.<\/p>\n<p>&#8220;Siamo andati a scuola ad ascoltare i problemi segnalati dal personale \u2013 spiega Luciani -, non siamo entrati all&#8217;interno, siamo rimasti all&#8217;esterno. Ci \u00e8 stato raccontato di un disagio importante legato all&#8217;umidit\u00e0, tale che nei giorni di pioggia gocciola all&#8217;interno di alcune aule. Ci rivolgiamo perci\u00f2 all&#8217;amministrazione Massaro perch\u00e9 intervenga il prima possibile, approfittando della chiusura estive delle scuole, non si possono vedere certe cose nel 2021&#8221;.<\/p>\n<p>La struttura ha il tetto piatto, che evidentemente necessit\u00e0 di particolari manutenzioni e, magari, potrebbe anche essere sfruttato per l&#8217;installazione di pannelli fotovoltaici cos\u00ec da rendere l&#8217;istituto indipendente sotto il profilo energetico.<br \/>\nMa prima di tutto c&#8217;\u00e8 da pensare alle grandi macchie di umidit\u00e0 e al gocciolio dentro le stanze, che rendono gli ambienti dove i piccoli trascorrono buona parte delle loro giornate, poco salutari.<\/p>\n<figure id=\"attachment_117436\" aria-describedby=\"caption-attachment-117436\" style=\"width: 419px\" class=\"wp-caption alignleft\"><a href=\"https:\/\/www.bellunopress.it\/fr\/2020\/09\/09\/intervista-al-candidato-luciano-da-pian-lista-zaia\/luciano-da-pian_edited\/\" rel=\"attachment wp-att-117436\"><img loading=\"lazy\" decoding=\"async\" class=\"size-full wp-image-117436\" src=\"https:\/\/www.bellunopress.it\/wp-content\/uploads\/2020\/09\/luciano-da-pian_edited.jpg\" alt=\"\" width=\"419\" height=\"505\" srcset=\"https:\/\/www.bellunopress.it\/wp-content\/uploads\/2020\/09\/luciano-da-pian_edited.jpg 419w, https:\/\/www.bellunopress.it\/wp-content\/uploads\/2020\/09\/luciano-da-pian_edited-415x500.jpg 415w, https:\/\/www.bellunopress.it\/wp-content\/uploads\/2020\/09\/luciano-da-pian_edited-348x420.jpg 348w\" sizes=\"auto, (max-width: 419px) 100vw, 419px\" \/><\/a><figcaption id=\"caption-attachment-117436\" class=\"wp-caption-text\">Luciano Da Pian<\/figcaption><\/figure>\n<p>&#8220;La scuola rivolge da anni richieste al Comune su questo problema, ma senza ottenere granch\u00e9 \u2013 spiega il consigliere Da Pian -, sembra che in estate siano previsti interventi, ma facile avviare le opere ad un anno dalle elezioni&#8221;.<\/p>\n<p>Con i tre rappresentanti della Lega c&#8217;era anche un tecnico, chiamato per una prima valutazione dal punto di vista energetico dell&#8217;edificio; \u00e8 stato lui a proporre la possibilit\u00e0 di installare pannelli sul tetto, sfruttando cosi la conformazione piatta della copertura. &#8220;Ci sono molti fondi per l&#8217;efficientamento energetico degli immobili, ma sappiamo che, per esempio, ai bandi 2020 il Comune di Belluno non ha partecipato \u2013 conclude Da Pian -. Perch\u00e9? Se vogliamo essere una citt\u00e0 green queste possibilit\u00e0, tutte, vanno colte&#8221;.<\/p>","protected":false},"excerpt":{"rendered":"<p>&#8220;Piove nelle aule, alla scuola elementare di Quartier Cadore. Serve intervenire subito&#8221;, dichiara il segretario cittadino della Lega, Paolo Luciani, dopo il sopralluogo agli spazi esterni della primaria, su segnalazione del personale interno. Insieme a Luciani hanno accolto l&#8217;appello degli insegnanti anche i consiglieri Luciano Da Pian e Marzio Sovilla. &#8220;Siamo andati a scuola ad [&hellip;]<\/p>\n","protected":false},"author":2,"featured_media":117436,"comment_status":"closed","ping_status":"open","sticky":false,"template":"","format":"standard","meta":{"footnotes":""},"categories":[26,15],"tags":[],"class_list":["post-124645","post","type-post","status-publish","format-standard","has-post-thumbnail","category-prima-pagina","category-scuola"],"yoast_head":"<!-- This site is optimized with the Yoast SEO plugin v28.4 - https:\/\/yoast.com\/product\/yoast-seo-wordpress\/ -->\n<title>Infiltrazioni nelle aule della scuola elementare di Quartier Cadore. La Lega sollecita l&#039;amministrazione comunale ad intervenire - Bellunopress - Dolomiti<\/title>\n<meta name=\"robots\" content=\"index, follow, max-snippet:-1, max-image-preview:large, max-video-preview:-1\" \/>\n<link rel=\"canonical\" href=\"https:\/\/www.bellunopress.it\/fr\/2021\/05\/22\/infiltrazioni-nelle-aule-della-scuola-elementare-di-quartier-cadore-la-lega-sollecita-lamministrazione-comunale-ad-intervenire\/\" \/>\n<meta property=\"og:locale\" content=\"fr_FR\" \/>\n<meta property=\"og:type\" content=\"article\" \/>\n<meta property=\"og:title\" content=\"Infiltrazioni nelle aule della scuola elementare di Quartier Cadore. La Lega sollecita l&#039;amministrazione comunale ad intervenire - Bellunopress - Dolomiti\" \/>\n<meta property=\"og:description\" content=\"&#8220;Piove nelle aule, alla scuola elementare di Quartier Cadore. Serve intervenire subito&#8221;, dichiara il segretario cittadino della Lega, Paolo Luciani, dopo il sopralluogo agli spazi esterni della primaria, su segnalazione del personale interno. Insieme a Luciani hanno accolto l&#8217;appello degli insegnanti anche i consiglieri Luciano Da Pian e Marzio Sovilla. &#8220;Siamo andati a scuola ad [&hellip;]\" \/>\n<meta property=\"og:url\" content=\"https:\/\/www.bellunopress.it\/fr\/2021\/05\/22\/infiltrazioni-nelle-aule-della-scuola-elementare-di-quartier-cadore-la-lega-sollecita-lamministrazione-comunale-ad-intervenire\/\" \/>\n<meta property=\"og:site_name\" content=\"Bellunopress - Dolomiti\" \/>\n<meta property=\"article:publisher\" content=\"https:\/\/www.facebook.com\/profile.php?id=100008943462799\" \/>\n<meta property=\"article:published_time\" content=\"2021-05-22T19:20:53+00:00\" \/>\n<meta property=\"og:image\" content=\"https:\/\/www.bellunopress.it\/wp-content\/uploads\/2020\/09\/luciano-da-pian_edited.jpg\" \/>\n\t<meta property=\"og:image:width\" content=\"419\" \/>\n\t<meta property=\"og:image:height\" content=\"505\" \/>\n\t<meta property=\"og:image:type\" content=\"image\/jpeg\" \/>\n<meta name=\"author\" content=\"redazione\" \/>\n<meta name=\"twitter:card\" content=\"summary_large_image\" \/>\n<meta name=\"twitter:creator\" content=\"@bellunopress\" \/>\n<meta name=\"twitter:site\" content=\"@bellunopress\" \/>\n<meta name=\"twitter:label1\" content=\"\u00c9crit par\" \/>\n\t<meta name=\"twitter:data1\" content=\"redazione\" \/>\n\t<meta name=\"twitter:label2\" content=\"Dur\u00e9e de lecture estim\u00e9e\" \/>\n\t<meta name=\"twitter:data2\" content=\"2 minutes\" \/>\n<script type=\"application\/ld+json\" class=\"yoast-schema-graph\">{\"@context\":\"https:\\\/\\\/schema.org\",\"@graph\":[{\"@type\":\"Article\",\"@id\":\"https:\\\/\\\/www.bellunopress.it\\\/2021\\\/05\\\/22\\\/infiltrazioni-nelle-aule-della-scuola-elementare-di-quartier-cadore-la-lega-sollecita-lamministrazione-comunale-ad-intervenire\\\/#article\",\"isPartOf\":{\"@id\":\"https:\\\/\\\/www.bellunopress.it\\\/2021\\\/05\\\/22\\\/infiltrazioni-nelle-aule-della-scuola-elementare-di-quartier-cadore-la-lega-sollecita-lamministrazione-comunale-ad-intervenire\\\/\"},\"author\":{\"name\":\"redazione\",\"@id\":\"https:\\\/\\\/www.bellunopress.it\\\/#\\\/schema\\\/person\\\/79bb06722b37ece1c03d3e94beb30d73\"},\"headline\":\"Infiltrazioni nelle aule della scuola elementare di Quartier Cadore. La Lega sollecita l&#8217;amministrazione comunale ad intervenire\",\"datePublished\":\"2021-05-22T19:20:53+00:00\",\"mainEntityOfPage\":{\"@id\":\"https:\\\/\\\/www.bellunopress.it\\\/2021\\\/05\\\/22\\\/infiltrazioni-nelle-aule-della-scuola-elementare-di-quartier-cadore-la-lega-sollecita-lamministrazione-comunale-ad-intervenire\\\/\"},\"wordCount\":333,\"publisher\":{\"@id\":\"https:\\\/\\\/www.bellunopress.it\\\/#organization\"},\"image\":{\"@id\":\"https:\\\/\\\/www.bellunopress.it\\\/2021\\\/05\\\/22\\\/infiltrazioni-nelle-aule-della-scuola-elementare-di-quartier-cadore-la-lega-sollecita-lamministrazione-comunale-ad-intervenire\\\/#primaryimage\"},\"thumbnailUrl\":\"https:\\\/\\\/www.bellunopress.it\\\/wp-content\\\/uploads\\\/2020\\\/09\\\/luciano-da-pian_edited.jpg\",\"articleSection\":[\"Prima Pagina\",\"Scuola\"],\"inLanguage\":\"fr-FR\"},{\"@type\":\"WebPage\",\"@id\":\"https:\\\/\\\/www.bellunopress.it\\\/2021\\\/05\\\/22\\\/infiltrazioni-nelle-aule-della-scuola-elementare-di-quartier-cadore-la-lega-sollecita-lamministrazione-comunale-ad-intervenire\\\/\",\"url\":\"https:\\\/\\\/www.bellunopress.it\\\/2021\\\/05\\\/22\\\/infiltrazioni-nelle-aule-della-scuola-elementare-di-quartier-cadore-la-lega-sollecita-lamministrazione-comunale-ad-intervenire\\\/\",\"name\":\"Infiltrazioni nelle aule della scuola elementare di Quartier Cadore. La Lega sollecita l'amministrazione comunale ad intervenire - Bellunopress - Dolomiti\",\"isPartOf\":{\"@id\":\"https:\\\/\\\/www.bellunopress.it\\\/#website\"},\"primaryImageOfPage\":{\"@id\":\"https:\\\/\\\/www.bellunopress.it\\\/2021\\\/05\\\/22\\\/infiltrazioni-nelle-aule-della-scuola-elementare-di-quartier-cadore-la-lega-sollecita-lamministrazione-comunale-ad-intervenire\\\/#primaryimage\"},\"image\":{\"@id\":\"https:\\\/\\\/www.bellunopress.it\\\/2021\\\/05\\\/22\\\/infiltrazioni-nelle-aule-della-scuola-elementare-di-quartier-cadore-la-lega-sollecita-lamministrazione-comunale-ad-intervenire\\\/#primaryimage\"},\"thumbnailUrl\":\"https:\\\/\\\/www.bellunopress.it\\\/wp-content\\\/uploads\\\/2020\\\/09\\\/luciano-da-pian_edited.jpg\",\"datePublished\":\"2021-05-22T19:20:53+00:00\",\"breadcrumb\":{\"@id\":\"https:\\\/\\\/www.bellunopress.it\\\/2021\\\/05\\\/22\\\/infiltrazioni-nelle-aule-della-scuola-elementare-di-quartier-cadore-la-lega-sollecita-lamministrazione-comunale-ad-intervenire\\\/#breadcrumb\"},\"inLanguage\":\"fr-FR\",\"potentialAction\":[{\"@type\":\"ReadAction\",\"target\":[\"https:\\\/\\\/www.bellunopress.it\\\/2021\\\/05\\\/22\\\/infiltrazioni-nelle-aule-della-scuola-elementare-di-quartier-cadore-la-lega-sollecita-lamministrazione-comunale-ad-intervenire\\\/\"]}]},{\"@type\":\"ImageObject\",\"inLanguage\":\"fr-FR\",\"@id\":\"https:\\\/\\\/www.bellunopress.it\\\/2021\\\/05\\\/22\\\/infiltrazioni-nelle-aule-della-scuola-elementare-di-quartier-cadore-la-lega-sollecita-lamministrazione-comunale-ad-intervenire\\\/#primaryimage\",\"url\":\"https:\\\/\\\/www.bellunopress.it\\\/wp-content\\\/uploads\\\/2020\\\/09\\\/luciano-da-pian_edited.jpg\",\"contentUrl\":\"https:\\\/\\\/www.bellunopress.it\\\/wp-content\\\/uploads\\\/2020\\\/09\\\/luciano-da-pian_edited.jpg\",\"width\":419,\"height\":505,\"caption\":\"Luciano Da Pian\"},{\"@type\":\"BreadcrumbList\",\"@id\":\"https:\\\/\\\/www.bellunopress.it\\\/2021\\\/05\\\/22\\\/infiltrazioni-nelle-aule-della-scuola-elementare-di-quartier-cadore-la-lega-sollecita-lamministrazione-comunale-ad-intervenire\\\/#breadcrumb\",\"itemListElement\":[{\"@type\":\"ListItem\",\"position\":1,\"name\":\"Home\",\"item\":\"https:\\\/\\\/www.bellunopress.it\\\/\"},{\"@type\":\"ListItem\",\"position\":2,\"name\":\"Infiltrazioni nelle aule della scuola elementare di Quartier Cadore. La Lega sollecita l&#8217;amministrazione comunale ad intervenire\"}]},{\"@type\":\"WebSite\",\"@id\":\"https:\\\/\\\/www.bellunopress.it\\\/#website\",\"url\":\"https:\\\/\\\/www.bellunopress.it\\\/\",\"name\":\"Bellunopress - Dolomiti\",\"description\":\"e-mail: redazione@bellunopress.it\",\"publisher\":{\"@id\":\"https:\\\/\\\/www.bellunopress.it\\\/#organization\"},\"potentialAction\":[{\"@type\":\"SearchAction\",\"target\":{\"@type\":\"EntryPoint\",\"urlTemplate\":\"https:\\\/\\\/www.bellunopress.it\\\/?s={search_term_string}\"},\"query-input\":{\"@type\":\"PropertyValueSpecification\",\"valueRequired\":true,\"valueName\":\"search_term_string\"}}],\"inLanguage\":\"fr-FR\"},{\"@type\":\"Organization\",\"@id\":\"https:\\\/\\\/www.bellunopress.it\\\/#organization\",\"name\":\"Bellunopress\",\"url\":\"https:\\\/\\\/www.bellunopress.it\\\/\",\"logo\":{\"@type\":\"ImageObject\",\"inLanguage\":\"fr-FR\",\"@id\":\"https:\\\/\\\/www.bellunopress.it\\\/#\\\/schema\\\/logo\\\/image\\\/\",\"url\":\"https:\\\/\\\/www.bellunopress.it\\\/wp-content\\\/uploads\\\/2011\\\/05\\\/cropped-logo-bellunopress-.jpg\",\"contentUrl\":\"https:\\\/\\\/www.bellunopress.it\\\/wp-content\\\/uploads\\\/2011\\\/05\\\/cropped-logo-bellunopress-.jpg\",\"width\":512,\"height\":512,\"caption\":\"Bellunopress\"},\"image\":{\"@id\":\"https:\\\/\\\/www.bellunopress.it\\\/#\\\/schema\\\/logo\\\/image\\\/\"},\"sameAs\":[\"https:\\\/\\\/www.facebook.com\\\/profile.php?id=100008943462799\",\"https:\\\/\\\/x.com\\\/bellunopress\",\"https:\\\/\\\/www.linkedin.com\\\/hp\\\/?dnr=JBzUWaJfMUw8vbXJJ2tVW5-I3jZKvC4wsoxE&amp;amp;amp;amp;amp;amp;trk=nav_responsive_tab_home\",\"https:\\\/\\\/www.youtube.com\\\/channel\\\/UCxL0wu1uN0_3_7hGG0306cw\"]},{\"@type\":\"Person\",\"@id\":\"https:\\\/\\\/www.bellunopress.it\\\/#\\\/schema\\\/person\\\/79bb06722b37ece1c03d3e94beb30d73\",\"name\":\"redazione\",\"image\":{\"@type\":\"ImageObject\",\"inLanguage\":\"fr-FR\",\"@id\":\"https:\\\/\\\/secure.gravatar.com\\\/avatar\\\/37d968a2e67a6fd04c169c4bdef102d0bc5d31b2546345219e348575eb80e9a0?s=96&d=mm&r=g\",\"url\":\"https:\\\/\\\/secure.gravatar.com\\\/avatar\\\/37d968a2e67a6fd04c169c4bdef102d0bc5d31b2546345219e348575eb80e9a0?s=96&d=mm&r=g\",\"contentUrl\":\"https:\\\/\\\/secure.gravatar.com\\\/avatar\\\/37d968a2e67a6fd04c169c4bdef102d0bc5d31b2546345219e348575eb80e9a0?s=96&d=mm&r=g\",\"caption\":\"redazione\"},\"sameAs\":[\"http:\\\/\\\/www.bellunopress.it\",\"https:\\\/\\\/x.com\\\/bellunopress\"],\"url\":\"https:\\\/\\\/www.bellunopress.it\\\/fr\\\/author\\\/redazione\\\/\"}]}<\/script>\n<!-- \/ Yoast SEO plugin. -->","yoast_head_json":{"title":"Infiltrazioni nelle aule della scuola elementare di Quartier Cadore. La Lega sollecita l'amministrazione comunale ad intervenire - Bellunopress - Dolomiti","robots":{"index":"index","follow":"follow","max-snippet":"max-snippet:-1","max-image-preview":"max-image-preview:large","max-video-preview":"max-video-preview:-1"},"canonical":"https:\/\/www.bellunopress.it\/fr\/2021\/05\/22\/infiltrazioni-nelle-aule-della-scuola-elementare-di-quartier-cadore-la-lega-sollecita-lamministrazione-comunale-ad-intervenire\/","og_locale":"fr_FR","og_type":"article","og_title":"Infiltrazioni nelle aule della scuola elementare di Quartier Cadore. La Lega sollecita l'amministrazione comunale ad intervenire - Bellunopress - Dolomiti","og_description":"&#8220;Piove nelle aule, alla scuola elementare di Quartier Cadore. Serve intervenire subito&#8221;, dichiara il segretario cittadino della Lega, Paolo Luciani, dopo il sopralluogo agli spazi esterni della primaria, su segnalazione del personale interno. Insieme a Luciani hanno accolto l&#8217;appello degli insegnanti anche i consiglieri Luciano Da Pian e Marzio Sovilla. &#8220;Siamo andati a scuola ad [&hellip;]","og_url":"https:\/\/www.bellunopress.it\/fr\/2021\/05\/22\/infiltrazioni-nelle-aule-della-scuola-elementare-di-quartier-cadore-la-lega-sollecita-lamministrazione-comunale-ad-intervenire\/","og_site_name":"Bellunopress - Dolomiti","article_publisher":"https:\/\/www.facebook.com\/profile.php?id=100008943462799","article_published_time":"2021-05-22T19:20:53+00:00","og_image":[{"width":419,"height":505,"url":"https:\/\/www.bellunopress.it\/wp-content\/uploads\/2020\/09\/luciano-da-pian_edited.jpg","type":"image\/jpeg"}],"author":"redazione","twitter_card":"summary_large_image","twitter_creator":"@bellunopress","twitter_site":"@bellunopress","twitter_misc":{"\u00c9crit par":"redazione","Dur\u00e9e de lecture estim\u00e9e":"2 minutes"},"schema":{"@context":"https:\/\/schema.org","@graph":[{"@type":"Article","@id":"https:\/\/www.bellunopress.it\/2021\/05\/22\/infiltrazioni-nelle-aule-della-scuola-elementare-di-quartier-cadore-la-lega-sollecita-lamministrazione-comunale-ad-intervenire\/#article","isPartOf":{"@id":"https:\/\/www.bellunopress.it\/2021\/05\/22\/infiltrazioni-nelle-aule-della-scuola-elementare-di-quartier-cadore-la-lega-sollecita-lamministrazione-comunale-ad-intervenire\/"},"author":{"name":"redazione","@id":"https:\/\/www.bellunopress.it\/#\/schema\/person\/79bb06722b37ece1c03d3e94beb30d73"},"headline":"Infiltrazioni nelle aule della scuola elementare di Quartier Cadore. La Lega sollecita l&#8217;amministrazione comunale ad intervenire","datePublished":"2021-05-22T19:20:53+00:00","mainEntityOfPage":{"@id":"https:\/\/www.bellunopress.it\/2021\/05\/22\/infiltrazioni-nelle-aule-della-scuola-elementare-di-quartier-cadore-la-lega-sollecita-lamministrazione-comunale-ad-intervenire\/"},"wordCount":333,"publisher":{"@id":"https:\/\/www.bellunopress.it\/#organization"},"image":{"@id":"https:\/\/www.bellunopress.it\/2021\/05\/22\/infiltrazioni-nelle-aule-della-scuola-elementare-di-quartier-cadore-la-lega-sollecita-lamministrazione-comunale-ad-intervenire\/#primaryimage"},"thumbnailUrl":"https:\/\/www.bellunopress.it\/wp-content\/uploads\/2020\/09\/luciano-da-pian_edited.jpg","articleSection":["Prima Pagina","Scuola"],"inLanguage":"fr-FR"},{"@type":"WebPage","@id":"https:\/\/www.bellunopress.it\/2021\/05\/22\/infiltrazioni-nelle-aule-della-scuola-elementare-di-quartier-cadore-la-lega-sollecita-lamministrazione-comunale-ad-intervenire\/","url":"https:\/\/www.bellunopress.it\/2021\/05\/22\/infiltrazioni-nelle-aule-della-scuola-elementare-di-quartier-cadore-la-lega-sollecita-lamministrazione-comunale-ad-intervenire\/","name":"Infiltrazioni nelle aule della scuola elementare di Quartier Cadore. La Lega sollecita l'amministrazione comunale ad intervenire - Bellunopress - Dolomiti","isPartOf":{"@id":"https:\/\/www.bellunopress.it\/#website"},"primaryImageOfPage":{"@id":"https:\/\/www.bellunopress.it\/2021\/05\/22\/infiltrazioni-nelle-aule-della-scuola-elementare-di-quartier-cadore-la-lega-sollecita-lamministrazione-comunale-ad-intervenire\/#primaryimage"},"image":{"@id":"https:\/\/www.bellunopress.it\/2021\/05\/22\/infiltrazioni-nelle-aule-della-scuola-elementare-di-quartier-cadore-la-lega-sollecita-lamministrazione-comunale-ad-intervenire\/#primaryimage"},"thumbnailUrl":"https:\/\/www.bellunopress.it\/wp-content\/uploads\/2020\/09\/luciano-da-pian_edited.jpg","datePublished":"2021-05-22T19:20:53+00:00","breadcrumb":{"@id":"https:\/\/www.bellunopress.it\/2021\/05\/22\/infiltrazioni-nelle-aule-della-scuola-elementare-di-quartier-cadore-la-lega-sollecita-lamministrazione-comunale-ad-intervenire\/#breadcrumb"},"inLanguage":"fr-FR","potentialAction":[{"@type":"ReadAction","target":["https:\/\/www.bellunopress.it\/2021\/05\/22\/infiltrazioni-nelle-aule-della-scuola-elementare-di-quartier-cadore-la-lega-sollecita-lamministrazione-comunale-ad-intervenire\/"]}]},{"@type":"ImageObject","inLanguage":"fr-FR","@id":"https:\/\/www.bellunopress.it\/2021\/05\/22\/infiltrazioni-nelle-aule-della-scuola-elementare-di-quartier-cadore-la-lega-sollecita-lamministrazione-comunale-ad-intervenire\/#primaryimage","url":"https:\/\/www.bellunopress.it\/wp-content\/uploads\/2020\/09\/luciano-da-pian_edited.jpg","contentUrl":"https:\/\/www.bellunopress.it\/wp-content\/uploads\/2020\/09\/luciano-da-pian_edited.jpg","width":419,"height":505,"caption":"Luciano Da Pian"},{"@type":"BreadcrumbList","@id":"https:\/\/www.bellunopress.it\/2021\/05\/22\/infiltrazioni-nelle-aule-della-scuola-elementare-di-quartier-cadore-la-lega-sollecita-lamministrazione-comunale-ad-intervenire\/#breadcrumb","itemListElement":[{"@type":"ListItem","position":1,"name":"Home","item":"https:\/\/www.bellunopress.it\/"},{"@type":"ListItem","position":2,"name":"Infiltrazioni nelle aule della scuola elementare di Quartier Cadore. La Lega sollecita l&#8217;amministrazione comunale ad intervenire"}]},{"@type":"WebSite","@id":"https:\/\/www.bellunopress.it\/#website","url":"https:\/\/www.bellunopress.it\/","name":"Bellunopress - Dolomiti","description":"e-mail: redazione@bellunopress.it","publisher":{"@id":"https:\/\/www.bellunopress.it\/#organization"},"potentialAction":[{"@type":"SearchAction","target":{"@type":"EntryPoint","urlTemplate":"https:\/\/www.bellunopress.it\/?s={search_term_string}"},"query-input":{"@type":"PropertyValueSpecification","valueRequired":true,"valueName":"search_term_string"}}],"inLanguage":"fr-FR"},{"@type":"Organization","@id":"https:\/\/www.bellunopress.it\/#organization","name":"Bellunopress","url":"https:\/\/www.bellunopress.it\/","logo":{"@type":"ImageObject","inLanguage":"fr-FR","@id":"https:\/\/www.bellunopress.it\/#\/schema\/logo\/image\/","url":"https:\/\/www.bellunopress.it\/wp-content\/uploads\/2011\/05\/cropped-logo-bellunopress-.jpg","contentUrl":"https:\/\/www.bellunopress.it\/wp-content\/uploads\/2011\/05\/cropped-logo-bellunopress-.jpg","width":512,"height":512,"caption":"Bellunopress"},"image":{"@id":"https:\/\/www.bellunopress.it\/#\/schema\/logo\/image\/"},"sameAs":["https:\/\/www.facebook.com\/profile.php?id=100008943462799","https:\/\/x.com\/bellunopress","https:\/\/www.linkedin.com\/hp\/?dnr=JBzUWaJfMUw8vbXJJ2tVW5-I3jZKvC4wsoxE&amp;amp;amp;amp;amp;amp;trk=nav_responsive_tab_home","https:\/\/www.youtube.com\/channel\/UCxL0wu1uN0_3_7hGG0306cw"]},{"@type":"Person","@id":"https:\/\/www.bellunopress.it\/#\/schema\/person\/79bb06722b37ece1c03d3e94beb30d73","name":"r\u00e9daction","image":{"@type":"ImageObject","inLanguage":"fr-FR","@id":"https:\/\/secure.gravatar.com\/avatar\/37d968a2e67a6fd04c169c4bdef102d0bc5d31b2546345219e348575eb80e9a0?s=96&d=mm&r=g","url":"https:\/\/secure.gravatar.com\/avatar\/37d968a2e67a6fd04c169c4bdef102d0bc5d31b2546345219e348575eb80e9a0?s=96&d=mm&r=g","contentUrl":"https:\/\/secure.gravatar.com\/avatar\/37d968a2e67a6fd04c169c4bdef102d0bc5d31b2546345219e348575eb80e9a0?s=96&d=mm&r=g","caption":"redazione"},"sameAs":["http:\/\/www.bellunopress.it","https:\/\/x.com\/bellunopress"],"url":"https:\/\/www.bellunopress.it\/fr\/author\/redazione\/"}]}},"_links":{"self":[{"href":"https:\/\/www.bellunopress.it\/fr\/wp-json\/wp\/v2\/posts\/124645","targetHints":{"allow":["GET"]}}],"collection":[{"href":"https:\/\/www.bellunopress.it\/fr\/wp-json\/wp\/v2\/posts"}],"about":[{"href":"https:\/\/www.bellunopress.it\/fr\/wp-json\/wp\/v2\/types\/post"}],"author":[{"embeddable":true,"href":"https:\/\/www.bellunopress.it\/fr\/wp-json\/wp\/v2\/users\/2"}],"replies":[{"embeddable":true,"href":"https:\/\/www.bellunopress.it\/fr\/wp-json\/wp\/v2\/comments?post=124645"}],"version-history":[{"count":2,"href":"https:\/\/www.bellunopress.it\/fr\/wp-json\/wp\/v2\/posts\/124645\/revisions"}],"predecessor-version":[{"id":124647,"href":"https:\/\/www.bellunopress.it\/fr\/wp-json\/wp\/v2\/posts\/124645\/revisions\/124647"}],"wp:featuredmedia":[{"embeddable":true,"href":"https:\/\/www.bellunopress.it\/fr\/wp-json\/wp\/v2\/media\/117436"}],"wp:attachment":[{"href":"https:\/\/www.bellunopress.it\/fr\/wp-json\/wp\/v2\/media?parent=124645"}],"wp:term":[{"taxonomy":"category","embeddable":true,"href":"https:\/\/www.bellunopress.it\/fr\/wp-json\/wp\/v2\/categories?post=124645"},{"taxonomy":"post_tag","embeddable":true,"href":"https:\/\/www.bellunopress.it\/fr\/wp-json\/wp\/v2\/tags?post=124645"}],"curies":[{"name":"wp","href":"https:\/\/api.w.org\/{rel}","templated":true}]}}