{"id":124641,"date":"2021-05-22T09:40:24","date_gmt":"2021-05-22T07:40:24","guid":{"rendered":"https:\/\/www.bellunopress.it\/?p=124641"},"modified":"2021-05-22T13:44:12","modified_gmt":"2021-05-22T11:44:12","slug":"pierina-arrigoni-e-la-nuova-presidente-del-movimento-per-la-vita-cav-mpv-di-belluno","status":"publish","type":"post","link":"https:\/\/www.bellunopress.it\/fr\/2021\/05\/22\/pierina-arrigoni-e-la-nuova-presidente-del-movimento-per-la-vita-cav-mpv-di-belluno\/","title":{"rendered":"Pierina Arrigoni \u00e8 la nuova presidente del Movimento per la vita Cav-Mpv di Belluno"},"content":{"rendered":"<p><a href=\"https:\/\/www.bellunopress.it\/fr\/2021\/05\/22\/pierina-arrigoni-e-la-nuova-presidente-del-movimento-per-la-vita-cav-mpv-di-belluno\/pierina-arrigoni_edited\/\" rel=\"attachment wp-att-124642\"><img loading=\"lazy\" decoding=\"async\" class=\"alignleft size-full wp-image-124642\" src=\"https:\/\/www.bellunopress.it\/wp-content\/uploads\/2021\/05\/Pierina-Arrigoni_edited.jpg\" alt=\"\" width=\"671\" height=\"1000\" srcset=\"https:\/\/www.bellunopress.it\/wp-content\/uploads\/2021\/05\/Pierina-Arrigoni_edited.jpg 671w, https:\/\/www.bellunopress.it\/wp-content\/uploads\/2021\/05\/Pierina-Arrigoni_edited-336x500.jpg 336w, https:\/\/www.bellunopress.it\/wp-content\/uploads\/2021\/05\/Pierina-Arrigoni_edited-282x420.jpg 282w\" sizes=\"auto, (max-width: 671px) 100vw, 671px\" \/><\/a>Pierina Arrigoni, insegnante, residente a Sedico, una lunga e multiforme pratica associativa alle spalle, \u00e8 la nuova presidente del Centro di aiuto alla vita-Movimento per la vita ODV di Belluno.<\/p>\n<p>\u201cIn un periodo in cui il continuo calo delle nascite diventa un grave problema sociale \u2013 cos\u00ec ha commentato la sua elezione &#8211; \u00e8 importante promuovere una cultura che promuova la vita e intraprendere azioni a sostegno delle famiglie, in particolare delle madri e dei figli. Con questa convinzione &#8211; e col proposito di far riconoscere il diritto alla vita dei non nati &#8211; ho accettato l&#8217;incarico di presiedere l&#8217;associazione CAV &#8211; Centro aiuto alla vita -Movimento per la vita di Belluno, che ringrazio per la fiducia accordatami. Continueremo a perseguire tale obbiettivo in collaborazione con i CAV della provincia e della regione e i soggetti pubblici e privati che a vario titolo operano in questa direzione\u201d. \u201cResto a disposizione per l\u2019attivit\u00e0 del Cav a sostegno delle mamme e dei loro bambini\u201d, ha dichiarato nel corso dell\u2019assemblea elettiva la presidente uscente \u2013 dopo molti anni di costante attenzione alle maternit\u00e0 difficili &#8211; Fernanda Olivieri, che nella sua relazione ha sottolineato la fedelt\u00e0 dell\u2019associazione bellunese pro-life, anche nell\u2019emergenza Covid, al suo impegno di solidariet\u00e0 con i nascituri e con le loro madri.<\/p>","protected":false},"excerpt":{"rendered":"<p>Pierina Arrigoni, insegnante, residente a Sedico, una lunga e multiforme pratica associativa alle spalle, \u00e8 la nuova presidente del Centro di aiuto alla vita-Movimento per la vita ODV di Belluno. \u201cIn un periodo in cui il continuo calo delle nascite diventa un grave problema sociale \u2013 cos\u00ec ha commentato la sua elezione &#8211; \u00e8 importante [&hellip;]<\/p>\n","protected":false},"author":2,"featured_media":124642,"comment_status":"closed","ping_status":"open","sticky":false,"template":"","format":"standard","meta":{"footnotes":""},"categories":[8],"tags":[],"class_list":["post-124641","post","type-post","status-publish","format-standard","has-post-thumbnail","category-societa-istituzioni"],"yoast_head":"<!-- This site is optimized with the Yoast SEO plugin v28.4 - https:\/\/yoast.com\/product\/yoast-seo-wordpress\/ -->\n<title>Pierina Arrigoni \u00e8 la nuova presidente del Movimento per la vita Cav-Mpv di Belluno - Bellunopress - Dolomiti<\/title>\n<meta name=\"robots\" content=\"index, follow, max-snippet:-1, max-image-preview:large, max-video-preview:-1\" \/>\n<link rel=\"canonical\" href=\"https:\/\/www.bellunopress.it\/fr\/2021\/05\/22\/pierina-arrigoni-e-la-nuova-presidente-del-movimento-per-la-vita-cav-mpv-di-belluno\/\" \/>\n<meta property=\"og:locale\" content=\"fr_FR\" \/>\n<meta property=\"og:type\" content=\"article\" \/>\n<meta property=\"og:title\" content=\"Pierina Arrigoni \u00e8 la nuova presidente del Movimento per la vita Cav-Mpv di Belluno - Bellunopress - Dolomiti\" \/>\n<meta property=\"og:description\" content=\"Pierina Arrigoni, insegnante, residente a Sedico, una lunga e multiforme pratica associativa alle spalle, \u00e8 la nuova presidente del Centro di aiuto alla vita-Movimento per la vita ODV di Belluno. \u201cIn un periodo in cui il continuo calo delle nascite diventa un grave problema sociale \u2013 cos\u00ec ha commentato la sua elezione &#8211; \u00e8 importante [&hellip;]\" \/>\n<meta property=\"og:url\" content=\"https:\/\/www.bellunopress.it\/fr\/2021\/05\/22\/pierina-arrigoni-e-la-nuova-presidente-del-movimento-per-la-vita-cav-mpv-di-belluno\/\" \/>\n<meta property=\"og:site_name\" content=\"Bellunopress - Dolomiti\" \/>\n<meta property=\"article:publisher\" content=\"https:\/\/www.facebook.com\/profile.php?id=100008943462799\" \/>\n<meta property=\"article:published_time\" content=\"2021-05-22T07:40:24+00:00\" \/>\n<meta property=\"article:modified_time\" content=\"2021-05-22T11:44:12+00:00\" \/>\n<meta property=\"og:image\" content=\"https:\/\/www.bellunopress.it\/wp-content\/uploads\/2021\/05\/Pierina-Arrigoni_edited.jpg\" \/>\n\t<meta property=\"og:image:width\" content=\"671\" \/>\n\t<meta property=\"og:image:height\" content=\"1000\" \/>\n\t<meta property=\"og:image:type\" content=\"image\/jpeg\" \/>\n<meta name=\"author\" content=\"redazione\" \/>\n<meta name=\"twitter:card\" content=\"summary_large_image\" \/>\n<meta name=\"twitter:creator\" content=\"@bellunopress\" \/>\n<meta name=\"twitter:site\" content=\"@bellunopress\" \/>\n<meta name=\"twitter:label1\" content=\"\u00c9crit par\" \/>\n\t<meta name=\"twitter:data1\" content=\"redazione\" \/>\n\t<meta name=\"twitter:label2\" content=\"Dur\u00e9e de lecture estim\u00e9e\" \/>\n\t<meta name=\"twitter:data2\" content=\"2 minutes\" \/>\n<script type=\"application\/ld+json\" class=\"yoast-schema-graph\">{\"@context\":\"https:\\\/\\\/schema.org\",\"@graph\":[{\"@type\":\"Article\",\"@id\":\"https:\\\/\\\/www.bellunopress.it\\\/2021\\\/05\\\/22\\\/pierina-arrigoni-e-la-nuova-presidente-del-movimento-per-la-vita-cav-mpv-di-belluno\\\/#article\",\"isPartOf\":{\"@id\":\"https:\\\/\\\/www.bellunopress.it\\\/2021\\\/05\\\/22\\\/pierina-arrigoni-e-la-nuova-presidente-del-movimento-per-la-vita-cav-mpv-di-belluno\\\/\"},\"author\":{\"name\":\"redazione\",\"@id\":\"https:\\\/\\\/www.bellunopress.it\\\/#\\\/schema\\\/person\\\/79bb06722b37ece1c03d3e94beb30d73\"},\"headline\":\"Pierina Arrigoni \u00e8 la nuova presidente del Movimento per la vita Cav-Mpv di Belluno\",\"datePublished\":\"2021-05-22T07:40:24+00:00\",\"dateModified\":\"2021-05-22T11:44:12+00:00\",\"mainEntityOfPage\":{\"@id\":\"https:\\\/\\\/www.bellunopress.it\\\/2021\\\/05\\\/22\\\/pierina-arrigoni-e-la-nuova-presidente-del-movimento-per-la-vita-cav-mpv-di-belluno\\\/\"},\"wordCount\":226,\"publisher\":{\"@id\":\"https:\\\/\\\/www.bellunopress.it\\\/#organization\"},\"image\":{\"@id\":\"https:\\\/\\\/www.bellunopress.it\\\/2021\\\/05\\\/22\\\/pierina-arrigoni-e-la-nuova-presidente-del-movimento-per-la-vita-cav-mpv-di-belluno\\\/#primaryimage\"},\"thumbnailUrl\":\"https:\\\/\\\/www.bellunopress.it\\\/wp-content\\\/uploads\\\/2021\\\/05\\\/Pierina-Arrigoni_edited.jpg\",\"articleSection\":[\"Societ\u00e0, Associazioni, Istituzioni\"],\"inLanguage\":\"fr-FR\"},{\"@type\":\"WebPage\",\"@id\":\"https:\\\/\\\/www.bellunopress.it\\\/2021\\\/05\\\/22\\\/pierina-arrigoni-e-la-nuova-presidente-del-movimento-per-la-vita-cav-mpv-di-belluno\\\/\",\"url\":\"https:\\\/\\\/www.bellunopress.it\\\/2021\\\/05\\\/22\\\/pierina-arrigoni-e-la-nuova-presidente-del-movimento-per-la-vita-cav-mpv-di-belluno\\\/\",\"name\":\"Pierina Arrigoni \u00e8 la nuova presidente del Movimento per la vita Cav-Mpv di Belluno - Bellunopress - Dolomiti\",\"isPartOf\":{\"@id\":\"https:\\\/\\\/www.bellunopress.it\\\/#website\"},\"primaryImageOfPage\":{\"@id\":\"https:\\\/\\\/www.bellunopress.it\\\/2021\\\/05\\\/22\\\/pierina-arrigoni-e-la-nuova-presidente-del-movimento-per-la-vita-cav-mpv-di-belluno\\\/#primaryimage\"},\"image\":{\"@id\":\"https:\\\/\\\/www.bellunopress.it\\\/2021\\\/05\\\/22\\\/pierina-arrigoni-e-la-nuova-presidente-del-movimento-per-la-vita-cav-mpv-di-belluno\\\/#primaryimage\"},\"thumbnailUrl\":\"https:\\\/\\\/www.bellunopress.it\\\/wp-content\\\/uploads\\\/2021\\\/05\\\/Pierina-Arrigoni_edited.jpg\",\"datePublished\":\"2021-05-22T07:40:24+00:00\",\"dateModified\":\"2021-05-22T11:44:12+00:00\",\"breadcrumb\":{\"@id\":\"https:\\\/\\\/www.bellunopress.it\\\/2021\\\/05\\\/22\\\/pierina-arrigoni-e-la-nuova-presidente-del-movimento-per-la-vita-cav-mpv-di-belluno\\\/#breadcrumb\"},\"inLanguage\":\"fr-FR\",\"potentialAction\":[{\"@type\":\"ReadAction\",\"target\":[\"https:\\\/\\\/www.bellunopress.it\\\/2021\\\/05\\\/22\\\/pierina-arrigoni-e-la-nuova-presidente-del-movimento-per-la-vita-cav-mpv-di-belluno\\\/\"]}]},{\"@type\":\"ImageObject\",\"inLanguage\":\"fr-FR\",\"@id\":\"https:\\\/\\\/www.bellunopress.it\\\/2021\\\/05\\\/22\\\/pierina-arrigoni-e-la-nuova-presidente-del-movimento-per-la-vita-cav-mpv-di-belluno\\\/#primaryimage\",\"url\":\"https:\\\/\\\/www.bellunopress.it\\\/wp-content\\\/uploads\\\/2021\\\/05\\\/Pierina-Arrigoni_edited.jpg\",\"contentUrl\":\"https:\\\/\\\/www.bellunopress.it\\\/wp-content\\\/uploads\\\/2021\\\/05\\\/Pierina-Arrigoni_edited.jpg\",\"width\":671,\"height\":1000},{\"@type\":\"BreadcrumbList\",\"@id\":\"https:\\\/\\\/www.bellunopress.it\\\/2021\\\/05\\\/22\\\/pierina-arrigoni-e-la-nuova-presidente-del-movimento-per-la-vita-cav-mpv-di-belluno\\\/#breadcrumb\",\"itemListElement\":[{\"@type\":\"ListItem\",\"position\":1,\"name\":\"Home\",\"item\":\"https:\\\/\\\/www.bellunopress.it\\\/\"},{\"@type\":\"ListItem\",\"position\":2,\"name\":\"Pierina Arrigoni \u00e8 la nuova presidente del Movimento per la vita Cav-Mpv di Belluno\"}]},{\"@type\":\"WebSite\",\"@id\":\"https:\\\/\\\/www.bellunopress.it\\\/#website\",\"url\":\"https:\\\/\\\/www.bellunopress.it\\\/\",\"name\":\"Bellunopress - Dolomiti\",\"description\":\"e-mail: redazione@bellunopress.it\",\"publisher\":{\"@id\":\"https:\\\/\\\/www.bellunopress.it\\\/#organization\"},\"potentialAction\":[{\"@type\":\"SearchAction\",\"target\":{\"@type\":\"EntryPoint\",\"urlTemplate\":\"https:\\\/\\\/www.bellunopress.it\\\/?s={search_term_string}\"},\"query-input\":{\"@type\":\"PropertyValueSpecification\",\"valueRequired\":true,\"valueName\":\"search_term_string\"}}],\"inLanguage\":\"fr-FR\"},{\"@type\":\"Organization\",\"@id\":\"https:\\\/\\\/www.bellunopress.it\\\/#organization\",\"name\":\"Bellunopress\",\"url\":\"https:\\\/\\\/www.bellunopress.it\\\/\",\"logo\":{\"@type\":\"ImageObject\",\"inLanguage\":\"fr-FR\",\"@id\":\"https:\\\/\\\/www.bellunopress.it\\\/#\\\/schema\\\/logo\\\/image\\\/\",\"url\":\"https:\\\/\\\/www.bellunopress.it\\\/wp-content\\\/uploads\\\/2011\\\/05\\\/cropped-logo-bellunopress-.jpg\",\"contentUrl\":\"https:\\\/\\\/www.bellunopress.it\\\/wp-content\\\/uploads\\\/2011\\\/05\\\/cropped-logo-bellunopress-.jpg\",\"width\":512,\"height\":512,\"caption\":\"Bellunopress\"},\"image\":{\"@id\":\"https:\\\/\\\/www.bellunopress.it\\\/#\\\/schema\\\/logo\\\/image\\\/\"},\"sameAs\":[\"https:\\\/\\\/www.facebook.com\\\/profile.php?id=100008943462799\",\"https:\\\/\\\/x.com\\\/bellunopress\",\"https:\\\/\\\/www.linkedin.com\\\/hp\\\/?dnr=JBzUWaJfMUw8vbXJJ2tVW5-I3jZKvC4wsoxE&amp;amp;amp;amp;amp;amp;trk=nav_responsive_tab_home\",\"https:\\\/\\\/www.youtube.com\\\/channel\\\/UCxL0wu1uN0_3_7hGG0306cw\"]},{\"@type\":\"Person\",\"@id\":\"https:\\\/\\\/www.bellunopress.it\\\/#\\\/schema\\\/person\\\/79bb06722b37ece1c03d3e94beb30d73\",\"name\":\"redazione\",\"image\":{\"@type\":\"ImageObject\",\"inLanguage\":\"fr-FR\",\"@id\":\"https:\\\/\\\/secure.gravatar.com\\\/avatar\\\/37d968a2e67a6fd04c169c4bdef102d0bc5d31b2546345219e348575eb80e9a0?s=96&d=mm&r=g\",\"url\":\"https:\\\/\\\/secure.gravatar.com\\\/avatar\\\/37d968a2e67a6fd04c169c4bdef102d0bc5d31b2546345219e348575eb80e9a0?s=96&d=mm&r=g\",\"contentUrl\":\"https:\\\/\\\/secure.gravatar.com\\\/avatar\\\/37d968a2e67a6fd04c169c4bdef102d0bc5d31b2546345219e348575eb80e9a0?s=96&d=mm&r=g\",\"caption\":\"redazione\"},\"sameAs\":[\"http:\\\/\\\/www.bellunopress.it\",\"https:\\\/\\\/x.com\\\/bellunopress\"],\"url\":\"https:\\\/\\\/www.bellunopress.it\\\/fr\\\/author\\\/redazione\\\/\"}]}<\/script>\n<!-- \/ Yoast SEO plugin. -->","yoast_head_json":{"title":"Pierina Arrigoni \u00e8 la nuova presidente del Movimento per la vita Cav-Mpv di Belluno - Bellunopress - Dolomiti","robots":{"index":"index","follow":"follow","max-snippet":"max-snippet:-1","max-image-preview":"max-image-preview:large","max-video-preview":"max-video-preview:-1"},"canonical":"https:\/\/www.bellunopress.it\/fr\/2021\/05\/22\/pierina-arrigoni-e-la-nuova-presidente-del-movimento-per-la-vita-cav-mpv-di-belluno\/","og_locale":"fr_FR","og_type":"article","og_title":"Pierina Arrigoni \u00e8 la nuova presidente del Movimento per la vita Cav-Mpv di Belluno - Bellunopress - Dolomiti","og_description":"Pierina Arrigoni, insegnante, residente a Sedico, una lunga e multiforme pratica associativa alle spalle, \u00e8 la nuova presidente del Centro di aiuto alla vita-Movimento per la vita ODV di Belluno. \u201cIn un periodo in cui il continuo calo delle nascite diventa un grave problema sociale \u2013 cos\u00ec ha commentato la sua elezione &#8211; \u00e8 importante [&hellip;]","og_url":"https:\/\/www.bellunopress.it\/fr\/2021\/05\/22\/pierina-arrigoni-e-la-nuova-presidente-del-movimento-per-la-vita-cav-mpv-di-belluno\/","og_site_name":"Bellunopress - Dolomiti","article_publisher":"https:\/\/www.facebook.com\/profile.php?id=100008943462799","article_published_time":"2021-05-22T07:40:24+00:00","article_modified_time":"2021-05-22T11:44:12+00:00","og_image":[{"width":671,"height":1000,"url":"https:\/\/www.bellunopress.it\/wp-content\/uploads\/2021\/05\/Pierina-Arrigoni_edited.jpg","type":"image\/jpeg"}],"author":"redazione","twitter_card":"summary_large_image","twitter_creator":"@bellunopress","twitter_site":"@bellunopress","twitter_misc":{"\u00c9crit par":"redazione","Dur\u00e9e de lecture estim\u00e9e":"2 minutes"},"schema":{"@context":"https:\/\/schema.org","@graph":[{"@type":"Article","@id":"https:\/\/www.bellunopress.it\/2021\/05\/22\/pierina-arrigoni-e-la-nuova-presidente-del-movimento-per-la-vita-cav-mpv-di-belluno\/#article","isPartOf":{"@id":"https:\/\/www.bellunopress.it\/2021\/05\/22\/pierina-arrigoni-e-la-nuova-presidente-del-movimento-per-la-vita-cav-mpv-di-belluno\/"},"author":{"name":"redazione","@id":"https:\/\/www.bellunopress.it\/#\/schema\/person\/79bb06722b37ece1c03d3e94beb30d73"},"headline":"Pierina Arrigoni \u00e8 la nuova presidente del Movimento per la vita Cav-Mpv di Belluno","datePublished":"2021-05-22T07:40:24+00:00","dateModified":"2021-05-22T11:44:12+00:00","mainEntityOfPage":{"@id":"https:\/\/www.bellunopress.it\/2021\/05\/22\/pierina-arrigoni-e-la-nuova-presidente-del-movimento-per-la-vita-cav-mpv-di-belluno\/"},"wordCount":226,"publisher":{"@id":"https:\/\/www.bellunopress.it\/#organization"},"image":{"@id":"https:\/\/www.bellunopress.it\/2021\/05\/22\/pierina-arrigoni-e-la-nuova-presidente-del-movimento-per-la-vita-cav-mpv-di-belluno\/#primaryimage"},"thumbnailUrl":"https:\/\/www.bellunopress.it\/wp-content\/uploads\/2021\/05\/Pierina-Arrigoni_edited.jpg","articleSection":["Societ\u00e0, Associazioni, Istituzioni"],"inLanguage":"fr-FR"},{"@type":"WebPage","@id":"https:\/\/www.bellunopress.it\/2021\/05\/22\/pierina-arrigoni-e-la-nuova-presidente-del-movimento-per-la-vita-cav-mpv-di-belluno\/","url":"https:\/\/www.bellunopress.it\/2021\/05\/22\/pierina-arrigoni-e-la-nuova-presidente-del-movimento-per-la-vita-cav-mpv-di-belluno\/","name":"Pierina Arrigoni \u00e8 la nuova presidente del Movimento per la vita Cav-Mpv di Belluno - Bellunopress - Dolomiti","isPartOf":{"@id":"https:\/\/www.bellunopress.it\/#website"},"primaryImageOfPage":{"@id":"https:\/\/www.bellunopress.it\/2021\/05\/22\/pierina-arrigoni-e-la-nuova-presidente-del-movimento-per-la-vita-cav-mpv-di-belluno\/#primaryimage"},"image":{"@id":"https:\/\/www.bellunopress.it\/2021\/05\/22\/pierina-arrigoni-e-la-nuova-presidente-del-movimento-per-la-vita-cav-mpv-di-belluno\/#primaryimage"},"thumbnailUrl":"https:\/\/www.bellunopress.it\/wp-content\/uploads\/2021\/05\/Pierina-Arrigoni_edited.jpg","datePublished":"2021-05-22T07:40:24+00:00","dateModified":"2021-05-22T11:44:12+00:00","breadcrumb":{"@id":"https:\/\/www.bellunopress.it\/2021\/05\/22\/pierina-arrigoni-e-la-nuova-presidente-del-movimento-per-la-vita-cav-mpv-di-belluno\/#breadcrumb"},"inLanguage":"fr-FR","potentialAction":[{"@type":"ReadAction","target":["https:\/\/www.bellunopress.it\/2021\/05\/22\/pierina-arrigoni-e-la-nuova-presidente-del-movimento-per-la-vita-cav-mpv-di-belluno\/"]}]},{"@type":"ImageObject","inLanguage":"fr-FR","@id":"https:\/\/www.bellunopress.it\/2021\/05\/22\/pierina-arrigoni-e-la-nuova-presidente-del-movimento-per-la-vita-cav-mpv-di-belluno\/#primaryimage","url":"https:\/\/www.bellunopress.it\/wp-content\/uploads\/2021\/05\/Pierina-Arrigoni_edited.jpg","contentUrl":"https:\/\/www.bellunopress.it\/wp-content\/uploads\/2021\/05\/Pierina-Arrigoni_edited.jpg","width":671,"height":1000},{"@type":"BreadcrumbList","@id":"https:\/\/www.bellunopress.it\/2021\/05\/22\/pierina-arrigoni-e-la-nuova-presidente-del-movimento-per-la-vita-cav-mpv-di-belluno\/#breadcrumb","itemListElement":[{"@type":"ListItem","position":1,"name":"Home","item":"https:\/\/www.bellunopress.it\/"},{"@type":"ListItem","position":2,"name":"Pierina Arrigoni \u00e8 la nuova presidente del Movimento per la vita Cav-Mpv di Belluno"}]},{"@type":"WebSite","@id":"https:\/\/www.bellunopress.it\/#website","url":"https:\/\/www.bellunopress.it\/","name":"Bellunopress - Dolomiti","description":"e-mail: redazione@bellunopress.it","publisher":{"@id":"https:\/\/www.bellunopress.it\/#organization"},"potentialAction":[{"@type":"SearchAction","target":{"@type":"EntryPoint","urlTemplate":"https:\/\/www.bellunopress.it\/?s={search_term_string}"},"query-input":{"@type":"PropertyValueSpecification","valueRequired":true,"valueName":"search_term_string"}}],"inLanguage":"fr-FR"},{"@type":"Organization","@id":"https:\/\/www.bellunopress.it\/#organization","name":"Bellunopress","url":"https:\/\/www.bellunopress.it\/","logo":{"@type":"ImageObject","inLanguage":"fr-FR","@id":"https:\/\/www.bellunopress.it\/#\/schema\/logo\/image\/","url":"https:\/\/www.bellunopress.it\/wp-content\/uploads\/2011\/05\/cropped-logo-bellunopress-.jpg","contentUrl":"https:\/\/www.bellunopress.it\/wp-content\/uploads\/2011\/05\/cropped-logo-bellunopress-.jpg","width":512,"height":512,"caption":"Bellunopress"},"image":{"@id":"https:\/\/www.bellunopress.it\/#\/schema\/logo\/image\/"},"sameAs":["https:\/\/www.facebook.com\/profile.php?id=100008943462799","https:\/\/x.com\/bellunopress","https:\/\/www.linkedin.com\/hp\/?dnr=JBzUWaJfMUw8vbXJJ2tVW5-I3jZKvC4wsoxE&amp;amp;amp;amp;amp;amp;trk=nav_responsive_tab_home","https:\/\/www.youtube.com\/channel\/UCxL0wu1uN0_3_7hGG0306cw"]},{"@type":"Person","@id":"https:\/\/www.bellunopress.it\/#\/schema\/person\/79bb06722b37ece1c03d3e94beb30d73","name":"r\u00e9daction","image":{"@type":"ImageObject","inLanguage":"fr-FR","@id":"https:\/\/secure.gravatar.com\/avatar\/37d968a2e67a6fd04c169c4bdef102d0bc5d31b2546345219e348575eb80e9a0?s=96&d=mm&r=g","url":"https:\/\/secure.gravatar.com\/avatar\/37d968a2e67a6fd04c169c4bdef102d0bc5d31b2546345219e348575eb80e9a0?s=96&d=mm&r=g","contentUrl":"https:\/\/secure.gravatar.com\/avatar\/37d968a2e67a6fd04c169c4bdef102d0bc5d31b2546345219e348575eb80e9a0?s=96&d=mm&r=g","caption":"redazione"},"sameAs":["http:\/\/www.bellunopress.it","https:\/\/x.com\/bellunopress"],"url":"https:\/\/www.bellunopress.it\/fr\/author\/redazione\/"}]}},"_links":{"self":[{"href":"https:\/\/www.bellunopress.it\/fr\/wp-json\/wp\/v2\/posts\/124641","targetHints":{"allow":["GET"]}}],"collection":[{"href":"https:\/\/www.bellunopress.it\/fr\/wp-json\/wp\/v2\/posts"}],"about":[{"href":"https:\/\/www.bellunopress.it\/fr\/wp-json\/wp\/v2\/types\/post"}],"author":[{"embeddable":true,"href":"https:\/\/www.bellunopress.it\/fr\/wp-json\/wp\/v2\/users\/2"}],"replies":[{"embeddable":true,"href":"https:\/\/www.bellunopress.it\/fr\/wp-json\/wp\/v2\/comments?post=124641"}],"version-history":[{"count":2,"href":"https:\/\/www.bellunopress.it\/fr\/wp-json\/wp\/v2\/posts\/124641\/revisions"}],"predecessor-version":[{"id":124644,"href":"https:\/\/www.bellunopress.it\/fr\/wp-json\/wp\/v2\/posts\/124641\/revisions\/124644"}],"wp:featuredmedia":[{"embeddable":true,"href":"https:\/\/www.bellunopress.it\/fr\/wp-json\/wp\/v2\/media\/124642"}],"wp:attachment":[{"href":"https:\/\/www.bellunopress.it\/fr\/wp-json\/wp\/v2\/media?parent=124641"}],"wp:term":[{"taxonomy":"category","embeddable":true,"href":"https:\/\/www.bellunopress.it\/fr\/wp-json\/wp\/v2\/categories?post=124641"},{"taxonomy":"post_tag","embeddable":true,"href":"https:\/\/www.bellunopress.it\/fr\/wp-json\/wp\/v2\/tags?post=124641"}],"curies":[{"name":"wp","href":"https:\/\/api.w.org\/{rel}","templated":true}]}}