{"id":124633,"date":"2021-05-22T10:00:46","date_gmt":"2021-05-22T08:00:46","guid":{"rendered":"https:\/\/www.bellunopress.it\/?p=124633"},"modified":"2021-05-22T10:00:48","modified_gmt":"2021-05-22T08:00:48","slug":"tratta-ferroviaria-belluno-venezia-troppe-fermate-intermedie-interrogazione-della-consigliera-regionale-elena-ostanel","status":"publish","type":"post","link":"https:\/\/www.bellunopress.it\/fr\/2021\/05\/22\/tratta-ferroviaria-belluno-venezia-troppe-fermate-intermedie-interrogazione-della-consigliera-regionale-elena-ostanel\/","title":{"rendered":"Tratta ferroviaria Belluno-Venezia: troppe fermate intermedie. Interrogazione della consigliera regionale Elena Ostanel"},"content":{"rendered":"<figure id=\"attachment_124634\" aria-describedby=\"caption-attachment-124634\" style=\"width: 980px\" class=\"wp-caption alignleft\"><a href=\"https:\/\/www.bellunopress.it\/fr\/2021\/05\/22\/tratta-ferroviaria-belluno-venezia-troppe-fermate-intermedie-interrogazione-della-consigliera-regionale-elena-ostanel\/elena-ostanel_edited\/\" rel=\"attachment wp-att-124634\"><img loading=\"lazy\" decoding=\"async\" class=\"size-full wp-image-124634\" src=\"https:\/\/www.bellunopress.it\/wp-content\/uploads\/2021\/05\/Elena-Ostanel_edited.jpg\" alt=\"\" width=\"980\" height=\"980\" srcset=\"https:\/\/www.bellunopress.it\/wp-content\/uploads\/2021\/05\/Elena-Ostanel_edited.jpg 980w, https:\/\/www.bellunopress.it\/wp-content\/uploads\/2021\/05\/Elena-Ostanel_edited-500x500.jpg 500w, https:\/\/www.bellunopress.it\/wp-content\/uploads\/2021\/05\/Elena-Ostanel_edited-300x300.jpg 300w, https:\/\/www.bellunopress.it\/wp-content\/uploads\/2021\/05\/Elena-Ostanel_edited-696x696.jpg 696w, https:\/\/www.bellunopress.it\/wp-content\/uploads\/2021\/05\/Elena-Ostanel_edited-420x420.jpg 420w\" sizes=\"auto, (max-width: 980px) 100vw, 980px\" \/><\/a><figcaption id=\"caption-attachment-124634\" class=\"wp-caption-text\">Elena Ostanel &#8211; Consigliera regionale Veneto che Vogliamo<\/figcaption><\/figure>\n<p>L&#8217;elettrificazione delle linee dell&#8217;asse ferroviario Conegliano-Vittorio Veneto-Belluno \u00e8 certamente una notizia positiva anche per i pendolari bellunesi e vittoriesi . I nuovi orari, che prenderanno il via dal 13 giugno, come anticipato dalla vicepresidente del Veneto con delega ai trasporti Elisa De Berti, prevedono infatti nelle ore di punta l&#8217;eliminazione del cambio treno a Conegliano. I treni tuttavia giunti a Conegliano saranno a servizio di tutte le fermate, anche quelle pi\u00f9 piccole, presenti fino a Venezia. Delle 16 fermate previste tra Belluno e Venezia ben 10 saranno quelle tra Conegliano e la citt\u00e0 lagunare. I tempi di percorrenza si attesteranno quindi ancora intorno alle due o pi\u00f9 ore e i convogli, presumibilmente, saranno particolarmente affollati.<\/p>\n<p>I pendolari che partono da Belluno o da Vittorio Veneto dovrebbero invece almeno poter contare su due corse, una la mattina di andata e una serale di rientro che, saltando le fermate minori, permetterebbe loro di accorciare la durata del viaggio. \u00c8 possibile prevedere questa soluzione a partire gi\u00e0 dal prossimo orario estivo o da quello invernale?<\/p>\n<p>Questo in sintesi il contenuto dell&#8217;interrogazione che la consigliera del Veneto che Vogliamo, Elena Ostanel, ha presentato alla Giunta regionale il 19 maggio. La proposta, non di cos\u00ec difficile realizzazione, dovrebbe essere accolta se si vuole migliorare davvero i collegamenti tra la montagna bellunese, la pianura e il capoluogo lagunare.<\/p>","protected":false},"excerpt":{"rendered":"<p>L&#8217;elettrificazione delle linee dell&#8217;asse ferroviario Conegliano-Vittorio Veneto-Belluno \u00e8 certamente una notizia positiva anche per i pendolari bellunesi e vittoriesi . I nuovi orari, che prenderanno il via dal 13 giugno, come anticipato dalla vicepresidente del Veneto con delega ai trasporti Elisa De Berti, prevedono infatti nelle ore di punta l&#8217;eliminazione del cambio treno a Conegliano. [&hellip;]<\/p>\n","protected":false},"author":2,"featured_media":124634,"comment_status":"closed","ping_status":"open","sticky":false,"template":"","format":"standard","meta":{"footnotes":""},"categories":[5,26],"tags":[],"class_list":["post-124633","post","type-post","status-publish","format-standard","has-post-thumbnail","category-cronaca","category-prima-pagina"],"yoast_head":"<!-- This site is optimized with the Yoast SEO plugin v28.4 - https:\/\/yoast.com\/product\/yoast-seo-wordpress\/ -->\n<title>Tratta ferroviaria Belluno-Venezia: troppe fermate intermedie. Interrogazione della consigliera regionale Elena Ostanel - Bellunopress - Dolomiti<\/title>\n<meta name=\"robots\" content=\"index, follow, max-snippet:-1, max-image-preview:large, max-video-preview:-1\" \/>\n<link rel=\"canonical\" href=\"https:\/\/www.bellunopress.it\/fr\/2021\/05\/22\/tratta-ferroviaria-belluno-venezia-troppe-fermate-intermedie-interrogazione-della-consigliera-regionale-elena-ostanel\/\" \/>\n<meta property=\"og:locale\" content=\"fr_FR\" \/>\n<meta property=\"og:type\" content=\"article\" \/>\n<meta property=\"og:title\" content=\"Tratta ferroviaria Belluno-Venezia: troppe fermate intermedie. Interrogazione della consigliera regionale Elena Ostanel - Bellunopress - Dolomiti\" \/>\n<meta property=\"og:description\" content=\"L&#8217;elettrificazione delle linee dell&#8217;asse ferroviario Conegliano-Vittorio Veneto-Belluno \u00e8 certamente una notizia positiva anche per i pendolari bellunesi e vittoriesi . I nuovi orari, che prenderanno il via dal 13 giugno, come anticipato dalla vicepresidente del Veneto con delega ai trasporti Elisa De Berti, prevedono infatti nelle ore di punta l&#8217;eliminazione del cambio treno a Conegliano. [&hellip;]\" \/>\n<meta property=\"og:url\" content=\"https:\/\/www.bellunopress.it\/fr\/2021\/05\/22\/tratta-ferroviaria-belluno-venezia-troppe-fermate-intermedie-interrogazione-della-consigliera-regionale-elena-ostanel\/\" \/>\n<meta property=\"og:site_name\" content=\"Bellunopress - Dolomiti\" \/>\n<meta property=\"article:publisher\" content=\"https:\/\/www.facebook.com\/profile.php?id=100008943462799\" \/>\n<meta property=\"article:published_time\" content=\"2021-05-22T08:00:46+00:00\" \/>\n<meta property=\"article:modified_time\" content=\"2021-05-22T08:00:48+00:00\" \/>\n<meta property=\"og:image\" content=\"https:\/\/www.bellunopress.it\/wp-content\/uploads\/2021\/05\/Elena-Ostanel_edited.jpg\" \/>\n\t<meta property=\"og:image:width\" content=\"980\" \/>\n\t<meta property=\"og:image:height\" content=\"980\" \/>\n\t<meta property=\"og:image:type\" content=\"image\/jpeg\" \/>\n<meta name=\"author\" content=\"redazione\" \/>\n<meta name=\"twitter:card\" content=\"summary_large_image\" \/>\n<meta name=\"twitter:creator\" content=\"@bellunopress\" \/>\n<meta name=\"twitter:site\" content=\"@bellunopress\" \/>\n<meta name=\"twitter:label1\" content=\"\u00c9crit par\" \/>\n\t<meta name=\"twitter:data1\" content=\"redazione\" \/>\n\t<meta name=\"twitter:label2\" content=\"Dur\u00e9e de lecture estim\u00e9e\" \/>\n\t<meta name=\"twitter:data2\" content=\"2 minutes\" \/>\n<script type=\"application\/ld+json\" class=\"yoast-schema-graph\">{\"@context\":\"https:\\\/\\\/schema.org\",\"@graph\":[{\"@type\":\"Article\",\"@id\":\"https:\\\/\\\/www.bellunopress.it\\\/2021\\\/05\\\/22\\\/tratta-ferroviaria-belluno-venezia-troppe-fermate-intermedie-interrogazione-della-consigliera-regionale-elena-ostanel\\\/#article\",\"isPartOf\":{\"@id\":\"https:\\\/\\\/www.bellunopress.it\\\/2021\\\/05\\\/22\\\/tratta-ferroviaria-belluno-venezia-troppe-fermate-intermedie-interrogazione-della-consigliera-regionale-elena-ostanel\\\/\"},\"author\":{\"name\":\"redazione\",\"@id\":\"https:\\\/\\\/www.bellunopress.it\\\/#\\\/schema\\\/person\\\/79bb06722b37ece1c03d3e94beb30d73\"},\"headline\":\"Tratta ferroviaria Belluno-Venezia: troppe fermate intermedie. Interrogazione della consigliera regionale Elena Ostanel\",\"datePublished\":\"2021-05-22T08:00:46+00:00\",\"dateModified\":\"2021-05-22T08:00:48+00:00\",\"mainEntityOfPage\":{\"@id\":\"https:\\\/\\\/www.bellunopress.it\\\/2021\\\/05\\\/22\\\/tratta-ferroviaria-belluno-venezia-troppe-fermate-intermedie-interrogazione-della-consigliera-regionale-elena-ostanel\\\/\"},\"wordCount\":246,\"publisher\":{\"@id\":\"https:\\\/\\\/www.bellunopress.it\\\/#organization\"},\"image\":{\"@id\":\"https:\\\/\\\/www.bellunopress.it\\\/2021\\\/05\\\/22\\\/tratta-ferroviaria-belluno-venezia-troppe-fermate-intermedie-interrogazione-della-consigliera-regionale-elena-ostanel\\\/#primaryimage\"},\"thumbnailUrl\":\"https:\\\/\\\/www.bellunopress.it\\\/wp-content\\\/uploads\\\/2021\\\/05\\\/Elena-Ostanel_edited.jpg\",\"articleSection\":[\"Cronaca\\\/Politica\",\"Prima Pagina\"],\"inLanguage\":\"fr-FR\"},{\"@type\":\"WebPage\",\"@id\":\"https:\\\/\\\/www.bellunopress.it\\\/2021\\\/05\\\/22\\\/tratta-ferroviaria-belluno-venezia-troppe-fermate-intermedie-interrogazione-della-consigliera-regionale-elena-ostanel\\\/\",\"url\":\"https:\\\/\\\/www.bellunopress.it\\\/2021\\\/05\\\/22\\\/tratta-ferroviaria-belluno-venezia-troppe-fermate-intermedie-interrogazione-della-consigliera-regionale-elena-ostanel\\\/\",\"name\":\"Tratta ferroviaria Belluno-Venezia: troppe fermate intermedie. Interrogazione della consigliera regionale Elena Ostanel - Bellunopress - Dolomiti\",\"isPartOf\":{\"@id\":\"https:\\\/\\\/www.bellunopress.it\\\/#website\"},\"primaryImageOfPage\":{\"@id\":\"https:\\\/\\\/www.bellunopress.it\\\/2021\\\/05\\\/22\\\/tratta-ferroviaria-belluno-venezia-troppe-fermate-intermedie-interrogazione-della-consigliera-regionale-elena-ostanel\\\/#primaryimage\"},\"image\":{\"@id\":\"https:\\\/\\\/www.bellunopress.it\\\/2021\\\/05\\\/22\\\/tratta-ferroviaria-belluno-venezia-troppe-fermate-intermedie-interrogazione-della-consigliera-regionale-elena-ostanel\\\/#primaryimage\"},\"thumbnailUrl\":\"https:\\\/\\\/www.bellunopress.it\\\/wp-content\\\/uploads\\\/2021\\\/05\\\/Elena-Ostanel_edited.jpg\",\"datePublished\":\"2021-05-22T08:00:46+00:00\",\"dateModified\":\"2021-05-22T08:00:48+00:00\",\"breadcrumb\":{\"@id\":\"https:\\\/\\\/www.bellunopress.it\\\/2021\\\/05\\\/22\\\/tratta-ferroviaria-belluno-venezia-troppe-fermate-intermedie-interrogazione-della-consigliera-regionale-elena-ostanel\\\/#breadcrumb\"},\"inLanguage\":\"fr-FR\",\"potentialAction\":[{\"@type\":\"ReadAction\",\"target\":[\"https:\\\/\\\/www.bellunopress.it\\\/2021\\\/05\\\/22\\\/tratta-ferroviaria-belluno-venezia-troppe-fermate-intermedie-interrogazione-della-consigliera-regionale-elena-ostanel\\\/\"]}]},{\"@type\":\"ImageObject\",\"inLanguage\":\"fr-FR\",\"@id\":\"https:\\\/\\\/www.bellunopress.it\\\/2021\\\/05\\\/22\\\/tratta-ferroviaria-belluno-venezia-troppe-fermate-intermedie-interrogazione-della-consigliera-regionale-elena-ostanel\\\/#primaryimage\",\"url\":\"https:\\\/\\\/www.bellunopress.it\\\/wp-content\\\/uploads\\\/2021\\\/05\\\/Elena-Ostanel_edited.jpg\",\"contentUrl\":\"https:\\\/\\\/www.bellunopress.it\\\/wp-content\\\/uploads\\\/2021\\\/05\\\/Elena-Ostanel_edited.jpg\",\"width\":980,\"height\":980,\"caption\":\"Elena Ostanel - Consigliera regionale Veneto che vogliamo\"},{\"@type\":\"BreadcrumbList\",\"@id\":\"https:\\\/\\\/www.bellunopress.it\\\/2021\\\/05\\\/22\\\/tratta-ferroviaria-belluno-venezia-troppe-fermate-intermedie-interrogazione-della-consigliera-regionale-elena-ostanel\\\/#breadcrumb\",\"itemListElement\":[{\"@type\":\"ListItem\",\"position\":1,\"name\":\"Home\",\"item\":\"https:\\\/\\\/www.bellunopress.it\\\/\"},{\"@type\":\"ListItem\",\"position\":2,\"name\":\"Tratta ferroviaria Belluno-Venezia: troppe fermate intermedie. Interrogazione della consigliera regionale Elena Ostanel\"}]},{\"@type\":\"WebSite\",\"@id\":\"https:\\\/\\\/www.bellunopress.it\\\/#website\",\"url\":\"https:\\\/\\\/www.bellunopress.it\\\/\",\"name\":\"Bellunopress - Dolomiti\",\"description\":\"e-mail: redazione@bellunopress.it\",\"publisher\":{\"@id\":\"https:\\\/\\\/www.bellunopress.it\\\/#organization\"},\"potentialAction\":[{\"@type\":\"SearchAction\",\"target\":{\"@type\":\"EntryPoint\",\"urlTemplate\":\"https:\\\/\\\/www.bellunopress.it\\\/?s={search_term_string}\"},\"query-input\":{\"@type\":\"PropertyValueSpecification\",\"valueRequired\":true,\"valueName\":\"search_term_string\"}}],\"inLanguage\":\"fr-FR\"},{\"@type\":\"Organization\",\"@id\":\"https:\\\/\\\/www.bellunopress.it\\\/#organization\",\"name\":\"Bellunopress\",\"url\":\"https:\\\/\\\/www.bellunopress.it\\\/\",\"logo\":{\"@type\":\"ImageObject\",\"inLanguage\":\"fr-FR\",\"@id\":\"https:\\\/\\\/www.bellunopress.it\\\/#\\\/schema\\\/logo\\\/image\\\/\",\"url\":\"https:\\\/\\\/www.bellunopress.it\\\/wp-content\\\/uploads\\\/2011\\\/05\\\/cropped-logo-bellunopress-.jpg\",\"contentUrl\":\"https:\\\/\\\/www.bellunopress.it\\\/wp-content\\\/uploads\\\/2011\\\/05\\\/cropped-logo-bellunopress-.jpg\",\"width\":512,\"height\":512,\"caption\":\"Bellunopress\"},\"image\":{\"@id\":\"https:\\\/\\\/www.bellunopress.it\\\/#\\\/schema\\\/logo\\\/image\\\/\"},\"sameAs\":[\"https:\\\/\\\/www.facebook.com\\\/profile.php?id=100008943462799\",\"https:\\\/\\\/x.com\\\/bellunopress\",\"https:\\\/\\\/www.linkedin.com\\\/hp\\\/?dnr=JBzUWaJfMUw8vbXJJ2tVW5-I3jZKvC4wsoxE&amp;amp;amp;amp;amp;amp;trk=nav_responsive_tab_home\",\"https:\\\/\\\/www.youtube.com\\\/channel\\\/UCxL0wu1uN0_3_7hGG0306cw\"]},{\"@type\":\"Person\",\"@id\":\"https:\\\/\\\/www.bellunopress.it\\\/#\\\/schema\\\/person\\\/79bb06722b37ece1c03d3e94beb30d73\",\"name\":\"redazione\",\"image\":{\"@type\":\"ImageObject\",\"inLanguage\":\"fr-FR\",\"@id\":\"https:\\\/\\\/secure.gravatar.com\\\/avatar\\\/37d968a2e67a6fd04c169c4bdef102d0bc5d31b2546345219e348575eb80e9a0?s=96&d=mm&r=g\",\"url\":\"https:\\\/\\\/secure.gravatar.com\\\/avatar\\\/37d968a2e67a6fd04c169c4bdef102d0bc5d31b2546345219e348575eb80e9a0?s=96&d=mm&r=g\",\"contentUrl\":\"https:\\\/\\\/secure.gravatar.com\\\/avatar\\\/37d968a2e67a6fd04c169c4bdef102d0bc5d31b2546345219e348575eb80e9a0?s=96&d=mm&r=g\",\"caption\":\"redazione\"},\"sameAs\":[\"http:\\\/\\\/www.bellunopress.it\",\"https:\\\/\\\/x.com\\\/bellunopress\"],\"url\":\"https:\\\/\\\/www.bellunopress.it\\\/fr\\\/author\\\/redazione\\\/\"}]}<\/script>\n<!-- \/ Yoast SEO plugin. -->","yoast_head_json":{"title":"Tratta ferroviaria Belluno-Venezia: troppe fermate intermedie. Interrogazione della consigliera regionale Elena Ostanel - Bellunopress - Dolomiti","robots":{"index":"index","follow":"follow","max-snippet":"max-snippet:-1","max-image-preview":"max-image-preview:large","max-video-preview":"max-video-preview:-1"},"canonical":"https:\/\/www.bellunopress.it\/fr\/2021\/05\/22\/tratta-ferroviaria-belluno-venezia-troppe-fermate-intermedie-interrogazione-della-consigliera-regionale-elena-ostanel\/","og_locale":"fr_FR","og_type":"article","og_title":"Tratta ferroviaria Belluno-Venezia: troppe fermate intermedie. Interrogazione della consigliera regionale Elena Ostanel - Bellunopress - Dolomiti","og_description":"L&#8217;elettrificazione delle linee dell&#8217;asse ferroviario Conegliano-Vittorio Veneto-Belluno \u00e8 certamente una notizia positiva anche per i pendolari bellunesi e vittoriesi . I nuovi orari, che prenderanno il via dal 13 giugno, come anticipato dalla vicepresidente del Veneto con delega ai trasporti Elisa De Berti, prevedono infatti nelle ore di punta l&#8217;eliminazione del cambio treno a Conegliano. [&hellip;]","og_url":"https:\/\/www.bellunopress.it\/fr\/2021\/05\/22\/tratta-ferroviaria-belluno-venezia-troppe-fermate-intermedie-interrogazione-della-consigliera-regionale-elena-ostanel\/","og_site_name":"Bellunopress - Dolomiti","article_publisher":"https:\/\/www.facebook.com\/profile.php?id=100008943462799","article_published_time":"2021-05-22T08:00:46+00:00","article_modified_time":"2021-05-22T08:00:48+00:00","og_image":[{"width":980,"height":980,"url":"https:\/\/www.bellunopress.it\/wp-content\/uploads\/2021\/05\/Elena-Ostanel_edited.jpg","type":"image\/jpeg"}],"author":"redazione","twitter_card":"summary_large_image","twitter_creator":"@bellunopress","twitter_site":"@bellunopress","twitter_misc":{"\u00c9crit par":"redazione","Dur\u00e9e de lecture estim\u00e9e":"2 minutes"},"schema":{"@context":"https:\/\/schema.org","@graph":[{"@type":"Article","@id":"https:\/\/www.bellunopress.it\/2021\/05\/22\/tratta-ferroviaria-belluno-venezia-troppe-fermate-intermedie-interrogazione-della-consigliera-regionale-elena-ostanel\/#article","isPartOf":{"@id":"https:\/\/www.bellunopress.it\/2021\/05\/22\/tratta-ferroviaria-belluno-venezia-troppe-fermate-intermedie-interrogazione-della-consigliera-regionale-elena-ostanel\/"},"author":{"name":"redazione","@id":"https:\/\/www.bellunopress.it\/#\/schema\/person\/79bb06722b37ece1c03d3e94beb30d73"},"headline":"Tratta ferroviaria Belluno-Venezia: troppe fermate intermedie. Interrogazione della consigliera regionale Elena Ostanel","datePublished":"2021-05-22T08:00:46+00:00","dateModified":"2021-05-22T08:00:48+00:00","mainEntityOfPage":{"@id":"https:\/\/www.bellunopress.it\/2021\/05\/22\/tratta-ferroviaria-belluno-venezia-troppe-fermate-intermedie-interrogazione-della-consigliera-regionale-elena-ostanel\/"},"wordCount":246,"publisher":{"@id":"https:\/\/www.bellunopress.it\/#organization"},"image":{"@id":"https:\/\/www.bellunopress.it\/2021\/05\/22\/tratta-ferroviaria-belluno-venezia-troppe-fermate-intermedie-interrogazione-della-consigliera-regionale-elena-ostanel\/#primaryimage"},"thumbnailUrl":"https:\/\/www.bellunopress.it\/wp-content\/uploads\/2021\/05\/Elena-Ostanel_edited.jpg","articleSection":["Cronaca\/Politica","Prima Pagina"],"inLanguage":"fr-FR"},{"@type":"WebPage","@id":"https:\/\/www.bellunopress.it\/2021\/05\/22\/tratta-ferroviaria-belluno-venezia-troppe-fermate-intermedie-interrogazione-della-consigliera-regionale-elena-ostanel\/","url":"https:\/\/www.bellunopress.it\/2021\/05\/22\/tratta-ferroviaria-belluno-venezia-troppe-fermate-intermedie-interrogazione-della-consigliera-regionale-elena-ostanel\/","name":"Tratta ferroviaria Belluno-Venezia: troppe fermate intermedie. Interrogazione della consigliera regionale Elena Ostanel - Bellunopress - Dolomiti","isPartOf":{"@id":"https:\/\/www.bellunopress.it\/#website"},"primaryImageOfPage":{"@id":"https:\/\/www.bellunopress.it\/2021\/05\/22\/tratta-ferroviaria-belluno-venezia-troppe-fermate-intermedie-interrogazione-della-consigliera-regionale-elena-ostanel\/#primaryimage"},"image":{"@id":"https:\/\/www.bellunopress.it\/2021\/05\/22\/tratta-ferroviaria-belluno-venezia-troppe-fermate-intermedie-interrogazione-della-consigliera-regionale-elena-ostanel\/#primaryimage"},"thumbnailUrl":"https:\/\/www.bellunopress.it\/wp-content\/uploads\/2021\/05\/Elena-Ostanel_edited.jpg","datePublished":"2021-05-22T08:00:46+00:00","dateModified":"2021-05-22T08:00:48+00:00","breadcrumb":{"@id":"https:\/\/www.bellunopress.it\/2021\/05\/22\/tratta-ferroviaria-belluno-venezia-troppe-fermate-intermedie-interrogazione-della-consigliera-regionale-elena-ostanel\/#breadcrumb"},"inLanguage":"fr-FR","potentialAction":[{"@type":"ReadAction","target":["https:\/\/www.bellunopress.it\/2021\/05\/22\/tratta-ferroviaria-belluno-venezia-troppe-fermate-intermedie-interrogazione-della-consigliera-regionale-elena-ostanel\/"]}]},{"@type":"ImageObject","inLanguage":"fr-FR","@id":"https:\/\/www.bellunopress.it\/2021\/05\/22\/tratta-ferroviaria-belluno-venezia-troppe-fermate-intermedie-interrogazione-della-consigliera-regionale-elena-ostanel\/#primaryimage","url":"https:\/\/www.bellunopress.it\/wp-content\/uploads\/2021\/05\/Elena-Ostanel_edited.jpg","contentUrl":"https:\/\/www.bellunopress.it\/wp-content\/uploads\/2021\/05\/Elena-Ostanel_edited.jpg","width":980,"height":980,"caption":"Elena Ostanel - Consigliera regionale Veneto che vogliamo"},{"@type":"BreadcrumbList","@id":"https:\/\/www.bellunopress.it\/2021\/05\/22\/tratta-ferroviaria-belluno-venezia-troppe-fermate-intermedie-interrogazione-della-consigliera-regionale-elena-ostanel\/#breadcrumb","itemListElement":[{"@type":"ListItem","position":1,"name":"Home","item":"https:\/\/www.bellunopress.it\/"},{"@type":"ListItem","position":2,"name":"Tratta ferroviaria Belluno-Venezia: troppe fermate intermedie. Interrogazione della consigliera regionale Elena Ostanel"}]},{"@type":"WebSite","@id":"https:\/\/www.bellunopress.it\/#website","url":"https:\/\/www.bellunopress.it\/","name":"Bellunopress - Dolomiti","description":"e-mail: redazione@bellunopress.it","publisher":{"@id":"https:\/\/www.bellunopress.it\/#organization"},"potentialAction":[{"@type":"SearchAction","target":{"@type":"EntryPoint","urlTemplate":"https:\/\/www.bellunopress.it\/?s={search_term_string}"},"query-input":{"@type":"PropertyValueSpecification","valueRequired":true,"valueName":"search_term_string"}}],"inLanguage":"fr-FR"},{"@type":"Organization","@id":"https:\/\/www.bellunopress.it\/#organization","name":"Bellunopress","url":"https:\/\/www.bellunopress.it\/","logo":{"@type":"ImageObject","inLanguage":"fr-FR","@id":"https:\/\/www.bellunopress.it\/#\/schema\/logo\/image\/","url":"https:\/\/www.bellunopress.it\/wp-content\/uploads\/2011\/05\/cropped-logo-bellunopress-.jpg","contentUrl":"https:\/\/www.bellunopress.it\/wp-content\/uploads\/2011\/05\/cropped-logo-bellunopress-.jpg","width":512,"height":512,"caption":"Bellunopress"},"image":{"@id":"https:\/\/www.bellunopress.it\/#\/schema\/logo\/image\/"},"sameAs":["https:\/\/www.facebook.com\/profile.php?id=100008943462799","https:\/\/x.com\/bellunopress","https:\/\/www.linkedin.com\/hp\/?dnr=JBzUWaJfMUw8vbXJJ2tVW5-I3jZKvC4wsoxE&amp;amp;amp;amp;amp;amp;trk=nav_responsive_tab_home","https:\/\/www.youtube.com\/channel\/UCxL0wu1uN0_3_7hGG0306cw"]},{"@type":"Person","@id":"https:\/\/www.bellunopress.it\/#\/schema\/person\/79bb06722b37ece1c03d3e94beb30d73","name":"r\u00e9daction","image":{"@type":"ImageObject","inLanguage":"fr-FR","@id":"https:\/\/secure.gravatar.com\/avatar\/37d968a2e67a6fd04c169c4bdef102d0bc5d31b2546345219e348575eb80e9a0?s=96&d=mm&r=g","url":"https:\/\/secure.gravatar.com\/avatar\/37d968a2e67a6fd04c169c4bdef102d0bc5d31b2546345219e348575eb80e9a0?s=96&d=mm&r=g","contentUrl":"https:\/\/secure.gravatar.com\/avatar\/37d968a2e67a6fd04c169c4bdef102d0bc5d31b2546345219e348575eb80e9a0?s=96&d=mm&r=g","caption":"redazione"},"sameAs":["http:\/\/www.bellunopress.it","https:\/\/x.com\/bellunopress"],"url":"https:\/\/www.bellunopress.it\/fr\/author\/redazione\/"}]}},"_links":{"self":[{"href":"https:\/\/www.bellunopress.it\/fr\/wp-json\/wp\/v2\/posts\/124633","targetHints":{"allow":["GET"]}}],"collection":[{"href":"https:\/\/www.bellunopress.it\/fr\/wp-json\/wp\/v2\/posts"}],"about":[{"href":"https:\/\/www.bellunopress.it\/fr\/wp-json\/wp\/v2\/types\/post"}],"author":[{"embeddable":true,"href":"https:\/\/www.bellunopress.it\/fr\/wp-json\/wp\/v2\/users\/2"}],"replies":[{"embeddable":true,"href":"https:\/\/www.bellunopress.it\/fr\/wp-json\/wp\/v2\/comments?post=124633"}],"version-history":[{"count":2,"href":"https:\/\/www.bellunopress.it\/fr\/wp-json\/wp\/v2\/posts\/124633\/revisions"}],"predecessor-version":[{"id":124636,"href":"https:\/\/www.bellunopress.it\/fr\/wp-json\/wp\/v2\/posts\/124633\/revisions\/124636"}],"wp:featuredmedia":[{"embeddable":true,"href":"https:\/\/www.bellunopress.it\/fr\/wp-json\/wp\/v2\/media\/124634"}],"wp:attachment":[{"href":"https:\/\/www.bellunopress.it\/fr\/wp-json\/wp\/v2\/media?parent=124633"}],"wp:term":[{"taxonomy":"category","embeddable":true,"href":"https:\/\/www.bellunopress.it\/fr\/wp-json\/wp\/v2\/categories?post=124633"},{"taxonomy":"post_tag","embeddable":true,"href":"https:\/\/www.bellunopress.it\/fr\/wp-json\/wp\/v2\/tags?post=124633"}],"curies":[{"name":"wp","href":"https:\/\/api.w.org\/{rel}","templated":true}]}}