{"id":124631,"date":"2021-05-21T20:15:16","date_gmt":"2021-05-21T18:15:16","guid":{"rendered":"https:\/\/www.bellunopress.it\/?p=124631"},"modified":"2021-05-21T21:41:18","modified_gmt":"2021-05-21T19:41:18","slug":"cuore-e-ciclismo-la-parola-al-cardiologo-dalle-mule","status":"publish","type":"post","link":"https:\/\/www.bellunopress.it\/fr\/2021\/05\/21\/cuore-e-ciclismo-la-parola-al-cardiologo-dalle-mule\/","title":{"rendered":"Cuore e ciclismo. La parola al cardiologo Dalle Mule"},"content":{"rendered":"<figure id=\"attachment_120037\" aria-describedby=\"caption-attachment-120037\" style=\"width: 800px\" class=\"wp-caption alignleft\"><a href=\"https:\/\/www.bellunopress.it\/fr\/2020\/12\/11\/lospedale-di-cortina-a-supporto-degli-atleti-della-coppa-del-mondo-di-snowboard-sabato-12-dicembre-a-cortina-dampezzo-una-tappa-della-competizione-internazionale\/ospedale-cortina-codivilla-putti_edited\/\" rel=\"attachment wp-att-120037\"><img loading=\"lazy\" decoding=\"async\" class=\"size-full wp-image-120037\" src=\"https:\/\/www.bellunopress.it\/wp-content\/uploads\/2020\/12\/Ospedale-Cortina-Codivilla-Putti_edited.jpg\" alt=\"\" width=\"800\" height=\"531\" srcset=\"https:\/\/www.bellunopress.it\/wp-content\/uploads\/2020\/12\/Ospedale-Cortina-Codivilla-Putti_edited.jpg 800w, https:\/\/www.bellunopress.it\/wp-content\/uploads\/2020\/12\/Ospedale-Cortina-Codivilla-Putti_edited-500x332.jpg 500w, https:\/\/www.bellunopress.it\/wp-content\/uploads\/2020\/12\/Ospedale-Cortina-Codivilla-Putti_edited-696x462.jpg 696w, https:\/\/www.bellunopress.it\/wp-content\/uploads\/2020\/12\/Ospedale-Cortina-Codivilla-Putti_edited-633x420.jpg 633w\" sizes=\"auto, (max-width: 800px) 100vw, 800px\" \/><\/a><figcaption id=\"caption-attachment-120037\" class=\"wp-caption-text\">Ospedale di Cortina d&#8217;Ampezzo<\/figcaption><\/figure>\n<p>Cortina d&#8217;Ampezzo, 21 maggio 2021 \u2013 All&#8217;Ospedale Cortina, Struttura Polispecialistica di GVM Care &amp; Research accreditata con il Servizio Sanitario Nazionale, \u00e8 attivo un ambulatorio cardiologico dedicato ai pazienti con patologie identificate, a chi ha una predisposizione o una familiarit\u00e0 per malattie cardiovascolari ma anche a tutti coloro che desiderano fare prevenzione o monitorare lo stato di salute del proprio cuore e del sistema cardiorespiratorio in vista di prove sportive.<\/p>\n<p>In occasione della tappa numero 16 &#8220;Sacile \u2013 Cortina d&#8217;Ampezzo&#8221; del Giro d&#8217;Italia, con arrivo il 24 maggio proprio nella citt\u00e0 ampezzana, il dottor Jacopo Dalle Mule, specialista in Cardiologia presso l&#8217;Ospedale Cortina, spiega come prendersi cura del proprio cuore quando si pratica ciclismo a livello amatoriale.<\/p>\n<p>&#8220;L&#8217;attivit\u00e0 fisica fa bene e in particolare quella aerobica, come il ciclismo, viene raccomandata dai cardiologi come parte integrante dello stile di vita. Praticare un&#8217;attivit\u00e0 fisica in maniera regolare e costante pu\u00f2 influenzare il profilo di rischio cardiovascolare di ciascun individuo, a prescindere dal livello di rischio cardiovascolare preesistente. Questo si dimostra sia con un effetto benefico diretto (miglioramento della performance generale del sistema cardiovascolare) sia con un meccanismo indiretto di modifica di alcuni tra i principali indicatori di rischio, quali peso corporeo, profilo metabolico (ad es. miglioramento del compenso glicemico), valori di pressione arteriosa. Tuttavia, prima di intraprendere qualsiasi attivit\u00e0 sportiva \u00e8 bene sottoporsi ad una visita specialistica \u2013 spiega il dott. Dalle Mule \u2013. Per quanto riguarda la valutazione dell&#8217;attivit\u00e0 cardiaca, \u00e8 importante delineare la storia clinica del paziente, effettuare un esame fisico, eseguire un Elettrocardiogramma a riposo (ECG) e una prova sotto sforzo. C&#8217;\u00e8 poi il test ergospirometrico, un test da sforzo durante il quale vengono monitorati di continuo i gas inspirati ed espirati, che ci permette di capire qual \u00e8 la capacit\u00e0 di lavoro fisico del paziente, sia a livello cardiaco che respiratorio. In base ai risultati di questi esami si valuta se \u00e8 necessario procedere con un ulteriore approfondimento, tramite ecocardiogramma, TC coronarica o altro, che consente di escludere la presenza di patologie valvolari, del muscolo cardiaco o di placche di aterosclerosi.<\/p>\n<p>\u00c8 possibile raccomandare una corretta attivit\u00e0 sportiva anche a persone cardiopatiche, ma in questi casi \u00e8 necessario valutare la singola condizione clinica del paziente in modo da personalizzare il tipo di attivit\u00e0 sportiva e l&#8217;entit\u00e0 dello sforzo fisico consigliato, mediante approfondimenti diagnostici tra cui ad esempio un ECG dinamico (Holter 24h) e un test da sforzo.\u00a0Inoltre l&#8217;ecocardiografia \u00e8 uno degli esami di preferenza per una valutazione specialistica che aiuta ad inquadrare i soggetti cardiopatici che vogliono intraprendere un&#8217;attivit\u00e0 fisica&#8221;.<\/p>\n<p>&#8220;Ad esempio \u2013 prosegue Dalle Mule \u2013, in caso di aritmie va valutata la tipologia di aritmia e se questa peggiora o migliora nel momento dello sforzo fisico. Nel caso di ipertensione, una delle patologie pi\u00f9 comuni, si deve normalizzare e ben controllare la pressione in condizioni di riposo per evitare una crescita eccessiva sotto sforzo, che pu\u00f2 determinare degli incidenti cardiovascolari. Per i coronaropatici, la seconda categoria di pazienti pi\u00f9 a rischio, va valutata attentamente la risposta dell&#8217;organismo allo sforzo fisico e allo stress aerobico. Infine, per ogni paziente si dovr\u00e0 determinare la frequenza cardiaca target di allenamento (ovvero quella frequenza che \u00e8 bene non superare per non affaticare oltre misura il muscolo cardiaco), che non \u00e8 unica per tutti ma va individualizzata. Chiunque presenti una di queste problematiche pu\u00f2 rivolgersi all&#8217;ambulatorio dell&#8217;Ospedale Cortina per una valutazione specialistica&#8221;.<\/p>\n<p><em>Cosa succede al cuore quando si pedala?<\/em><\/p>\n<p>Quando si fa attivit\u00e0 sportiva aerobica come il ciclismo o lo spinning, i muscoli scheletrici necessitano di un maggior apporto di ossigeno, in particolare i muscoli delle gambe, e quindi il cuore deve fornire una maggiore quantit\u00e0 di sangue per trasportare l&#8217;ossigeno. Come risposta emodinamica si ha un aumento della frequenza cardiaca e della gittata sistolica, ovvero della quantit\u00e0 di sangue che viene espulso ad ogni battito cardiaco da parte del cuore. Per ogni richiesta di aumento di 1 litro di consumo di ossigeno da parte dell&#8217;organismo, la gittata cardiaca deve aumentare di 5 volte (5L al minuto), quindi si tratta di un grosso impegno cardiovascolare.<\/p>\n<p>L&#8217;allenamento, inoltre, determina delle alterazioni cardiache. Nel ciclista, ad esempio, si ha una dilatazione delle cavit\u00e0 cardiache: il cuore deve maneggiare un volume di sangue pi\u00f9 elevato e quindi tende fisiologicamente a dilatarsi. Il cardiologo, tramite test sotto sforzo, esami ecografici o altre indagini pi\u00f9 sofisticate, \u00e8 in grado di capire se questa dilatazione rientra nei limiti della fisiologia, e quindi della risposta normale all&#8217;attivit\u00e0 fisica, oppure se si tratta di qualcosa che sconfina nel patologico.<\/p>\n<p><em>Pedalare ad alta quota, quali sono gli effetti sul corpo?<\/em><\/p>\n<p>Il &#8220;tappone dolomitico&#8221; presenta oltre 5.500 m di dislivello, con tratti che superano i 2.000 metri di altitudine, per giungere a quota 1.225 m all&#8217;arrivo a Cortina d&#8217;Ampezzo.<\/p>\n<p>&#8220;Risulta pi\u00f9 difficile fare attivit\u00e0 sportiva ad alta quota perch\u00e9 la pressione parziale di ossigeno (pO2) \u00e8 tanto pi\u00f9 bassa quanto pi\u00f9 si sale in altitudine \u2013 spiega il cardiologo \u2013. Di conseguenza il trasporto di ossigeno per il nostro organismo \u00e8 pi\u00f9 difficile e le prestazioni dell&#8217;atleta non acclimatato si riducono.<\/p>\n<p>Ricerche hanno dimostrato che, solo in alcuni casi, l&#8217;allenamento ad alta quota, intorno ai 2.000 metri, consente all&#8217;organismo di incrementare la produzione di globuli rossi, con un conseguente aumento della capacit\u00e0 di trasporto di ossigeno da parte del sangue. Dopo un periodo di acclimatamento all&#8217;alta quota di circa una decina di giorni, il soggetto che intraprende l&#8217;allenamento pu\u00f2 riscontrare questo aumento di globuli rossi. Tuttavia, la risposta del corpo, \u00e8 individuale: non tutti i soggetti che si allenano ad alta quota presentano un effettivo miglioramento delle prestazioni quando poi performano a quote medio-basse. Solo una parte degli sportivi risponde positivamente e ha un reale potenziamento delle prestazioni&#8221;.<\/p>\n<p><em>Frequenza cardiaca: come si calcola il valore target per l&#8217;allenamento?<\/em><\/p>\n<p>&#8220;Il parametro che si pu\u00f2 controllare durante l&#8217;allenamento \u00e8 la frequenza cardiaca, misurabile tramite un cardiofrequenzimetro in battiti per minuto (bpm). Nel caso di soggetti sani, la frequenza cardiaca massima a cui lo sportivo pu\u00f2 arrivare si calcola sottraendo a 220 la propria et\u00e0 (220 &#8211; et\u00e0). La frequenza di allenamento per l&#8217;endurance, ovvero per un&#8217;attivit\u00e0 aerobica ottimale nel soggetto sano, si calcola considerando l&#8217;85% del valore della frequenza massima. Per il cardiopatico, invece, la frequenza di allenamento va confermata tramite i vari test (sotto sforzo, ecc.) e la visita con il cardiologo&#8221;.<\/p>","protected":false},"excerpt":{"rendered":"<p>Cortina d&#8217;Ampezzo, 21 maggio 2021 \u2013 All&#8217;Ospedale Cortina, Struttura Polispecialistica di GVM Care &amp; Research accreditata con il Servizio Sanitario Nazionale, \u00e8 attivo un ambulatorio cardiologico dedicato ai pazienti con patologie identificate, a chi ha una predisposizione o una familiarit\u00e0 per malattie cardiovascolari ma anche a tutti coloro che desiderano fare prevenzione o monitorare lo [&hellip;]<\/p>\n","protected":false},"author":2,"featured_media":120037,"comment_status":"closed","ping_status":"open","sticky":false,"template":"","format":"standard","meta":{"footnotes":""},"categories":[3446,26,17,4],"tags":[],"class_list":["post-124631","post","type-post","status-publish","format-standard","has-post-thumbnail","category-featured","category-prima-pagina","category-sanita","category-sport"],"yoast_head":"<!-- This site is optimized with the Yoast SEO plugin v28.4 - https:\/\/yoast.com\/product\/yoast-seo-wordpress\/ -->\n<title>Cuore e ciclismo. La parola al cardiologo Dalle Mule - Bellunopress - Dolomiti<\/title>\n<meta name=\"robots\" content=\"index, follow, max-snippet:-1, max-image-preview:large, max-video-preview:-1\" \/>\n<link rel=\"canonical\" href=\"https:\/\/www.bellunopress.it\/fr\/2021\/05\/21\/cuore-e-ciclismo-la-parola-al-cardiologo-dalle-mule\/\" \/>\n<meta property=\"og:locale\" content=\"fr_FR\" \/>\n<meta property=\"og:type\" content=\"article\" \/>\n<meta property=\"og:title\" content=\"Cuore e ciclismo. La parola al cardiologo Dalle Mule - Bellunopress - Dolomiti\" \/>\n<meta property=\"og:description\" content=\"Cortina d&#8217;Ampezzo, 21 maggio 2021 \u2013 All&#8217;Ospedale Cortina, Struttura Polispecialistica di GVM Care &amp; Research accreditata con il Servizio Sanitario Nazionale, \u00e8 attivo un ambulatorio cardiologico dedicato ai pazienti con patologie identificate, a chi ha una predisposizione o una familiarit\u00e0 per malattie cardiovascolari ma anche a tutti coloro che desiderano fare prevenzione o monitorare lo [&hellip;]\" \/>\n<meta property=\"og:url\" content=\"https:\/\/www.bellunopress.it\/fr\/2021\/05\/21\/cuore-e-ciclismo-la-parola-al-cardiologo-dalle-mule\/\" \/>\n<meta property=\"og:site_name\" content=\"Bellunopress - Dolomiti\" \/>\n<meta property=\"article:publisher\" content=\"https:\/\/www.facebook.com\/profile.php?id=100008943462799\" \/>\n<meta property=\"article:published_time\" content=\"2021-05-21T18:15:16+00:00\" \/>\n<meta property=\"article:modified_time\" content=\"2021-05-21T19:41:18+00:00\" \/>\n<meta property=\"og:image\" content=\"https:\/\/www.bellunopress.it\/wp-content\/uploads\/2020\/12\/Ospedale-Cortina-Codivilla-Putti_edited.jpg\" \/>\n\t<meta property=\"og:image:width\" content=\"800\" \/>\n\t<meta property=\"og:image:height\" content=\"531\" \/>\n\t<meta property=\"og:image:type\" content=\"image\/jpeg\" \/>\n<meta name=\"author\" content=\"redazione\" \/>\n<meta name=\"twitter:card\" content=\"summary_large_image\" \/>\n<meta name=\"twitter:creator\" content=\"@bellunopress\" \/>\n<meta name=\"twitter:site\" content=\"@bellunopress\" \/>\n<meta name=\"twitter:label1\" content=\"\u00c9crit par\" \/>\n\t<meta name=\"twitter:data1\" content=\"redazione\" \/>\n\t<meta name=\"twitter:label2\" content=\"Dur\u00e9e de lecture estim\u00e9e\" \/>\n\t<meta name=\"twitter:data2\" content=\"5 minutes\" \/>\n<script type=\"application\/ld+json\" class=\"yoast-schema-graph\">{\"@context\":\"https:\\\/\\\/schema.org\",\"@graph\":[{\"@type\":\"Article\",\"@id\":\"https:\\\/\\\/www.bellunopress.it\\\/2021\\\/05\\\/21\\\/cuore-e-ciclismo-la-parola-al-cardiologo-dalle-mule\\\/#article\",\"isPartOf\":{\"@id\":\"https:\\\/\\\/www.bellunopress.it\\\/2021\\\/05\\\/21\\\/cuore-e-ciclismo-la-parola-al-cardiologo-dalle-mule\\\/\"},\"author\":{\"name\":\"redazione\",\"@id\":\"https:\\\/\\\/www.bellunopress.it\\\/#\\\/schema\\\/person\\\/79bb06722b37ece1c03d3e94beb30d73\"},\"headline\":\"Cuore e ciclismo. La parola al cardiologo Dalle Mule\",\"datePublished\":\"2021-05-21T18:15:16+00:00\",\"dateModified\":\"2021-05-21T19:41:18+00:00\",\"mainEntityOfPage\":{\"@id\":\"https:\\\/\\\/www.bellunopress.it\\\/2021\\\/05\\\/21\\\/cuore-e-ciclismo-la-parola-al-cardiologo-dalle-mule\\\/\"},\"wordCount\":1067,\"publisher\":{\"@id\":\"https:\\\/\\\/www.bellunopress.it\\\/#organization\"},\"image\":{\"@id\":\"https:\\\/\\\/www.bellunopress.it\\\/2021\\\/05\\\/21\\\/cuore-e-ciclismo-la-parola-al-cardiologo-dalle-mule\\\/#primaryimage\"},\"thumbnailUrl\":\"https:\\\/\\\/www.bellunopress.it\\\/wp-content\\\/uploads\\\/2020\\\/12\\\/Ospedale-Cortina-Codivilla-Putti_edited.jpg\",\"articleSection\":[\"Featured\",\"Prima Pagina\",\"Sanit\u00e0 Medicina\",\"Sport, tempo libero\"],\"inLanguage\":\"fr-FR\"},{\"@type\":\"WebPage\",\"@id\":\"https:\\\/\\\/www.bellunopress.it\\\/2021\\\/05\\\/21\\\/cuore-e-ciclismo-la-parola-al-cardiologo-dalle-mule\\\/\",\"url\":\"https:\\\/\\\/www.bellunopress.it\\\/2021\\\/05\\\/21\\\/cuore-e-ciclismo-la-parola-al-cardiologo-dalle-mule\\\/\",\"name\":\"Cuore e ciclismo. La parola al cardiologo Dalle Mule - Bellunopress - Dolomiti\",\"isPartOf\":{\"@id\":\"https:\\\/\\\/www.bellunopress.it\\\/#website\"},\"primaryImageOfPage\":{\"@id\":\"https:\\\/\\\/www.bellunopress.it\\\/2021\\\/05\\\/21\\\/cuore-e-ciclismo-la-parola-al-cardiologo-dalle-mule\\\/#primaryimage\"},\"image\":{\"@id\":\"https:\\\/\\\/www.bellunopress.it\\\/2021\\\/05\\\/21\\\/cuore-e-ciclismo-la-parola-al-cardiologo-dalle-mule\\\/#primaryimage\"},\"thumbnailUrl\":\"https:\\\/\\\/www.bellunopress.it\\\/wp-content\\\/uploads\\\/2020\\\/12\\\/Ospedale-Cortina-Codivilla-Putti_edited.jpg\",\"datePublished\":\"2021-05-21T18:15:16+00:00\",\"dateModified\":\"2021-05-21T19:41:18+00:00\",\"breadcrumb\":{\"@id\":\"https:\\\/\\\/www.bellunopress.it\\\/2021\\\/05\\\/21\\\/cuore-e-ciclismo-la-parola-al-cardiologo-dalle-mule\\\/#breadcrumb\"},\"inLanguage\":\"fr-FR\",\"potentialAction\":[{\"@type\":\"ReadAction\",\"target\":[\"https:\\\/\\\/www.bellunopress.it\\\/2021\\\/05\\\/21\\\/cuore-e-ciclismo-la-parola-al-cardiologo-dalle-mule\\\/\"]}]},{\"@type\":\"ImageObject\",\"inLanguage\":\"fr-FR\",\"@id\":\"https:\\\/\\\/www.bellunopress.it\\\/2021\\\/05\\\/21\\\/cuore-e-ciclismo-la-parola-al-cardiologo-dalle-mule\\\/#primaryimage\",\"url\":\"https:\\\/\\\/www.bellunopress.it\\\/wp-content\\\/uploads\\\/2020\\\/12\\\/Ospedale-Cortina-Codivilla-Putti_edited.jpg\",\"contentUrl\":\"https:\\\/\\\/www.bellunopress.it\\\/wp-content\\\/uploads\\\/2020\\\/12\\\/Ospedale-Cortina-Codivilla-Putti_edited.jpg\",\"width\":800,\"height\":531,\"caption\":\"Ospedale di Cortina d'Ampezzo\"},{\"@type\":\"BreadcrumbList\",\"@id\":\"https:\\\/\\\/www.bellunopress.it\\\/2021\\\/05\\\/21\\\/cuore-e-ciclismo-la-parola-al-cardiologo-dalle-mule\\\/#breadcrumb\",\"itemListElement\":[{\"@type\":\"ListItem\",\"position\":1,\"name\":\"Home\",\"item\":\"https:\\\/\\\/www.bellunopress.it\\\/\"},{\"@type\":\"ListItem\",\"position\":2,\"name\":\"Cuore e ciclismo. La parola al cardiologo Dalle Mule\"}]},{\"@type\":\"WebSite\",\"@id\":\"https:\\\/\\\/www.bellunopress.it\\\/#website\",\"url\":\"https:\\\/\\\/www.bellunopress.it\\\/\",\"name\":\"Bellunopress - Dolomiti\",\"description\":\"e-mail: redazione@bellunopress.it\",\"publisher\":{\"@id\":\"https:\\\/\\\/www.bellunopress.it\\\/#organization\"},\"potentialAction\":[{\"@type\":\"SearchAction\",\"target\":{\"@type\":\"EntryPoint\",\"urlTemplate\":\"https:\\\/\\\/www.bellunopress.it\\\/?s={search_term_string}\"},\"query-input\":{\"@type\":\"PropertyValueSpecification\",\"valueRequired\":true,\"valueName\":\"search_term_string\"}}],\"inLanguage\":\"fr-FR\"},{\"@type\":\"Organization\",\"@id\":\"https:\\\/\\\/www.bellunopress.it\\\/#organization\",\"name\":\"Bellunopress\",\"url\":\"https:\\\/\\\/www.bellunopress.it\\\/\",\"logo\":{\"@type\":\"ImageObject\",\"inLanguage\":\"fr-FR\",\"@id\":\"https:\\\/\\\/www.bellunopress.it\\\/#\\\/schema\\\/logo\\\/image\\\/\",\"url\":\"https:\\\/\\\/www.bellunopress.it\\\/wp-content\\\/uploads\\\/2011\\\/05\\\/cropped-logo-bellunopress-.jpg\",\"contentUrl\":\"https:\\\/\\\/www.bellunopress.it\\\/wp-content\\\/uploads\\\/2011\\\/05\\\/cropped-logo-bellunopress-.jpg\",\"width\":512,\"height\":512,\"caption\":\"Bellunopress\"},\"image\":{\"@id\":\"https:\\\/\\\/www.bellunopress.it\\\/#\\\/schema\\\/logo\\\/image\\\/\"},\"sameAs\":[\"https:\\\/\\\/www.facebook.com\\\/profile.php?id=100008943462799\",\"https:\\\/\\\/x.com\\\/bellunopress\",\"https:\\\/\\\/www.linkedin.com\\\/hp\\\/?dnr=JBzUWaJfMUw8vbXJJ2tVW5-I3jZKvC4wsoxE&amp;amp;amp;amp;amp;amp;trk=nav_responsive_tab_home\",\"https:\\\/\\\/www.youtube.com\\\/channel\\\/UCxL0wu1uN0_3_7hGG0306cw\"]},{\"@type\":\"Person\",\"@id\":\"https:\\\/\\\/www.bellunopress.it\\\/#\\\/schema\\\/person\\\/79bb06722b37ece1c03d3e94beb30d73\",\"name\":\"redazione\",\"image\":{\"@type\":\"ImageObject\",\"inLanguage\":\"fr-FR\",\"@id\":\"https:\\\/\\\/secure.gravatar.com\\\/avatar\\\/37d968a2e67a6fd04c169c4bdef102d0bc5d31b2546345219e348575eb80e9a0?s=96&d=mm&r=g\",\"url\":\"https:\\\/\\\/secure.gravatar.com\\\/avatar\\\/37d968a2e67a6fd04c169c4bdef102d0bc5d31b2546345219e348575eb80e9a0?s=96&d=mm&r=g\",\"contentUrl\":\"https:\\\/\\\/secure.gravatar.com\\\/avatar\\\/37d968a2e67a6fd04c169c4bdef102d0bc5d31b2546345219e348575eb80e9a0?s=96&d=mm&r=g\",\"caption\":\"redazione\"},\"sameAs\":[\"http:\\\/\\\/www.bellunopress.it\",\"https:\\\/\\\/x.com\\\/bellunopress\"],\"url\":\"https:\\\/\\\/www.bellunopress.it\\\/fr\\\/author\\\/redazione\\\/\"}]}<\/script>\n<!-- \/ Yoast SEO plugin. -->","yoast_head_json":{"title":"Cuore e ciclismo. La parola al cardiologo Dalle Mule - Bellunopress - Dolomiti","robots":{"index":"index","follow":"follow","max-snippet":"max-snippet:-1","max-image-preview":"max-image-preview:large","max-video-preview":"max-video-preview:-1"},"canonical":"https:\/\/www.bellunopress.it\/fr\/2021\/05\/21\/cuore-e-ciclismo-la-parola-al-cardiologo-dalle-mule\/","og_locale":"fr_FR","og_type":"article","og_title":"Cuore e ciclismo. La parola al cardiologo Dalle Mule - Bellunopress - Dolomiti","og_description":"Cortina d&#8217;Ampezzo, 21 maggio 2021 \u2013 All&#8217;Ospedale Cortina, Struttura Polispecialistica di GVM Care &amp; Research accreditata con il Servizio Sanitario Nazionale, \u00e8 attivo un ambulatorio cardiologico dedicato ai pazienti con patologie identificate, a chi ha una predisposizione o una familiarit\u00e0 per malattie cardiovascolari ma anche a tutti coloro che desiderano fare prevenzione o monitorare lo [&hellip;]","og_url":"https:\/\/www.bellunopress.it\/fr\/2021\/05\/21\/cuore-e-ciclismo-la-parola-al-cardiologo-dalle-mule\/","og_site_name":"Bellunopress - Dolomiti","article_publisher":"https:\/\/www.facebook.com\/profile.php?id=100008943462799","article_published_time":"2021-05-21T18:15:16+00:00","article_modified_time":"2021-05-21T19:41:18+00:00","og_image":[{"width":800,"height":531,"url":"https:\/\/www.bellunopress.it\/wp-content\/uploads\/2020\/12\/Ospedale-Cortina-Codivilla-Putti_edited.jpg","type":"image\/jpeg"}],"author":"redazione","twitter_card":"summary_large_image","twitter_creator":"@bellunopress","twitter_site":"@bellunopress","twitter_misc":{"\u00c9crit par":"redazione","Dur\u00e9e de lecture estim\u00e9e":"5 minutes"},"schema":{"@context":"https:\/\/schema.org","@graph":[{"@type":"Article","@id":"https:\/\/www.bellunopress.it\/2021\/05\/21\/cuore-e-ciclismo-la-parola-al-cardiologo-dalle-mule\/#article","isPartOf":{"@id":"https:\/\/www.bellunopress.it\/2021\/05\/21\/cuore-e-ciclismo-la-parola-al-cardiologo-dalle-mule\/"},"author":{"name":"redazione","@id":"https:\/\/www.bellunopress.it\/#\/schema\/person\/79bb06722b37ece1c03d3e94beb30d73"},"headline":"Cuore e ciclismo. La parola al cardiologo Dalle Mule","datePublished":"2021-05-21T18:15:16+00:00","dateModified":"2021-05-21T19:41:18+00:00","mainEntityOfPage":{"@id":"https:\/\/www.bellunopress.it\/2021\/05\/21\/cuore-e-ciclismo-la-parola-al-cardiologo-dalle-mule\/"},"wordCount":1067,"publisher":{"@id":"https:\/\/www.bellunopress.it\/#organization"},"image":{"@id":"https:\/\/www.bellunopress.it\/2021\/05\/21\/cuore-e-ciclismo-la-parola-al-cardiologo-dalle-mule\/#primaryimage"},"thumbnailUrl":"https:\/\/www.bellunopress.it\/wp-content\/uploads\/2020\/12\/Ospedale-Cortina-Codivilla-Putti_edited.jpg","articleSection":["Featured","Prima Pagina","Sanit\u00e0 Medicina","Sport, tempo libero"],"inLanguage":"fr-FR"},{"@type":"WebPage","@id":"https:\/\/www.bellunopress.it\/2021\/05\/21\/cuore-e-ciclismo-la-parola-al-cardiologo-dalle-mule\/","url":"https:\/\/www.bellunopress.it\/2021\/05\/21\/cuore-e-ciclismo-la-parola-al-cardiologo-dalle-mule\/","name":"Cuore e ciclismo. La parola al cardiologo Dalle Mule - Bellunopress - Dolomiti","isPartOf":{"@id":"https:\/\/www.bellunopress.it\/#website"},"primaryImageOfPage":{"@id":"https:\/\/www.bellunopress.it\/2021\/05\/21\/cuore-e-ciclismo-la-parola-al-cardiologo-dalle-mule\/#primaryimage"},"image":{"@id":"https:\/\/www.bellunopress.it\/2021\/05\/21\/cuore-e-ciclismo-la-parola-al-cardiologo-dalle-mule\/#primaryimage"},"thumbnailUrl":"https:\/\/www.bellunopress.it\/wp-content\/uploads\/2020\/12\/Ospedale-Cortina-Codivilla-Putti_edited.jpg","datePublished":"2021-05-21T18:15:16+00:00","dateModified":"2021-05-21T19:41:18+00:00","breadcrumb":{"@id":"https:\/\/www.bellunopress.it\/2021\/05\/21\/cuore-e-ciclismo-la-parola-al-cardiologo-dalle-mule\/#breadcrumb"},"inLanguage":"fr-FR","potentialAction":[{"@type":"ReadAction","target":["https:\/\/www.bellunopress.it\/2021\/05\/21\/cuore-e-ciclismo-la-parola-al-cardiologo-dalle-mule\/"]}]},{"@type":"ImageObject","inLanguage":"fr-FR","@id":"https:\/\/www.bellunopress.it\/2021\/05\/21\/cuore-e-ciclismo-la-parola-al-cardiologo-dalle-mule\/#primaryimage","url":"https:\/\/www.bellunopress.it\/wp-content\/uploads\/2020\/12\/Ospedale-Cortina-Codivilla-Putti_edited.jpg","contentUrl":"https:\/\/www.bellunopress.it\/wp-content\/uploads\/2020\/12\/Ospedale-Cortina-Codivilla-Putti_edited.jpg","width":800,"height":531,"caption":"Ospedale di Cortina d'Ampezzo"},{"@type":"BreadcrumbList","@id":"https:\/\/www.bellunopress.it\/2021\/05\/21\/cuore-e-ciclismo-la-parola-al-cardiologo-dalle-mule\/#breadcrumb","itemListElement":[{"@type":"ListItem","position":1,"name":"Home","item":"https:\/\/www.bellunopress.it\/"},{"@type":"ListItem","position":2,"name":"Cuore e ciclismo. La parola al cardiologo Dalle Mule"}]},{"@type":"WebSite","@id":"https:\/\/www.bellunopress.it\/#website","url":"https:\/\/www.bellunopress.it\/","name":"Bellunopress - Dolomiti","description":"e-mail: redazione@bellunopress.it","publisher":{"@id":"https:\/\/www.bellunopress.it\/#organization"},"potentialAction":[{"@type":"SearchAction","target":{"@type":"EntryPoint","urlTemplate":"https:\/\/www.bellunopress.it\/?s={search_term_string}"},"query-input":{"@type":"PropertyValueSpecification","valueRequired":true,"valueName":"search_term_string"}}],"inLanguage":"fr-FR"},{"@type":"Organization","@id":"https:\/\/www.bellunopress.it\/#organization","name":"Bellunopress","url":"https:\/\/www.bellunopress.it\/","logo":{"@type":"ImageObject","inLanguage":"fr-FR","@id":"https:\/\/www.bellunopress.it\/#\/schema\/logo\/image\/","url":"https:\/\/www.bellunopress.it\/wp-content\/uploads\/2011\/05\/cropped-logo-bellunopress-.jpg","contentUrl":"https:\/\/www.bellunopress.it\/wp-content\/uploads\/2011\/05\/cropped-logo-bellunopress-.jpg","width":512,"height":512,"caption":"Bellunopress"},"image":{"@id":"https:\/\/www.bellunopress.it\/#\/schema\/logo\/image\/"},"sameAs":["https:\/\/www.facebook.com\/profile.php?id=100008943462799","https:\/\/x.com\/bellunopress","https:\/\/www.linkedin.com\/hp\/?dnr=JBzUWaJfMUw8vbXJJ2tVW5-I3jZKvC4wsoxE&amp;amp;amp;amp;amp;amp;trk=nav_responsive_tab_home","https:\/\/www.youtube.com\/channel\/UCxL0wu1uN0_3_7hGG0306cw"]},{"@type":"Person","@id":"https:\/\/www.bellunopress.it\/#\/schema\/person\/79bb06722b37ece1c03d3e94beb30d73","name":"r\u00e9daction","image":{"@type":"ImageObject","inLanguage":"fr-FR","@id":"https:\/\/secure.gravatar.com\/avatar\/37d968a2e67a6fd04c169c4bdef102d0bc5d31b2546345219e348575eb80e9a0?s=96&d=mm&r=g","url":"https:\/\/secure.gravatar.com\/avatar\/37d968a2e67a6fd04c169c4bdef102d0bc5d31b2546345219e348575eb80e9a0?s=96&d=mm&r=g","contentUrl":"https:\/\/secure.gravatar.com\/avatar\/37d968a2e67a6fd04c169c4bdef102d0bc5d31b2546345219e348575eb80e9a0?s=96&d=mm&r=g","caption":"redazione"},"sameAs":["http:\/\/www.bellunopress.it","https:\/\/x.com\/bellunopress"],"url":"https:\/\/www.bellunopress.it\/fr\/author\/redazione\/"}]}},"_links":{"self":[{"href":"https:\/\/www.bellunopress.it\/fr\/wp-json\/wp\/v2\/posts\/124631","targetHints":{"allow":["GET"]}}],"collection":[{"href":"https:\/\/www.bellunopress.it\/fr\/wp-json\/wp\/v2\/posts"}],"about":[{"href":"https:\/\/www.bellunopress.it\/fr\/wp-json\/wp\/v2\/types\/post"}],"author":[{"embeddable":true,"href":"https:\/\/www.bellunopress.it\/fr\/wp-json\/wp\/v2\/users\/2"}],"replies":[{"embeddable":true,"href":"https:\/\/www.bellunopress.it\/fr\/wp-json\/wp\/v2\/comments?post=124631"}],"version-history":[{"count":1,"href":"https:\/\/www.bellunopress.it\/fr\/wp-json\/wp\/v2\/posts\/124631\/revisions"}],"predecessor-version":[{"id":124632,"href":"https:\/\/www.bellunopress.it\/fr\/wp-json\/wp\/v2\/posts\/124631\/revisions\/124632"}],"wp:featuredmedia":[{"embeddable":true,"href":"https:\/\/www.bellunopress.it\/fr\/wp-json\/wp\/v2\/media\/120037"}],"wp:attachment":[{"href":"https:\/\/www.bellunopress.it\/fr\/wp-json\/wp\/v2\/media?parent=124631"}],"wp:term":[{"taxonomy":"category","embeddable":true,"href":"https:\/\/www.bellunopress.it\/fr\/wp-json\/wp\/v2\/categories?post=124631"},{"taxonomy":"post_tag","embeddable":true,"href":"https:\/\/www.bellunopress.it\/fr\/wp-json\/wp\/v2\/tags?post=124631"}],"curies":[{"name":"wp","href":"https:\/\/api.w.org\/{rel}","templated":true}]}}