{"id":124627,"date":"2021-05-21T19:10:17","date_gmt":"2021-05-21T17:10:17","guid":{"rendered":"https:\/\/www.bellunopress.it\/?p=124627"},"modified":"2021-05-21T21:40:23","modified_gmt":"2021-05-21T19:40:23","slug":"dolomiti-film-festival-natura-ambiente-montagna-dal-27-al-30-maggio","status":"publish","type":"post","link":"https:\/\/www.bellunopress.it\/fr\/2021\/05\/21\/dolomiti-film-festival-natura-ambiente-montagna-dal-27-al-30-maggio\/","title":{"rendered":"Dolomiti Film Festival: natura, ambiente montagna. Dal 27 al 30 maggio"},"content":{"rendered":"<p><a href=\"https:\/\/www.bellunopress.it\/fr\/2021\/05\/21\/dolomiti-film-festival-natura-ambiente-montagna-dal-27-al-30-maggio\/dolomiti-film-festival_edited\/\" rel=\"attachment wp-att-124628\"><img loading=\"lazy\" decoding=\"async\" class=\"alignleft wp-image-124628\" src=\"https:\/\/www.bellunopress.it\/wp-content\/uploads\/2021\/05\/Dolomiti-Film-Festival_edited.jpg\" alt=\"\" width=\"416\" height=\"239\" srcset=\"https:\/\/www.bellunopress.it\/wp-content\/uploads\/2021\/05\/Dolomiti-Film-Festival_edited.jpg 622w, https:\/\/www.bellunopress.it\/wp-content\/uploads\/2021\/05\/Dolomiti-Film-Festival_edited-500x287.jpg 500w\" sizes=\"auto, (max-width: 416px) 100vw, 416px\" \/><\/a>L\u2019Unione Montana Agordina, cuore pulsante della montagna bellunese, costituita da sedici Comuni sovrastati da montagne simbolo delle Dolomiti come Marmolada, Civetta e Focobon, danno il benvenuto alla prima edizione del Dolomiti Film Festival, che si svolger\u00e0 tra Alleghe e Falcade oltre che in modalit\u00e0 streaming, dal 27 al 30 maggio.<\/p>\n<p>Il Festival \u00e8 realizzato grazie al Bando Buone Pratiche, Rassegne e Festival promosso da MIC e MIUR all\u2019interno del Piano Nazionale Cinema per la Scuola 2019\/2020. E\u2019 un evento nuovo, un festival del cinema internazionale, finalmente possibile in questa fase post pandemia, incentrato su tematiche ambientali come: natura, ambiente e montagna.<br \/>\nPensato per i giovani, grazie al concorso dedicato alle scuole che ha interessato gli studenti degli istituti nazionali di istruzione secondaria. I ragazzi hanno realizzato video a tematica ambientale che verranno valutati da un\u2019apposita giuria di studenti dell\u2019Istituto Comprensivo di Cencenighe Agordino.<\/p>\n<p>Il DFF prevede inoltre un concorso internazionale dedicato ai cineasti di tutto il mondo, focalizzato sui cortometraggi di finzione della durata massima di 15\u2019, e sui documentari sotto i 30\u2019, dedicati alle tematiche dell\u2019ambiente e della montagna.<br \/>\nDolomiti Film Festival ha ricevuto oltre trecento cortometraggi e documentari provenienti da 43 nazioni differenti, selezionando una ventina di opere. Il Festival porta con s\u00e9 serate evento, incentrate sulla cultura della montagna con ospiti che sono riconosciuti come protagonisti della cultura alpina e ambientale. Una grande opportunit\u00e0, che l\u2019intera comunit\u00e0 agordina ha saputo cogliere, dando massimo supporto agli organizzatori dell\u2019evento Federico Massa di Gooliver e Tommaso Brugin di Settimo Binario.<br \/>\nL\u2019evento \u00e8 ad entrata libera secondo le norme vigenti in fatto di Covid e si svolger\u00e0 secondo il programma allegato ed \u00e8 aperto a tutti gli appassionati di montagne.<\/p>\n<p><strong>Programma<\/strong><br \/>\nGioved\u00ec 27<br \/>\nSULLE TRACCE DEI GHIACCIAI \u2013 ore 20:30 \u2013 evento in streaming (Facebook)<br \/>\nOspiti: Fabiano Ventura &#8211; Fotografo<br \/>\nProf. Mauro Varotto &#8211; Docente di geografia Universit\u00e0 di Padova<br \/>\nAurelio Soraruf &#8211; Rifugio Castiglioni Marmolada<br \/>\nCarlo Budel &#8211; gestore Rifugio Capanna Punta Penia Marmolada<\/p>\n<p>Venerd\u00ec 28<br \/>\nCONCORSO SCUOLE<br \/>\nOre 9:00 Evento in Streaming \u2013 sito: dolomitifilmfestival.com<br \/>\nOre 14:00 Evento in Streaming \u2013 sito: dolomitifilmfestival.com<\/p>\n<p>LA PARETE D\u2019ARGENTO \u2013 La conquista della Marmolada<br \/>\nALLEGHE \u2013 SALA Franceschini<br \/>\nOre 20:30 \u2013 Tavola rotonda e proiezione del docufilm \u201cIl Cercatore d\u2019infinito\u201d \u2013 Armando Aste<br \/>\nOspiti: Bepi Pellegrinon &#8211; Scrittore, editore e alpinista<br \/>\nDante Dal Bon &#8211; Gestore Rifugio Falier<br \/>\nAndrea Azzetti &#8211; Regista e direttore fotografia<br \/>\nGerassimos Valentis &#8211; Sceneggiatore<\/p>\n<p>Sabato 29<\/p>\n<p>CONCORSO SCUOLE e CONCORSO INTERNAZIONALE CORTI DI FICTION \u2013 Proiezioni<br \/>\nInizio ore 10:00 Alleghe \u2013 Sala Franceschini<\/p>\n<p>CONCORSO INTERNAZIONALE DOCUMENTARI \u2013 Proiezioni<br \/>\nInizio ore 14:00 Alleghe \u2013Sala Franceschini<\/p>\n<p>STORIE DI MONTAGNA<br \/>\nIncontro con Matteo Righetto riservato agli studenti<br \/>\nOre 14:30 Caviola \u2013 Casa delle Associazioni<\/p>\n<p>VIAGGIO NELLE ALPI<br \/>\nStorie di uomini, animali e montagne \u2013 Spettacolo con musiche dal vivo<br \/>\nMarco Albino Ferrari (scrittore e giornalista)\u2013 Roberto della Vecchia (chitarrista)<br \/>\nProtagoniste le Alpi, una serie di incontri con uomini, donne, avventure, animali, legati tra loro da un filo invisibile.<br \/>\nOre 20:45 \u2013 Falcade \u2013 Sala Dolomiti<\/p>\n<p>DOMENICA 30<br \/>\nPitch pubblico \u2013 Dolomiti Film Making<br \/>\nOre 10:00 Caviola \u2013 Casa delle Associazioni<\/p>\n<p>Premiazione PITCH<br \/>\nOre 14:30 Alleghe Sala Franceschini<\/p>\n<p>PROIEZIONE DOCUMENTARIO \u201cLa voce del bosco\u201d di Dimitri Feltrin<\/p>\n<p>Premiazione CONCORSO SCUOLE<br \/>\nOre 16:00 &#8211; Alleghe Sala Franceschini<\/p>\n<p>EFFETTO VAIA: la devastazione e la rinascita<br \/>\nOre 17:00 Alleghe Sala Franceschini<br \/>\nOspiti: Dimitri Feltrin &#8211; Regista<br \/>\nMario Barbieri &#8211; Regista di GiUMa produzioni<br \/>\nVania Zopp\u00e8 &#8211; Protagonista della serie \u201cUndercut &#8211; L\u2019oro di legno\u201d<br \/>\nGiuseppe Addamo &#8211; Cofondatore della Start-up VAIA<\/p>\n<p>Premiazione CONCORSO INTERNAZIONALE<br \/>\nOre 17:45 Alleghe Sala Franceschini<br \/>\nA seguire proiezione delle tre opere vincitrici<\/p>\n<p>IL PROGETTO DOLOMITI FILM FESTIVAL<br \/>\nIl DFF avvale in particolare della collaborazione di Aku, Asi, Avilab, Unione Montana Agordina, Comune di Agordo, Comune di Alleghe, Comune di Falcade, PromoFalcade Dolomiti, Istituto Comprensivo di Cencenighe Agordino e Rete eventi &#8211; Provincia di Belluno.<\/p>\n<p>Vanta inoltre il patrocinio di Ministero della transizione ecologica, Regione Veneto, ARPAV, Fondazione Dolomiti Unesco e CAI di Agordo.<\/p>\n<p>&nbsp;<\/p>","protected":false},"excerpt":{"rendered":"<p>L\u2019Unione Montana Agordina, cuore pulsante della montagna bellunese, costituita da sedici Comuni sovrastati da montagne simbolo delle Dolomiti come Marmolada, Civetta e Focobon, danno il benvenuto alla prima edizione del Dolomiti Film Festival, che si svolger\u00e0 tra Alleghe e Falcade oltre che in modalit\u00e0 streaming, dal 27 al 30 maggio. Il Festival \u00e8 realizzato grazie [&hellip;]<\/p>\n","protected":false},"author":2,"featured_media":124628,"comment_status":"closed","ping_status":"open","sticky":false,"template":"","format":"standard","meta":{"footnotes":""},"categories":[27,3,3446,25],"tags":[],"class_list":["post-124627","post","type-post","status-publish","format-standard","has-post-thumbnail","category-appuntamenti","category-arte-cultura-spettacoli-scienza-archivi","category-featured","category-pausa-caffe"],"yoast_head":"<!-- This site is optimized with the Yoast SEO plugin v28.4 - https:\/\/yoast.com\/product\/yoast-seo-wordpress\/ -->\n<title>Dolomiti Film Festival: natura, ambiente montagna. Dal 27 al 30 maggio - Bellunopress - Dolomiti<\/title>\n<meta name=\"robots\" content=\"index, follow, max-snippet:-1, max-image-preview:large, max-video-preview:-1\" \/>\n<link rel=\"canonical\" href=\"https:\/\/www.bellunopress.it\/fr\/2021\/05\/21\/dolomiti-film-festival-natura-ambiente-montagna-dal-27-al-30-maggio\/\" \/>\n<meta property=\"og:locale\" content=\"fr_FR\" \/>\n<meta property=\"og:type\" content=\"article\" \/>\n<meta property=\"og:title\" content=\"Dolomiti Film Festival: natura, ambiente montagna. Dal 27 al 30 maggio - Bellunopress - Dolomiti\" \/>\n<meta property=\"og:description\" content=\"L\u2019Unione Montana Agordina, cuore pulsante della montagna bellunese, costituita da sedici Comuni sovrastati da montagne simbolo delle Dolomiti come Marmolada, Civetta e Focobon, danno il benvenuto alla prima edizione del Dolomiti Film Festival, che si svolger\u00e0 tra Alleghe e Falcade oltre che in modalit\u00e0 streaming, dal 27 al 30 maggio. Il Festival \u00e8 realizzato grazie [&hellip;]\" \/>\n<meta property=\"og:url\" content=\"https:\/\/www.bellunopress.it\/fr\/2021\/05\/21\/dolomiti-film-festival-natura-ambiente-montagna-dal-27-al-30-maggio\/\" \/>\n<meta property=\"og:site_name\" content=\"Bellunopress - Dolomiti\" \/>\n<meta property=\"article:publisher\" content=\"https:\/\/www.facebook.com\/profile.php?id=100008943462799\" \/>\n<meta property=\"article:published_time\" content=\"2021-05-21T17:10:17+00:00\" \/>\n<meta property=\"article:modified_time\" content=\"2021-05-21T19:40:23+00:00\" \/>\n<meta property=\"og:image\" content=\"https:\/\/www.bellunopress.it\/wp-content\/uploads\/2021\/05\/Dolomiti-Film-Festival_edited.jpg\" \/>\n\t<meta property=\"og:image:width\" content=\"622\" \/>\n\t<meta property=\"og:image:height\" content=\"357\" \/>\n\t<meta property=\"og:image:type\" content=\"image\/jpeg\" \/>\n<meta name=\"author\" content=\"redazione\" \/>\n<meta name=\"twitter:card\" content=\"summary_large_image\" \/>\n<meta name=\"twitter:creator\" content=\"@bellunopress\" \/>\n<meta name=\"twitter:site\" content=\"@bellunopress\" \/>\n<meta name=\"twitter:label1\" content=\"\u00c9crit par\" \/>\n\t<meta name=\"twitter:data1\" content=\"redazione\" \/>\n\t<meta name=\"twitter:label2\" content=\"Dur\u00e9e de lecture estim\u00e9e\" \/>\n\t<meta name=\"twitter:data2\" content=\"3 minutes\" \/>\n<script type=\"application\/ld+json\" class=\"yoast-schema-graph\">{\"@context\":\"https:\\\/\\\/schema.org\",\"@graph\":[{\"@type\":\"Article\",\"@id\":\"https:\\\/\\\/www.bellunopress.it\\\/2021\\\/05\\\/21\\\/dolomiti-film-festival-natura-ambiente-montagna-dal-27-al-30-maggio\\\/#article\",\"isPartOf\":{\"@id\":\"https:\\\/\\\/www.bellunopress.it\\\/2021\\\/05\\\/21\\\/dolomiti-film-festival-natura-ambiente-montagna-dal-27-al-30-maggio\\\/\"},\"author\":{\"name\":\"redazione\",\"@id\":\"https:\\\/\\\/www.bellunopress.it\\\/#\\\/schema\\\/person\\\/79bb06722b37ece1c03d3e94beb30d73\"},\"headline\":\"Dolomiti Film Festival: natura, ambiente montagna. Dal 27 al 30 maggio\",\"datePublished\":\"2021-05-21T17:10:17+00:00\",\"dateModified\":\"2021-05-21T19:40:23+00:00\",\"mainEntityOfPage\":{\"@id\":\"https:\\\/\\\/www.bellunopress.it\\\/2021\\\/05\\\/21\\\/dolomiti-film-festival-natura-ambiente-montagna-dal-27-al-30-maggio\\\/\"},\"wordCount\":633,\"publisher\":{\"@id\":\"https:\\\/\\\/www.bellunopress.it\\\/#organization\"},\"image\":{\"@id\":\"https:\\\/\\\/www.bellunopress.it\\\/2021\\\/05\\\/21\\\/dolomiti-film-festival-natura-ambiente-montagna-dal-27-al-30-maggio\\\/#primaryimage\"},\"thumbnailUrl\":\"https:\\\/\\\/www.bellunopress.it\\\/wp-content\\\/uploads\\\/2021\\\/05\\\/Dolomiti-Film-Festival_edited.jpg\",\"articleSection\":[\"Appuntamenti, Eventi\",\"Arte, Cultura, Spettacoli, Scienza\",\"Featured\",\"Pausa Caff\u00e8\"],\"inLanguage\":\"fr-FR\"},{\"@type\":\"WebPage\",\"@id\":\"https:\\\/\\\/www.bellunopress.it\\\/2021\\\/05\\\/21\\\/dolomiti-film-festival-natura-ambiente-montagna-dal-27-al-30-maggio\\\/\",\"url\":\"https:\\\/\\\/www.bellunopress.it\\\/2021\\\/05\\\/21\\\/dolomiti-film-festival-natura-ambiente-montagna-dal-27-al-30-maggio\\\/\",\"name\":\"Dolomiti Film Festival: natura, ambiente montagna. Dal 27 al 30 maggio - Bellunopress - Dolomiti\",\"isPartOf\":{\"@id\":\"https:\\\/\\\/www.bellunopress.it\\\/#website\"},\"primaryImageOfPage\":{\"@id\":\"https:\\\/\\\/www.bellunopress.it\\\/2021\\\/05\\\/21\\\/dolomiti-film-festival-natura-ambiente-montagna-dal-27-al-30-maggio\\\/#primaryimage\"},\"image\":{\"@id\":\"https:\\\/\\\/www.bellunopress.it\\\/2021\\\/05\\\/21\\\/dolomiti-film-festival-natura-ambiente-montagna-dal-27-al-30-maggio\\\/#primaryimage\"},\"thumbnailUrl\":\"https:\\\/\\\/www.bellunopress.it\\\/wp-content\\\/uploads\\\/2021\\\/05\\\/Dolomiti-Film-Festival_edited.jpg\",\"datePublished\":\"2021-05-21T17:10:17+00:00\",\"dateModified\":\"2021-05-21T19:40:23+00:00\",\"breadcrumb\":{\"@id\":\"https:\\\/\\\/www.bellunopress.it\\\/2021\\\/05\\\/21\\\/dolomiti-film-festival-natura-ambiente-montagna-dal-27-al-30-maggio\\\/#breadcrumb\"},\"inLanguage\":\"fr-FR\",\"potentialAction\":[{\"@type\":\"ReadAction\",\"target\":[\"https:\\\/\\\/www.bellunopress.it\\\/2021\\\/05\\\/21\\\/dolomiti-film-festival-natura-ambiente-montagna-dal-27-al-30-maggio\\\/\"]}]},{\"@type\":\"ImageObject\",\"inLanguage\":\"fr-FR\",\"@id\":\"https:\\\/\\\/www.bellunopress.it\\\/2021\\\/05\\\/21\\\/dolomiti-film-festival-natura-ambiente-montagna-dal-27-al-30-maggio\\\/#primaryimage\",\"url\":\"https:\\\/\\\/www.bellunopress.it\\\/wp-content\\\/uploads\\\/2021\\\/05\\\/Dolomiti-Film-Festival_edited.jpg\",\"contentUrl\":\"https:\\\/\\\/www.bellunopress.it\\\/wp-content\\\/uploads\\\/2021\\\/05\\\/Dolomiti-Film-Festival_edited.jpg\",\"width\":622,\"height\":357},{\"@type\":\"BreadcrumbList\",\"@id\":\"https:\\\/\\\/www.bellunopress.it\\\/2021\\\/05\\\/21\\\/dolomiti-film-festival-natura-ambiente-montagna-dal-27-al-30-maggio\\\/#breadcrumb\",\"itemListElement\":[{\"@type\":\"ListItem\",\"position\":1,\"name\":\"Home\",\"item\":\"https:\\\/\\\/www.bellunopress.it\\\/\"},{\"@type\":\"ListItem\",\"position\":2,\"name\":\"Dolomiti Film Festival: natura, ambiente montagna. Dal 27 al 30 maggio\"}]},{\"@type\":\"WebSite\",\"@id\":\"https:\\\/\\\/www.bellunopress.it\\\/#website\",\"url\":\"https:\\\/\\\/www.bellunopress.it\\\/\",\"name\":\"Bellunopress - Dolomiti\",\"description\":\"e-mail: redazione@bellunopress.it\",\"publisher\":{\"@id\":\"https:\\\/\\\/www.bellunopress.it\\\/#organization\"},\"potentialAction\":[{\"@type\":\"SearchAction\",\"target\":{\"@type\":\"EntryPoint\",\"urlTemplate\":\"https:\\\/\\\/www.bellunopress.it\\\/?s={search_term_string}\"},\"query-input\":{\"@type\":\"PropertyValueSpecification\",\"valueRequired\":true,\"valueName\":\"search_term_string\"}}],\"inLanguage\":\"fr-FR\"},{\"@type\":\"Organization\",\"@id\":\"https:\\\/\\\/www.bellunopress.it\\\/#organization\",\"name\":\"Bellunopress\",\"url\":\"https:\\\/\\\/www.bellunopress.it\\\/\",\"logo\":{\"@type\":\"ImageObject\",\"inLanguage\":\"fr-FR\",\"@id\":\"https:\\\/\\\/www.bellunopress.it\\\/#\\\/schema\\\/logo\\\/image\\\/\",\"url\":\"https:\\\/\\\/www.bellunopress.it\\\/wp-content\\\/uploads\\\/2011\\\/05\\\/cropped-logo-bellunopress-.jpg\",\"contentUrl\":\"https:\\\/\\\/www.bellunopress.it\\\/wp-content\\\/uploads\\\/2011\\\/05\\\/cropped-logo-bellunopress-.jpg\",\"width\":512,\"height\":512,\"caption\":\"Bellunopress\"},\"image\":{\"@id\":\"https:\\\/\\\/www.bellunopress.it\\\/#\\\/schema\\\/logo\\\/image\\\/\"},\"sameAs\":[\"https:\\\/\\\/www.facebook.com\\\/profile.php?id=100008943462799\",\"https:\\\/\\\/x.com\\\/bellunopress\",\"https:\\\/\\\/www.linkedin.com\\\/hp\\\/?dnr=JBzUWaJfMUw8vbXJJ2tVW5-I3jZKvC4wsoxE&amp;amp;amp;amp;amp;amp;trk=nav_responsive_tab_home\",\"https:\\\/\\\/www.youtube.com\\\/channel\\\/UCxL0wu1uN0_3_7hGG0306cw\"]},{\"@type\":\"Person\",\"@id\":\"https:\\\/\\\/www.bellunopress.it\\\/#\\\/schema\\\/person\\\/79bb06722b37ece1c03d3e94beb30d73\",\"name\":\"redazione\",\"image\":{\"@type\":\"ImageObject\",\"inLanguage\":\"fr-FR\",\"@id\":\"https:\\\/\\\/secure.gravatar.com\\\/avatar\\\/37d968a2e67a6fd04c169c4bdef102d0bc5d31b2546345219e348575eb80e9a0?s=96&d=mm&r=g\",\"url\":\"https:\\\/\\\/secure.gravatar.com\\\/avatar\\\/37d968a2e67a6fd04c169c4bdef102d0bc5d31b2546345219e348575eb80e9a0?s=96&d=mm&r=g\",\"contentUrl\":\"https:\\\/\\\/secure.gravatar.com\\\/avatar\\\/37d968a2e67a6fd04c169c4bdef102d0bc5d31b2546345219e348575eb80e9a0?s=96&d=mm&r=g\",\"caption\":\"redazione\"},\"sameAs\":[\"http:\\\/\\\/www.bellunopress.it\",\"https:\\\/\\\/x.com\\\/bellunopress\"],\"url\":\"https:\\\/\\\/www.bellunopress.it\\\/fr\\\/author\\\/redazione\\\/\"}]}<\/script>\n<!-- \/ Yoast SEO plugin. -->","yoast_head_json":{"title":"Dolomiti Film Festival: natura, ambiente montagna. Dal 27 al 30 maggio - Bellunopress - Dolomiti","robots":{"index":"index","follow":"follow","max-snippet":"max-snippet:-1","max-image-preview":"max-image-preview:large","max-video-preview":"max-video-preview:-1"},"canonical":"https:\/\/www.bellunopress.it\/fr\/2021\/05\/21\/dolomiti-film-festival-natura-ambiente-montagna-dal-27-al-30-maggio\/","og_locale":"fr_FR","og_type":"article","og_title":"Dolomiti Film Festival: natura, ambiente montagna. Dal 27 al 30 maggio - Bellunopress - Dolomiti","og_description":"L\u2019Unione Montana Agordina, cuore pulsante della montagna bellunese, costituita da sedici Comuni sovrastati da montagne simbolo delle Dolomiti come Marmolada, Civetta e Focobon, danno il benvenuto alla prima edizione del Dolomiti Film Festival, che si svolger\u00e0 tra Alleghe e Falcade oltre che in modalit\u00e0 streaming, dal 27 al 30 maggio. Il Festival \u00e8 realizzato grazie [&hellip;]","og_url":"https:\/\/www.bellunopress.it\/fr\/2021\/05\/21\/dolomiti-film-festival-natura-ambiente-montagna-dal-27-al-30-maggio\/","og_site_name":"Bellunopress - Dolomiti","article_publisher":"https:\/\/www.facebook.com\/profile.php?id=100008943462799","article_published_time":"2021-05-21T17:10:17+00:00","article_modified_time":"2021-05-21T19:40:23+00:00","og_image":[{"width":622,"height":357,"url":"https:\/\/www.bellunopress.it\/wp-content\/uploads\/2021\/05\/Dolomiti-Film-Festival_edited.jpg","type":"image\/jpeg"}],"author":"redazione","twitter_card":"summary_large_image","twitter_creator":"@bellunopress","twitter_site":"@bellunopress","twitter_misc":{"\u00c9crit par":"redazione","Dur\u00e9e de lecture estim\u00e9e":"3 minutes"},"schema":{"@context":"https:\/\/schema.org","@graph":[{"@type":"Article","@id":"https:\/\/www.bellunopress.it\/2021\/05\/21\/dolomiti-film-festival-natura-ambiente-montagna-dal-27-al-30-maggio\/#article","isPartOf":{"@id":"https:\/\/www.bellunopress.it\/2021\/05\/21\/dolomiti-film-festival-natura-ambiente-montagna-dal-27-al-30-maggio\/"},"author":{"name":"redazione","@id":"https:\/\/www.bellunopress.it\/#\/schema\/person\/79bb06722b37ece1c03d3e94beb30d73"},"headline":"Dolomiti Film Festival: natura, ambiente montagna. Dal 27 al 30 maggio","datePublished":"2021-05-21T17:10:17+00:00","dateModified":"2021-05-21T19:40:23+00:00","mainEntityOfPage":{"@id":"https:\/\/www.bellunopress.it\/2021\/05\/21\/dolomiti-film-festival-natura-ambiente-montagna-dal-27-al-30-maggio\/"},"wordCount":633,"publisher":{"@id":"https:\/\/www.bellunopress.it\/#organization"},"image":{"@id":"https:\/\/www.bellunopress.it\/2021\/05\/21\/dolomiti-film-festival-natura-ambiente-montagna-dal-27-al-30-maggio\/#primaryimage"},"thumbnailUrl":"https:\/\/www.bellunopress.it\/wp-content\/uploads\/2021\/05\/Dolomiti-Film-Festival_edited.jpg","articleSection":["Appuntamenti, Eventi","Arte, Cultura, Spettacoli, Scienza","Featured","Pausa Caff\u00e8"],"inLanguage":"fr-FR"},{"@type":"WebPage","@id":"https:\/\/www.bellunopress.it\/2021\/05\/21\/dolomiti-film-festival-natura-ambiente-montagna-dal-27-al-30-maggio\/","url":"https:\/\/www.bellunopress.it\/2021\/05\/21\/dolomiti-film-festival-natura-ambiente-montagna-dal-27-al-30-maggio\/","name":"Dolomiti Film Festival: natura, ambiente montagna. Dal 27 al 30 maggio - Bellunopress - Dolomiti","isPartOf":{"@id":"https:\/\/www.bellunopress.it\/#website"},"primaryImageOfPage":{"@id":"https:\/\/www.bellunopress.it\/2021\/05\/21\/dolomiti-film-festival-natura-ambiente-montagna-dal-27-al-30-maggio\/#primaryimage"},"image":{"@id":"https:\/\/www.bellunopress.it\/2021\/05\/21\/dolomiti-film-festival-natura-ambiente-montagna-dal-27-al-30-maggio\/#primaryimage"},"thumbnailUrl":"https:\/\/www.bellunopress.it\/wp-content\/uploads\/2021\/05\/Dolomiti-Film-Festival_edited.jpg","datePublished":"2021-05-21T17:10:17+00:00","dateModified":"2021-05-21T19:40:23+00:00","breadcrumb":{"@id":"https:\/\/www.bellunopress.it\/2021\/05\/21\/dolomiti-film-festival-natura-ambiente-montagna-dal-27-al-30-maggio\/#breadcrumb"},"inLanguage":"fr-FR","potentialAction":[{"@type":"ReadAction","target":["https:\/\/www.bellunopress.it\/2021\/05\/21\/dolomiti-film-festival-natura-ambiente-montagna-dal-27-al-30-maggio\/"]}]},{"@type":"ImageObject","inLanguage":"fr-FR","@id":"https:\/\/www.bellunopress.it\/2021\/05\/21\/dolomiti-film-festival-natura-ambiente-montagna-dal-27-al-30-maggio\/#primaryimage","url":"https:\/\/www.bellunopress.it\/wp-content\/uploads\/2021\/05\/Dolomiti-Film-Festival_edited.jpg","contentUrl":"https:\/\/www.bellunopress.it\/wp-content\/uploads\/2021\/05\/Dolomiti-Film-Festival_edited.jpg","width":622,"height":357},{"@type":"BreadcrumbList","@id":"https:\/\/www.bellunopress.it\/2021\/05\/21\/dolomiti-film-festival-natura-ambiente-montagna-dal-27-al-30-maggio\/#breadcrumb","itemListElement":[{"@type":"ListItem","position":1,"name":"Home","item":"https:\/\/www.bellunopress.it\/"},{"@type":"ListItem","position":2,"name":"Dolomiti Film Festival: natura, ambiente montagna. Dal 27 al 30 maggio"}]},{"@type":"WebSite","@id":"https:\/\/www.bellunopress.it\/#website","url":"https:\/\/www.bellunopress.it\/","name":"Bellunopress - Dolomiti","description":"e-mail: redazione@bellunopress.it","publisher":{"@id":"https:\/\/www.bellunopress.it\/#organization"},"potentialAction":[{"@type":"SearchAction","target":{"@type":"EntryPoint","urlTemplate":"https:\/\/www.bellunopress.it\/?s={search_term_string}"},"query-input":{"@type":"PropertyValueSpecification","valueRequired":true,"valueName":"search_term_string"}}],"inLanguage":"fr-FR"},{"@type":"Organization","@id":"https:\/\/www.bellunopress.it\/#organization","name":"Bellunopress","url":"https:\/\/www.bellunopress.it\/","logo":{"@type":"ImageObject","inLanguage":"fr-FR","@id":"https:\/\/www.bellunopress.it\/#\/schema\/logo\/image\/","url":"https:\/\/www.bellunopress.it\/wp-content\/uploads\/2011\/05\/cropped-logo-bellunopress-.jpg","contentUrl":"https:\/\/www.bellunopress.it\/wp-content\/uploads\/2011\/05\/cropped-logo-bellunopress-.jpg","width":512,"height":512,"caption":"Bellunopress"},"image":{"@id":"https:\/\/www.bellunopress.it\/#\/schema\/logo\/image\/"},"sameAs":["https:\/\/www.facebook.com\/profile.php?id=100008943462799","https:\/\/x.com\/bellunopress","https:\/\/www.linkedin.com\/hp\/?dnr=JBzUWaJfMUw8vbXJJ2tVW5-I3jZKvC4wsoxE&amp;amp;amp;amp;amp;amp;trk=nav_responsive_tab_home","https:\/\/www.youtube.com\/channel\/UCxL0wu1uN0_3_7hGG0306cw"]},{"@type":"Person","@id":"https:\/\/www.bellunopress.it\/#\/schema\/person\/79bb06722b37ece1c03d3e94beb30d73","name":"r\u00e9daction","image":{"@type":"ImageObject","inLanguage":"fr-FR","@id":"https:\/\/secure.gravatar.com\/avatar\/37d968a2e67a6fd04c169c4bdef102d0bc5d31b2546345219e348575eb80e9a0?s=96&d=mm&r=g","url":"https:\/\/secure.gravatar.com\/avatar\/37d968a2e67a6fd04c169c4bdef102d0bc5d31b2546345219e348575eb80e9a0?s=96&d=mm&r=g","contentUrl":"https:\/\/secure.gravatar.com\/avatar\/37d968a2e67a6fd04c169c4bdef102d0bc5d31b2546345219e348575eb80e9a0?s=96&d=mm&r=g","caption":"redazione"},"sameAs":["http:\/\/www.bellunopress.it","https:\/\/x.com\/bellunopress"],"url":"https:\/\/www.bellunopress.it\/fr\/author\/redazione\/"}]}},"_links":{"self":[{"href":"https:\/\/www.bellunopress.it\/fr\/wp-json\/wp\/v2\/posts\/124627","targetHints":{"allow":["GET"]}}],"collection":[{"href":"https:\/\/www.bellunopress.it\/fr\/wp-json\/wp\/v2\/posts"}],"about":[{"href":"https:\/\/www.bellunopress.it\/fr\/wp-json\/wp\/v2\/types\/post"}],"author":[{"embeddable":true,"href":"https:\/\/www.bellunopress.it\/fr\/wp-json\/wp\/v2\/users\/2"}],"replies":[{"embeddable":true,"href":"https:\/\/www.bellunopress.it\/fr\/wp-json\/wp\/v2\/comments?post=124627"}],"version-history":[{"count":2,"href":"https:\/\/www.bellunopress.it\/fr\/wp-json\/wp\/v2\/posts\/124627\/revisions"}],"predecessor-version":[{"id":124630,"href":"https:\/\/www.bellunopress.it\/fr\/wp-json\/wp\/v2\/posts\/124627\/revisions\/124630"}],"wp:featuredmedia":[{"embeddable":true,"href":"https:\/\/www.bellunopress.it\/fr\/wp-json\/wp\/v2\/media\/124628"}],"wp:attachment":[{"href":"https:\/\/www.bellunopress.it\/fr\/wp-json\/wp\/v2\/media?parent=124627"}],"wp:term":[{"taxonomy":"category","embeddable":true,"href":"https:\/\/www.bellunopress.it\/fr\/wp-json\/wp\/v2\/categories?post=124627"},{"taxonomy":"post_tag","embeddable":true,"href":"https:\/\/www.bellunopress.it\/fr\/wp-json\/wp\/v2\/tags?post=124627"}],"curies":[{"name":"wp","href":"https:\/\/api.w.org\/{rel}","templated":true}]}}