{"id":12457,"date":"2010-02-12T20:49:23","date_gmt":"2010-02-12T19:49:23","guid":{"rendered":"http:\/\/www.bellunopress.it\/?p=12457"},"modified":"2010-02-12T20:49:23","modified_gmt":"2010-02-12T19:49:23","slug":"presentazione-di-master-plan-la-nuova-normativa-che-regolera-il-parco-delle-dolomiti-ma-de-bona-martino-e-fiori-eludono-le-domande-del-pubblico","status":"publish","type":"post","link":"https:\/\/www.bellunopress.it\/fr\/2010\/02\/12\/presentazione-di-master-plan-la-nuova-normativa-che-regolera-il-parco-delle-dolomiti-ma-de-bona-martino-e-fiori-eludono-le-domande-del-pubblico\/","title":{"rendered":"Presentazione di &#8220;Master Plan&#8221;, la nuova normativa che regoler\u00e0 il Parco delle Dolomiti. Ma De Bona, Martino e Fiori eludono le domande del pubblico"},"content":{"rendered":"<p><a href=\"http:\/\/www.bellunopress.it\/wp-content\/uploads\/2010\/02\/blitz-avatar1.jpg\"><img loading=\"lazy\" decoding=\"async\" class=\"alignleft size-medium wp-image-12459\" title=\"blitz-avatar1\" src=\"http:\/\/www.bellunopress.it\/wp-content\/uploads\/2010\/02\/blitz-avatar1.jpg\" alt=\"\" width=\"187\" height=\"280\" \/><\/a>\u201cManderanno un messaggio per dirci che loro possono prendersi tutto quello che vogliono. Ma noi manderemo il nostro messaggio: questa \u00e8 la nostra terra\u201d! <a href=\"http:\/\/www.bellunopress.it\/wp-content\/uploads\/2010\/02\/belluno-e-la-nostra-terra.jpg\"><img loading=\"lazy\" decoding=\"async\" class=\"alignleft size-medium wp-image-12460\" title=\"belluno-e-la-nostra-terra\" src=\"http:\/\/www.bellunopress.it\/wp-content\/uploads\/2010\/02\/belluno-e-la-nostra-terra.jpg\" alt=\"\" width=\"280\" height=\"100\" \/><\/a>Gioved\u00ec sera a Bolzano bellunese,\u00a0 per la presentazione del nuovo Piano del Parco nazionale delle Dolomiti bellunesi, i ragazzi del Blitz e il Comitato acqua bene comune (<a href=\"http:\/\/www.acquabenecomunebelluno.info\">www.acquabenecomunebelluno.info<\/a>)\u00a0 hanno preparato una rappresentazione ispirata al film Avatar, dal quale \u00e8 tratta la citazione. Che ha tutta l&#8217;aria d&#8217;essere una profezia. Il riferimento \u00e8 al progetto di costruzione di una centralina elettrica in Val del Mis, presentato dalla ditta bresciana Valsabbia.\u00a0\u00a0 \u00abOggi oltre il 90% delle acque bellunesi \u00e8 gi\u00e0 utilizzata &#8211; ha detto il loro portavoce &#8211; ci\u00f2 nonostante il consiglio direttivo del Parco ha autorizzato l&#8217;edificazione di mille metri cubi di manufatto, bench\u00e9 la Legge quadro sul Parco vieti qualsiasi tipo di intervento strutturale. Quindi siamo in presenza di un abuso edilizio contro il quale presenteremo ricorso al Magistrato delle acque\u00bb. <a href=\"http:\/\/www.bellunopress.it\/wp-content\/uploads\/2010\/02\/parco-delle-dolomiti-011.jpg\"><img loading=\"lazy\" decoding=\"async\" class=\"alignleft size-medium wp-image-12461\" title=\"parco-delle-dolomiti-011\" src=\"http:\/\/www.bellunopress.it\/wp-content\/uploads\/2010\/02\/parco-delle-dolomiti-011.jpg\" alt=\"\" width=\"270\" height=\"180\" \/><\/a>Osservazioni alle quali il direttore del Parco Nino Martino ha preferito chiamarsi fuori, indicando altrove le responsabilit\u00e0: \u00abE&#8217; il consiglio direttivo &#8211; ha detto &#8211; che ha ritenuto legittima la richiesta e lo stesso ha fatto il ministero dell&#8217;Ambiente\u00bb.\u00a0 Erano presenti in veste di relatori Giorgio De Bona, presidente della Comunit\u00e0 montana bellunese, Benedetto Fiori neo commissario del Parco, Nino Martino direttore del Parco e il sindaco di Belluno Antonio Prade. Che hanno dato ampie rassicurazioni sulla disponibilit\u00e0 delle istituzioni a recepire le istanze della gente. Ma le loro risposte, quando l&#8217;ambiente si \u00e8 surriscaldato, sono state piuttosto elusive. E De Bona si \u00e8 affrettato a chiudere l&#8217;incontro.<\/p>","protected":false},"excerpt":{"rendered":"<p>\u201cManderanno un messaggio per dirci che loro possono prendersi tutto quello che vogliono. Ma noi manderemo il nostro messaggio: questa \u00e8 la nostra terra\u201d! Gioved\u00ec sera a Bolzano bellunese,\u00a0 per la presentazione del nuovo Piano del Parco nazionale delle Dolomiti bellunesi, i ragazzi del Blitz e il Comitato acqua bene comune (www.acquabenecomunebelluno.info)\u00a0 hanno preparato una [&hellip;]<\/p>\n","protected":false},"author":2,"featured_media":0,"comment_status":"closed","ping_status":"open","sticky":false,"template":"","format":"standard","meta":{"footnotes":""},"categories":[5,38],"tags":[139,63],"class_list":["post-12457","post","type-post","status-publish","format-standard","category-cronaca","category-natura-ambiente","tag-belluno","tag-dolomiti"],"yoast_head":"<!-- This site is optimized with the Yoast SEO plugin v28.4 - https:\/\/yoast.com\/product\/yoast-seo-wordpress\/ -->\n<title>Presentazione di &quot;Master Plan&quot;, la nuova normativa che regoler\u00e0 il Parco delle Dolomiti. Ma De Bona, Martino e Fiori eludono le domande del pubblico  - Bellunopress - Dolomiti<\/title>\n<meta name=\"robots\" content=\"index, follow, max-snippet:-1, max-image-preview:large, max-video-preview:-1\" \/>\n<link rel=\"canonical\" href=\"https:\/\/www.bellunopress.it\/fr\/2010\/02\/12\/presentazione-di-master-plan-la-nuova-normativa-che-regolera-il-parco-delle-dolomiti-ma-de-bona-martino-e-fiori-eludono-le-domande-del-pubblico\/\" \/>\n<meta property=\"og:locale\" content=\"fr_FR\" \/>\n<meta property=\"og:type\" content=\"article\" \/>\n<meta property=\"og:title\" content=\"Presentazione di &quot;Master Plan&quot;, la nuova normativa che regoler\u00e0 il Parco delle Dolomiti. Ma De Bona, Martino e Fiori eludono le domande del pubblico  - Bellunopress - Dolomiti\" \/>\n<meta property=\"og:description\" content=\"\u201cManderanno un messaggio per dirci che loro possono prendersi tutto quello che vogliono. Ma noi manderemo il nostro messaggio: questa \u00e8 la nostra terra\u201d! Gioved\u00ec sera a Bolzano bellunese,\u00a0 per la presentazione del nuovo Piano del Parco nazionale delle Dolomiti bellunesi, i ragazzi del Blitz e il Comitato acqua bene comune (www.acquabenecomunebelluno.info)\u00a0 hanno preparato una [&hellip;]\" \/>\n<meta property=\"og:url\" content=\"https:\/\/www.bellunopress.it\/fr\/2010\/02\/12\/presentazione-di-master-plan-la-nuova-normativa-che-regolera-il-parco-delle-dolomiti-ma-de-bona-martino-e-fiori-eludono-le-domande-del-pubblico\/\" \/>\n<meta property=\"og:site_name\" content=\"Bellunopress - Dolomiti\" \/>\n<meta property=\"article:publisher\" content=\"https:\/\/www.facebook.com\/profile.php?id=100008943462799\" \/>\n<meta property=\"article:published_time\" content=\"2010-02-12T19:49:23+00:00\" \/>\n<meta property=\"og:image\" content=\"http:\/\/www.bellunopress.it\/wp-content\/uploads\/2010\/02\/blitz-avatar1.jpg\" \/>\n<meta name=\"author\" content=\"redazione\" \/>\n<meta name=\"twitter:card\" content=\"summary_large_image\" \/>\n<meta name=\"twitter:creator\" content=\"@bellunopress\" \/>\n<meta name=\"twitter:site\" content=\"@bellunopress\" \/>\n<meta name=\"twitter:label1\" content=\"\u00c9crit par\" \/>\n\t<meta name=\"twitter:data1\" content=\"redazione\" \/>\n\t<meta name=\"twitter:label2\" content=\"Dur\u00e9e de lecture estim\u00e9e\" \/>\n\t<meta name=\"twitter:data2\" content=\"1 minute\" \/>\n<script type=\"application\/ld+json\" class=\"yoast-schema-graph\">{\"@context\":\"https:\\\/\\\/schema.org\",\"@graph\":[{\"@type\":\"Article\",\"@id\":\"https:\\\/\\\/www.bellunopress.it\\\/2010\\\/02\\\/12\\\/presentazione-di-master-plan-la-nuova-normativa-che-regolera-il-parco-delle-dolomiti-ma-de-bona-martino-e-fiori-eludono-le-domande-del-pubblico\\\/#article\",\"isPartOf\":{\"@id\":\"https:\\\/\\\/www.bellunopress.it\\\/2010\\\/02\\\/12\\\/presentazione-di-master-plan-la-nuova-normativa-che-regolera-il-parco-delle-dolomiti-ma-de-bona-martino-e-fiori-eludono-le-domande-del-pubblico\\\/\"},\"author\":{\"name\":\"redazione\",\"@id\":\"https:\\\/\\\/www.bellunopress.it\\\/#\\\/schema\\\/person\\\/79bb06722b37ece1c03d3e94beb30d73\"},\"headline\":\"Presentazione di &#8220;Master Plan&#8221;, la nuova normativa che regoler\u00e0 il Parco delle Dolomiti. Ma De Bona, Martino e Fiori eludono le domande del pubblico\",\"datePublished\":\"2010-02-12T19:49:23+00:00\",\"mainEntityOfPage\":{\"@id\":\"https:\\\/\\\/www.bellunopress.it\\\/2010\\\/02\\\/12\\\/presentazione-di-master-plan-la-nuova-normativa-che-regolera-il-parco-delle-dolomiti-ma-de-bona-martino-e-fiori-eludono-le-domande-del-pubblico\\\/\"},\"wordCount\":288,\"publisher\":{\"@id\":\"https:\\\/\\\/www.bellunopress.it\\\/#organization\"},\"image\":{\"@id\":\"https:\\\/\\\/www.bellunopress.it\\\/2010\\\/02\\\/12\\\/presentazione-di-master-plan-la-nuova-normativa-che-regolera-il-parco-delle-dolomiti-ma-de-bona-martino-e-fiori-eludono-le-domande-del-pubblico\\\/#primaryimage\"},\"thumbnailUrl\":\"http:\\\/\\\/www.bellunopress.it\\\/wp-content\\\/uploads\\\/2010\\\/02\\\/blitz-avatar1.jpg\",\"keywords\":[\"Belluno\",\"Dolomiti\"],\"articleSection\":[\"Cronaca\\\/Politica\",\"Meteo, natura, ambiente, animali\"],\"inLanguage\":\"fr-FR\"},{\"@type\":\"WebPage\",\"@id\":\"https:\\\/\\\/www.bellunopress.it\\\/2010\\\/02\\\/12\\\/presentazione-di-master-plan-la-nuova-normativa-che-regolera-il-parco-delle-dolomiti-ma-de-bona-martino-e-fiori-eludono-le-domande-del-pubblico\\\/\",\"url\":\"https:\\\/\\\/www.bellunopress.it\\\/2010\\\/02\\\/12\\\/presentazione-di-master-plan-la-nuova-normativa-che-regolera-il-parco-delle-dolomiti-ma-de-bona-martino-e-fiori-eludono-le-domande-del-pubblico\\\/\",\"name\":\"Presentazione di \\\"Master Plan\\\", la nuova normativa che regoler\u00e0 il Parco delle Dolomiti. Ma De Bona, Martino e Fiori eludono le domande del pubblico - Bellunopress - Dolomiti\",\"isPartOf\":{\"@id\":\"https:\\\/\\\/www.bellunopress.it\\\/#website\"},\"primaryImageOfPage\":{\"@id\":\"https:\\\/\\\/www.bellunopress.it\\\/2010\\\/02\\\/12\\\/presentazione-di-master-plan-la-nuova-normativa-che-regolera-il-parco-delle-dolomiti-ma-de-bona-martino-e-fiori-eludono-le-domande-del-pubblico\\\/#primaryimage\"},\"image\":{\"@id\":\"https:\\\/\\\/www.bellunopress.it\\\/2010\\\/02\\\/12\\\/presentazione-di-master-plan-la-nuova-normativa-che-regolera-il-parco-delle-dolomiti-ma-de-bona-martino-e-fiori-eludono-le-domande-del-pubblico\\\/#primaryimage\"},\"thumbnailUrl\":\"http:\\\/\\\/www.bellunopress.it\\\/wp-content\\\/uploads\\\/2010\\\/02\\\/blitz-avatar1.jpg\",\"datePublished\":\"2010-02-12T19:49:23+00:00\",\"breadcrumb\":{\"@id\":\"https:\\\/\\\/www.bellunopress.it\\\/2010\\\/02\\\/12\\\/presentazione-di-master-plan-la-nuova-normativa-che-regolera-il-parco-delle-dolomiti-ma-de-bona-martino-e-fiori-eludono-le-domande-del-pubblico\\\/#breadcrumb\"},\"inLanguage\":\"fr-FR\",\"potentialAction\":[{\"@type\":\"ReadAction\",\"target\":[\"https:\\\/\\\/www.bellunopress.it\\\/2010\\\/02\\\/12\\\/presentazione-di-master-plan-la-nuova-normativa-che-regolera-il-parco-delle-dolomiti-ma-de-bona-martino-e-fiori-eludono-le-domande-del-pubblico\\\/\"]}]},{\"@type\":\"ImageObject\",\"inLanguage\":\"fr-FR\",\"@id\":\"https:\\\/\\\/www.bellunopress.it\\\/2010\\\/02\\\/12\\\/presentazione-di-master-plan-la-nuova-normativa-che-regolera-il-parco-delle-dolomiti-ma-de-bona-martino-e-fiori-eludono-le-domande-del-pubblico\\\/#primaryimage\",\"url\":\"http:\\\/\\\/www.bellunopress.it\\\/wp-content\\\/uploads\\\/2010\\\/02\\\/blitz-avatar1.jpg\",\"contentUrl\":\"http:\\\/\\\/www.bellunopress.it\\\/wp-content\\\/uploads\\\/2010\\\/02\\\/blitz-avatar1.jpg\"},{\"@type\":\"BreadcrumbList\",\"@id\":\"https:\\\/\\\/www.bellunopress.it\\\/2010\\\/02\\\/12\\\/presentazione-di-master-plan-la-nuova-normativa-che-regolera-il-parco-delle-dolomiti-ma-de-bona-martino-e-fiori-eludono-le-domande-del-pubblico\\\/#breadcrumb\",\"itemListElement\":[{\"@type\":\"ListItem\",\"position\":1,\"name\":\"Home\",\"item\":\"https:\\\/\\\/www.bellunopress.it\\\/\"},{\"@type\":\"ListItem\",\"position\":2,\"name\":\"Presentazione di &#8220;Master Plan&#8221;, la nuova normativa che regoler\u00e0 il Parco delle Dolomiti. Ma De Bona, Martino e Fiori eludono le domande del pubblico\"}]},{\"@type\":\"WebSite\",\"@id\":\"https:\\\/\\\/www.bellunopress.it\\\/#website\",\"url\":\"https:\\\/\\\/www.bellunopress.it\\\/\",\"name\":\"Bellunopress - Dolomiti\",\"description\":\"e-mail: redazione@bellunopress.it\",\"publisher\":{\"@id\":\"https:\\\/\\\/www.bellunopress.it\\\/#organization\"},\"potentialAction\":[{\"@type\":\"SearchAction\",\"target\":{\"@type\":\"EntryPoint\",\"urlTemplate\":\"https:\\\/\\\/www.bellunopress.it\\\/?s={search_term_string}\"},\"query-input\":{\"@type\":\"PropertyValueSpecification\",\"valueRequired\":true,\"valueName\":\"search_term_string\"}}],\"inLanguage\":\"fr-FR\"},{\"@type\":\"Organization\",\"@id\":\"https:\\\/\\\/www.bellunopress.it\\\/#organization\",\"name\":\"Bellunopress\",\"url\":\"https:\\\/\\\/www.bellunopress.it\\\/\",\"logo\":{\"@type\":\"ImageObject\",\"inLanguage\":\"fr-FR\",\"@id\":\"https:\\\/\\\/www.bellunopress.it\\\/#\\\/schema\\\/logo\\\/image\\\/\",\"url\":\"https:\\\/\\\/www.bellunopress.it\\\/wp-content\\\/uploads\\\/2011\\\/05\\\/cropped-logo-bellunopress-.jpg\",\"contentUrl\":\"https:\\\/\\\/www.bellunopress.it\\\/wp-content\\\/uploads\\\/2011\\\/05\\\/cropped-logo-bellunopress-.jpg\",\"width\":512,\"height\":512,\"caption\":\"Bellunopress\"},\"image\":{\"@id\":\"https:\\\/\\\/www.bellunopress.it\\\/#\\\/schema\\\/logo\\\/image\\\/\"},\"sameAs\":[\"https:\\\/\\\/www.facebook.com\\\/profile.php?id=100008943462799\",\"https:\\\/\\\/x.com\\\/bellunopress\",\"https:\\\/\\\/www.linkedin.com\\\/hp\\\/?dnr=JBzUWaJfMUw8vbXJJ2tVW5-I3jZKvC4wsoxE&amp;amp;amp;amp;amp;amp;trk=nav_responsive_tab_home\",\"https:\\\/\\\/www.youtube.com\\\/channel\\\/UCxL0wu1uN0_3_7hGG0306cw\"]},{\"@type\":\"Person\",\"@id\":\"https:\\\/\\\/www.bellunopress.it\\\/#\\\/schema\\\/person\\\/79bb06722b37ece1c03d3e94beb30d73\",\"name\":\"redazione\",\"image\":{\"@type\":\"ImageObject\",\"inLanguage\":\"fr-FR\",\"@id\":\"https:\\\/\\\/secure.gravatar.com\\\/avatar\\\/37d968a2e67a6fd04c169c4bdef102d0bc5d31b2546345219e348575eb80e9a0?s=96&d=mm&r=g\",\"url\":\"https:\\\/\\\/secure.gravatar.com\\\/avatar\\\/37d968a2e67a6fd04c169c4bdef102d0bc5d31b2546345219e348575eb80e9a0?s=96&d=mm&r=g\",\"contentUrl\":\"https:\\\/\\\/secure.gravatar.com\\\/avatar\\\/37d968a2e67a6fd04c169c4bdef102d0bc5d31b2546345219e348575eb80e9a0?s=96&d=mm&r=g\",\"caption\":\"redazione\"},\"sameAs\":[\"http:\\\/\\\/www.bellunopress.it\",\"https:\\\/\\\/x.com\\\/bellunopress\"],\"url\":\"https:\\\/\\\/www.bellunopress.it\\\/fr\\\/author\\\/redazione\\\/\"}]}<\/script>\n<!-- \/ Yoast SEO plugin. -->","yoast_head_json":{"title":"Presentazione di \"Master Plan\", la nuova normativa che regoler\u00e0 il Parco delle Dolomiti. Ma De Bona, Martino e Fiori eludono le domande del pubblico  - Bellunopress - Dolomiti","robots":{"index":"index","follow":"follow","max-snippet":"max-snippet:-1","max-image-preview":"max-image-preview:large","max-video-preview":"max-video-preview:-1"},"canonical":"https:\/\/www.bellunopress.it\/fr\/2010\/02\/12\/presentazione-di-master-plan-la-nuova-normativa-che-regolera-il-parco-delle-dolomiti-ma-de-bona-martino-e-fiori-eludono-le-domande-del-pubblico\/","og_locale":"fr_FR","og_type":"article","og_title":"Presentazione di \"Master Plan\", la nuova normativa che regoler\u00e0 il Parco delle Dolomiti. Ma De Bona, Martino e Fiori eludono le domande del pubblico  - Bellunopress - Dolomiti","og_description":"\u201cManderanno un messaggio per dirci che loro possono prendersi tutto quello che vogliono. Ma noi manderemo il nostro messaggio: questa \u00e8 la nostra terra\u201d! Gioved\u00ec sera a Bolzano bellunese,\u00a0 per la presentazione del nuovo Piano del Parco nazionale delle Dolomiti bellunesi, i ragazzi del Blitz e il Comitato acqua bene comune (www.acquabenecomunebelluno.info)\u00a0 hanno preparato una [&hellip;]","og_url":"https:\/\/www.bellunopress.it\/fr\/2010\/02\/12\/presentazione-di-master-plan-la-nuova-normativa-che-regolera-il-parco-delle-dolomiti-ma-de-bona-martino-e-fiori-eludono-le-domande-del-pubblico\/","og_site_name":"Bellunopress - Dolomiti","article_publisher":"https:\/\/www.facebook.com\/profile.php?id=100008943462799","article_published_time":"2010-02-12T19:49:23+00:00","og_image":[{"url":"http:\/\/www.bellunopress.it\/wp-content\/uploads\/2010\/02\/blitz-avatar1.jpg","type":"","width":"","height":""}],"author":"redazione","twitter_card":"summary_large_image","twitter_creator":"@bellunopress","twitter_site":"@bellunopress","twitter_misc":{"\u00c9crit par":"redazione","Dur\u00e9e de lecture estim\u00e9e":"1 minute"},"schema":{"@context":"https:\/\/schema.org","@graph":[{"@type":"Article","@id":"https:\/\/www.bellunopress.it\/2010\/02\/12\/presentazione-di-master-plan-la-nuova-normativa-che-regolera-il-parco-delle-dolomiti-ma-de-bona-martino-e-fiori-eludono-le-domande-del-pubblico\/#article","isPartOf":{"@id":"https:\/\/www.bellunopress.it\/2010\/02\/12\/presentazione-di-master-plan-la-nuova-normativa-che-regolera-il-parco-delle-dolomiti-ma-de-bona-martino-e-fiori-eludono-le-domande-del-pubblico\/"},"author":{"name":"redazione","@id":"https:\/\/www.bellunopress.it\/#\/schema\/person\/79bb06722b37ece1c03d3e94beb30d73"},"headline":"Presentazione di &#8220;Master Plan&#8221;, la nuova normativa che regoler\u00e0 il Parco delle Dolomiti. Ma De Bona, Martino e Fiori eludono le domande del pubblico","datePublished":"2010-02-12T19:49:23+00:00","mainEntityOfPage":{"@id":"https:\/\/www.bellunopress.it\/2010\/02\/12\/presentazione-di-master-plan-la-nuova-normativa-che-regolera-il-parco-delle-dolomiti-ma-de-bona-martino-e-fiori-eludono-le-domande-del-pubblico\/"},"wordCount":288,"publisher":{"@id":"https:\/\/www.bellunopress.it\/#organization"},"image":{"@id":"https:\/\/www.bellunopress.it\/2010\/02\/12\/presentazione-di-master-plan-la-nuova-normativa-che-regolera-il-parco-delle-dolomiti-ma-de-bona-martino-e-fiori-eludono-le-domande-del-pubblico\/#primaryimage"},"thumbnailUrl":"http:\/\/www.bellunopress.it\/wp-content\/uploads\/2010\/02\/blitz-avatar1.jpg","keywords":["Belluno","Dolomiti"],"articleSection":["Cronaca\/Politica","Meteo, natura, ambiente, animali"],"inLanguage":"fr-FR"},{"@type":"WebPage","@id":"https:\/\/www.bellunopress.it\/2010\/02\/12\/presentazione-di-master-plan-la-nuova-normativa-che-regolera-il-parco-delle-dolomiti-ma-de-bona-martino-e-fiori-eludono-le-domande-del-pubblico\/","url":"https:\/\/www.bellunopress.it\/2010\/02\/12\/presentazione-di-master-plan-la-nuova-normativa-che-regolera-il-parco-delle-dolomiti-ma-de-bona-martino-e-fiori-eludono-le-domande-del-pubblico\/","name":"Presentazione di \"Master Plan\", la nuova normativa che regoler\u00e0 il Parco delle Dolomiti. Ma De Bona, Martino e Fiori eludono le domande del pubblico - Bellunopress - Dolomiti","isPartOf":{"@id":"https:\/\/www.bellunopress.it\/#website"},"primaryImageOfPage":{"@id":"https:\/\/www.bellunopress.it\/2010\/02\/12\/presentazione-di-master-plan-la-nuova-normativa-che-regolera-il-parco-delle-dolomiti-ma-de-bona-martino-e-fiori-eludono-le-domande-del-pubblico\/#primaryimage"},"image":{"@id":"https:\/\/www.bellunopress.it\/2010\/02\/12\/presentazione-di-master-plan-la-nuova-normativa-che-regolera-il-parco-delle-dolomiti-ma-de-bona-martino-e-fiori-eludono-le-domande-del-pubblico\/#primaryimage"},"thumbnailUrl":"http:\/\/www.bellunopress.it\/wp-content\/uploads\/2010\/02\/blitz-avatar1.jpg","datePublished":"2010-02-12T19:49:23+00:00","breadcrumb":{"@id":"https:\/\/www.bellunopress.it\/2010\/02\/12\/presentazione-di-master-plan-la-nuova-normativa-che-regolera-il-parco-delle-dolomiti-ma-de-bona-martino-e-fiori-eludono-le-domande-del-pubblico\/#breadcrumb"},"inLanguage":"fr-FR","potentialAction":[{"@type":"ReadAction","target":["https:\/\/www.bellunopress.it\/2010\/02\/12\/presentazione-di-master-plan-la-nuova-normativa-che-regolera-il-parco-delle-dolomiti-ma-de-bona-martino-e-fiori-eludono-le-domande-del-pubblico\/"]}]},{"@type":"ImageObject","inLanguage":"fr-FR","@id":"https:\/\/www.bellunopress.it\/2010\/02\/12\/presentazione-di-master-plan-la-nuova-normativa-che-regolera-il-parco-delle-dolomiti-ma-de-bona-martino-e-fiori-eludono-le-domande-del-pubblico\/#primaryimage","url":"http:\/\/www.bellunopress.it\/wp-content\/uploads\/2010\/02\/blitz-avatar1.jpg","contentUrl":"http:\/\/www.bellunopress.it\/wp-content\/uploads\/2010\/02\/blitz-avatar1.jpg"},{"@type":"BreadcrumbList","@id":"https:\/\/www.bellunopress.it\/2010\/02\/12\/presentazione-di-master-plan-la-nuova-normativa-che-regolera-il-parco-delle-dolomiti-ma-de-bona-martino-e-fiori-eludono-le-domande-del-pubblico\/#breadcrumb","itemListElement":[{"@type":"ListItem","position":1,"name":"Home","item":"https:\/\/www.bellunopress.it\/"},{"@type":"ListItem","position":2,"name":"Presentazione di &#8220;Master Plan&#8221;, la nuova normativa che regoler\u00e0 il Parco delle Dolomiti. Ma De Bona, Martino e Fiori eludono le domande del pubblico"}]},{"@type":"WebSite","@id":"https:\/\/www.bellunopress.it\/#website","url":"https:\/\/www.bellunopress.it\/","name":"Bellunopress - Dolomiti","description":"e-mail: redazione@bellunopress.it","publisher":{"@id":"https:\/\/www.bellunopress.it\/#organization"},"potentialAction":[{"@type":"SearchAction","target":{"@type":"EntryPoint","urlTemplate":"https:\/\/www.bellunopress.it\/?s={search_term_string}"},"query-input":{"@type":"PropertyValueSpecification","valueRequired":true,"valueName":"search_term_string"}}],"inLanguage":"fr-FR"},{"@type":"Organization","@id":"https:\/\/www.bellunopress.it\/#organization","name":"Bellunopress","url":"https:\/\/www.bellunopress.it\/","logo":{"@type":"ImageObject","inLanguage":"fr-FR","@id":"https:\/\/www.bellunopress.it\/#\/schema\/logo\/image\/","url":"https:\/\/www.bellunopress.it\/wp-content\/uploads\/2011\/05\/cropped-logo-bellunopress-.jpg","contentUrl":"https:\/\/www.bellunopress.it\/wp-content\/uploads\/2011\/05\/cropped-logo-bellunopress-.jpg","width":512,"height":512,"caption":"Bellunopress"},"image":{"@id":"https:\/\/www.bellunopress.it\/#\/schema\/logo\/image\/"},"sameAs":["https:\/\/www.facebook.com\/profile.php?id=100008943462799","https:\/\/x.com\/bellunopress","https:\/\/www.linkedin.com\/hp\/?dnr=JBzUWaJfMUw8vbXJJ2tVW5-I3jZKvC4wsoxE&amp;amp;amp;amp;amp;amp;trk=nav_responsive_tab_home","https:\/\/www.youtube.com\/channel\/UCxL0wu1uN0_3_7hGG0306cw"]},{"@type":"Person","@id":"https:\/\/www.bellunopress.it\/#\/schema\/person\/79bb06722b37ece1c03d3e94beb30d73","name":"r\u00e9daction","image":{"@type":"ImageObject","inLanguage":"fr-FR","@id":"https:\/\/secure.gravatar.com\/avatar\/37d968a2e67a6fd04c169c4bdef102d0bc5d31b2546345219e348575eb80e9a0?s=96&d=mm&r=g","url":"https:\/\/secure.gravatar.com\/avatar\/37d968a2e67a6fd04c169c4bdef102d0bc5d31b2546345219e348575eb80e9a0?s=96&d=mm&r=g","contentUrl":"https:\/\/secure.gravatar.com\/avatar\/37d968a2e67a6fd04c169c4bdef102d0bc5d31b2546345219e348575eb80e9a0?s=96&d=mm&r=g","caption":"redazione"},"sameAs":["http:\/\/www.bellunopress.it","https:\/\/x.com\/bellunopress"],"url":"https:\/\/www.bellunopress.it\/fr\/author\/redazione\/"}]}},"_links":{"self":[{"href":"https:\/\/www.bellunopress.it\/fr\/wp-json\/wp\/v2\/posts\/12457","targetHints":{"allow":["GET"]}}],"collection":[{"href":"https:\/\/www.bellunopress.it\/fr\/wp-json\/wp\/v2\/posts"}],"about":[{"href":"https:\/\/www.bellunopress.it\/fr\/wp-json\/wp\/v2\/types\/post"}],"author":[{"embeddable":true,"href":"https:\/\/www.bellunopress.it\/fr\/wp-json\/wp\/v2\/users\/2"}],"replies":[{"embeddable":true,"href":"https:\/\/www.bellunopress.it\/fr\/wp-json\/wp\/v2\/comments?post=12457"}],"version-history":[{"count":1,"href":"https:\/\/www.bellunopress.it\/fr\/wp-json\/wp\/v2\/posts\/12457\/revisions"}],"predecessor-version":[{"id":12462,"href":"https:\/\/www.bellunopress.it\/fr\/wp-json\/wp\/v2\/posts\/12457\/revisions\/12462"}],"wp:attachment":[{"href":"https:\/\/www.bellunopress.it\/fr\/wp-json\/wp\/v2\/media?parent=12457"}],"wp:term":[{"taxonomy":"category","embeddable":true,"href":"https:\/\/www.bellunopress.it\/fr\/wp-json\/wp\/v2\/categories?post=12457"},{"taxonomy":"post_tag","embeddable":true,"href":"https:\/\/www.bellunopress.it\/fr\/wp-json\/wp\/v2\/tags?post=12457"}],"curies":[{"name":"wp","href":"https:\/\/api.w.org\/{rel}","templated":true}]}}