{"id":12453,"date":"2010-02-12T19:06:54","date_gmt":"2010-02-12T18:06:54","guid":{"rendered":"http:\/\/www.bellunopress.it\/?p=12453"},"modified":"2010-02-12T19:06:54","modified_gmt":"2010-02-12T18:06:54","slug":"inaugurato-oggi-il-nuovo-centro-alzheimer-a-feltre","status":"publish","type":"post","link":"https:\/\/www.bellunopress.it\/fr\/2010\/02\/12\/inaugurato-oggi-il-nuovo-centro-alzheimer-a-feltre\/","title":{"rendered":"Inaugurato oggi il nuovo Centro Alzheimer a Feltre"},"content":{"rendered":"<p><a href=\"http:\/\/www.bellunopress.it\/wp-content\/uploads\/2010\/02\/centro-alzheimer-feltre-2.jpg\"><img loading=\"lazy\" decoding=\"async\" class=\"alignleft size-medium wp-image-12455\" title=\"centro-alzheimer-feltre-2\" src=\"http:\/\/www.bellunopress.it\/wp-content\/uploads\/2010\/02\/centro-alzheimer-feltre-2.jpg\" alt=\"\" width=\"270\" height=\"200\" \/><\/a>E&#8217; stato inaugurato questa mattina (venerd\u00ec 12) a Feltre il nuovo Centro Alzheimer in via Belluno 30\u00a0 dell\u2019Azienda Feltrina per i Servizi alla Persona. Il taglio del nastro ha visto la massiccia partecipazione di familiari, operatori, medici , amministratori, consiglieri di amministrazione,\u00a0 assessori, consiglieri comunali, direttori delle case di riposo limitrofe,\u00a0 volontari, sindaci\u00a0 provenienti da tutto il territorio dell&#8217;ulss n.2,\u00a0 peraltro rappresentata dall&#8217;intera dirigenza. La cerimonia \u00e8 iniziata con il discorso del dr. Nicolino Pertile, presidente dell&#8217;Azienda feltrina che\u00a0 ha sottolineato la capacita&#8217; di rispondere in modo appropriato ai bisogni dell&#8217;anziano, sottolineando il valore della persona. Pertile ha elogiato, inoltre, gli operatori e i professionisti e la dirigente dr.Santin &#8220;che governa con autorevolezza l&#8217;intero sistema azienda&#8221;. Il presidente ha concluso ringraziando chi ha contribuito in modo significativo alla realizzazione del centro, e in particolare il signor Vittorino Casarin , feltrino di nascita,\u00a0 per l&#8217;importante donazione utilizzata\u00a0 proprio per la ristrutturazione dell&#8217;edificio. Sono poi intervenuti l&#8217;assessore ai servizi sociali Maurizio Zatta e il consigliere regionale Dario Bond per esprimere la loro riconoscenza oltre che per il signor Casarin, anche per il Comune, la Regione, la Fondazione Cariverona e il Bim. E&#8217; stata, inoltre, sottolineata l&#8217;importanza della sezione ad alta propezione alzheimer, trasferita nel nuovo nucleo e accreditata per la gestione di una patologia cosi&#8217; complessa. Particolarmente significativi sono stati gli interventi del prof. Cesare Lasen a nome della Fondazione Cariverona che ha ricordato la mission della fondazione stessa, l&#8217;impegno nel territorio e la convinzione che dati i positivi risultati sara&#8217; sempre di supporto per simili\u00a0 importanti progetti e\u00a0 le parole\u00a0 del signor Vittorio Casarin, accompagnato dal figlio,\u00a0 commosso anche dalla scelta di dedicare alla moglie Teodolinda Perera il secondo piano dell&#8217; edificio. L&#8217;importanza della cerimonia e&#8217; stata sottolineata dalla presenza del\u00a0 sindaco, senatore Gianvittore Vaccari e del vescovo di Belluno Feltre, mons.Giuseppe Andrich che dopo un momento di preghiera corale ha benedetto il centro, incontrato alcuni pazienti e insieme a tutti i partecipanti\u00a0 visitato la nuova struttura particolarmente apprezzata dai presenti.<\/p>","protected":false},"excerpt":{"rendered":"<p>E&#8217; stato inaugurato questa mattina (venerd\u00ec 12) a Feltre il nuovo Centro Alzheimer in via Belluno 30\u00a0 dell\u2019Azienda Feltrina per i Servizi alla Persona. Il taglio del nastro ha visto la massiccia partecipazione di familiari, operatori, medici , amministratori, consiglieri di amministrazione,\u00a0 assessori, consiglieri comunali, direttori delle case di riposo limitrofe,\u00a0 volontari, sindaci\u00a0 provenienti da [&hellip;]<\/p>\n","protected":false},"author":2,"featured_media":0,"comment_status":"closed","ping_status":"open","sticky":false,"template":"","format":"standard","meta":{"footnotes":""},"categories":[5,26,17],"tags":[3050],"class_list":["post-12453","post","type-post","status-publish","format-standard","category-cronaca","category-prima-pagina","category-sanita","tag-sanita"],"yoast_head":"<!-- This site is optimized with the Yoast SEO plugin v28.4 - https:\/\/yoast.com\/product\/yoast-seo-wordpress\/ -->\n<title>Inaugurato oggi il nuovo Centro Alzheimer a Feltre - Bellunopress - Dolomiti<\/title>\n<meta name=\"robots\" content=\"index, follow, max-snippet:-1, max-image-preview:large, max-video-preview:-1\" \/>\n<link rel=\"canonical\" href=\"https:\/\/www.bellunopress.it\/fr\/2010\/02\/12\/inaugurato-oggi-il-nuovo-centro-alzheimer-a-feltre\/\" \/>\n<meta property=\"og:locale\" content=\"fr_FR\" \/>\n<meta property=\"og:type\" content=\"article\" \/>\n<meta property=\"og:title\" content=\"Inaugurato oggi il nuovo Centro Alzheimer a Feltre - Bellunopress - Dolomiti\" \/>\n<meta property=\"og:description\" content=\"E&#8217; stato inaugurato questa mattina (venerd\u00ec 12) a Feltre il nuovo Centro Alzheimer in via Belluno 30\u00a0 dell\u2019Azienda Feltrina per i Servizi alla Persona. Il taglio del nastro ha visto la massiccia partecipazione di familiari, operatori, medici , amministratori, consiglieri di amministrazione,\u00a0 assessori, consiglieri comunali, direttori delle case di riposo limitrofe,\u00a0 volontari, sindaci\u00a0 provenienti da [&hellip;]\" \/>\n<meta property=\"og:url\" content=\"https:\/\/www.bellunopress.it\/fr\/2010\/02\/12\/inaugurato-oggi-il-nuovo-centro-alzheimer-a-feltre\/\" \/>\n<meta property=\"og:site_name\" content=\"Bellunopress - Dolomiti\" \/>\n<meta property=\"article:publisher\" content=\"https:\/\/www.facebook.com\/profile.php?id=100008943462799\" \/>\n<meta property=\"article:published_time\" content=\"2010-02-12T18:06:54+00:00\" \/>\n<meta property=\"og:image\" content=\"http:\/\/www.bellunopress.it\/wp-content\/uploads\/2010\/02\/centro-alzheimer-feltre-2.jpg\" \/>\n<meta name=\"author\" content=\"redazione\" \/>\n<meta name=\"twitter:card\" content=\"summary_large_image\" \/>\n<meta name=\"twitter:creator\" content=\"@bellunopress\" \/>\n<meta name=\"twitter:site\" content=\"@bellunopress\" \/>\n<meta name=\"twitter:label1\" content=\"\u00c9crit par\" \/>\n\t<meta name=\"twitter:data1\" content=\"redazione\" \/>\n\t<meta name=\"twitter:label2\" content=\"Dur\u00e9e de lecture estim\u00e9e\" \/>\n\t<meta name=\"twitter:data2\" content=\"2 minutes\" \/>\n<script type=\"application\/ld+json\" class=\"yoast-schema-graph\">{\"@context\":\"https:\\\/\\\/schema.org\",\"@graph\":[{\"@type\":\"Article\",\"@id\":\"https:\\\/\\\/www.bellunopress.it\\\/2010\\\/02\\\/12\\\/inaugurato-oggi-il-nuovo-centro-alzheimer-a-feltre\\\/#article\",\"isPartOf\":{\"@id\":\"https:\\\/\\\/www.bellunopress.it\\\/2010\\\/02\\\/12\\\/inaugurato-oggi-il-nuovo-centro-alzheimer-a-feltre\\\/\"},\"author\":{\"name\":\"redazione\",\"@id\":\"https:\\\/\\\/www.bellunopress.it\\\/#\\\/schema\\\/person\\\/79bb06722b37ece1c03d3e94beb30d73\"},\"headline\":\"Inaugurato oggi il nuovo Centro Alzheimer a Feltre\",\"datePublished\":\"2010-02-12T18:06:54+00:00\",\"mainEntityOfPage\":{\"@id\":\"https:\\\/\\\/www.bellunopress.it\\\/2010\\\/02\\\/12\\\/inaugurato-oggi-il-nuovo-centro-alzheimer-a-feltre\\\/\"},\"wordCount\":347,\"publisher\":{\"@id\":\"https:\\\/\\\/www.bellunopress.it\\\/#organization\"},\"image\":{\"@id\":\"https:\\\/\\\/www.bellunopress.it\\\/2010\\\/02\\\/12\\\/inaugurato-oggi-il-nuovo-centro-alzheimer-a-feltre\\\/#primaryimage\"},\"thumbnailUrl\":\"http:\\\/\\\/www.bellunopress.it\\\/wp-content\\\/uploads\\\/2010\\\/02\\\/centro-alzheimer-feltre-2.jpg\",\"keywords\":[\"Sanit\u00e0\"],\"articleSection\":[\"Cronaca\\\/Politica\",\"Prima Pagina\",\"Sanit\u00e0 Medicina\"],\"inLanguage\":\"fr-FR\"},{\"@type\":\"WebPage\",\"@id\":\"https:\\\/\\\/www.bellunopress.it\\\/2010\\\/02\\\/12\\\/inaugurato-oggi-il-nuovo-centro-alzheimer-a-feltre\\\/\",\"url\":\"https:\\\/\\\/www.bellunopress.it\\\/2010\\\/02\\\/12\\\/inaugurato-oggi-il-nuovo-centro-alzheimer-a-feltre\\\/\",\"name\":\"Inaugurato oggi il nuovo Centro Alzheimer a Feltre - Bellunopress - Dolomiti\",\"isPartOf\":{\"@id\":\"https:\\\/\\\/www.bellunopress.it\\\/#website\"},\"primaryImageOfPage\":{\"@id\":\"https:\\\/\\\/www.bellunopress.it\\\/2010\\\/02\\\/12\\\/inaugurato-oggi-il-nuovo-centro-alzheimer-a-feltre\\\/#primaryimage\"},\"image\":{\"@id\":\"https:\\\/\\\/www.bellunopress.it\\\/2010\\\/02\\\/12\\\/inaugurato-oggi-il-nuovo-centro-alzheimer-a-feltre\\\/#primaryimage\"},\"thumbnailUrl\":\"http:\\\/\\\/www.bellunopress.it\\\/wp-content\\\/uploads\\\/2010\\\/02\\\/centro-alzheimer-feltre-2.jpg\",\"datePublished\":\"2010-02-12T18:06:54+00:00\",\"breadcrumb\":{\"@id\":\"https:\\\/\\\/www.bellunopress.it\\\/2010\\\/02\\\/12\\\/inaugurato-oggi-il-nuovo-centro-alzheimer-a-feltre\\\/#breadcrumb\"},\"inLanguage\":\"fr-FR\",\"potentialAction\":[{\"@type\":\"ReadAction\",\"target\":[\"https:\\\/\\\/www.bellunopress.it\\\/2010\\\/02\\\/12\\\/inaugurato-oggi-il-nuovo-centro-alzheimer-a-feltre\\\/\"]}]},{\"@type\":\"ImageObject\",\"inLanguage\":\"fr-FR\",\"@id\":\"https:\\\/\\\/www.bellunopress.it\\\/2010\\\/02\\\/12\\\/inaugurato-oggi-il-nuovo-centro-alzheimer-a-feltre\\\/#primaryimage\",\"url\":\"http:\\\/\\\/www.bellunopress.it\\\/wp-content\\\/uploads\\\/2010\\\/02\\\/centro-alzheimer-feltre-2.jpg\",\"contentUrl\":\"http:\\\/\\\/www.bellunopress.it\\\/wp-content\\\/uploads\\\/2010\\\/02\\\/centro-alzheimer-feltre-2.jpg\"},{\"@type\":\"BreadcrumbList\",\"@id\":\"https:\\\/\\\/www.bellunopress.it\\\/2010\\\/02\\\/12\\\/inaugurato-oggi-il-nuovo-centro-alzheimer-a-feltre\\\/#breadcrumb\",\"itemListElement\":[{\"@type\":\"ListItem\",\"position\":1,\"name\":\"Home\",\"item\":\"https:\\\/\\\/www.bellunopress.it\\\/\"},{\"@type\":\"ListItem\",\"position\":2,\"name\":\"Inaugurato oggi il nuovo Centro Alzheimer a Feltre\"}]},{\"@type\":\"WebSite\",\"@id\":\"https:\\\/\\\/www.bellunopress.it\\\/#website\",\"url\":\"https:\\\/\\\/www.bellunopress.it\\\/\",\"name\":\"Bellunopress - Dolomiti\",\"description\":\"e-mail: redazione@bellunopress.it\",\"publisher\":{\"@id\":\"https:\\\/\\\/www.bellunopress.it\\\/#organization\"},\"potentialAction\":[{\"@type\":\"SearchAction\",\"target\":{\"@type\":\"EntryPoint\",\"urlTemplate\":\"https:\\\/\\\/www.bellunopress.it\\\/?s={search_term_string}\"},\"query-input\":{\"@type\":\"PropertyValueSpecification\",\"valueRequired\":true,\"valueName\":\"search_term_string\"}}],\"inLanguage\":\"fr-FR\"},{\"@type\":\"Organization\",\"@id\":\"https:\\\/\\\/www.bellunopress.it\\\/#organization\",\"name\":\"Bellunopress\",\"url\":\"https:\\\/\\\/www.bellunopress.it\\\/\",\"logo\":{\"@type\":\"ImageObject\",\"inLanguage\":\"fr-FR\",\"@id\":\"https:\\\/\\\/www.bellunopress.it\\\/#\\\/schema\\\/logo\\\/image\\\/\",\"url\":\"https:\\\/\\\/www.bellunopress.it\\\/wp-content\\\/uploads\\\/2011\\\/05\\\/cropped-logo-bellunopress-.jpg\",\"contentUrl\":\"https:\\\/\\\/www.bellunopress.it\\\/wp-content\\\/uploads\\\/2011\\\/05\\\/cropped-logo-bellunopress-.jpg\",\"width\":512,\"height\":512,\"caption\":\"Bellunopress\"},\"image\":{\"@id\":\"https:\\\/\\\/www.bellunopress.it\\\/#\\\/schema\\\/logo\\\/image\\\/\"},\"sameAs\":[\"https:\\\/\\\/www.facebook.com\\\/profile.php?id=100008943462799\",\"https:\\\/\\\/x.com\\\/bellunopress\",\"https:\\\/\\\/www.linkedin.com\\\/hp\\\/?dnr=JBzUWaJfMUw8vbXJJ2tVW5-I3jZKvC4wsoxE&amp;amp;amp;amp;amp;amp;trk=nav_responsive_tab_home\",\"https:\\\/\\\/www.youtube.com\\\/channel\\\/UCxL0wu1uN0_3_7hGG0306cw\"]},{\"@type\":\"Person\",\"@id\":\"https:\\\/\\\/www.bellunopress.it\\\/#\\\/schema\\\/person\\\/79bb06722b37ece1c03d3e94beb30d73\",\"name\":\"redazione\",\"image\":{\"@type\":\"ImageObject\",\"inLanguage\":\"fr-FR\",\"@id\":\"https:\\\/\\\/secure.gravatar.com\\\/avatar\\\/37d968a2e67a6fd04c169c4bdef102d0bc5d31b2546345219e348575eb80e9a0?s=96&d=mm&r=g\",\"url\":\"https:\\\/\\\/secure.gravatar.com\\\/avatar\\\/37d968a2e67a6fd04c169c4bdef102d0bc5d31b2546345219e348575eb80e9a0?s=96&d=mm&r=g\",\"contentUrl\":\"https:\\\/\\\/secure.gravatar.com\\\/avatar\\\/37d968a2e67a6fd04c169c4bdef102d0bc5d31b2546345219e348575eb80e9a0?s=96&d=mm&r=g\",\"caption\":\"redazione\"},\"sameAs\":[\"http:\\\/\\\/www.bellunopress.it\",\"https:\\\/\\\/x.com\\\/bellunopress\"],\"url\":\"https:\\\/\\\/www.bellunopress.it\\\/fr\\\/author\\\/redazione\\\/\"}]}<\/script>\n<!-- \/ Yoast SEO plugin. -->","yoast_head_json":{"title":"Inaugurato oggi il nuovo Centro Alzheimer a Feltre - Bellunopress - Dolomiti","robots":{"index":"index","follow":"follow","max-snippet":"max-snippet:-1","max-image-preview":"max-image-preview:large","max-video-preview":"max-video-preview:-1"},"canonical":"https:\/\/www.bellunopress.it\/fr\/2010\/02\/12\/inaugurato-oggi-il-nuovo-centro-alzheimer-a-feltre\/","og_locale":"fr_FR","og_type":"article","og_title":"Inaugurato oggi il nuovo Centro Alzheimer a Feltre - Bellunopress - Dolomiti","og_description":"E&#8217; stato inaugurato questa mattina (venerd\u00ec 12) a Feltre il nuovo Centro Alzheimer in via Belluno 30\u00a0 dell\u2019Azienda Feltrina per i Servizi alla Persona. Il taglio del nastro ha visto la massiccia partecipazione di familiari, operatori, medici , amministratori, consiglieri di amministrazione,\u00a0 assessori, consiglieri comunali, direttori delle case di riposo limitrofe,\u00a0 volontari, sindaci\u00a0 provenienti da [&hellip;]","og_url":"https:\/\/www.bellunopress.it\/fr\/2010\/02\/12\/inaugurato-oggi-il-nuovo-centro-alzheimer-a-feltre\/","og_site_name":"Bellunopress - Dolomiti","article_publisher":"https:\/\/www.facebook.com\/profile.php?id=100008943462799","article_published_time":"2010-02-12T18:06:54+00:00","og_image":[{"url":"http:\/\/www.bellunopress.it\/wp-content\/uploads\/2010\/02\/centro-alzheimer-feltre-2.jpg","type":"","width":"","height":""}],"author":"redazione","twitter_card":"summary_large_image","twitter_creator":"@bellunopress","twitter_site":"@bellunopress","twitter_misc":{"\u00c9crit par":"redazione","Dur\u00e9e de lecture estim\u00e9e":"2 minutes"},"schema":{"@context":"https:\/\/schema.org","@graph":[{"@type":"Article","@id":"https:\/\/www.bellunopress.it\/2010\/02\/12\/inaugurato-oggi-il-nuovo-centro-alzheimer-a-feltre\/#article","isPartOf":{"@id":"https:\/\/www.bellunopress.it\/2010\/02\/12\/inaugurato-oggi-il-nuovo-centro-alzheimer-a-feltre\/"},"author":{"name":"redazione","@id":"https:\/\/www.bellunopress.it\/#\/schema\/person\/79bb06722b37ece1c03d3e94beb30d73"},"headline":"Inaugurato oggi il nuovo Centro Alzheimer a Feltre","datePublished":"2010-02-12T18:06:54+00:00","mainEntityOfPage":{"@id":"https:\/\/www.bellunopress.it\/2010\/02\/12\/inaugurato-oggi-il-nuovo-centro-alzheimer-a-feltre\/"},"wordCount":347,"publisher":{"@id":"https:\/\/www.bellunopress.it\/#organization"},"image":{"@id":"https:\/\/www.bellunopress.it\/2010\/02\/12\/inaugurato-oggi-il-nuovo-centro-alzheimer-a-feltre\/#primaryimage"},"thumbnailUrl":"http:\/\/www.bellunopress.it\/wp-content\/uploads\/2010\/02\/centro-alzheimer-feltre-2.jpg","keywords":["Sanit\u00e0"],"articleSection":["Cronaca\/Politica","Prima Pagina","Sanit\u00e0 Medicina"],"inLanguage":"fr-FR"},{"@type":"WebPage","@id":"https:\/\/www.bellunopress.it\/2010\/02\/12\/inaugurato-oggi-il-nuovo-centro-alzheimer-a-feltre\/","url":"https:\/\/www.bellunopress.it\/2010\/02\/12\/inaugurato-oggi-il-nuovo-centro-alzheimer-a-feltre\/","name":"Inaugurato oggi il nuovo Centro Alzheimer a Feltre - Bellunopress - Dolomiti","isPartOf":{"@id":"https:\/\/www.bellunopress.it\/#website"},"primaryImageOfPage":{"@id":"https:\/\/www.bellunopress.it\/2010\/02\/12\/inaugurato-oggi-il-nuovo-centro-alzheimer-a-feltre\/#primaryimage"},"image":{"@id":"https:\/\/www.bellunopress.it\/2010\/02\/12\/inaugurato-oggi-il-nuovo-centro-alzheimer-a-feltre\/#primaryimage"},"thumbnailUrl":"http:\/\/www.bellunopress.it\/wp-content\/uploads\/2010\/02\/centro-alzheimer-feltre-2.jpg","datePublished":"2010-02-12T18:06:54+00:00","breadcrumb":{"@id":"https:\/\/www.bellunopress.it\/2010\/02\/12\/inaugurato-oggi-il-nuovo-centro-alzheimer-a-feltre\/#breadcrumb"},"inLanguage":"fr-FR","potentialAction":[{"@type":"ReadAction","target":["https:\/\/www.bellunopress.it\/2010\/02\/12\/inaugurato-oggi-il-nuovo-centro-alzheimer-a-feltre\/"]}]},{"@type":"ImageObject","inLanguage":"fr-FR","@id":"https:\/\/www.bellunopress.it\/2010\/02\/12\/inaugurato-oggi-il-nuovo-centro-alzheimer-a-feltre\/#primaryimage","url":"http:\/\/www.bellunopress.it\/wp-content\/uploads\/2010\/02\/centro-alzheimer-feltre-2.jpg","contentUrl":"http:\/\/www.bellunopress.it\/wp-content\/uploads\/2010\/02\/centro-alzheimer-feltre-2.jpg"},{"@type":"BreadcrumbList","@id":"https:\/\/www.bellunopress.it\/2010\/02\/12\/inaugurato-oggi-il-nuovo-centro-alzheimer-a-feltre\/#breadcrumb","itemListElement":[{"@type":"ListItem","position":1,"name":"Home","item":"https:\/\/www.bellunopress.it\/"},{"@type":"ListItem","position":2,"name":"Inaugurato oggi il nuovo Centro Alzheimer a Feltre"}]},{"@type":"WebSite","@id":"https:\/\/www.bellunopress.it\/#website","url":"https:\/\/www.bellunopress.it\/","name":"Bellunopress - Dolomiti","description":"e-mail: redazione@bellunopress.it","publisher":{"@id":"https:\/\/www.bellunopress.it\/#organization"},"potentialAction":[{"@type":"SearchAction","target":{"@type":"EntryPoint","urlTemplate":"https:\/\/www.bellunopress.it\/?s={search_term_string}"},"query-input":{"@type":"PropertyValueSpecification","valueRequired":true,"valueName":"search_term_string"}}],"inLanguage":"fr-FR"},{"@type":"Organization","@id":"https:\/\/www.bellunopress.it\/#organization","name":"Bellunopress","url":"https:\/\/www.bellunopress.it\/","logo":{"@type":"ImageObject","inLanguage":"fr-FR","@id":"https:\/\/www.bellunopress.it\/#\/schema\/logo\/image\/","url":"https:\/\/www.bellunopress.it\/wp-content\/uploads\/2011\/05\/cropped-logo-bellunopress-.jpg","contentUrl":"https:\/\/www.bellunopress.it\/wp-content\/uploads\/2011\/05\/cropped-logo-bellunopress-.jpg","width":512,"height":512,"caption":"Bellunopress"},"image":{"@id":"https:\/\/www.bellunopress.it\/#\/schema\/logo\/image\/"},"sameAs":["https:\/\/www.facebook.com\/profile.php?id=100008943462799","https:\/\/x.com\/bellunopress","https:\/\/www.linkedin.com\/hp\/?dnr=JBzUWaJfMUw8vbXJJ2tVW5-I3jZKvC4wsoxE&amp;amp;amp;amp;amp;amp;trk=nav_responsive_tab_home","https:\/\/www.youtube.com\/channel\/UCxL0wu1uN0_3_7hGG0306cw"]},{"@type":"Person","@id":"https:\/\/www.bellunopress.it\/#\/schema\/person\/79bb06722b37ece1c03d3e94beb30d73","name":"r\u00e9daction","image":{"@type":"ImageObject","inLanguage":"fr-FR","@id":"https:\/\/secure.gravatar.com\/avatar\/37d968a2e67a6fd04c169c4bdef102d0bc5d31b2546345219e348575eb80e9a0?s=96&d=mm&r=g","url":"https:\/\/secure.gravatar.com\/avatar\/37d968a2e67a6fd04c169c4bdef102d0bc5d31b2546345219e348575eb80e9a0?s=96&d=mm&r=g","contentUrl":"https:\/\/secure.gravatar.com\/avatar\/37d968a2e67a6fd04c169c4bdef102d0bc5d31b2546345219e348575eb80e9a0?s=96&d=mm&r=g","caption":"redazione"},"sameAs":["http:\/\/www.bellunopress.it","https:\/\/x.com\/bellunopress"],"url":"https:\/\/www.bellunopress.it\/fr\/author\/redazione\/"}]}},"_links":{"self":[{"href":"https:\/\/www.bellunopress.it\/fr\/wp-json\/wp\/v2\/posts\/12453","targetHints":{"allow":["GET"]}}],"collection":[{"href":"https:\/\/www.bellunopress.it\/fr\/wp-json\/wp\/v2\/posts"}],"about":[{"href":"https:\/\/www.bellunopress.it\/fr\/wp-json\/wp\/v2\/types\/post"}],"author":[{"embeddable":true,"href":"https:\/\/www.bellunopress.it\/fr\/wp-json\/wp\/v2\/users\/2"}],"replies":[{"embeddable":true,"href":"https:\/\/www.bellunopress.it\/fr\/wp-json\/wp\/v2\/comments?post=12453"}],"version-history":[{"count":1,"href":"https:\/\/www.bellunopress.it\/fr\/wp-json\/wp\/v2\/posts\/12453\/revisions"}],"predecessor-version":[{"id":12456,"href":"https:\/\/www.bellunopress.it\/fr\/wp-json\/wp\/v2\/posts\/12453\/revisions\/12456"}],"wp:attachment":[{"href":"https:\/\/www.bellunopress.it\/fr\/wp-json\/wp\/v2\/media?parent=12453"}],"wp:term":[{"taxonomy":"category","embeddable":true,"href":"https:\/\/www.bellunopress.it\/fr\/wp-json\/wp\/v2\/categories?post=12453"},{"taxonomy":"post_tag","embeddable":true,"href":"https:\/\/www.bellunopress.it\/fr\/wp-json\/wp\/v2\/tags?post=12453"}],"curies":[{"name":"wp","href":"https:\/\/api.w.org\/{rel}","templated":true}]}}