{"id":124469,"date":"2021-05-17T14:01:33","date_gmt":"2021-05-17T12:01:33","guid":{"rendered":"https:\/\/www.bellunopress.it\/?p=124469"},"modified":"2021-05-17T14:01:35","modified_gmt":"2021-05-17T12:01:35","slug":"virginia-scardanzan-ottava-italiana-di-sempre-nellasta-in-nebraska-usa-vola-a-4-35","status":"publish","type":"post","link":"https:\/\/www.bellunopress.it\/fr\/2021\/05\/17\/virginia-scardanzan-ottava-italiana-di-sempre-nellasta-in-nebraska-usa-vola-a-4-35\/","title":{"rendered":"Virginia Scardanzan ottava italiana di sempre nell\u2019asta: in Nebraska (USA) vola a 4.35"},"content":{"rendered":"<figure id=\"attachment_124470\" aria-describedby=\"caption-attachment-124470\" style=\"width: 1000px\" class=\"wp-caption alignleft\"><a href=\"https:\/\/www.bellunopress.it\/fr\/2021\/05\/17\/virginia-scardanzan-ottava-italiana-di-sempre-nellasta-in-nebraska-usa-vola-a-4-35\/virginia-scardanzan_edited\/\" rel=\"attachment wp-att-124470\"><img loading=\"lazy\" decoding=\"async\" class=\"size-full wp-image-124470\" src=\"https:\/\/www.bellunopress.it\/wp-content\/uploads\/2021\/05\/virginia-scardanzan_edited.jpg\" alt=\"\" width=\"1000\" height=\"563\" srcset=\"https:\/\/www.bellunopress.it\/wp-content\/uploads\/2021\/05\/virginia-scardanzan_edited.jpg 1000w, https:\/\/www.bellunopress.it\/wp-content\/uploads\/2021\/05\/virginia-scardanzan_edited-500x282.jpg 500w, https:\/\/www.bellunopress.it\/wp-content\/uploads\/2021\/05\/virginia-scardanzan_edited-696x392.jpg 696w, https:\/\/www.bellunopress.it\/wp-content\/uploads\/2021\/05\/virginia-scardanzan_edited-746x420.jpg 746w\" sizes=\"auto, (max-width: 1000px) 100vw, 1000px\" \/><\/a><figcaption id=\"caption-attachment-124470\" class=\"wp-caption-text\">Virginia Scardanzan ((fonte: Washburn University Athletics Department)<\/figcaption><\/figure>\n<p>Non finisce di stupire Virginia Scardanzan. La 23enne portacolori di Atletica Silca Conegliano, \u00e8 nuovamente volata altissimo nel salto con l\u2019asta. Questa volta \u00e8 salita fino a 4.35, migliorando il suo primato personale (siglato solo una settimana fa), di 10 centimetri. Un 2021 che continua a regalare record su record alla trevigiana di Preganziol appena laureatasi in kinesiologia (scienze dell\u2019esercizio e della riabilitazione) alla Washburn University di Topeka (Kansas). Dopo aver vinto, sabato 8 maggio, la gara di asta ai MIAA Outdoor Championships (una gara a punti tra le varie universit\u00e0), nel weekend \u00e8 tornata a gareggiare a Kearney, in Nebraska, riuscendo a valicare l\u2019asticella posta a 4.35 metri. La misura saltata negli Stati Uniti vale l\u2019ottavo posto nella graduatoria italiana di sempre del salto in asta. In pochi mesi la studentessa ha migliorato i suoi record di quasi 40 centimetri, diventando ora una delle italiane di riferimento della specialit\u00e0.<\/p>\n<p>\u201cSi trattava dell\u2019ultima gara prima dei nationals, in programma tra due settimane \u2013 commenta Scardanzan &#8211; sono entrata a 3.91 (fatto al secondo salto), poi 4.06 al primo, poi ho passato la misura di 4.16, saltando direttamente 4.26, valicandolo al secondo tentativo. Il 4.35 \u00e8 arrivato alla prima. Poi ci siamo fermati al secondo tentativo a 4.40 per precauzione. Ora l\u2019obiettivo sono le finali nazionali. Con 4.35 sono prima nelle liste stagionali, ho la miglior prestazione in divisione 2, ma si sa, ogni gara \u00e8 a s\u00e9. Alle finali nazionali sar\u00e0 un\u2019altra gara, e noi speriamo di migliorarci ancora. Il mio allenatore Rick Attig \u00e8 molto contento del progresso che stiamo facendo, ma non del tutto soddisfatto\u201d.<br \/>\nDurante la stagione indoor, Scardanzan si \u00e8 messa al collo l\u2019argento nelle finali della NCAA Division II Indoor Championship. A fine maggio torner\u00e0 in gara in Michigan per le finali di NCAA all\u2019aperto. Poi rientrer\u00e0 in Italia, dove l\u2019aspettano i campionati italiani assoluti, in programma a Rovereto dal 25 al 27 giugno. Scardanzan ha gi\u00e0 indossato tre volte la maglia azzurra, partecipato ai campionati europei under 20 di Grosseto del 2017, vinto due titoli italiani, tre argenti e tre bronzi nelle categorie Allieve, Junior e Promesse.<\/p>\n<figure id=\"attachment_124471\" aria-describedby=\"caption-attachment-124471\" style=\"width: 390px\" class=\"wp-caption alignleft\"><a href=\"https:\/\/www.bellunopress.it\/fr\/2021\/05\/17\/virginia-scardanzan-ottava-italiana-di-sempre-nellasta-in-nebraska-usa-vola-a-4-35\/virginia-scardanzan-con-il-presidente-francesco-piccin_edited\/\" rel=\"attachment wp-att-124471\"><img loading=\"lazy\" decoding=\"async\" class=\"size-full wp-image-124471\" src=\"https:\/\/www.bellunopress.it\/wp-content\/uploads\/2021\/05\/Virginia-Scardanzan-con-il-presidente-Francesco-Piccin_edited.jpg\" alt=\"\" width=\"390\" height=\"278\" srcset=\"https:\/\/www.bellunopress.it\/wp-content\/uploads\/2021\/05\/Virginia-Scardanzan-con-il-presidente-Francesco-Piccin_edited.jpg 390w, https:\/\/www.bellunopress.it\/wp-content\/uploads\/2021\/05\/Virginia-Scardanzan-con-il-presidente-Francesco-Piccin_edited-100x70.jpg 100w\" sizes=\"auto, (max-width: 390px) 100vw, 390px\" \/><\/a><figcaption id=\"caption-attachment-124471\" class=\"wp-caption-text\">Virginia Scardanzan con il presidente Francesco Piccin<\/figcaption><\/figure>\n<p>\u201cChe spettacolo la nostra Virginia, che continua a far bene di gara in gara \u2013 commenta il presidente di Atletica Silca Conegliano, Francesco Piccin \u2013 sta vivendo un periodo d\u2019oro che speriamo continui anche in Italia, dove potremmo finalmente vederla in azione in pedana dal vivo. Siamo impazienti di incontrarla di nuovo. Ora ha un importante appuntamento negli Stati Uniti, poi sar\u00e0 la volta dei tricolori assoluti. Per noi ha comunque gi\u00e0 vinto, con i suoi continui miglioramenti dei primati personali. Questo 4.35 la posiziona nella top ten di sempre nell\u2019asta. Un ottavo posto nella graduatoria italiana di sempre della specialit\u00e0 che \u00e8 pi\u00f9 che meritato\u201d.<\/p>\n<p>&nbsp;<\/p>\n<p>&nbsp;<\/p>\n<p>&nbsp;<\/p>\n<p>&nbsp;<\/p>","protected":false},"excerpt":{"rendered":"<p>Non finisce di stupire Virginia Scardanzan. La 23enne portacolori di Atletica Silca Conegliano, \u00e8 nuovamente volata altissimo nel salto con l\u2019asta. Questa volta \u00e8 salita fino a 4.35, migliorando il suo primato personale (siglato solo una settimana fa), di 10 centimetri. Un 2021 che continua a regalare record su record alla trevigiana di Preganziol appena [&hellip;]<\/p>\n","protected":false},"author":2,"featured_media":124470,"comment_status":"closed","ping_status":"open","sticky":false,"template":"","format":"standard","meta":{"footnotes":""},"categories":[26,4],"tags":[],"class_list":["post-124469","post","type-post","status-publish","format-standard","has-post-thumbnail","category-prima-pagina","category-sport"],"yoast_head":"<!-- This site is optimized with the Yoast SEO plugin v28.4 - https:\/\/yoast.com\/product\/yoast-seo-wordpress\/ -->\n<title>Virginia Scardanzan ottava italiana di sempre nell\u2019asta: in Nebraska (USA) vola a 4.35 - Bellunopress - Dolomiti<\/title>\n<meta name=\"robots\" content=\"index, follow, max-snippet:-1, max-image-preview:large, max-video-preview:-1\" \/>\n<link rel=\"canonical\" href=\"https:\/\/www.bellunopress.it\/fr\/2021\/05\/17\/virginia-scardanzan-ottava-italiana-di-sempre-nellasta-in-nebraska-usa-vola-a-4-35\/\" \/>\n<meta property=\"og:locale\" content=\"fr_FR\" \/>\n<meta property=\"og:type\" content=\"article\" \/>\n<meta property=\"og:title\" content=\"Virginia Scardanzan ottava italiana di sempre nell\u2019asta: in Nebraska (USA) vola a 4.35 - Bellunopress - Dolomiti\" \/>\n<meta property=\"og:description\" content=\"Non finisce di stupire Virginia Scardanzan. La 23enne portacolori di Atletica Silca Conegliano, \u00e8 nuovamente volata altissimo nel salto con l\u2019asta. Questa volta \u00e8 salita fino a 4.35, migliorando il suo primato personale (siglato solo una settimana fa), di 10 centimetri. Un 2021 che continua a regalare record su record alla trevigiana di Preganziol appena [&hellip;]\" \/>\n<meta property=\"og:url\" content=\"https:\/\/www.bellunopress.it\/fr\/2021\/05\/17\/virginia-scardanzan-ottava-italiana-di-sempre-nellasta-in-nebraska-usa-vola-a-4-35\/\" \/>\n<meta property=\"og:site_name\" content=\"Bellunopress - Dolomiti\" \/>\n<meta property=\"article:publisher\" content=\"https:\/\/www.facebook.com\/profile.php?id=100008943462799\" \/>\n<meta property=\"article:published_time\" content=\"2021-05-17T12:01:33+00:00\" \/>\n<meta property=\"article:modified_time\" content=\"2021-05-17T12:01:35+00:00\" \/>\n<meta property=\"og:image\" content=\"https:\/\/www.bellunopress.it\/wp-content\/uploads\/2021\/05\/virginia-scardanzan_edited.jpg\" \/>\n\t<meta property=\"og:image:width\" content=\"1000\" \/>\n\t<meta property=\"og:image:height\" content=\"563\" \/>\n\t<meta property=\"og:image:type\" content=\"image\/jpeg\" \/>\n<meta name=\"author\" content=\"redazione\" \/>\n<meta name=\"twitter:card\" content=\"summary_large_image\" \/>\n<meta name=\"twitter:creator\" content=\"@bellunopress\" \/>\n<meta name=\"twitter:site\" content=\"@bellunopress\" \/>\n<meta name=\"twitter:label1\" content=\"\u00c9crit par\" \/>\n\t<meta name=\"twitter:data1\" content=\"redazione\" \/>\n\t<meta name=\"twitter:label2\" content=\"Dur\u00e9e de lecture estim\u00e9e\" \/>\n\t<meta name=\"twitter:data2\" content=\"3 minutes\" \/>\n<script type=\"application\/ld+json\" class=\"yoast-schema-graph\">{\"@context\":\"https:\\\/\\\/schema.org\",\"@graph\":[{\"@type\":\"Article\",\"@id\":\"https:\\\/\\\/www.bellunopress.it\\\/2021\\\/05\\\/17\\\/virginia-scardanzan-ottava-italiana-di-sempre-nellasta-in-nebraska-usa-vola-a-4-35\\\/#article\",\"isPartOf\":{\"@id\":\"https:\\\/\\\/www.bellunopress.it\\\/2021\\\/05\\\/17\\\/virginia-scardanzan-ottava-italiana-di-sempre-nellasta-in-nebraska-usa-vola-a-4-35\\\/\"},\"author\":{\"name\":\"redazione\",\"@id\":\"https:\\\/\\\/www.bellunopress.it\\\/#\\\/schema\\\/person\\\/79bb06722b37ece1c03d3e94beb30d73\"},\"headline\":\"Virginia Scardanzan ottava italiana di sempre nell\u2019asta: in Nebraska (USA) vola a 4.35\",\"datePublished\":\"2021-05-17T12:01:33+00:00\",\"dateModified\":\"2021-05-17T12:01:35+00:00\",\"mainEntityOfPage\":{\"@id\":\"https:\\\/\\\/www.bellunopress.it\\\/2021\\\/05\\\/17\\\/virginia-scardanzan-ottava-italiana-di-sempre-nellasta-in-nebraska-usa-vola-a-4-35\\\/\"},\"wordCount\":486,\"publisher\":{\"@id\":\"https:\\\/\\\/www.bellunopress.it\\\/#organization\"},\"image\":{\"@id\":\"https:\\\/\\\/www.bellunopress.it\\\/2021\\\/05\\\/17\\\/virginia-scardanzan-ottava-italiana-di-sempre-nellasta-in-nebraska-usa-vola-a-4-35\\\/#primaryimage\"},\"thumbnailUrl\":\"https:\\\/\\\/www.bellunopress.it\\\/wp-content\\\/uploads\\\/2021\\\/05\\\/virginia-scardanzan_edited.jpg\",\"articleSection\":[\"Prima Pagina\",\"Sport, tempo libero\"],\"inLanguage\":\"fr-FR\"},{\"@type\":\"WebPage\",\"@id\":\"https:\\\/\\\/www.bellunopress.it\\\/2021\\\/05\\\/17\\\/virginia-scardanzan-ottava-italiana-di-sempre-nellasta-in-nebraska-usa-vola-a-4-35\\\/\",\"url\":\"https:\\\/\\\/www.bellunopress.it\\\/2021\\\/05\\\/17\\\/virginia-scardanzan-ottava-italiana-di-sempre-nellasta-in-nebraska-usa-vola-a-4-35\\\/\",\"name\":\"Virginia Scardanzan ottava italiana di sempre nell\u2019asta: in Nebraska (USA) vola a 4.35 - Bellunopress - Dolomiti\",\"isPartOf\":{\"@id\":\"https:\\\/\\\/www.bellunopress.it\\\/#website\"},\"primaryImageOfPage\":{\"@id\":\"https:\\\/\\\/www.bellunopress.it\\\/2021\\\/05\\\/17\\\/virginia-scardanzan-ottava-italiana-di-sempre-nellasta-in-nebraska-usa-vola-a-4-35\\\/#primaryimage\"},\"image\":{\"@id\":\"https:\\\/\\\/www.bellunopress.it\\\/2021\\\/05\\\/17\\\/virginia-scardanzan-ottava-italiana-di-sempre-nellasta-in-nebraska-usa-vola-a-4-35\\\/#primaryimage\"},\"thumbnailUrl\":\"https:\\\/\\\/www.bellunopress.it\\\/wp-content\\\/uploads\\\/2021\\\/05\\\/virginia-scardanzan_edited.jpg\",\"datePublished\":\"2021-05-17T12:01:33+00:00\",\"dateModified\":\"2021-05-17T12:01:35+00:00\",\"breadcrumb\":{\"@id\":\"https:\\\/\\\/www.bellunopress.it\\\/2021\\\/05\\\/17\\\/virginia-scardanzan-ottava-italiana-di-sempre-nellasta-in-nebraska-usa-vola-a-4-35\\\/#breadcrumb\"},\"inLanguage\":\"fr-FR\",\"potentialAction\":[{\"@type\":\"ReadAction\",\"target\":[\"https:\\\/\\\/www.bellunopress.it\\\/2021\\\/05\\\/17\\\/virginia-scardanzan-ottava-italiana-di-sempre-nellasta-in-nebraska-usa-vola-a-4-35\\\/\"]}]},{\"@type\":\"ImageObject\",\"inLanguage\":\"fr-FR\",\"@id\":\"https:\\\/\\\/www.bellunopress.it\\\/2021\\\/05\\\/17\\\/virginia-scardanzan-ottava-italiana-di-sempre-nellasta-in-nebraska-usa-vola-a-4-35\\\/#primaryimage\",\"url\":\"https:\\\/\\\/www.bellunopress.it\\\/wp-content\\\/uploads\\\/2021\\\/05\\\/virginia-scardanzan_edited.jpg\",\"contentUrl\":\"https:\\\/\\\/www.bellunopress.it\\\/wp-content\\\/uploads\\\/2021\\\/05\\\/virginia-scardanzan_edited.jpg\",\"width\":1000,\"height\":563,\"caption\":\"Virginia Scardanzan ((fonte: Washburn University Athletics Department)\"},{\"@type\":\"BreadcrumbList\",\"@id\":\"https:\\\/\\\/www.bellunopress.it\\\/2021\\\/05\\\/17\\\/virginia-scardanzan-ottava-italiana-di-sempre-nellasta-in-nebraska-usa-vola-a-4-35\\\/#breadcrumb\",\"itemListElement\":[{\"@type\":\"ListItem\",\"position\":1,\"name\":\"Home\",\"item\":\"https:\\\/\\\/www.bellunopress.it\\\/\"},{\"@type\":\"ListItem\",\"position\":2,\"name\":\"Virginia Scardanzan ottava italiana di sempre nell\u2019asta: in Nebraska (USA) vola a 4.35\"}]},{\"@type\":\"WebSite\",\"@id\":\"https:\\\/\\\/www.bellunopress.it\\\/#website\",\"url\":\"https:\\\/\\\/www.bellunopress.it\\\/\",\"name\":\"Bellunopress - Dolomiti\",\"description\":\"e-mail: redazione@bellunopress.it\",\"publisher\":{\"@id\":\"https:\\\/\\\/www.bellunopress.it\\\/#organization\"},\"potentialAction\":[{\"@type\":\"SearchAction\",\"target\":{\"@type\":\"EntryPoint\",\"urlTemplate\":\"https:\\\/\\\/www.bellunopress.it\\\/?s={search_term_string}\"},\"query-input\":{\"@type\":\"PropertyValueSpecification\",\"valueRequired\":true,\"valueName\":\"search_term_string\"}}],\"inLanguage\":\"fr-FR\"},{\"@type\":\"Organization\",\"@id\":\"https:\\\/\\\/www.bellunopress.it\\\/#organization\",\"name\":\"Bellunopress\",\"url\":\"https:\\\/\\\/www.bellunopress.it\\\/\",\"logo\":{\"@type\":\"ImageObject\",\"inLanguage\":\"fr-FR\",\"@id\":\"https:\\\/\\\/www.bellunopress.it\\\/#\\\/schema\\\/logo\\\/image\\\/\",\"url\":\"https:\\\/\\\/www.bellunopress.it\\\/wp-content\\\/uploads\\\/2011\\\/05\\\/cropped-logo-bellunopress-.jpg\",\"contentUrl\":\"https:\\\/\\\/www.bellunopress.it\\\/wp-content\\\/uploads\\\/2011\\\/05\\\/cropped-logo-bellunopress-.jpg\",\"width\":512,\"height\":512,\"caption\":\"Bellunopress\"},\"image\":{\"@id\":\"https:\\\/\\\/www.bellunopress.it\\\/#\\\/schema\\\/logo\\\/image\\\/\"},\"sameAs\":[\"https:\\\/\\\/www.facebook.com\\\/profile.php?id=100008943462799\",\"https:\\\/\\\/x.com\\\/bellunopress\",\"https:\\\/\\\/www.linkedin.com\\\/hp\\\/?dnr=JBzUWaJfMUw8vbXJJ2tVW5-I3jZKvC4wsoxE&amp;amp;amp;amp;amp;amp;trk=nav_responsive_tab_home\",\"https:\\\/\\\/www.youtube.com\\\/channel\\\/UCxL0wu1uN0_3_7hGG0306cw\"]},{\"@type\":\"Person\",\"@id\":\"https:\\\/\\\/www.bellunopress.it\\\/#\\\/schema\\\/person\\\/79bb06722b37ece1c03d3e94beb30d73\",\"name\":\"redazione\",\"image\":{\"@type\":\"ImageObject\",\"inLanguage\":\"fr-FR\",\"@id\":\"https:\\\/\\\/secure.gravatar.com\\\/avatar\\\/37d968a2e67a6fd04c169c4bdef102d0bc5d31b2546345219e348575eb80e9a0?s=96&d=mm&r=g\",\"url\":\"https:\\\/\\\/secure.gravatar.com\\\/avatar\\\/37d968a2e67a6fd04c169c4bdef102d0bc5d31b2546345219e348575eb80e9a0?s=96&d=mm&r=g\",\"contentUrl\":\"https:\\\/\\\/secure.gravatar.com\\\/avatar\\\/37d968a2e67a6fd04c169c4bdef102d0bc5d31b2546345219e348575eb80e9a0?s=96&d=mm&r=g\",\"caption\":\"redazione\"},\"sameAs\":[\"http:\\\/\\\/www.bellunopress.it\",\"https:\\\/\\\/x.com\\\/bellunopress\"],\"url\":\"https:\\\/\\\/www.bellunopress.it\\\/fr\\\/author\\\/redazione\\\/\"}]}<\/script>\n<!-- \/ Yoast SEO plugin. -->","yoast_head_json":{"title":"Virginia Scardanzan ottava italiana di sempre nell\u2019asta: in Nebraska (USA) vola a 4.35 - Bellunopress - Dolomiti","robots":{"index":"index","follow":"follow","max-snippet":"max-snippet:-1","max-image-preview":"max-image-preview:large","max-video-preview":"max-video-preview:-1"},"canonical":"https:\/\/www.bellunopress.it\/fr\/2021\/05\/17\/virginia-scardanzan-ottava-italiana-di-sempre-nellasta-in-nebraska-usa-vola-a-4-35\/","og_locale":"fr_FR","og_type":"article","og_title":"Virginia Scardanzan ottava italiana di sempre nell\u2019asta: in Nebraska (USA) vola a 4.35 - Bellunopress - Dolomiti","og_description":"Non finisce di stupire Virginia Scardanzan. La 23enne portacolori di Atletica Silca Conegliano, \u00e8 nuovamente volata altissimo nel salto con l\u2019asta. Questa volta \u00e8 salita fino a 4.35, migliorando il suo primato personale (siglato solo una settimana fa), di 10 centimetri. Un 2021 che continua a regalare record su record alla trevigiana di Preganziol appena [&hellip;]","og_url":"https:\/\/www.bellunopress.it\/fr\/2021\/05\/17\/virginia-scardanzan-ottava-italiana-di-sempre-nellasta-in-nebraska-usa-vola-a-4-35\/","og_site_name":"Bellunopress - Dolomiti","article_publisher":"https:\/\/www.facebook.com\/profile.php?id=100008943462799","article_published_time":"2021-05-17T12:01:33+00:00","article_modified_time":"2021-05-17T12:01:35+00:00","og_image":[{"width":1000,"height":563,"url":"https:\/\/www.bellunopress.it\/wp-content\/uploads\/2021\/05\/virginia-scardanzan_edited.jpg","type":"image\/jpeg"}],"author":"redazione","twitter_card":"summary_large_image","twitter_creator":"@bellunopress","twitter_site":"@bellunopress","twitter_misc":{"\u00c9crit par":"redazione","Dur\u00e9e de lecture estim\u00e9e":"3 minutes"},"schema":{"@context":"https:\/\/schema.org","@graph":[{"@type":"Article","@id":"https:\/\/www.bellunopress.it\/2021\/05\/17\/virginia-scardanzan-ottava-italiana-di-sempre-nellasta-in-nebraska-usa-vola-a-4-35\/#article","isPartOf":{"@id":"https:\/\/www.bellunopress.it\/2021\/05\/17\/virginia-scardanzan-ottava-italiana-di-sempre-nellasta-in-nebraska-usa-vola-a-4-35\/"},"author":{"name":"redazione","@id":"https:\/\/www.bellunopress.it\/#\/schema\/person\/79bb06722b37ece1c03d3e94beb30d73"},"headline":"Virginia Scardanzan ottava italiana di sempre nell\u2019asta: in Nebraska (USA) vola a 4.35","datePublished":"2021-05-17T12:01:33+00:00","dateModified":"2021-05-17T12:01:35+00:00","mainEntityOfPage":{"@id":"https:\/\/www.bellunopress.it\/2021\/05\/17\/virginia-scardanzan-ottava-italiana-di-sempre-nellasta-in-nebraska-usa-vola-a-4-35\/"},"wordCount":486,"publisher":{"@id":"https:\/\/www.bellunopress.it\/#organization"},"image":{"@id":"https:\/\/www.bellunopress.it\/2021\/05\/17\/virginia-scardanzan-ottava-italiana-di-sempre-nellasta-in-nebraska-usa-vola-a-4-35\/#primaryimage"},"thumbnailUrl":"https:\/\/www.bellunopress.it\/wp-content\/uploads\/2021\/05\/virginia-scardanzan_edited.jpg","articleSection":["Prima Pagina","Sport, tempo libero"],"inLanguage":"fr-FR"},{"@type":"WebPage","@id":"https:\/\/www.bellunopress.it\/2021\/05\/17\/virginia-scardanzan-ottava-italiana-di-sempre-nellasta-in-nebraska-usa-vola-a-4-35\/","url":"https:\/\/www.bellunopress.it\/2021\/05\/17\/virginia-scardanzan-ottava-italiana-di-sempre-nellasta-in-nebraska-usa-vola-a-4-35\/","name":"Virginia Scardanzan ottava italiana di sempre nell\u2019asta: in Nebraska (USA) vola a 4.35 - Bellunopress - Dolomiti","isPartOf":{"@id":"https:\/\/www.bellunopress.it\/#website"},"primaryImageOfPage":{"@id":"https:\/\/www.bellunopress.it\/2021\/05\/17\/virginia-scardanzan-ottava-italiana-di-sempre-nellasta-in-nebraska-usa-vola-a-4-35\/#primaryimage"},"image":{"@id":"https:\/\/www.bellunopress.it\/2021\/05\/17\/virginia-scardanzan-ottava-italiana-di-sempre-nellasta-in-nebraska-usa-vola-a-4-35\/#primaryimage"},"thumbnailUrl":"https:\/\/www.bellunopress.it\/wp-content\/uploads\/2021\/05\/virginia-scardanzan_edited.jpg","datePublished":"2021-05-17T12:01:33+00:00","dateModified":"2021-05-17T12:01:35+00:00","breadcrumb":{"@id":"https:\/\/www.bellunopress.it\/2021\/05\/17\/virginia-scardanzan-ottava-italiana-di-sempre-nellasta-in-nebraska-usa-vola-a-4-35\/#breadcrumb"},"inLanguage":"fr-FR","potentialAction":[{"@type":"ReadAction","target":["https:\/\/www.bellunopress.it\/2021\/05\/17\/virginia-scardanzan-ottava-italiana-di-sempre-nellasta-in-nebraska-usa-vola-a-4-35\/"]}]},{"@type":"ImageObject","inLanguage":"fr-FR","@id":"https:\/\/www.bellunopress.it\/2021\/05\/17\/virginia-scardanzan-ottava-italiana-di-sempre-nellasta-in-nebraska-usa-vola-a-4-35\/#primaryimage","url":"https:\/\/www.bellunopress.it\/wp-content\/uploads\/2021\/05\/virginia-scardanzan_edited.jpg","contentUrl":"https:\/\/www.bellunopress.it\/wp-content\/uploads\/2021\/05\/virginia-scardanzan_edited.jpg","width":1000,"height":563,"caption":"Virginia Scardanzan ((fonte: Washburn University Athletics Department)"},{"@type":"BreadcrumbList","@id":"https:\/\/www.bellunopress.it\/2021\/05\/17\/virginia-scardanzan-ottava-italiana-di-sempre-nellasta-in-nebraska-usa-vola-a-4-35\/#breadcrumb","itemListElement":[{"@type":"ListItem","position":1,"name":"Home","item":"https:\/\/www.bellunopress.it\/"},{"@type":"ListItem","position":2,"name":"Virginia Scardanzan ottava italiana di sempre nell\u2019asta: in Nebraska (USA) vola a 4.35"}]},{"@type":"WebSite","@id":"https:\/\/www.bellunopress.it\/#website","url":"https:\/\/www.bellunopress.it\/","name":"Bellunopress - Dolomiti","description":"e-mail: redazione@bellunopress.it","publisher":{"@id":"https:\/\/www.bellunopress.it\/#organization"},"potentialAction":[{"@type":"SearchAction","target":{"@type":"EntryPoint","urlTemplate":"https:\/\/www.bellunopress.it\/?s={search_term_string}"},"query-input":{"@type":"PropertyValueSpecification","valueRequired":true,"valueName":"search_term_string"}}],"inLanguage":"fr-FR"},{"@type":"Organization","@id":"https:\/\/www.bellunopress.it\/#organization","name":"Bellunopress","url":"https:\/\/www.bellunopress.it\/","logo":{"@type":"ImageObject","inLanguage":"fr-FR","@id":"https:\/\/www.bellunopress.it\/#\/schema\/logo\/image\/","url":"https:\/\/www.bellunopress.it\/wp-content\/uploads\/2011\/05\/cropped-logo-bellunopress-.jpg","contentUrl":"https:\/\/www.bellunopress.it\/wp-content\/uploads\/2011\/05\/cropped-logo-bellunopress-.jpg","width":512,"height":512,"caption":"Bellunopress"},"image":{"@id":"https:\/\/www.bellunopress.it\/#\/schema\/logo\/image\/"},"sameAs":["https:\/\/www.facebook.com\/profile.php?id=100008943462799","https:\/\/x.com\/bellunopress","https:\/\/www.linkedin.com\/hp\/?dnr=JBzUWaJfMUw8vbXJJ2tVW5-I3jZKvC4wsoxE&amp;amp;amp;amp;amp;amp;trk=nav_responsive_tab_home","https:\/\/www.youtube.com\/channel\/UCxL0wu1uN0_3_7hGG0306cw"]},{"@type":"Person","@id":"https:\/\/www.bellunopress.it\/#\/schema\/person\/79bb06722b37ece1c03d3e94beb30d73","name":"r\u00e9daction","image":{"@type":"ImageObject","inLanguage":"fr-FR","@id":"https:\/\/secure.gravatar.com\/avatar\/37d968a2e67a6fd04c169c4bdef102d0bc5d31b2546345219e348575eb80e9a0?s=96&d=mm&r=g","url":"https:\/\/secure.gravatar.com\/avatar\/37d968a2e67a6fd04c169c4bdef102d0bc5d31b2546345219e348575eb80e9a0?s=96&d=mm&r=g","contentUrl":"https:\/\/secure.gravatar.com\/avatar\/37d968a2e67a6fd04c169c4bdef102d0bc5d31b2546345219e348575eb80e9a0?s=96&d=mm&r=g","caption":"redazione"},"sameAs":["http:\/\/www.bellunopress.it","https:\/\/x.com\/bellunopress"],"url":"https:\/\/www.bellunopress.it\/fr\/author\/redazione\/"}]}},"_links":{"self":[{"href":"https:\/\/www.bellunopress.it\/fr\/wp-json\/wp\/v2\/posts\/124469","targetHints":{"allow":["GET"]}}],"collection":[{"href":"https:\/\/www.bellunopress.it\/fr\/wp-json\/wp\/v2\/posts"}],"about":[{"href":"https:\/\/www.bellunopress.it\/fr\/wp-json\/wp\/v2\/types\/post"}],"author":[{"embeddable":true,"href":"https:\/\/www.bellunopress.it\/fr\/wp-json\/wp\/v2\/users\/2"}],"replies":[{"embeddable":true,"href":"https:\/\/www.bellunopress.it\/fr\/wp-json\/wp\/v2\/comments?post=124469"}],"version-history":[{"count":2,"href":"https:\/\/www.bellunopress.it\/fr\/wp-json\/wp\/v2\/posts\/124469\/revisions"}],"predecessor-version":[{"id":124473,"href":"https:\/\/www.bellunopress.it\/fr\/wp-json\/wp\/v2\/posts\/124469\/revisions\/124473"}],"wp:featuredmedia":[{"embeddable":true,"href":"https:\/\/www.bellunopress.it\/fr\/wp-json\/wp\/v2\/media\/124470"}],"wp:attachment":[{"href":"https:\/\/www.bellunopress.it\/fr\/wp-json\/wp\/v2\/media?parent=124469"}],"wp:term":[{"taxonomy":"category","embeddable":true,"href":"https:\/\/www.bellunopress.it\/fr\/wp-json\/wp\/v2\/categories?post=124469"},{"taxonomy":"post_tag","embeddable":true,"href":"https:\/\/www.bellunopress.it\/fr\/wp-json\/wp\/v2\/tags?post=124469"}],"curies":[{"name":"wp","href":"https:\/\/api.w.org\/{rel}","templated":true}]}}