{"id":124466,"date":"2021-05-17T11:27:05","date_gmt":"2021-05-17T09:27:05","guid":{"rendered":"https:\/\/www.bellunopress.it\/?p=124466"},"modified":"2021-05-17T11:27:59","modified_gmt":"2021-05-17T09:27:59","slug":"cna-nordest-nordest-terra-di-cinema-un-webinar-sullimportanza-per-le-pmi-delle-location-e-dei-set-cinematografici","status":"publish","type":"post","link":"https:\/\/www.bellunopress.it\/fr\/2021\/05\/17\/cna-nordest-nordest-terra-di-cinema-un-webinar-sullimportanza-per-le-pmi-delle-location-e-dei-set-cinematografici\/","title":{"rendered":"Cna. Nordest terra di cinema: un webinar sull&#8217;importanza per le Pmi delle location e dei set cinematografici"},"content":{"rendered":"<p><strong>Un webinar sull\u2019importanza per le PMI delle location e dei set cinematografici di Veneto, Trentino Alto Adige e Friuli Venezia Giulia, organizzato dal coordinamento CNA Nordest<\/strong><\/p>\n<p><strong>Webinar, domani, marted\u00ec 18 maggio, dalle ore 16<\/strong><\/p>\n<p><strong>Per l\u2019iscrizione inviare una mail all\u2019indirizzo: cinemaaudiovisivo@cna.it.<\/strong><\/p>\n<figure id=\"attachment_121833\" aria-describedby=\"caption-attachment-121833\" style=\"width: 887px\" class=\"wp-caption alignleft\"><a href=\"https:\/\/www.bellunopress.it\/fr\/2021\/02\/18\/vaccinazioni-investimenti-imprese-scuola-fisco-cna-condivide-gli-obiettivi-del-presidente-draghi\/matteo-ribon-segretario-cna-veneto-_edited\/\" rel=\"attachment wp-att-121833\"><img loading=\"lazy\" decoding=\"async\" class=\"size-full wp-image-121833\" src=\"https:\/\/www.bellunopress.it\/wp-content\/uploads\/2021\/02\/Matteo-Ribon-Segretario-CNA-Veneto-_edited.jpg\" alt=\"\" width=\"887\" height=\"1000\" srcset=\"https:\/\/www.bellunopress.it\/wp-content\/uploads\/2021\/02\/Matteo-Ribon-Segretario-CNA-Veneto-_edited.jpg 887w, https:\/\/www.bellunopress.it\/wp-content\/uploads\/2021\/02\/Matteo-Ribon-Segretario-CNA-Veneto-_edited-444x500.jpg 444w, https:\/\/www.bellunopress.it\/wp-content\/uploads\/2021\/02\/Matteo-Ribon-Segretario-CNA-Veneto-_edited-696x785.jpg 696w, https:\/\/www.bellunopress.it\/wp-content\/uploads\/2021\/02\/Matteo-Ribon-Segretario-CNA-Veneto-_edited-373x420.jpg 373w\" sizes=\"auto, (max-width: 887px) 100vw, 887px\" \/><\/a><figcaption id=\"caption-attachment-121833\" class=\"wp-caption-text\">Matteo Ribon<\/figcaption><\/figure>\n<p>Ribon Segretario CNA Veneto, Fabris Segretario CNA Friuli Venezia Giulia, Sarti Segretario CNA Alto Adige: \u00abDal settore cinema dipende una filiera importante per il Nordest, di cui fanno parte migliaia di imprese e maestranze. Desideriamo promuovere questa nostra professionalit\u00e0 con le Film Commission per garantire servizi di livello e sostenere le nostre piccole imprese.\u00bb<\/p>\n<p>Marghera, 17 maggio 2021. \u00c8 stato grazie alla fortunata fiction di Rai 1 produzione Lux Vide \u201cUn passo dal cielo\u201d che in moltissimi hanno potuto conoscere e ammirare il Lago di Braies e la Val Pusteria. Per non parlare dei numerosi film che hanno avuto come scenografia d\u2019eccezione lo splendore di Venezia. Tanto per citarne solo alcuni: \u201cThe Tourist\u201d (2010); \u201c007 Casin\u00f2 Royale\u201d (2007); \u201cCasanova\u201d (2005), per non dimenticare la famosissima pellicola \u201cAnonimo Veneziano\u201d (1970). E a Venezia si stava girando un altro film della saga di \u201cMission Impossible\u201d quando Tom Cruise e la sua troupe sono rimasti bloccati dal lockdown dello scorso anno. In Friuli Venezia Giulia ricordiamo \u201cMiracolo a Illegio\u201d del regista friulano Thomas Turolo, \u201cLa principessa Sissi\u201d ambientato nel meraviglioso Castello di Miramare a Trieste, \u201cIl ragazzo invisibile\u201d di Gabriele Salvatores, la fiction Rai sulla Grande guerra \u201cIl confine\u201d, girato tra Udine e Palmanova; e ancora, i polizieschi \u201cLa porta rossa\u201d, \u201cRocco Schiavone\u201d, \u201cIl silenzio dell\u2019acqua\u201d.<\/p>\n<p>Il Veneto e il Friuli Venezia Giulia con oltre 4mila ville venete, e l\u2019Alto Adige con paesaggi e scenari naturali di indubbio fascino, sono sempre stati tra i preferiti per trovare suggestive location per produzioni cinematografiche e televisive.<\/p>\n<p>Per promuovere la ricchezza di questo territorio e l\u2019importanza che ricopre per il patinato mondo del cinema e delle produzioni televisive, CNA NORDEST che coordina CNA Veneto con CNA Friuli Venezia Giulia e CNA Alto Adige, ha organizzato un webinar in programma per marted\u00ec 18 maggio dalle ore 16 dal titolo \u201cNordest terra di cinema: sviluppo, servizi e attrattivit\u00e0 del territorio\u201d.<\/p>\n<p>Come affermano all\u2019unisono Matteo Ribon Segretario CNA Veneto, Gianni Sarti Segretario CNA Alto Adige, Roberto Fabris, Segretario CNA Friuli Venezia Giulia: \u00abDal settore del cinema dipende una filiera importante per il territorio del Nordest che comprende migliaia di imprese e di maestranze che ora pi\u00f9 che mai ha bisogno di ripartenza. Per questo desideriamo promuovere le professionalit\u00e0 delle nostre tre regioni in collaborazione con le Film Commission che possono lavorare sull&#8217;attrattivit\u00e0 del territorio e metterlo in sinergia con questa filiera. Per il comparto Cinema e Audiovisivo di CNA lavorare in sinergia tra Veneto, Friuli Venezia Giulia e Trentino Alto Adige (CNA Nordest) nelle complessit\u00e0 del periodo che stiamo attraversando \u00e8 la strada giusta per garantire servizi di livello e facilitare l\u2019impegno di sostenere le nostre piccole imprese.\u00bb<\/p>\n<p>Grazie alla presenza di un ricco parterre di relatori, tra i quali va segnalato l\u2019intervento di Ivan Olgiati, Vicepresidente nazionale CNA Cinema e Audiovisivo e la Tavola rotonda moderata da Gianluca Curti Presidente nazionale CNA Cinema e Audiovisivo \u2013 cui prendono parte Birgit Oberkofler Head Film Fund &amp; Commission \u2013 IDM Sudtirol; Federico Poillucci, Presidente Friuli Venezia Giulia Film Commission; Paolo Vidali, Direttore Fondo Audiovisivo Friuli Venezia Giulia; Jacopo Chessa, Direttore Veneto Film Commission \u2013, si rifletter\u00e0 sui tre aspetti peculiari per queste tre regioni \u2013 Sviluppo, Servizi e Attrattivit\u00e0 del territorio \u2013 ricercatissime come location e set cinematografici attorno ai quali ruotano moltissimi mestieri di artigiani e imprese legate alla filiera del cinema tra acconciatori, truccatori, costumisti, scenografi, arredatori e musicisti.<\/p>\n<p>Sviluppo: Il raggruppamento dell\u2019associazione artigiana CNA Cinema e Audiovisivo favorisce lo sviluppo del comparto dando rappresentanza non solo alle piccole e medie imprese del cinema e dell\u2019audiovisivo, ma anche a tutti quei mestieri che ruotano attorno al settore e ne compongono la filiera avviando sinergie e contaminazioni.<\/p>\n<p>Servizi: Essere sempre in grado di offrire servizi all\u2019avanguardia quali la polizza UnipolSai Film&amp;Video, l\u2019assicurazione multirischi per la produzione cineaudiovisiva. Un prodotto assicurativo di facile utilizzo, a costi contenuti, riservata agli associati CNA appartenenti alla filiera.<\/p>\n<p>Attrattivit\u00e0 del territorio: quella promossa dalle Film Commission, gli enti di emanazione regionale che fungono da vere e proprie cerniere di raccordo fra le produzioni cinematografiche e il territorio, capaci di creare le condizioni pi\u00f9 favorevoli all\u2019attrazione di investimenti nell\u2019industria dell\u2019audiovisivo e di promuovere i territori e le loro peculiarit\u00e0.<\/p>\n<p>Per l\u2019iscrizione inviare una mail all\u2019indirizzo: cinemaaudiovisivo@cna.it<\/p>","protected":false},"excerpt":{"rendered":"<p>Un webinar sull\u2019importanza per le PMI delle location e dei set cinematografici di Veneto, Trentino Alto Adige e Friuli Venezia Giulia, organizzato dal coordinamento CNA Nordest Webinar, domani, marted\u00ec 18 maggio, dalle ore 16 Per l\u2019iscrizione inviare una mail all\u2019indirizzo: cinemaaudiovisivo@cna.it. Ribon Segretario CNA Veneto, Fabris Segretario CNA Friuli Venezia Giulia, Sarti Segretario CNA Alto [&hellip;]<\/p>\n","protected":false},"author":2,"featured_media":123525,"comment_status":"closed","ping_status":"open","sticky":false,"template":"","format":"standard","meta":{"footnotes":""},"categories":[27,3,25],"tags":[],"class_list":["post-124466","post","type-post","status-publish","format-standard","has-post-thumbnail","category-appuntamenti","category-arte-cultura-spettacoli-scienza-archivi","category-pausa-caffe"],"yoast_head":"<!-- This site is optimized with the Yoast SEO plugin v28.4 - https:\/\/yoast.com\/product\/yoast-seo-wordpress\/ -->\n<title>Cna. Nordest terra di cinema: un webinar sull&#039;importanza per le Pmi delle location e dei set cinematografici - Bellunopress - Dolomiti<\/title>\n<meta name=\"robots\" content=\"index, follow, max-snippet:-1, max-image-preview:large, max-video-preview:-1\" \/>\n<link rel=\"canonical\" href=\"https:\/\/www.bellunopress.it\/fr\/2021\/05\/17\/cna-nordest-nordest-terra-di-cinema-un-webinar-sullimportanza-per-le-pmi-delle-location-e-dei-set-cinematografici\/\" \/>\n<meta property=\"og:locale\" content=\"fr_FR\" \/>\n<meta property=\"og:type\" content=\"article\" \/>\n<meta property=\"og:title\" content=\"Cna. Nordest terra di cinema: un webinar sull&#039;importanza per le Pmi delle location e dei set cinematografici - Bellunopress - Dolomiti\" \/>\n<meta property=\"og:description\" content=\"Un webinar sull\u2019importanza per le PMI delle location e dei set cinematografici di Veneto, Trentino Alto Adige e Friuli Venezia Giulia, organizzato dal coordinamento CNA Nordest Webinar, domani, marted\u00ec 18 maggio, dalle ore 16 Per l\u2019iscrizione inviare una mail all\u2019indirizzo: cinemaaudiovisivo@cna.it. Ribon Segretario CNA Veneto, Fabris Segretario CNA Friuli Venezia Giulia, Sarti Segretario CNA Alto [&hellip;]\" \/>\n<meta property=\"og:url\" content=\"https:\/\/www.bellunopress.it\/fr\/2021\/05\/17\/cna-nordest-nordest-terra-di-cinema-un-webinar-sullimportanza-per-le-pmi-delle-location-e-dei-set-cinematografici\/\" \/>\n<meta property=\"og:site_name\" content=\"Bellunopress - Dolomiti\" \/>\n<meta property=\"article:publisher\" content=\"https:\/\/www.facebook.com\/profile.php?id=100008943462799\" \/>\n<meta property=\"article:published_time\" content=\"2021-05-17T09:27:05+00:00\" \/>\n<meta property=\"article:modified_time\" content=\"2021-05-17T09:27:59+00:00\" \/>\n<meta property=\"og:image\" content=\"https:\/\/www.bellunopress.it\/wp-content\/uploads\/2021\/04\/cinema_edited.jpg\" \/>\n\t<meta property=\"og:image:width\" content=\"523\" \/>\n\t<meta property=\"og:image:height\" content=\"366\" \/>\n\t<meta property=\"og:image:type\" content=\"image\/jpeg\" \/>\n<meta name=\"author\" content=\"redazione\" \/>\n<meta name=\"twitter:card\" content=\"summary_large_image\" \/>\n<meta name=\"twitter:creator\" content=\"@bellunopress\" \/>\n<meta name=\"twitter:site\" content=\"@bellunopress\" \/>\n<meta name=\"twitter:label1\" content=\"\u00c9crit par\" \/>\n\t<meta name=\"twitter:data1\" content=\"redazione\" \/>\n\t<meta name=\"twitter:label2\" content=\"Dur\u00e9e de lecture estim\u00e9e\" \/>\n\t<meta name=\"twitter:data2\" content=\"4 minutes\" \/>\n<script type=\"application\/ld+json\" class=\"yoast-schema-graph\">{\"@context\":\"https:\\\/\\\/schema.org\",\"@graph\":[{\"@type\":\"Article\",\"@id\":\"https:\\\/\\\/www.bellunopress.it\\\/2021\\\/05\\\/17\\\/cna-nordest-nordest-terra-di-cinema-un-webinar-sullimportanza-per-le-pmi-delle-location-e-dei-set-cinematografici\\\/#article\",\"isPartOf\":{\"@id\":\"https:\\\/\\\/www.bellunopress.it\\\/2021\\\/05\\\/17\\\/cna-nordest-nordest-terra-di-cinema-un-webinar-sullimportanza-per-le-pmi-delle-location-e-dei-set-cinematografici\\\/\"},\"author\":{\"name\":\"redazione\",\"@id\":\"https:\\\/\\\/www.bellunopress.it\\\/#\\\/schema\\\/person\\\/79bb06722b37ece1c03d3e94beb30d73\"},\"headline\":\"Cna. Nordest terra di cinema: un webinar sull&#8217;importanza per le Pmi delle location e dei set cinematografici\",\"datePublished\":\"2021-05-17T09:27:05+00:00\",\"dateModified\":\"2021-05-17T09:27:59+00:00\",\"mainEntityOfPage\":{\"@id\":\"https:\\\/\\\/www.bellunopress.it\\\/2021\\\/05\\\/17\\\/cna-nordest-nordest-terra-di-cinema-un-webinar-sullimportanza-per-le-pmi-delle-location-e-dei-set-cinematografici\\\/\"},\"wordCount\":776,\"publisher\":{\"@id\":\"https:\\\/\\\/www.bellunopress.it\\\/#organization\"},\"image\":{\"@id\":\"https:\\\/\\\/www.bellunopress.it\\\/2021\\\/05\\\/17\\\/cna-nordest-nordest-terra-di-cinema-un-webinar-sullimportanza-per-le-pmi-delle-location-e-dei-set-cinematografici\\\/#primaryimage\"},\"thumbnailUrl\":\"https:\\\/\\\/www.bellunopress.it\\\/wp-content\\\/uploads\\\/2021\\\/04\\\/cinema_edited.jpg\",\"articleSection\":[\"Appuntamenti, Eventi\",\"Arte, Cultura, Spettacoli, Scienza\",\"Pausa Caff\u00e8\"],\"inLanguage\":\"fr-FR\"},{\"@type\":\"WebPage\",\"@id\":\"https:\\\/\\\/www.bellunopress.it\\\/2021\\\/05\\\/17\\\/cna-nordest-nordest-terra-di-cinema-un-webinar-sullimportanza-per-le-pmi-delle-location-e-dei-set-cinematografici\\\/\",\"url\":\"https:\\\/\\\/www.bellunopress.it\\\/2021\\\/05\\\/17\\\/cna-nordest-nordest-terra-di-cinema-un-webinar-sullimportanza-per-le-pmi-delle-location-e-dei-set-cinematografici\\\/\",\"name\":\"Cna. Nordest terra di cinema: un webinar sull'importanza per le Pmi delle location e dei set cinematografici - Bellunopress - Dolomiti\",\"isPartOf\":{\"@id\":\"https:\\\/\\\/www.bellunopress.it\\\/#website\"},\"primaryImageOfPage\":{\"@id\":\"https:\\\/\\\/www.bellunopress.it\\\/2021\\\/05\\\/17\\\/cna-nordest-nordest-terra-di-cinema-un-webinar-sullimportanza-per-le-pmi-delle-location-e-dei-set-cinematografici\\\/#primaryimage\"},\"image\":{\"@id\":\"https:\\\/\\\/www.bellunopress.it\\\/2021\\\/05\\\/17\\\/cna-nordest-nordest-terra-di-cinema-un-webinar-sullimportanza-per-le-pmi-delle-location-e-dei-set-cinematografici\\\/#primaryimage\"},\"thumbnailUrl\":\"https:\\\/\\\/www.bellunopress.it\\\/wp-content\\\/uploads\\\/2021\\\/04\\\/cinema_edited.jpg\",\"datePublished\":\"2021-05-17T09:27:05+00:00\",\"dateModified\":\"2021-05-17T09:27:59+00:00\",\"breadcrumb\":{\"@id\":\"https:\\\/\\\/www.bellunopress.it\\\/2021\\\/05\\\/17\\\/cna-nordest-nordest-terra-di-cinema-un-webinar-sullimportanza-per-le-pmi-delle-location-e-dei-set-cinematografici\\\/#breadcrumb\"},\"inLanguage\":\"fr-FR\",\"potentialAction\":[{\"@type\":\"ReadAction\",\"target\":[\"https:\\\/\\\/www.bellunopress.it\\\/2021\\\/05\\\/17\\\/cna-nordest-nordest-terra-di-cinema-un-webinar-sullimportanza-per-le-pmi-delle-location-e-dei-set-cinematografici\\\/\"]}]},{\"@type\":\"ImageObject\",\"inLanguage\":\"fr-FR\",\"@id\":\"https:\\\/\\\/www.bellunopress.it\\\/2021\\\/05\\\/17\\\/cna-nordest-nordest-terra-di-cinema-un-webinar-sullimportanza-per-le-pmi-delle-location-e-dei-set-cinematografici\\\/#primaryimage\",\"url\":\"https:\\\/\\\/www.bellunopress.it\\\/wp-content\\\/uploads\\\/2021\\\/04\\\/cinema_edited.jpg\",\"contentUrl\":\"https:\\\/\\\/www.bellunopress.it\\\/wp-content\\\/uploads\\\/2021\\\/04\\\/cinema_edited.jpg\",\"width\":523,\"height\":366},{\"@type\":\"BreadcrumbList\",\"@id\":\"https:\\\/\\\/www.bellunopress.it\\\/2021\\\/05\\\/17\\\/cna-nordest-nordest-terra-di-cinema-un-webinar-sullimportanza-per-le-pmi-delle-location-e-dei-set-cinematografici\\\/#breadcrumb\",\"itemListElement\":[{\"@type\":\"ListItem\",\"position\":1,\"name\":\"Home\",\"item\":\"https:\\\/\\\/www.bellunopress.it\\\/\"},{\"@type\":\"ListItem\",\"position\":2,\"name\":\"Cna. Nordest terra di cinema: un webinar sull&#8217;importanza per le Pmi delle location e dei set cinematografici\"}]},{\"@type\":\"WebSite\",\"@id\":\"https:\\\/\\\/www.bellunopress.it\\\/#website\",\"url\":\"https:\\\/\\\/www.bellunopress.it\\\/\",\"name\":\"Bellunopress - Dolomiti\",\"description\":\"e-mail: redazione@bellunopress.it\",\"publisher\":{\"@id\":\"https:\\\/\\\/www.bellunopress.it\\\/#organization\"},\"potentialAction\":[{\"@type\":\"SearchAction\",\"target\":{\"@type\":\"EntryPoint\",\"urlTemplate\":\"https:\\\/\\\/www.bellunopress.it\\\/?s={search_term_string}\"},\"query-input\":{\"@type\":\"PropertyValueSpecification\",\"valueRequired\":true,\"valueName\":\"search_term_string\"}}],\"inLanguage\":\"fr-FR\"},{\"@type\":\"Organization\",\"@id\":\"https:\\\/\\\/www.bellunopress.it\\\/#organization\",\"name\":\"Bellunopress\",\"url\":\"https:\\\/\\\/www.bellunopress.it\\\/\",\"logo\":{\"@type\":\"ImageObject\",\"inLanguage\":\"fr-FR\",\"@id\":\"https:\\\/\\\/www.bellunopress.it\\\/#\\\/schema\\\/logo\\\/image\\\/\",\"url\":\"https:\\\/\\\/www.bellunopress.it\\\/wp-content\\\/uploads\\\/2011\\\/05\\\/cropped-logo-bellunopress-.jpg\",\"contentUrl\":\"https:\\\/\\\/www.bellunopress.it\\\/wp-content\\\/uploads\\\/2011\\\/05\\\/cropped-logo-bellunopress-.jpg\",\"width\":512,\"height\":512,\"caption\":\"Bellunopress\"},\"image\":{\"@id\":\"https:\\\/\\\/www.bellunopress.it\\\/#\\\/schema\\\/logo\\\/image\\\/\"},\"sameAs\":[\"https:\\\/\\\/www.facebook.com\\\/profile.php?id=100008943462799\",\"https:\\\/\\\/x.com\\\/bellunopress\",\"https:\\\/\\\/www.linkedin.com\\\/hp\\\/?dnr=JBzUWaJfMUw8vbXJJ2tVW5-I3jZKvC4wsoxE&amp;amp;amp;amp;amp;amp;trk=nav_responsive_tab_home\",\"https:\\\/\\\/www.youtube.com\\\/channel\\\/UCxL0wu1uN0_3_7hGG0306cw\"]},{\"@type\":\"Person\",\"@id\":\"https:\\\/\\\/www.bellunopress.it\\\/#\\\/schema\\\/person\\\/79bb06722b37ece1c03d3e94beb30d73\",\"name\":\"redazione\",\"image\":{\"@type\":\"ImageObject\",\"inLanguage\":\"fr-FR\",\"@id\":\"https:\\\/\\\/secure.gravatar.com\\\/avatar\\\/37d968a2e67a6fd04c169c4bdef102d0bc5d31b2546345219e348575eb80e9a0?s=96&d=mm&r=g\",\"url\":\"https:\\\/\\\/secure.gravatar.com\\\/avatar\\\/37d968a2e67a6fd04c169c4bdef102d0bc5d31b2546345219e348575eb80e9a0?s=96&d=mm&r=g\",\"contentUrl\":\"https:\\\/\\\/secure.gravatar.com\\\/avatar\\\/37d968a2e67a6fd04c169c4bdef102d0bc5d31b2546345219e348575eb80e9a0?s=96&d=mm&r=g\",\"caption\":\"redazione\"},\"sameAs\":[\"http:\\\/\\\/www.bellunopress.it\",\"https:\\\/\\\/x.com\\\/bellunopress\"],\"url\":\"https:\\\/\\\/www.bellunopress.it\\\/fr\\\/author\\\/redazione\\\/\"}]}<\/script>\n<!-- \/ Yoast SEO plugin. -->","yoast_head_json":{"title":"Cna. Nordest terra di cinema: un webinar sull'importanza per le Pmi delle location e dei set cinematografici - Bellunopress - Dolomiti","robots":{"index":"index","follow":"follow","max-snippet":"max-snippet:-1","max-image-preview":"max-image-preview:large","max-video-preview":"max-video-preview:-1"},"canonical":"https:\/\/www.bellunopress.it\/fr\/2021\/05\/17\/cna-nordest-nordest-terra-di-cinema-un-webinar-sullimportanza-per-le-pmi-delle-location-e-dei-set-cinematografici\/","og_locale":"fr_FR","og_type":"article","og_title":"Cna. Nordest terra di cinema: un webinar sull'importanza per le Pmi delle location e dei set cinematografici - Bellunopress - Dolomiti","og_description":"Un webinar sull\u2019importanza per le PMI delle location e dei set cinematografici di Veneto, Trentino Alto Adige e Friuli Venezia Giulia, organizzato dal coordinamento CNA Nordest Webinar, domani, marted\u00ec 18 maggio, dalle ore 16 Per l\u2019iscrizione inviare una mail all\u2019indirizzo: cinemaaudiovisivo@cna.it. Ribon Segretario CNA Veneto, Fabris Segretario CNA Friuli Venezia Giulia, Sarti Segretario CNA Alto [&hellip;]","og_url":"https:\/\/www.bellunopress.it\/fr\/2021\/05\/17\/cna-nordest-nordest-terra-di-cinema-un-webinar-sullimportanza-per-le-pmi-delle-location-e-dei-set-cinematografici\/","og_site_name":"Bellunopress - Dolomiti","article_publisher":"https:\/\/www.facebook.com\/profile.php?id=100008943462799","article_published_time":"2021-05-17T09:27:05+00:00","article_modified_time":"2021-05-17T09:27:59+00:00","og_image":[{"width":523,"height":366,"url":"https:\/\/www.bellunopress.it\/wp-content\/uploads\/2021\/04\/cinema_edited.jpg","type":"image\/jpeg"}],"author":"redazione","twitter_card":"summary_large_image","twitter_creator":"@bellunopress","twitter_site":"@bellunopress","twitter_misc":{"\u00c9crit par":"redazione","Dur\u00e9e de lecture estim\u00e9e":"4 minutes"},"schema":{"@context":"https:\/\/schema.org","@graph":[{"@type":"Article","@id":"https:\/\/www.bellunopress.it\/2021\/05\/17\/cna-nordest-nordest-terra-di-cinema-un-webinar-sullimportanza-per-le-pmi-delle-location-e-dei-set-cinematografici\/#article","isPartOf":{"@id":"https:\/\/www.bellunopress.it\/2021\/05\/17\/cna-nordest-nordest-terra-di-cinema-un-webinar-sullimportanza-per-le-pmi-delle-location-e-dei-set-cinematografici\/"},"author":{"name":"redazione","@id":"https:\/\/www.bellunopress.it\/#\/schema\/person\/79bb06722b37ece1c03d3e94beb30d73"},"headline":"Cna. Nordest terra di cinema: un webinar sull&#8217;importanza per le Pmi delle location e dei set cinematografici","datePublished":"2021-05-17T09:27:05+00:00","dateModified":"2021-05-17T09:27:59+00:00","mainEntityOfPage":{"@id":"https:\/\/www.bellunopress.it\/2021\/05\/17\/cna-nordest-nordest-terra-di-cinema-un-webinar-sullimportanza-per-le-pmi-delle-location-e-dei-set-cinematografici\/"},"wordCount":776,"publisher":{"@id":"https:\/\/www.bellunopress.it\/#organization"},"image":{"@id":"https:\/\/www.bellunopress.it\/2021\/05\/17\/cna-nordest-nordest-terra-di-cinema-un-webinar-sullimportanza-per-le-pmi-delle-location-e-dei-set-cinematografici\/#primaryimage"},"thumbnailUrl":"https:\/\/www.bellunopress.it\/wp-content\/uploads\/2021\/04\/cinema_edited.jpg","articleSection":["Appuntamenti, Eventi","Arte, Cultura, Spettacoli, Scienza","Pausa Caff\u00e8"],"inLanguage":"fr-FR"},{"@type":"WebPage","@id":"https:\/\/www.bellunopress.it\/2021\/05\/17\/cna-nordest-nordest-terra-di-cinema-un-webinar-sullimportanza-per-le-pmi-delle-location-e-dei-set-cinematografici\/","url":"https:\/\/www.bellunopress.it\/2021\/05\/17\/cna-nordest-nordest-terra-di-cinema-un-webinar-sullimportanza-per-le-pmi-delle-location-e-dei-set-cinematografici\/","name":"Cna. Nordest terra di cinema: un webinar sull'importanza per le Pmi delle location e dei set cinematografici - Bellunopress - Dolomiti","isPartOf":{"@id":"https:\/\/www.bellunopress.it\/#website"},"primaryImageOfPage":{"@id":"https:\/\/www.bellunopress.it\/2021\/05\/17\/cna-nordest-nordest-terra-di-cinema-un-webinar-sullimportanza-per-le-pmi-delle-location-e-dei-set-cinematografici\/#primaryimage"},"image":{"@id":"https:\/\/www.bellunopress.it\/2021\/05\/17\/cna-nordest-nordest-terra-di-cinema-un-webinar-sullimportanza-per-le-pmi-delle-location-e-dei-set-cinematografici\/#primaryimage"},"thumbnailUrl":"https:\/\/www.bellunopress.it\/wp-content\/uploads\/2021\/04\/cinema_edited.jpg","datePublished":"2021-05-17T09:27:05+00:00","dateModified":"2021-05-17T09:27:59+00:00","breadcrumb":{"@id":"https:\/\/www.bellunopress.it\/2021\/05\/17\/cna-nordest-nordest-terra-di-cinema-un-webinar-sullimportanza-per-le-pmi-delle-location-e-dei-set-cinematografici\/#breadcrumb"},"inLanguage":"fr-FR","potentialAction":[{"@type":"ReadAction","target":["https:\/\/www.bellunopress.it\/2021\/05\/17\/cna-nordest-nordest-terra-di-cinema-un-webinar-sullimportanza-per-le-pmi-delle-location-e-dei-set-cinematografici\/"]}]},{"@type":"ImageObject","inLanguage":"fr-FR","@id":"https:\/\/www.bellunopress.it\/2021\/05\/17\/cna-nordest-nordest-terra-di-cinema-un-webinar-sullimportanza-per-le-pmi-delle-location-e-dei-set-cinematografici\/#primaryimage","url":"https:\/\/www.bellunopress.it\/wp-content\/uploads\/2021\/04\/cinema_edited.jpg","contentUrl":"https:\/\/www.bellunopress.it\/wp-content\/uploads\/2021\/04\/cinema_edited.jpg","width":523,"height":366},{"@type":"BreadcrumbList","@id":"https:\/\/www.bellunopress.it\/2021\/05\/17\/cna-nordest-nordest-terra-di-cinema-un-webinar-sullimportanza-per-le-pmi-delle-location-e-dei-set-cinematografici\/#breadcrumb","itemListElement":[{"@type":"ListItem","position":1,"name":"Home","item":"https:\/\/www.bellunopress.it\/"},{"@type":"ListItem","position":2,"name":"Cna. Nordest terra di cinema: un webinar sull&#8217;importanza per le Pmi delle location e dei set cinematografici"}]},{"@type":"WebSite","@id":"https:\/\/www.bellunopress.it\/#website","url":"https:\/\/www.bellunopress.it\/","name":"Bellunopress - Dolomiti","description":"e-mail: redazione@bellunopress.it","publisher":{"@id":"https:\/\/www.bellunopress.it\/#organization"},"potentialAction":[{"@type":"SearchAction","target":{"@type":"EntryPoint","urlTemplate":"https:\/\/www.bellunopress.it\/?s={search_term_string}"},"query-input":{"@type":"PropertyValueSpecification","valueRequired":true,"valueName":"search_term_string"}}],"inLanguage":"fr-FR"},{"@type":"Organization","@id":"https:\/\/www.bellunopress.it\/#organization","name":"Bellunopress","url":"https:\/\/www.bellunopress.it\/","logo":{"@type":"ImageObject","inLanguage":"fr-FR","@id":"https:\/\/www.bellunopress.it\/#\/schema\/logo\/image\/","url":"https:\/\/www.bellunopress.it\/wp-content\/uploads\/2011\/05\/cropped-logo-bellunopress-.jpg","contentUrl":"https:\/\/www.bellunopress.it\/wp-content\/uploads\/2011\/05\/cropped-logo-bellunopress-.jpg","width":512,"height":512,"caption":"Bellunopress"},"image":{"@id":"https:\/\/www.bellunopress.it\/#\/schema\/logo\/image\/"},"sameAs":["https:\/\/www.facebook.com\/profile.php?id=100008943462799","https:\/\/x.com\/bellunopress","https:\/\/www.linkedin.com\/hp\/?dnr=JBzUWaJfMUw8vbXJJ2tVW5-I3jZKvC4wsoxE&amp;amp;amp;amp;amp;amp;trk=nav_responsive_tab_home","https:\/\/www.youtube.com\/channel\/UCxL0wu1uN0_3_7hGG0306cw"]},{"@type":"Person","@id":"https:\/\/www.bellunopress.it\/#\/schema\/person\/79bb06722b37ece1c03d3e94beb30d73","name":"r\u00e9daction","image":{"@type":"ImageObject","inLanguage":"fr-FR","@id":"https:\/\/secure.gravatar.com\/avatar\/37d968a2e67a6fd04c169c4bdef102d0bc5d31b2546345219e348575eb80e9a0?s=96&d=mm&r=g","url":"https:\/\/secure.gravatar.com\/avatar\/37d968a2e67a6fd04c169c4bdef102d0bc5d31b2546345219e348575eb80e9a0?s=96&d=mm&r=g","contentUrl":"https:\/\/secure.gravatar.com\/avatar\/37d968a2e67a6fd04c169c4bdef102d0bc5d31b2546345219e348575eb80e9a0?s=96&d=mm&r=g","caption":"redazione"},"sameAs":["http:\/\/www.bellunopress.it","https:\/\/x.com\/bellunopress"],"url":"https:\/\/www.bellunopress.it\/fr\/author\/redazione\/"}]}},"_links":{"self":[{"href":"https:\/\/www.bellunopress.it\/fr\/wp-json\/wp\/v2\/posts\/124466","targetHints":{"allow":["GET"]}}],"collection":[{"href":"https:\/\/www.bellunopress.it\/fr\/wp-json\/wp\/v2\/posts"}],"about":[{"href":"https:\/\/www.bellunopress.it\/fr\/wp-json\/wp\/v2\/types\/post"}],"author":[{"embeddable":true,"href":"https:\/\/www.bellunopress.it\/fr\/wp-json\/wp\/v2\/users\/2"}],"replies":[{"embeddable":true,"href":"https:\/\/www.bellunopress.it\/fr\/wp-json\/wp\/v2\/comments?post=124466"}],"version-history":[{"count":2,"href":"https:\/\/www.bellunopress.it\/fr\/wp-json\/wp\/v2\/posts\/124466\/revisions"}],"predecessor-version":[{"id":124468,"href":"https:\/\/www.bellunopress.it\/fr\/wp-json\/wp\/v2\/posts\/124466\/revisions\/124468"}],"wp:featuredmedia":[{"embeddable":true,"href":"https:\/\/www.bellunopress.it\/fr\/wp-json\/wp\/v2\/media\/123525"}],"wp:attachment":[{"href":"https:\/\/www.bellunopress.it\/fr\/wp-json\/wp\/v2\/media?parent=124466"}],"wp:term":[{"taxonomy":"category","embeddable":true,"href":"https:\/\/www.bellunopress.it\/fr\/wp-json\/wp\/v2\/categories?post=124466"},{"taxonomy":"post_tag","embeddable":true,"href":"https:\/\/www.bellunopress.it\/fr\/wp-json\/wp\/v2\/tags?post=124466"}],"curies":[{"name":"wp","href":"https:\/\/api.w.org\/{rel}","templated":true}]}}