{"id":124418,"date":"2021-05-15T13:19:42","date_gmt":"2021-05-15T11:19:42","guid":{"rendered":"https:\/\/www.bellunopress.it\/?p=124418"},"modified":"2021-05-15T13:19:42","modified_gmt":"2021-05-15T11:19:42","slug":"36mo-rally-bellunese-appuntamento-il-22-e-23-maggio-con-le-grandi-firme-del-rallysmo","status":"publish","type":"post","link":"https:\/\/www.bellunopress.it\/fr\/2021\/05\/15\/36mo-rally-bellunese-appuntamento-il-22-e-23-maggio-con-le-grandi-firme-del-rallysmo\/","title":{"rendered":"36mo Rally Bellunese. Appuntamento il 22 e 23 maggio con le grandi firme del rallysmo"},"content":{"rendered":"<p><a href=\"https:\/\/www.bellunopress.it\/fr\/2021\/03\/22\/posticipato-al-22-e-23-maggio-2021-il-36rally-bellunese\/rally-bellunese_edited-2\/\" rel=\"attachment wp-att-122613\"><img loading=\"lazy\" decoding=\"async\" class=\"alignleft size-full wp-image-122613\" src=\"https:\/\/www.bellunopress.it\/wp-content\/uploads\/2021\/03\/Rally-Bellunese_edited.jpg\" alt=\"\" width=\"1000\" height=\"644\" srcset=\"https:\/\/www.bellunopress.it\/wp-content\/uploads\/2021\/03\/Rally-Bellunese_edited.jpg 1000w, https:\/\/www.bellunopress.it\/wp-content\/uploads\/2021\/03\/Rally-Bellunese_edited-500x322.jpg 500w, https:\/\/www.bellunopress.it\/wp-content\/uploads\/2021\/03\/Rally-Bellunese_edited-696x448.jpg 696w, https:\/\/www.bellunopress.it\/wp-content\/uploads\/2021\/03\/Rally-Bellunese_edited-652x420.jpg 652w\" sizes=\"auto, (max-width: 1000px) 100vw, 1000px\" \/><\/a>Quella che volge al termine \u00e8 stata una settimana di vigilia intensissima e davvero esaltante per Asd Tre Cime Promotor, proiettata con tutte le forze all\u2019appuntamento del 22 e 23 maggio prossimi con il 36 \u00b0 Rally Bellunese. La corsa, gara inaugurale della Coppa Rally 4^ zona di Aci Sport, che avr\u00e0 sede di partenza ed arrivo a Lentiai di Borgo Valbelluna e con le otto prove speciali di \u201cLentiai\u201d, \u201cCesio\u201d e Melere\u201d interesser\u00e0 anche i territori di Limana e Cesiomaggiore, parte davvero sotto i migliori auspici.<\/p>\n<p>Mercoled\u00ec, l\u2019incontro al vertice convocato in video conferenza dalla Prefettura di Belluno ed al quale hanno partecipato oltre agli organizzatori, tutti i rappresentanti degli Enti, degli Uffici e delle Forze dell\u2019Ordine interessati allo svolgimento dell\u2019importante evento, ha registrato l\u2019unanime, favorevole assenso delle parti. Un risultato eccellente, come mai in passato, frutto s\u00ec dell\u2019enorme impegno profuso in tanti mesi di serio impegno da Asd Tre Cime Promotor, ma anche della convinzione generale che un evento sportivo come il Rally Bellunese, se proposto con attenzione e rispetto delle regole, pu\u00f2 rivelarsi un fondamentale stimolo per la tanto desiderata ripartenza dopo i lunghi mesi caratterizzati dalla pandemia.<\/p>\n<p>Il presidente Achille Selvestrel sottolinea: \u201cIn tutto questo un ruolo importante lo ha sostenuto il prefetto dottor Mariano Savastano che, pur da poco insediatosi a Palazzo dei Rettori, ha saputo favorire la ricerca di soluzioni condivise ed efficaci attraverso il dialogo e la reciproca collaborazione. A lui e al presidente della Provincia Roberto Padrin, come a tutti i funzionari coinvolti, va la nostra riconoscenza\u201d.<\/p>\n<p>Il percorso di gara \u00e8 stato collaudato gioved\u00ec. Anche in questo caso non ci sono state problematiche e i tracciati delle PS sono gi\u00e0 in avanzata fase di allestimento. Per dare un\u2019idea della cura con cui si vuol presentare il 36\u00b0 Rally Bellunese ai concorrenti, citiamo questo dato: lungo le tre speciali \u201cLentiai\u201d, Cesio\u201d e Melere\u201d sono stati posizionate 47 rotoballe di fieno e 185 pile di gomme realizzate utilizzando oltre 830 pneumatici.<\/p>\n<p>La ciliegina sulla torta \u00e8 arrivata con la chiusura delle iscrizioni quando il 36\u00b0 Rally Bellunese ha fatto il botto registrando ben 124 adesioni di equipaggi italiani, sloveni, austriaci e tedeschi. In un colpo solo Asd Tre Cime Promotor si \u00e8 rifatta dei tanti bocconi amari ingoiati negli ultimi anni (dal 2011 il Bellunese non registrava una cos\u00ec massiccia partecipazione). Numeri e qualit\u00e0, come nella miglior tradizione di questo rally e come ribadisce Michele Coletti, \u201canima\u201d dell\u2019organizzazione: \u201cAvremo oltre 20 concorrenti della classe regina, la R5. Fra loro Signor-Bernardi, tre volte vincitori e campioni italiani WRC 2016, che tornano assieme dopo un anno e mezzo; il friulano Bravi. Molto folta la Super1600 con i vari Andriolo, Bizzotto, Bulfon e Menegatti. Il bellunese Nicola Dal Col porter\u00e0 al debutto la nuova Ford Fiesta R4 e fra i piloti locali ci saranno anche Curto con la Saxo K10, D\u2019Agostini e Paris in R5. Con curiosit\u00e0 bisogner\u00e0 seguire il campione sloveno 2019 Rok Turk, mentre il giovanissimo austriaco Ren\u00e8 Noller porter\u00e0 al debutto in Italia la nuova Opel Corsa R4\u201d.<\/p>\n<p>&nbsp;<\/p>","protected":false},"excerpt":{"rendered":"<p>Quella che volge al termine \u00e8 stata una settimana di vigilia intensissima e davvero esaltante per Asd Tre Cime Promotor, proiettata con tutte le forze all\u2019appuntamento del 22 e 23 maggio prossimi con il 36 \u00b0 Rally Bellunese. La corsa, gara inaugurale della Coppa Rally 4^ zona di Aci Sport, che avr\u00e0 sede di partenza [&hellip;]<\/p>\n","protected":false},"author":2,"featured_media":122613,"comment_status":"closed","ping_status":"open","sticky":false,"template":"","format":"standard","meta":{"footnotes":""},"categories":[25,4],"tags":[],"class_list":["post-124418","post","type-post","status-publish","format-standard","has-post-thumbnail","category-pausa-caffe","category-sport"],"yoast_head":"<!-- This site is optimized with the Yoast SEO plugin v28.4 - https:\/\/yoast.com\/product\/yoast-seo-wordpress\/ -->\n<title>36mo Rally Bellunese. Appuntamento il 22 e 23 maggio con le grandi firme del rallysmo - Bellunopress - Dolomiti<\/title>\n<meta name=\"robots\" content=\"index, follow, max-snippet:-1, max-image-preview:large, max-video-preview:-1\" \/>\n<link rel=\"canonical\" href=\"https:\/\/www.bellunopress.it\/fr\/2021\/05\/15\/36mo-rally-bellunese-appuntamento-il-22-e-23-maggio-con-le-grandi-firme-del-rallysmo\/\" \/>\n<meta property=\"og:locale\" content=\"fr_FR\" \/>\n<meta property=\"og:type\" content=\"article\" \/>\n<meta property=\"og:title\" content=\"36mo Rally Bellunese. Appuntamento il 22 e 23 maggio con le grandi firme del rallysmo - Bellunopress - Dolomiti\" \/>\n<meta property=\"og:description\" content=\"Quella che volge al termine \u00e8 stata una settimana di vigilia intensissima e davvero esaltante per Asd Tre Cime Promotor, proiettata con tutte le forze all\u2019appuntamento del 22 e 23 maggio prossimi con il 36 \u00b0 Rally Bellunese. La corsa, gara inaugurale della Coppa Rally 4^ zona di Aci Sport, che avr\u00e0 sede di partenza [&hellip;]\" \/>\n<meta property=\"og:url\" content=\"https:\/\/www.bellunopress.it\/fr\/2021\/05\/15\/36mo-rally-bellunese-appuntamento-il-22-e-23-maggio-con-le-grandi-firme-del-rallysmo\/\" \/>\n<meta property=\"og:site_name\" content=\"Bellunopress - Dolomiti\" \/>\n<meta property=\"article:publisher\" content=\"https:\/\/www.facebook.com\/profile.php?id=100008943462799\" \/>\n<meta property=\"article:published_time\" content=\"2021-05-15T11:19:42+00:00\" \/>\n<meta property=\"og:image\" content=\"https:\/\/www.bellunopress.it\/wp-content\/uploads\/2021\/03\/Rally-Bellunese_edited.jpg\" \/>\n\t<meta property=\"og:image:width\" content=\"1000\" \/>\n\t<meta property=\"og:image:height\" content=\"644\" \/>\n\t<meta property=\"og:image:type\" content=\"image\/jpeg\" \/>\n<meta name=\"author\" content=\"redazione\" \/>\n<meta name=\"twitter:card\" content=\"summary_large_image\" \/>\n<meta name=\"twitter:creator\" content=\"@bellunopress\" \/>\n<meta name=\"twitter:site\" content=\"@bellunopress\" \/>\n<meta name=\"twitter:label1\" content=\"\u00c9crit par\" \/>\n\t<meta name=\"twitter:data1\" content=\"redazione\" \/>\n\t<meta name=\"twitter:label2\" content=\"Dur\u00e9e de lecture estim\u00e9e\" \/>\n\t<meta name=\"twitter:data2\" content=\"3 minutes\" \/>\n<script type=\"application\/ld+json\" class=\"yoast-schema-graph\">{\"@context\":\"https:\\\/\\\/schema.org\",\"@graph\":[{\"@type\":\"Article\",\"@id\":\"https:\\\/\\\/www.bellunopress.it\\\/2021\\\/05\\\/15\\\/36mo-rally-bellunese-appuntamento-il-22-e-23-maggio-con-le-grandi-firme-del-rallysmo\\\/#article\",\"isPartOf\":{\"@id\":\"https:\\\/\\\/www.bellunopress.it\\\/2021\\\/05\\\/15\\\/36mo-rally-bellunese-appuntamento-il-22-e-23-maggio-con-le-grandi-firme-del-rallysmo\\\/\"},\"author\":{\"name\":\"redazione\",\"@id\":\"https:\\\/\\\/www.bellunopress.it\\\/#\\\/schema\\\/person\\\/79bb06722b37ece1c03d3e94beb30d73\"},\"headline\":\"36mo Rally Bellunese. Appuntamento il 22 e 23 maggio con le grandi firme del rallysmo\",\"datePublished\":\"2021-05-15T11:19:42+00:00\",\"mainEntityOfPage\":{\"@id\":\"https:\\\/\\\/www.bellunopress.it\\\/2021\\\/05\\\/15\\\/36mo-rally-bellunese-appuntamento-il-22-e-23-maggio-con-le-grandi-firme-del-rallysmo\\\/\"},\"wordCount\":509,\"publisher\":{\"@id\":\"https:\\\/\\\/www.bellunopress.it\\\/#organization\"},\"image\":{\"@id\":\"https:\\\/\\\/www.bellunopress.it\\\/2021\\\/05\\\/15\\\/36mo-rally-bellunese-appuntamento-il-22-e-23-maggio-con-le-grandi-firme-del-rallysmo\\\/#primaryimage\"},\"thumbnailUrl\":\"https:\\\/\\\/www.bellunopress.it\\\/wp-content\\\/uploads\\\/2021\\\/03\\\/Rally-Bellunese_edited.jpg\",\"articleSection\":[\"Pausa Caff\u00e8\",\"Sport, tempo libero\"],\"inLanguage\":\"fr-FR\"},{\"@type\":\"WebPage\",\"@id\":\"https:\\\/\\\/www.bellunopress.it\\\/2021\\\/05\\\/15\\\/36mo-rally-bellunese-appuntamento-il-22-e-23-maggio-con-le-grandi-firme-del-rallysmo\\\/\",\"url\":\"https:\\\/\\\/www.bellunopress.it\\\/2021\\\/05\\\/15\\\/36mo-rally-bellunese-appuntamento-il-22-e-23-maggio-con-le-grandi-firme-del-rallysmo\\\/\",\"name\":\"36mo Rally Bellunese. Appuntamento il 22 e 23 maggio con le grandi firme del rallysmo - Bellunopress - Dolomiti\",\"isPartOf\":{\"@id\":\"https:\\\/\\\/www.bellunopress.it\\\/#website\"},\"primaryImageOfPage\":{\"@id\":\"https:\\\/\\\/www.bellunopress.it\\\/2021\\\/05\\\/15\\\/36mo-rally-bellunese-appuntamento-il-22-e-23-maggio-con-le-grandi-firme-del-rallysmo\\\/#primaryimage\"},\"image\":{\"@id\":\"https:\\\/\\\/www.bellunopress.it\\\/2021\\\/05\\\/15\\\/36mo-rally-bellunese-appuntamento-il-22-e-23-maggio-con-le-grandi-firme-del-rallysmo\\\/#primaryimage\"},\"thumbnailUrl\":\"https:\\\/\\\/www.bellunopress.it\\\/wp-content\\\/uploads\\\/2021\\\/03\\\/Rally-Bellunese_edited.jpg\",\"datePublished\":\"2021-05-15T11:19:42+00:00\",\"breadcrumb\":{\"@id\":\"https:\\\/\\\/www.bellunopress.it\\\/2021\\\/05\\\/15\\\/36mo-rally-bellunese-appuntamento-il-22-e-23-maggio-con-le-grandi-firme-del-rallysmo\\\/#breadcrumb\"},\"inLanguage\":\"fr-FR\",\"potentialAction\":[{\"@type\":\"ReadAction\",\"target\":[\"https:\\\/\\\/www.bellunopress.it\\\/2021\\\/05\\\/15\\\/36mo-rally-bellunese-appuntamento-il-22-e-23-maggio-con-le-grandi-firme-del-rallysmo\\\/\"]}]},{\"@type\":\"ImageObject\",\"inLanguage\":\"fr-FR\",\"@id\":\"https:\\\/\\\/www.bellunopress.it\\\/2021\\\/05\\\/15\\\/36mo-rally-bellunese-appuntamento-il-22-e-23-maggio-con-le-grandi-firme-del-rallysmo\\\/#primaryimage\",\"url\":\"https:\\\/\\\/www.bellunopress.it\\\/wp-content\\\/uploads\\\/2021\\\/03\\\/Rally-Bellunese_edited.jpg\",\"contentUrl\":\"https:\\\/\\\/www.bellunopress.it\\\/wp-content\\\/uploads\\\/2021\\\/03\\\/Rally-Bellunese_edited.jpg\",\"width\":1000,\"height\":644},{\"@type\":\"BreadcrumbList\",\"@id\":\"https:\\\/\\\/www.bellunopress.it\\\/2021\\\/05\\\/15\\\/36mo-rally-bellunese-appuntamento-il-22-e-23-maggio-con-le-grandi-firme-del-rallysmo\\\/#breadcrumb\",\"itemListElement\":[{\"@type\":\"ListItem\",\"position\":1,\"name\":\"Home\",\"item\":\"https:\\\/\\\/www.bellunopress.it\\\/\"},{\"@type\":\"ListItem\",\"position\":2,\"name\":\"36mo Rally Bellunese. Appuntamento il 22 e 23 maggio con le grandi firme del rallysmo\"}]},{\"@type\":\"WebSite\",\"@id\":\"https:\\\/\\\/www.bellunopress.it\\\/#website\",\"url\":\"https:\\\/\\\/www.bellunopress.it\\\/\",\"name\":\"Bellunopress - Dolomiti\",\"description\":\"e-mail: redazione@bellunopress.it\",\"publisher\":{\"@id\":\"https:\\\/\\\/www.bellunopress.it\\\/#organization\"},\"potentialAction\":[{\"@type\":\"SearchAction\",\"target\":{\"@type\":\"EntryPoint\",\"urlTemplate\":\"https:\\\/\\\/www.bellunopress.it\\\/?s={search_term_string}\"},\"query-input\":{\"@type\":\"PropertyValueSpecification\",\"valueRequired\":true,\"valueName\":\"search_term_string\"}}],\"inLanguage\":\"fr-FR\"},{\"@type\":\"Organization\",\"@id\":\"https:\\\/\\\/www.bellunopress.it\\\/#organization\",\"name\":\"Bellunopress\",\"url\":\"https:\\\/\\\/www.bellunopress.it\\\/\",\"logo\":{\"@type\":\"ImageObject\",\"inLanguage\":\"fr-FR\",\"@id\":\"https:\\\/\\\/www.bellunopress.it\\\/#\\\/schema\\\/logo\\\/image\\\/\",\"url\":\"https:\\\/\\\/www.bellunopress.it\\\/wp-content\\\/uploads\\\/2011\\\/05\\\/cropped-logo-bellunopress-.jpg\",\"contentUrl\":\"https:\\\/\\\/www.bellunopress.it\\\/wp-content\\\/uploads\\\/2011\\\/05\\\/cropped-logo-bellunopress-.jpg\",\"width\":512,\"height\":512,\"caption\":\"Bellunopress\"},\"image\":{\"@id\":\"https:\\\/\\\/www.bellunopress.it\\\/#\\\/schema\\\/logo\\\/image\\\/\"},\"sameAs\":[\"https:\\\/\\\/www.facebook.com\\\/profile.php?id=100008943462799\",\"https:\\\/\\\/x.com\\\/bellunopress\",\"https:\\\/\\\/www.linkedin.com\\\/hp\\\/?dnr=JBzUWaJfMUw8vbXJJ2tVW5-I3jZKvC4wsoxE&amp;amp;amp;amp;amp;amp;trk=nav_responsive_tab_home\",\"https:\\\/\\\/www.youtube.com\\\/channel\\\/UCxL0wu1uN0_3_7hGG0306cw\"]},{\"@type\":\"Person\",\"@id\":\"https:\\\/\\\/www.bellunopress.it\\\/#\\\/schema\\\/person\\\/79bb06722b37ece1c03d3e94beb30d73\",\"name\":\"redazione\",\"image\":{\"@type\":\"ImageObject\",\"inLanguage\":\"fr-FR\",\"@id\":\"https:\\\/\\\/secure.gravatar.com\\\/avatar\\\/37d968a2e67a6fd04c169c4bdef102d0bc5d31b2546345219e348575eb80e9a0?s=96&d=mm&r=g\",\"url\":\"https:\\\/\\\/secure.gravatar.com\\\/avatar\\\/37d968a2e67a6fd04c169c4bdef102d0bc5d31b2546345219e348575eb80e9a0?s=96&d=mm&r=g\",\"contentUrl\":\"https:\\\/\\\/secure.gravatar.com\\\/avatar\\\/37d968a2e67a6fd04c169c4bdef102d0bc5d31b2546345219e348575eb80e9a0?s=96&d=mm&r=g\",\"caption\":\"redazione\"},\"sameAs\":[\"http:\\\/\\\/www.bellunopress.it\",\"https:\\\/\\\/x.com\\\/bellunopress\"],\"url\":\"https:\\\/\\\/www.bellunopress.it\\\/fr\\\/author\\\/redazione\\\/\"}]}<\/script>\n<!-- \/ Yoast SEO plugin. -->","yoast_head_json":{"title":"36mo Rally Bellunese. Appuntamento il 22 e 23 maggio con le grandi firme del rallysmo - Bellunopress - Dolomiti","robots":{"index":"index","follow":"follow","max-snippet":"max-snippet:-1","max-image-preview":"max-image-preview:large","max-video-preview":"max-video-preview:-1"},"canonical":"https:\/\/www.bellunopress.it\/fr\/2021\/05\/15\/36mo-rally-bellunese-appuntamento-il-22-e-23-maggio-con-le-grandi-firme-del-rallysmo\/","og_locale":"fr_FR","og_type":"article","og_title":"36mo Rally Bellunese. Appuntamento il 22 e 23 maggio con le grandi firme del rallysmo - Bellunopress - Dolomiti","og_description":"Quella che volge al termine \u00e8 stata una settimana di vigilia intensissima e davvero esaltante per Asd Tre Cime Promotor, proiettata con tutte le forze all\u2019appuntamento del 22 e 23 maggio prossimi con il 36 \u00b0 Rally Bellunese. La corsa, gara inaugurale della Coppa Rally 4^ zona di Aci Sport, che avr\u00e0 sede di partenza [&hellip;]","og_url":"https:\/\/www.bellunopress.it\/fr\/2021\/05\/15\/36mo-rally-bellunese-appuntamento-il-22-e-23-maggio-con-le-grandi-firme-del-rallysmo\/","og_site_name":"Bellunopress - Dolomiti","article_publisher":"https:\/\/www.facebook.com\/profile.php?id=100008943462799","article_published_time":"2021-05-15T11:19:42+00:00","og_image":[{"width":1000,"height":644,"url":"https:\/\/www.bellunopress.it\/wp-content\/uploads\/2021\/03\/Rally-Bellunese_edited.jpg","type":"image\/jpeg"}],"author":"redazione","twitter_card":"summary_large_image","twitter_creator":"@bellunopress","twitter_site":"@bellunopress","twitter_misc":{"\u00c9crit par":"redazione","Dur\u00e9e de lecture estim\u00e9e":"3 minutes"},"schema":{"@context":"https:\/\/schema.org","@graph":[{"@type":"Article","@id":"https:\/\/www.bellunopress.it\/2021\/05\/15\/36mo-rally-bellunese-appuntamento-il-22-e-23-maggio-con-le-grandi-firme-del-rallysmo\/#article","isPartOf":{"@id":"https:\/\/www.bellunopress.it\/2021\/05\/15\/36mo-rally-bellunese-appuntamento-il-22-e-23-maggio-con-le-grandi-firme-del-rallysmo\/"},"author":{"name":"redazione","@id":"https:\/\/www.bellunopress.it\/#\/schema\/person\/79bb06722b37ece1c03d3e94beb30d73"},"headline":"36mo Rally Bellunese. Appuntamento il 22 e 23 maggio con le grandi firme del rallysmo","datePublished":"2021-05-15T11:19:42+00:00","mainEntityOfPage":{"@id":"https:\/\/www.bellunopress.it\/2021\/05\/15\/36mo-rally-bellunese-appuntamento-il-22-e-23-maggio-con-le-grandi-firme-del-rallysmo\/"},"wordCount":509,"publisher":{"@id":"https:\/\/www.bellunopress.it\/#organization"},"image":{"@id":"https:\/\/www.bellunopress.it\/2021\/05\/15\/36mo-rally-bellunese-appuntamento-il-22-e-23-maggio-con-le-grandi-firme-del-rallysmo\/#primaryimage"},"thumbnailUrl":"https:\/\/www.bellunopress.it\/wp-content\/uploads\/2021\/03\/Rally-Bellunese_edited.jpg","articleSection":["Pausa Caff\u00e8","Sport, tempo libero"],"inLanguage":"fr-FR"},{"@type":"WebPage","@id":"https:\/\/www.bellunopress.it\/2021\/05\/15\/36mo-rally-bellunese-appuntamento-il-22-e-23-maggio-con-le-grandi-firme-del-rallysmo\/","url":"https:\/\/www.bellunopress.it\/2021\/05\/15\/36mo-rally-bellunese-appuntamento-il-22-e-23-maggio-con-le-grandi-firme-del-rallysmo\/","name":"36mo Rally Bellunese. Appuntamento il 22 e 23 maggio con le grandi firme del rallysmo - Bellunopress - Dolomiti","isPartOf":{"@id":"https:\/\/www.bellunopress.it\/#website"},"primaryImageOfPage":{"@id":"https:\/\/www.bellunopress.it\/2021\/05\/15\/36mo-rally-bellunese-appuntamento-il-22-e-23-maggio-con-le-grandi-firme-del-rallysmo\/#primaryimage"},"image":{"@id":"https:\/\/www.bellunopress.it\/2021\/05\/15\/36mo-rally-bellunese-appuntamento-il-22-e-23-maggio-con-le-grandi-firme-del-rallysmo\/#primaryimage"},"thumbnailUrl":"https:\/\/www.bellunopress.it\/wp-content\/uploads\/2021\/03\/Rally-Bellunese_edited.jpg","datePublished":"2021-05-15T11:19:42+00:00","breadcrumb":{"@id":"https:\/\/www.bellunopress.it\/2021\/05\/15\/36mo-rally-bellunese-appuntamento-il-22-e-23-maggio-con-le-grandi-firme-del-rallysmo\/#breadcrumb"},"inLanguage":"fr-FR","potentialAction":[{"@type":"ReadAction","target":["https:\/\/www.bellunopress.it\/2021\/05\/15\/36mo-rally-bellunese-appuntamento-il-22-e-23-maggio-con-le-grandi-firme-del-rallysmo\/"]}]},{"@type":"ImageObject","inLanguage":"fr-FR","@id":"https:\/\/www.bellunopress.it\/2021\/05\/15\/36mo-rally-bellunese-appuntamento-il-22-e-23-maggio-con-le-grandi-firme-del-rallysmo\/#primaryimage","url":"https:\/\/www.bellunopress.it\/wp-content\/uploads\/2021\/03\/Rally-Bellunese_edited.jpg","contentUrl":"https:\/\/www.bellunopress.it\/wp-content\/uploads\/2021\/03\/Rally-Bellunese_edited.jpg","width":1000,"height":644},{"@type":"BreadcrumbList","@id":"https:\/\/www.bellunopress.it\/2021\/05\/15\/36mo-rally-bellunese-appuntamento-il-22-e-23-maggio-con-le-grandi-firme-del-rallysmo\/#breadcrumb","itemListElement":[{"@type":"ListItem","position":1,"name":"Home","item":"https:\/\/www.bellunopress.it\/"},{"@type":"ListItem","position":2,"name":"36mo Rally Bellunese. Appuntamento il 22 e 23 maggio con le grandi firme del rallysmo"}]},{"@type":"WebSite","@id":"https:\/\/www.bellunopress.it\/#website","url":"https:\/\/www.bellunopress.it\/","name":"Bellunopress - Dolomiti","description":"e-mail: redazione@bellunopress.it","publisher":{"@id":"https:\/\/www.bellunopress.it\/#organization"},"potentialAction":[{"@type":"SearchAction","target":{"@type":"EntryPoint","urlTemplate":"https:\/\/www.bellunopress.it\/?s={search_term_string}"},"query-input":{"@type":"PropertyValueSpecification","valueRequired":true,"valueName":"search_term_string"}}],"inLanguage":"fr-FR"},{"@type":"Organization","@id":"https:\/\/www.bellunopress.it\/#organization","name":"Bellunopress","url":"https:\/\/www.bellunopress.it\/","logo":{"@type":"ImageObject","inLanguage":"fr-FR","@id":"https:\/\/www.bellunopress.it\/#\/schema\/logo\/image\/","url":"https:\/\/www.bellunopress.it\/wp-content\/uploads\/2011\/05\/cropped-logo-bellunopress-.jpg","contentUrl":"https:\/\/www.bellunopress.it\/wp-content\/uploads\/2011\/05\/cropped-logo-bellunopress-.jpg","width":512,"height":512,"caption":"Bellunopress"},"image":{"@id":"https:\/\/www.bellunopress.it\/#\/schema\/logo\/image\/"},"sameAs":["https:\/\/www.facebook.com\/profile.php?id=100008943462799","https:\/\/x.com\/bellunopress","https:\/\/www.linkedin.com\/hp\/?dnr=JBzUWaJfMUw8vbXJJ2tVW5-I3jZKvC4wsoxE&amp;amp;amp;amp;amp;amp;trk=nav_responsive_tab_home","https:\/\/www.youtube.com\/channel\/UCxL0wu1uN0_3_7hGG0306cw"]},{"@type":"Person","@id":"https:\/\/www.bellunopress.it\/#\/schema\/person\/79bb06722b37ece1c03d3e94beb30d73","name":"r\u00e9daction","image":{"@type":"ImageObject","inLanguage":"fr-FR","@id":"https:\/\/secure.gravatar.com\/avatar\/37d968a2e67a6fd04c169c4bdef102d0bc5d31b2546345219e348575eb80e9a0?s=96&d=mm&r=g","url":"https:\/\/secure.gravatar.com\/avatar\/37d968a2e67a6fd04c169c4bdef102d0bc5d31b2546345219e348575eb80e9a0?s=96&d=mm&r=g","contentUrl":"https:\/\/secure.gravatar.com\/avatar\/37d968a2e67a6fd04c169c4bdef102d0bc5d31b2546345219e348575eb80e9a0?s=96&d=mm&r=g","caption":"redazione"},"sameAs":["http:\/\/www.bellunopress.it","https:\/\/x.com\/bellunopress"],"url":"https:\/\/www.bellunopress.it\/fr\/author\/redazione\/"}]}},"_links":{"self":[{"href":"https:\/\/www.bellunopress.it\/fr\/wp-json\/wp\/v2\/posts\/124418","targetHints":{"allow":["GET"]}}],"collection":[{"href":"https:\/\/www.bellunopress.it\/fr\/wp-json\/wp\/v2\/posts"}],"about":[{"href":"https:\/\/www.bellunopress.it\/fr\/wp-json\/wp\/v2\/types\/post"}],"author":[{"embeddable":true,"href":"https:\/\/www.bellunopress.it\/fr\/wp-json\/wp\/v2\/users\/2"}],"replies":[{"embeddable":true,"href":"https:\/\/www.bellunopress.it\/fr\/wp-json\/wp\/v2\/comments?post=124418"}],"version-history":[{"count":2,"href":"https:\/\/www.bellunopress.it\/fr\/wp-json\/wp\/v2\/posts\/124418\/revisions"}],"predecessor-version":[{"id":124420,"href":"https:\/\/www.bellunopress.it\/fr\/wp-json\/wp\/v2\/posts\/124418\/revisions\/124420"}],"wp:featuredmedia":[{"embeddable":true,"href":"https:\/\/www.bellunopress.it\/fr\/wp-json\/wp\/v2\/media\/122613"}],"wp:attachment":[{"href":"https:\/\/www.bellunopress.it\/fr\/wp-json\/wp\/v2\/media?parent=124418"}],"wp:term":[{"taxonomy":"category","embeddable":true,"href":"https:\/\/www.bellunopress.it\/fr\/wp-json\/wp\/v2\/categories?post=124418"},{"taxonomy":"post_tag","embeddable":true,"href":"https:\/\/www.bellunopress.it\/fr\/wp-json\/wp\/v2\/tags?post=124418"}],"curies":[{"name":"wp","href":"https:\/\/api.w.org\/{rel}","templated":true}]}}