{"id":124412,"date":"2021-05-14T18:56:59","date_gmt":"2021-05-14T16:56:59","guid":{"rendered":"https:\/\/www.bellunopress.it\/?p=124412"},"modified":"2021-05-14T20:57:54","modified_gmt":"2021-05-14T18:57:54","slug":"il-tribunale-di-belluno-respinge-il-ricorso-degli-operatori-sanitari-collocati-in-ferie-forzate-perche-si-erano-opposti-alla-vaccinazione","status":"publish","type":"post","link":"https:\/\/www.bellunopress.it\/fr\/2021\/05\/14\/il-tribunale-di-belluno-respinge-il-ricorso-degli-operatori-sanitari-collocati-in-ferie-forzate-perche-si-erano-opposti-alla-vaccinazione\/","title":{"rendered":"Il Tribunale di Belluno respinge il ricorso degli operatori sanitari collocati in ferie forzate perch\u00e9 si erano opposti alla vaccinazione"},"content":{"rendered":"<figure id=\"attachment_118527\" aria-describedby=\"caption-attachment-118527\" style=\"width: 800px\" class=\"wp-caption alignleft\"><a href=\"https:\/\/www.bellunopress.it\/fr\/2020\/10\/14\/tribunale-belluno-non-ce-esclusiva-nellaccompagnamento-escursionistico-archiviato-il-procedimento-a-una-guida-ambientale-naturalistica-su-denuncia-di-una-guida-alpinan\/palazzo-di-giustizia-tribunale_edited-2\/\" rel=\"attachment wp-att-118527\"><img loading=\"lazy\" decoding=\"async\" class=\"size-full wp-image-118527\" src=\"https:\/\/www.bellunopress.it\/wp-content\/uploads\/2020\/10\/palazzo-di-giustizia-tribunale_edited.jpg\" alt=\"\" width=\"800\" height=\"523\" srcset=\"https:\/\/www.bellunopress.it\/wp-content\/uploads\/2020\/10\/palazzo-di-giustizia-tribunale_edited.jpg 800w, https:\/\/www.bellunopress.it\/wp-content\/uploads\/2020\/10\/palazzo-di-giustizia-tribunale_edited-500x327.jpg 500w, https:\/\/www.bellunopress.it\/wp-content\/uploads\/2020\/10\/palazzo-di-giustizia-tribunale_edited-696x455.jpg 696w, https:\/\/www.bellunopress.it\/wp-content\/uploads\/2020\/10\/palazzo-di-giustizia-tribunale_edited-642x420.jpg 642w\" sizes=\"auto, (max-width: 800px) 100vw, 800px\" \/><\/a><figcaption id=\"caption-attachment-118527\" class=\"wp-caption-text\">Palazzo di Giustizia di Belluno<\/figcaption><\/figure>\n<p>Con ordinanza n.328 ex art. 669 terdecies CPC del 6 maggio 2021 il Tribunale di Belluno, presidente del Collegio il dottor Umberto Giacomelli, respinge i due punti sollevati dai ricorrenti:<br \/>\n1) dichiara l\u2019inammissibilit\u00e0 del reclamo per difetto di interesse ad agire, in sede cautelare, in capo alla parte reclamante;<br \/>\n2) dichiara manifestamente infondata la questione di legittimit\u00e0 costituzionale sollevata dalla parte reclamante;<br \/>\ne condanna la parte reclamante alla rifusione delle spese di lite in favore della parte reclamata che si liquidano nella misura di 2500 euro per compensi, oltre al 15% per spese generali, CPA e IVA come per legge.<\/p>\n<p><a href=\"https:\/\/www.bellunopress.it\/fr\/2021\/03\/22\/il-giudice-respinge-il-ricorso-dei-10-operatori-sanitari-che-non-volevano-vaccinarsi\/\">La vicenda era nata lo scorso marzo<\/a> quando 10 operatori socio assistenziali, 8 dei quali dipendenti della Sersa e 2 della Azienda Speciale Sedico servizi, appellandosi alla libert\u00e0 di scelta, avevano deciso di sottoporsi al vaccino anticovid, senza che ci\u00f2 comportasse ripercussioni con il datore di lavoro. In attesa del decreto i datori di lavoro avevano messo in ferie o permesso forzatamente questi dipendenti, che per\u00f2 avevano ricorso d\u2019urgenza ex art.700 CPC al Tribunale del Lavoro ritenendo illegittima la decisione di Sersa e Sedico Servizi. Ma il Tribunale del Lavoro il 19 marzo respinge il ricorso e d\u00e0 ragione al datore del lavoro.<\/p>\n<p>Otto di loro proseguono nell\u2019azione legale dinanzi al Tribunale di Belluno Con ricorso depositato in data 6.4.2021, infatti, \u201cpur dando atto dell\u2019introduzione dell\u2019obbligo vaccinale ad opera del decreto legge 44\/2021, hanno chiesto la riforma della predetta ordinanza, chiedendo in via principale di adottare \u201ci provvedimenti necessari e sufficienti a dichiarare il diritto dei ricorrenti di scegliere liberamente se vaccinarsi o meno, al netto del decreto o comunque per i periodi non coperti dal decreto, senza che ci\u00f2 comporti il loro collocamento in permessi o ferie forzate, la loro sospensione dal lavoro senza retribuzione o, peggio, il loro licenziamento, sospendendo e\/o annullando i provvedimenti datoriali che nel frattempo sono stati adottati e dovessero essere adottati in tal senso\u201d. E in subordine chiedono di sollevare la questione di legittimit\u00e0 costituzionale in merito all&#8217;art. 4 del decreto 1\u00b0 aprile 2021, n. 44, ritenendolo in contrasto con l\u2019art. 32 della Costituzione nella parte in cui prevede l&#8217;obbligo di vaccinazione per gli esercenti le professioni sanitarie e gli operatori di interesse sanitario. Successivamente, con memoria difensiva del 3.5.2021 si sono costituiti la societ\u00e0 Servizi Sociali Assistenziali s.r.l. e Sedico Servizi, eccependo in via preliminare l\u2019inammissibilit\u00e0 del reclamo per carenza di interesse ad agire, stante la sopravvenuta entrata in vigore del decreto legge n. 44 dell\u20191.4.2021 e chiedendo, nel merito, il rigetto del ricorso.<\/p>\n<p>Ebbene, il Tribunale di Belluno ha ritenuto fondata l\u2019eccezione di inammissibilit\u00e0 del reclamo per difetto di interesse ad agire. \u201cNel periodo intercorrente tra la pronuncia dell\u2019ordinanza reclamata e la proposizione del presente reclamo, depositato il 6.4.2021, \u00e8 infatti entrato in vigore, in data 1.4.2021, il decreto legge n. 44 che, all\u2019art. 4, ha dettato \u201cDisposizioni urgenti in materia di prevenzione del contagio da SARS CoV-2 mediante previsione di obblighi vaccinali per gli esercenti le professioni sanitarie e gli operatori di interesse sanitario\u201d. \u201cDeve conseguentemente ritenersi giustificata, sulla base del predetto obbligo, l\u2019adozione, da parte del datore di lavoro, di provvedimenti volti a inibire la presenza sul luogo di lavoro, nei particolari ambiti previsti dal decreto, di lavoratori che abbiano rifiutato la vaccinazione anti COVID-19\u201d.<\/p>\n<p>La questione di legittimit\u00e0 costituzionale dell\u2019art. 4 d.l. 1.4.2021 n. 44, in relazione all\u2019art. 32 della Costituzione, nella parte in cui prevede l\u2019obbligo della vaccinazione per gli esercenti le professioni sanitarie e gli operatori di interesse sanitario, \u00e8 stata ritenuta infondata dal Tribunale di Belluno. \u201cDovendosi ritenere prevalente, sulla libert\u00e0 di chi non intenda sottoporsi alla vaccinazione contro il COVID-19, il diritto alla salute dei soggetti fragili, che entrano in contatto con gli esercenti le professioni sanitarie e gli operatori di interesse sanitario in quanto bisognosi di cure, e, pi\u00f9 in generale, il diritto alla salute della collettivit\u00e0, nell\u2019ambito della perdurante emergenza sanitaria, derivante dalla pandemia da COVID-19\u201d.<\/p>\n<p>A sostegno della decisione, il Tribunale ha richiamato la sentenza n. 5 del 2018 la Corte Costituzionale che si era gi\u00e0 pronunciata in merito alla legittimit\u00e0 costituzionale dell\u2019obbligo vaccinale contro il morbillo, affermando, in motivazione, che \u201cla giurisprudenza di questa Corte in materia di vaccinazioni \u00e8 salda nell&#8217;affermare che l&#8217;art. 32 della Costituzione postula il necessario contemperamento del diritto alla salute del singolo (anche nel suo contenuto di libert\u00e0 di cura) con il coesistente e reciproco diritto degli altri e con l&#8217;interesse della collettivit\u00e0 (da ultimo sentenza n. 268 del 2017)\u201d; ancora, si legge in motivazione che \u201cla legge impositiva di un trattamento sanitario non \u00e8 incompatibile con l&#8217;art. 32 Cost., laddove il trattamento \u00e8 diretto non solo a migliorare o a preservare lo stato di salute di chi vi \u00e8 assoggettato, ma anche a preservare lo stato di salute degli altri; se si prevede che esso non incida negativamente sullo stato di salute di colui che \u00e8 obbligato, salvo che per quelle sole conseguenze che appaiano normali e, pertanto, tollerabili; e se, nell&#8217;ipotesi di danno ulteriore, sia prevista comunque la corresponsione di una equa indennit\u00e0 in favore del danneggiato, e ci\u00f2 a prescindere dalla parallela tutela risarcitoria (sentenze n. 258 del 1994 e n. 307 del 1990)\u201d.<\/p>\n<p>In conclusione, posto che il decreto legge che prevede il vaccino obbligatorio per chi esercita professioni sanitarie sia convertito in legge, per chi lavora nella sanit\u00e0 rimarr\u00e0 ineludibile l\u2019obbligo del vaccino, pena la decadenza dell\u2019incarico.<\/p>\n<p>&nbsp;<\/p>","protected":false},"excerpt":{"rendered":"<p>Con ordinanza n.328 ex art. 669 terdecies CPC del 6 maggio 2021 il Tribunale di Belluno, presidente del Collegio il dottor Umberto Giacomelli, respinge i due punti sollevati dai ricorrenti: 1) dichiara l\u2019inammissibilit\u00e0 del reclamo per difetto di interesse ad agire, in sede cautelare, in capo alla parte reclamante; 2) dichiara manifestamente infondata la questione [&hellip;]<\/p>\n","protected":false},"author":2,"featured_media":118527,"comment_status":"closed","ping_status":"open","sticky":false,"template":"","format":"standard","meta":{"footnotes":""},"categories":[5,3446,8],"tags":[],"class_list":["post-124412","post","type-post","status-publish","format-standard","has-post-thumbnail","category-cronaca","category-featured","category-societa-istituzioni"],"yoast_head":"<!-- This site is optimized with the Yoast SEO plugin v28.4 - https:\/\/yoast.com\/product\/yoast-seo-wordpress\/ -->\n<title>Il Tribunale di Belluno respinge il ricorso degli operatori sanitari collocati in ferie forzate perch\u00e9 si erano opposti alla vaccinazione - Bellunopress - Dolomiti<\/title>\n<meta name=\"robots\" content=\"index, follow, max-snippet:-1, max-image-preview:large, max-video-preview:-1\" \/>\n<link rel=\"canonical\" href=\"https:\/\/www.bellunopress.it\/fr\/2021\/05\/14\/il-tribunale-di-belluno-respinge-il-ricorso-degli-operatori-sanitari-collocati-in-ferie-forzate-perche-si-erano-opposti-alla-vaccinazione\/\" \/>\n<meta property=\"og:locale\" content=\"fr_FR\" \/>\n<meta property=\"og:type\" content=\"article\" \/>\n<meta property=\"og:title\" content=\"Il Tribunale di Belluno respinge il ricorso degli operatori sanitari collocati in ferie forzate perch\u00e9 si erano opposti alla vaccinazione - Bellunopress - Dolomiti\" \/>\n<meta property=\"og:description\" content=\"Con ordinanza n.328 ex art. 669 terdecies CPC del 6 maggio 2021 il Tribunale di Belluno, presidente del Collegio il dottor Umberto Giacomelli, respinge i due punti sollevati dai ricorrenti: 1) dichiara l\u2019inammissibilit\u00e0 del reclamo per difetto di interesse ad agire, in sede cautelare, in capo alla parte reclamante; 2) dichiara manifestamente infondata la questione [&hellip;]\" \/>\n<meta property=\"og:url\" content=\"https:\/\/www.bellunopress.it\/fr\/2021\/05\/14\/il-tribunale-di-belluno-respinge-il-ricorso-degli-operatori-sanitari-collocati-in-ferie-forzate-perche-si-erano-opposti-alla-vaccinazione\/\" \/>\n<meta property=\"og:site_name\" content=\"Bellunopress - Dolomiti\" \/>\n<meta property=\"article:publisher\" content=\"https:\/\/www.facebook.com\/profile.php?id=100008943462799\" \/>\n<meta property=\"article:published_time\" content=\"2021-05-14T16:56:59+00:00\" \/>\n<meta property=\"article:modified_time\" content=\"2021-05-14T18:57:54+00:00\" \/>\n<meta property=\"og:image\" content=\"https:\/\/www.bellunopress.it\/wp-content\/uploads\/2020\/10\/palazzo-di-giustizia-tribunale_edited.jpg\" \/>\n\t<meta property=\"og:image:width\" content=\"800\" \/>\n\t<meta property=\"og:image:height\" content=\"523\" \/>\n\t<meta property=\"og:image:type\" content=\"image\/jpeg\" \/>\n<meta name=\"author\" content=\"redazione\" \/>\n<meta name=\"twitter:card\" content=\"summary_large_image\" \/>\n<meta name=\"twitter:creator\" content=\"@bellunopress\" \/>\n<meta name=\"twitter:site\" content=\"@bellunopress\" \/>\n<meta name=\"twitter:label1\" content=\"\u00c9crit par\" \/>\n\t<meta name=\"twitter:data1\" content=\"redazione\" \/>\n\t<meta name=\"twitter:label2\" content=\"Dur\u00e9e de lecture estim\u00e9e\" \/>\n\t<meta name=\"twitter:data2\" content=\"5 minutes\" \/>\n<script type=\"application\/ld+json\" class=\"yoast-schema-graph\">{\"@context\":\"https:\\\/\\\/schema.org\",\"@graph\":[{\"@type\":\"Article\",\"@id\":\"https:\\\/\\\/www.bellunopress.it\\\/2021\\\/05\\\/14\\\/il-tribunale-di-belluno-respinge-il-ricorso-degli-operatori-sanitari-collocati-in-ferie-forzate-perche-si-erano-opposti-alla-vaccinazione\\\/#article\",\"isPartOf\":{\"@id\":\"https:\\\/\\\/www.bellunopress.it\\\/2021\\\/05\\\/14\\\/il-tribunale-di-belluno-respinge-il-ricorso-degli-operatori-sanitari-collocati-in-ferie-forzate-perche-si-erano-opposti-alla-vaccinazione\\\/\"},\"author\":{\"name\":\"redazione\",\"@id\":\"https:\\\/\\\/www.bellunopress.it\\\/#\\\/schema\\\/person\\\/79bb06722b37ece1c03d3e94beb30d73\"},\"headline\":\"Il Tribunale di Belluno respinge il ricorso degli operatori sanitari collocati in ferie forzate perch\u00e9 si erano opposti alla vaccinazione\",\"datePublished\":\"2021-05-14T16:56:59+00:00\",\"dateModified\":\"2021-05-14T18:57:54+00:00\",\"mainEntityOfPage\":{\"@id\":\"https:\\\/\\\/www.bellunopress.it\\\/2021\\\/05\\\/14\\\/il-tribunale-di-belluno-respinge-il-ricorso-degli-operatori-sanitari-collocati-in-ferie-forzate-perche-si-erano-opposti-alla-vaccinazione\\\/\"},\"wordCount\":913,\"publisher\":{\"@id\":\"https:\\\/\\\/www.bellunopress.it\\\/#organization\"},\"image\":{\"@id\":\"https:\\\/\\\/www.bellunopress.it\\\/2021\\\/05\\\/14\\\/il-tribunale-di-belluno-respinge-il-ricorso-degli-operatori-sanitari-collocati-in-ferie-forzate-perche-si-erano-opposti-alla-vaccinazione\\\/#primaryimage\"},\"thumbnailUrl\":\"https:\\\/\\\/www.bellunopress.it\\\/wp-content\\\/uploads\\\/2020\\\/10\\\/palazzo-di-giustizia-tribunale_edited.jpg\",\"articleSection\":[\"Cronaca\\\/Politica\",\"Featured\",\"Societ\u00e0, Associazioni, Istituzioni\"],\"inLanguage\":\"fr-FR\"},{\"@type\":\"WebPage\",\"@id\":\"https:\\\/\\\/www.bellunopress.it\\\/2021\\\/05\\\/14\\\/il-tribunale-di-belluno-respinge-il-ricorso-degli-operatori-sanitari-collocati-in-ferie-forzate-perche-si-erano-opposti-alla-vaccinazione\\\/\",\"url\":\"https:\\\/\\\/www.bellunopress.it\\\/2021\\\/05\\\/14\\\/il-tribunale-di-belluno-respinge-il-ricorso-degli-operatori-sanitari-collocati-in-ferie-forzate-perche-si-erano-opposti-alla-vaccinazione\\\/\",\"name\":\"Il Tribunale di Belluno respinge il ricorso degli operatori sanitari collocati in ferie forzate perch\u00e9 si erano opposti alla vaccinazione - Bellunopress - Dolomiti\",\"isPartOf\":{\"@id\":\"https:\\\/\\\/www.bellunopress.it\\\/#website\"},\"primaryImageOfPage\":{\"@id\":\"https:\\\/\\\/www.bellunopress.it\\\/2021\\\/05\\\/14\\\/il-tribunale-di-belluno-respinge-il-ricorso-degli-operatori-sanitari-collocati-in-ferie-forzate-perche-si-erano-opposti-alla-vaccinazione\\\/#primaryimage\"},\"image\":{\"@id\":\"https:\\\/\\\/www.bellunopress.it\\\/2021\\\/05\\\/14\\\/il-tribunale-di-belluno-respinge-il-ricorso-degli-operatori-sanitari-collocati-in-ferie-forzate-perche-si-erano-opposti-alla-vaccinazione\\\/#primaryimage\"},\"thumbnailUrl\":\"https:\\\/\\\/www.bellunopress.it\\\/wp-content\\\/uploads\\\/2020\\\/10\\\/palazzo-di-giustizia-tribunale_edited.jpg\",\"datePublished\":\"2021-05-14T16:56:59+00:00\",\"dateModified\":\"2021-05-14T18:57:54+00:00\",\"breadcrumb\":{\"@id\":\"https:\\\/\\\/www.bellunopress.it\\\/2021\\\/05\\\/14\\\/il-tribunale-di-belluno-respinge-il-ricorso-degli-operatori-sanitari-collocati-in-ferie-forzate-perche-si-erano-opposti-alla-vaccinazione\\\/#breadcrumb\"},\"inLanguage\":\"fr-FR\",\"potentialAction\":[{\"@type\":\"ReadAction\",\"target\":[\"https:\\\/\\\/www.bellunopress.it\\\/2021\\\/05\\\/14\\\/il-tribunale-di-belluno-respinge-il-ricorso-degli-operatori-sanitari-collocati-in-ferie-forzate-perche-si-erano-opposti-alla-vaccinazione\\\/\"]}]},{\"@type\":\"ImageObject\",\"inLanguage\":\"fr-FR\",\"@id\":\"https:\\\/\\\/www.bellunopress.it\\\/2021\\\/05\\\/14\\\/il-tribunale-di-belluno-respinge-il-ricorso-degli-operatori-sanitari-collocati-in-ferie-forzate-perche-si-erano-opposti-alla-vaccinazione\\\/#primaryimage\",\"url\":\"https:\\\/\\\/www.bellunopress.it\\\/wp-content\\\/uploads\\\/2020\\\/10\\\/palazzo-di-giustizia-tribunale_edited.jpg\",\"contentUrl\":\"https:\\\/\\\/www.bellunopress.it\\\/wp-content\\\/uploads\\\/2020\\\/10\\\/palazzo-di-giustizia-tribunale_edited.jpg\",\"width\":800,\"height\":523,\"caption\":\"Palazzo di Giustizia di Belluno\"},{\"@type\":\"BreadcrumbList\",\"@id\":\"https:\\\/\\\/www.bellunopress.it\\\/2021\\\/05\\\/14\\\/il-tribunale-di-belluno-respinge-il-ricorso-degli-operatori-sanitari-collocati-in-ferie-forzate-perche-si-erano-opposti-alla-vaccinazione\\\/#breadcrumb\",\"itemListElement\":[{\"@type\":\"ListItem\",\"position\":1,\"name\":\"Home\",\"item\":\"https:\\\/\\\/www.bellunopress.it\\\/\"},{\"@type\":\"ListItem\",\"position\":2,\"name\":\"Il Tribunale di Belluno respinge il ricorso degli operatori sanitari collocati in ferie forzate perch\u00e9 si erano opposti alla vaccinazione\"}]},{\"@type\":\"WebSite\",\"@id\":\"https:\\\/\\\/www.bellunopress.it\\\/#website\",\"url\":\"https:\\\/\\\/www.bellunopress.it\\\/\",\"name\":\"Bellunopress - Dolomiti\",\"description\":\"e-mail: redazione@bellunopress.it\",\"publisher\":{\"@id\":\"https:\\\/\\\/www.bellunopress.it\\\/#organization\"},\"potentialAction\":[{\"@type\":\"SearchAction\",\"target\":{\"@type\":\"EntryPoint\",\"urlTemplate\":\"https:\\\/\\\/www.bellunopress.it\\\/?s={search_term_string}\"},\"query-input\":{\"@type\":\"PropertyValueSpecification\",\"valueRequired\":true,\"valueName\":\"search_term_string\"}}],\"inLanguage\":\"fr-FR\"},{\"@type\":\"Organization\",\"@id\":\"https:\\\/\\\/www.bellunopress.it\\\/#organization\",\"name\":\"Bellunopress\",\"url\":\"https:\\\/\\\/www.bellunopress.it\\\/\",\"logo\":{\"@type\":\"ImageObject\",\"inLanguage\":\"fr-FR\",\"@id\":\"https:\\\/\\\/www.bellunopress.it\\\/#\\\/schema\\\/logo\\\/image\\\/\",\"url\":\"https:\\\/\\\/www.bellunopress.it\\\/wp-content\\\/uploads\\\/2011\\\/05\\\/cropped-logo-bellunopress-.jpg\",\"contentUrl\":\"https:\\\/\\\/www.bellunopress.it\\\/wp-content\\\/uploads\\\/2011\\\/05\\\/cropped-logo-bellunopress-.jpg\",\"width\":512,\"height\":512,\"caption\":\"Bellunopress\"},\"image\":{\"@id\":\"https:\\\/\\\/www.bellunopress.it\\\/#\\\/schema\\\/logo\\\/image\\\/\"},\"sameAs\":[\"https:\\\/\\\/www.facebook.com\\\/profile.php?id=100008943462799\",\"https:\\\/\\\/x.com\\\/bellunopress\",\"https:\\\/\\\/www.linkedin.com\\\/hp\\\/?dnr=JBzUWaJfMUw8vbXJJ2tVW5-I3jZKvC4wsoxE&amp;amp;amp;amp;amp;amp;trk=nav_responsive_tab_home\",\"https:\\\/\\\/www.youtube.com\\\/channel\\\/UCxL0wu1uN0_3_7hGG0306cw\"]},{\"@type\":\"Person\",\"@id\":\"https:\\\/\\\/www.bellunopress.it\\\/#\\\/schema\\\/person\\\/79bb06722b37ece1c03d3e94beb30d73\",\"name\":\"redazione\",\"image\":{\"@type\":\"ImageObject\",\"inLanguage\":\"fr-FR\",\"@id\":\"https:\\\/\\\/secure.gravatar.com\\\/avatar\\\/37d968a2e67a6fd04c169c4bdef102d0bc5d31b2546345219e348575eb80e9a0?s=96&d=mm&r=g\",\"url\":\"https:\\\/\\\/secure.gravatar.com\\\/avatar\\\/37d968a2e67a6fd04c169c4bdef102d0bc5d31b2546345219e348575eb80e9a0?s=96&d=mm&r=g\",\"contentUrl\":\"https:\\\/\\\/secure.gravatar.com\\\/avatar\\\/37d968a2e67a6fd04c169c4bdef102d0bc5d31b2546345219e348575eb80e9a0?s=96&d=mm&r=g\",\"caption\":\"redazione\"},\"sameAs\":[\"http:\\\/\\\/www.bellunopress.it\",\"https:\\\/\\\/x.com\\\/bellunopress\"],\"url\":\"https:\\\/\\\/www.bellunopress.it\\\/fr\\\/author\\\/redazione\\\/\"}]}<\/script>\n<!-- \/ Yoast SEO plugin. -->","yoast_head_json":{"title":"Il Tribunale di Belluno respinge il ricorso degli operatori sanitari collocati in ferie forzate perch\u00e9 si erano opposti alla vaccinazione - Bellunopress - Dolomiti","robots":{"index":"index","follow":"follow","max-snippet":"max-snippet:-1","max-image-preview":"max-image-preview:large","max-video-preview":"max-video-preview:-1"},"canonical":"https:\/\/www.bellunopress.it\/fr\/2021\/05\/14\/il-tribunale-di-belluno-respinge-il-ricorso-degli-operatori-sanitari-collocati-in-ferie-forzate-perche-si-erano-opposti-alla-vaccinazione\/","og_locale":"fr_FR","og_type":"article","og_title":"Il Tribunale di Belluno respinge il ricorso degli operatori sanitari collocati in ferie forzate perch\u00e9 si erano opposti alla vaccinazione - Bellunopress - Dolomiti","og_description":"Con ordinanza n.328 ex art. 669 terdecies CPC del 6 maggio 2021 il Tribunale di Belluno, presidente del Collegio il dottor Umberto Giacomelli, respinge i due punti sollevati dai ricorrenti: 1) dichiara l\u2019inammissibilit\u00e0 del reclamo per difetto di interesse ad agire, in sede cautelare, in capo alla parte reclamante; 2) dichiara manifestamente infondata la questione [&hellip;]","og_url":"https:\/\/www.bellunopress.it\/fr\/2021\/05\/14\/il-tribunale-di-belluno-respinge-il-ricorso-degli-operatori-sanitari-collocati-in-ferie-forzate-perche-si-erano-opposti-alla-vaccinazione\/","og_site_name":"Bellunopress - Dolomiti","article_publisher":"https:\/\/www.facebook.com\/profile.php?id=100008943462799","article_published_time":"2021-05-14T16:56:59+00:00","article_modified_time":"2021-05-14T18:57:54+00:00","og_image":[{"width":800,"height":523,"url":"https:\/\/www.bellunopress.it\/wp-content\/uploads\/2020\/10\/palazzo-di-giustizia-tribunale_edited.jpg","type":"image\/jpeg"}],"author":"redazione","twitter_card":"summary_large_image","twitter_creator":"@bellunopress","twitter_site":"@bellunopress","twitter_misc":{"\u00c9crit par":"redazione","Dur\u00e9e de lecture estim\u00e9e":"5 minutes"},"schema":{"@context":"https:\/\/schema.org","@graph":[{"@type":"Article","@id":"https:\/\/www.bellunopress.it\/2021\/05\/14\/il-tribunale-di-belluno-respinge-il-ricorso-degli-operatori-sanitari-collocati-in-ferie-forzate-perche-si-erano-opposti-alla-vaccinazione\/#article","isPartOf":{"@id":"https:\/\/www.bellunopress.it\/2021\/05\/14\/il-tribunale-di-belluno-respinge-il-ricorso-degli-operatori-sanitari-collocati-in-ferie-forzate-perche-si-erano-opposti-alla-vaccinazione\/"},"author":{"name":"redazione","@id":"https:\/\/www.bellunopress.it\/#\/schema\/person\/79bb06722b37ece1c03d3e94beb30d73"},"headline":"Il Tribunale di Belluno respinge il ricorso degli operatori sanitari collocati in ferie forzate perch\u00e9 si erano opposti alla vaccinazione","datePublished":"2021-05-14T16:56:59+00:00","dateModified":"2021-05-14T18:57:54+00:00","mainEntityOfPage":{"@id":"https:\/\/www.bellunopress.it\/2021\/05\/14\/il-tribunale-di-belluno-respinge-il-ricorso-degli-operatori-sanitari-collocati-in-ferie-forzate-perche-si-erano-opposti-alla-vaccinazione\/"},"wordCount":913,"publisher":{"@id":"https:\/\/www.bellunopress.it\/#organization"},"image":{"@id":"https:\/\/www.bellunopress.it\/2021\/05\/14\/il-tribunale-di-belluno-respinge-il-ricorso-degli-operatori-sanitari-collocati-in-ferie-forzate-perche-si-erano-opposti-alla-vaccinazione\/#primaryimage"},"thumbnailUrl":"https:\/\/www.bellunopress.it\/wp-content\/uploads\/2020\/10\/palazzo-di-giustizia-tribunale_edited.jpg","articleSection":["Cronaca\/Politica","Featured","Societ\u00e0, Associazioni, Istituzioni"],"inLanguage":"fr-FR"},{"@type":"WebPage","@id":"https:\/\/www.bellunopress.it\/2021\/05\/14\/il-tribunale-di-belluno-respinge-il-ricorso-degli-operatori-sanitari-collocati-in-ferie-forzate-perche-si-erano-opposti-alla-vaccinazione\/","url":"https:\/\/www.bellunopress.it\/2021\/05\/14\/il-tribunale-di-belluno-respinge-il-ricorso-degli-operatori-sanitari-collocati-in-ferie-forzate-perche-si-erano-opposti-alla-vaccinazione\/","name":"Il Tribunale di Belluno respinge il ricorso degli operatori sanitari collocati in ferie forzate perch\u00e9 si erano opposti alla vaccinazione - Bellunopress - Dolomiti","isPartOf":{"@id":"https:\/\/www.bellunopress.it\/#website"},"primaryImageOfPage":{"@id":"https:\/\/www.bellunopress.it\/2021\/05\/14\/il-tribunale-di-belluno-respinge-il-ricorso-degli-operatori-sanitari-collocati-in-ferie-forzate-perche-si-erano-opposti-alla-vaccinazione\/#primaryimage"},"image":{"@id":"https:\/\/www.bellunopress.it\/2021\/05\/14\/il-tribunale-di-belluno-respinge-il-ricorso-degli-operatori-sanitari-collocati-in-ferie-forzate-perche-si-erano-opposti-alla-vaccinazione\/#primaryimage"},"thumbnailUrl":"https:\/\/www.bellunopress.it\/wp-content\/uploads\/2020\/10\/palazzo-di-giustizia-tribunale_edited.jpg","datePublished":"2021-05-14T16:56:59+00:00","dateModified":"2021-05-14T18:57:54+00:00","breadcrumb":{"@id":"https:\/\/www.bellunopress.it\/2021\/05\/14\/il-tribunale-di-belluno-respinge-il-ricorso-degli-operatori-sanitari-collocati-in-ferie-forzate-perche-si-erano-opposti-alla-vaccinazione\/#breadcrumb"},"inLanguage":"fr-FR","potentialAction":[{"@type":"ReadAction","target":["https:\/\/www.bellunopress.it\/2021\/05\/14\/il-tribunale-di-belluno-respinge-il-ricorso-degli-operatori-sanitari-collocati-in-ferie-forzate-perche-si-erano-opposti-alla-vaccinazione\/"]}]},{"@type":"ImageObject","inLanguage":"fr-FR","@id":"https:\/\/www.bellunopress.it\/2021\/05\/14\/il-tribunale-di-belluno-respinge-il-ricorso-degli-operatori-sanitari-collocati-in-ferie-forzate-perche-si-erano-opposti-alla-vaccinazione\/#primaryimage","url":"https:\/\/www.bellunopress.it\/wp-content\/uploads\/2020\/10\/palazzo-di-giustizia-tribunale_edited.jpg","contentUrl":"https:\/\/www.bellunopress.it\/wp-content\/uploads\/2020\/10\/palazzo-di-giustizia-tribunale_edited.jpg","width":800,"height":523,"caption":"Palazzo di Giustizia di Belluno"},{"@type":"BreadcrumbList","@id":"https:\/\/www.bellunopress.it\/2021\/05\/14\/il-tribunale-di-belluno-respinge-il-ricorso-degli-operatori-sanitari-collocati-in-ferie-forzate-perche-si-erano-opposti-alla-vaccinazione\/#breadcrumb","itemListElement":[{"@type":"ListItem","position":1,"name":"Home","item":"https:\/\/www.bellunopress.it\/"},{"@type":"ListItem","position":2,"name":"Il Tribunale di Belluno respinge il ricorso degli operatori sanitari collocati in ferie forzate perch\u00e9 si erano opposti alla vaccinazione"}]},{"@type":"WebSite","@id":"https:\/\/www.bellunopress.it\/#website","url":"https:\/\/www.bellunopress.it\/","name":"Bellunopress - Dolomiti","description":"e-mail: redazione@bellunopress.it","publisher":{"@id":"https:\/\/www.bellunopress.it\/#organization"},"potentialAction":[{"@type":"SearchAction","target":{"@type":"EntryPoint","urlTemplate":"https:\/\/www.bellunopress.it\/?s={search_term_string}"},"query-input":{"@type":"PropertyValueSpecification","valueRequired":true,"valueName":"search_term_string"}}],"inLanguage":"fr-FR"},{"@type":"Organization","@id":"https:\/\/www.bellunopress.it\/#organization","name":"Bellunopress","url":"https:\/\/www.bellunopress.it\/","logo":{"@type":"ImageObject","inLanguage":"fr-FR","@id":"https:\/\/www.bellunopress.it\/#\/schema\/logo\/image\/","url":"https:\/\/www.bellunopress.it\/wp-content\/uploads\/2011\/05\/cropped-logo-bellunopress-.jpg","contentUrl":"https:\/\/www.bellunopress.it\/wp-content\/uploads\/2011\/05\/cropped-logo-bellunopress-.jpg","width":512,"height":512,"caption":"Bellunopress"},"image":{"@id":"https:\/\/www.bellunopress.it\/#\/schema\/logo\/image\/"},"sameAs":["https:\/\/www.facebook.com\/profile.php?id=100008943462799","https:\/\/x.com\/bellunopress","https:\/\/www.linkedin.com\/hp\/?dnr=JBzUWaJfMUw8vbXJJ2tVW5-I3jZKvC4wsoxE&amp;amp;amp;amp;amp;amp;trk=nav_responsive_tab_home","https:\/\/www.youtube.com\/channel\/UCxL0wu1uN0_3_7hGG0306cw"]},{"@type":"Person","@id":"https:\/\/www.bellunopress.it\/#\/schema\/person\/79bb06722b37ece1c03d3e94beb30d73","name":"r\u00e9daction","image":{"@type":"ImageObject","inLanguage":"fr-FR","@id":"https:\/\/secure.gravatar.com\/avatar\/37d968a2e67a6fd04c169c4bdef102d0bc5d31b2546345219e348575eb80e9a0?s=96&d=mm&r=g","url":"https:\/\/secure.gravatar.com\/avatar\/37d968a2e67a6fd04c169c4bdef102d0bc5d31b2546345219e348575eb80e9a0?s=96&d=mm&r=g","contentUrl":"https:\/\/secure.gravatar.com\/avatar\/37d968a2e67a6fd04c169c4bdef102d0bc5d31b2546345219e348575eb80e9a0?s=96&d=mm&r=g","caption":"redazione"},"sameAs":["http:\/\/www.bellunopress.it","https:\/\/x.com\/bellunopress"],"url":"https:\/\/www.bellunopress.it\/fr\/author\/redazione\/"}]}},"_links":{"self":[{"href":"https:\/\/www.bellunopress.it\/fr\/wp-json\/wp\/v2\/posts\/124412","targetHints":{"allow":["GET"]}}],"collection":[{"href":"https:\/\/www.bellunopress.it\/fr\/wp-json\/wp\/v2\/posts"}],"about":[{"href":"https:\/\/www.bellunopress.it\/fr\/wp-json\/wp\/v2\/types\/post"}],"author":[{"embeddable":true,"href":"https:\/\/www.bellunopress.it\/fr\/wp-json\/wp\/v2\/users\/2"}],"replies":[{"embeddable":true,"href":"https:\/\/www.bellunopress.it\/fr\/wp-json\/wp\/v2\/comments?post=124412"}],"version-history":[{"count":1,"href":"https:\/\/www.bellunopress.it\/fr\/wp-json\/wp\/v2\/posts\/124412\/revisions"}],"predecessor-version":[{"id":124413,"href":"https:\/\/www.bellunopress.it\/fr\/wp-json\/wp\/v2\/posts\/124412\/revisions\/124413"}],"wp:featuredmedia":[{"embeddable":true,"href":"https:\/\/www.bellunopress.it\/fr\/wp-json\/wp\/v2\/media\/118527"}],"wp:attachment":[{"href":"https:\/\/www.bellunopress.it\/fr\/wp-json\/wp\/v2\/media?parent=124412"}],"wp:term":[{"taxonomy":"category","embeddable":true,"href":"https:\/\/www.bellunopress.it\/fr\/wp-json\/wp\/v2\/categories?post=124412"},{"taxonomy":"post_tag","embeddable":true,"href":"https:\/\/www.bellunopress.it\/fr\/wp-json\/wp\/v2\/tags?post=124412"}],"curies":[{"name":"wp","href":"https:\/\/api.w.org\/{rel}","templated":true}]}}