{"id":124012,"date":"2021-05-03T14:24:45","date_gmt":"2021-05-03T12:24:45","guid":{"rendered":"https:\/\/www.bellunopress.it\/?p=124012"},"modified":"2021-05-03T14:24:45","modified_gmt":"2021-05-03T12:24:45","slug":"sabato-8-maggio-a-belluno-la-manifestazione-contro-linnalzamento-dei-limiti-dellinquinamento-elettromagnetico","status":"publish","type":"post","link":"https:\/\/www.bellunopress.it\/fr\/2021\/05\/03\/sabato-8-maggio-a-belluno-la-manifestazione-contro-linnalzamento-dei-limiti-dellinquinamento-elettromagnetico\/","title":{"rendered":"Sabato 8 maggio a Belluno la manifestazione contro l&#8217;innalzamento dei limiti dell&#8217;inquinamento elettromagnetico"},"content":{"rendered":"<p><a href=\"https:\/\/www.bellunopress.it\/fr\/2019\/08\/19\/il-rapporto-dellistituto-superiore-di-sanita-sui-rapporti-tra-utilizzo-dei-cellulari-e-cancro-e-inadeguato-a-garantire-al-meglio-la-salute-pubblica-promossa-una-raccolta-di-firme-per-chiedere\/5g\/\" rel=\"attachment wp-att-107196\"><img loading=\"lazy\" decoding=\"async\" class=\"alignleft size-full wp-image-107196\" src=\"https:\/\/www.bellunopress.it\/wp-content\/uploads\/2019\/08\/5g.jpg\" alt=\"\" width=\"300\" height=\"175\" \/><\/a>Sabato 8 maggio dalle ore 9 alle ore 12.30 e dalle ore 15 alle ore 18.30 verr\u00e0 realizzato un gazebo informativo dal comitato spontaneo di cittadini elettrosmog5gbl, il WWF e l&#8217;associazione Ecoitaliasolidale in Piazza dei Martiri a Belluno.\u00a0Sono stati invitati a partecipare amministratori e governo locale, l&#8217;Ordine dei Medici sulla proposta della commissione parlamentare di una legge che centuplicherebbe i livelli massimi di inquinamento elettromagnetico da radiotelefonia mobile.\u00a0Sar\u00e0 presente ed a disposizione l&#8217;esperto dell&#8217;Associazione Nazionale Ecoitaliasolidale, Giorgio Rossi.<\/p>\n<p>Al fine di tutelare la salute pubblica, l\u2019Associazione Per la Prevenzione e la Lotta<br \/>\nall\u2019Elettrosmog (A.P.P.L.E.), l\u2019Associazione Medici per l\u2019Ambiente (I.S.D.E. Italia), l\u2019Associazione Italiana Elettrosensibili (A.I.E.), l\u2019Associazione Malattie Intossicazione Cronica e Ambientale (A.M.I.C.A.), insieme ad altre 25 associazioni e comitati hanno inviato al presidente della Repubblica Sergio Mattarella, alla presidente del Senato Maria Elisabetta Alberti Casellati, al presidente della Camera dei Deputati Roberto Fico e al presidente del Consiglio Mario Draghi, un documento in cui si richiede di:<br \/>\n&#8211; mantenere invariati nell&#8217;immediato i limiti di esposizione della popolazione ai CEM\/RF;<br \/>\n&#8211; ridurre nel breve periodo i livelli di esposizione ai CEM\/RF poich\u00e9 la popolazione \u00e8 oggi<br \/>\nesposta a valori che determinano effetti biologici non termici;<br \/>\n&#8211; riportare la misurazione su una media di 6 minuti, fondata sul dato biologico del tempo<br \/>\nnecessario a dissipare l&#8217;effetto termico, anzich\u00e9 sulla media del tutto arbitraria effettuata<br \/>\nnelle 24 ore;<br \/>\n&#8211; sospendere, in base al Principio di Precauzione, l&#8217;implementazione del 5G o almeno<br \/>\nl&#8217;impiego del beam forming, seguendo l\u2019esempio della Svizzera.<br \/>\nSolide evidenze scientifiche, accolte anche da diversi pronunciamenti giuridici, sono alla base delle richieste delle associazioni.<br \/>\nDott. Arch. Laura Masiero, presidente A.P.P.L.E.<br \/>\nDott. Roberto Romizi, presidente ISDE Italia<br \/>\nDott. Paolo Orio, presidente A.I.E.<br \/>\nDott. Lucietta Chiafal\u00e0, presidente AMICA-Odv<\/p>\n<p>&nbsp;<\/p>\n<p>&nbsp;<\/p>","protected":false},"excerpt":{"rendered":"<p>Sabato 8 maggio dalle ore 9 alle ore 12.30 e dalle ore 15 alle ore 18.30 verr\u00e0 realizzato un gazebo informativo dal comitato spontaneo di cittadini elettrosmog5gbl, il WWF e l&#8217;associazione Ecoitaliasolidale in Piazza dei Martiri a Belluno.\u00a0Sono stati invitati a partecipare amministratori e governo locale, l&#8217;Ordine dei Medici sulla proposta della commissione parlamentare di [&hellip;]<\/p>\n","protected":false},"author":2,"featured_media":115198,"comment_status":"closed","ping_status":"open","sticky":false,"template":"","format":"standard","meta":{"footnotes":""},"categories":[27,25,8],"tags":[],"class_list":["post-124012","post","type-post","status-publish","format-standard","has-post-thumbnail","category-appuntamenti","category-pausa-caffe","category-societa-istituzioni"],"yoast_head":"<!-- This site is optimized with the Yoast SEO plugin v28.4 - https:\/\/yoast.com\/product\/yoast-seo-wordpress\/ -->\n<title>Sabato 8 maggio a Belluno la manifestazione contro l&#039;innalzamento dei limiti dell&#039;inquinamento elettromagnetico - Bellunopress - Dolomiti<\/title>\n<meta name=\"robots\" content=\"index, follow, max-snippet:-1, max-image-preview:large, max-video-preview:-1\" \/>\n<link rel=\"canonical\" href=\"https:\/\/www.bellunopress.it\/fr\/2021\/05\/03\/sabato-8-maggio-a-belluno-la-manifestazione-contro-linnalzamento-dei-limiti-dellinquinamento-elettromagnetico\/\" \/>\n<meta property=\"og:locale\" content=\"fr_FR\" \/>\n<meta property=\"og:type\" content=\"article\" \/>\n<meta property=\"og:title\" content=\"Sabato 8 maggio a Belluno la manifestazione contro l&#039;innalzamento dei limiti dell&#039;inquinamento elettromagnetico - Bellunopress - Dolomiti\" \/>\n<meta property=\"og:description\" content=\"Sabato 8 maggio dalle ore 9 alle ore 12.30 e dalle ore 15 alle ore 18.30 verr\u00e0 realizzato un gazebo informativo dal comitato spontaneo di cittadini elettrosmog5gbl, il WWF e l&#8217;associazione Ecoitaliasolidale in Piazza dei Martiri a Belluno.\u00a0Sono stati invitati a partecipare amministratori e governo locale, l&#8217;Ordine dei Medici sulla proposta della commissione parlamentare di [&hellip;]\" \/>\n<meta property=\"og:url\" content=\"https:\/\/www.bellunopress.it\/fr\/2021\/05\/03\/sabato-8-maggio-a-belluno-la-manifestazione-contro-linnalzamento-dei-limiti-dellinquinamento-elettromagnetico\/\" \/>\n<meta property=\"og:site_name\" content=\"Bellunopress - Dolomiti\" \/>\n<meta property=\"article:publisher\" content=\"https:\/\/www.facebook.com\/profile.php?id=100008943462799\" \/>\n<meta property=\"article:published_time\" content=\"2021-05-03T12:24:45+00:00\" \/>\n<meta property=\"og:image\" content=\"https:\/\/www.bellunopress.it\/wp-content\/uploads\/2020\/06\/manifestazione-5G-sab-20-giugno-2020_edited.jpg\" \/>\n\t<meta property=\"og:image:width\" content=\"800\" \/>\n\t<meta property=\"og:image:height\" content=\"450\" \/>\n\t<meta property=\"og:image:type\" content=\"image\/jpeg\" \/>\n<meta name=\"author\" content=\"redazione\" \/>\n<meta name=\"twitter:card\" content=\"summary_large_image\" \/>\n<meta name=\"twitter:creator\" content=\"@bellunopress\" \/>\n<meta name=\"twitter:site\" content=\"@bellunopress\" \/>\n<meta name=\"twitter:label1\" content=\"\u00c9crit par\" \/>\n\t<meta name=\"twitter:data1\" content=\"redazione\" \/>\n\t<meta name=\"twitter:label2\" content=\"Dur\u00e9e de lecture estim\u00e9e\" \/>\n\t<meta name=\"twitter:data2\" content=\"2 minutes\" \/>\n<script type=\"application\/ld+json\" class=\"yoast-schema-graph\">{\"@context\":\"https:\\\/\\\/schema.org\",\"@graph\":[{\"@type\":\"Article\",\"@id\":\"https:\\\/\\\/www.bellunopress.it\\\/2021\\\/05\\\/03\\\/sabato-8-maggio-a-belluno-la-manifestazione-contro-linnalzamento-dei-limiti-dellinquinamento-elettromagnetico\\\/#article\",\"isPartOf\":{\"@id\":\"https:\\\/\\\/www.bellunopress.it\\\/2021\\\/05\\\/03\\\/sabato-8-maggio-a-belluno-la-manifestazione-contro-linnalzamento-dei-limiti-dellinquinamento-elettromagnetico\\\/\"},\"author\":{\"name\":\"redazione\",\"@id\":\"https:\\\/\\\/www.bellunopress.it\\\/#\\\/schema\\\/person\\\/79bb06722b37ece1c03d3e94beb30d73\"},\"headline\":\"Sabato 8 maggio a Belluno la manifestazione contro l&#8217;innalzamento dei limiti dell&#8217;inquinamento elettromagnetico\",\"datePublished\":\"2021-05-03T12:24:45+00:00\",\"mainEntityOfPage\":{\"@id\":\"https:\\\/\\\/www.bellunopress.it\\\/2021\\\/05\\\/03\\\/sabato-8-maggio-a-belluno-la-manifestazione-contro-linnalzamento-dei-limiti-dellinquinamento-elettromagnetico\\\/\"},\"wordCount\":329,\"publisher\":{\"@id\":\"https:\\\/\\\/www.bellunopress.it\\\/#organization\"},\"image\":{\"@id\":\"https:\\\/\\\/www.bellunopress.it\\\/2021\\\/05\\\/03\\\/sabato-8-maggio-a-belluno-la-manifestazione-contro-linnalzamento-dei-limiti-dellinquinamento-elettromagnetico\\\/#primaryimage\"},\"thumbnailUrl\":\"https:\\\/\\\/www.bellunopress.it\\\/wp-content\\\/uploads\\\/2020\\\/06\\\/manifestazione-5G-sab-20-giugno-2020_edited.jpg\",\"articleSection\":[\"Appuntamenti, Eventi\",\"Pausa Caff\u00e8\",\"Societ\u00e0, Associazioni, Istituzioni\"],\"inLanguage\":\"fr-FR\"},{\"@type\":\"WebPage\",\"@id\":\"https:\\\/\\\/www.bellunopress.it\\\/2021\\\/05\\\/03\\\/sabato-8-maggio-a-belluno-la-manifestazione-contro-linnalzamento-dei-limiti-dellinquinamento-elettromagnetico\\\/\",\"url\":\"https:\\\/\\\/www.bellunopress.it\\\/2021\\\/05\\\/03\\\/sabato-8-maggio-a-belluno-la-manifestazione-contro-linnalzamento-dei-limiti-dellinquinamento-elettromagnetico\\\/\",\"name\":\"Sabato 8 maggio a Belluno la manifestazione contro l'innalzamento dei limiti dell'inquinamento elettromagnetico - Bellunopress - Dolomiti\",\"isPartOf\":{\"@id\":\"https:\\\/\\\/www.bellunopress.it\\\/#website\"},\"primaryImageOfPage\":{\"@id\":\"https:\\\/\\\/www.bellunopress.it\\\/2021\\\/05\\\/03\\\/sabato-8-maggio-a-belluno-la-manifestazione-contro-linnalzamento-dei-limiti-dellinquinamento-elettromagnetico\\\/#primaryimage\"},\"image\":{\"@id\":\"https:\\\/\\\/www.bellunopress.it\\\/2021\\\/05\\\/03\\\/sabato-8-maggio-a-belluno-la-manifestazione-contro-linnalzamento-dei-limiti-dellinquinamento-elettromagnetico\\\/#primaryimage\"},\"thumbnailUrl\":\"https:\\\/\\\/www.bellunopress.it\\\/wp-content\\\/uploads\\\/2020\\\/06\\\/manifestazione-5G-sab-20-giugno-2020_edited.jpg\",\"datePublished\":\"2021-05-03T12:24:45+00:00\",\"breadcrumb\":{\"@id\":\"https:\\\/\\\/www.bellunopress.it\\\/2021\\\/05\\\/03\\\/sabato-8-maggio-a-belluno-la-manifestazione-contro-linnalzamento-dei-limiti-dellinquinamento-elettromagnetico\\\/#breadcrumb\"},\"inLanguage\":\"fr-FR\",\"potentialAction\":[{\"@type\":\"ReadAction\",\"target\":[\"https:\\\/\\\/www.bellunopress.it\\\/2021\\\/05\\\/03\\\/sabato-8-maggio-a-belluno-la-manifestazione-contro-linnalzamento-dei-limiti-dellinquinamento-elettromagnetico\\\/\"]}]},{\"@type\":\"ImageObject\",\"inLanguage\":\"fr-FR\",\"@id\":\"https:\\\/\\\/www.bellunopress.it\\\/2021\\\/05\\\/03\\\/sabato-8-maggio-a-belluno-la-manifestazione-contro-linnalzamento-dei-limiti-dellinquinamento-elettromagnetico\\\/#primaryimage\",\"url\":\"https:\\\/\\\/www.bellunopress.it\\\/wp-content\\\/uploads\\\/2020\\\/06\\\/manifestazione-5G-sab-20-giugno-2020_edited.jpg\",\"contentUrl\":\"https:\\\/\\\/www.bellunopress.it\\\/wp-content\\\/uploads\\\/2020\\\/06\\\/manifestazione-5G-sab-20-giugno-2020_edited.jpg\",\"width\":800,\"height\":450},{\"@type\":\"BreadcrumbList\",\"@id\":\"https:\\\/\\\/www.bellunopress.it\\\/2021\\\/05\\\/03\\\/sabato-8-maggio-a-belluno-la-manifestazione-contro-linnalzamento-dei-limiti-dellinquinamento-elettromagnetico\\\/#breadcrumb\",\"itemListElement\":[{\"@type\":\"ListItem\",\"position\":1,\"name\":\"Home\",\"item\":\"https:\\\/\\\/www.bellunopress.it\\\/\"},{\"@type\":\"ListItem\",\"position\":2,\"name\":\"Sabato 8 maggio a Belluno la manifestazione contro l&#8217;innalzamento dei limiti dell&#8217;inquinamento elettromagnetico\"}]},{\"@type\":\"WebSite\",\"@id\":\"https:\\\/\\\/www.bellunopress.it\\\/#website\",\"url\":\"https:\\\/\\\/www.bellunopress.it\\\/\",\"name\":\"Bellunopress - Dolomiti\",\"description\":\"e-mail: redazione@bellunopress.it\",\"publisher\":{\"@id\":\"https:\\\/\\\/www.bellunopress.it\\\/#organization\"},\"potentialAction\":[{\"@type\":\"SearchAction\",\"target\":{\"@type\":\"EntryPoint\",\"urlTemplate\":\"https:\\\/\\\/www.bellunopress.it\\\/?s={search_term_string}\"},\"query-input\":{\"@type\":\"PropertyValueSpecification\",\"valueRequired\":true,\"valueName\":\"search_term_string\"}}],\"inLanguage\":\"fr-FR\"},{\"@type\":\"Organization\",\"@id\":\"https:\\\/\\\/www.bellunopress.it\\\/#organization\",\"name\":\"Bellunopress\",\"url\":\"https:\\\/\\\/www.bellunopress.it\\\/\",\"logo\":{\"@type\":\"ImageObject\",\"inLanguage\":\"fr-FR\",\"@id\":\"https:\\\/\\\/www.bellunopress.it\\\/#\\\/schema\\\/logo\\\/image\\\/\",\"url\":\"https:\\\/\\\/www.bellunopress.it\\\/wp-content\\\/uploads\\\/2011\\\/05\\\/cropped-logo-bellunopress-.jpg\",\"contentUrl\":\"https:\\\/\\\/www.bellunopress.it\\\/wp-content\\\/uploads\\\/2011\\\/05\\\/cropped-logo-bellunopress-.jpg\",\"width\":512,\"height\":512,\"caption\":\"Bellunopress\"},\"image\":{\"@id\":\"https:\\\/\\\/www.bellunopress.it\\\/#\\\/schema\\\/logo\\\/image\\\/\"},\"sameAs\":[\"https:\\\/\\\/www.facebook.com\\\/profile.php?id=100008943462799\",\"https:\\\/\\\/x.com\\\/bellunopress\",\"https:\\\/\\\/www.linkedin.com\\\/hp\\\/?dnr=JBzUWaJfMUw8vbXJJ2tVW5-I3jZKvC4wsoxE&amp;amp;amp;amp;amp;amp;trk=nav_responsive_tab_home\",\"https:\\\/\\\/www.youtube.com\\\/channel\\\/UCxL0wu1uN0_3_7hGG0306cw\"]},{\"@type\":\"Person\",\"@id\":\"https:\\\/\\\/www.bellunopress.it\\\/#\\\/schema\\\/person\\\/79bb06722b37ece1c03d3e94beb30d73\",\"name\":\"redazione\",\"image\":{\"@type\":\"ImageObject\",\"inLanguage\":\"fr-FR\",\"@id\":\"https:\\\/\\\/secure.gravatar.com\\\/avatar\\\/37d968a2e67a6fd04c169c4bdef102d0bc5d31b2546345219e348575eb80e9a0?s=96&d=mm&r=g\",\"url\":\"https:\\\/\\\/secure.gravatar.com\\\/avatar\\\/37d968a2e67a6fd04c169c4bdef102d0bc5d31b2546345219e348575eb80e9a0?s=96&d=mm&r=g\",\"contentUrl\":\"https:\\\/\\\/secure.gravatar.com\\\/avatar\\\/37d968a2e67a6fd04c169c4bdef102d0bc5d31b2546345219e348575eb80e9a0?s=96&d=mm&r=g\",\"caption\":\"redazione\"},\"sameAs\":[\"http:\\\/\\\/www.bellunopress.it\",\"https:\\\/\\\/x.com\\\/bellunopress\"],\"url\":\"https:\\\/\\\/www.bellunopress.it\\\/fr\\\/author\\\/redazione\\\/\"}]}<\/script>\n<!-- \/ Yoast SEO plugin. -->","yoast_head_json":{"title":"Sabato 8 maggio a Belluno la manifestazione contro l'innalzamento dei limiti dell'inquinamento elettromagnetico - Bellunopress - Dolomiti","robots":{"index":"index","follow":"follow","max-snippet":"max-snippet:-1","max-image-preview":"max-image-preview:large","max-video-preview":"max-video-preview:-1"},"canonical":"https:\/\/www.bellunopress.it\/fr\/2021\/05\/03\/sabato-8-maggio-a-belluno-la-manifestazione-contro-linnalzamento-dei-limiti-dellinquinamento-elettromagnetico\/","og_locale":"fr_FR","og_type":"article","og_title":"Sabato 8 maggio a Belluno la manifestazione contro l'innalzamento dei limiti dell'inquinamento elettromagnetico - Bellunopress - Dolomiti","og_description":"Sabato 8 maggio dalle ore 9 alle ore 12.30 e dalle ore 15 alle ore 18.30 verr\u00e0 realizzato un gazebo informativo dal comitato spontaneo di cittadini elettrosmog5gbl, il WWF e l&#8217;associazione Ecoitaliasolidale in Piazza dei Martiri a Belluno.\u00a0Sono stati invitati a partecipare amministratori e governo locale, l&#8217;Ordine dei Medici sulla proposta della commissione parlamentare di [&hellip;]","og_url":"https:\/\/www.bellunopress.it\/fr\/2021\/05\/03\/sabato-8-maggio-a-belluno-la-manifestazione-contro-linnalzamento-dei-limiti-dellinquinamento-elettromagnetico\/","og_site_name":"Bellunopress - Dolomiti","article_publisher":"https:\/\/www.facebook.com\/profile.php?id=100008943462799","article_published_time":"2021-05-03T12:24:45+00:00","og_image":[{"width":800,"height":450,"url":"https:\/\/www.bellunopress.it\/wp-content\/uploads\/2020\/06\/manifestazione-5G-sab-20-giugno-2020_edited.jpg","type":"image\/jpeg"}],"author":"redazione","twitter_card":"summary_large_image","twitter_creator":"@bellunopress","twitter_site":"@bellunopress","twitter_misc":{"\u00c9crit par":"redazione","Dur\u00e9e de lecture estim\u00e9e":"2 minutes"},"schema":{"@context":"https:\/\/schema.org","@graph":[{"@type":"Article","@id":"https:\/\/www.bellunopress.it\/2021\/05\/03\/sabato-8-maggio-a-belluno-la-manifestazione-contro-linnalzamento-dei-limiti-dellinquinamento-elettromagnetico\/#article","isPartOf":{"@id":"https:\/\/www.bellunopress.it\/2021\/05\/03\/sabato-8-maggio-a-belluno-la-manifestazione-contro-linnalzamento-dei-limiti-dellinquinamento-elettromagnetico\/"},"author":{"name":"redazione","@id":"https:\/\/www.bellunopress.it\/#\/schema\/person\/79bb06722b37ece1c03d3e94beb30d73"},"headline":"Sabato 8 maggio a Belluno la manifestazione contro l&#8217;innalzamento dei limiti dell&#8217;inquinamento elettromagnetico","datePublished":"2021-05-03T12:24:45+00:00","mainEntityOfPage":{"@id":"https:\/\/www.bellunopress.it\/2021\/05\/03\/sabato-8-maggio-a-belluno-la-manifestazione-contro-linnalzamento-dei-limiti-dellinquinamento-elettromagnetico\/"},"wordCount":329,"publisher":{"@id":"https:\/\/www.bellunopress.it\/#organization"},"image":{"@id":"https:\/\/www.bellunopress.it\/2021\/05\/03\/sabato-8-maggio-a-belluno-la-manifestazione-contro-linnalzamento-dei-limiti-dellinquinamento-elettromagnetico\/#primaryimage"},"thumbnailUrl":"https:\/\/www.bellunopress.it\/wp-content\/uploads\/2020\/06\/manifestazione-5G-sab-20-giugno-2020_edited.jpg","articleSection":["Appuntamenti, Eventi","Pausa Caff\u00e8","Societ\u00e0, Associazioni, Istituzioni"],"inLanguage":"fr-FR"},{"@type":"WebPage","@id":"https:\/\/www.bellunopress.it\/2021\/05\/03\/sabato-8-maggio-a-belluno-la-manifestazione-contro-linnalzamento-dei-limiti-dellinquinamento-elettromagnetico\/","url":"https:\/\/www.bellunopress.it\/2021\/05\/03\/sabato-8-maggio-a-belluno-la-manifestazione-contro-linnalzamento-dei-limiti-dellinquinamento-elettromagnetico\/","name":"Sabato 8 maggio a Belluno la manifestazione contro l'innalzamento dei limiti dell'inquinamento elettromagnetico - Bellunopress - Dolomiti","isPartOf":{"@id":"https:\/\/www.bellunopress.it\/#website"},"primaryImageOfPage":{"@id":"https:\/\/www.bellunopress.it\/2021\/05\/03\/sabato-8-maggio-a-belluno-la-manifestazione-contro-linnalzamento-dei-limiti-dellinquinamento-elettromagnetico\/#primaryimage"},"image":{"@id":"https:\/\/www.bellunopress.it\/2021\/05\/03\/sabato-8-maggio-a-belluno-la-manifestazione-contro-linnalzamento-dei-limiti-dellinquinamento-elettromagnetico\/#primaryimage"},"thumbnailUrl":"https:\/\/www.bellunopress.it\/wp-content\/uploads\/2020\/06\/manifestazione-5G-sab-20-giugno-2020_edited.jpg","datePublished":"2021-05-03T12:24:45+00:00","breadcrumb":{"@id":"https:\/\/www.bellunopress.it\/2021\/05\/03\/sabato-8-maggio-a-belluno-la-manifestazione-contro-linnalzamento-dei-limiti-dellinquinamento-elettromagnetico\/#breadcrumb"},"inLanguage":"fr-FR","potentialAction":[{"@type":"ReadAction","target":["https:\/\/www.bellunopress.it\/2021\/05\/03\/sabato-8-maggio-a-belluno-la-manifestazione-contro-linnalzamento-dei-limiti-dellinquinamento-elettromagnetico\/"]}]},{"@type":"ImageObject","inLanguage":"fr-FR","@id":"https:\/\/www.bellunopress.it\/2021\/05\/03\/sabato-8-maggio-a-belluno-la-manifestazione-contro-linnalzamento-dei-limiti-dellinquinamento-elettromagnetico\/#primaryimage","url":"https:\/\/www.bellunopress.it\/wp-content\/uploads\/2020\/06\/manifestazione-5G-sab-20-giugno-2020_edited.jpg","contentUrl":"https:\/\/www.bellunopress.it\/wp-content\/uploads\/2020\/06\/manifestazione-5G-sab-20-giugno-2020_edited.jpg","width":800,"height":450},{"@type":"BreadcrumbList","@id":"https:\/\/www.bellunopress.it\/2021\/05\/03\/sabato-8-maggio-a-belluno-la-manifestazione-contro-linnalzamento-dei-limiti-dellinquinamento-elettromagnetico\/#breadcrumb","itemListElement":[{"@type":"ListItem","position":1,"name":"Home","item":"https:\/\/www.bellunopress.it\/"},{"@type":"ListItem","position":2,"name":"Sabato 8 maggio a Belluno la manifestazione contro l&#8217;innalzamento dei limiti dell&#8217;inquinamento elettromagnetico"}]},{"@type":"WebSite","@id":"https:\/\/www.bellunopress.it\/#website","url":"https:\/\/www.bellunopress.it\/","name":"Bellunopress - Dolomiti","description":"e-mail: redazione@bellunopress.it","publisher":{"@id":"https:\/\/www.bellunopress.it\/#organization"},"potentialAction":[{"@type":"SearchAction","target":{"@type":"EntryPoint","urlTemplate":"https:\/\/www.bellunopress.it\/?s={search_term_string}"},"query-input":{"@type":"PropertyValueSpecification","valueRequired":true,"valueName":"search_term_string"}}],"inLanguage":"fr-FR"},{"@type":"Organization","@id":"https:\/\/www.bellunopress.it\/#organization","name":"Bellunopress","url":"https:\/\/www.bellunopress.it\/","logo":{"@type":"ImageObject","inLanguage":"fr-FR","@id":"https:\/\/www.bellunopress.it\/#\/schema\/logo\/image\/","url":"https:\/\/www.bellunopress.it\/wp-content\/uploads\/2011\/05\/cropped-logo-bellunopress-.jpg","contentUrl":"https:\/\/www.bellunopress.it\/wp-content\/uploads\/2011\/05\/cropped-logo-bellunopress-.jpg","width":512,"height":512,"caption":"Bellunopress"},"image":{"@id":"https:\/\/www.bellunopress.it\/#\/schema\/logo\/image\/"},"sameAs":["https:\/\/www.facebook.com\/profile.php?id=100008943462799","https:\/\/x.com\/bellunopress","https:\/\/www.linkedin.com\/hp\/?dnr=JBzUWaJfMUw8vbXJJ2tVW5-I3jZKvC4wsoxE&amp;amp;amp;amp;amp;amp;trk=nav_responsive_tab_home","https:\/\/www.youtube.com\/channel\/UCxL0wu1uN0_3_7hGG0306cw"]},{"@type":"Person","@id":"https:\/\/www.bellunopress.it\/#\/schema\/person\/79bb06722b37ece1c03d3e94beb30d73","name":"r\u00e9daction","image":{"@type":"ImageObject","inLanguage":"fr-FR","@id":"https:\/\/secure.gravatar.com\/avatar\/37d968a2e67a6fd04c169c4bdef102d0bc5d31b2546345219e348575eb80e9a0?s=96&d=mm&r=g","url":"https:\/\/secure.gravatar.com\/avatar\/37d968a2e67a6fd04c169c4bdef102d0bc5d31b2546345219e348575eb80e9a0?s=96&d=mm&r=g","contentUrl":"https:\/\/secure.gravatar.com\/avatar\/37d968a2e67a6fd04c169c4bdef102d0bc5d31b2546345219e348575eb80e9a0?s=96&d=mm&r=g","caption":"redazione"},"sameAs":["http:\/\/www.bellunopress.it","https:\/\/x.com\/bellunopress"],"url":"https:\/\/www.bellunopress.it\/fr\/author\/redazione\/"}]}},"_links":{"self":[{"href":"https:\/\/www.bellunopress.it\/fr\/wp-json\/wp\/v2\/posts\/124012","targetHints":{"allow":["GET"]}}],"collection":[{"href":"https:\/\/www.bellunopress.it\/fr\/wp-json\/wp\/v2\/posts"}],"about":[{"href":"https:\/\/www.bellunopress.it\/fr\/wp-json\/wp\/v2\/types\/post"}],"author":[{"embeddable":true,"href":"https:\/\/www.bellunopress.it\/fr\/wp-json\/wp\/v2\/users\/2"}],"replies":[{"embeddable":true,"href":"https:\/\/www.bellunopress.it\/fr\/wp-json\/wp\/v2\/comments?post=124012"}],"version-history":[{"count":1,"href":"https:\/\/www.bellunopress.it\/fr\/wp-json\/wp\/v2\/posts\/124012\/revisions"}],"predecessor-version":[{"id":124013,"href":"https:\/\/www.bellunopress.it\/fr\/wp-json\/wp\/v2\/posts\/124012\/revisions\/124013"}],"wp:featuredmedia":[{"embeddable":true,"href":"https:\/\/www.bellunopress.it\/fr\/wp-json\/wp\/v2\/media\/115198"}],"wp:attachment":[{"href":"https:\/\/www.bellunopress.it\/fr\/wp-json\/wp\/v2\/media?parent=124012"}],"wp:term":[{"taxonomy":"category","embeddable":true,"href":"https:\/\/www.bellunopress.it\/fr\/wp-json\/wp\/v2\/categories?post=124012"},{"taxonomy":"post_tag","embeddable":true,"href":"https:\/\/www.bellunopress.it\/fr\/wp-json\/wp\/v2\/tags?post=124012"}],"curies":[{"name":"wp","href":"https:\/\/api.w.org\/{rel}","templated":true}]}}