{"id":124006,"date":"2021-05-03T14:08:03","date_gmt":"2021-05-03T12:08:03","guid":{"rendered":"https:\/\/www.bellunopress.it\/?p=124006"},"modified":"2021-05-04T20:17:58","modified_gmt":"2021-05-04T18:17:58","slug":"covid-19-chi-ha-la-responsabilita-politica-degli-oltre-8-000-morti-nel-semestre-2020-2021-in-veneto","status":"publish","type":"post","link":"https:\/\/www.bellunopress.it\/fr\/2021\/05\/03\/covid-19-chi-ha-la-responsabilita-politica-degli-oltre-8-000-morti-nel-semestre-2020-2021-in-veneto\/","title":{"rendered":"Covid 19. Chi ha la responsabilit\u00e0 politica degli oltre 8.000 morti nel semestre 2020\/2021 in Veneto?"},"content":{"rendered":"<p><em><a href=\"https:\/\/www.bellunopress.it\/fr\/2021\/05\/03\/covid-19-chi-ha-la-responsabilita-politica-degli-oltre-8-000-morti-nel-semestre-2020-2021-in-veneto\/diretta-zaia\/\" rel=\"attachment wp-att-124009\"><img loading=\"lazy\" decoding=\"async\" class=\"alignleft size-full wp-image-124009\" src=\"https:\/\/www.bellunopress.it\/wp-content\/uploads\/2021\/05\/diretta-Zaia.jpg\" alt=\"\" width=\"341\" height=\"252\" srcset=\"https:\/\/www.bellunopress.it\/wp-content\/uploads\/2021\/05\/diretta-Zaia.jpg 341w, https:\/\/www.bellunopress.it\/wp-content\/uploads\/2021\/05\/diretta-Zaia-80x60.jpg 80w\" sizes=\"auto, (max-width: 341px) 100vw, 341px\" \/><\/a>Il modello della sanit\u00e0 veneta venne elaborato e realizzato a partire dal 1975, Luca Zaia lo ha ereditato e negli ultimi dieci anni \u00e8 semplicemente peggiorato. \u00a0\u00a0\u00a0<\/em><\/p>\n<p>Il reportage giornalistico curato da Report, trasmissione d\u2019inchiesta di Rai 3, aveva lo scopo di far capire perch\u00e9 la sanit\u00e0 veneta in tempo di Covid era risultata vincente nei sette mesi marzo-settembre 2020 (2.199 decessi) e poi clamorosamente perdente, un tonfo di 8.282 morti registrati con la seconda ondata (ottobre 2020-marzo 2021).<\/p>\n<p>A chi e a che cosa si doveva un tale inspiegabile &#8211; ma drammatico &#8211; crollo certificato da migliaia di defunti che aspettano verit\u00e0 e giustizia e che avevano fatto schizzare la nostra regione in testa alla classifica non in termini assoluti (prima rimane la Lombardia), ma in termini relativi rispetto alla popolazione residente. Nel loro servizio i giornalisti della tv nazionale, si sono avvalsi anche della documentazione raccolta ed allegata in un esposto spedito alle sei Procure della Repubblica dalla parlamentare Laura Puppato (in carica dal 2013 al 2018 a Palazzo Madama), oltre che di interviste fatte sul campo a differenti interlocutori coinvolti nella vicenda. Prima di entrare nel merito della questione, \u00e8 opportuno annotare l\u2019usuale inchino dei mass media regionali al sub-comandante in loco di Salvini.<\/p>\n<p>Il giorno dopo, 27 aprile, tranne qualche rara eccezione, lo spazio dedicato dai mezzi d\u2019informazione locale \u00e8 stato davvero minimo. A contrario, risalta \u201cFocus\u201d della rete Medianordest che riunisce AntennaTre, Rete Veneta, Telenordest e Telequattro diretta dal gi\u00e0 direttore del Gazzettino e Giornale di Vicenza. Luigi Bacialli \u00e8 stato, ad onor del vero, il pi\u00f9 veloce di tutti nell\u2019allestire una serata mirata all\u2019evento qui in discussione. Indubitabilmente, egli \u00e8 il pi\u00f9 \u201csensibile\u201d, tra i suoi pares, nel cogliere ci\u00f2 che si muove in ambito regionale. Oltre l\u2019indiscussa professionalit\u00e0, occupando anche la carica di presidente di Veneto Film Commission, di cui la regione del Veneto \u00e8 socio fondatore, pu\u00f2 vantare un altro punto qualificato e privilegiato di osservazione per valutare l\u2019opinione pubblica.<\/p>\n<p>Il resto delle testate nei giorni successivi, a partire dalla settimanale conferenza stampa e del presidente e di quella del direttore Flor, hanno riportato le spiegazioni che probabilmente verranno ripetute &#8211; una settimana dopo &#8211; anche ai consiglieri regionali convocati domani mattina in quinta commissione. Della serie, \u201cl\u2019intendance suivra\u201d come amava dire Napoleone.<\/p>\n<p>In verit\u00e0, l\u2019opposizione aveva domandato la presenza di Luca Zaia in Consiglio Regionale subito, nulla da fare. Necessitando in continuazione degli \u201cesperti\u201d alias i dirigenti del settore chiamati al fine di dare ampia delucidazione su dati, grafici e tabelle, relazioni intercorrenti con il ministero della sanit\u00e0; il reggente di Palazzo Balbi sa che costoro sono ammessi in seduta di commissione, ma non in quella plenaria. Difficile immaginare che domani sortisca qualcosa di diverso e differente da ci\u00f2 che \u00e8 stato raccontato da una settimana. Luca Zaia minimizza (more solito), ma egli sa che questa volta deve rispondere per quanto \u00e8 accaduto e che \u00e8 costato migliaia di vite umane assumendosene le relative responsabilit\u00e0.<\/p>\n<p>Beninteso, si tratta di paternit\u00e0 politica insita e tipica di chi occupa una carica di potere, nella fattispecie da oltre dieci anni. Egli \u00e8 a capo dell\u2019istituzione che ha erogato, nel periodo considerato ai cittadini veneti morti a causa di Covid 19, le deficitarie prestazioni sanitarie. Ci\u00f2 non significa, in automatico e di per s\u00e9, alcuna imputabilit\u00e0 del cittadino Luca Zaia in sede penale, o in quella civile o financo in quella amministrativa; la risposta &#8211; se ci sar\u00e0 &#8211; verr\u00e0 data dalla magistratura appellata. La responsabilit\u00e0 politica va affrontata avanti a tutti i consiglieri democraticamente eletti, ivi inclusi quelli espressi da quel 20% di votanti che gli hanno negato la preferenza e che ora si ritrovano rappresentati da colui che si sottrae al luogo dove dialetticamente si confrontano tesi ed antitesi, senza soccorsi n\u00e9 di tecnici n\u00e9 di stampa e dove vanno date puntuali risposte a tutti gli interrogativi sul disastro successo senza ulteriori infingimenti o dilazioni.<\/p>\n<p>Altra questione che merita di essere segnalata \u00e8 la narrazione esposta da buona parte dei parlanti in radio e tv oppure degli scriventi fruenti della rete internet, vale a dire la supposizione che \u00e8 \u201csotto attacco il modello della sanit\u00e0 veneta\u201d, confondendo volutamente un gravissimo episodio con un intero sistema di organizzazione dei servizi sociosanitari regionale elaborato e gradualmente realizzato a partire dal 1975. Il richiamo era gi\u00e0 stato fatto nell\u2019articolo precedente. Quattro mesi prima di Report, l\u2019ex \u00a0direttore generale della Sanit\u00e0 e del Sociale del Veneto in relazione agli errori fatti nella pandemia, segnalava che : \u201cLa fascia gialla plus \u00e8 stata un liberi tutti. Il modello veneto non c\u2019entra nulla con l\u2019attuale gestione\u201d (07 gennaio 2021).<\/p>\n<p>\u201cL\u2019origine del \u201cmodello veneto\u201d affonda le sue radici molto indietro nel tempo, ben prima del 2010, anno della prima Giunta Zaia. Chi erano gli attori, politici, istituzionali e sociali? Politici. Innanzitutto, la DC, ma anche l\u2019opposizione di allora (PCI in particolare), che nel merito ha sempre attivamente sostenuto tale modello. Istituzionali. I Comuni furono costantemente consultati, spesso con confronti aspri sulla riconversione degli ospedali, nonch\u00e9 le Universit\u00e0, con le loro eccellenze assistenziali e formative. Sociali. Le organizzazioni sindacali, il composito mondo del sociale, le professioni, furono egualmente protagoniste. Sul piano organizzativo e assistenziale il Veneto (L.r. 64\/1975) con i \u201cConsorzi sociosanitari \u2013 Ulss\u201d anticip\u00f2 la Riforma sanitaria (L. 833\/78) (la riforma del ministro Tina Anselmi &#8211; D.C.). La prima vera e propria programmazione viene stabilita con il \u201cPiano sociosanitario 1982-84\u201d (L.r. 13\/84) che contestualmente definisce organizzazione e politiche sia per l\u2019assistenza ospedaliera che per quella territoriale.\u201d La versione integrale che \u00e8 anche una mini sintesi storica dell\u2019organizzazione sanitaria regionale \u00e8 facilmente leggibile cliccando: <a href=\"https:\/\/www.sivempveneto.it\/lex-dg-della-sanita-regionale-toniolo-e-gli-errori-fatti-nella-pandemia-la-fascia-gialla-plus-e-stata-un-liberi-tutti-il-modello-veneto-non-centra-nulla-con-lattuale-ges\/\">https:\/\/www.sivempveneto.it\/lex-dg-della-sanita-regionale-toniolo-e-gli-errori-fatti-nella-pandemia-la-fascia-gialla-plus-e-stata-un-liberi-tutti-il-modello-veneto-non-centra-nulla-con-lattuale-ges\/<\/a><\/p>\n<p>Che c\u2019azzecca Toniolo con Flor? Niente ma proprio niente; e Zaia con i presidenti che hanno realizzato il \u201cmodello veneto\u201d negli anni fondativi ? Davvero poco in quanto a capacit\u00e0 di leadership, tranne l\u2019elettorato che prevalentemente orientato verso il centro destra ha sempre votato a scatola chiusa, prima Galan e poi Zaia. Un pregio dell\u2019attuale presidente? Fortissimo sul piano della comunicazione mediatica e delle pubbliche relazioni con la stampa. Ma come pochi sanno, apparire non \u00e8 essere, governare non significa esternare in pubblico e, essere informati non vuol dire aver capito.<\/p>\n<p>03 maggio,\u00a0 \u00a0 \u00a0 \u00a0 \u00a0 \u00a0 \u00a0 \u00a0 \u00a0 \u00a0 \u00a0 \u00a0 \u00a0 \u00a0 \u00a0 \u00a0 \u00a0 \u00a0 \u00a0 \u00a0 \u00a0 \u00a0 \u00a0 \u00a0 \u00a0 \u00a0 \u00a0 \u00a0 \u00a0 \u00a0 \u00a0 \u00a0 \u00a0 \u00a0 \u00a0 \u00a0 \u00a0 \u00a0 \u00a0 \u00a0 \u00a0 \u00a0 \u00a0 \u00a0 \u00a0 \u00a0 \u00a0 \u00a0 \u00a0 \u00a0 \u00a0 \u00a0 \u00a0 \u00a0 \u00a0 Enzo De Biasi<\/p>\n<p>&nbsp;<\/p>\n<p>&nbsp;<\/p>","protected":false},"excerpt":{"rendered":"<p>Il modello della sanit\u00e0 veneta venne elaborato e realizzato a partire dal 1975, Luca Zaia lo ha ereditato e negli ultimi dieci anni \u00e8 semplicemente peggiorato. \u00a0\u00a0\u00a0 Il reportage giornalistico curato da Report, trasmissione d\u2019inchiesta di Rai 3, aveva lo scopo di far capire perch\u00e9 la sanit\u00e0 veneta in tempo di Covid era risultata vincente [&hellip;]<\/p>\n","protected":false},"author":2,"featured_media":124009,"comment_status":"closed","ping_status":"open","sticky":false,"template":"","format":"standard","meta":{"footnotes":""},"categories":[5,3446,49,26,17],"tags":[],"class_list":["post-124006","post","type-post","status-publish","format-standard","has-post-thumbnail","category-cronaca","category-featured","category-speciali","category-prima-pagina","category-sanita"],"yoast_head":"<!-- This site is optimized with the Yoast SEO plugin v28.4 - https:\/\/yoast.com\/product\/yoast-seo-wordpress\/ -->\n<title>Covid 19. Chi ha la responsabilit\u00e0 politica degli oltre 8.000 morti nel semestre 2020\/2021 in Veneto? - Bellunopress - Dolomiti<\/title>\n<meta name=\"robots\" content=\"index, follow, max-snippet:-1, max-image-preview:large, max-video-preview:-1\" \/>\n<link rel=\"canonical\" href=\"https:\/\/www.bellunopress.it\/fr\/2021\/05\/03\/covid-19-chi-ha-la-responsabilita-politica-degli-oltre-8-000-morti-nel-semestre-2020-2021-in-veneto\/\" \/>\n<meta property=\"og:locale\" content=\"fr_FR\" \/>\n<meta property=\"og:type\" content=\"article\" \/>\n<meta property=\"og:title\" content=\"Covid 19. Chi ha la responsabilit\u00e0 politica degli oltre 8.000 morti nel semestre 2020\/2021 in Veneto? - Bellunopress - Dolomiti\" \/>\n<meta property=\"og:description\" content=\"Il modello della sanit\u00e0 veneta venne elaborato e realizzato a partire dal 1975, Luca Zaia lo ha ereditato e negli ultimi dieci anni \u00e8 semplicemente peggiorato. \u00a0\u00a0\u00a0 Il reportage giornalistico curato da Report, trasmissione d\u2019inchiesta di Rai 3, aveva lo scopo di far capire perch\u00e9 la sanit\u00e0 veneta in tempo di Covid era risultata vincente [&hellip;]\" \/>\n<meta property=\"og:url\" content=\"https:\/\/www.bellunopress.it\/fr\/2021\/05\/03\/covid-19-chi-ha-la-responsabilita-politica-degli-oltre-8-000-morti-nel-semestre-2020-2021-in-veneto\/\" \/>\n<meta property=\"og:site_name\" content=\"Bellunopress - Dolomiti\" \/>\n<meta property=\"article:publisher\" content=\"https:\/\/www.facebook.com\/profile.php?id=100008943462799\" \/>\n<meta property=\"article:published_time\" content=\"2021-05-03T12:08:03+00:00\" \/>\n<meta property=\"article:modified_time\" content=\"2021-05-04T18:17:58+00:00\" \/>\n<meta property=\"og:image\" content=\"https:\/\/www.bellunopress.it\/wp-content\/uploads\/2021\/05\/diretta-Zaia.jpg\" \/>\n\t<meta property=\"og:image:width\" content=\"341\" \/>\n\t<meta property=\"og:image:height\" content=\"252\" \/>\n\t<meta property=\"og:image:type\" content=\"image\/jpeg\" \/>\n<meta name=\"author\" content=\"redazione\" \/>\n<meta name=\"twitter:card\" content=\"summary_large_image\" \/>\n<meta name=\"twitter:creator\" content=\"@bellunopress\" \/>\n<meta name=\"twitter:site\" content=\"@bellunopress\" \/>\n<meta name=\"twitter:label1\" content=\"\u00c9crit par\" \/>\n\t<meta name=\"twitter:data1\" content=\"redazione\" \/>\n\t<meta name=\"twitter:label2\" content=\"Dur\u00e9e de lecture estim\u00e9e\" \/>\n\t<meta name=\"twitter:data2\" content=\"5 minutes\" \/>\n<script type=\"application\/ld+json\" class=\"yoast-schema-graph\">{\"@context\":\"https:\\\/\\\/schema.org\",\"@graph\":[{\"@type\":\"Article\",\"@id\":\"https:\\\/\\\/www.bellunopress.it\\\/2021\\\/05\\\/03\\\/covid-19-chi-ha-la-responsabilita-politica-degli-oltre-8-000-morti-nel-semestre-2020-2021-in-veneto\\\/#article\",\"isPartOf\":{\"@id\":\"https:\\\/\\\/www.bellunopress.it\\\/2021\\\/05\\\/03\\\/covid-19-chi-ha-la-responsabilita-politica-degli-oltre-8-000-morti-nel-semestre-2020-2021-in-veneto\\\/\"},\"author\":{\"name\":\"redazione\",\"@id\":\"https:\\\/\\\/www.bellunopress.it\\\/#\\\/schema\\\/person\\\/79bb06722b37ece1c03d3e94beb30d73\"},\"headline\":\"Covid 19. Chi ha la responsabilit\u00e0 politica degli oltre 8.000 morti nel semestre 2020\\\/2021 in Veneto?\",\"datePublished\":\"2021-05-03T12:08:03+00:00\",\"dateModified\":\"2021-05-04T18:17:58+00:00\",\"mainEntityOfPage\":{\"@id\":\"https:\\\/\\\/www.bellunopress.it\\\/2021\\\/05\\\/03\\\/covid-19-chi-ha-la-responsabilita-politica-degli-oltre-8-000-morti-nel-semestre-2020-2021-in-veneto\\\/\"},\"wordCount\":1034,\"publisher\":{\"@id\":\"https:\\\/\\\/www.bellunopress.it\\\/#organization\"},\"image\":{\"@id\":\"https:\\\/\\\/www.bellunopress.it\\\/2021\\\/05\\\/03\\\/covid-19-chi-ha-la-responsabilita-politica-degli-oltre-8-000-morti-nel-semestre-2020-2021-in-veneto\\\/#primaryimage\"},\"thumbnailUrl\":\"https:\\\/\\\/www.bellunopress.it\\\/wp-content\\\/uploads\\\/2021\\\/05\\\/diretta-Zaia.jpg\",\"articleSection\":[\"Cronaca\\\/Politica\",\"Featured\",\"Gli speciali di Bellunopress\",\"Prima Pagina\",\"Sanit\u00e0 Medicina\"],\"inLanguage\":\"fr-FR\"},{\"@type\":\"WebPage\",\"@id\":\"https:\\\/\\\/www.bellunopress.it\\\/2021\\\/05\\\/03\\\/covid-19-chi-ha-la-responsabilita-politica-degli-oltre-8-000-morti-nel-semestre-2020-2021-in-veneto\\\/\",\"url\":\"https:\\\/\\\/www.bellunopress.it\\\/2021\\\/05\\\/03\\\/covid-19-chi-ha-la-responsabilita-politica-degli-oltre-8-000-morti-nel-semestre-2020-2021-in-veneto\\\/\",\"name\":\"Covid 19. Chi ha la responsabilit\u00e0 politica degli oltre 8.000 morti nel semestre 2020\\\/2021 in Veneto? - Bellunopress - Dolomiti\",\"isPartOf\":{\"@id\":\"https:\\\/\\\/www.bellunopress.it\\\/#website\"},\"primaryImageOfPage\":{\"@id\":\"https:\\\/\\\/www.bellunopress.it\\\/2021\\\/05\\\/03\\\/covid-19-chi-ha-la-responsabilita-politica-degli-oltre-8-000-morti-nel-semestre-2020-2021-in-veneto\\\/#primaryimage\"},\"image\":{\"@id\":\"https:\\\/\\\/www.bellunopress.it\\\/2021\\\/05\\\/03\\\/covid-19-chi-ha-la-responsabilita-politica-degli-oltre-8-000-morti-nel-semestre-2020-2021-in-veneto\\\/#primaryimage\"},\"thumbnailUrl\":\"https:\\\/\\\/www.bellunopress.it\\\/wp-content\\\/uploads\\\/2021\\\/05\\\/diretta-Zaia.jpg\",\"datePublished\":\"2021-05-03T12:08:03+00:00\",\"dateModified\":\"2021-05-04T18:17:58+00:00\",\"breadcrumb\":{\"@id\":\"https:\\\/\\\/www.bellunopress.it\\\/2021\\\/05\\\/03\\\/covid-19-chi-ha-la-responsabilita-politica-degli-oltre-8-000-morti-nel-semestre-2020-2021-in-veneto\\\/#breadcrumb\"},\"inLanguage\":\"fr-FR\",\"potentialAction\":[{\"@type\":\"ReadAction\",\"target\":[\"https:\\\/\\\/www.bellunopress.it\\\/2021\\\/05\\\/03\\\/covid-19-chi-ha-la-responsabilita-politica-degli-oltre-8-000-morti-nel-semestre-2020-2021-in-veneto\\\/\"]}]},{\"@type\":\"ImageObject\",\"inLanguage\":\"fr-FR\",\"@id\":\"https:\\\/\\\/www.bellunopress.it\\\/2021\\\/05\\\/03\\\/covid-19-chi-ha-la-responsabilita-politica-degli-oltre-8-000-morti-nel-semestre-2020-2021-in-veneto\\\/#primaryimage\",\"url\":\"https:\\\/\\\/www.bellunopress.it\\\/wp-content\\\/uploads\\\/2021\\\/05\\\/diretta-Zaia.jpg\",\"contentUrl\":\"https:\\\/\\\/www.bellunopress.it\\\/wp-content\\\/uploads\\\/2021\\\/05\\\/diretta-Zaia.jpg\",\"width\":341,\"height\":252},{\"@type\":\"BreadcrumbList\",\"@id\":\"https:\\\/\\\/www.bellunopress.it\\\/2021\\\/05\\\/03\\\/covid-19-chi-ha-la-responsabilita-politica-degli-oltre-8-000-morti-nel-semestre-2020-2021-in-veneto\\\/#breadcrumb\",\"itemListElement\":[{\"@type\":\"ListItem\",\"position\":1,\"name\":\"Home\",\"item\":\"https:\\\/\\\/www.bellunopress.it\\\/\"},{\"@type\":\"ListItem\",\"position\":2,\"name\":\"Covid 19. Chi ha la responsabilit\u00e0 politica degli oltre 8.000 morti nel semestre 2020\\\/2021 in Veneto?\"}]},{\"@type\":\"WebSite\",\"@id\":\"https:\\\/\\\/www.bellunopress.it\\\/#website\",\"url\":\"https:\\\/\\\/www.bellunopress.it\\\/\",\"name\":\"Bellunopress - Dolomiti\",\"description\":\"e-mail: redazione@bellunopress.it\",\"publisher\":{\"@id\":\"https:\\\/\\\/www.bellunopress.it\\\/#organization\"},\"potentialAction\":[{\"@type\":\"SearchAction\",\"target\":{\"@type\":\"EntryPoint\",\"urlTemplate\":\"https:\\\/\\\/www.bellunopress.it\\\/?s={search_term_string}\"},\"query-input\":{\"@type\":\"PropertyValueSpecification\",\"valueRequired\":true,\"valueName\":\"search_term_string\"}}],\"inLanguage\":\"fr-FR\"},{\"@type\":\"Organization\",\"@id\":\"https:\\\/\\\/www.bellunopress.it\\\/#organization\",\"name\":\"Bellunopress\",\"url\":\"https:\\\/\\\/www.bellunopress.it\\\/\",\"logo\":{\"@type\":\"ImageObject\",\"inLanguage\":\"fr-FR\",\"@id\":\"https:\\\/\\\/www.bellunopress.it\\\/#\\\/schema\\\/logo\\\/image\\\/\",\"url\":\"https:\\\/\\\/www.bellunopress.it\\\/wp-content\\\/uploads\\\/2011\\\/05\\\/cropped-logo-bellunopress-.jpg\",\"contentUrl\":\"https:\\\/\\\/www.bellunopress.it\\\/wp-content\\\/uploads\\\/2011\\\/05\\\/cropped-logo-bellunopress-.jpg\",\"width\":512,\"height\":512,\"caption\":\"Bellunopress\"},\"image\":{\"@id\":\"https:\\\/\\\/www.bellunopress.it\\\/#\\\/schema\\\/logo\\\/image\\\/\"},\"sameAs\":[\"https:\\\/\\\/www.facebook.com\\\/profile.php?id=100008943462799\",\"https:\\\/\\\/x.com\\\/bellunopress\",\"https:\\\/\\\/www.linkedin.com\\\/hp\\\/?dnr=JBzUWaJfMUw8vbXJJ2tVW5-I3jZKvC4wsoxE&amp;amp;amp;amp;amp;amp;trk=nav_responsive_tab_home\",\"https:\\\/\\\/www.youtube.com\\\/channel\\\/UCxL0wu1uN0_3_7hGG0306cw\"]},{\"@type\":\"Person\",\"@id\":\"https:\\\/\\\/www.bellunopress.it\\\/#\\\/schema\\\/person\\\/79bb06722b37ece1c03d3e94beb30d73\",\"name\":\"redazione\",\"image\":{\"@type\":\"ImageObject\",\"inLanguage\":\"fr-FR\",\"@id\":\"https:\\\/\\\/secure.gravatar.com\\\/avatar\\\/37d968a2e67a6fd04c169c4bdef102d0bc5d31b2546345219e348575eb80e9a0?s=96&d=mm&r=g\",\"url\":\"https:\\\/\\\/secure.gravatar.com\\\/avatar\\\/37d968a2e67a6fd04c169c4bdef102d0bc5d31b2546345219e348575eb80e9a0?s=96&d=mm&r=g\",\"contentUrl\":\"https:\\\/\\\/secure.gravatar.com\\\/avatar\\\/37d968a2e67a6fd04c169c4bdef102d0bc5d31b2546345219e348575eb80e9a0?s=96&d=mm&r=g\",\"caption\":\"redazione\"},\"sameAs\":[\"http:\\\/\\\/www.bellunopress.it\",\"https:\\\/\\\/x.com\\\/bellunopress\"],\"url\":\"https:\\\/\\\/www.bellunopress.it\\\/fr\\\/author\\\/redazione\\\/\"}]}<\/script>\n<!-- \/ Yoast SEO plugin. -->","yoast_head_json":{"title":"Covid 19. Chi ha la responsabilit\u00e0 politica degli oltre 8.000 morti nel semestre 2020\/2021 in Veneto? - Bellunopress - Dolomiti","robots":{"index":"index","follow":"follow","max-snippet":"max-snippet:-1","max-image-preview":"max-image-preview:large","max-video-preview":"max-video-preview:-1"},"canonical":"https:\/\/www.bellunopress.it\/fr\/2021\/05\/03\/covid-19-chi-ha-la-responsabilita-politica-degli-oltre-8-000-morti-nel-semestre-2020-2021-in-veneto\/","og_locale":"fr_FR","og_type":"article","og_title":"Covid 19. Chi ha la responsabilit\u00e0 politica degli oltre 8.000 morti nel semestre 2020\/2021 in Veneto? - Bellunopress - Dolomiti","og_description":"Il modello della sanit\u00e0 veneta venne elaborato e realizzato a partire dal 1975, Luca Zaia lo ha ereditato e negli ultimi dieci anni \u00e8 semplicemente peggiorato. \u00a0\u00a0\u00a0 Il reportage giornalistico curato da Report, trasmissione d\u2019inchiesta di Rai 3, aveva lo scopo di far capire perch\u00e9 la sanit\u00e0 veneta in tempo di Covid era risultata vincente [&hellip;]","og_url":"https:\/\/www.bellunopress.it\/fr\/2021\/05\/03\/covid-19-chi-ha-la-responsabilita-politica-degli-oltre-8-000-morti-nel-semestre-2020-2021-in-veneto\/","og_site_name":"Bellunopress - Dolomiti","article_publisher":"https:\/\/www.facebook.com\/profile.php?id=100008943462799","article_published_time":"2021-05-03T12:08:03+00:00","article_modified_time":"2021-05-04T18:17:58+00:00","og_image":[{"width":341,"height":252,"url":"https:\/\/www.bellunopress.it\/wp-content\/uploads\/2021\/05\/diretta-Zaia.jpg","type":"image\/jpeg"}],"author":"redazione","twitter_card":"summary_large_image","twitter_creator":"@bellunopress","twitter_site":"@bellunopress","twitter_misc":{"\u00c9crit par":"redazione","Dur\u00e9e de lecture estim\u00e9e":"5 minutes"},"schema":{"@context":"https:\/\/schema.org","@graph":[{"@type":"Article","@id":"https:\/\/www.bellunopress.it\/2021\/05\/03\/covid-19-chi-ha-la-responsabilita-politica-degli-oltre-8-000-morti-nel-semestre-2020-2021-in-veneto\/#article","isPartOf":{"@id":"https:\/\/www.bellunopress.it\/2021\/05\/03\/covid-19-chi-ha-la-responsabilita-politica-degli-oltre-8-000-morti-nel-semestre-2020-2021-in-veneto\/"},"author":{"name":"redazione","@id":"https:\/\/www.bellunopress.it\/#\/schema\/person\/79bb06722b37ece1c03d3e94beb30d73"},"headline":"Covid 19. Chi ha la responsabilit\u00e0 politica degli oltre 8.000 morti nel semestre 2020\/2021 in Veneto?","datePublished":"2021-05-03T12:08:03+00:00","dateModified":"2021-05-04T18:17:58+00:00","mainEntityOfPage":{"@id":"https:\/\/www.bellunopress.it\/2021\/05\/03\/covid-19-chi-ha-la-responsabilita-politica-degli-oltre-8-000-morti-nel-semestre-2020-2021-in-veneto\/"},"wordCount":1034,"publisher":{"@id":"https:\/\/www.bellunopress.it\/#organization"},"image":{"@id":"https:\/\/www.bellunopress.it\/2021\/05\/03\/covid-19-chi-ha-la-responsabilita-politica-degli-oltre-8-000-morti-nel-semestre-2020-2021-in-veneto\/#primaryimage"},"thumbnailUrl":"https:\/\/www.bellunopress.it\/wp-content\/uploads\/2021\/05\/diretta-Zaia.jpg","articleSection":["Cronaca\/Politica","Featured","Gli speciali di Bellunopress","Prima Pagina","Sanit\u00e0 Medicina"],"inLanguage":"fr-FR"},{"@type":"WebPage","@id":"https:\/\/www.bellunopress.it\/2021\/05\/03\/covid-19-chi-ha-la-responsabilita-politica-degli-oltre-8-000-morti-nel-semestre-2020-2021-in-veneto\/","url":"https:\/\/www.bellunopress.it\/2021\/05\/03\/covid-19-chi-ha-la-responsabilita-politica-degli-oltre-8-000-morti-nel-semestre-2020-2021-in-veneto\/","name":"Covid 19. Chi ha la responsabilit\u00e0 politica degli oltre 8.000 morti nel semestre 2020\/2021 in Veneto? - Bellunopress - Dolomiti","isPartOf":{"@id":"https:\/\/www.bellunopress.it\/#website"},"primaryImageOfPage":{"@id":"https:\/\/www.bellunopress.it\/2021\/05\/03\/covid-19-chi-ha-la-responsabilita-politica-degli-oltre-8-000-morti-nel-semestre-2020-2021-in-veneto\/#primaryimage"},"image":{"@id":"https:\/\/www.bellunopress.it\/2021\/05\/03\/covid-19-chi-ha-la-responsabilita-politica-degli-oltre-8-000-morti-nel-semestre-2020-2021-in-veneto\/#primaryimage"},"thumbnailUrl":"https:\/\/www.bellunopress.it\/wp-content\/uploads\/2021\/05\/diretta-Zaia.jpg","datePublished":"2021-05-03T12:08:03+00:00","dateModified":"2021-05-04T18:17:58+00:00","breadcrumb":{"@id":"https:\/\/www.bellunopress.it\/2021\/05\/03\/covid-19-chi-ha-la-responsabilita-politica-degli-oltre-8-000-morti-nel-semestre-2020-2021-in-veneto\/#breadcrumb"},"inLanguage":"fr-FR","potentialAction":[{"@type":"ReadAction","target":["https:\/\/www.bellunopress.it\/2021\/05\/03\/covid-19-chi-ha-la-responsabilita-politica-degli-oltre-8-000-morti-nel-semestre-2020-2021-in-veneto\/"]}]},{"@type":"ImageObject","inLanguage":"fr-FR","@id":"https:\/\/www.bellunopress.it\/2021\/05\/03\/covid-19-chi-ha-la-responsabilita-politica-degli-oltre-8-000-morti-nel-semestre-2020-2021-in-veneto\/#primaryimage","url":"https:\/\/www.bellunopress.it\/wp-content\/uploads\/2021\/05\/diretta-Zaia.jpg","contentUrl":"https:\/\/www.bellunopress.it\/wp-content\/uploads\/2021\/05\/diretta-Zaia.jpg","width":341,"height":252},{"@type":"BreadcrumbList","@id":"https:\/\/www.bellunopress.it\/2021\/05\/03\/covid-19-chi-ha-la-responsabilita-politica-degli-oltre-8-000-morti-nel-semestre-2020-2021-in-veneto\/#breadcrumb","itemListElement":[{"@type":"ListItem","position":1,"name":"Home","item":"https:\/\/www.bellunopress.it\/"},{"@type":"ListItem","position":2,"name":"Covid 19. Chi ha la responsabilit\u00e0 politica degli oltre 8.000 morti nel semestre 2020\/2021 in Veneto?"}]},{"@type":"WebSite","@id":"https:\/\/www.bellunopress.it\/#website","url":"https:\/\/www.bellunopress.it\/","name":"Bellunopress - Dolomiti","description":"e-mail: redazione@bellunopress.it","publisher":{"@id":"https:\/\/www.bellunopress.it\/#organization"},"potentialAction":[{"@type":"SearchAction","target":{"@type":"EntryPoint","urlTemplate":"https:\/\/www.bellunopress.it\/?s={search_term_string}"},"query-input":{"@type":"PropertyValueSpecification","valueRequired":true,"valueName":"search_term_string"}}],"inLanguage":"fr-FR"},{"@type":"Organization","@id":"https:\/\/www.bellunopress.it\/#organization","name":"Bellunopress","url":"https:\/\/www.bellunopress.it\/","logo":{"@type":"ImageObject","inLanguage":"fr-FR","@id":"https:\/\/www.bellunopress.it\/#\/schema\/logo\/image\/","url":"https:\/\/www.bellunopress.it\/wp-content\/uploads\/2011\/05\/cropped-logo-bellunopress-.jpg","contentUrl":"https:\/\/www.bellunopress.it\/wp-content\/uploads\/2011\/05\/cropped-logo-bellunopress-.jpg","width":512,"height":512,"caption":"Bellunopress"},"image":{"@id":"https:\/\/www.bellunopress.it\/#\/schema\/logo\/image\/"},"sameAs":["https:\/\/www.facebook.com\/profile.php?id=100008943462799","https:\/\/x.com\/bellunopress","https:\/\/www.linkedin.com\/hp\/?dnr=JBzUWaJfMUw8vbXJJ2tVW5-I3jZKvC4wsoxE&amp;amp;amp;amp;amp;amp;trk=nav_responsive_tab_home","https:\/\/www.youtube.com\/channel\/UCxL0wu1uN0_3_7hGG0306cw"]},{"@type":"Person","@id":"https:\/\/www.bellunopress.it\/#\/schema\/person\/79bb06722b37ece1c03d3e94beb30d73","name":"r\u00e9daction","image":{"@type":"ImageObject","inLanguage":"fr-FR","@id":"https:\/\/secure.gravatar.com\/avatar\/37d968a2e67a6fd04c169c4bdef102d0bc5d31b2546345219e348575eb80e9a0?s=96&d=mm&r=g","url":"https:\/\/secure.gravatar.com\/avatar\/37d968a2e67a6fd04c169c4bdef102d0bc5d31b2546345219e348575eb80e9a0?s=96&d=mm&r=g","contentUrl":"https:\/\/secure.gravatar.com\/avatar\/37d968a2e67a6fd04c169c4bdef102d0bc5d31b2546345219e348575eb80e9a0?s=96&d=mm&r=g","caption":"redazione"},"sameAs":["http:\/\/www.bellunopress.it","https:\/\/x.com\/bellunopress"],"url":"https:\/\/www.bellunopress.it\/fr\/author\/redazione\/"}]}},"_links":{"self":[{"href":"https:\/\/www.bellunopress.it\/fr\/wp-json\/wp\/v2\/posts\/124006","targetHints":{"allow":["GET"]}}],"collection":[{"href":"https:\/\/www.bellunopress.it\/fr\/wp-json\/wp\/v2\/posts"}],"about":[{"href":"https:\/\/www.bellunopress.it\/fr\/wp-json\/wp\/v2\/types\/post"}],"author":[{"embeddable":true,"href":"https:\/\/www.bellunopress.it\/fr\/wp-json\/wp\/v2\/users\/2"}],"replies":[{"embeddable":true,"href":"https:\/\/www.bellunopress.it\/fr\/wp-json\/wp\/v2\/comments?post=124006"}],"version-history":[{"count":3,"href":"https:\/\/www.bellunopress.it\/fr\/wp-json\/wp\/v2\/posts\/124006\/revisions"}],"predecessor-version":[{"id":124066,"href":"https:\/\/www.bellunopress.it\/fr\/wp-json\/wp\/v2\/posts\/124006\/revisions\/124066"}],"wp:featuredmedia":[{"embeddable":true,"href":"https:\/\/www.bellunopress.it\/fr\/wp-json\/wp\/v2\/media\/124009"}],"wp:attachment":[{"href":"https:\/\/www.bellunopress.it\/fr\/wp-json\/wp\/v2\/media?parent=124006"}],"wp:term":[{"taxonomy":"category","embeddable":true,"href":"https:\/\/www.bellunopress.it\/fr\/wp-json\/wp\/v2\/categories?post=124006"},{"taxonomy":"post_tag","embeddable":true,"href":"https:\/\/www.bellunopress.it\/fr\/wp-json\/wp\/v2\/tags?post=124006"}],"curies":[{"name":"wp","href":"https:\/\/api.w.org\/{rel}","templated":true}]}}