{"id":124004,"date":"2021-05-03T13:25:32","date_gmt":"2021-05-03T11:25:32","guid":{"rendered":"https:\/\/www.bellunopress.it\/?p=124004"},"modified":"2021-05-03T13:25:32","modified_gmt":"2021-05-03T11:25:32","slug":"conto-alla-rovescia-per-il-36mo-rally-bellunese","status":"publish","type":"post","link":"https:\/\/www.bellunopress.it\/fr\/2021\/05\/03\/conto-alla-rovescia-per-il-36mo-rally-bellunese\/","title":{"rendered":"Conto alla rovescia per il 36mo Rally Bellunese"},"content":{"rendered":"<p><a href=\"https:\/\/www.bellunopress.it\/fr\/2021\/03\/22\/posticipato-al-22-e-23-maggio-2021-il-36rally-bellunese\/rally-bellunese_edited-2\/\" rel=\"attachment wp-att-122613\"><img loading=\"lazy\" decoding=\"async\" class=\"alignleft size-full wp-image-122613\" src=\"https:\/\/www.bellunopress.it\/wp-content\/uploads\/2021\/03\/Rally-Bellunese_edited.jpg\" alt=\"\" width=\"1000\" height=\"644\" srcset=\"https:\/\/www.bellunopress.it\/wp-content\/uploads\/2021\/03\/Rally-Bellunese_edited.jpg 1000w, https:\/\/www.bellunopress.it\/wp-content\/uploads\/2021\/03\/Rally-Bellunese_edited-500x322.jpg 500w, https:\/\/www.bellunopress.it\/wp-content\/uploads\/2021\/03\/Rally-Bellunese_edited-696x448.jpg 696w, https:\/\/www.bellunopress.it\/wp-content\/uploads\/2021\/03\/Rally-Bellunese_edited-652x420.jpg 652w\" sizes=\"auto, (max-width: 1000px) 100vw, 1000px\" \/><\/a>Il 36\u00b0 Rally Bellunese \u00e8 ormai alle porte. Fra 20 giorni, il 22 e 23 maggio, la manifestazione d\u2019apertura della Coppa Rally 4^ Zona 2021 entrer\u00e0 nel vivo animando di colori, luci e rombi i paesaggi della Val Belluna e della Pedemontana bellunese che saranno teatro delle avvincenti sfide fra gli equipaggi protagonisti della corsa organizzata da Asd Tre Cime Promotor.<br \/>\nPi\u00f9 si avvicina il momento dell\u2019atteso \u201csemaforo verde\u201d, pi\u00f9 sale il fermento fra gli addetti<br \/>\nai lavori che vedono nel 36\u00b0 Rally Bellunese una sorta di corsa-simbolo della ripartenza<br \/>\nper l\u2019intero movimento rallistico di base dopo le pesanti difficolt\u00e0 conseguenti al<br \/>\nmaltempo di VAIA 2018 e alla pandemia da Covid-19. Da una parte il gruppo organizzatore,<br \/>\nguidato da Achille \u201cBrik\u201d Selvestrel e composto da sportivi appassionati e competenti, \u00e8<br \/>\npi\u00f9 che mai impegnato a definire nei mini particolari una competizione di spessore e<br \/>\nrichiamo che tenga fede alla grande tradizione, quasi cinquantennale, del Rally Bellunese.<br \/>\nDall\u2019altra il laborioso universo formato da piloti, navigatori, noleggiatori, meccanici e<br \/>\nscuderie, tutti pi\u00f9 che mai smaniosi di ritornare sul campo di gara per praticare, in<br \/>\nassoluta sicurezza, lo sport che amano.<br \/>\nNon \u00e8 ancora il momento di sbilanciarsi sui nomi dei possibili protagonisti, ma \u00e8 certo che<br \/>\nanche in questa trentaseiesima edizione non mancheranno equipaggi e vetture che hanno<br \/>\nscritto belle pagine di storia dei rally. A breve, tra l\u2019altro, dovrebbe venire ufficializzata la<br \/>\npresenza in gara anche di almeno un paio di concorrenti stranieri. Una significativa novit\u00e0<br \/>\nche regaler\u00e0 al Rally Bellunese un tocco di internazionalit\u00e0 in pi\u00f9, che d\u00e0 ulteriore<br \/>\nriscontro positivo all\u2019enorme impegno profuso da Asd Tre Cime Promotor.<br \/>\nOltre che per la Coppa Rally di zona, il 36\u00b0 Rally Bellunese avr\u00e0 validit\u00e0 per la serie R Italian<br \/>\nTrophy, istituita dalla Sport Team Equipment Srl e destinata alle vetture delle classi R5,<br \/>\nRGT, R4, R4Kit, R3C \u2013 R3D \u2013 R3T \u2013 R2B \u2013 R2C; per il Trofeo Michelin Zone Rally Cup; per il<br \/>\nTrofeo Rally Automobile Club Vicenza 2021, promosso dalla Scuderia Palladio Historic e<br \/>\ndestinato ai licenziati ACI Sport soci dell\u2019ACI di Vicenza, provincia di grandi tradizioni<br \/>\nmotoristiche e di altrettanto grandi rallisti. Accanto ad un crescente numero di sponsor<br \/>\nche hanno creduto nel valore promozionale dell\u2019evento sportivo, \u00e8 stato definito il<br \/>\nconsistente novero di enti patrocinatori della corsa: Automobile club di Belluno e Vicenza,<br \/>\nSezione di Belluno del CONI, Regione Veneto, Provincia di Belluno, Comuni di Belluno,<br \/>\nSanta Giustina, Limana, Sedico, Cesiomaggiore e Borgo Valbelluna; e non vanno<br \/>\ndimenticate le collaborazioni prestate da Dolomiti Racing Motorsport, Turismo Regione<br \/>\ndel Veneto, Consorzio Turistico Dolomiti Prealpi.<br \/>\nDefinito, con l\u2019approvazione di ACI Sport del Regolamento Particolare di Gara, anche il<br \/>\nprogramma ufficiale del rally. La distribuzione dei road book si terr\u00e0, al Centro<br \/>\nparrocchiale di Lentiai di Borgo Valbelluna, venerd\u00ec 21 maggio dalle 7.00 alle 12.30 e dalle<br \/>\n18.00 alle 21.00. Le ricognizioni sul tracciato di gara saranno possibili venerd\u00ec 21 maggio,<br \/>\ndalle 8.30 alle 12.30 e dalle 14.00 alle 18.00. La prima riunione del Collegio dei Commissari<br \/>\nSportivi \u00e8 programmata alle 20.00 di venerd\u00ec 21 maggio in Direzione gara. Il Centro<br \/>\naccrediti e triage, con misurazione temperature, ritiro autocertificazioni e consegna<br \/>\nmateriale gara, funzioner\u00e0 al Centro parrocchiale di Lentiai dalle 18.00 alle 21.00 di<br \/>\nvenerd\u00ec 21 maggio e dalle 7.30 alle 16.30 di sabato 22 maggio in zona industriale di Lentiai<br \/>\ncon accesso ad orari regolamentati.<br \/>\nLo shakedown \u00e8 previsto sabato 22 maggio, dalle 14.30 alle 18.30, mentre il briefing<br \/>\ncartaceo del Direttore di gara sar\u00e0 distribuito dall\u2019Addetto ai concorrenti, al Centro<br \/>\nparrocchiale, nella giornata di sabato 22 maggio. La pubblicazione dell\u2019elenco ammessi<br \/>\nalla partenza, sull\u2019Albo ufficiale di gara online, avverr\u00e0 alle 20.00 di sabato 22 maggio. La<br \/>\ngara scatter\u00e0 alle 8.30 di domenica 23 maggio dalla zona industriale di Lentiai; gli arrivi<br \/>\nsono previsti a partire dalle 17.00. La zona industriale di Lentiai ospiter\u00e0 anche i tre riordini<br \/>\ne il parco chiuso. La pubblicazione delle classifiche sull\u2019Albo di gara online \u00e8 fissata alle<br \/>\n19.30 di domenica 23 maggio.<\/p>","protected":false},"excerpt":{"rendered":"<p>Il 36\u00b0 Rally Bellunese \u00e8 ormai alle porte. Fra 20 giorni, il 22 e 23 maggio, la manifestazione d\u2019apertura della Coppa Rally 4^ Zona 2021 entrer\u00e0 nel vivo animando di colori, luci e rombi i paesaggi della Val Belluna e della Pedemontana bellunese che saranno teatro delle avvincenti sfide fra gli equipaggi protagonisti della corsa [&hellip;]<\/p>\n","protected":false},"author":2,"featured_media":122613,"comment_status":"closed","ping_status":"open","sticky":false,"template":"","format":"standard","meta":{"footnotes":""},"categories":[25,4],"tags":[],"class_list":["post-124004","post","type-post","status-publish","format-standard","has-post-thumbnail","category-pausa-caffe","category-sport"],"yoast_head":"<!-- This site is optimized with the Yoast SEO plugin v28.4 - https:\/\/yoast.com\/product\/yoast-seo-wordpress\/ -->\n<title>Conto alla rovescia per il 36mo Rally Bellunese - Bellunopress - Dolomiti<\/title>\n<meta name=\"robots\" content=\"index, follow, max-snippet:-1, max-image-preview:large, max-video-preview:-1\" \/>\n<link rel=\"canonical\" href=\"https:\/\/www.bellunopress.it\/fr\/2021\/05\/03\/conto-alla-rovescia-per-il-36mo-rally-bellunese\/\" \/>\n<meta property=\"og:locale\" content=\"fr_FR\" \/>\n<meta property=\"og:type\" content=\"article\" \/>\n<meta property=\"og:title\" content=\"Conto alla rovescia per il 36mo Rally Bellunese - Bellunopress - Dolomiti\" \/>\n<meta property=\"og:description\" content=\"Il 36\u00b0 Rally Bellunese \u00e8 ormai alle porte. Fra 20 giorni, il 22 e 23 maggio, la manifestazione d\u2019apertura della Coppa Rally 4^ Zona 2021 entrer\u00e0 nel vivo animando di colori, luci e rombi i paesaggi della Val Belluna e della Pedemontana bellunese che saranno teatro delle avvincenti sfide fra gli equipaggi protagonisti della corsa [&hellip;]\" \/>\n<meta property=\"og:url\" content=\"https:\/\/www.bellunopress.it\/fr\/2021\/05\/03\/conto-alla-rovescia-per-il-36mo-rally-bellunese\/\" \/>\n<meta property=\"og:site_name\" content=\"Bellunopress - Dolomiti\" \/>\n<meta property=\"article:publisher\" content=\"https:\/\/www.facebook.com\/profile.php?id=100008943462799\" \/>\n<meta property=\"article:published_time\" content=\"2021-05-03T11:25:32+00:00\" \/>\n<meta property=\"og:image\" content=\"https:\/\/www.bellunopress.it\/wp-content\/uploads\/2021\/03\/Rally-Bellunese_edited.jpg\" \/>\n\t<meta property=\"og:image:width\" content=\"1000\" \/>\n\t<meta property=\"og:image:height\" content=\"644\" \/>\n\t<meta property=\"og:image:type\" content=\"image\/jpeg\" \/>\n<meta name=\"author\" content=\"redazione\" \/>\n<meta name=\"twitter:card\" content=\"summary_large_image\" \/>\n<meta name=\"twitter:creator\" content=\"@bellunopress\" \/>\n<meta name=\"twitter:site\" content=\"@bellunopress\" \/>\n<meta name=\"twitter:label1\" content=\"\u00c9crit par\" \/>\n\t<meta name=\"twitter:data1\" content=\"redazione\" \/>\n\t<meta name=\"twitter:label2\" content=\"Dur\u00e9e de lecture estim\u00e9e\" \/>\n\t<meta name=\"twitter:data2\" content=\"4 minutes\" \/>\n<script type=\"application\/ld+json\" class=\"yoast-schema-graph\">{\"@context\":\"https:\\\/\\\/schema.org\",\"@graph\":[{\"@type\":\"Article\",\"@id\":\"https:\\\/\\\/www.bellunopress.it\\\/2021\\\/05\\\/03\\\/conto-alla-rovescia-per-il-36mo-rally-bellunese\\\/#article\",\"isPartOf\":{\"@id\":\"https:\\\/\\\/www.bellunopress.it\\\/2021\\\/05\\\/03\\\/conto-alla-rovescia-per-il-36mo-rally-bellunese\\\/\"},\"author\":{\"name\":\"redazione\",\"@id\":\"https:\\\/\\\/www.bellunopress.it\\\/#\\\/schema\\\/person\\\/79bb06722b37ece1c03d3e94beb30d73\"},\"headline\":\"Conto alla rovescia per il 36mo Rally Bellunese\",\"datePublished\":\"2021-05-03T11:25:32+00:00\",\"mainEntityOfPage\":{\"@id\":\"https:\\\/\\\/www.bellunopress.it\\\/2021\\\/05\\\/03\\\/conto-alla-rovescia-per-il-36mo-rally-bellunese\\\/\"},\"wordCount\":635,\"publisher\":{\"@id\":\"https:\\\/\\\/www.bellunopress.it\\\/#organization\"},\"image\":{\"@id\":\"https:\\\/\\\/www.bellunopress.it\\\/2021\\\/05\\\/03\\\/conto-alla-rovescia-per-il-36mo-rally-bellunese\\\/#primaryimage\"},\"thumbnailUrl\":\"https:\\\/\\\/www.bellunopress.it\\\/wp-content\\\/uploads\\\/2021\\\/03\\\/Rally-Bellunese_edited.jpg\",\"articleSection\":[\"Pausa Caff\u00e8\",\"Sport, tempo libero\"],\"inLanguage\":\"fr-FR\"},{\"@type\":\"WebPage\",\"@id\":\"https:\\\/\\\/www.bellunopress.it\\\/2021\\\/05\\\/03\\\/conto-alla-rovescia-per-il-36mo-rally-bellunese\\\/\",\"url\":\"https:\\\/\\\/www.bellunopress.it\\\/2021\\\/05\\\/03\\\/conto-alla-rovescia-per-il-36mo-rally-bellunese\\\/\",\"name\":\"Conto alla rovescia per il 36mo Rally Bellunese - Bellunopress - Dolomiti\",\"isPartOf\":{\"@id\":\"https:\\\/\\\/www.bellunopress.it\\\/#website\"},\"primaryImageOfPage\":{\"@id\":\"https:\\\/\\\/www.bellunopress.it\\\/2021\\\/05\\\/03\\\/conto-alla-rovescia-per-il-36mo-rally-bellunese\\\/#primaryimage\"},\"image\":{\"@id\":\"https:\\\/\\\/www.bellunopress.it\\\/2021\\\/05\\\/03\\\/conto-alla-rovescia-per-il-36mo-rally-bellunese\\\/#primaryimage\"},\"thumbnailUrl\":\"https:\\\/\\\/www.bellunopress.it\\\/wp-content\\\/uploads\\\/2021\\\/03\\\/Rally-Bellunese_edited.jpg\",\"datePublished\":\"2021-05-03T11:25:32+00:00\",\"breadcrumb\":{\"@id\":\"https:\\\/\\\/www.bellunopress.it\\\/2021\\\/05\\\/03\\\/conto-alla-rovescia-per-il-36mo-rally-bellunese\\\/#breadcrumb\"},\"inLanguage\":\"fr-FR\",\"potentialAction\":[{\"@type\":\"ReadAction\",\"target\":[\"https:\\\/\\\/www.bellunopress.it\\\/2021\\\/05\\\/03\\\/conto-alla-rovescia-per-il-36mo-rally-bellunese\\\/\"]}]},{\"@type\":\"ImageObject\",\"inLanguage\":\"fr-FR\",\"@id\":\"https:\\\/\\\/www.bellunopress.it\\\/2021\\\/05\\\/03\\\/conto-alla-rovescia-per-il-36mo-rally-bellunese\\\/#primaryimage\",\"url\":\"https:\\\/\\\/www.bellunopress.it\\\/wp-content\\\/uploads\\\/2021\\\/03\\\/Rally-Bellunese_edited.jpg\",\"contentUrl\":\"https:\\\/\\\/www.bellunopress.it\\\/wp-content\\\/uploads\\\/2021\\\/03\\\/Rally-Bellunese_edited.jpg\",\"width\":1000,\"height\":644},{\"@type\":\"BreadcrumbList\",\"@id\":\"https:\\\/\\\/www.bellunopress.it\\\/2021\\\/05\\\/03\\\/conto-alla-rovescia-per-il-36mo-rally-bellunese\\\/#breadcrumb\",\"itemListElement\":[{\"@type\":\"ListItem\",\"position\":1,\"name\":\"Home\",\"item\":\"https:\\\/\\\/www.bellunopress.it\\\/\"},{\"@type\":\"ListItem\",\"position\":2,\"name\":\"Conto alla rovescia per il 36mo Rally Bellunese\"}]},{\"@type\":\"WebSite\",\"@id\":\"https:\\\/\\\/www.bellunopress.it\\\/#website\",\"url\":\"https:\\\/\\\/www.bellunopress.it\\\/\",\"name\":\"Bellunopress - Dolomiti\",\"description\":\"e-mail: redazione@bellunopress.it\",\"publisher\":{\"@id\":\"https:\\\/\\\/www.bellunopress.it\\\/#organization\"},\"potentialAction\":[{\"@type\":\"SearchAction\",\"target\":{\"@type\":\"EntryPoint\",\"urlTemplate\":\"https:\\\/\\\/www.bellunopress.it\\\/?s={search_term_string}\"},\"query-input\":{\"@type\":\"PropertyValueSpecification\",\"valueRequired\":true,\"valueName\":\"search_term_string\"}}],\"inLanguage\":\"fr-FR\"},{\"@type\":\"Organization\",\"@id\":\"https:\\\/\\\/www.bellunopress.it\\\/#organization\",\"name\":\"Bellunopress\",\"url\":\"https:\\\/\\\/www.bellunopress.it\\\/\",\"logo\":{\"@type\":\"ImageObject\",\"inLanguage\":\"fr-FR\",\"@id\":\"https:\\\/\\\/www.bellunopress.it\\\/#\\\/schema\\\/logo\\\/image\\\/\",\"url\":\"https:\\\/\\\/www.bellunopress.it\\\/wp-content\\\/uploads\\\/2011\\\/05\\\/cropped-logo-bellunopress-.jpg\",\"contentUrl\":\"https:\\\/\\\/www.bellunopress.it\\\/wp-content\\\/uploads\\\/2011\\\/05\\\/cropped-logo-bellunopress-.jpg\",\"width\":512,\"height\":512,\"caption\":\"Bellunopress\"},\"image\":{\"@id\":\"https:\\\/\\\/www.bellunopress.it\\\/#\\\/schema\\\/logo\\\/image\\\/\"},\"sameAs\":[\"https:\\\/\\\/www.facebook.com\\\/profile.php?id=100008943462799\",\"https:\\\/\\\/x.com\\\/bellunopress\",\"https:\\\/\\\/www.linkedin.com\\\/hp\\\/?dnr=JBzUWaJfMUw8vbXJJ2tVW5-I3jZKvC4wsoxE&amp;amp;amp;amp;amp;amp;trk=nav_responsive_tab_home\",\"https:\\\/\\\/www.youtube.com\\\/channel\\\/UCxL0wu1uN0_3_7hGG0306cw\"]},{\"@type\":\"Person\",\"@id\":\"https:\\\/\\\/www.bellunopress.it\\\/#\\\/schema\\\/person\\\/79bb06722b37ece1c03d3e94beb30d73\",\"name\":\"redazione\",\"image\":{\"@type\":\"ImageObject\",\"inLanguage\":\"fr-FR\",\"@id\":\"https:\\\/\\\/secure.gravatar.com\\\/avatar\\\/37d968a2e67a6fd04c169c4bdef102d0bc5d31b2546345219e348575eb80e9a0?s=96&d=mm&r=g\",\"url\":\"https:\\\/\\\/secure.gravatar.com\\\/avatar\\\/37d968a2e67a6fd04c169c4bdef102d0bc5d31b2546345219e348575eb80e9a0?s=96&d=mm&r=g\",\"contentUrl\":\"https:\\\/\\\/secure.gravatar.com\\\/avatar\\\/37d968a2e67a6fd04c169c4bdef102d0bc5d31b2546345219e348575eb80e9a0?s=96&d=mm&r=g\",\"caption\":\"redazione\"},\"sameAs\":[\"http:\\\/\\\/www.bellunopress.it\",\"https:\\\/\\\/x.com\\\/bellunopress\"],\"url\":\"https:\\\/\\\/www.bellunopress.it\\\/fr\\\/author\\\/redazione\\\/\"}]}<\/script>\n<!-- \/ Yoast SEO plugin. -->","yoast_head_json":{"title":"Conto alla rovescia per il 36mo Rally Bellunese - Bellunopress - Dolomiti","robots":{"index":"index","follow":"follow","max-snippet":"max-snippet:-1","max-image-preview":"max-image-preview:large","max-video-preview":"max-video-preview:-1"},"canonical":"https:\/\/www.bellunopress.it\/fr\/2021\/05\/03\/conto-alla-rovescia-per-il-36mo-rally-bellunese\/","og_locale":"fr_FR","og_type":"article","og_title":"Conto alla rovescia per il 36mo Rally Bellunese - Bellunopress - Dolomiti","og_description":"Il 36\u00b0 Rally Bellunese \u00e8 ormai alle porte. Fra 20 giorni, il 22 e 23 maggio, la manifestazione d\u2019apertura della Coppa Rally 4^ Zona 2021 entrer\u00e0 nel vivo animando di colori, luci e rombi i paesaggi della Val Belluna e della Pedemontana bellunese che saranno teatro delle avvincenti sfide fra gli equipaggi protagonisti della corsa [&hellip;]","og_url":"https:\/\/www.bellunopress.it\/fr\/2021\/05\/03\/conto-alla-rovescia-per-il-36mo-rally-bellunese\/","og_site_name":"Bellunopress - Dolomiti","article_publisher":"https:\/\/www.facebook.com\/profile.php?id=100008943462799","article_published_time":"2021-05-03T11:25:32+00:00","og_image":[{"width":1000,"height":644,"url":"https:\/\/www.bellunopress.it\/wp-content\/uploads\/2021\/03\/Rally-Bellunese_edited.jpg","type":"image\/jpeg"}],"author":"redazione","twitter_card":"summary_large_image","twitter_creator":"@bellunopress","twitter_site":"@bellunopress","twitter_misc":{"\u00c9crit par":"redazione","Dur\u00e9e de lecture estim\u00e9e":"4 minutes"},"schema":{"@context":"https:\/\/schema.org","@graph":[{"@type":"Article","@id":"https:\/\/www.bellunopress.it\/2021\/05\/03\/conto-alla-rovescia-per-il-36mo-rally-bellunese\/#article","isPartOf":{"@id":"https:\/\/www.bellunopress.it\/2021\/05\/03\/conto-alla-rovescia-per-il-36mo-rally-bellunese\/"},"author":{"name":"redazione","@id":"https:\/\/www.bellunopress.it\/#\/schema\/person\/79bb06722b37ece1c03d3e94beb30d73"},"headline":"Conto alla rovescia per il 36mo Rally Bellunese","datePublished":"2021-05-03T11:25:32+00:00","mainEntityOfPage":{"@id":"https:\/\/www.bellunopress.it\/2021\/05\/03\/conto-alla-rovescia-per-il-36mo-rally-bellunese\/"},"wordCount":635,"publisher":{"@id":"https:\/\/www.bellunopress.it\/#organization"},"image":{"@id":"https:\/\/www.bellunopress.it\/2021\/05\/03\/conto-alla-rovescia-per-il-36mo-rally-bellunese\/#primaryimage"},"thumbnailUrl":"https:\/\/www.bellunopress.it\/wp-content\/uploads\/2021\/03\/Rally-Bellunese_edited.jpg","articleSection":["Pausa Caff\u00e8","Sport, tempo libero"],"inLanguage":"fr-FR"},{"@type":"WebPage","@id":"https:\/\/www.bellunopress.it\/2021\/05\/03\/conto-alla-rovescia-per-il-36mo-rally-bellunese\/","url":"https:\/\/www.bellunopress.it\/2021\/05\/03\/conto-alla-rovescia-per-il-36mo-rally-bellunese\/","name":"Conto alla rovescia per il 36mo Rally Bellunese - Bellunopress - Dolomiti","isPartOf":{"@id":"https:\/\/www.bellunopress.it\/#website"},"primaryImageOfPage":{"@id":"https:\/\/www.bellunopress.it\/2021\/05\/03\/conto-alla-rovescia-per-il-36mo-rally-bellunese\/#primaryimage"},"image":{"@id":"https:\/\/www.bellunopress.it\/2021\/05\/03\/conto-alla-rovescia-per-il-36mo-rally-bellunese\/#primaryimage"},"thumbnailUrl":"https:\/\/www.bellunopress.it\/wp-content\/uploads\/2021\/03\/Rally-Bellunese_edited.jpg","datePublished":"2021-05-03T11:25:32+00:00","breadcrumb":{"@id":"https:\/\/www.bellunopress.it\/2021\/05\/03\/conto-alla-rovescia-per-il-36mo-rally-bellunese\/#breadcrumb"},"inLanguage":"fr-FR","potentialAction":[{"@type":"ReadAction","target":["https:\/\/www.bellunopress.it\/2021\/05\/03\/conto-alla-rovescia-per-il-36mo-rally-bellunese\/"]}]},{"@type":"ImageObject","inLanguage":"fr-FR","@id":"https:\/\/www.bellunopress.it\/2021\/05\/03\/conto-alla-rovescia-per-il-36mo-rally-bellunese\/#primaryimage","url":"https:\/\/www.bellunopress.it\/wp-content\/uploads\/2021\/03\/Rally-Bellunese_edited.jpg","contentUrl":"https:\/\/www.bellunopress.it\/wp-content\/uploads\/2021\/03\/Rally-Bellunese_edited.jpg","width":1000,"height":644},{"@type":"BreadcrumbList","@id":"https:\/\/www.bellunopress.it\/2021\/05\/03\/conto-alla-rovescia-per-il-36mo-rally-bellunese\/#breadcrumb","itemListElement":[{"@type":"ListItem","position":1,"name":"Home","item":"https:\/\/www.bellunopress.it\/"},{"@type":"ListItem","position":2,"name":"Conto alla rovescia per il 36mo Rally Bellunese"}]},{"@type":"WebSite","@id":"https:\/\/www.bellunopress.it\/#website","url":"https:\/\/www.bellunopress.it\/","name":"Bellunopress - Dolomiti","description":"e-mail: redazione@bellunopress.it","publisher":{"@id":"https:\/\/www.bellunopress.it\/#organization"},"potentialAction":[{"@type":"SearchAction","target":{"@type":"EntryPoint","urlTemplate":"https:\/\/www.bellunopress.it\/?s={search_term_string}"},"query-input":{"@type":"PropertyValueSpecification","valueRequired":true,"valueName":"search_term_string"}}],"inLanguage":"fr-FR"},{"@type":"Organization","@id":"https:\/\/www.bellunopress.it\/#organization","name":"Bellunopress","url":"https:\/\/www.bellunopress.it\/","logo":{"@type":"ImageObject","inLanguage":"fr-FR","@id":"https:\/\/www.bellunopress.it\/#\/schema\/logo\/image\/","url":"https:\/\/www.bellunopress.it\/wp-content\/uploads\/2011\/05\/cropped-logo-bellunopress-.jpg","contentUrl":"https:\/\/www.bellunopress.it\/wp-content\/uploads\/2011\/05\/cropped-logo-bellunopress-.jpg","width":512,"height":512,"caption":"Bellunopress"},"image":{"@id":"https:\/\/www.bellunopress.it\/#\/schema\/logo\/image\/"},"sameAs":["https:\/\/www.facebook.com\/profile.php?id=100008943462799","https:\/\/x.com\/bellunopress","https:\/\/www.linkedin.com\/hp\/?dnr=JBzUWaJfMUw8vbXJJ2tVW5-I3jZKvC4wsoxE&amp;amp;amp;amp;amp;amp;trk=nav_responsive_tab_home","https:\/\/www.youtube.com\/channel\/UCxL0wu1uN0_3_7hGG0306cw"]},{"@type":"Person","@id":"https:\/\/www.bellunopress.it\/#\/schema\/person\/79bb06722b37ece1c03d3e94beb30d73","name":"r\u00e9daction","image":{"@type":"ImageObject","inLanguage":"fr-FR","@id":"https:\/\/secure.gravatar.com\/avatar\/37d968a2e67a6fd04c169c4bdef102d0bc5d31b2546345219e348575eb80e9a0?s=96&d=mm&r=g","url":"https:\/\/secure.gravatar.com\/avatar\/37d968a2e67a6fd04c169c4bdef102d0bc5d31b2546345219e348575eb80e9a0?s=96&d=mm&r=g","contentUrl":"https:\/\/secure.gravatar.com\/avatar\/37d968a2e67a6fd04c169c4bdef102d0bc5d31b2546345219e348575eb80e9a0?s=96&d=mm&r=g","caption":"redazione"},"sameAs":["http:\/\/www.bellunopress.it","https:\/\/x.com\/bellunopress"],"url":"https:\/\/www.bellunopress.it\/fr\/author\/redazione\/"}]}},"_links":{"self":[{"href":"https:\/\/www.bellunopress.it\/fr\/wp-json\/wp\/v2\/posts\/124004","targetHints":{"allow":["GET"]}}],"collection":[{"href":"https:\/\/www.bellunopress.it\/fr\/wp-json\/wp\/v2\/posts"}],"about":[{"href":"https:\/\/www.bellunopress.it\/fr\/wp-json\/wp\/v2\/types\/post"}],"author":[{"embeddable":true,"href":"https:\/\/www.bellunopress.it\/fr\/wp-json\/wp\/v2\/users\/2"}],"replies":[{"embeddable":true,"href":"https:\/\/www.bellunopress.it\/fr\/wp-json\/wp\/v2\/comments?post=124004"}],"version-history":[{"count":1,"href":"https:\/\/www.bellunopress.it\/fr\/wp-json\/wp\/v2\/posts\/124004\/revisions"}],"predecessor-version":[{"id":124005,"href":"https:\/\/www.bellunopress.it\/fr\/wp-json\/wp\/v2\/posts\/124004\/revisions\/124005"}],"wp:featuredmedia":[{"embeddable":true,"href":"https:\/\/www.bellunopress.it\/fr\/wp-json\/wp\/v2\/media\/122613"}],"wp:attachment":[{"href":"https:\/\/www.bellunopress.it\/fr\/wp-json\/wp\/v2\/media?parent=124004"}],"wp:term":[{"taxonomy":"category","embeddable":true,"href":"https:\/\/www.bellunopress.it\/fr\/wp-json\/wp\/v2\/categories?post=124004"},{"taxonomy":"post_tag","embeddable":true,"href":"https:\/\/www.bellunopress.it\/fr\/wp-json\/wp\/v2\/tags?post=124004"}],"curies":[{"name":"wp","href":"https:\/\/api.w.org\/{rel}","templated":true}]}}