{"id":123984,"date":"2021-05-02T21:44:55","date_gmt":"2021-05-02T19:44:55","guid":{"rendered":"https:\/\/www.bellunopress.it\/?p=123984"},"modified":"2021-05-02T22:19:48","modified_gmt":"2021-05-02T20:19:48","slug":"il-coordinamento-comitati-grande-idroelettrico-al-mite-per-portare-la-voce-dei-territori","status":"publish","type":"post","link":"https:\/\/www.bellunopress.it\/fr\/2021\/05\/02\/il-coordinamento-comitati-grande-idroelettrico-al-mite-per-portare-la-voce-dei-territori\/","title":{"rendered":"Il Coordinamento comitati \u201cGrande idroelettrico\u201d al MiTE per portare la voce dei territori"},"content":{"rendered":"<figure id=\"attachment_120872\" aria-describedby=\"caption-attachment-120872\" style=\"width: 1000px\" class=\"wp-caption alignleft\"><a href=\"https:\/\/www.bellunopress.it\/fr\/2021\/01\/14\/costituzione-del-coordinamento-per-il-grande-idroelettrico-dellarco-alpino\/alternatori-centrale-achille-gaggia-a-soverzene_edited\/\" rel=\"attachment wp-att-120872\"><img loading=\"lazy\" decoding=\"async\" class=\"size-full wp-image-120872\" src=\"https:\/\/www.bellunopress.it\/wp-content\/uploads\/2021\/01\/alternatori-centrale-achille-gaggia-a-soverzene_edited.jpg\" alt=\"\" width=\"1000\" height=\"750\" srcset=\"https:\/\/www.bellunopress.it\/wp-content\/uploads\/2021\/01\/alternatori-centrale-achille-gaggia-a-soverzene_edited.jpg 1000w, https:\/\/www.bellunopress.it\/wp-content\/uploads\/2021\/01\/alternatori-centrale-achille-gaggia-a-soverzene_edited-500x375.jpg 500w, https:\/\/www.bellunopress.it\/wp-content\/uploads\/2021\/01\/alternatori-centrale-achille-gaggia-a-soverzene_edited-696x522.jpg 696w, https:\/\/www.bellunopress.it\/wp-content\/uploads\/2021\/01\/alternatori-centrale-achille-gaggia-a-soverzene_edited-560x420.jpg 560w, https:\/\/www.bellunopress.it\/wp-content\/uploads\/2021\/01\/alternatori-centrale-achille-gaggia-a-soverzene_edited-80x60.jpg 80w, https:\/\/www.bellunopress.it\/wp-content\/uploads\/2021\/01\/alternatori-centrale-achille-gaggia-a-soverzene_edited-265x198.jpg 265w\" sizes=\"auto, (max-width: 1000px) 100vw, 1000px\" \/><\/a><figcaption id=\"caption-attachment-120872\" class=\"wp-caption-text\">Centrale idroelettrica &#8220;Achille Gaggia&#8221; &#8211; Soverzene (Belluno)<\/figcaption><\/figure>\n<p>&#8220;Presentare alle pi\u00f9 alte Istituzioni nazionali le istanze degli abitanti delle terre alte sull\u2019importanza del settore idroelettrico per l\u2019economia, l\u2019occupazione, l\u2019ambiente e soprattutto per la sicurezza. E&#8217; questo l&#8217;obbiettivo fondamentale del Coordinamento dei Comitati montani per l&#8217;idroelettrico, gruppi di persone attente alle esigenze dell\u2019intero territorio delle montagne su cui gravano invasi, molte grandi dighe, servit\u00f9 per le condotte forzate e per gli elettrodotti&#8221;.<\/p>\n<p>A dirlo \u00e8 l&#8217;ingegner Ezio Roppolo, esponente del Comitato \u201cGi\u00f9 le mani dalle acque e dalla Compagnia Valdostana delle Acque\u201d e portavoce del Coordinamento Comitati \u201cgrande idroelettrico\u201d al quale aderiscono singole associazioni e comitati del Nord-Ovest, in campo da molto tempo per far sentire la voce dei territori. &#8220;Recentemente, abbiamo preso consapevolezza delle similarit\u00e0 di problematiche ed esigenze correlate al mondo dell\u2019energia idroelettrica in tutti i territori montani &#8211; dichiara Roppolo &#8211; e ci stiamo quindi attivando per realizzare sinergie e per far valere le nostre istanze a livello nazionale&#8221;.<\/p>\n<p>&#8220;Dopo essere stati sentiti da 2 commissioni del Senato &#8211; prosegue Roppolo &#8211; nella scorsa settimana abbiamo avuto il primo incontro con esponenti del Ministero della Transizione Ecologica, capeggiati dalla Sottosegretaria On. Ilaria Fontana e accompagnati da due deputati dei nostri territori, gli On. Tripodi e Sut.<br \/>\nSi \u00e8 quindi iniziato positivamente un percorso durante il quale contiamo di portare la voce di territori che hanno immediata necessit\u00e0 di effettuare le transizioni ecologica ed energetica, dato che l\u2019impatto dei cambiamenti climatici \u00e8 sempre maggiore con il crescere della quota.<br \/>\nI nostri territori hanno risorse naturali, umane ed economiche necessarie per realizzarle, dunque lasciamo alle ben pi\u00f9 popolose aree urbane la priorit\u00e0 che dovrebbe spettarci sulle risorse europee del \u201cRecovery Fund\u201d.<br \/>\nNell\u2019immediato, intendiamo per\u00f2 sensibilizzare i poteri esecutivo e legislativo affinch\u00e9 le nostre pi\u00f9 preziose risorse siano sfruttate a nostro vantaggio in modo responsabile e sostenibile, anzich\u00e9 quasi regalate, senza reali limitazioni e controlli, a gruppi economici che si sono dimostrati molto disattenti alle esigenze locali&#8221;.<\/p>\n<p>Qui i documenti presentati in <a href=\"https:\/\/www.senato.it\/application\/xmanager\/projects\/leg18\/attachments\/documento_evento_procedura_commissione\/files\/000\/318\/001\/COORDINAMENTO_COMITATI_GRANDE_IDROELETTRICO_integrazione.pdf\">Audizione del 23-03- 2021 al Senato, Commissioni 5\u00b0 &amp; 14a<\/a><\/p>\n<p>&nbsp;<\/p>\n<p>&nbsp;<\/p>","protected":false},"excerpt":{"rendered":"<p>&#8220;Presentare alle pi\u00f9 alte Istituzioni nazionali le istanze degli abitanti delle terre alte sull\u2019importanza del settore idroelettrico per l\u2019economia, l\u2019occupazione, l\u2019ambiente e soprattutto per la sicurezza. E&#8217; questo l&#8217;obbiettivo fondamentale del Coordinamento dei Comitati montani per l&#8217;idroelettrico, gruppi di persone attente alle esigenze dell\u2019intero territorio delle montagne su cui gravano invasi, molte grandi dighe, servit\u00f9 [&hellip;]<\/p>\n","protected":false},"author":2,"featured_media":120872,"comment_status":"closed","ping_status":"open","sticky":false,"template":"","format":"standard","meta":{"footnotes":""},"categories":[36,26],"tags":[],"class_list":["post-123984","post","type-post","status-publish","format-standard","has-post-thumbnail","category-lavoro-economia","category-prima-pagina"],"yoast_head":"<!-- This site is optimized with the Yoast SEO plugin v28.4 - https:\/\/yoast.com\/product\/yoast-seo-wordpress\/ -->\n<title>Il Coordinamento comitati \u201cGrande idroelettrico\u201d al MiTE per portare la voce dei territori - Bellunopress - Dolomiti<\/title>\n<meta name=\"robots\" content=\"index, follow, max-snippet:-1, max-image-preview:large, max-video-preview:-1\" \/>\n<link rel=\"canonical\" href=\"https:\/\/www.bellunopress.it\/fr\/2021\/05\/02\/il-coordinamento-comitati-grande-idroelettrico-al-mite-per-portare-la-voce-dei-territori\/\" \/>\n<meta property=\"og:locale\" content=\"fr_FR\" \/>\n<meta property=\"og:type\" content=\"article\" \/>\n<meta property=\"og:title\" content=\"Il Coordinamento comitati \u201cGrande idroelettrico\u201d al MiTE per portare la voce dei territori - Bellunopress - Dolomiti\" \/>\n<meta property=\"og:description\" content=\"&#8220;Presentare alle pi\u00f9 alte Istituzioni nazionali le istanze degli abitanti delle terre alte sull\u2019importanza del settore idroelettrico per l\u2019economia, l\u2019occupazione, l\u2019ambiente e soprattutto per la sicurezza. E&#8217; questo l&#8217;obbiettivo fondamentale del Coordinamento dei Comitati montani per l&#8217;idroelettrico, gruppi di persone attente alle esigenze dell\u2019intero territorio delle montagne su cui gravano invasi, molte grandi dighe, servit\u00f9 [&hellip;]\" \/>\n<meta property=\"og:url\" content=\"https:\/\/www.bellunopress.it\/fr\/2021\/05\/02\/il-coordinamento-comitati-grande-idroelettrico-al-mite-per-portare-la-voce-dei-territori\/\" \/>\n<meta property=\"og:site_name\" content=\"Bellunopress - Dolomiti\" \/>\n<meta property=\"article:publisher\" content=\"https:\/\/www.facebook.com\/profile.php?id=100008943462799\" \/>\n<meta property=\"article:published_time\" content=\"2021-05-02T19:44:55+00:00\" \/>\n<meta property=\"article:modified_time\" content=\"2021-05-02T20:19:48+00:00\" \/>\n<meta property=\"og:image\" content=\"https:\/\/www.bellunopress.it\/wp-content\/uploads\/2021\/01\/alternatori-centrale-achille-gaggia-a-soverzene_edited.jpg\" \/>\n\t<meta property=\"og:image:width\" content=\"1000\" \/>\n\t<meta property=\"og:image:height\" content=\"750\" \/>\n\t<meta property=\"og:image:type\" content=\"image\/jpeg\" \/>\n<meta name=\"author\" content=\"redazione\" \/>\n<meta name=\"twitter:card\" content=\"summary_large_image\" \/>\n<meta name=\"twitter:creator\" content=\"@bellunopress\" \/>\n<meta name=\"twitter:site\" content=\"@bellunopress\" \/>\n<meta name=\"twitter:label1\" content=\"\u00c9crit par\" \/>\n\t<meta name=\"twitter:data1\" content=\"redazione\" \/>\n\t<meta name=\"twitter:label2\" content=\"Dur\u00e9e de lecture estim\u00e9e\" \/>\n\t<meta name=\"twitter:data2\" content=\"2 minutes\" \/>\n<script type=\"application\/ld+json\" class=\"yoast-schema-graph\">{\"@context\":\"https:\\\/\\\/schema.org\",\"@graph\":[{\"@type\":\"Article\",\"@id\":\"https:\\\/\\\/www.bellunopress.it\\\/2021\\\/05\\\/02\\\/il-coordinamento-comitati-grande-idroelettrico-al-mite-per-portare-la-voce-dei-territori\\\/#article\",\"isPartOf\":{\"@id\":\"https:\\\/\\\/www.bellunopress.it\\\/2021\\\/05\\\/02\\\/il-coordinamento-comitati-grande-idroelettrico-al-mite-per-portare-la-voce-dei-territori\\\/\"},\"author\":{\"name\":\"redazione\",\"@id\":\"https:\\\/\\\/www.bellunopress.it\\\/#\\\/schema\\\/person\\\/79bb06722b37ece1c03d3e94beb30d73\"},\"headline\":\"Il Coordinamento comitati \u201cGrande idroelettrico\u201d al MiTE per portare la voce dei territori\",\"datePublished\":\"2021-05-02T19:44:55+00:00\",\"dateModified\":\"2021-05-02T20:19:48+00:00\",\"mainEntityOfPage\":{\"@id\":\"https:\\\/\\\/www.bellunopress.it\\\/2021\\\/05\\\/02\\\/il-coordinamento-comitati-grande-idroelettrico-al-mite-per-portare-la-voce-dei-territori\\\/\"},\"wordCount\":368,\"publisher\":{\"@id\":\"https:\\\/\\\/www.bellunopress.it\\\/#organization\"},\"image\":{\"@id\":\"https:\\\/\\\/www.bellunopress.it\\\/2021\\\/05\\\/02\\\/il-coordinamento-comitati-grande-idroelettrico-al-mite-per-portare-la-voce-dei-territori\\\/#primaryimage\"},\"thumbnailUrl\":\"https:\\\/\\\/www.bellunopress.it\\\/wp-content\\\/uploads\\\/2021\\\/01\\\/alternatori-centrale-achille-gaggia-a-soverzene_edited.jpg\",\"articleSection\":[\"Lavoro, Economia, Turismo\",\"Prima Pagina\"],\"inLanguage\":\"fr-FR\"},{\"@type\":\"WebPage\",\"@id\":\"https:\\\/\\\/www.bellunopress.it\\\/2021\\\/05\\\/02\\\/il-coordinamento-comitati-grande-idroelettrico-al-mite-per-portare-la-voce-dei-territori\\\/\",\"url\":\"https:\\\/\\\/www.bellunopress.it\\\/2021\\\/05\\\/02\\\/il-coordinamento-comitati-grande-idroelettrico-al-mite-per-portare-la-voce-dei-territori\\\/\",\"name\":\"Il Coordinamento comitati \u201cGrande idroelettrico\u201d al MiTE per portare la voce dei territori - Bellunopress - Dolomiti\",\"isPartOf\":{\"@id\":\"https:\\\/\\\/www.bellunopress.it\\\/#website\"},\"primaryImageOfPage\":{\"@id\":\"https:\\\/\\\/www.bellunopress.it\\\/2021\\\/05\\\/02\\\/il-coordinamento-comitati-grande-idroelettrico-al-mite-per-portare-la-voce-dei-territori\\\/#primaryimage\"},\"image\":{\"@id\":\"https:\\\/\\\/www.bellunopress.it\\\/2021\\\/05\\\/02\\\/il-coordinamento-comitati-grande-idroelettrico-al-mite-per-portare-la-voce-dei-territori\\\/#primaryimage\"},\"thumbnailUrl\":\"https:\\\/\\\/www.bellunopress.it\\\/wp-content\\\/uploads\\\/2021\\\/01\\\/alternatori-centrale-achille-gaggia-a-soverzene_edited.jpg\",\"datePublished\":\"2021-05-02T19:44:55+00:00\",\"dateModified\":\"2021-05-02T20:19:48+00:00\",\"breadcrumb\":{\"@id\":\"https:\\\/\\\/www.bellunopress.it\\\/2021\\\/05\\\/02\\\/il-coordinamento-comitati-grande-idroelettrico-al-mite-per-portare-la-voce-dei-territori\\\/#breadcrumb\"},\"inLanguage\":\"fr-FR\",\"potentialAction\":[{\"@type\":\"ReadAction\",\"target\":[\"https:\\\/\\\/www.bellunopress.it\\\/2021\\\/05\\\/02\\\/il-coordinamento-comitati-grande-idroelettrico-al-mite-per-portare-la-voce-dei-territori\\\/\"]}]},{\"@type\":\"ImageObject\",\"inLanguage\":\"fr-FR\",\"@id\":\"https:\\\/\\\/www.bellunopress.it\\\/2021\\\/05\\\/02\\\/il-coordinamento-comitati-grande-idroelettrico-al-mite-per-portare-la-voce-dei-territori\\\/#primaryimage\",\"url\":\"https:\\\/\\\/www.bellunopress.it\\\/wp-content\\\/uploads\\\/2021\\\/01\\\/alternatori-centrale-achille-gaggia-a-soverzene_edited.jpg\",\"contentUrl\":\"https:\\\/\\\/www.bellunopress.it\\\/wp-content\\\/uploads\\\/2021\\\/01\\\/alternatori-centrale-achille-gaggia-a-soverzene_edited.jpg\",\"width\":1000,\"height\":750,\"caption\":\"Centrale idroelettrica \\\"Achille Gaggia\\\" - Soverzene (Belluno)\"},{\"@type\":\"BreadcrumbList\",\"@id\":\"https:\\\/\\\/www.bellunopress.it\\\/2021\\\/05\\\/02\\\/il-coordinamento-comitati-grande-idroelettrico-al-mite-per-portare-la-voce-dei-territori\\\/#breadcrumb\",\"itemListElement\":[{\"@type\":\"ListItem\",\"position\":1,\"name\":\"Home\",\"item\":\"https:\\\/\\\/www.bellunopress.it\\\/\"},{\"@type\":\"ListItem\",\"position\":2,\"name\":\"Il Coordinamento comitati \u201cGrande idroelettrico\u201d al MiTE per portare la voce dei territori\"}]},{\"@type\":\"WebSite\",\"@id\":\"https:\\\/\\\/www.bellunopress.it\\\/#website\",\"url\":\"https:\\\/\\\/www.bellunopress.it\\\/\",\"name\":\"Bellunopress - Dolomiti\",\"description\":\"e-mail: redazione@bellunopress.it\",\"publisher\":{\"@id\":\"https:\\\/\\\/www.bellunopress.it\\\/#organization\"},\"potentialAction\":[{\"@type\":\"SearchAction\",\"target\":{\"@type\":\"EntryPoint\",\"urlTemplate\":\"https:\\\/\\\/www.bellunopress.it\\\/?s={search_term_string}\"},\"query-input\":{\"@type\":\"PropertyValueSpecification\",\"valueRequired\":true,\"valueName\":\"search_term_string\"}}],\"inLanguage\":\"fr-FR\"},{\"@type\":\"Organization\",\"@id\":\"https:\\\/\\\/www.bellunopress.it\\\/#organization\",\"name\":\"Bellunopress\",\"url\":\"https:\\\/\\\/www.bellunopress.it\\\/\",\"logo\":{\"@type\":\"ImageObject\",\"inLanguage\":\"fr-FR\",\"@id\":\"https:\\\/\\\/www.bellunopress.it\\\/#\\\/schema\\\/logo\\\/image\\\/\",\"url\":\"https:\\\/\\\/www.bellunopress.it\\\/wp-content\\\/uploads\\\/2011\\\/05\\\/cropped-logo-bellunopress-.jpg\",\"contentUrl\":\"https:\\\/\\\/www.bellunopress.it\\\/wp-content\\\/uploads\\\/2011\\\/05\\\/cropped-logo-bellunopress-.jpg\",\"width\":512,\"height\":512,\"caption\":\"Bellunopress\"},\"image\":{\"@id\":\"https:\\\/\\\/www.bellunopress.it\\\/#\\\/schema\\\/logo\\\/image\\\/\"},\"sameAs\":[\"https:\\\/\\\/www.facebook.com\\\/profile.php?id=100008943462799\",\"https:\\\/\\\/x.com\\\/bellunopress\",\"https:\\\/\\\/www.linkedin.com\\\/hp\\\/?dnr=JBzUWaJfMUw8vbXJJ2tVW5-I3jZKvC4wsoxE&amp;amp;amp;amp;amp;amp;trk=nav_responsive_tab_home\",\"https:\\\/\\\/www.youtube.com\\\/channel\\\/UCxL0wu1uN0_3_7hGG0306cw\"]},{\"@type\":\"Person\",\"@id\":\"https:\\\/\\\/www.bellunopress.it\\\/#\\\/schema\\\/person\\\/79bb06722b37ece1c03d3e94beb30d73\",\"name\":\"redazione\",\"image\":{\"@type\":\"ImageObject\",\"inLanguage\":\"fr-FR\",\"@id\":\"https:\\\/\\\/secure.gravatar.com\\\/avatar\\\/37d968a2e67a6fd04c169c4bdef102d0bc5d31b2546345219e348575eb80e9a0?s=96&d=mm&r=g\",\"url\":\"https:\\\/\\\/secure.gravatar.com\\\/avatar\\\/37d968a2e67a6fd04c169c4bdef102d0bc5d31b2546345219e348575eb80e9a0?s=96&d=mm&r=g\",\"contentUrl\":\"https:\\\/\\\/secure.gravatar.com\\\/avatar\\\/37d968a2e67a6fd04c169c4bdef102d0bc5d31b2546345219e348575eb80e9a0?s=96&d=mm&r=g\",\"caption\":\"redazione\"},\"sameAs\":[\"http:\\\/\\\/www.bellunopress.it\",\"https:\\\/\\\/x.com\\\/bellunopress\"],\"url\":\"https:\\\/\\\/www.bellunopress.it\\\/fr\\\/author\\\/redazione\\\/\"}]}<\/script>\n<!-- \/ Yoast SEO plugin. -->","yoast_head_json":{"title":"Il Coordinamento comitati \u201cGrande idroelettrico\u201d al MiTE per portare la voce dei territori - Bellunopress - Dolomiti","robots":{"index":"index","follow":"follow","max-snippet":"max-snippet:-1","max-image-preview":"max-image-preview:large","max-video-preview":"max-video-preview:-1"},"canonical":"https:\/\/www.bellunopress.it\/fr\/2021\/05\/02\/il-coordinamento-comitati-grande-idroelettrico-al-mite-per-portare-la-voce-dei-territori\/","og_locale":"fr_FR","og_type":"article","og_title":"Il Coordinamento comitati \u201cGrande idroelettrico\u201d al MiTE per portare la voce dei territori - Bellunopress - Dolomiti","og_description":"&#8220;Presentare alle pi\u00f9 alte Istituzioni nazionali le istanze degli abitanti delle terre alte sull\u2019importanza del settore idroelettrico per l\u2019economia, l\u2019occupazione, l\u2019ambiente e soprattutto per la sicurezza. E&#8217; questo l&#8217;obbiettivo fondamentale del Coordinamento dei Comitati montani per l&#8217;idroelettrico, gruppi di persone attente alle esigenze dell\u2019intero territorio delle montagne su cui gravano invasi, molte grandi dighe, servit\u00f9 [&hellip;]","og_url":"https:\/\/www.bellunopress.it\/fr\/2021\/05\/02\/il-coordinamento-comitati-grande-idroelettrico-al-mite-per-portare-la-voce-dei-territori\/","og_site_name":"Bellunopress - Dolomiti","article_publisher":"https:\/\/www.facebook.com\/profile.php?id=100008943462799","article_published_time":"2021-05-02T19:44:55+00:00","article_modified_time":"2021-05-02T20:19:48+00:00","og_image":[{"width":1000,"height":750,"url":"https:\/\/www.bellunopress.it\/wp-content\/uploads\/2021\/01\/alternatori-centrale-achille-gaggia-a-soverzene_edited.jpg","type":"image\/jpeg"}],"author":"redazione","twitter_card":"summary_large_image","twitter_creator":"@bellunopress","twitter_site":"@bellunopress","twitter_misc":{"\u00c9crit par":"redazione","Dur\u00e9e de lecture estim\u00e9e":"2 minutes"},"schema":{"@context":"https:\/\/schema.org","@graph":[{"@type":"Article","@id":"https:\/\/www.bellunopress.it\/2021\/05\/02\/il-coordinamento-comitati-grande-idroelettrico-al-mite-per-portare-la-voce-dei-territori\/#article","isPartOf":{"@id":"https:\/\/www.bellunopress.it\/2021\/05\/02\/il-coordinamento-comitati-grande-idroelettrico-al-mite-per-portare-la-voce-dei-territori\/"},"author":{"name":"redazione","@id":"https:\/\/www.bellunopress.it\/#\/schema\/person\/79bb06722b37ece1c03d3e94beb30d73"},"headline":"Il Coordinamento comitati \u201cGrande idroelettrico\u201d al MiTE per portare la voce dei territori","datePublished":"2021-05-02T19:44:55+00:00","dateModified":"2021-05-02T20:19:48+00:00","mainEntityOfPage":{"@id":"https:\/\/www.bellunopress.it\/2021\/05\/02\/il-coordinamento-comitati-grande-idroelettrico-al-mite-per-portare-la-voce-dei-territori\/"},"wordCount":368,"publisher":{"@id":"https:\/\/www.bellunopress.it\/#organization"},"image":{"@id":"https:\/\/www.bellunopress.it\/2021\/05\/02\/il-coordinamento-comitati-grande-idroelettrico-al-mite-per-portare-la-voce-dei-territori\/#primaryimage"},"thumbnailUrl":"https:\/\/www.bellunopress.it\/wp-content\/uploads\/2021\/01\/alternatori-centrale-achille-gaggia-a-soverzene_edited.jpg","articleSection":["Lavoro, Economia, Turismo","Prima Pagina"],"inLanguage":"fr-FR"},{"@type":"WebPage","@id":"https:\/\/www.bellunopress.it\/2021\/05\/02\/il-coordinamento-comitati-grande-idroelettrico-al-mite-per-portare-la-voce-dei-territori\/","url":"https:\/\/www.bellunopress.it\/2021\/05\/02\/il-coordinamento-comitati-grande-idroelettrico-al-mite-per-portare-la-voce-dei-territori\/","name":"Il Coordinamento comitati \u201cGrande idroelettrico\u201d al MiTE per portare la voce dei territori - Bellunopress - Dolomiti","isPartOf":{"@id":"https:\/\/www.bellunopress.it\/#website"},"primaryImageOfPage":{"@id":"https:\/\/www.bellunopress.it\/2021\/05\/02\/il-coordinamento-comitati-grande-idroelettrico-al-mite-per-portare-la-voce-dei-territori\/#primaryimage"},"image":{"@id":"https:\/\/www.bellunopress.it\/2021\/05\/02\/il-coordinamento-comitati-grande-idroelettrico-al-mite-per-portare-la-voce-dei-territori\/#primaryimage"},"thumbnailUrl":"https:\/\/www.bellunopress.it\/wp-content\/uploads\/2021\/01\/alternatori-centrale-achille-gaggia-a-soverzene_edited.jpg","datePublished":"2021-05-02T19:44:55+00:00","dateModified":"2021-05-02T20:19:48+00:00","breadcrumb":{"@id":"https:\/\/www.bellunopress.it\/2021\/05\/02\/il-coordinamento-comitati-grande-idroelettrico-al-mite-per-portare-la-voce-dei-territori\/#breadcrumb"},"inLanguage":"fr-FR","potentialAction":[{"@type":"ReadAction","target":["https:\/\/www.bellunopress.it\/2021\/05\/02\/il-coordinamento-comitati-grande-idroelettrico-al-mite-per-portare-la-voce-dei-territori\/"]}]},{"@type":"ImageObject","inLanguage":"fr-FR","@id":"https:\/\/www.bellunopress.it\/2021\/05\/02\/il-coordinamento-comitati-grande-idroelettrico-al-mite-per-portare-la-voce-dei-territori\/#primaryimage","url":"https:\/\/www.bellunopress.it\/wp-content\/uploads\/2021\/01\/alternatori-centrale-achille-gaggia-a-soverzene_edited.jpg","contentUrl":"https:\/\/www.bellunopress.it\/wp-content\/uploads\/2021\/01\/alternatori-centrale-achille-gaggia-a-soverzene_edited.jpg","width":1000,"height":750,"caption":"Centrale idroelettrica \"Achille Gaggia\" - Soverzene (Belluno)"},{"@type":"BreadcrumbList","@id":"https:\/\/www.bellunopress.it\/2021\/05\/02\/il-coordinamento-comitati-grande-idroelettrico-al-mite-per-portare-la-voce-dei-territori\/#breadcrumb","itemListElement":[{"@type":"ListItem","position":1,"name":"Home","item":"https:\/\/www.bellunopress.it\/"},{"@type":"ListItem","position":2,"name":"Il Coordinamento comitati \u201cGrande idroelettrico\u201d al MiTE per portare la voce dei territori"}]},{"@type":"WebSite","@id":"https:\/\/www.bellunopress.it\/#website","url":"https:\/\/www.bellunopress.it\/","name":"Bellunopress - Dolomiti","description":"e-mail: redazione@bellunopress.it","publisher":{"@id":"https:\/\/www.bellunopress.it\/#organization"},"potentialAction":[{"@type":"SearchAction","target":{"@type":"EntryPoint","urlTemplate":"https:\/\/www.bellunopress.it\/?s={search_term_string}"},"query-input":{"@type":"PropertyValueSpecification","valueRequired":true,"valueName":"search_term_string"}}],"inLanguage":"fr-FR"},{"@type":"Organization","@id":"https:\/\/www.bellunopress.it\/#organization","name":"Bellunopress","url":"https:\/\/www.bellunopress.it\/","logo":{"@type":"ImageObject","inLanguage":"fr-FR","@id":"https:\/\/www.bellunopress.it\/#\/schema\/logo\/image\/","url":"https:\/\/www.bellunopress.it\/wp-content\/uploads\/2011\/05\/cropped-logo-bellunopress-.jpg","contentUrl":"https:\/\/www.bellunopress.it\/wp-content\/uploads\/2011\/05\/cropped-logo-bellunopress-.jpg","width":512,"height":512,"caption":"Bellunopress"},"image":{"@id":"https:\/\/www.bellunopress.it\/#\/schema\/logo\/image\/"},"sameAs":["https:\/\/www.facebook.com\/profile.php?id=100008943462799","https:\/\/x.com\/bellunopress","https:\/\/www.linkedin.com\/hp\/?dnr=JBzUWaJfMUw8vbXJJ2tVW5-I3jZKvC4wsoxE&amp;amp;amp;amp;amp;amp;trk=nav_responsive_tab_home","https:\/\/www.youtube.com\/channel\/UCxL0wu1uN0_3_7hGG0306cw"]},{"@type":"Person","@id":"https:\/\/www.bellunopress.it\/#\/schema\/person\/79bb06722b37ece1c03d3e94beb30d73","name":"r\u00e9daction","image":{"@type":"ImageObject","inLanguage":"fr-FR","@id":"https:\/\/secure.gravatar.com\/avatar\/37d968a2e67a6fd04c169c4bdef102d0bc5d31b2546345219e348575eb80e9a0?s=96&d=mm&r=g","url":"https:\/\/secure.gravatar.com\/avatar\/37d968a2e67a6fd04c169c4bdef102d0bc5d31b2546345219e348575eb80e9a0?s=96&d=mm&r=g","contentUrl":"https:\/\/secure.gravatar.com\/avatar\/37d968a2e67a6fd04c169c4bdef102d0bc5d31b2546345219e348575eb80e9a0?s=96&d=mm&r=g","caption":"redazione"},"sameAs":["http:\/\/www.bellunopress.it","https:\/\/x.com\/bellunopress"],"url":"https:\/\/www.bellunopress.it\/fr\/author\/redazione\/"}]}},"_links":{"self":[{"href":"https:\/\/www.bellunopress.it\/fr\/wp-json\/wp\/v2\/posts\/123984","targetHints":{"allow":["GET"]}}],"collection":[{"href":"https:\/\/www.bellunopress.it\/fr\/wp-json\/wp\/v2\/posts"}],"about":[{"href":"https:\/\/www.bellunopress.it\/fr\/wp-json\/wp\/v2\/types\/post"}],"author":[{"embeddable":true,"href":"https:\/\/www.bellunopress.it\/fr\/wp-json\/wp\/v2\/users\/2"}],"replies":[{"embeddable":true,"href":"https:\/\/www.bellunopress.it\/fr\/wp-json\/wp\/v2\/comments?post=123984"}],"version-history":[{"count":2,"href":"https:\/\/www.bellunopress.it\/fr\/wp-json\/wp\/v2\/posts\/123984\/revisions"}],"predecessor-version":[{"id":123987,"href":"https:\/\/www.bellunopress.it\/fr\/wp-json\/wp\/v2\/posts\/123984\/revisions\/123987"}],"wp:featuredmedia":[{"embeddable":true,"href":"https:\/\/www.bellunopress.it\/fr\/wp-json\/wp\/v2\/media\/120872"}],"wp:attachment":[{"href":"https:\/\/www.bellunopress.it\/fr\/wp-json\/wp\/v2\/media?parent=123984"}],"wp:term":[{"taxonomy":"category","embeddable":true,"href":"https:\/\/www.bellunopress.it\/fr\/wp-json\/wp\/v2\/categories?post=123984"},{"taxonomy":"post_tag","embeddable":true,"href":"https:\/\/www.bellunopress.it\/fr\/wp-json\/wp\/v2\/tags?post=123984"}],"curies":[{"name":"wp","href":"https:\/\/api.w.org\/{rel}","templated":true}]}}