{"id":123749,"date":"2021-04-26T16:11:03","date_gmt":"2021-04-26T14:11:03","guid":{"rendered":"https:\/\/www.bellunopress.it\/?p=123749"},"modified":"2021-04-26T16:22:10","modified_gmt":"2021-04-26T14:22:10","slug":"oggi-si-e-insediato-il-nuovo-prefetto-di-belluno-mariano-savastano","status":"publish","type":"post","link":"https:\/\/www.bellunopress.it\/fr\/2021\/04\/26\/oggi-si-e-insediato-il-nuovo-prefetto-di-belluno-mariano-savastano\/","title":{"rendered":"Oggi si \u00e8 insediato il nuovo prefetto di Belluno, Mariano Savastano"},"content":{"rendered":"<figure id=\"attachment_123359\" aria-describedby=\"caption-attachment-123359\" style=\"width: 200px\" class=\"wp-caption alignleft\"><a href=\"https:\/\/www.bellunopress.it\/fr\/2021\/04\/14\/mariano-savastano-e-il-nuovo-prefetto-di-belluno-dinca-grazie-a-sergio-bracco-per-il-lavoro-svolto\/mariano-savastano_edited\/\" rel=\"attachment wp-att-123359\"><img loading=\"lazy\" decoding=\"async\" class=\"size-full wp-image-123359\" src=\"https:\/\/www.bellunopress.it\/wp-content\/uploads\/2021\/04\/Mariano-Savastano_edited.jpg\" alt=\"\" width=\"200\" height=\"215\" \/><\/a><figcaption id=\"caption-attachment-123359\" class=\"wp-caption-text\">Mariano Savastano &#8211; Prefetto<\/figcaption><\/figure>\n<p>Oggi, 26 aprile 2021, si \u00e8 formalmente insediato il nuovo Prefetto di Belluno, Mariano Savastano.<\/p>\n<p>In mattinata il prefetto ha reso visita al sindaco di Belluno e al presidente della Provincia. Nel corso della giornata ha incontrato i vertici delle Forze di Polizia a Palazzo dei Rettori sede della Prefettura.<\/p>\n<p>Mercoled\u00ec, alle ore 10.30, il prefetto render\u00e0 omaggio ai Caduti, deponendo due corone d\u2019alloro al monumento ai Caduti della resistenza in Piazza dei Martiri e, a seguire, presso la Stele commemorativa dei Caduti delle due Guerre mondiali in Viale Fantuzzi.<\/p>\n<p>Successivamente, si recher\u00e0 a Longarone dove, alle ore 11.30, dopo aver incontrato il sindaco, render\u00e0 omaggio alle Vittime del Vajont deponendo una corona presso il Cimitero Monumentale di Fortogna.<\/p>\n<p><strong>Il messaggio di saluto del prefetto<\/strong><\/p>\n<p>Nel giorno del mio insediamento a Palazzo dei Rettori e nell&#8217;assumere la carica di prefetto della Provincia di Belluno, desidero rivolgere un saluto forte e carico di vicinanza all&#8217;intera comunit\u00e0 bellunese ed in special modo a coloro che per la propria fragilit\u00e0 &#8211; gli anziani, i malati e i ragazzi pi\u00f9 giovani &#8211; hanno particolarmente sofferto durante l&#8217;anno pandemico appena trascorso, segnato da molti lutti, ricoveri in ospedale, restrizioni alle attivit\u00e0 economiche e limitazioni alle nostre libert\u00e0 .<br \/>\nLe misure cautelative adottate sino ad oggi e la campagna vaccinale in atto hanno recentemente consentito al Governo di configurare un programma di riaperture e di graduale ripresa delle attivit\u00e0 economiche, culturali, sportive e sociali.<br \/>\nCi\u00f2 deve restituirci fiducia, forza e speranza perch\u00e9 sar\u00e0 grazie all&#8217;impegno di ogni cittadino &#8211; ciascuno nel proprio contesto di vita e di lavoro &#8211; che, uniti e solidali, riusciremo a riprenderci, aiutando le categorie sociali pi\u00f9 duramente colpite.<br \/>\nIl senso che intendo dare al mio mandato, in continuit\u00e0 con la linea tracciata dal mio predecessore, \u00e8 quello di uno Stato che interagisce con le istituzioni locali e la societ\u00e0 civile per la ricerca di soluzioni condivise, e per questo pi\u00f9 efficaci, ai problemi del tessuto economico, produttivo e sociale, convinto che solamente attraverso il dialogo costruttivo e la collaborazione reciproca potremo uscire insieme da questo complesso momento e guardare al futuro con rinnovata speranza e volont\u00e0 di ripresa.<br \/>\nCon questa tensione emotiva e questo spirito di servizio, rivolgo un cordiale saluto alle autorit\u00e0 civili, militari e religiose, alla Magistratura, agli amministratori provinciali e comunali, agli appartenenti alle Forze dell&#8217;ordine e del soccorso, alle rappresentanze politiche, agli operatori sanitari, alle organizzazioni sindacali e di categoria, ai Rappresentanti del mondo della scuola e della cultura, alle associazioni di volontariato, agli organi di informazione e alla cittadinanza tutta.<br \/>\nSono onorato di essere stato chiamato a ricoprire il ruolo di prefetto di questa provincia cosi ricca di storia, cultura e tradizione, conosciuta in tutto il mondo per le sue bellezze naturali ed il mio auspicio \u00e8 quello di mantenere e consolidare con tutti loro un proficuo canale di dialogo e collaborazione volto a promuovere sempre crescenti condizioni di benessere e prosperit\u00e0 della comunit\u00e0 provinciale.<\/p>","protected":false},"excerpt":{"rendered":"<p>Oggi, 26 aprile 2021, si \u00e8 formalmente insediato il nuovo Prefetto di Belluno, Mariano Savastano. In mattinata il prefetto ha reso visita al sindaco di Belluno e al presidente della Provincia. Nel corso della giornata ha incontrato i vertici delle Forze di Polizia a Palazzo dei Rettori sede della Prefettura. Mercoled\u00ec, alle ore 10.30, il [&hellip;]<\/p>\n","protected":false},"author":2,"featured_media":122122,"comment_status":"closed","ping_status":"open","sticky":false,"template":"","format":"standard","meta":{"footnotes":""},"categories":[26,8],"tags":[],"class_list":["post-123749","post","type-post","status-publish","format-standard","has-post-thumbnail","category-prima-pagina","category-societa-istituzioni"],"yoast_head":"<!-- This site is optimized with the Yoast SEO plugin v28.4 - https:\/\/yoast.com\/product\/yoast-seo-wordpress\/ -->\n<title>Oggi si \u00e8 insediato il nuovo prefetto di Belluno, Mariano Savastano - Bellunopress - Dolomiti<\/title>\n<meta name=\"robots\" content=\"index, follow, max-snippet:-1, max-image-preview:large, max-video-preview:-1\" \/>\n<link rel=\"canonical\" href=\"https:\/\/www.bellunopress.it\/fr\/2021\/04\/26\/oggi-si-e-insediato-il-nuovo-prefetto-di-belluno-mariano-savastano\/\" \/>\n<meta property=\"og:locale\" content=\"fr_FR\" \/>\n<meta property=\"og:type\" content=\"article\" \/>\n<meta property=\"og:title\" content=\"Oggi si \u00e8 insediato il nuovo prefetto di Belluno, Mariano Savastano - Bellunopress - Dolomiti\" \/>\n<meta property=\"og:description\" content=\"Oggi, 26 aprile 2021, si \u00e8 formalmente insediato il nuovo Prefetto di Belluno, Mariano Savastano. In mattinata il prefetto ha reso visita al sindaco di Belluno e al presidente della Provincia. Nel corso della giornata ha incontrato i vertici delle Forze di Polizia a Palazzo dei Rettori sede della Prefettura. Mercoled\u00ec, alle ore 10.30, il [&hellip;]\" \/>\n<meta property=\"og:url\" content=\"https:\/\/www.bellunopress.it\/fr\/2021\/04\/26\/oggi-si-e-insediato-il-nuovo-prefetto-di-belluno-mariano-savastano\/\" \/>\n<meta property=\"og:site_name\" content=\"Bellunopress - Dolomiti\" \/>\n<meta property=\"article:publisher\" content=\"https:\/\/www.facebook.com\/profile.php?id=100008943462799\" \/>\n<meta property=\"article:published_time\" content=\"2021-04-26T14:11:03+00:00\" \/>\n<meta property=\"article:modified_time\" content=\"2021-04-26T14:22:10+00:00\" \/>\n<meta property=\"og:image\" content=\"https:\/\/www.bellunopress.it\/wp-content\/uploads\/2021\/03\/prefettura_edited.jpg\" \/>\n\t<meta property=\"og:image:width\" content=\"821\" \/>\n\t<meta property=\"og:image:height\" content=\"1000\" \/>\n\t<meta property=\"og:image:type\" content=\"image\/jpeg\" \/>\n<meta name=\"author\" content=\"redazione\" \/>\n<meta name=\"twitter:card\" content=\"summary_large_image\" \/>\n<meta name=\"twitter:creator\" content=\"@bellunopress\" \/>\n<meta name=\"twitter:site\" content=\"@bellunopress\" \/>\n<meta name=\"twitter:label1\" content=\"\u00c9crit par\" \/>\n\t<meta name=\"twitter:data1\" content=\"redazione\" \/>\n\t<meta name=\"twitter:label2\" content=\"Dur\u00e9e de lecture estim\u00e9e\" \/>\n\t<meta name=\"twitter:data2\" content=\"3 minutes\" \/>\n<script type=\"application\/ld+json\" class=\"yoast-schema-graph\">{\"@context\":\"https:\\\/\\\/schema.org\",\"@graph\":[{\"@type\":\"Article\",\"@id\":\"https:\\\/\\\/www.bellunopress.it\\\/2021\\\/04\\\/26\\\/oggi-si-e-insediato-il-nuovo-prefetto-di-belluno-mariano-savastano\\\/#article\",\"isPartOf\":{\"@id\":\"https:\\\/\\\/www.bellunopress.it\\\/2021\\\/04\\\/26\\\/oggi-si-e-insediato-il-nuovo-prefetto-di-belluno-mariano-savastano\\\/\"},\"author\":{\"name\":\"redazione\",\"@id\":\"https:\\\/\\\/www.bellunopress.it\\\/#\\\/schema\\\/person\\\/79bb06722b37ece1c03d3e94beb30d73\"},\"headline\":\"Oggi si \u00e8 insediato il nuovo prefetto di Belluno, Mariano Savastano\",\"datePublished\":\"2021-04-26T14:11:03+00:00\",\"dateModified\":\"2021-04-26T14:22:10+00:00\",\"mainEntityOfPage\":{\"@id\":\"https:\\\/\\\/www.bellunopress.it\\\/2021\\\/04\\\/26\\\/oggi-si-e-insediato-il-nuovo-prefetto-di-belluno-mariano-savastano\\\/\"},\"wordCount\":508,\"publisher\":{\"@id\":\"https:\\\/\\\/www.bellunopress.it\\\/#organization\"},\"image\":{\"@id\":\"https:\\\/\\\/www.bellunopress.it\\\/2021\\\/04\\\/26\\\/oggi-si-e-insediato-il-nuovo-prefetto-di-belluno-mariano-savastano\\\/#primaryimage\"},\"thumbnailUrl\":\"https:\\\/\\\/www.bellunopress.it\\\/wp-content\\\/uploads\\\/2021\\\/03\\\/prefettura_edited.jpg\",\"articleSection\":[\"Prima Pagina\",\"Societ\u00e0, Associazioni, Istituzioni\"],\"inLanguage\":\"fr-FR\"},{\"@type\":\"WebPage\",\"@id\":\"https:\\\/\\\/www.bellunopress.it\\\/2021\\\/04\\\/26\\\/oggi-si-e-insediato-il-nuovo-prefetto-di-belluno-mariano-savastano\\\/\",\"url\":\"https:\\\/\\\/www.bellunopress.it\\\/2021\\\/04\\\/26\\\/oggi-si-e-insediato-il-nuovo-prefetto-di-belluno-mariano-savastano\\\/\",\"name\":\"Oggi si \u00e8 insediato il nuovo prefetto di Belluno, Mariano Savastano - Bellunopress - Dolomiti\",\"isPartOf\":{\"@id\":\"https:\\\/\\\/www.bellunopress.it\\\/#website\"},\"primaryImageOfPage\":{\"@id\":\"https:\\\/\\\/www.bellunopress.it\\\/2021\\\/04\\\/26\\\/oggi-si-e-insediato-il-nuovo-prefetto-di-belluno-mariano-savastano\\\/#primaryimage\"},\"image\":{\"@id\":\"https:\\\/\\\/www.bellunopress.it\\\/2021\\\/04\\\/26\\\/oggi-si-e-insediato-il-nuovo-prefetto-di-belluno-mariano-savastano\\\/#primaryimage\"},\"thumbnailUrl\":\"https:\\\/\\\/www.bellunopress.it\\\/wp-content\\\/uploads\\\/2021\\\/03\\\/prefettura_edited.jpg\",\"datePublished\":\"2021-04-26T14:11:03+00:00\",\"dateModified\":\"2021-04-26T14:22:10+00:00\",\"breadcrumb\":{\"@id\":\"https:\\\/\\\/www.bellunopress.it\\\/2021\\\/04\\\/26\\\/oggi-si-e-insediato-il-nuovo-prefetto-di-belluno-mariano-savastano\\\/#breadcrumb\"},\"inLanguage\":\"fr-FR\",\"potentialAction\":[{\"@type\":\"ReadAction\",\"target\":[\"https:\\\/\\\/www.bellunopress.it\\\/2021\\\/04\\\/26\\\/oggi-si-e-insediato-il-nuovo-prefetto-di-belluno-mariano-savastano\\\/\"]}]},{\"@type\":\"ImageObject\",\"inLanguage\":\"fr-FR\",\"@id\":\"https:\\\/\\\/www.bellunopress.it\\\/2021\\\/04\\\/26\\\/oggi-si-e-insediato-il-nuovo-prefetto-di-belluno-mariano-savastano\\\/#primaryimage\",\"url\":\"https:\\\/\\\/www.bellunopress.it\\\/wp-content\\\/uploads\\\/2021\\\/03\\\/prefettura_edited.jpg\",\"contentUrl\":\"https:\\\/\\\/www.bellunopress.it\\\/wp-content\\\/uploads\\\/2021\\\/03\\\/prefettura_edited.jpg\",\"width\":821,\"height\":1000,\"caption\":\"Prefettura di Belluno\"},{\"@type\":\"BreadcrumbList\",\"@id\":\"https:\\\/\\\/www.bellunopress.it\\\/2021\\\/04\\\/26\\\/oggi-si-e-insediato-il-nuovo-prefetto-di-belluno-mariano-savastano\\\/#breadcrumb\",\"itemListElement\":[{\"@type\":\"ListItem\",\"position\":1,\"name\":\"Home\",\"item\":\"https:\\\/\\\/www.bellunopress.it\\\/\"},{\"@type\":\"ListItem\",\"position\":2,\"name\":\"Oggi si \u00e8 insediato il nuovo prefetto di Belluno, Mariano Savastano\"}]},{\"@type\":\"WebSite\",\"@id\":\"https:\\\/\\\/www.bellunopress.it\\\/#website\",\"url\":\"https:\\\/\\\/www.bellunopress.it\\\/\",\"name\":\"Bellunopress - Dolomiti\",\"description\":\"e-mail: redazione@bellunopress.it\",\"publisher\":{\"@id\":\"https:\\\/\\\/www.bellunopress.it\\\/#organization\"},\"potentialAction\":[{\"@type\":\"SearchAction\",\"target\":{\"@type\":\"EntryPoint\",\"urlTemplate\":\"https:\\\/\\\/www.bellunopress.it\\\/?s={search_term_string}\"},\"query-input\":{\"@type\":\"PropertyValueSpecification\",\"valueRequired\":true,\"valueName\":\"search_term_string\"}}],\"inLanguage\":\"fr-FR\"},{\"@type\":\"Organization\",\"@id\":\"https:\\\/\\\/www.bellunopress.it\\\/#organization\",\"name\":\"Bellunopress\",\"url\":\"https:\\\/\\\/www.bellunopress.it\\\/\",\"logo\":{\"@type\":\"ImageObject\",\"inLanguage\":\"fr-FR\",\"@id\":\"https:\\\/\\\/www.bellunopress.it\\\/#\\\/schema\\\/logo\\\/image\\\/\",\"url\":\"https:\\\/\\\/www.bellunopress.it\\\/wp-content\\\/uploads\\\/2011\\\/05\\\/cropped-logo-bellunopress-.jpg\",\"contentUrl\":\"https:\\\/\\\/www.bellunopress.it\\\/wp-content\\\/uploads\\\/2011\\\/05\\\/cropped-logo-bellunopress-.jpg\",\"width\":512,\"height\":512,\"caption\":\"Bellunopress\"},\"image\":{\"@id\":\"https:\\\/\\\/www.bellunopress.it\\\/#\\\/schema\\\/logo\\\/image\\\/\"},\"sameAs\":[\"https:\\\/\\\/www.facebook.com\\\/profile.php?id=100008943462799\",\"https:\\\/\\\/x.com\\\/bellunopress\",\"https:\\\/\\\/www.linkedin.com\\\/hp\\\/?dnr=JBzUWaJfMUw8vbXJJ2tVW5-I3jZKvC4wsoxE&amp;amp;amp;amp;amp;amp;trk=nav_responsive_tab_home\",\"https:\\\/\\\/www.youtube.com\\\/channel\\\/UCxL0wu1uN0_3_7hGG0306cw\"]},{\"@type\":\"Person\",\"@id\":\"https:\\\/\\\/www.bellunopress.it\\\/#\\\/schema\\\/person\\\/79bb06722b37ece1c03d3e94beb30d73\",\"name\":\"redazione\",\"image\":{\"@type\":\"ImageObject\",\"inLanguage\":\"fr-FR\",\"@id\":\"https:\\\/\\\/secure.gravatar.com\\\/avatar\\\/37d968a2e67a6fd04c169c4bdef102d0bc5d31b2546345219e348575eb80e9a0?s=96&d=mm&r=g\",\"url\":\"https:\\\/\\\/secure.gravatar.com\\\/avatar\\\/37d968a2e67a6fd04c169c4bdef102d0bc5d31b2546345219e348575eb80e9a0?s=96&d=mm&r=g\",\"contentUrl\":\"https:\\\/\\\/secure.gravatar.com\\\/avatar\\\/37d968a2e67a6fd04c169c4bdef102d0bc5d31b2546345219e348575eb80e9a0?s=96&d=mm&r=g\",\"caption\":\"redazione\"},\"sameAs\":[\"http:\\\/\\\/www.bellunopress.it\",\"https:\\\/\\\/x.com\\\/bellunopress\"],\"url\":\"https:\\\/\\\/www.bellunopress.it\\\/fr\\\/author\\\/redazione\\\/\"}]}<\/script>\n<!-- \/ Yoast SEO plugin. -->","yoast_head_json":{"title":"Oggi si \u00e8 insediato il nuovo prefetto di Belluno, Mariano Savastano - Bellunopress - Dolomiti","robots":{"index":"index","follow":"follow","max-snippet":"max-snippet:-1","max-image-preview":"max-image-preview:large","max-video-preview":"max-video-preview:-1"},"canonical":"https:\/\/www.bellunopress.it\/fr\/2021\/04\/26\/oggi-si-e-insediato-il-nuovo-prefetto-di-belluno-mariano-savastano\/","og_locale":"fr_FR","og_type":"article","og_title":"Oggi si \u00e8 insediato il nuovo prefetto di Belluno, Mariano Savastano - Bellunopress - Dolomiti","og_description":"Oggi, 26 aprile 2021, si \u00e8 formalmente insediato il nuovo Prefetto di Belluno, Mariano Savastano. In mattinata il prefetto ha reso visita al sindaco di Belluno e al presidente della Provincia. Nel corso della giornata ha incontrato i vertici delle Forze di Polizia a Palazzo dei Rettori sede della Prefettura. Mercoled\u00ec, alle ore 10.30, il [&hellip;]","og_url":"https:\/\/www.bellunopress.it\/fr\/2021\/04\/26\/oggi-si-e-insediato-il-nuovo-prefetto-di-belluno-mariano-savastano\/","og_site_name":"Bellunopress - Dolomiti","article_publisher":"https:\/\/www.facebook.com\/profile.php?id=100008943462799","article_published_time":"2021-04-26T14:11:03+00:00","article_modified_time":"2021-04-26T14:22:10+00:00","og_image":[{"width":821,"height":1000,"url":"https:\/\/www.bellunopress.it\/wp-content\/uploads\/2021\/03\/prefettura_edited.jpg","type":"image\/jpeg"}],"author":"redazione","twitter_card":"summary_large_image","twitter_creator":"@bellunopress","twitter_site":"@bellunopress","twitter_misc":{"\u00c9crit par":"redazione","Dur\u00e9e de lecture estim\u00e9e":"3 minutes"},"schema":{"@context":"https:\/\/schema.org","@graph":[{"@type":"Article","@id":"https:\/\/www.bellunopress.it\/2021\/04\/26\/oggi-si-e-insediato-il-nuovo-prefetto-di-belluno-mariano-savastano\/#article","isPartOf":{"@id":"https:\/\/www.bellunopress.it\/2021\/04\/26\/oggi-si-e-insediato-il-nuovo-prefetto-di-belluno-mariano-savastano\/"},"author":{"name":"redazione","@id":"https:\/\/www.bellunopress.it\/#\/schema\/person\/79bb06722b37ece1c03d3e94beb30d73"},"headline":"Oggi si \u00e8 insediato il nuovo prefetto di Belluno, Mariano Savastano","datePublished":"2021-04-26T14:11:03+00:00","dateModified":"2021-04-26T14:22:10+00:00","mainEntityOfPage":{"@id":"https:\/\/www.bellunopress.it\/2021\/04\/26\/oggi-si-e-insediato-il-nuovo-prefetto-di-belluno-mariano-savastano\/"},"wordCount":508,"publisher":{"@id":"https:\/\/www.bellunopress.it\/#organization"},"image":{"@id":"https:\/\/www.bellunopress.it\/2021\/04\/26\/oggi-si-e-insediato-il-nuovo-prefetto-di-belluno-mariano-savastano\/#primaryimage"},"thumbnailUrl":"https:\/\/www.bellunopress.it\/wp-content\/uploads\/2021\/03\/prefettura_edited.jpg","articleSection":["Prima Pagina","Societ\u00e0, Associazioni, Istituzioni"],"inLanguage":"fr-FR"},{"@type":"WebPage","@id":"https:\/\/www.bellunopress.it\/2021\/04\/26\/oggi-si-e-insediato-il-nuovo-prefetto-di-belluno-mariano-savastano\/","url":"https:\/\/www.bellunopress.it\/2021\/04\/26\/oggi-si-e-insediato-il-nuovo-prefetto-di-belluno-mariano-savastano\/","name":"Oggi si \u00e8 insediato il nuovo prefetto di Belluno, Mariano Savastano - Bellunopress - Dolomiti","isPartOf":{"@id":"https:\/\/www.bellunopress.it\/#website"},"primaryImageOfPage":{"@id":"https:\/\/www.bellunopress.it\/2021\/04\/26\/oggi-si-e-insediato-il-nuovo-prefetto-di-belluno-mariano-savastano\/#primaryimage"},"image":{"@id":"https:\/\/www.bellunopress.it\/2021\/04\/26\/oggi-si-e-insediato-il-nuovo-prefetto-di-belluno-mariano-savastano\/#primaryimage"},"thumbnailUrl":"https:\/\/www.bellunopress.it\/wp-content\/uploads\/2021\/03\/prefettura_edited.jpg","datePublished":"2021-04-26T14:11:03+00:00","dateModified":"2021-04-26T14:22:10+00:00","breadcrumb":{"@id":"https:\/\/www.bellunopress.it\/2021\/04\/26\/oggi-si-e-insediato-il-nuovo-prefetto-di-belluno-mariano-savastano\/#breadcrumb"},"inLanguage":"fr-FR","potentialAction":[{"@type":"ReadAction","target":["https:\/\/www.bellunopress.it\/2021\/04\/26\/oggi-si-e-insediato-il-nuovo-prefetto-di-belluno-mariano-savastano\/"]}]},{"@type":"ImageObject","inLanguage":"fr-FR","@id":"https:\/\/www.bellunopress.it\/2021\/04\/26\/oggi-si-e-insediato-il-nuovo-prefetto-di-belluno-mariano-savastano\/#primaryimage","url":"https:\/\/www.bellunopress.it\/wp-content\/uploads\/2021\/03\/prefettura_edited.jpg","contentUrl":"https:\/\/www.bellunopress.it\/wp-content\/uploads\/2021\/03\/prefettura_edited.jpg","width":821,"height":1000,"caption":"Prefettura di Belluno"},{"@type":"BreadcrumbList","@id":"https:\/\/www.bellunopress.it\/2021\/04\/26\/oggi-si-e-insediato-il-nuovo-prefetto-di-belluno-mariano-savastano\/#breadcrumb","itemListElement":[{"@type":"ListItem","position":1,"name":"Home","item":"https:\/\/www.bellunopress.it\/"},{"@type":"ListItem","position":2,"name":"Oggi si \u00e8 insediato il nuovo prefetto di Belluno, Mariano Savastano"}]},{"@type":"WebSite","@id":"https:\/\/www.bellunopress.it\/#website","url":"https:\/\/www.bellunopress.it\/","name":"Bellunopress - Dolomiti","description":"e-mail: redazione@bellunopress.it","publisher":{"@id":"https:\/\/www.bellunopress.it\/#organization"},"potentialAction":[{"@type":"SearchAction","target":{"@type":"EntryPoint","urlTemplate":"https:\/\/www.bellunopress.it\/?s={search_term_string}"},"query-input":{"@type":"PropertyValueSpecification","valueRequired":true,"valueName":"search_term_string"}}],"inLanguage":"fr-FR"},{"@type":"Organization","@id":"https:\/\/www.bellunopress.it\/#organization","name":"Bellunopress","url":"https:\/\/www.bellunopress.it\/","logo":{"@type":"ImageObject","inLanguage":"fr-FR","@id":"https:\/\/www.bellunopress.it\/#\/schema\/logo\/image\/","url":"https:\/\/www.bellunopress.it\/wp-content\/uploads\/2011\/05\/cropped-logo-bellunopress-.jpg","contentUrl":"https:\/\/www.bellunopress.it\/wp-content\/uploads\/2011\/05\/cropped-logo-bellunopress-.jpg","width":512,"height":512,"caption":"Bellunopress"},"image":{"@id":"https:\/\/www.bellunopress.it\/#\/schema\/logo\/image\/"},"sameAs":["https:\/\/www.facebook.com\/profile.php?id=100008943462799","https:\/\/x.com\/bellunopress","https:\/\/www.linkedin.com\/hp\/?dnr=JBzUWaJfMUw8vbXJJ2tVW5-I3jZKvC4wsoxE&amp;amp;amp;amp;amp;amp;trk=nav_responsive_tab_home","https:\/\/www.youtube.com\/channel\/UCxL0wu1uN0_3_7hGG0306cw"]},{"@type":"Person","@id":"https:\/\/www.bellunopress.it\/#\/schema\/person\/79bb06722b37ece1c03d3e94beb30d73","name":"r\u00e9daction","image":{"@type":"ImageObject","inLanguage":"fr-FR","@id":"https:\/\/secure.gravatar.com\/avatar\/37d968a2e67a6fd04c169c4bdef102d0bc5d31b2546345219e348575eb80e9a0?s=96&d=mm&r=g","url":"https:\/\/secure.gravatar.com\/avatar\/37d968a2e67a6fd04c169c4bdef102d0bc5d31b2546345219e348575eb80e9a0?s=96&d=mm&r=g","contentUrl":"https:\/\/secure.gravatar.com\/avatar\/37d968a2e67a6fd04c169c4bdef102d0bc5d31b2546345219e348575eb80e9a0?s=96&d=mm&r=g","caption":"redazione"},"sameAs":["http:\/\/www.bellunopress.it","https:\/\/x.com\/bellunopress"],"url":"https:\/\/www.bellunopress.it\/fr\/author\/redazione\/"}]}},"_links":{"self":[{"href":"https:\/\/www.bellunopress.it\/fr\/wp-json\/wp\/v2\/posts\/123749","targetHints":{"allow":["GET"]}}],"collection":[{"href":"https:\/\/www.bellunopress.it\/fr\/wp-json\/wp\/v2\/posts"}],"about":[{"href":"https:\/\/www.bellunopress.it\/fr\/wp-json\/wp\/v2\/types\/post"}],"author":[{"embeddable":true,"href":"https:\/\/www.bellunopress.it\/fr\/wp-json\/wp\/v2\/users\/2"}],"replies":[{"embeddable":true,"href":"https:\/\/www.bellunopress.it\/fr\/wp-json\/wp\/v2\/comments?post=123749"}],"version-history":[{"count":3,"href":"https:\/\/www.bellunopress.it\/fr\/wp-json\/wp\/v2\/posts\/123749\/revisions"}],"predecessor-version":[{"id":123752,"href":"https:\/\/www.bellunopress.it\/fr\/wp-json\/wp\/v2\/posts\/123749\/revisions\/123752"}],"wp:featuredmedia":[{"embeddable":true,"href":"https:\/\/www.bellunopress.it\/fr\/wp-json\/wp\/v2\/media\/122122"}],"wp:attachment":[{"href":"https:\/\/www.bellunopress.it\/fr\/wp-json\/wp\/v2\/media?parent=123749"}],"wp:term":[{"taxonomy":"category","embeddable":true,"href":"https:\/\/www.bellunopress.it\/fr\/wp-json\/wp\/v2\/categories?post=123749"},{"taxonomy":"post_tag","embeddable":true,"href":"https:\/\/www.bellunopress.it\/fr\/wp-json\/wp\/v2\/tags?post=123749"}],"curies":[{"name":"wp","href":"https:\/\/api.w.org\/{rel}","templated":true}]}}