{"id":123746,"date":"2021-04-26T11:47:23","date_gmt":"2021-04-26T09:47:23","guid":{"rendered":"https:\/\/www.bellunopress.it\/?p=123746"},"modified":"2021-04-26T13:51:25","modified_gmt":"2021-04-26T11:51:25","slug":"aziende-sotto-attacco-informatico-confindustria-e-aon-scendono-in-campo-per-la-sicurezza","status":"publish","type":"post","link":"https:\/\/www.bellunopress.it\/fr\/2021\/04\/26\/aziende-sotto-attacco-informatico-confindustria-e-aon-scendono-in-campo-per-la-sicurezza\/","title":{"rendered":"Aziende sotto attacco informatico. Confindustria e Aon scendono in campo per la sicurezza"},"content":{"rendered":"<figure id=\"attachment_111634\" aria-describedby=\"caption-attachment-111634\" style=\"width: 215px\" class=\"wp-caption alignleft\"><a href=\"https:\/\/www.bellunopress.it\/fr\/2020\/01\/28\/la-relazione-della-presidente-di-confindustria-belluno-dolomiti-loreraine-berton-al-tetaro-comunale\/lorraine-berton-presidente-industriali\/\" rel=\"attachment wp-att-111634\"><img loading=\"lazy\" decoding=\"async\" class=\"size-full wp-image-111634\" src=\"https:\/\/www.bellunopress.it\/wp-content\/uploads\/2020\/01\/Lorraine-Berton-presidente-industriali.jpg\" alt=\"\" width=\"215\" height=\"300\" \/><\/a><figcaption id=\"caption-attachment-111634\" class=\"wp-caption-text\">Lorraine Berton<\/figcaption><\/figure>\n<p>Belluno, 26 aprile 2021 &#8211; L\u2019accelerazione del fenomeno dei crimini digitali \u00e8 vertiginosa e non risparmia nemmeno le aziende del territorio. Anzi, con l\u2019aumento esponenziale delle attivit\u00e0 da remoto derivante dalla pandemia, il trend \u00e8 ulteriormente peggiorato, come dimostrano anche recenti dati elaborati a livello nazionale: oltre nove imprese su dieci hanno subito infatti attacchi alla loro sicurezza informatica, spesso con danni ingenti.<\/p>\n<p>Un\u2019emergenza invisibile ma diffusa che ha spinto Confindustria Belluno Dolomiti con il braccio operativo Reviviscar a rinsaldare la collaborazione con Aon, primo gruppo in Italia e nel mondo nella consulenza dei rischi e delle risorse umane, nell\u2019intermediazione assicurativa e riassicurativa.<br \/>\nIl nuovo servizio messo a disposizione delle aziende \u00e8 stato illustrato nel corso di una conferenza stampa nella giornata di oggi, luned\u00ec 26 aprile, cui hanno partecipato Lorraine Berton, presidente di Confindustria Belluno Dolomiti, Stefano Giacomelli, delegato all\u2019innovazione dell\u2019Associazione, Mario Bizzi, Board member &amp; head of Consulting di Aon.<\/p>\n<p>Si tratta nello specifico da un lato dell\u2019analisi del profilo di rischio cyber dell\u2019azienda attraverso l\u2019utilizzo di \u201cCy-Qu\u201d (Cyber Quotient Evaluation), tool online basato su un software proprietario di Aon, volto all\u2019analisi e alla mitigazione del profilo di rischio cyber. Questo strumento consente all\u2019impresa, nell\u2019arco di un paio d\u2019ore, di avere un quadro del proprio profilo di cyber security su tutte le dimensioni rilevanti di questo rischio e ricevere da Aon dei consigli sulle strategie di mitigazione chiare e praticabili da mettere in atto per migliorare la resilienza dell\u2019azienda ed approfondire eventuali altre analisi in modo mirato.<br \/>\nDall\u2019altro lato, questa partnership prevede l\u2019assistenza di un ampio team di esperti consulenti Aon, nel caso un\u2019azienda dovesse essere oggetto di un attacco cyber, per rispondere in maniera efficace e tempestiva alle violazioni di sicurezza subite e recuperare l\u2019operativit\u00e0 nel pi\u00f9 breve tempo possibile, assicurando anche la rispondenza alle normative vigenti in tema di data privacy.<\/p>\n<p>\u201cOgni giorno assistiamo a furti di dati, frodi informatiche, ricatti, che spesso portano allo stop dell\u2019attivit\u00e0 lavorativa ordinaria e a problemi con terzi e clienti, provocando danni potenzialmente enormi\u201d, afferma Lorraine Berton, presidente di Confindustria Belluno Dolomiti. \u201cAnche per questo, la protezione digitale delle nostre aziende sta diventando sempre di pi\u00f9 un fattore competitivo. Nell\u2019economia 4.0, i dati hanno assunto una importanza cruciale e noi dobbiamo averne cura\u201d, sottolinea Berton, che ricorda come nello stesso Bellunese non siano mancati episodi di hackeraggio anche gravi, riportati peraltro dalle cronache.<br \/>\nNel recente passato, l\u2019Associazione degli Industriali, aveva invitato le imprese bellunesi a effettuare il Cyber Security Check, istituendo un apposito sportello proprio in collaborazione con Aon. Oggi l\u2019ulteriore passo in avanti per rispondere a nuove e urgenti esigenze.<\/p>\n<p>\u201cIn un mondo sempre pi\u00f9 digitale, il rischio cyber \u00e8 particolarmente insidioso. Gli stessi criminali informatici aggiornano di continuo i loro sistemi, evolvendo con la tecnologia\u201d, rimarca Stefano Giacomelli, delegato all\u2019Innovazione di Confindustria Belluno Dolomiti, per il quale \u201cil danno derivante dalle imprese non \u00e8 solo economico e finanziario ma anche \u201creputazionale\u201d, aspetto che non va sottovalutato perch\u00e9 pu\u00f2 avere effetti sul lungo periodo\u201d.<br \/>\nDa qui la task-force istituita in Confindustria con l\u2019obiettivo di innalzare le difese informatiche delle aziende del territorio, piccole, medie e grandi.<br \/>\n\u201cIl nuovo servizio vuole affiancarle sia in una ottica preventiva che di gestione delle conseguenze dell\u2019attacco e di ripristino dei sistemi, sia dal punto di vista tecnico che legale e forense\u201d, illustra Giacomelli.<\/p>\n<p>\u201cSiamo contenti di aver rafforzato la nostra partnership con Confindustria Belluno, con cui collaboriamo ormai da tempo sul fronte cyber security\u201d, ha commentato Enrico Vanin, Amministratore Delegato di Aon S.p.A e di Aon Advisory and Solutions S.r.l. \u201cL\u2019obiettivo che ci poniamo \u00e8 quello di lavorare ancora di pi\u00f9 sulla prevenzione degli attacchi, mettendo la singola azienda nelle condizioni di prendere coscienza delle fragilit\u00e0 e aree potenzialmente critiche che la rendono vulnerabile, per poter colmare eventuali lacune ed essere pronta a mettere in campo tutte le misure necessarie volte a gestire al meglio eventuali attacchi che dovessero verificarsi\u201d.<\/p>\n<p>Questo servizio sar\u00e0 messo a disposizione di tutte le aziende del territorio, che per ogni informazione potranno contattare Confindustria Belluno Dolomiti alla mail cybersecurity@reviviscar.it<br \/>\nPer Aon il contatto di riferimento sul territorio \u00e8 Alessandro Spadoni, branch manager dell\u2019area Treviso.<\/p>\n<p>\u201cAbbiamo scelto uno dei migliori fornitori di servizi del mercato per dare una copertura completa alle nostre imprese. Il fenomeno \u00e8 subdolo e complesso. Dobbiamo contare su una eccellenza come Aon\u201d, conclude Berton.<\/p>\n<p>&nbsp;<\/p>","protected":false},"excerpt":{"rendered":"<p>Belluno, 26 aprile 2021 &#8211; L\u2019accelerazione del fenomeno dei crimini digitali \u00e8 vertiginosa e non risparmia nemmeno le aziende del territorio. Anzi, con l\u2019aumento esponenziale delle attivit\u00e0 da remoto derivante dalla pandemia, il trend \u00e8 ulteriormente peggiorato, come dimostrano anche recenti dati elaborati a livello nazionale: oltre nove imprese su dieci hanno subito infatti attacchi [&hellip;]<\/p>\n","protected":false},"author":2,"featured_media":111634,"comment_status":"closed","ping_status":"open","sticky":false,"template":"","format":"standard","meta":{"footnotes":""},"categories":[36],"tags":[],"class_list":["post-123746","post","type-post","status-publish","format-standard","has-post-thumbnail","category-lavoro-economia"],"yoast_head":"<!-- This site is optimized with the Yoast SEO plugin v28.4 - https:\/\/yoast.com\/product\/yoast-seo-wordpress\/ -->\n<title>Aziende sotto attacco informatico. Confindustria e Aon scendono in campo per la sicurezza - Bellunopress - Dolomiti<\/title>\n<meta name=\"robots\" content=\"index, follow, max-snippet:-1, max-image-preview:large, max-video-preview:-1\" \/>\n<link rel=\"canonical\" href=\"https:\/\/www.bellunopress.it\/fr\/2021\/04\/26\/aziende-sotto-attacco-informatico-confindustria-e-aon-scendono-in-campo-per-la-sicurezza\/\" \/>\n<meta property=\"og:locale\" content=\"fr_FR\" \/>\n<meta property=\"og:type\" content=\"article\" \/>\n<meta property=\"og:title\" content=\"Aziende sotto attacco informatico. Confindustria e Aon scendono in campo per la sicurezza - Bellunopress - Dolomiti\" \/>\n<meta property=\"og:description\" content=\"Belluno, 26 aprile 2021 &#8211; L\u2019accelerazione del fenomeno dei crimini digitali \u00e8 vertiginosa e non risparmia nemmeno le aziende del territorio. Anzi, con l\u2019aumento esponenziale delle attivit\u00e0 da remoto derivante dalla pandemia, il trend \u00e8 ulteriormente peggiorato, come dimostrano anche recenti dati elaborati a livello nazionale: oltre nove imprese su dieci hanno subito infatti attacchi [&hellip;]\" \/>\n<meta property=\"og:url\" content=\"https:\/\/www.bellunopress.it\/fr\/2021\/04\/26\/aziende-sotto-attacco-informatico-confindustria-e-aon-scendono-in-campo-per-la-sicurezza\/\" \/>\n<meta property=\"og:site_name\" content=\"Bellunopress - Dolomiti\" \/>\n<meta property=\"article:publisher\" content=\"https:\/\/www.facebook.com\/profile.php?id=100008943462799\" \/>\n<meta property=\"article:published_time\" content=\"2021-04-26T09:47:23+00:00\" \/>\n<meta property=\"article:modified_time\" content=\"2021-04-26T11:51:25+00:00\" \/>\n<meta property=\"og:image\" content=\"https:\/\/www.bellunopress.it\/wp-content\/uploads\/2020\/01\/Lorraine-Berton-presidente-industriali.jpg\" \/>\n\t<meta property=\"og:image:width\" content=\"215\" \/>\n\t<meta property=\"og:image:height\" content=\"300\" \/>\n\t<meta property=\"og:image:type\" content=\"image\/jpeg\" \/>\n<meta name=\"author\" content=\"redazione\" \/>\n<meta name=\"twitter:card\" content=\"summary_large_image\" \/>\n<meta name=\"twitter:creator\" content=\"@bellunopress\" \/>\n<meta name=\"twitter:site\" content=\"@bellunopress\" \/>\n<meta name=\"twitter:label1\" content=\"Written by\" \/>\n\t<meta name=\"twitter:data1\" content=\"redazione\" \/>\n\t<meta name=\"twitter:label2\" content=\"Est. reading time\" \/>\n\t<meta name=\"twitter:data2\" content=\"4 minutes\" \/>\n<script type=\"application\/ld+json\" class=\"yoast-schema-graph\">{\"@context\":\"https:\\\/\\\/schema.org\",\"@graph\":[{\"@type\":\"Article\",\"@id\":\"https:\\\/\\\/www.bellunopress.it\\\/2021\\\/04\\\/26\\\/aziende-sotto-attacco-informatico-confindustria-e-aon-scendono-in-campo-per-la-sicurezza\\\/#article\",\"isPartOf\":{\"@id\":\"https:\\\/\\\/www.bellunopress.it\\\/2021\\\/04\\\/26\\\/aziende-sotto-attacco-informatico-confindustria-e-aon-scendono-in-campo-per-la-sicurezza\\\/\"},\"author\":{\"name\":\"redazione\",\"@id\":\"https:\\\/\\\/www.bellunopress.it\\\/#\\\/schema\\\/person\\\/79bb06722b37ece1c03d3e94beb30d73\"},\"headline\":\"Aziende sotto attacco informatico. Confindustria e Aon scendono in campo per la sicurezza\",\"datePublished\":\"2021-04-26T09:47:23+00:00\",\"dateModified\":\"2021-04-26T11:51:25+00:00\",\"mainEntityOfPage\":{\"@id\":\"https:\\\/\\\/www.bellunopress.it\\\/2021\\\/04\\\/26\\\/aziende-sotto-attacco-informatico-confindustria-e-aon-scendono-in-campo-per-la-sicurezza\\\/\"},\"wordCount\":763,\"publisher\":{\"@id\":\"https:\\\/\\\/www.bellunopress.it\\\/#organization\"},\"image\":{\"@id\":\"https:\\\/\\\/www.bellunopress.it\\\/2021\\\/04\\\/26\\\/aziende-sotto-attacco-informatico-confindustria-e-aon-scendono-in-campo-per-la-sicurezza\\\/#primaryimage\"},\"thumbnailUrl\":\"https:\\\/\\\/www.bellunopress.it\\\/wp-content\\\/uploads\\\/2020\\\/01\\\/Lorraine-Berton-presidente-industriali.jpg\",\"articleSection\":[\"Lavoro, Economia, Turismo\"],\"inLanguage\":\"fr-FR\"},{\"@type\":\"WebPage\",\"@id\":\"https:\\\/\\\/www.bellunopress.it\\\/2021\\\/04\\\/26\\\/aziende-sotto-attacco-informatico-confindustria-e-aon-scendono-in-campo-per-la-sicurezza\\\/\",\"url\":\"https:\\\/\\\/www.bellunopress.it\\\/2021\\\/04\\\/26\\\/aziende-sotto-attacco-informatico-confindustria-e-aon-scendono-in-campo-per-la-sicurezza\\\/\",\"name\":\"Aziende sotto attacco informatico. Confindustria e Aon scendono in campo per la sicurezza - Bellunopress - Dolomiti\",\"isPartOf\":{\"@id\":\"https:\\\/\\\/www.bellunopress.it\\\/#website\"},\"primaryImageOfPage\":{\"@id\":\"https:\\\/\\\/www.bellunopress.it\\\/2021\\\/04\\\/26\\\/aziende-sotto-attacco-informatico-confindustria-e-aon-scendono-in-campo-per-la-sicurezza\\\/#primaryimage\"},\"image\":{\"@id\":\"https:\\\/\\\/www.bellunopress.it\\\/2021\\\/04\\\/26\\\/aziende-sotto-attacco-informatico-confindustria-e-aon-scendono-in-campo-per-la-sicurezza\\\/#primaryimage\"},\"thumbnailUrl\":\"https:\\\/\\\/www.bellunopress.it\\\/wp-content\\\/uploads\\\/2020\\\/01\\\/Lorraine-Berton-presidente-industriali.jpg\",\"datePublished\":\"2021-04-26T09:47:23+00:00\",\"dateModified\":\"2021-04-26T11:51:25+00:00\",\"breadcrumb\":{\"@id\":\"https:\\\/\\\/www.bellunopress.it\\\/2021\\\/04\\\/26\\\/aziende-sotto-attacco-informatico-confindustria-e-aon-scendono-in-campo-per-la-sicurezza\\\/#breadcrumb\"},\"inLanguage\":\"fr-FR\",\"potentialAction\":[{\"@type\":\"ReadAction\",\"target\":[\"https:\\\/\\\/www.bellunopress.it\\\/2021\\\/04\\\/26\\\/aziende-sotto-attacco-informatico-confindustria-e-aon-scendono-in-campo-per-la-sicurezza\\\/\"]}]},{\"@type\":\"ImageObject\",\"inLanguage\":\"fr-FR\",\"@id\":\"https:\\\/\\\/www.bellunopress.it\\\/2021\\\/04\\\/26\\\/aziende-sotto-attacco-informatico-confindustria-e-aon-scendono-in-campo-per-la-sicurezza\\\/#primaryimage\",\"url\":\"https:\\\/\\\/www.bellunopress.it\\\/wp-content\\\/uploads\\\/2020\\\/01\\\/Lorraine-Berton-presidente-industriali.jpg\",\"contentUrl\":\"https:\\\/\\\/www.bellunopress.it\\\/wp-content\\\/uploads\\\/2020\\\/01\\\/Lorraine-Berton-presidente-industriali.jpg\",\"width\":215,\"height\":300,\"caption\":\"Lorraine Berton\"},{\"@type\":\"BreadcrumbList\",\"@id\":\"https:\\\/\\\/www.bellunopress.it\\\/2021\\\/04\\\/26\\\/aziende-sotto-attacco-informatico-confindustria-e-aon-scendono-in-campo-per-la-sicurezza\\\/#breadcrumb\",\"itemListElement\":[{\"@type\":\"ListItem\",\"position\":1,\"name\":\"Home\",\"item\":\"https:\\\/\\\/www.bellunopress.it\\\/\"},{\"@type\":\"ListItem\",\"position\":2,\"name\":\"Aziende sotto attacco informatico. Confindustria e Aon scendono in campo per la sicurezza\"}]},{\"@type\":\"WebSite\",\"@id\":\"https:\\\/\\\/www.bellunopress.it\\\/#website\",\"url\":\"https:\\\/\\\/www.bellunopress.it\\\/\",\"name\":\"Bellunopress - Dolomiti\",\"description\":\"e-mail: redazione@bellunopress.it\",\"publisher\":{\"@id\":\"https:\\\/\\\/www.bellunopress.it\\\/#organization\"},\"potentialAction\":[{\"@type\":\"SearchAction\",\"target\":{\"@type\":\"EntryPoint\",\"urlTemplate\":\"https:\\\/\\\/www.bellunopress.it\\\/?s={search_term_string}\"},\"query-input\":{\"@type\":\"PropertyValueSpecification\",\"valueRequired\":true,\"valueName\":\"search_term_string\"}}],\"inLanguage\":\"fr-FR\"},{\"@type\":\"Organization\",\"@id\":\"https:\\\/\\\/www.bellunopress.it\\\/#organization\",\"name\":\"Bellunopress\",\"url\":\"https:\\\/\\\/www.bellunopress.it\\\/\",\"logo\":{\"@type\":\"ImageObject\",\"inLanguage\":\"fr-FR\",\"@id\":\"https:\\\/\\\/www.bellunopress.it\\\/#\\\/schema\\\/logo\\\/image\\\/\",\"url\":\"https:\\\/\\\/www.bellunopress.it\\\/wp-content\\\/uploads\\\/2011\\\/05\\\/cropped-logo-bellunopress-.jpg\",\"contentUrl\":\"https:\\\/\\\/www.bellunopress.it\\\/wp-content\\\/uploads\\\/2011\\\/05\\\/cropped-logo-bellunopress-.jpg\",\"width\":512,\"height\":512,\"caption\":\"Bellunopress\"},\"image\":{\"@id\":\"https:\\\/\\\/www.bellunopress.it\\\/#\\\/schema\\\/logo\\\/image\\\/\"},\"sameAs\":[\"https:\\\/\\\/www.facebook.com\\\/profile.php?id=100008943462799\",\"https:\\\/\\\/x.com\\\/bellunopress\",\"https:\\\/\\\/www.linkedin.com\\\/hp\\\/?dnr=JBzUWaJfMUw8vbXJJ2tVW5-I3jZKvC4wsoxE&amp;amp;amp;amp;amp;amp;trk=nav_responsive_tab_home\",\"https:\\\/\\\/www.youtube.com\\\/channel\\\/UCxL0wu1uN0_3_7hGG0306cw\"]},{\"@type\":\"Person\",\"@id\":\"https:\\\/\\\/www.bellunopress.it\\\/#\\\/schema\\\/person\\\/79bb06722b37ece1c03d3e94beb30d73\",\"name\":\"redazione\",\"image\":{\"@type\":\"ImageObject\",\"inLanguage\":\"fr-FR\",\"@id\":\"https:\\\/\\\/secure.gravatar.com\\\/avatar\\\/37d968a2e67a6fd04c169c4bdef102d0bc5d31b2546345219e348575eb80e9a0?s=96&d=mm&r=g\",\"url\":\"https:\\\/\\\/secure.gravatar.com\\\/avatar\\\/37d968a2e67a6fd04c169c4bdef102d0bc5d31b2546345219e348575eb80e9a0?s=96&d=mm&r=g\",\"contentUrl\":\"https:\\\/\\\/secure.gravatar.com\\\/avatar\\\/37d968a2e67a6fd04c169c4bdef102d0bc5d31b2546345219e348575eb80e9a0?s=96&d=mm&r=g\",\"caption\":\"redazione\"},\"sameAs\":[\"http:\\\/\\\/www.bellunopress.it\",\"https:\\\/\\\/x.com\\\/bellunopress\"],\"url\":\"https:\\\/\\\/www.bellunopress.it\\\/fr\\\/author\\\/redazione\\\/\"}]}<\/script>\n<!-- \/ Yoast SEO plugin. -->","yoast_head_json":{"title":"Aziende sotto attacco informatico. Confindustria e Aon scendono in campo per la sicurezza - Bellunopress - Dolomiti","robots":{"index":"index","follow":"follow","max-snippet":"max-snippet:-1","max-image-preview":"max-image-preview:large","max-video-preview":"max-video-preview:-1"},"canonical":"https:\/\/www.bellunopress.it\/fr\/2021\/04\/26\/aziende-sotto-attacco-informatico-confindustria-e-aon-scendono-in-campo-per-la-sicurezza\/","og_locale":"fr_FR","og_type":"article","og_title":"Aziende sotto attacco informatico. Confindustria e Aon scendono in campo per la sicurezza - Bellunopress - Dolomiti","og_description":"Belluno, 26 aprile 2021 &#8211; L\u2019accelerazione del fenomeno dei crimini digitali \u00e8 vertiginosa e non risparmia nemmeno le aziende del territorio. Anzi, con l\u2019aumento esponenziale delle attivit\u00e0 da remoto derivante dalla pandemia, il trend \u00e8 ulteriormente peggiorato, come dimostrano anche recenti dati elaborati a livello nazionale: oltre nove imprese su dieci hanno subito infatti attacchi [&hellip;]","og_url":"https:\/\/www.bellunopress.it\/fr\/2021\/04\/26\/aziende-sotto-attacco-informatico-confindustria-e-aon-scendono-in-campo-per-la-sicurezza\/","og_site_name":"Bellunopress - Dolomiti","article_publisher":"https:\/\/www.facebook.com\/profile.php?id=100008943462799","article_published_time":"2021-04-26T09:47:23+00:00","article_modified_time":"2021-04-26T11:51:25+00:00","og_image":[{"width":215,"height":300,"url":"https:\/\/www.bellunopress.it\/wp-content\/uploads\/2020\/01\/Lorraine-Berton-presidente-industriali.jpg","type":"image\/jpeg"}],"author":"redazione","twitter_card":"summary_large_image","twitter_creator":"@bellunopress","twitter_site":"@bellunopress","twitter_misc":{"Written by":"redazione","Est. reading time":"4 minutes"},"schema":{"@context":"https:\/\/schema.org","@graph":[{"@type":"Article","@id":"https:\/\/www.bellunopress.it\/2021\/04\/26\/aziende-sotto-attacco-informatico-confindustria-e-aon-scendono-in-campo-per-la-sicurezza\/#article","isPartOf":{"@id":"https:\/\/www.bellunopress.it\/2021\/04\/26\/aziende-sotto-attacco-informatico-confindustria-e-aon-scendono-in-campo-per-la-sicurezza\/"},"author":{"name":"redazione","@id":"https:\/\/www.bellunopress.it\/#\/schema\/person\/79bb06722b37ece1c03d3e94beb30d73"},"headline":"Aziende sotto attacco informatico. Confindustria e Aon scendono in campo per la sicurezza","datePublished":"2021-04-26T09:47:23+00:00","dateModified":"2021-04-26T11:51:25+00:00","mainEntityOfPage":{"@id":"https:\/\/www.bellunopress.it\/2021\/04\/26\/aziende-sotto-attacco-informatico-confindustria-e-aon-scendono-in-campo-per-la-sicurezza\/"},"wordCount":763,"publisher":{"@id":"https:\/\/www.bellunopress.it\/#organization"},"image":{"@id":"https:\/\/www.bellunopress.it\/2021\/04\/26\/aziende-sotto-attacco-informatico-confindustria-e-aon-scendono-in-campo-per-la-sicurezza\/#primaryimage"},"thumbnailUrl":"https:\/\/www.bellunopress.it\/wp-content\/uploads\/2020\/01\/Lorraine-Berton-presidente-industriali.jpg","articleSection":["Lavoro, Economia, Turismo"],"inLanguage":"fr-FR"},{"@type":"WebPage","@id":"https:\/\/www.bellunopress.it\/2021\/04\/26\/aziende-sotto-attacco-informatico-confindustria-e-aon-scendono-in-campo-per-la-sicurezza\/","url":"https:\/\/www.bellunopress.it\/2021\/04\/26\/aziende-sotto-attacco-informatico-confindustria-e-aon-scendono-in-campo-per-la-sicurezza\/","name":"Aziende sotto attacco informatico. Confindustria e Aon scendono in campo per la sicurezza - Bellunopress - Dolomiti","isPartOf":{"@id":"https:\/\/www.bellunopress.it\/#website"},"primaryImageOfPage":{"@id":"https:\/\/www.bellunopress.it\/2021\/04\/26\/aziende-sotto-attacco-informatico-confindustria-e-aon-scendono-in-campo-per-la-sicurezza\/#primaryimage"},"image":{"@id":"https:\/\/www.bellunopress.it\/2021\/04\/26\/aziende-sotto-attacco-informatico-confindustria-e-aon-scendono-in-campo-per-la-sicurezza\/#primaryimage"},"thumbnailUrl":"https:\/\/www.bellunopress.it\/wp-content\/uploads\/2020\/01\/Lorraine-Berton-presidente-industriali.jpg","datePublished":"2021-04-26T09:47:23+00:00","dateModified":"2021-04-26T11:51:25+00:00","breadcrumb":{"@id":"https:\/\/www.bellunopress.it\/2021\/04\/26\/aziende-sotto-attacco-informatico-confindustria-e-aon-scendono-in-campo-per-la-sicurezza\/#breadcrumb"},"inLanguage":"fr-FR","potentialAction":[{"@type":"ReadAction","target":["https:\/\/www.bellunopress.it\/2021\/04\/26\/aziende-sotto-attacco-informatico-confindustria-e-aon-scendono-in-campo-per-la-sicurezza\/"]}]},{"@type":"ImageObject","inLanguage":"fr-FR","@id":"https:\/\/www.bellunopress.it\/2021\/04\/26\/aziende-sotto-attacco-informatico-confindustria-e-aon-scendono-in-campo-per-la-sicurezza\/#primaryimage","url":"https:\/\/www.bellunopress.it\/wp-content\/uploads\/2020\/01\/Lorraine-Berton-presidente-industriali.jpg","contentUrl":"https:\/\/www.bellunopress.it\/wp-content\/uploads\/2020\/01\/Lorraine-Berton-presidente-industriali.jpg","width":215,"height":300,"caption":"Lorraine Berton"},{"@type":"BreadcrumbList","@id":"https:\/\/www.bellunopress.it\/2021\/04\/26\/aziende-sotto-attacco-informatico-confindustria-e-aon-scendono-in-campo-per-la-sicurezza\/#breadcrumb","itemListElement":[{"@type":"ListItem","position":1,"name":"Home","item":"https:\/\/www.bellunopress.it\/"},{"@type":"ListItem","position":2,"name":"Aziende sotto attacco informatico. Confindustria e Aon scendono in campo per la sicurezza"}]},{"@type":"WebSite","@id":"https:\/\/www.bellunopress.it\/#website","url":"https:\/\/www.bellunopress.it\/","name":"Bellunopress - Dolomiti","description":"e-mail: redazione@bellunopress.it","publisher":{"@id":"https:\/\/www.bellunopress.it\/#organization"},"potentialAction":[{"@type":"SearchAction","target":{"@type":"EntryPoint","urlTemplate":"https:\/\/www.bellunopress.it\/?s={search_term_string}"},"query-input":{"@type":"PropertyValueSpecification","valueRequired":true,"valueName":"search_term_string"}}],"inLanguage":"fr-FR"},{"@type":"Organization","@id":"https:\/\/www.bellunopress.it\/#organization","name":"Bellunopress","url":"https:\/\/www.bellunopress.it\/","logo":{"@type":"ImageObject","inLanguage":"fr-FR","@id":"https:\/\/www.bellunopress.it\/#\/schema\/logo\/image\/","url":"https:\/\/www.bellunopress.it\/wp-content\/uploads\/2011\/05\/cropped-logo-bellunopress-.jpg","contentUrl":"https:\/\/www.bellunopress.it\/wp-content\/uploads\/2011\/05\/cropped-logo-bellunopress-.jpg","width":512,"height":512,"caption":"Bellunopress"},"image":{"@id":"https:\/\/www.bellunopress.it\/#\/schema\/logo\/image\/"},"sameAs":["https:\/\/www.facebook.com\/profile.php?id=100008943462799","https:\/\/x.com\/bellunopress","https:\/\/www.linkedin.com\/hp\/?dnr=JBzUWaJfMUw8vbXJJ2tVW5-I3jZKvC4wsoxE&amp;amp;amp;amp;amp;amp;trk=nav_responsive_tab_home","https:\/\/www.youtube.com\/channel\/UCxL0wu1uN0_3_7hGG0306cw"]},{"@type":"Person","@id":"https:\/\/www.bellunopress.it\/#\/schema\/person\/79bb06722b37ece1c03d3e94beb30d73","name":"r\u00e9daction","image":{"@type":"ImageObject","inLanguage":"fr-FR","@id":"https:\/\/secure.gravatar.com\/avatar\/37d968a2e67a6fd04c169c4bdef102d0bc5d31b2546345219e348575eb80e9a0?s=96&d=mm&r=g","url":"https:\/\/secure.gravatar.com\/avatar\/37d968a2e67a6fd04c169c4bdef102d0bc5d31b2546345219e348575eb80e9a0?s=96&d=mm&r=g","contentUrl":"https:\/\/secure.gravatar.com\/avatar\/37d968a2e67a6fd04c169c4bdef102d0bc5d31b2546345219e348575eb80e9a0?s=96&d=mm&r=g","caption":"redazione"},"sameAs":["http:\/\/www.bellunopress.it","https:\/\/x.com\/bellunopress"],"url":"https:\/\/www.bellunopress.it\/fr\/author\/redazione\/"}]}},"_links":{"self":[{"href":"https:\/\/www.bellunopress.it\/fr\/wp-json\/wp\/v2\/posts\/123746","targetHints":{"allow":["GET"]}}],"collection":[{"href":"https:\/\/www.bellunopress.it\/fr\/wp-json\/wp\/v2\/posts"}],"about":[{"href":"https:\/\/www.bellunopress.it\/fr\/wp-json\/wp\/v2\/types\/post"}],"author":[{"embeddable":true,"href":"https:\/\/www.bellunopress.it\/fr\/wp-json\/wp\/v2\/users\/2"}],"replies":[{"embeddable":true,"href":"https:\/\/www.bellunopress.it\/fr\/wp-json\/wp\/v2\/comments?post=123746"}],"version-history":[{"count":1,"href":"https:\/\/www.bellunopress.it\/fr\/wp-json\/wp\/v2\/posts\/123746\/revisions"}],"predecessor-version":[{"id":123748,"href":"https:\/\/www.bellunopress.it\/fr\/wp-json\/wp\/v2\/posts\/123746\/revisions\/123748"}],"wp:featuredmedia":[{"embeddable":true,"href":"https:\/\/www.bellunopress.it\/fr\/wp-json\/wp\/v2\/media\/111634"}],"wp:attachment":[{"href":"https:\/\/www.bellunopress.it\/fr\/wp-json\/wp\/v2\/media?parent=123746"}],"wp:term":[{"taxonomy":"category","embeddable":true,"href":"https:\/\/www.bellunopress.it\/fr\/wp-json\/wp\/v2\/categories?post=123746"},{"taxonomy":"post_tag","embeddable":true,"href":"https:\/\/www.bellunopress.it\/fr\/wp-json\/wp\/v2\/tags?post=123746"}],"curies":[{"name":"wp","href":"https:\/\/api.w.org\/{rel}","templated":true}]}}