{"id":123738,"date":"2021-04-26T12:08:47","date_gmt":"2021-04-26T10:08:47","guid":{"rendered":"https:\/\/www.bellunopress.it\/?p=123738"},"modified":"2021-04-26T12:08:47","modified_gmt":"2021-04-26T10:08:47","slug":"fauna-selvatica-7-investimenti-nelle-ultime-24-ore","status":"publish","type":"post","link":"https:\/\/www.bellunopress.it\/fr\/2021\/04\/26\/fauna-selvatica-7-investimenti-nelle-ultime-24-ore\/","title":{"rendered":"Fauna selvatica: 7 investimenti nelle ultime 24 ore"},"content":{"rendered":"<p><a href=\"https:\/\/www.bellunopress.it\/fr\/2020\/09\/04\/contrordine-il-tar-anticipa-la-riapertura-della-caccia-ai-cervi-maschi-femmine-e-piccoli-nelle-alpi\/cervo_edited\/\" rel=\"attachment wp-att-117337\"><img loading=\"lazy\" decoding=\"async\" class=\"alignleft size-full wp-image-117337\" src=\"https:\/\/www.bellunopress.it\/wp-content\/uploads\/2020\/09\/Cervo_edited.jpg\" alt=\"\" width=\"800\" height=\"628\" srcset=\"https:\/\/www.bellunopress.it\/wp-content\/uploads\/2020\/09\/Cervo_edited.jpg 800w, https:\/\/www.bellunopress.it\/wp-content\/uploads\/2020\/09\/Cervo_edited-500x393.jpg 500w, https:\/\/www.bellunopress.it\/wp-content\/uploads\/2020\/09\/Cervo_edited-696x546.jpg 696w, https:\/\/www.bellunopress.it\/wp-content\/uploads\/2020\/09\/Cervo_edited-535x420.jpg 535w\" sizes=\"auto, (max-width: 800px) 100vw, 800px\" \/><\/a>Belluno, 26 aprile 2021 &#8211; Tra ieri mattina e stamattina si sono verificati 7 investimenti di ungulati sulle strade della nostra provincia. Lo comunica il comando dei carabinieri di Belluno.<\/p>\n<p>Alle 7.30 di ieri un capriolo a Santa Giustina. Un&#8217;ora dopo, alle 8.30 di ieri ancora un cervo sempre nel Comune di\u00a0 Santa Giustina. Alle 21.30 un altro cervo \u00e8 stato investito in Val di Zoldo. All&#8217;1.30 di questa notte un capriolo a Fortogna (Longarone). Alle 4.30 di questa mattina un cervo a Belluno vicino alla Veneggia.\u00a0 Alle 5 un cervo a Quero e alle 5.30 ancora un cervo a Quero.<\/p>","protected":false},"excerpt":{"rendered":"<p>Belluno, 26 aprile 2021 &#8211; Tra ieri mattina e stamattina si sono verificati 7 investimenti di ungulati sulle strade della nostra provincia. Lo comunica il comando dei carabinieri di Belluno. Alle 7.30 di ieri un capriolo a Santa Giustina. Un&#8217;ora dopo, alle 8.30 di ieri ancora un cervo sempre nel Comune di\u00a0 Santa Giustina. Alle [&hellip;]<\/p>\n","protected":false},"author":2,"featured_media":117337,"comment_status":"closed","ping_status":"open","sticky":false,"template":"","format":"standard","meta":{"footnotes":""},"categories":[5,26],"tags":[],"class_list":["post-123738","post","type-post","status-publish","format-standard","has-post-thumbnail","category-cronaca","category-prima-pagina"],"yoast_head":"<!-- This site is optimized with the Yoast SEO plugin v28.4 - https:\/\/yoast.com\/product\/yoast-seo-wordpress\/ -->\n<title>Fauna selvatica: 7 investimenti nelle ultime 24 ore - Bellunopress - Dolomiti<\/title>\n<meta name=\"robots\" content=\"index, follow, max-snippet:-1, max-image-preview:large, max-video-preview:-1\" \/>\n<link rel=\"canonical\" href=\"https:\/\/www.bellunopress.it\/fr\/2021\/04\/26\/fauna-selvatica-7-investimenti-nelle-ultime-24-ore\/\" \/>\n<meta property=\"og:locale\" content=\"fr_FR\" \/>\n<meta property=\"og:type\" content=\"article\" \/>\n<meta property=\"og:title\" content=\"Fauna selvatica: 7 investimenti nelle ultime 24 ore - Bellunopress - Dolomiti\" \/>\n<meta property=\"og:description\" content=\"Belluno, 26 aprile 2021 &#8211; Tra ieri mattina e stamattina si sono verificati 7 investimenti di ungulati sulle strade della nostra provincia. Lo comunica il comando dei carabinieri di Belluno. Alle 7.30 di ieri un capriolo a Santa Giustina. Un&#8217;ora dopo, alle 8.30 di ieri ancora un cervo sempre nel Comune di\u00a0 Santa Giustina. Alle [&hellip;]\" \/>\n<meta property=\"og:url\" content=\"https:\/\/www.bellunopress.it\/fr\/2021\/04\/26\/fauna-selvatica-7-investimenti-nelle-ultime-24-ore\/\" \/>\n<meta property=\"og:site_name\" content=\"Bellunopress - Dolomiti\" \/>\n<meta property=\"article:publisher\" content=\"https:\/\/www.facebook.com\/profile.php?id=100008943462799\" \/>\n<meta property=\"article:published_time\" content=\"2021-04-26T10:08:47+00:00\" \/>\n<meta property=\"og:image\" content=\"https:\/\/www.bellunopress.it\/wp-content\/uploads\/2020\/09\/Cervo_edited.jpg\" \/>\n\t<meta property=\"og:image:width\" content=\"800\" \/>\n\t<meta property=\"og:image:height\" content=\"628\" \/>\n\t<meta property=\"og:image:type\" content=\"image\/jpeg\" \/>\n<meta name=\"author\" content=\"redazione\" \/>\n<meta name=\"twitter:card\" content=\"summary_large_image\" \/>\n<meta name=\"twitter:creator\" content=\"@bellunopress\" \/>\n<meta name=\"twitter:site\" content=\"@bellunopress\" \/>\n<meta name=\"twitter:label1\" content=\"\u00c9crit par\" \/>\n\t<meta name=\"twitter:data1\" content=\"redazione\" \/>\n\t<meta name=\"twitter:label2\" content=\"Dur\u00e9e de lecture estim\u00e9e\" \/>\n\t<meta name=\"twitter:data2\" content=\"1 minute\" \/>\n<script type=\"application\/ld+json\" class=\"yoast-schema-graph\">{\"@context\":\"https:\\\/\\\/schema.org\",\"@graph\":[{\"@type\":\"Article\",\"@id\":\"https:\\\/\\\/www.bellunopress.it\\\/2021\\\/04\\\/26\\\/fauna-selvatica-7-investimenti-nelle-ultime-24-ore\\\/#article\",\"isPartOf\":{\"@id\":\"https:\\\/\\\/www.bellunopress.it\\\/2021\\\/04\\\/26\\\/fauna-selvatica-7-investimenti-nelle-ultime-24-ore\\\/\"},\"author\":{\"name\":\"redazione\",\"@id\":\"https:\\\/\\\/www.bellunopress.it\\\/#\\\/schema\\\/person\\\/79bb06722b37ece1c03d3e94beb30d73\"},\"headline\":\"Fauna selvatica: 7 investimenti nelle ultime 24 ore\",\"datePublished\":\"2021-04-26T10:08:47+00:00\",\"mainEntityOfPage\":{\"@id\":\"https:\\\/\\\/www.bellunopress.it\\\/2021\\\/04\\\/26\\\/fauna-selvatica-7-investimenti-nelle-ultime-24-ore\\\/\"},\"wordCount\":98,\"publisher\":{\"@id\":\"https:\\\/\\\/www.bellunopress.it\\\/#organization\"},\"image\":{\"@id\":\"https:\\\/\\\/www.bellunopress.it\\\/2021\\\/04\\\/26\\\/fauna-selvatica-7-investimenti-nelle-ultime-24-ore\\\/#primaryimage\"},\"thumbnailUrl\":\"https:\\\/\\\/www.bellunopress.it\\\/wp-content\\\/uploads\\\/2020\\\/09\\\/Cervo_edited.jpg\",\"articleSection\":[\"Cronaca\\\/Politica\",\"Prima Pagina\"],\"inLanguage\":\"fr-FR\"},{\"@type\":\"WebPage\",\"@id\":\"https:\\\/\\\/www.bellunopress.it\\\/2021\\\/04\\\/26\\\/fauna-selvatica-7-investimenti-nelle-ultime-24-ore\\\/\",\"url\":\"https:\\\/\\\/www.bellunopress.it\\\/2021\\\/04\\\/26\\\/fauna-selvatica-7-investimenti-nelle-ultime-24-ore\\\/\",\"name\":\"Fauna selvatica: 7 investimenti nelle ultime 24 ore - Bellunopress - Dolomiti\",\"isPartOf\":{\"@id\":\"https:\\\/\\\/www.bellunopress.it\\\/#website\"},\"primaryImageOfPage\":{\"@id\":\"https:\\\/\\\/www.bellunopress.it\\\/2021\\\/04\\\/26\\\/fauna-selvatica-7-investimenti-nelle-ultime-24-ore\\\/#primaryimage\"},\"image\":{\"@id\":\"https:\\\/\\\/www.bellunopress.it\\\/2021\\\/04\\\/26\\\/fauna-selvatica-7-investimenti-nelle-ultime-24-ore\\\/#primaryimage\"},\"thumbnailUrl\":\"https:\\\/\\\/www.bellunopress.it\\\/wp-content\\\/uploads\\\/2020\\\/09\\\/Cervo_edited.jpg\",\"datePublished\":\"2021-04-26T10:08:47+00:00\",\"breadcrumb\":{\"@id\":\"https:\\\/\\\/www.bellunopress.it\\\/2021\\\/04\\\/26\\\/fauna-selvatica-7-investimenti-nelle-ultime-24-ore\\\/#breadcrumb\"},\"inLanguage\":\"fr-FR\",\"potentialAction\":[{\"@type\":\"ReadAction\",\"target\":[\"https:\\\/\\\/www.bellunopress.it\\\/2021\\\/04\\\/26\\\/fauna-selvatica-7-investimenti-nelle-ultime-24-ore\\\/\"]}]},{\"@type\":\"ImageObject\",\"inLanguage\":\"fr-FR\",\"@id\":\"https:\\\/\\\/www.bellunopress.it\\\/2021\\\/04\\\/26\\\/fauna-selvatica-7-investimenti-nelle-ultime-24-ore\\\/#primaryimage\",\"url\":\"https:\\\/\\\/www.bellunopress.it\\\/wp-content\\\/uploads\\\/2020\\\/09\\\/Cervo_edited.jpg\",\"contentUrl\":\"https:\\\/\\\/www.bellunopress.it\\\/wp-content\\\/uploads\\\/2020\\\/09\\\/Cervo_edited.jpg\",\"width\":800,\"height\":628},{\"@type\":\"BreadcrumbList\",\"@id\":\"https:\\\/\\\/www.bellunopress.it\\\/2021\\\/04\\\/26\\\/fauna-selvatica-7-investimenti-nelle-ultime-24-ore\\\/#breadcrumb\",\"itemListElement\":[{\"@type\":\"ListItem\",\"position\":1,\"name\":\"Home\",\"item\":\"https:\\\/\\\/www.bellunopress.it\\\/\"},{\"@type\":\"ListItem\",\"position\":2,\"name\":\"Fauna selvatica: 7 investimenti nelle ultime 24 ore\"}]},{\"@type\":\"WebSite\",\"@id\":\"https:\\\/\\\/www.bellunopress.it\\\/#website\",\"url\":\"https:\\\/\\\/www.bellunopress.it\\\/\",\"name\":\"Bellunopress - Dolomiti\",\"description\":\"e-mail: redazione@bellunopress.it\",\"publisher\":{\"@id\":\"https:\\\/\\\/www.bellunopress.it\\\/#organization\"},\"potentialAction\":[{\"@type\":\"SearchAction\",\"target\":{\"@type\":\"EntryPoint\",\"urlTemplate\":\"https:\\\/\\\/www.bellunopress.it\\\/?s={search_term_string}\"},\"query-input\":{\"@type\":\"PropertyValueSpecification\",\"valueRequired\":true,\"valueName\":\"search_term_string\"}}],\"inLanguage\":\"fr-FR\"},{\"@type\":\"Organization\",\"@id\":\"https:\\\/\\\/www.bellunopress.it\\\/#organization\",\"name\":\"Bellunopress\",\"url\":\"https:\\\/\\\/www.bellunopress.it\\\/\",\"logo\":{\"@type\":\"ImageObject\",\"inLanguage\":\"fr-FR\",\"@id\":\"https:\\\/\\\/www.bellunopress.it\\\/#\\\/schema\\\/logo\\\/image\\\/\",\"url\":\"https:\\\/\\\/www.bellunopress.it\\\/wp-content\\\/uploads\\\/2011\\\/05\\\/cropped-logo-bellunopress-.jpg\",\"contentUrl\":\"https:\\\/\\\/www.bellunopress.it\\\/wp-content\\\/uploads\\\/2011\\\/05\\\/cropped-logo-bellunopress-.jpg\",\"width\":512,\"height\":512,\"caption\":\"Bellunopress\"},\"image\":{\"@id\":\"https:\\\/\\\/www.bellunopress.it\\\/#\\\/schema\\\/logo\\\/image\\\/\"},\"sameAs\":[\"https:\\\/\\\/www.facebook.com\\\/profile.php?id=100008943462799\",\"https:\\\/\\\/x.com\\\/bellunopress\",\"https:\\\/\\\/www.linkedin.com\\\/hp\\\/?dnr=JBzUWaJfMUw8vbXJJ2tVW5-I3jZKvC4wsoxE&amp;amp;amp;amp;amp;amp;trk=nav_responsive_tab_home\",\"https:\\\/\\\/www.youtube.com\\\/channel\\\/UCxL0wu1uN0_3_7hGG0306cw\"]},{\"@type\":\"Person\",\"@id\":\"https:\\\/\\\/www.bellunopress.it\\\/#\\\/schema\\\/person\\\/79bb06722b37ece1c03d3e94beb30d73\",\"name\":\"redazione\",\"image\":{\"@type\":\"ImageObject\",\"inLanguage\":\"fr-FR\",\"@id\":\"https:\\\/\\\/secure.gravatar.com\\\/avatar\\\/37d968a2e67a6fd04c169c4bdef102d0bc5d31b2546345219e348575eb80e9a0?s=96&d=mm&r=g\",\"url\":\"https:\\\/\\\/secure.gravatar.com\\\/avatar\\\/37d968a2e67a6fd04c169c4bdef102d0bc5d31b2546345219e348575eb80e9a0?s=96&d=mm&r=g\",\"contentUrl\":\"https:\\\/\\\/secure.gravatar.com\\\/avatar\\\/37d968a2e67a6fd04c169c4bdef102d0bc5d31b2546345219e348575eb80e9a0?s=96&d=mm&r=g\",\"caption\":\"redazione\"},\"sameAs\":[\"http:\\\/\\\/www.bellunopress.it\",\"https:\\\/\\\/x.com\\\/bellunopress\"],\"url\":\"https:\\\/\\\/www.bellunopress.it\\\/fr\\\/author\\\/redazione\\\/\"}]}<\/script>\n<!-- \/ Yoast SEO plugin. -->","yoast_head_json":{"title":"Fauna selvatica: 7 investimenti nelle ultime 24 ore - Bellunopress - Dolomiti","robots":{"index":"index","follow":"follow","max-snippet":"max-snippet:-1","max-image-preview":"max-image-preview:large","max-video-preview":"max-video-preview:-1"},"canonical":"https:\/\/www.bellunopress.it\/fr\/2021\/04\/26\/fauna-selvatica-7-investimenti-nelle-ultime-24-ore\/","og_locale":"fr_FR","og_type":"article","og_title":"Fauna selvatica: 7 investimenti nelle ultime 24 ore - Bellunopress - Dolomiti","og_description":"Belluno, 26 aprile 2021 &#8211; Tra ieri mattina e stamattina si sono verificati 7 investimenti di ungulati sulle strade della nostra provincia. Lo comunica il comando dei carabinieri di Belluno. Alle 7.30 di ieri un capriolo a Santa Giustina. Un&#8217;ora dopo, alle 8.30 di ieri ancora un cervo sempre nel Comune di\u00a0 Santa Giustina. Alle [&hellip;]","og_url":"https:\/\/www.bellunopress.it\/fr\/2021\/04\/26\/fauna-selvatica-7-investimenti-nelle-ultime-24-ore\/","og_site_name":"Bellunopress - Dolomiti","article_publisher":"https:\/\/www.facebook.com\/profile.php?id=100008943462799","article_published_time":"2021-04-26T10:08:47+00:00","og_image":[{"width":800,"height":628,"url":"https:\/\/www.bellunopress.it\/wp-content\/uploads\/2020\/09\/Cervo_edited.jpg","type":"image\/jpeg"}],"author":"redazione","twitter_card":"summary_large_image","twitter_creator":"@bellunopress","twitter_site":"@bellunopress","twitter_misc":{"\u00c9crit par":"redazione","Dur\u00e9e de lecture estim\u00e9e":"1 minute"},"schema":{"@context":"https:\/\/schema.org","@graph":[{"@type":"Article","@id":"https:\/\/www.bellunopress.it\/2021\/04\/26\/fauna-selvatica-7-investimenti-nelle-ultime-24-ore\/#article","isPartOf":{"@id":"https:\/\/www.bellunopress.it\/2021\/04\/26\/fauna-selvatica-7-investimenti-nelle-ultime-24-ore\/"},"author":{"name":"redazione","@id":"https:\/\/www.bellunopress.it\/#\/schema\/person\/79bb06722b37ece1c03d3e94beb30d73"},"headline":"Fauna selvatica: 7 investimenti nelle ultime 24 ore","datePublished":"2021-04-26T10:08:47+00:00","mainEntityOfPage":{"@id":"https:\/\/www.bellunopress.it\/2021\/04\/26\/fauna-selvatica-7-investimenti-nelle-ultime-24-ore\/"},"wordCount":98,"publisher":{"@id":"https:\/\/www.bellunopress.it\/#organization"},"image":{"@id":"https:\/\/www.bellunopress.it\/2021\/04\/26\/fauna-selvatica-7-investimenti-nelle-ultime-24-ore\/#primaryimage"},"thumbnailUrl":"https:\/\/www.bellunopress.it\/wp-content\/uploads\/2020\/09\/Cervo_edited.jpg","articleSection":["Cronaca\/Politica","Prima Pagina"],"inLanguage":"fr-FR"},{"@type":"WebPage","@id":"https:\/\/www.bellunopress.it\/2021\/04\/26\/fauna-selvatica-7-investimenti-nelle-ultime-24-ore\/","url":"https:\/\/www.bellunopress.it\/2021\/04\/26\/fauna-selvatica-7-investimenti-nelle-ultime-24-ore\/","name":"Fauna selvatica: 7 investimenti nelle ultime 24 ore - Bellunopress - Dolomiti","isPartOf":{"@id":"https:\/\/www.bellunopress.it\/#website"},"primaryImageOfPage":{"@id":"https:\/\/www.bellunopress.it\/2021\/04\/26\/fauna-selvatica-7-investimenti-nelle-ultime-24-ore\/#primaryimage"},"image":{"@id":"https:\/\/www.bellunopress.it\/2021\/04\/26\/fauna-selvatica-7-investimenti-nelle-ultime-24-ore\/#primaryimage"},"thumbnailUrl":"https:\/\/www.bellunopress.it\/wp-content\/uploads\/2020\/09\/Cervo_edited.jpg","datePublished":"2021-04-26T10:08:47+00:00","breadcrumb":{"@id":"https:\/\/www.bellunopress.it\/2021\/04\/26\/fauna-selvatica-7-investimenti-nelle-ultime-24-ore\/#breadcrumb"},"inLanguage":"fr-FR","potentialAction":[{"@type":"ReadAction","target":["https:\/\/www.bellunopress.it\/2021\/04\/26\/fauna-selvatica-7-investimenti-nelle-ultime-24-ore\/"]}]},{"@type":"ImageObject","inLanguage":"fr-FR","@id":"https:\/\/www.bellunopress.it\/2021\/04\/26\/fauna-selvatica-7-investimenti-nelle-ultime-24-ore\/#primaryimage","url":"https:\/\/www.bellunopress.it\/wp-content\/uploads\/2020\/09\/Cervo_edited.jpg","contentUrl":"https:\/\/www.bellunopress.it\/wp-content\/uploads\/2020\/09\/Cervo_edited.jpg","width":800,"height":628},{"@type":"BreadcrumbList","@id":"https:\/\/www.bellunopress.it\/2021\/04\/26\/fauna-selvatica-7-investimenti-nelle-ultime-24-ore\/#breadcrumb","itemListElement":[{"@type":"ListItem","position":1,"name":"Home","item":"https:\/\/www.bellunopress.it\/"},{"@type":"ListItem","position":2,"name":"Fauna selvatica: 7 investimenti nelle ultime 24 ore"}]},{"@type":"WebSite","@id":"https:\/\/www.bellunopress.it\/#website","url":"https:\/\/www.bellunopress.it\/","name":"Bellunopress - Dolomiti","description":"e-mail: redazione@bellunopress.it","publisher":{"@id":"https:\/\/www.bellunopress.it\/#organization"},"potentialAction":[{"@type":"SearchAction","target":{"@type":"EntryPoint","urlTemplate":"https:\/\/www.bellunopress.it\/?s={search_term_string}"},"query-input":{"@type":"PropertyValueSpecification","valueRequired":true,"valueName":"search_term_string"}}],"inLanguage":"fr-FR"},{"@type":"Organization","@id":"https:\/\/www.bellunopress.it\/#organization","name":"Bellunopress","url":"https:\/\/www.bellunopress.it\/","logo":{"@type":"ImageObject","inLanguage":"fr-FR","@id":"https:\/\/www.bellunopress.it\/#\/schema\/logo\/image\/","url":"https:\/\/www.bellunopress.it\/wp-content\/uploads\/2011\/05\/cropped-logo-bellunopress-.jpg","contentUrl":"https:\/\/www.bellunopress.it\/wp-content\/uploads\/2011\/05\/cropped-logo-bellunopress-.jpg","width":512,"height":512,"caption":"Bellunopress"},"image":{"@id":"https:\/\/www.bellunopress.it\/#\/schema\/logo\/image\/"},"sameAs":["https:\/\/www.facebook.com\/profile.php?id=100008943462799","https:\/\/x.com\/bellunopress","https:\/\/www.linkedin.com\/hp\/?dnr=JBzUWaJfMUw8vbXJJ2tVW5-I3jZKvC4wsoxE&amp;amp;amp;amp;amp;amp;trk=nav_responsive_tab_home","https:\/\/www.youtube.com\/channel\/UCxL0wu1uN0_3_7hGG0306cw"]},{"@type":"Person","@id":"https:\/\/www.bellunopress.it\/#\/schema\/person\/79bb06722b37ece1c03d3e94beb30d73","name":"r\u00e9daction","image":{"@type":"ImageObject","inLanguage":"fr-FR","@id":"https:\/\/secure.gravatar.com\/avatar\/37d968a2e67a6fd04c169c4bdef102d0bc5d31b2546345219e348575eb80e9a0?s=96&d=mm&r=g","url":"https:\/\/secure.gravatar.com\/avatar\/37d968a2e67a6fd04c169c4bdef102d0bc5d31b2546345219e348575eb80e9a0?s=96&d=mm&r=g","contentUrl":"https:\/\/secure.gravatar.com\/avatar\/37d968a2e67a6fd04c169c4bdef102d0bc5d31b2546345219e348575eb80e9a0?s=96&d=mm&r=g","caption":"redazione"},"sameAs":["http:\/\/www.bellunopress.it","https:\/\/x.com\/bellunopress"],"url":"https:\/\/www.bellunopress.it\/fr\/author\/redazione\/"}]}},"_links":{"self":[{"href":"https:\/\/www.bellunopress.it\/fr\/wp-json\/wp\/v2\/posts\/123738","targetHints":{"allow":["GET"]}}],"collection":[{"href":"https:\/\/www.bellunopress.it\/fr\/wp-json\/wp\/v2\/posts"}],"about":[{"href":"https:\/\/www.bellunopress.it\/fr\/wp-json\/wp\/v2\/types\/post"}],"author":[{"embeddable":true,"href":"https:\/\/www.bellunopress.it\/fr\/wp-json\/wp\/v2\/users\/2"}],"replies":[{"embeddable":true,"href":"https:\/\/www.bellunopress.it\/fr\/wp-json\/wp\/v2\/comments?post=123738"}],"version-history":[{"count":1,"href":"https:\/\/www.bellunopress.it\/fr\/wp-json\/wp\/v2\/posts\/123738\/revisions"}],"predecessor-version":[{"id":123739,"href":"https:\/\/www.bellunopress.it\/fr\/wp-json\/wp\/v2\/posts\/123738\/revisions\/123739"}],"wp:featuredmedia":[{"embeddable":true,"href":"https:\/\/www.bellunopress.it\/fr\/wp-json\/wp\/v2\/media\/117337"}],"wp:attachment":[{"href":"https:\/\/www.bellunopress.it\/fr\/wp-json\/wp\/v2\/media?parent=123738"}],"wp:term":[{"taxonomy":"category","embeddable":true,"href":"https:\/\/www.bellunopress.it\/fr\/wp-json\/wp\/v2\/categories?post=123738"},{"taxonomy":"post_tag","embeddable":true,"href":"https:\/\/www.bellunopress.it\/fr\/wp-json\/wp\/v2\/tags?post=123738"}],"curies":[{"name":"wp","href":"https:\/\/api.w.org\/{rel}","templated":true}]}}