{"id":123734,"date":"2021-04-26T11:41:55","date_gmt":"2021-04-26T09:41:55","guid":{"rendered":"https:\/\/www.bellunopress.it\/?p=123734"},"modified":"2021-04-26T11:41:56","modified_gmt":"2021-04-26T09:41:56","slug":"covid-19-perche-qualcuno-ha-paura-dei-vaccini","status":"publish","type":"post","link":"https:\/\/www.bellunopress.it\/fr\/2021\/04\/26\/covid-19-perche-qualcuno-ha-paura-dei-vaccini\/","title":{"rendered":"Covid-19: perch\u00e9 qualcuno ha paura dei vaccini?"},"content":{"rendered":"<p><a href=\"https:\/\/www.bellunopress.it\/fr\/2021\/04\/26\/covid-19-perche-qualcuno-ha-paura-dei-vaccini\/paura-del-vaccino_edited\/\" rel=\"attachment wp-att-123735\"><img loading=\"lazy\" decoding=\"async\" class=\"alignleft size-full wp-image-123735\" src=\"https:\/\/www.bellunopress.it\/wp-content\/uploads\/2021\/04\/paura-del-vaccino_edited.jpg\" alt=\"\" width=\"778\" height=\"480\" srcset=\"https:\/\/www.bellunopress.it\/wp-content\/uploads\/2021\/04\/paura-del-vaccino_edited.jpg 778w, https:\/\/www.bellunopress.it\/wp-content\/uploads\/2021\/04\/paura-del-vaccino_edited-500x308.jpg 500w, https:\/\/www.bellunopress.it\/wp-content\/uploads\/2021\/04\/paura-del-vaccino_edited-696x429.jpg 696w, https:\/\/www.bellunopress.it\/wp-content\/uploads\/2021\/04\/paura-del-vaccino_edited-681x420.jpg 681w, https:\/\/www.bellunopress.it\/wp-content\/uploads\/2021\/04\/paura-del-vaccino_edited-356x220.jpg 356w\" sizes=\"auto, (max-width: 778px) 100vw, 778px\" \/><\/a>Roma, 26 aprile 2021 \u2013 A un anno dall&#8217;inizio della pandemia da Covid-19, la popolazione mondiale ha cominciato a intravedere la &#8220;luce in fondo al tunnel&#8221; grazie alla messa a punto e alla diffusione dei primi\u00a0vaccini\u00a0contro il virus che ha costretto l&#8217;umanit\u00e0 ad un cambio radicale del proprio stile di vita.<\/p>\n<p>Il\u00a0Sars-coV-2 continua a mietere molte vittime\u00a0fra coloro che non hanno un sistema immunitario abbastanza forte da reggere l&#8217;invasione del virus; per tale scopo i vaccini ricoprono un ruolo fondamentale.<\/p>\n<p>Essi, infatti, permettono all&#8217;organismo di riconoscere il virus qualora esso lo incontri e gli forniscono la capacit\u00e0 di debellarlo.<\/p>\n<p>Perch\u00e9 se i vaccini svolgono una funzione cos\u00ec importante e sicura per la nostra salute,\u00a0c&#8217;\u00e8 chi ne ha paura\u00a0e decide di rifiutare la vaccinazione?<\/p>\n<p>Gianni Lanari, psicoterapeuta responsabile del\u00a0Pronto Soccorso Psicologico &#8220;Roma Est&#8221;, ipotizza che &#8220;la paura del vaccino sia riconducibile alla tipologia delle\u00a0informazioni diffuse sui diversi canali di comunicazione, alla tendenza ad un rapporto di\u00a0sfiducia tra la popolazione e le autorit\u00e0 sanitarie, ai\u00a0movimenti no-vax\u00a0e alle &#8220;scorciatoie cognitive&#8221; che le persone utilizzano nelle situazioni critiche.<\/p>\n<p>I dati di uno studio condotto dall&#8217;Agenas,\u00a0l&#8217;Agenzia Nazionale per i servizi sanitari regionali, in collaborazione con il\u00a0MeS, Laboratorio Management e Sanit\u00e0 dell&#8217;Istituto di Management della Scuola Superiore Sant&#8217;Anna di Pisa, riportano che nel nostro paese il\u00a017,6% della popolazione non ha intenzione di vaccinarsi.<\/p>\n<p>Lo studio ha coinvolto 12.322 persone residenti in tutte le regioni e province autonome; nello specifico, la fascia pi\u00f9 scettica della popolazione sarebbe quella compresa tra i 35 e i 44 anni.<\/p>\n<p>Con l&#8217;avvento della pandemia da Covid-19, si \u00e8 osservata l&#8217;esplosione di un&#8217;altra &#8220;epidemia&#8221;: si tratta del fenomeno dell&#8217;infodemia,\u00a0ossia la circolazione di un&#8217;eccessiva quantit\u00e0 di informazioni, spesso non accuratamente vagliate, che rendono difficile riuscire ad orientarsi sulla conoscenza di un argomento a causa della frequente mancanza di fonti affidabili.<\/p>\n<p>L&#8217;Organizzazione Mondiale della Sanit\u00e0 si sta occupando da circa un anno di contenere l&#8217;ondata di\u00a0fake news, che hanno cominciato a diffondersi da inizio pandemia.<\/p>\n<p>Le fake news sono notizie deliberatamente false, costruite appositamente per creare confusione e che creano disinformazione; esse sono &#8220;contagiose&#8221; e viaggiano ad alta velocit\u00e0, pi\u00f9 delle notizie ufficiali.<\/p>\n<p>La misinformazione invece \u00e8 il fenomeno di diffusione di notizie la cui fonte risulta scarsamente attendibile e che, parallelamente alle fake news trovano terreno fertile su tutti i mass media, in particolare i social network sui quali il controllo delle fonti non \u00e8 rigoroso.<\/p>\n<p>La tragica conseguenza di questi due fenomeni \u00e8 l&#8217;impossibilit\u00e0 per le persone e la societ\u00e0 tutta di formarsi un&#8217;unica opinione forte, autorevole e affidabile (opinion leadership), restando in un limbo fatto di incertezza, confusione, cause di ansia, incertezza, scetticismo e sfiducia.<\/p>\n<p>Anche le fonti istituzionali, sembrano tendere, a volte, a diffondere delle informazioni contraddittorie. Questa modalit\u00e0 comunicativa\u00a0tende a generare un sentimento di diffidenza nei confronti delle autorit\u00e0 pubbliche e sanitarie, con possibili drammatiche conseguenze che riguardano le scelte che un individuo compie per la propria salute.<\/p>\n<p>Di fronte ad una tale situazione di fragilit\u00e0 delle certezze, l&#8217;individuo si trova ad affrontare una condizione critica, di malessere e instabilit\u00e0. Quando ci si trova in tali condizioni il sistema neurobiologico umano percepisce uno stato di allerta e questo porta la mente a\u00a0valutare le informazioni disponibili nell&#8217;ambiente circostante in modo sbagliato. Si parla di bias, scorciatoie cognitive, che hanno come scopo evolutivo la valutazione di stimoli esterni in modo da preservare la sopravvivenza dell&#8217;organismo.<\/p>\n<p>Qual \u00e8 il bias che subentra di fronte alla decisione &#8220;mi sottopongo oppure no a vaccinazione&#8221;?<\/p>\n<p>Essi in realt\u00e0 sono molteplici. L&#8217;associazione con un evento avverso \u00e8 uno di questi: di solito quando la mente umana si trova a dover valutare un rischio, la risposta dovrebbe risultare da un calcolo razionale fra la possibilit\u00e0 che una cosa avvenga e la gravit\u00e0 dell&#8217;avvenimento stesso; tuttavia questo calcolo non avviene sempre in maniera razionale, perch\u00e9 subentra la componente della &#8220;percezione di controllo&#8221; su quel determinato evento che conduce a scelte razionalmente sbagliate. Un esempio di valutazione irrazionale, dettata dalla percezione di scarso controllo, \u00e8 la scelta di\u00a0viaggiare in auto piuttosto che in aereo.<\/p>\n<p>Statisticamente, i\u00a0viaggi in aereo sono molto pi\u00f9 sicuri di quelli in auto\u00a0(nel senso che viene registrato un quantitativo di sinistri in auto maggiore di quelli in aereo), eppure la guida dell&#8217;auto risulta immediatamente pi\u00f9 sicura per il semplice fatto che del mezzo si pu\u00f2 avere maggior controllo.<\/p>\n<p>Allo stesso modo, il non sapere con precisione cosa un vaccino contenga, sottrae all&#8217;individuo la percezione di controllo sulla propria salute: di fatto, ci\u00f2 che una persona &#8220;vede&#8221; durante la somministrazione di un vaccino \u00e8 solo del liquido sconosciuto che viene iniettato nel proprio corpo. La scarsa confidenza con le procedure mediche e i meccanismi sottostanti il funzionamento dei farmaci, in questo caso dei vaccini, \u00e8 un altro bias cognitivo che destabilizza l&#8217;individuo e non gli permette di procedere con la vaccinazione.<\/p>\n<p>Al momento della scelta riguardante il sottoporsi o no a vaccinazione, un altro errore cognitivo che pu\u00f2 subentrare \u00e8 quello del\u00a0bilancio tra pro e contro\u00a0dettato dalla percezione del proprio stato di salute in quel preciso momento.<\/p>\n<p>\u00c8 facile pensare a come un individuo sano, in buona salute fisica, privo di sintomi legati alla malattia per la quale dovrebbe vaccinarsi, tenda a\u00a0non sentire la necessit\u00e0 di proteggersi\u00a0e ad avere una\u00a0percezione amplificata\u00a0di quelli che sono i possibili effetti collaterali della vaccinazione.<\/p>\n<p>Gli effetti collaterali, infatti, non sono da escludere, poich\u00e9 con i vaccini \u00e8 frequente osservare la risposta immunitaria dell&#8217;organismo con l&#8217;insorgenza di alcuni sintomi di breve durata e in piccola percentuale; tuttavia, tale possibilit\u00e0, per una persona che nutre sfiducia e timore, \u00e8 causa di rifiuto.<\/p>\n<p>Su questo specifico timore, il movimento degli anti-vaccinisti, o no-vax, costruisce le sue teorie a favore del rifiuto delle vaccinazioni.<\/p>\n<p>Non bisogna comunque dimenticare che i vaccini sono strumenti utili per la prevenzione di malattie che potrebbero anche essere mortali o comunque provocare gravi problemi di salute o disabilit\u00e0 permanenti. \u00c8\u00a0grazie alle vaccinazioni\u00a0che malattie come il\u00a0morbillo, la parotite, la rosolia o la pertosse\u00a0che secoli fa hanno avuto una diffusione epidemica, oggi sono state\u00a0debellate.<\/p>\n<p>\u00c8 possibile immaginare come allo stesso modo, grazie alle vaccinazioni di oggi, anche il\u00a0Covid-19\u00a0possa domani essere un\u00a0lontano ricordo.<\/p>\n<p>Qual \u00e8 dunque l&#8217;arma per sconfiggere lo scetticismo di massa e porre fine al sentimento di sfiducia nelle autorit\u00e0?<\/p>\n<p>La\u00a0dr.ssa Maria Giovanna Ginni, psicologa\u00a0del\u00a0Pronto Soccorso Psicologico &#8220;Roma Est&#8221;, sostiene che sia &#8220;necessario partire dall&#8217;ascolto dei dubbi\u00a0e delle paure, favorendo la vicinanza comunicativa, chiara ed efficace tra esperti e non esperti. \u00c8 importante aiutare il personale sanitario a\u00a0migliorare la comunicazione con i propri pazienti, tenendo conto di tre fattori principali: l&#8217;analisi delle caratteristiche psicologiche associate all&#8217;esitazione e alla resistenza ai vaccini, il tener conto delle emozioni al momento della comunicazione dell&#8217;efficacia del vaccino, la capacit\u00e0 di fornire all&#8217;ascoltatore gli strumenti per sviluppare un pensiero critico. \u00c8 necessario insegnare ai non esperti in materia sanitaria a\u00a0saper scegliere tra le fonti attendibili e le fake news, a capire quali siano le reali evidenze scientifiche piuttosto che limitarsi a prescrivere pillole di verit\u00e0 da accettare acriticamente.<\/p>\n<p>Di fronte alla chiarezza, il dubbio si riduce. Di fronte alla fiducia che l&#8217;altro possa capire e imparare a pensare, si manifesta la razionalit\u00e0 del pensiero collettivo&#8221;.<\/p>\n<p>&nbsp;<\/p>\n<p>&nbsp;<\/p>","protected":false},"excerpt":{"rendered":"<p>Roma, 26 aprile 2021 \u2013 A un anno dall&#8217;inizio della pandemia da Covid-19, la popolazione mondiale ha cominciato a intravedere la &#8220;luce in fondo al tunnel&#8221; grazie alla messa a punto e alla diffusione dei primi\u00a0vaccini\u00a0contro il virus che ha costretto l&#8217;umanit\u00e0 ad un cambio radicale del proprio stile di vita. Il\u00a0Sars-coV-2 continua a mietere [&hellip;]<\/p>\n","protected":false},"author":2,"featured_media":123735,"comment_status":"closed","ping_status":"open","sticky":false,"template":"","format":"standard","meta":{"footnotes":""},"categories":[17],"tags":[],"class_list":["post-123734","post","type-post","status-publish","format-standard","has-post-thumbnail","category-sanita"],"yoast_head":"<!-- This site is optimized with the Yoast SEO plugin v28.4 - https:\/\/yoast.com\/product\/yoast-seo-wordpress\/ -->\n<title>Covid-19: perch\u00e9 qualcuno ha paura dei vaccini? - Bellunopress - Dolomiti<\/title>\n<meta name=\"robots\" content=\"index, follow, max-snippet:-1, max-image-preview:large, max-video-preview:-1\" \/>\n<link rel=\"canonical\" href=\"https:\/\/www.bellunopress.it\/fr\/2021\/04\/26\/covid-19-perche-qualcuno-ha-paura-dei-vaccini\/\" \/>\n<meta property=\"og:locale\" content=\"fr_FR\" \/>\n<meta property=\"og:type\" content=\"article\" \/>\n<meta property=\"og:title\" content=\"Covid-19: perch\u00e9 qualcuno ha paura dei vaccini? - Bellunopress - Dolomiti\" \/>\n<meta property=\"og:description\" content=\"Roma, 26 aprile 2021 \u2013 A un anno dall&#8217;inizio della pandemia da Covid-19, la popolazione mondiale ha cominciato a intravedere la &#8220;luce in fondo al tunnel&#8221; grazie alla messa a punto e alla diffusione dei primi\u00a0vaccini\u00a0contro il virus che ha costretto l&#8217;umanit\u00e0 ad un cambio radicale del proprio stile di vita. Il\u00a0Sars-coV-2 continua a mietere [&hellip;]\" \/>\n<meta property=\"og:url\" content=\"https:\/\/www.bellunopress.it\/fr\/2021\/04\/26\/covid-19-perche-qualcuno-ha-paura-dei-vaccini\/\" \/>\n<meta property=\"og:site_name\" content=\"Bellunopress - Dolomiti\" \/>\n<meta property=\"article:publisher\" content=\"https:\/\/www.facebook.com\/profile.php?id=100008943462799\" \/>\n<meta property=\"article:published_time\" content=\"2021-04-26T09:41:55+00:00\" \/>\n<meta property=\"article:modified_time\" content=\"2021-04-26T09:41:56+00:00\" \/>\n<meta property=\"og:image\" content=\"https:\/\/www.bellunopress.it\/wp-content\/uploads\/2021\/04\/paura-del-vaccino_edited.jpg\" \/>\n\t<meta property=\"og:image:width\" content=\"778\" \/>\n\t<meta property=\"og:image:height\" content=\"480\" \/>\n\t<meta property=\"og:image:type\" content=\"image\/jpeg\" \/>\n<meta name=\"author\" content=\"redazione\" \/>\n<meta name=\"twitter:card\" content=\"summary_large_image\" \/>\n<meta name=\"twitter:creator\" content=\"@bellunopress\" \/>\n<meta name=\"twitter:site\" content=\"@bellunopress\" \/>\n<meta name=\"twitter:label1\" content=\"Written by\" \/>\n\t<meta name=\"twitter:data1\" content=\"redazione\" \/>\n\t<meta name=\"twitter:label2\" content=\"Est. reading time\" \/>\n\t<meta name=\"twitter:data2\" content=\"6 minutes\" \/>\n<script type=\"application\/ld+json\" class=\"yoast-schema-graph\">{\"@context\":\"https:\\\/\\\/schema.org\",\"@graph\":[{\"@type\":\"Article\",\"@id\":\"https:\\\/\\\/www.bellunopress.it\\\/2021\\\/04\\\/26\\\/covid-19-perche-qualcuno-ha-paura-dei-vaccini\\\/#article\",\"isPartOf\":{\"@id\":\"https:\\\/\\\/www.bellunopress.it\\\/2021\\\/04\\\/26\\\/covid-19-perche-qualcuno-ha-paura-dei-vaccini\\\/\"},\"author\":{\"name\":\"redazione\",\"@id\":\"https:\\\/\\\/www.bellunopress.it\\\/#\\\/schema\\\/person\\\/79bb06722b37ece1c03d3e94beb30d73\"},\"headline\":\"Covid-19: perch\u00e9 qualcuno ha paura dei vaccini?\",\"datePublished\":\"2021-04-26T09:41:55+00:00\",\"dateModified\":\"2021-04-26T09:41:56+00:00\",\"mainEntityOfPage\":{\"@id\":\"https:\\\/\\\/www.bellunopress.it\\\/2021\\\/04\\\/26\\\/covid-19-perche-qualcuno-ha-paura-dei-vaccini\\\/\"},\"wordCount\":1239,\"publisher\":{\"@id\":\"https:\\\/\\\/www.bellunopress.it\\\/#organization\"},\"image\":{\"@id\":\"https:\\\/\\\/www.bellunopress.it\\\/2021\\\/04\\\/26\\\/covid-19-perche-qualcuno-ha-paura-dei-vaccini\\\/#primaryimage\"},\"thumbnailUrl\":\"https:\\\/\\\/www.bellunopress.it\\\/wp-content\\\/uploads\\\/2021\\\/04\\\/paura-del-vaccino_edited.jpg\",\"articleSection\":[\"Sanit\u00e0 Medicina\"],\"inLanguage\":\"fr-FR\"},{\"@type\":\"WebPage\",\"@id\":\"https:\\\/\\\/www.bellunopress.it\\\/2021\\\/04\\\/26\\\/covid-19-perche-qualcuno-ha-paura-dei-vaccini\\\/\",\"url\":\"https:\\\/\\\/www.bellunopress.it\\\/2021\\\/04\\\/26\\\/covid-19-perche-qualcuno-ha-paura-dei-vaccini\\\/\",\"name\":\"Covid-19: perch\u00e9 qualcuno ha paura dei vaccini? - Bellunopress - Dolomiti\",\"isPartOf\":{\"@id\":\"https:\\\/\\\/www.bellunopress.it\\\/#website\"},\"primaryImageOfPage\":{\"@id\":\"https:\\\/\\\/www.bellunopress.it\\\/2021\\\/04\\\/26\\\/covid-19-perche-qualcuno-ha-paura-dei-vaccini\\\/#primaryimage\"},\"image\":{\"@id\":\"https:\\\/\\\/www.bellunopress.it\\\/2021\\\/04\\\/26\\\/covid-19-perche-qualcuno-ha-paura-dei-vaccini\\\/#primaryimage\"},\"thumbnailUrl\":\"https:\\\/\\\/www.bellunopress.it\\\/wp-content\\\/uploads\\\/2021\\\/04\\\/paura-del-vaccino_edited.jpg\",\"datePublished\":\"2021-04-26T09:41:55+00:00\",\"dateModified\":\"2021-04-26T09:41:56+00:00\",\"breadcrumb\":{\"@id\":\"https:\\\/\\\/www.bellunopress.it\\\/2021\\\/04\\\/26\\\/covid-19-perche-qualcuno-ha-paura-dei-vaccini\\\/#breadcrumb\"},\"inLanguage\":\"fr-FR\",\"potentialAction\":[{\"@type\":\"ReadAction\",\"target\":[\"https:\\\/\\\/www.bellunopress.it\\\/2021\\\/04\\\/26\\\/covid-19-perche-qualcuno-ha-paura-dei-vaccini\\\/\"]}]},{\"@type\":\"ImageObject\",\"inLanguage\":\"fr-FR\",\"@id\":\"https:\\\/\\\/www.bellunopress.it\\\/2021\\\/04\\\/26\\\/covid-19-perche-qualcuno-ha-paura-dei-vaccini\\\/#primaryimage\",\"url\":\"https:\\\/\\\/www.bellunopress.it\\\/wp-content\\\/uploads\\\/2021\\\/04\\\/paura-del-vaccino_edited.jpg\",\"contentUrl\":\"https:\\\/\\\/www.bellunopress.it\\\/wp-content\\\/uploads\\\/2021\\\/04\\\/paura-del-vaccino_edited.jpg\",\"width\":778,\"height\":480},{\"@type\":\"BreadcrumbList\",\"@id\":\"https:\\\/\\\/www.bellunopress.it\\\/2021\\\/04\\\/26\\\/covid-19-perche-qualcuno-ha-paura-dei-vaccini\\\/#breadcrumb\",\"itemListElement\":[{\"@type\":\"ListItem\",\"position\":1,\"name\":\"Home\",\"item\":\"https:\\\/\\\/www.bellunopress.it\\\/\"},{\"@type\":\"ListItem\",\"position\":2,\"name\":\"Covid-19: perch\u00e9 qualcuno ha paura dei vaccini?\"}]},{\"@type\":\"WebSite\",\"@id\":\"https:\\\/\\\/www.bellunopress.it\\\/#website\",\"url\":\"https:\\\/\\\/www.bellunopress.it\\\/\",\"name\":\"Bellunopress - Dolomiti\",\"description\":\"e-mail: redazione@bellunopress.it\",\"publisher\":{\"@id\":\"https:\\\/\\\/www.bellunopress.it\\\/#organization\"},\"potentialAction\":[{\"@type\":\"SearchAction\",\"target\":{\"@type\":\"EntryPoint\",\"urlTemplate\":\"https:\\\/\\\/www.bellunopress.it\\\/?s={search_term_string}\"},\"query-input\":{\"@type\":\"PropertyValueSpecification\",\"valueRequired\":true,\"valueName\":\"search_term_string\"}}],\"inLanguage\":\"fr-FR\"},{\"@type\":\"Organization\",\"@id\":\"https:\\\/\\\/www.bellunopress.it\\\/#organization\",\"name\":\"Bellunopress\",\"url\":\"https:\\\/\\\/www.bellunopress.it\\\/\",\"logo\":{\"@type\":\"ImageObject\",\"inLanguage\":\"fr-FR\",\"@id\":\"https:\\\/\\\/www.bellunopress.it\\\/#\\\/schema\\\/logo\\\/image\\\/\",\"url\":\"https:\\\/\\\/www.bellunopress.it\\\/wp-content\\\/uploads\\\/2011\\\/05\\\/cropped-logo-bellunopress-.jpg\",\"contentUrl\":\"https:\\\/\\\/www.bellunopress.it\\\/wp-content\\\/uploads\\\/2011\\\/05\\\/cropped-logo-bellunopress-.jpg\",\"width\":512,\"height\":512,\"caption\":\"Bellunopress\"},\"image\":{\"@id\":\"https:\\\/\\\/www.bellunopress.it\\\/#\\\/schema\\\/logo\\\/image\\\/\"},\"sameAs\":[\"https:\\\/\\\/www.facebook.com\\\/profile.php?id=100008943462799\",\"https:\\\/\\\/x.com\\\/bellunopress\",\"https:\\\/\\\/www.linkedin.com\\\/hp\\\/?dnr=JBzUWaJfMUw8vbXJJ2tVW5-I3jZKvC4wsoxE&amp;amp;amp;amp;amp;amp;trk=nav_responsive_tab_home\",\"https:\\\/\\\/www.youtube.com\\\/channel\\\/UCxL0wu1uN0_3_7hGG0306cw\"]},{\"@type\":\"Person\",\"@id\":\"https:\\\/\\\/www.bellunopress.it\\\/#\\\/schema\\\/person\\\/79bb06722b37ece1c03d3e94beb30d73\",\"name\":\"redazione\",\"image\":{\"@type\":\"ImageObject\",\"inLanguage\":\"fr-FR\",\"@id\":\"https:\\\/\\\/secure.gravatar.com\\\/avatar\\\/37d968a2e67a6fd04c169c4bdef102d0bc5d31b2546345219e348575eb80e9a0?s=96&d=mm&r=g\",\"url\":\"https:\\\/\\\/secure.gravatar.com\\\/avatar\\\/37d968a2e67a6fd04c169c4bdef102d0bc5d31b2546345219e348575eb80e9a0?s=96&d=mm&r=g\",\"contentUrl\":\"https:\\\/\\\/secure.gravatar.com\\\/avatar\\\/37d968a2e67a6fd04c169c4bdef102d0bc5d31b2546345219e348575eb80e9a0?s=96&d=mm&r=g\",\"caption\":\"redazione\"},\"sameAs\":[\"http:\\\/\\\/www.bellunopress.it\",\"https:\\\/\\\/x.com\\\/bellunopress\"],\"url\":\"https:\\\/\\\/www.bellunopress.it\\\/fr\\\/author\\\/redazione\\\/\"}]}<\/script>\n<!-- \/ Yoast SEO plugin. -->","yoast_head_json":{"title":"Covid-19: perch\u00e9 qualcuno ha paura dei vaccini? - Bellunopress - Dolomiti","robots":{"index":"index","follow":"follow","max-snippet":"max-snippet:-1","max-image-preview":"max-image-preview:large","max-video-preview":"max-video-preview:-1"},"canonical":"https:\/\/www.bellunopress.it\/fr\/2021\/04\/26\/covid-19-perche-qualcuno-ha-paura-dei-vaccini\/","og_locale":"fr_FR","og_type":"article","og_title":"Covid-19: perch\u00e9 qualcuno ha paura dei vaccini? - Bellunopress - Dolomiti","og_description":"Roma, 26 aprile 2021 \u2013 A un anno dall&#8217;inizio della pandemia da Covid-19, la popolazione mondiale ha cominciato a intravedere la &#8220;luce in fondo al tunnel&#8221; grazie alla messa a punto e alla diffusione dei primi\u00a0vaccini\u00a0contro il virus che ha costretto l&#8217;umanit\u00e0 ad un cambio radicale del proprio stile di vita. Il\u00a0Sars-coV-2 continua a mietere [&hellip;]","og_url":"https:\/\/www.bellunopress.it\/fr\/2021\/04\/26\/covid-19-perche-qualcuno-ha-paura-dei-vaccini\/","og_site_name":"Bellunopress - Dolomiti","article_publisher":"https:\/\/www.facebook.com\/profile.php?id=100008943462799","article_published_time":"2021-04-26T09:41:55+00:00","article_modified_time":"2021-04-26T09:41:56+00:00","og_image":[{"width":778,"height":480,"url":"https:\/\/www.bellunopress.it\/wp-content\/uploads\/2021\/04\/paura-del-vaccino_edited.jpg","type":"image\/jpeg"}],"author":"redazione","twitter_card":"summary_large_image","twitter_creator":"@bellunopress","twitter_site":"@bellunopress","twitter_misc":{"Written by":"redazione","Est. reading time":"6 minutes"},"schema":{"@context":"https:\/\/schema.org","@graph":[{"@type":"Article","@id":"https:\/\/www.bellunopress.it\/2021\/04\/26\/covid-19-perche-qualcuno-ha-paura-dei-vaccini\/#article","isPartOf":{"@id":"https:\/\/www.bellunopress.it\/2021\/04\/26\/covid-19-perche-qualcuno-ha-paura-dei-vaccini\/"},"author":{"name":"redazione","@id":"https:\/\/www.bellunopress.it\/#\/schema\/person\/79bb06722b37ece1c03d3e94beb30d73"},"headline":"Covid-19: perch\u00e9 qualcuno ha paura dei vaccini?","datePublished":"2021-04-26T09:41:55+00:00","dateModified":"2021-04-26T09:41:56+00:00","mainEntityOfPage":{"@id":"https:\/\/www.bellunopress.it\/2021\/04\/26\/covid-19-perche-qualcuno-ha-paura-dei-vaccini\/"},"wordCount":1239,"publisher":{"@id":"https:\/\/www.bellunopress.it\/#organization"},"image":{"@id":"https:\/\/www.bellunopress.it\/2021\/04\/26\/covid-19-perche-qualcuno-ha-paura-dei-vaccini\/#primaryimage"},"thumbnailUrl":"https:\/\/www.bellunopress.it\/wp-content\/uploads\/2021\/04\/paura-del-vaccino_edited.jpg","articleSection":["Sanit\u00e0 Medicina"],"inLanguage":"fr-FR"},{"@type":"WebPage","@id":"https:\/\/www.bellunopress.it\/2021\/04\/26\/covid-19-perche-qualcuno-ha-paura-dei-vaccini\/","url":"https:\/\/www.bellunopress.it\/2021\/04\/26\/covid-19-perche-qualcuno-ha-paura-dei-vaccini\/","name":"Covid-19: perch\u00e9 qualcuno ha paura dei vaccini? - Bellunopress - Dolomiti","isPartOf":{"@id":"https:\/\/www.bellunopress.it\/#website"},"primaryImageOfPage":{"@id":"https:\/\/www.bellunopress.it\/2021\/04\/26\/covid-19-perche-qualcuno-ha-paura-dei-vaccini\/#primaryimage"},"image":{"@id":"https:\/\/www.bellunopress.it\/2021\/04\/26\/covid-19-perche-qualcuno-ha-paura-dei-vaccini\/#primaryimage"},"thumbnailUrl":"https:\/\/www.bellunopress.it\/wp-content\/uploads\/2021\/04\/paura-del-vaccino_edited.jpg","datePublished":"2021-04-26T09:41:55+00:00","dateModified":"2021-04-26T09:41:56+00:00","breadcrumb":{"@id":"https:\/\/www.bellunopress.it\/2021\/04\/26\/covid-19-perche-qualcuno-ha-paura-dei-vaccini\/#breadcrumb"},"inLanguage":"fr-FR","potentialAction":[{"@type":"ReadAction","target":["https:\/\/www.bellunopress.it\/2021\/04\/26\/covid-19-perche-qualcuno-ha-paura-dei-vaccini\/"]}]},{"@type":"ImageObject","inLanguage":"fr-FR","@id":"https:\/\/www.bellunopress.it\/2021\/04\/26\/covid-19-perche-qualcuno-ha-paura-dei-vaccini\/#primaryimage","url":"https:\/\/www.bellunopress.it\/wp-content\/uploads\/2021\/04\/paura-del-vaccino_edited.jpg","contentUrl":"https:\/\/www.bellunopress.it\/wp-content\/uploads\/2021\/04\/paura-del-vaccino_edited.jpg","width":778,"height":480},{"@type":"BreadcrumbList","@id":"https:\/\/www.bellunopress.it\/2021\/04\/26\/covid-19-perche-qualcuno-ha-paura-dei-vaccini\/#breadcrumb","itemListElement":[{"@type":"ListItem","position":1,"name":"Home","item":"https:\/\/www.bellunopress.it\/"},{"@type":"ListItem","position":2,"name":"Covid-19: perch\u00e9 qualcuno ha paura dei vaccini?"}]},{"@type":"WebSite","@id":"https:\/\/www.bellunopress.it\/#website","url":"https:\/\/www.bellunopress.it\/","name":"Bellunopress - Dolomiti","description":"e-mail: redazione@bellunopress.it","publisher":{"@id":"https:\/\/www.bellunopress.it\/#organization"},"potentialAction":[{"@type":"SearchAction","target":{"@type":"EntryPoint","urlTemplate":"https:\/\/www.bellunopress.it\/?s={search_term_string}"},"query-input":{"@type":"PropertyValueSpecification","valueRequired":true,"valueName":"search_term_string"}}],"inLanguage":"fr-FR"},{"@type":"Organization","@id":"https:\/\/www.bellunopress.it\/#organization","name":"Bellunopress","url":"https:\/\/www.bellunopress.it\/","logo":{"@type":"ImageObject","inLanguage":"fr-FR","@id":"https:\/\/www.bellunopress.it\/#\/schema\/logo\/image\/","url":"https:\/\/www.bellunopress.it\/wp-content\/uploads\/2011\/05\/cropped-logo-bellunopress-.jpg","contentUrl":"https:\/\/www.bellunopress.it\/wp-content\/uploads\/2011\/05\/cropped-logo-bellunopress-.jpg","width":512,"height":512,"caption":"Bellunopress"},"image":{"@id":"https:\/\/www.bellunopress.it\/#\/schema\/logo\/image\/"},"sameAs":["https:\/\/www.facebook.com\/profile.php?id=100008943462799","https:\/\/x.com\/bellunopress","https:\/\/www.linkedin.com\/hp\/?dnr=JBzUWaJfMUw8vbXJJ2tVW5-I3jZKvC4wsoxE&amp;amp;amp;amp;amp;amp;trk=nav_responsive_tab_home","https:\/\/www.youtube.com\/channel\/UCxL0wu1uN0_3_7hGG0306cw"]},{"@type":"Person","@id":"https:\/\/www.bellunopress.it\/#\/schema\/person\/79bb06722b37ece1c03d3e94beb30d73","name":"r\u00e9daction","image":{"@type":"ImageObject","inLanguage":"fr-FR","@id":"https:\/\/secure.gravatar.com\/avatar\/37d968a2e67a6fd04c169c4bdef102d0bc5d31b2546345219e348575eb80e9a0?s=96&d=mm&r=g","url":"https:\/\/secure.gravatar.com\/avatar\/37d968a2e67a6fd04c169c4bdef102d0bc5d31b2546345219e348575eb80e9a0?s=96&d=mm&r=g","contentUrl":"https:\/\/secure.gravatar.com\/avatar\/37d968a2e67a6fd04c169c4bdef102d0bc5d31b2546345219e348575eb80e9a0?s=96&d=mm&r=g","caption":"redazione"},"sameAs":["http:\/\/www.bellunopress.it","https:\/\/x.com\/bellunopress"],"url":"https:\/\/www.bellunopress.it\/fr\/author\/redazione\/"}]}},"_links":{"self":[{"href":"https:\/\/www.bellunopress.it\/fr\/wp-json\/wp\/v2\/posts\/123734","targetHints":{"allow":["GET"]}}],"collection":[{"href":"https:\/\/www.bellunopress.it\/fr\/wp-json\/wp\/v2\/posts"}],"about":[{"href":"https:\/\/www.bellunopress.it\/fr\/wp-json\/wp\/v2\/types\/post"}],"author":[{"embeddable":true,"href":"https:\/\/www.bellunopress.it\/fr\/wp-json\/wp\/v2\/users\/2"}],"replies":[{"embeddable":true,"href":"https:\/\/www.bellunopress.it\/fr\/wp-json\/wp\/v2\/comments?post=123734"}],"version-history":[{"count":2,"href":"https:\/\/www.bellunopress.it\/fr\/wp-json\/wp\/v2\/posts\/123734\/revisions"}],"predecessor-version":[{"id":123737,"href":"https:\/\/www.bellunopress.it\/fr\/wp-json\/wp\/v2\/posts\/123734\/revisions\/123737"}],"wp:featuredmedia":[{"embeddable":true,"href":"https:\/\/www.bellunopress.it\/fr\/wp-json\/wp\/v2\/media\/123735"}],"wp:attachment":[{"href":"https:\/\/www.bellunopress.it\/fr\/wp-json\/wp\/v2\/media?parent=123734"}],"wp:term":[{"taxonomy":"category","embeddable":true,"href":"https:\/\/www.bellunopress.it\/fr\/wp-json\/wp\/v2\/categories?post=123734"},{"taxonomy":"post_tag","embeddable":true,"href":"https:\/\/www.bellunopress.it\/fr\/wp-json\/wp\/v2\/tags?post=123734"}],"curies":[{"name":"wp","href":"https:\/\/api.w.org\/{rel}","templated":true}]}}