{"id":123730,"date":"2021-04-26T07:47:08","date_gmt":"2021-04-26T05:47:08","guid":{"rendered":"https:\/\/www.bellunopress.it\/?p=123730"},"modified":"2021-04-26T10:52:26","modified_gmt":"2021-04-26T08:52:26","slug":"nobufale-it-una-voce-fuori-del-coro-in-provincia-di-belluno","status":"publish","type":"post","link":"https:\/\/www.bellunopress.it\/fr\/2021\/04\/26\/nobufale-it-una-voce-fuori-del-coro-in-provincia-di-belluno\/","title":{"rendered":"NoBufale.it una voce fuori del coro in provincia di Belluno"},"content":{"rendered":"<p><a href=\"https:\/\/www.bellunopress.it\/fr\/2021\/04\/26\/nobufale-it-una-voce-fuori-del-coro-in-provincia-di-belluno\/nobufale_edited\/\" rel=\"attachment wp-att-123731\"><img loading=\"lazy\" decoding=\"async\" class=\"alignleft size-full wp-image-123731\" src=\"https:\/\/www.bellunopress.it\/wp-content\/uploads\/2021\/04\/NoBufale_edited.jpg\" alt=\"\" width=\"750\" height=\"1000\" srcset=\"https:\/\/www.bellunopress.it\/wp-content\/uploads\/2021\/04\/NoBufale_edited.jpg 750w, https:\/\/www.bellunopress.it\/wp-content\/uploads\/2021\/04\/NoBufale_edited-375x500.jpg 375w, https:\/\/www.bellunopress.it\/wp-content\/uploads\/2021\/04\/NoBufale_edited-696x928.jpg 696w, https:\/\/www.bellunopress.it\/wp-content\/uploads\/2021\/04\/NoBufale_edited-315x420.jpg 315w\" sizes=\"auto, (max-width: 750px) 100vw, 750px\" \/><\/a>Da alcuni giorni, in vari comuni del Bellunese, sono apparsi dei manifesti e una vela molto particolari. Di norma tali spazi sono dedicati ad annunci e promozioni commerciali, ma in questo caso si tratta di qualcosa di diverso.<br \/>\nLa scritta infatti che appare a caratteri cubitali \u00e8 la seguente: &#8220;Basta disinformazione. Basta terrorismo mediatico.&#8221;<\/p>\n<p>L&#8217;iniziativa \u00e8 realizzata dal fondo NoBufale.it, sito web che compare anche sugli stessi manifesti.<br \/>\nGli autori spiegano perch\u00e9 la scelta di concentrarsi in particolar modo su questo territorio: &#8220;A Belluno da diversi mesi \u00e8 in corso una vera e propria caccia alle streghe nei confronti di tutti coloro che hanno messo in discussione o semplicemente hanno sollevato dubbi, sulle misure restrittive adottate dal governo.<br \/>\nLa stampa locale da oltre un anno porta avanti un&#8217;inaccettabile campagna di terrorismo mediatico, pubblicando &#8211; come abbiamo del resto gi\u00e0 dimostrato &#8211; anche notizie false e strumentalizzate. La stessa stampa si \u00e8 inoltre accanita contro quegli infermieri e operatori socio sanitari &#8211; divenuti poi noti anche a livello nazionale &#8211; che hanno legittimamente rifiutato l&#8217;imposizione al vaccino.<br \/>\nMa non \u00e8 tutto, perch\u00e9 i quotidiani locali hanno anche denigrato in pi\u00f9 occasioni i centinaia di manifestanti degli eventi &#8220;No Paura Day&#8221; andati in scena in due occasioni in Piazza dei Martiri.<br \/>\nPer questi motivi, abbiamo deciso di mettere in atto una controffensiva mediatica attraverso una campagna sul territorio e non ci fermeremo qui.&#8221;<\/p>","protected":false},"excerpt":{"rendered":"<p>Da alcuni giorni, in vari comuni del Bellunese, sono apparsi dei manifesti e una vela molto particolari. Di norma tali spazi sono dedicati ad annunci e promozioni commerciali, ma in questo caso si tratta di qualcosa di diverso. La scritta infatti che appare a caratteri cubitali \u00e8 la seguente: &#8220;Basta disinformazione. Basta terrorismo mediatico.&#8221; L&#8217;iniziativa [&hellip;]<\/p>\n","protected":false},"author":2,"featured_media":123731,"comment_status":"closed","ping_status":"open","sticky":false,"template":"","format":"standard","meta":{"footnotes":""},"categories":[5],"tags":[],"class_list":["post-123730","post","type-post","status-publish","format-standard","has-post-thumbnail","category-cronaca"],"yoast_head":"<!-- This site is optimized with the Yoast SEO plugin v28.4 - https:\/\/yoast.com\/product\/yoast-seo-wordpress\/ -->\n<title>NoBufale.it una voce fuori del coro in provincia di Belluno - Bellunopress - Dolomiti<\/title>\n<meta name=\"robots\" content=\"index, follow, max-snippet:-1, max-image-preview:large, max-video-preview:-1\" \/>\n<link rel=\"canonical\" href=\"https:\/\/www.bellunopress.it\/fr\/2021\/04\/26\/nobufale-it-una-voce-fuori-del-coro-in-provincia-di-belluno\/\" \/>\n<meta property=\"og:locale\" content=\"fr_FR\" \/>\n<meta property=\"og:type\" content=\"article\" \/>\n<meta property=\"og:title\" content=\"NoBufale.it una voce fuori del coro in provincia di Belluno - Bellunopress - Dolomiti\" \/>\n<meta property=\"og:description\" content=\"Da alcuni giorni, in vari comuni del Bellunese, sono apparsi dei manifesti e una vela molto particolari. Di norma tali spazi sono dedicati ad annunci e promozioni commerciali, ma in questo caso si tratta di qualcosa di diverso. La scritta infatti che appare a caratteri cubitali \u00e8 la seguente: &#8220;Basta disinformazione. Basta terrorismo mediatico.&#8221; L&#8217;iniziativa [&hellip;]\" \/>\n<meta property=\"og:url\" content=\"https:\/\/www.bellunopress.it\/fr\/2021\/04\/26\/nobufale-it-una-voce-fuori-del-coro-in-provincia-di-belluno\/\" \/>\n<meta property=\"og:site_name\" content=\"Bellunopress - Dolomiti\" \/>\n<meta property=\"article:publisher\" content=\"https:\/\/www.facebook.com\/profile.php?id=100008943462799\" \/>\n<meta property=\"article:published_time\" content=\"2021-04-26T05:47:08+00:00\" \/>\n<meta property=\"article:modified_time\" content=\"2021-04-26T08:52:26+00:00\" \/>\n<meta property=\"og:image\" content=\"https:\/\/www.bellunopress.it\/wp-content\/uploads\/2021\/04\/NoBufale_edited.jpg\" \/>\n\t<meta property=\"og:image:width\" content=\"750\" \/>\n\t<meta property=\"og:image:height\" content=\"1000\" \/>\n\t<meta property=\"og:image:type\" content=\"image\/jpeg\" \/>\n<meta name=\"author\" content=\"redazione\" \/>\n<meta name=\"twitter:card\" content=\"summary_large_image\" \/>\n<meta name=\"twitter:creator\" content=\"@bellunopress\" \/>\n<meta name=\"twitter:site\" content=\"@bellunopress\" \/>\n<meta name=\"twitter:label1\" content=\"\u00c9crit par\" \/>\n\t<meta name=\"twitter:data1\" content=\"redazione\" \/>\n\t<meta name=\"twitter:label2\" content=\"Dur\u00e9e de lecture estim\u00e9e\" \/>\n\t<meta name=\"twitter:data2\" content=\"2 minutes\" \/>\n<script type=\"application\/ld+json\" class=\"yoast-schema-graph\">{\"@context\":\"https:\\\/\\\/schema.org\",\"@graph\":[{\"@type\":\"Article\",\"@id\":\"https:\\\/\\\/www.bellunopress.it\\\/2021\\\/04\\\/26\\\/nobufale-it-una-voce-fuori-del-coro-in-provincia-di-belluno\\\/#article\",\"isPartOf\":{\"@id\":\"https:\\\/\\\/www.bellunopress.it\\\/2021\\\/04\\\/26\\\/nobufale-it-una-voce-fuori-del-coro-in-provincia-di-belluno\\\/\"},\"author\":{\"name\":\"redazione\",\"@id\":\"https:\\\/\\\/www.bellunopress.it\\\/#\\\/schema\\\/person\\\/79bb06722b37ece1c03d3e94beb30d73\"},\"headline\":\"NoBufale.it una voce fuori del coro in provincia di Belluno\",\"datePublished\":\"2021-04-26T05:47:08+00:00\",\"dateModified\":\"2021-04-26T08:52:26+00:00\",\"mainEntityOfPage\":{\"@id\":\"https:\\\/\\\/www.bellunopress.it\\\/2021\\\/04\\\/26\\\/nobufale-it-una-voce-fuori-del-coro-in-provincia-di-belluno\\\/\"},\"wordCount\":241,\"publisher\":{\"@id\":\"https:\\\/\\\/www.bellunopress.it\\\/#organization\"},\"image\":{\"@id\":\"https:\\\/\\\/www.bellunopress.it\\\/2021\\\/04\\\/26\\\/nobufale-it-una-voce-fuori-del-coro-in-provincia-di-belluno\\\/#primaryimage\"},\"thumbnailUrl\":\"https:\\\/\\\/www.bellunopress.it\\\/wp-content\\\/uploads\\\/2021\\\/04\\\/NoBufale_edited.jpg\",\"articleSection\":[\"Cronaca\\\/Politica\"],\"inLanguage\":\"fr-FR\"},{\"@type\":\"WebPage\",\"@id\":\"https:\\\/\\\/www.bellunopress.it\\\/2021\\\/04\\\/26\\\/nobufale-it-una-voce-fuori-del-coro-in-provincia-di-belluno\\\/\",\"url\":\"https:\\\/\\\/www.bellunopress.it\\\/2021\\\/04\\\/26\\\/nobufale-it-una-voce-fuori-del-coro-in-provincia-di-belluno\\\/\",\"name\":\"NoBufale.it una voce fuori del coro in provincia di Belluno - Bellunopress - Dolomiti\",\"isPartOf\":{\"@id\":\"https:\\\/\\\/www.bellunopress.it\\\/#website\"},\"primaryImageOfPage\":{\"@id\":\"https:\\\/\\\/www.bellunopress.it\\\/2021\\\/04\\\/26\\\/nobufale-it-una-voce-fuori-del-coro-in-provincia-di-belluno\\\/#primaryimage\"},\"image\":{\"@id\":\"https:\\\/\\\/www.bellunopress.it\\\/2021\\\/04\\\/26\\\/nobufale-it-una-voce-fuori-del-coro-in-provincia-di-belluno\\\/#primaryimage\"},\"thumbnailUrl\":\"https:\\\/\\\/www.bellunopress.it\\\/wp-content\\\/uploads\\\/2021\\\/04\\\/NoBufale_edited.jpg\",\"datePublished\":\"2021-04-26T05:47:08+00:00\",\"dateModified\":\"2021-04-26T08:52:26+00:00\",\"breadcrumb\":{\"@id\":\"https:\\\/\\\/www.bellunopress.it\\\/2021\\\/04\\\/26\\\/nobufale-it-una-voce-fuori-del-coro-in-provincia-di-belluno\\\/#breadcrumb\"},\"inLanguage\":\"fr-FR\",\"potentialAction\":[{\"@type\":\"ReadAction\",\"target\":[\"https:\\\/\\\/www.bellunopress.it\\\/2021\\\/04\\\/26\\\/nobufale-it-una-voce-fuori-del-coro-in-provincia-di-belluno\\\/\"]}]},{\"@type\":\"ImageObject\",\"inLanguage\":\"fr-FR\",\"@id\":\"https:\\\/\\\/www.bellunopress.it\\\/2021\\\/04\\\/26\\\/nobufale-it-una-voce-fuori-del-coro-in-provincia-di-belluno\\\/#primaryimage\",\"url\":\"https:\\\/\\\/www.bellunopress.it\\\/wp-content\\\/uploads\\\/2021\\\/04\\\/NoBufale_edited.jpg\",\"contentUrl\":\"https:\\\/\\\/www.bellunopress.it\\\/wp-content\\\/uploads\\\/2021\\\/04\\\/NoBufale_edited.jpg\",\"width\":750,\"height\":1000},{\"@type\":\"BreadcrumbList\",\"@id\":\"https:\\\/\\\/www.bellunopress.it\\\/2021\\\/04\\\/26\\\/nobufale-it-una-voce-fuori-del-coro-in-provincia-di-belluno\\\/#breadcrumb\",\"itemListElement\":[{\"@type\":\"ListItem\",\"position\":1,\"name\":\"Home\",\"item\":\"https:\\\/\\\/www.bellunopress.it\\\/\"},{\"@type\":\"ListItem\",\"position\":2,\"name\":\"NoBufale.it una voce fuori del coro in provincia di Belluno\"}]},{\"@type\":\"WebSite\",\"@id\":\"https:\\\/\\\/www.bellunopress.it\\\/#website\",\"url\":\"https:\\\/\\\/www.bellunopress.it\\\/\",\"name\":\"Bellunopress - Dolomiti\",\"description\":\"e-mail: redazione@bellunopress.it\",\"publisher\":{\"@id\":\"https:\\\/\\\/www.bellunopress.it\\\/#organization\"},\"potentialAction\":[{\"@type\":\"SearchAction\",\"target\":{\"@type\":\"EntryPoint\",\"urlTemplate\":\"https:\\\/\\\/www.bellunopress.it\\\/?s={search_term_string}\"},\"query-input\":{\"@type\":\"PropertyValueSpecification\",\"valueRequired\":true,\"valueName\":\"search_term_string\"}}],\"inLanguage\":\"fr-FR\"},{\"@type\":\"Organization\",\"@id\":\"https:\\\/\\\/www.bellunopress.it\\\/#organization\",\"name\":\"Bellunopress\",\"url\":\"https:\\\/\\\/www.bellunopress.it\\\/\",\"logo\":{\"@type\":\"ImageObject\",\"inLanguage\":\"fr-FR\",\"@id\":\"https:\\\/\\\/www.bellunopress.it\\\/#\\\/schema\\\/logo\\\/image\\\/\",\"url\":\"https:\\\/\\\/www.bellunopress.it\\\/wp-content\\\/uploads\\\/2011\\\/05\\\/cropped-logo-bellunopress-.jpg\",\"contentUrl\":\"https:\\\/\\\/www.bellunopress.it\\\/wp-content\\\/uploads\\\/2011\\\/05\\\/cropped-logo-bellunopress-.jpg\",\"width\":512,\"height\":512,\"caption\":\"Bellunopress\"},\"image\":{\"@id\":\"https:\\\/\\\/www.bellunopress.it\\\/#\\\/schema\\\/logo\\\/image\\\/\"},\"sameAs\":[\"https:\\\/\\\/www.facebook.com\\\/profile.php?id=100008943462799\",\"https:\\\/\\\/x.com\\\/bellunopress\",\"https:\\\/\\\/www.linkedin.com\\\/hp\\\/?dnr=JBzUWaJfMUw8vbXJJ2tVW5-I3jZKvC4wsoxE&amp;amp;amp;amp;amp;amp;trk=nav_responsive_tab_home\",\"https:\\\/\\\/www.youtube.com\\\/channel\\\/UCxL0wu1uN0_3_7hGG0306cw\"]},{\"@type\":\"Person\",\"@id\":\"https:\\\/\\\/www.bellunopress.it\\\/#\\\/schema\\\/person\\\/79bb06722b37ece1c03d3e94beb30d73\",\"name\":\"redazione\",\"image\":{\"@type\":\"ImageObject\",\"inLanguage\":\"fr-FR\",\"@id\":\"https:\\\/\\\/secure.gravatar.com\\\/avatar\\\/37d968a2e67a6fd04c169c4bdef102d0bc5d31b2546345219e348575eb80e9a0?s=96&d=mm&r=g\",\"url\":\"https:\\\/\\\/secure.gravatar.com\\\/avatar\\\/37d968a2e67a6fd04c169c4bdef102d0bc5d31b2546345219e348575eb80e9a0?s=96&d=mm&r=g\",\"contentUrl\":\"https:\\\/\\\/secure.gravatar.com\\\/avatar\\\/37d968a2e67a6fd04c169c4bdef102d0bc5d31b2546345219e348575eb80e9a0?s=96&d=mm&r=g\",\"caption\":\"redazione\"},\"sameAs\":[\"http:\\\/\\\/www.bellunopress.it\",\"https:\\\/\\\/x.com\\\/bellunopress\"],\"url\":\"https:\\\/\\\/www.bellunopress.it\\\/fr\\\/author\\\/redazione\\\/\"}]}<\/script>\n<!-- \/ Yoast SEO plugin. -->","yoast_head_json":{"title":"NoBufale.it una voce fuori del coro in provincia di Belluno - Bellunopress - Dolomiti","robots":{"index":"index","follow":"follow","max-snippet":"max-snippet:-1","max-image-preview":"max-image-preview:large","max-video-preview":"max-video-preview:-1"},"canonical":"https:\/\/www.bellunopress.it\/fr\/2021\/04\/26\/nobufale-it-una-voce-fuori-del-coro-in-provincia-di-belluno\/","og_locale":"fr_FR","og_type":"article","og_title":"NoBufale.it una voce fuori del coro in provincia di Belluno - Bellunopress - Dolomiti","og_description":"Da alcuni giorni, in vari comuni del Bellunese, sono apparsi dei manifesti e una vela molto particolari. Di norma tali spazi sono dedicati ad annunci e promozioni commerciali, ma in questo caso si tratta di qualcosa di diverso. La scritta infatti che appare a caratteri cubitali \u00e8 la seguente: &#8220;Basta disinformazione. Basta terrorismo mediatico.&#8221; L&#8217;iniziativa [&hellip;]","og_url":"https:\/\/www.bellunopress.it\/fr\/2021\/04\/26\/nobufale-it-una-voce-fuori-del-coro-in-provincia-di-belluno\/","og_site_name":"Bellunopress - Dolomiti","article_publisher":"https:\/\/www.facebook.com\/profile.php?id=100008943462799","article_published_time":"2021-04-26T05:47:08+00:00","article_modified_time":"2021-04-26T08:52:26+00:00","og_image":[{"width":750,"height":1000,"url":"https:\/\/www.bellunopress.it\/wp-content\/uploads\/2021\/04\/NoBufale_edited.jpg","type":"image\/jpeg"}],"author":"redazione","twitter_card":"summary_large_image","twitter_creator":"@bellunopress","twitter_site":"@bellunopress","twitter_misc":{"\u00c9crit par":"redazione","Dur\u00e9e de lecture estim\u00e9e":"2 minutes"},"schema":{"@context":"https:\/\/schema.org","@graph":[{"@type":"Article","@id":"https:\/\/www.bellunopress.it\/2021\/04\/26\/nobufale-it-una-voce-fuori-del-coro-in-provincia-di-belluno\/#article","isPartOf":{"@id":"https:\/\/www.bellunopress.it\/2021\/04\/26\/nobufale-it-una-voce-fuori-del-coro-in-provincia-di-belluno\/"},"author":{"name":"redazione","@id":"https:\/\/www.bellunopress.it\/#\/schema\/person\/79bb06722b37ece1c03d3e94beb30d73"},"headline":"NoBufale.it una voce fuori del coro in provincia di Belluno","datePublished":"2021-04-26T05:47:08+00:00","dateModified":"2021-04-26T08:52:26+00:00","mainEntityOfPage":{"@id":"https:\/\/www.bellunopress.it\/2021\/04\/26\/nobufale-it-una-voce-fuori-del-coro-in-provincia-di-belluno\/"},"wordCount":241,"publisher":{"@id":"https:\/\/www.bellunopress.it\/#organization"},"image":{"@id":"https:\/\/www.bellunopress.it\/2021\/04\/26\/nobufale-it-una-voce-fuori-del-coro-in-provincia-di-belluno\/#primaryimage"},"thumbnailUrl":"https:\/\/www.bellunopress.it\/wp-content\/uploads\/2021\/04\/NoBufale_edited.jpg","articleSection":["Cronaca\/Politica"],"inLanguage":"fr-FR"},{"@type":"WebPage","@id":"https:\/\/www.bellunopress.it\/2021\/04\/26\/nobufale-it-una-voce-fuori-del-coro-in-provincia-di-belluno\/","url":"https:\/\/www.bellunopress.it\/2021\/04\/26\/nobufale-it-una-voce-fuori-del-coro-in-provincia-di-belluno\/","name":"NoBufale.it una voce fuori del coro in provincia di Belluno - Bellunopress - Dolomiti","isPartOf":{"@id":"https:\/\/www.bellunopress.it\/#website"},"primaryImageOfPage":{"@id":"https:\/\/www.bellunopress.it\/2021\/04\/26\/nobufale-it-una-voce-fuori-del-coro-in-provincia-di-belluno\/#primaryimage"},"image":{"@id":"https:\/\/www.bellunopress.it\/2021\/04\/26\/nobufale-it-una-voce-fuori-del-coro-in-provincia-di-belluno\/#primaryimage"},"thumbnailUrl":"https:\/\/www.bellunopress.it\/wp-content\/uploads\/2021\/04\/NoBufale_edited.jpg","datePublished":"2021-04-26T05:47:08+00:00","dateModified":"2021-04-26T08:52:26+00:00","breadcrumb":{"@id":"https:\/\/www.bellunopress.it\/2021\/04\/26\/nobufale-it-una-voce-fuori-del-coro-in-provincia-di-belluno\/#breadcrumb"},"inLanguage":"fr-FR","potentialAction":[{"@type":"ReadAction","target":["https:\/\/www.bellunopress.it\/2021\/04\/26\/nobufale-it-una-voce-fuori-del-coro-in-provincia-di-belluno\/"]}]},{"@type":"ImageObject","inLanguage":"fr-FR","@id":"https:\/\/www.bellunopress.it\/2021\/04\/26\/nobufale-it-una-voce-fuori-del-coro-in-provincia-di-belluno\/#primaryimage","url":"https:\/\/www.bellunopress.it\/wp-content\/uploads\/2021\/04\/NoBufale_edited.jpg","contentUrl":"https:\/\/www.bellunopress.it\/wp-content\/uploads\/2021\/04\/NoBufale_edited.jpg","width":750,"height":1000},{"@type":"BreadcrumbList","@id":"https:\/\/www.bellunopress.it\/2021\/04\/26\/nobufale-it-una-voce-fuori-del-coro-in-provincia-di-belluno\/#breadcrumb","itemListElement":[{"@type":"ListItem","position":1,"name":"Home","item":"https:\/\/www.bellunopress.it\/"},{"@type":"ListItem","position":2,"name":"NoBufale.it una voce fuori del coro in provincia di Belluno"}]},{"@type":"WebSite","@id":"https:\/\/www.bellunopress.it\/#website","url":"https:\/\/www.bellunopress.it\/","name":"Bellunopress - Dolomiti","description":"e-mail: redazione@bellunopress.it","publisher":{"@id":"https:\/\/www.bellunopress.it\/#organization"},"potentialAction":[{"@type":"SearchAction","target":{"@type":"EntryPoint","urlTemplate":"https:\/\/www.bellunopress.it\/?s={search_term_string}"},"query-input":{"@type":"PropertyValueSpecification","valueRequired":true,"valueName":"search_term_string"}}],"inLanguage":"fr-FR"},{"@type":"Organization","@id":"https:\/\/www.bellunopress.it\/#organization","name":"Bellunopress","url":"https:\/\/www.bellunopress.it\/","logo":{"@type":"ImageObject","inLanguage":"fr-FR","@id":"https:\/\/www.bellunopress.it\/#\/schema\/logo\/image\/","url":"https:\/\/www.bellunopress.it\/wp-content\/uploads\/2011\/05\/cropped-logo-bellunopress-.jpg","contentUrl":"https:\/\/www.bellunopress.it\/wp-content\/uploads\/2011\/05\/cropped-logo-bellunopress-.jpg","width":512,"height":512,"caption":"Bellunopress"},"image":{"@id":"https:\/\/www.bellunopress.it\/#\/schema\/logo\/image\/"},"sameAs":["https:\/\/www.facebook.com\/profile.php?id=100008943462799","https:\/\/x.com\/bellunopress","https:\/\/www.linkedin.com\/hp\/?dnr=JBzUWaJfMUw8vbXJJ2tVW5-I3jZKvC4wsoxE&amp;amp;amp;amp;amp;amp;trk=nav_responsive_tab_home","https:\/\/www.youtube.com\/channel\/UCxL0wu1uN0_3_7hGG0306cw"]},{"@type":"Person","@id":"https:\/\/www.bellunopress.it\/#\/schema\/person\/79bb06722b37ece1c03d3e94beb30d73","name":"r\u00e9daction","image":{"@type":"ImageObject","inLanguage":"fr-FR","@id":"https:\/\/secure.gravatar.com\/avatar\/37d968a2e67a6fd04c169c4bdef102d0bc5d31b2546345219e348575eb80e9a0?s=96&d=mm&r=g","url":"https:\/\/secure.gravatar.com\/avatar\/37d968a2e67a6fd04c169c4bdef102d0bc5d31b2546345219e348575eb80e9a0?s=96&d=mm&r=g","contentUrl":"https:\/\/secure.gravatar.com\/avatar\/37d968a2e67a6fd04c169c4bdef102d0bc5d31b2546345219e348575eb80e9a0?s=96&d=mm&r=g","caption":"redazione"},"sameAs":["http:\/\/www.bellunopress.it","https:\/\/x.com\/bellunopress"],"url":"https:\/\/www.bellunopress.it\/fr\/author\/redazione\/"}]}},"_links":{"self":[{"href":"https:\/\/www.bellunopress.it\/fr\/wp-json\/wp\/v2\/posts\/123730","targetHints":{"allow":["GET"]}}],"collection":[{"href":"https:\/\/www.bellunopress.it\/fr\/wp-json\/wp\/v2\/posts"}],"about":[{"href":"https:\/\/www.bellunopress.it\/fr\/wp-json\/wp\/v2\/types\/post"}],"author":[{"embeddable":true,"href":"https:\/\/www.bellunopress.it\/fr\/wp-json\/wp\/v2\/users\/2"}],"replies":[{"embeddable":true,"href":"https:\/\/www.bellunopress.it\/fr\/wp-json\/wp\/v2\/comments?post=123730"}],"version-history":[{"count":2,"href":"https:\/\/www.bellunopress.it\/fr\/wp-json\/wp\/v2\/posts\/123730\/revisions"}],"predecessor-version":[{"id":123733,"href":"https:\/\/www.bellunopress.it\/fr\/wp-json\/wp\/v2\/posts\/123730\/revisions\/123733"}],"wp:featuredmedia":[{"embeddable":true,"href":"https:\/\/www.bellunopress.it\/fr\/wp-json\/wp\/v2\/media\/123731"}],"wp:attachment":[{"href":"https:\/\/www.bellunopress.it\/fr\/wp-json\/wp\/v2\/media?parent=123730"}],"wp:term":[{"taxonomy":"category","embeddable":true,"href":"https:\/\/www.bellunopress.it\/fr\/wp-json\/wp\/v2\/categories?post=123730"},{"taxonomy":"post_tag","embeddable":true,"href":"https:\/\/www.bellunopress.it\/fr\/wp-json\/wp\/v2\/tags?post=123730"}],"curies":[{"name":"wp","href":"https:\/\/api.w.org\/{rel}","templated":true}]}}