{"id":123728,"date":"2021-04-26T08:37:01","date_gmt":"2021-04-26T06:37:01","guid":{"rendered":"https:\/\/www.bellunopress.it\/?p=123728"},"modified":"2021-04-26T13:46:52","modified_gmt":"2021-04-26T11:46:52","slug":"covid-19-oltre-8mila-morti-in-veneto-nel-semestre-ottobre-2020-marzo-2021","status":"publish","type":"post","link":"https:\/\/www.bellunopress.it\/fr\/2021\/04\/26\/covid-19-oltre-8mila-morti-in-veneto-nel-semestre-ottobre-2020-marzo-2021\/","title":{"rendered":"Covid 19: oltre 8mila morti in Veneto nel semestre ottobre 2020 &#8211; marzo 2021"},"content":{"rendered":"<p><strong><em><a href=\"https:\/\/www.bellunopress.it\/fr\/2021\/03\/12\/vaccinate-17-276-persone-in-veneto-con-il-lotto-astrazeneca-ritirato-in-via-precauzionale-nessun-allarme-per-reazioni-avverse-gravi\/zaia-diretta-facebook_edited\/\" rel=\"attachment wp-att-122361\"><img loading=\"lazy\" decoding=\"async\" class=\"alignleft size-full wp-image-122361\" src=\"https:\/\/www.bellunopress.it\/wp-content\/uploads\/2021\/03\/Zaia-diretta-Facebook_edited.jpg\" alt=\"Lanzarin Zaia Russo\" width=\"767\" height=\"515\" srcset=\"https:\/\/www.bellunopress.it\/wp-content\/uploads\/2021\/03\/Zaia-diretta-Facebook_edited.jpg 767w, https:\/\/www.bellunopress.it\/wp-content\/uploads\/2021\/03\/Zaia-diretta-Facebook_edited-500x336.jpg 500w, https:\/\/www.bellunopress.it\/wp-content\/uploads\/2021\/03\/Zaia-diretta-Facebook_edited-696x467.jpg 696w, https:\/\/www.bellunopress.it\/wp-content\/uploads\/2021\/03\/Zaia-diretta-Facebook_edited-626x420.jpg 626w\" sizes=\"auto, (max-width: 767px) 100vw, 767px\" \/><\/a>Di chi \u00e8 la paternit\u00e0 politica di tale disastro? Esposto depositato in sei Procure della Repubblica da Laura Puppato ed altri cittadini e professionisti<\/em><\/strong><\/p>\n<p>Stasera, luned\u00ec 26 aprile, Report Rai 3 dedica un servizio dal titolo \u201c Il Veneto, da primi della classe all\u2019inizio della pandemia, ad ultimi a gennaio 2021. Cosa \u00e8 successo? \u201d<br \/>\nCessare di vivere non \u00e8 mai bello, ma farlo da intubati, da soli e senza nessuno volto amico attorno, magari senza aver capito ben ci\u00f2 che ti sta capitando, deve essere stato davvero straziante. Chiss\u00e0 se qualcuno degli oltre diecimila deceduti (10.481 annata 2020\/2021), negli ultimi istanti della sua esistenza si sar\u00e0 chiesto: potevo salvarmi? Qualcuno avrebbe potuto fare qualcosa per evitarmi tutto questo?<br \/>\nLe cure sanitarie ed assistenziali prestate prima, durante e dopo il Coronavirus riguardano principalmente i servizi sociosanitari che hanno in carico il ricoverato, nonch\u00e9 il rapporto fra l\u2019equipe medica\/paramedica e il paziente per la durata della degenza. Inutile negare che la qualit\u00e0 del servizio offerto e le prestazioni fornite sono condizionate, positivamente o viceversa negativamente, dalla tempestivit\u00e0 ed appropriatezza di diagnosi, terapie e medicamenti offerti da chi entra in contatto con l\u2019affetto da Covid. Ma e a sua volta, il front-office ospedaliero nell\u2019erogare i servizi e le attenzioni necessarie \u00e8 avvantaggiato (oppure svantaggiato), se ed in quanto le disposizioni emanate dalla regione -competente in termini di legislazione attuativa e di programmazione &#8211; sono adeguate ai bisogni rilevati cos\u00ec da variare &#8211; per tempo ed in tempo &#8211; le situazioni negative createsi. Ci\u00f2 \u00e8 valso e vale ancor di pi\u00f9 in una situazione d\u2019emergenza, com\u2019\u00e8 quella tuttora persistente nella pandemia in essere. Inoltre, i singoli servizi e presidi ospedalieri fanno parte della rete organizzata per linee di comando gerarchizzate per funzioni e livelli di responsabilit\u00e0 ripartiti per settori d\u2019intervento territorialmente dislocati rispondenti per omogeneit\u00e0 di materia alle direttive di matrice regionale.<br \/>\nA capo dell\u2019organizzazione sono preposti dirigenti scelti a seguito di procedure aperte a chi ha titoli ed esperienze, dal Presidente della Regione cui \u00e8 riservata la nomina dei Direttori Generali delle Unit\u00e0 Sanitarie. Egli, poi, congiuntamente alla sua maggioranza propone al Consiglio Regionale i Direttori d\u2019Area per macrosettori (tra questi anche la sanit\u00e0) ed infine presiede la Giunta cui spetta l\u2019affidamento degli incarichi di Direzione per tutti i dipartimenti dell\u2019apparato centrale. Tutti questi vertici godono di ampia autonomia e discrezionalit\u00e0 nella scelta del mix migliore riferentesi alla situazione data utilizzando, beni mobili, immobili, personale e strumentazione in loro disponibilit\u00e0. Insomma, la pianificazione del proprio comparto e la discrezionalit\u00e0 garantita a questi \u201ccapitani\u201d nel decidere se, quando e come \u201cfare\u201d appartiene esclusivamente alle loro prerogative, pur nell\u2019osservanza di norme, criteri e programmi d\u2019indirizzo provenienti dall\u2019organo politica cui debbono rispondere unicamente per i risultati affidati e conseguiti. La nettezza giuridico-formale codificata da norme e contratti che differenzia il potere d\u2019indirizzo (politico) da quello operativo (gestionale), nella realt\u00e0 deve fare i conti con le continue interferenze e l\u2019invasione di campo proprio a partire dal dominus eletto dal popolo. In generale, poi, la componente dirigenziale \u00e8 cedevole sulle proprie specifiche attribuzioni anche perch\u00e9 sa che l\u2019incarico d\u2019ufficio cui \u00e8 collegata la retribuzione economica \u00e8 a termine, quindi \u00e8 opportuno assecondare.<br \/>\nCi\u00f2 premesso ed al netto della drammatica ed eccezionale situazione causata dal propagarsi del Covid, i dati dell\u2019Istituto Superiore di Sanit\u00e0 evidenziano come nei primi sette mesi (marzo-settembre 2020) per il Veneto 2199 i deceduti, probabilmente grazie anche ai suggerimenti del Prof. Crisanti, mentre nella seconda parte (ottobre 2020-marzo 2021) la mortalit\u00e0 \u00e8 quasi quadruplicata sforando quota 8.000, per la precisione 8.282. Nello stesso lasso di tempo, peggio di noi ha fatto solamente la Lombardia con 13.368 morti. Come \u00e8 noto questa regione &#8211; cos\u00ec raccontano gli esperti &#8211; fin dai tempi di Formigoni (Forza Italia), a seguire con Maroni (Lega) per finire con Fontana (Lega), ha smantellato la medicina territoriale privilegiando la spedalizzazione.<br \/>\nIn Veneto i servizi sociosanitari a valenza preventiva sono operanti fin dal 1975 del secolo scorso, hanno tenuto fino a settembre 2020 e poi cosa mai sar\u00e0 successo? Crollato tutto miseramente? Inoltre, l\u2019attuale Presidente &#8211; suo malgrado ed in mancanza di portavoce ufficiale &#8211; durante l\u2019intera sua campagna elettorale ha dovuto presenziare e presidiare ininterrottamente i mass media dando informazioni aggiornate day by day sull\u2019andamento del Covid. L\u2019impegno \u00e8 stato premiato e al leader leghista sono andate le preferenze del 76,8% dei Veneti, rispedito a Palazzo Balbi per la terza volta. Luca Zaia , si sa, ha nel cuore l\u2019Autonomia tuttora in sosta forzata nei palazzi del potere da almeno 13 anni. Il Covid 19 \u00e8 letale per le persone, ma mostra pure qualche aspetto positivo.<br \/>\nDa ottobre, per\u00f2 lo scenario \u00e8 cambiato. Il tasso di mortalit\u00e0 si \u00e8 innalzato improvvisamente, nonostante che a Marghera quasi quotidianamente il Presidente presieda e coordini una riunione avente il compito di monitorare la situazione, affrontare i problemi a mano a mano che si pongono e possibilmente risolverli. Se cos\u00ec \u00e8, Luca Zaia dirige il cantiere sempre aperto del Covid 19, aiutato dai collaboratori competenti (i dirigenti apicali) delle differenti branchie dell\u2019Amministrazione Regionale di modo che dalla figura di vertice istituzionale alla fase realizzativa, agli \u201causiliari\u201d del Governatore non resta che mettere in pratica quanto deciso. Trattasi di un\u2019organizzazione della modalit\u00e0 d&#8217;esercizio delle funzioni regionali alquanto distante dal modello codificato, per\u00f2 \u2013 scelta questa opzione &#8211; con qualche motivazione e non variata la sostanza della tecnostruttura ospedaliera di base, si pu\u00f2 affermare che il quasi quadruplicamento dei morti nel periodo ottobre 2020-marzo 2021 possa riflettersi anche nella paternit\u00e0 politica di chi governa la regione del Veneto.<br \/>\nEd \u00e8 in questo contesto, che s\u2019inserisce l\u2019esposto presentato avanti alle sei Procure della Repubblica (Rovigo esclusa) a firma di Laura Puppato (gi\u00e0 parlamentare PD) e di altri professionisti e cittadini preoccupati della situazione degenerata soprattutto nell\u2019invernata 2020. Il dossier \u00e8 completo di statistiche, dichiarazioni, pareri, approfondimenti e tabelle comparative. Essendo una mera segnalazione spetter\u00e0 al giudizio della magistratura stabilire se vi sono gli estremi per una prosecuzione in termini di reato ravvisabile, oppure archiviare il tutto. Il focus \u00e8 portato sue due questioni importanti.<br \/>\nLa prima, il fatto di aver voluto mantenere il Veneto in zona gialla, al di l\u00e0 dei segnali allarmanti provenienti dalla propagazione del virus . Ribadisce l\u2019esponente politica \u201cnonostante tutte le evidenze il Veneto ha chiuso solo poco prima di Natale , ma migliaia di morti chiedono oggi verit\u00e0 e giustizia per la seconda ondata\u201d.<br \/>\nLa seconda concerne una serie di interrogativi non di poco conto: la veridicit\u00e0 dei dati sui posti letto comunicati dalla Regione Veneto , l\u2019adeguatezza dei numeri del personale medico e sanitario rispetto ai ricoverati nei reparti semi intensivi e nelle terapie intensive e come tali comunicazioni abbiano influito sulla scelta del permanere della Regione in zona gialla, se sia stato garantito anche agli anziani delle RSA l\u2019accesso agli ospedali per ottenere cure semi intensive ed intensive quando appropriato, se aver basato il contenimento dei contagi sul sistema dei tamponi rapidi fosse un metodo validato dalle evidenze scientifiche; valutando all\u2019esito eventuali omissioni e\/o e negligenze nell\u2019attivit\u00e0 di contenimento dell\u2019epidemia da parte delle autorit\u00e0 preposte.<br \/>\nStasera Report , settimanale d\u2019inchiesta di Rai 3 , dedicher\u00e0 un servizio all\u2019argomento non a caso titolato \u201c Il Veneto, da primi della classe ad ultimi a gennaio 2021 . Cosa \u00e8 successo&#8221;?<\/p>\n<p><strong>Enzo De Biasi <\/strong><br \/>\n<strong>26 04 2021<\/strong><\/p>","protected":false},"excerpt":{"rendered":"<p>Di chi \u00e8 la paternit\u00e0 politica di tale disastro? Esposto depositato in sei Procure della Repubblica da Laura Puppato ed altri cittadini e professionisti Stasera, luned\u00ec 26 aprile, Report Rai 3 dedica un servizio dal titolo \u201c Il Veneto, da primi della classe all\u2019inizio della pandemia, ad ultimi a gennaio 2021. Cosa \u00e8 successo? \u201d [&hellip;]<\/p>\n","protected":false},"author":2,"featured_media":122361,"comment_status":"closed","ping_status":"open","sticky":false,"template":"","format":"standard","meta":{"footnotes":""},"categories":[5,3446,49,17],"tags":[],"class_list":["post-123728","post","type-post","status-publish","format-standard","has-post-thumbnail","category-cronaca","category-featured","category-speciali","category-sanita"],"yoast_head":"<!-- This site is optimized with the Yoast SEO plugin v28.4 - https:\/\/yoast.com\/product\/yoast-seo-wordpress\/ -->\n<title>Covid 19: oltre 8mila morti in Veneto nel semestre ottobre 2020 - marzo 2021 - Bellunopress - Dolomiti<\/title>\n<meta name=\"robots\" content=\"index, follow, max-snippet:-1, max-image-preview:large, max-video-preview:-1\" \/>\n<link rel=\"canonical\" href=\"https:\/\/www.bellunopress.it\/fr\/2021\/04\/26\/covid-19-oltre-8mila-morti-in-veneto-nel-semestre-ottobre-2020-marzo-2021\/\" \/>\n<meta property=\"og:locale\" content=\"fr_FR\" \/>\n<meta property=\"og:type\" content=\"article\" \/>\n<meta property=\"og:title\" content=\"Covid 19: oltre 8mila morti in Veneto nel semestre ottobre 2020 - marzo 2021 - Bellunopress - Dolomiti\" \/>\n<meta property=\"og:description\" content=\"Di chi \u00e8 la paternit\u00e0 politica di tale disastro? Esposto depositato in sei Procure della Repubblica da Laura Puppato ed altri cittadini e professionisti Stasera, luned\u00ec 26 aprile, Report Rai 3 dedica un servizio dal titolo \u201c Il Veneto, da primi della classe all\u2019inizio della pandemia, ad ultimi a gennaio 2021. Cosa \u00e8 successo? \u201d [&hellip;]\" \/>\n<meta property=\"og:url\" content=\"https:\/\/www.bellunopress.it\/fr\/2021\/04\/26\/covid-19-oltre-8mila-morti-in-veneto-nel-semestre-ottobre-2020-marzo-2021\/\" \/>\n<meta property=\"og:site_name\" content=\"Bellunopress - Dolomiti\" \/>\n<meta property=\"article:publisher\" content=\"https:\/\/www.facebook.com\/profile.php?id=100008943462799\" \/>\n<meta property=\"article:published_time\" content=\"2021-04-26T06:37:01+00:00\" \/>\n<meta property=\"article:modified_time\" content=\"2021-04-26T11:46:52+00:00\" \/>\n<meta property=\"og:image\" content=\"https:\/\/www.bellunopress.it\/wp-content\/uploads\/2021\/03\/Zaia-diretta-Facebook_edited.jpg\" \/>\n\t<meta property=\"og:image:width\" content=\"767\" \/>\n\t<meta property=\"og:image:height\" content=\"515\" \/>\n\t<meta property=\"og:image:type\" content=\"image\/jpeg\" \/>\n<meta name=\"author\" content=\"redazione\" \/>\n<meta name=\"twitter:card\" content=\"summary_large_image\" \/>\n<meta name=\"twitter:creator\" content=\"@bellunopress\" \/>\n<meta name=\"twitter:site\" content=\"@bellunopress\" \/>\n<meta name=\"twitter:label1\" content=\"Written by\" \/>\n\t<meta name=\"twitter:data1\" content=\"redazione\" \/>\n\t<meta name=\"twitter:label2\" content=\"Est. reading time\" \/>\n\t<meta name=\"twitter:data2\" content=\"6 minutes\" \/>\n<script type=\"application\/ld+json\" class=\"yoast-schema-graph\">{\"@context\":\"https:\\\/\\\/schema.org\",\"@graph\":[{\"@type\":\"Article\",\"@id\":\"https:\\\/\\\/www.bellunopress.it\\\/2021\\\/04\\\/26\\\/covid-19-oltre-8mila-morti-in-veneto-nel-semestre-ottobre-2020-marzo-2021\\\/#article\",\"isPartOf\":{\"@id\":\"https:\\\/\\\/www.bellunopress.it\\\/2021\\\/04\\\/26\\\/covid-19-oltre-8mila-morti-in-veneto-nel-semestre-ottobre-2020-marzo-2021\\\/\"},\"author\":{\"name\":\"redazione\",\"@id\":\"https:\\\/\\\/www.bellunopress.it\\\/#\\\/schema\\\/person\\\/79bb06722b37ece1c03d3e94beb30d73\"},\"headline\":\"Covid 19: oltre 8mila morti in Veneto nel semestre ottobre 2020 &#8211; marzo 2021\",\"datePublished\":\"2021-04-26T06:37:01+00:00\",\"dateModified\":\"2021-04-26T11:46:52+00:00\",\"mainEntityOfPage\":{\"@id\":\"https:\\\/\\\/www.bellunopress.it\\\/2021\\\/04\\\/26\\\/covid-19-oltre-8mila-morti-in-veneto-nel-semestre-ottobre-2020-marzo-2021\\\/\"},\"wordCount\":1207,\"publisher\":{\"@id\":\"https:\\\/\\\/www.bellunopress.it\\\/#organization\"},\"image\":{\"@id\":\"https:\\\/\\\/www.bellunopress.it\\\/2021\\\/04\\\/26\\\/covid-19-oltre-8mila-morti-in-veneto-nel-semestre-ottobre-2020-marzo-2021\\\/#primaryimage\"},\"thumbnailUrl\":\"https:\\\/\\\/www.bellunopress.it\\\/wp-content\\\/uploads\\\/2021\\\/03\\\/Zaia-diretta-Facebook_edited.jpg\",\"articleSection\":[\"Cronaca\\\/Politica\",\"Featured\",\"Gli speciali di Bellunopress\",\"Sanit\u00e0 Medicina\"],\"inLanguage\":\"fr-FR\"},{\"@type\":\"WebPage\",\"@id\":\"https:\\\/\\\/www.bellunopress.it\\\/2021\\\/04\\\/26\\\/covid-19-oltre-8mila-morti-in-veneto-nel-semestre-ottobre-2020-marzo-2021\\\/\",\"url\":\"https:\\\/\\\/www.bellunopress.it\\\/2021\\\/04\\\/26\\\/covid-19-oltre-8mila-morti-in-veneto-nel-semestre-ottobre-2020-marzo-2021\\\/\",\"name\":\"Covid 19: oltre 8mila morti in Veneto nel semestre ottobre 2020 - marzo 2021 - Bellunopress - Dolomiti\",\"isPartOf\":{\"@id\":\"https:\\\/\\\/www.bellunopress.it\\\/#website\"},\"primaryImageOfPage\":{\"@id\":\"https:\\\/\\\/www.bellunopress.it\\\/2021\\\/04\\\/26\\\/covid-19-oltre-8mila-morti-in-veneto-nel-semestre-ottobre-2020-marzo-2021\\\/#primaryimage\"},\"image\":{\"@id\":\"https:\\\/\\\/www.bellunopress.it\\\/2021\\\/04\\\/26\\\/covid-19-oltre-8mila-morti-in-veneto-nel-semestre-ottobre-2020-marzo-2021\\\/#primaryimage\"},\"thumbnailUrl\":\"https:\\\/\\\/www.bellunopress.it\\\/wp-content\\\/uploads\\\/2021\\\/03\\\/Zaia-diretta-Facebook_edited.jpg\",\"datePublished\":\"2021-04-26T06:37:01+00:00\",\"dateModified\":\"2021-04-26T11:46:52+00:00\",\"breadcrumb\":{\"@id\":\"https:\\\/\\\/www.bellunopress.it\\\/2021\\\/04\\\/26\\\/covid-19-oltre-8mila-morti-in-veneto-nel-semestre-ottobre-2020-marzo-2021\\\/#breadcrumb\"},\"inLanguage\":\"fr-FR\",\"potentialAction\":[{\"@type\":\"ReadAction\",\"target\":[\"https:\\\/\\\/www.bellunopress.it\\\/2021\\\/04\\\/26\\\/covid-19-oltre-8mila-morti-in-veneto-nel-semestre-ottobre-2020-marzo-2021\\\/\"]}]},{\"@type\":\"ImageObject\",\"inLanguage\":\"fr-FR\",\"@id\":\"https:\\\/\\\/www.bellunopress.it\\\/2021\\\/04\\\/26\\\/covid-19-oltre-8mila-morti-in-veneto-nel-semestre-ottobre-2020-marzo-2021\\\/#primaryimage\",\"url\":\"https:\\\/\\\/www.bellunopress.it\\\/wp-content\\\/uploads\\\/2021\\\/03\\\/Zaia-diretta-Facebook_edited.jpg\",\"contentUrl\":\"https:\\\/\\\/www.bellunopress.it\\\/wp-content\\\/uploads\\\/2021\\\/03\\\/Zaia-diretta-Facebook_edited.jpg\",\"width\":767,\"height\":515,\"caption\":\"Lanzarin Zaia Russo\"},{\"@type\":\"BreadcrumbList\",\"@id\":\"https:\\\/\\\/www.bellunopress.it\\\/2021\\\/04\\\/26\\\/covid-19-oltre-8mila-morti-in-veneto-nel-semestre-ottobre-2020-marzo-2021\\\/#breadcrumb\",\"itemListElement\":[{\"@type\":\"ListItem\",\"position\":1,\"name\":\"Home\",\"item\":\"https:\\\/\\\/www.bellunopress.it\\\/\"},{\"@type\":\"ListItem\",\"position\":2,\"name\":\"Covid 19: oltre 8mila morti in Veneto nel semestre ottobre 2020 &#8211; marzo 2021\"}]},{\"@type\":\"WebSite\",\"@id\":\"https:\\\/\\\/www.bellunopress.it\\\/#website\",\"url\":\"https:\\\/\\\/www.bellunopress.it\\\/\",\"name\":\"Bellunopress - Dolomiti\",\"description\":\"e-mail: redazione@bellunopress.it\",\"publisher\":{\"@id\":\"https:\\\/\\\/www.bellunopress.it\\\/#organization\"},\"potentialAction\":[{\"@type\":\"SearchAction\",\"target\":{\"@type\":\"EntryPoint\",\"urlTemplate\":\"https:\\\/\\\/www.bellunopress.it\\\/?s={search_term_string}\"},\"query-input\":{\"@type\":\"PropertyValueSpecification\",\"valueRequired\":true,\"valueName\":\"search_term_string\"}}],\"inLanguage\":\"fr-FR\"},{\"@type\":\"Organization\",\"@id\":\"https:\\\/\\\/www.bellunopress.it\\\/#organization\",\"name\":\"Bellunopress\",\"url\":\"https:\\\/\\\/www.bellunopress.it\\\/\",\"logo\":{\"@type\":\"ImageObject\",\"inLanguage\":\"fr-FR\",\"@id\":\"https:\\\/\\\/www.bellunopress.it\\\/#\\\/schema\\\/logo\\\/image\\\/\",\"url\":\"https:\\\/\\\/www.bellunopress.it\\\/wp-content\\\/uploads\\\/2011\\\/05\\\/cropped-logo-bellunopress-.jpg\",\"contentUrl\":\"https:\\\/\\\/www.bellunopress.it\\\/wp-content\\\/uploads\\\/2011\\\/05\\\/cropped-logo-bellunopress-.jpg\",\"width\":512,\"height\":512,\"caption\":\"Bellunopress\"},\"image\":{\"@id\":\"https:\\\/\\\/www.bellunopress.it\\\/#\\\/schema\\\/logo\\\/image\\\/\"},\"sameAs\":[\"https:\\\/\\\/www.facebook.com\\\/profile.php?id=100008943462799\",\"https:\\\/\\\/x.com\\\/bellunopress\",\"https:\\\/\\\/www.linkedin.com\\\/hp\\\/?dnr=JBzUWaJfMUw8vbXJJ2tVW5-I3jZKvC4wsoxE&amp;amp;amp;amp;amp;amp;trk=nav_responsive_tab_home\",\"https:\\\/\\\/www.youtube.com\\\/channel\\\/UCxL0wu1uN0_3_7hGG0306cw\"]},{\"@type\":\"Person\",\"@id\":\"https:\\\/\\\/www.bellunopress.it\\\/#\\\/schema\\\/person\\\/79bb06722b37ece1c03d3e94beb30d73\",\"name\":\"redazione\",\"image\":{\"@type\":\"ImageObject\",\"inLanguage\":\"fr-FR\",\"@id\":\"https:\\\/\\\/secure.gravatar.com\\\/avatar\\\/37d968a2e67a6fd04c169c4bdef102d0bc5d31b2546345219e348575eb80e9a0?s=96&d=mm&r=g\",\"url\":\"https:\\\/\\\/secure.gravatar.com\\\/avatar\\\/37d968a2e67a6fd04c169c4bdef102d0bc5d31b2546345219e348575eb80e9a0?s=96&d=mm&r=g\",\"contentUrl\":\"https:\\\/\\\/secure.gravatar.com\\\/avatar\\\/37d968a2e67a6fd04c169c4bdef102d0bc5d31b2546345219e348575eb80e9a0?s=96&d=mm&r=g\",\"caption\":\"redazione\"},\"sameAs\":[\"http:\\\/\\\/www.bellunopress.it\",\"https:\\\/\\\/x.com\\\/bellunopress\"],\"url\":\"https:\\\/\\\/www.bellunopress.it\\\/fr\\\/author\\\/redazione\\\/\"}]}<\/script>\n<!-- \/ Yoast SEO plugin. -->","yoast_head_json":{"title":"Covid 19: oltre 8mila morti in Veneto nel semestre ottobre 2020 - marzo 2021 - Bellunopress - Dolomiti","robots":{"index":"index","follow":"follow","max-snippet":"max-snippet:-1","max-image-preview":"max-image-preview:large","max-video-preview":"max-video-preview:-1"},"canonical":"https:\/\/www.bellunopress.it\/fr\/2021\/04\/26\/covid-19-oltre-8mila-morti-in-veneto-nel-semestre-ottobre-2020-marzo-2021\/","og_locale":"fr_FR","og_type":"article","og_title":"Covid 19: oltre 8mila morti in Veneto nel semestre ottobre 2020 - marzo 2021 - Bellunopress - Dolomiti","og_description":"Di chi \u00e8 la paternit\u00e0 politica di tale disastro? Esposto depositato in sei Procure della Repubblica da Laura Puppato ed altri cittadini e professionisti Stasera, luned\u00ec 26 aprile, Report Rai 3 dedica un servizio dal titolo \u201c Il Veneto, da primi della classe all\u2019inizio della pandemia, ad ultimi a gennaio 2021. Cosa \u00e8 successo? \u201d [&hellip;]","og_url":"https:\/\/www.bellunopress.it\/fr\/2021\/04\/26\/covid-19-oltre-8mila-morti-in-veneto-nel-semestre-ottobre-2020-marzo-2021\/","og_site_name":"Bellunopress - Dolomiti","article_publisher":"https:\/\/www.facebook.com\/profile.php?id=100008943462799","article_published_time":"2021-04-26T06:37:01+00:00","article_modified_time":"2021-04-26T11:46:52+00:00","og_image":[{"width":767,"height":515,"url":"https:\/\/www.bellunopress.it\/wp-content\/uploads\/2021\/03\/Zaia-diretta-Facebook_edited.jpg","type":"image\/jpeg"}],"author":"redazione","twitter_card":"summary_large_image","twitter_creator":"@bellunopress","twitter_site":"@bellunopress","twitter_misc":{"Written by":"redazione","Est. reading time":"6 minutes"},"schema":{"@context":"https:\/\/schema.org","@graph":[{"@type":"Article","@id":"https:\/\/www.bellunopress.it\/2021\/04\/26\/covid-19-oltre-8mila-morti-in-veneto-nel-semestre-ottobre-2020-marzo-2021\/#article","isPartOf":{"@id":"https:\/\/www.bellunopress.it\/2021\/04\/26\/covid-19-oltre-8mila-morti-in-veneto-nel-semestre-ottobre-2020-marzo-2021\/"},"author":{"name":"redazione","@id":"https:\/\/www.bellunopress.it\/#\/schema\/person\/79bb06722b37ece1c03d3e94beb30d73"},"headline":"Covid 19: oltre 8mila morti in Veneto nel semestre ottobre 2020 &#8211; marzo 2021","datePublished":"2021-04-26T06:37:01+00:00","dateModified":"2021-04-26T11:46:52+00:00","mainEntityOfPage":{"@id":"https:\/\/www.bellunopress.it\/2021\/04\/26\/covid-19-oltre-8mila-morti-in-veneto-nel-semestre-ottobre-2020-marzo-2021\/"},"wordCount":1207,"publisher":{"@id":"https:\/\/www.bellunopress.it\/#organization"},"image":{"@id":"https:\/\/www.bellunopress.it\/2021\/04\/26\/covid-19-oltre-8mila-morti-in-veneto-nel-semestre-ottobre-2020-marzo-2021\/#primaryimage"},"thumbnailUrl":"https:\/\/www.bellunopress.it\/wp-content\/uploads\/2021\/03\/Zaia-diretta-Facebook_edited.jpg","articleSection":["Cronaca\/Politica","Featured","Gli speciali di Bellunopress","Sanit\u00e0 Medicina"],"inLanguage":"fr-FR"},{"@type":"WebPage","@id":"https:\/\/www.bellunopress.it\/2021\/04\/26\/covid-19-oltre-8mila-morti-in-veneto-nel-semestre-ottobre-2020-marzo-2021\/","url":"https:\/\/www.bellunopress.it\/2021\/04\/26\/covid-19-oltre-8mila-morti-in-veneto-nel-semestre-ottobre-2020-marzo-2021\/","name":"Covid 19: oltre 8mila morti in Veneto nel semestre ottobre 2020 - marzo 2021 - Bellunopress - Dolomiti","isPartOf":{"@id":"https:\/\/www.bellunopress.it\/#website"},"primaryImageOfPage":{"@id":"https:\/\/www.bellunopress.it\/2021\/04\/26\/covid-19-oltre-8mila-morti-in-veneto-nel-semestre-ottobre-2020-marzo-2021\/#primaryimage"},"image":{"@id":"https:\/\/www.bellunopress.it\/2021\/04\/26\/covid-19-oltre-8mila-morti-in-veneto-nel-semestre-ottobre-2020-marzo-2021\/#primaryimage"},"thumbnailUrl":"https:\/\/www.bellunopress.it\/wp-content\/uploads\/2021\/03\/Zaia-diretta-Facebook_edited.jpg","datePublished":"2021-04-26T06:37:01+00:00","dateModified":"2021-04-26T11:46:52+00:00","breadcrumb":{"@id":"https:\/\/www.bellunopress.it\/2021\/04\/26\/covid-19-oltre-8mila-morti-in-veneto-nel-semestre-ottobre-2020-marzo-2021\/#breadcrumb"},"inLanguage":"fr-FR","potentialAction":[{"@type":"ReadAction","target":["https:\/\/www.bellunopress.it\/2021\/04\/26\/covid-19-oltre-8mila-morti-in-veneto-nel-semestre-ottobre-2020-marzo-2021\/"]}]},{"@type":"ImageObject","inLanguage":"fr-FR","@id":"https:\/\/www.bellunopress.it\/2021\/04\/26\/covid-19-oltre-8mila-morti-in-veneto-nel-semestre-ottobre-2020-marzo-2021\/#primaryimage","url":"https:\/\/www.bellunopress.it\/wp-content\/uploads\/2021\/03\/Zaia-diretta-Facebook_edited.jpg","contentUrl":"https:\/\/www.bellunopress.it\/wp-content\/uploads\/2021\/03\/Zaia-diretta-Facebook_edited.jpg","width":767,"height":515,"caption":"Lanzarin Zaia Russo"},{"@type":"BreadcrumbList","@id":"https:\/\/www.bellunopress.it\/2021\/04\/26\/covid-19-oltre-8mila-morti-in-veneto-nel-semestre-ottobre-2020-marzo-2021\/#breadcrumb","itemListElement":[{"@type":"ListItem","position":1,"name":"Home","item":"https:\/\/www.bellunopress.it\/"},{"@type":"ListItem","position":2,"name":"Covid 19: oltre 8mila morti in Veneto nel semestre ottobre 2020 &#8211; marzo 2021"}]},{"@type":"WebSite","@id":"https:\/\/www.bellunopress.it\/#website","url":"https:\/\/www.bellunopress.it\/","name":"Bellunopress - Dolomiti","description":"e-mail: redazione@bellunopress.it","publisher":{"@id":"https:\/\/www.bellunopress.it\/#organization"},"potentialAction":[{"@type":"SearchAction","target":{"@type":"EntryPoint","urlTemplate":"https:\/\/www.bellunopress.it\/?s={search_term_string}"},"query-input":{"@type":"PropertyValueSpecification","valueRequired":true,"valueName":"search_term_string"}}],"inLanguage":"fr-FR"},{"@type":"Organization","@id":"https:\/\/www.bellunopress.it\/#organization","name":"Bellunopress","url":"https:\/\/www.bellunopress.it\/","logo":{"@type":"ImageObject","inLanguage":"fr-FR","@id":"https:\/\/www.bellunopress.it\/#\/schema\/logo\/image\/","url":"https:\/\/www.bellunopress.it\/wp-content\/uploads\/2011\/05\/cropped-logo-bellunopress-.jpg","contentUrl":"https:\/\/www.bellunopress.it\/wp-content\/uploads\/2011\/05\/cropped-logo-bellunopress-.jpg","width":512,"height":512,"caption":"Bellunopress"},"image":{"@id":"https:\/\/www.bellunopress.it\/#\/schema\/logo\/image\/"},"sameAs":["https:\/\/www.facebook.com\/profile.php?id=100008943462799","https:\/\/x.com\/bellunopress","https:\/\/www.linkedin.com\/hp\/?dnr=JBzUWaJfMUw8vbXJJ2tVW5-I3jZKvC4wsoxE&amp;amp;amp;amp;amp;amp;trk=nav_responsive_tab_home","https:\/\/www.youtube.com\/channel\/UCxL0wu1uN0_3_7hGG0306cw"]},{"@type":"Person","@id":"https:\/\/www.bellunopress.it\/#\/schema\/person\/79bb06722b37ece1c03d3e94beb30d73","name":"r\u00e9daction","image":{"@type":"ImageObject","inLanguage":"fr-FR","@id":"https:\/\/secure.gravatar.com\/avatar\/37d968a2e67a6fd04c169c4bdef102d0bc5d31b2546345219e348575eb80e9a0?s=96&d=mm&r=g","url":"https:\/\/secure.gravatar.com\/avatar\/37d968a2e67a6fd04c169c4bdef102d0bc5d31b2546345219e348575eb80e9a0?s=96&d=mm&r=g","contentUrl":"https:\/\/secure.gravatar.com\/avatar\/37d968a2e67a6fd04c169c4bdef102d0bc5d31b2546345219e348575eb80e9a0?s=96&d=mm&r=g","caption":"redazione"},"sameAs":["http:\/\/www.bellunopress.it","https:\/\/x.com\/bellunopress"],"url":"https:\/\/www.bellunopress.it\/fr\/author\/redazione\/"}]}},"_links":{"self":[{"href":"https:\/\/www.bellunopress.it\/fr\/wp-json\/wp\/v2\/posts\/123728","targetHints":{"allow":["GET"]}}],"collection":[{"href":"https:\/\/www.bellunopress.it\/fr\/wp-json\/wp\/v2\/posts"}],"about":[{"href":"https:\/\/www.bellunopress.it\/fr\/wp-json\/wp\/v2\/types\/post"}],"author":[{"embeddable":true,"href":"https:\/\/www.bellunopress.it\/fr\/wp-json\/wp\/v2\/users\/2"}],"replies":[{"embeddable":true,"href":"https:\/\/www.bellunopress.it\/fr\/wp-json\/wp\/v2\/comments?post=123728"}],"version-history":[{"count":1,"href":"https:\/\/www.bellunopress.it\/fr\/wp-json\/wp\/v2\/posts\/123728\/revisions"}],"predecessor-version":[{"id":123729,"href":"https:\/\/www.bellunopress.it\/fr\/wp-json\/wp\/v2\/posts\/123728\/revisions\/123729"}],"wp:featuredmedia":[{"embeddable":true,"href":"https:\/\/www.bellunopress.it\/fr\/wp-json\/wp\/v2\/media\/122361"}],"wp:attachment":[{"href":"https:\/\/www.bellunopress.it\/fr\/wp-json\/wp\/v2\/media?parent=123728"}],"wp:term":[{"taxonomy":"category","embeddable":true,"href":"https:\/\/www.bellunopress.it\/fr\/wp-json\/wp\/v2\/categories?post=123728"},{"taxonomy":"post_tag","embeddable":true,"href":"https:\/\/www.bellunopress.it\/fr\/wp-json\/wp\/v2\/tags?post=123728"}],"curies":[{"name":"wp","href":"https:\/\/api.w.org\/{rel}","templated":true}]}}