{"id":123686,"date":"2021-04-24T14:52:49","date_gmt":"2021-04-24T12:52:49","guid":{"rendered":"https:\/\/www.bellunopress.it\/?p=123686"},"modified":"2021-04-24T21:56:40","modified_gmt":"2021-04-24T19:56:40","slug":"il-coprifuoco-e-una-follia-flash-mob-di-fratelli-ditalia-de-carlo-gli-unici-coerenti-contro-una-misura-incostituzionale","status":"publish","type":"post","link":"https:\/\/www.bellunopress.it\/fr\/2021\/04\/24\/il-coprifuoco-e-una-follia-flash-mob-di-fratelli-ditalia-de-carlo-gli-unici-coerenti-contro-una-misura-incostituzionale\/","title":{"rendered":"&#8220;Il coprifuoco \u00e8 una follia&#8221;, flash mob di Fratelli d&#8217;Italia. De Carlo: &#8220;Gli unici coerenti, contro una misura incostituzionale&#8221;"},"content":{"rendered":"<p><a href=\"https:\/\/www.bellunopress.it\/fr\/2021\/04\/24\/il-coprifuoco-e-una-follia-flash-mob-di-fratelli-ditalia-de-carlo-gli-unici-coerenti-contro-una-misura-incostituzionale\/il-coprifuoco-e-una-follia_edited\/\" rel=\"attachment wp-att-123687\"><img loading=\"lazy\" decoding=\"async\" class=\"alignleft size-full wp-image-123687\" src=\"https:\/\/www.bellunopress.it\/wp-content\/uploads\/2021\/04\/il-coprifuoco-e-una-follia_edited.jpg\" alt=\"\" width=\"854\" height=\"567\" srcset=\"https:\/\/www.bellunopress.it\/wp-content\/uploads\/2021\/04\/il-coprifuoco-e-una-follia_edited.jpg 854w, https:\/\/www.bellunopress.it\/wp-content\/uploads\/2021\/04\/il-coprifuoco-e-una-follia_edited-500x332.jpg 500w, https:\/\/www.bellunopress.it\/wp-content\/uploads\/2021\/04\/il-coprifuoco-e-una-follia_edited-696x462.jpg 696w, https:\/\/www.bellunopress.it\/wp-content\/uploads\/2021\/04\/il-coprifuoco-e-una-follia_edited-633x420.jpg 633w\" sizes=\"auto, (max-width: 854px) 100vw, 854px\" \/><\/a>&#8220;Il coprifuoco \u00e8 una follia&#8221;: questo lo slogan scelto da Fratelli d&#8217;Italia per il flash mob organizzato questa mattina in Piazza dei Martiri a Belluno.<\/p>\n<p>Il partito di Giorgia Meloni torna quindi in piazza per protestare ancora una volta contro le scelte del Governo, e dopo il &#8220;Se mi chiudi non mi chiedi&#8221; questa volta nel mirino finisce il coprifuoco dalle 22.00 alle 5.00, &#8220;una misura incostituzionale, che limita le libert\u00e0 individuali e di impresa, contro la quale solo Fratelli d&#8217;Italia ha alzato la voce votando contro il provvedimento&#8221;, sottolinea il senatore e coordinatore regionale Luca De Carlo.<\/p>\n<p>&#8220;Abbiamo sempre mantenuto la nostra coerenza: mentre altri si riempiono solo la bocca, noi siamo stati gli unici a bocciare formalmente il provvedimento. Nessun altro lo ha fatto&#8221;.<br \/>\nAl flash mob era presente la dirigenza provinciale del partito, compreso il consigliere comunale del capoluogo Raffaele Addamiano e la presidente del circolo FdI di Belluno Monica Mazzoccoli, che sottolinea l&#8217;incostituzionalit\u00e0 della misura &#8220;che chiude in casa i cittadini per scelta politica e senza alcuna evidenza scientifica, come certificano le recenti affermazioni del Comitato Tecnico Scientifico. \u00c8 una misura che limita la libert\u00e0 di movimento dei cittadini e quella di impresa di locali come bar e ristoranti, che vedono ridotte le possibili ore di apertura, gi\u00e0 segnate dalla possibilit\u00e0 di servire i clienti solo all&#8217;aperto. Una follia, quest&#8217;ultima, visto che gli esercizi pubblici hanno investito molto nei mesi scorsi per la riapertura in sicurezza dei locali anche al coperto, e che per un territorio montano come il nostro diventa ancora pi\u00f9 insensata, viste le temperature serali che in questo periodo certo non invitano a cenare all&#8217;aperto&#8221;.<br \/>\nIdentiche iniziative si sono svolte anche in altre citt\u00e0 del Veneto.<\/p>","protected":false},"excerpt":{"rendered":"<p>&#8220;Il coprifuoco \u00e8 una follia&#8221;: questo lo slogan scelto da Fratelli d&#8217;Italia per il flash mob organizzato questa mattina in Piazza dei Martiri a Belluno. Il partito di Giorgia Meloni torna quindi in piazza per protestare ancora una volta contro le scelte del Governo, e dopo il &#8220;Se mi chiudi non mi chiedi&#8221; questa volta [&hellip;]<\/p>\n","protected":false},"author":2,"featured_media":123687,"comment_status":"closed","ping_status":"open","sticky":false,"template":"","format":"standard","meta":{"footnotes":""},"categories":[5],"tags":[],"class_list":["post-123686","post","type-post","status-publish","format-standard","has-post-thumbnail","category-cronaca"],"yoast_head":"<!-- This site is optimized with the Yoast SEO plugin v28.4 - https:\/\/yoast.com\/product\/yoast-seo-wordpress\/ -->\n<title>&quot;Il coprifuoco \u00e8 una follia&quot;, flash mob di Fratelli d&#039;Italia. De Carlo: &quot;Gli unici coerenti, contro una misura incostituzionale&quot; - Bellunopress - Dolomiti<\/title>\n<meta name=\"robots\" content=\"index, follow, max-snippet:-1, max-image-preview:large, max-video-preview:-1\" \/>\n<link rel=\"canonical\" href=\"https:\/\/www.bellunopress.it\/fr\/2021\/04\/24\/il-coprifuoco-e-una-follia-flash-mob-di-fratelli-ditalia-de-carlo-gli-unici-coerenti-contro-una-misura-incostituzionale\/\" \/>\n<meta property=\"og:locale\" content=\"fr_FR\" \/>\n<meta property=\"og:type\" content=\"article\" \/>\n<meta property=\"og:title\" content=\"&quot;Il coprifuoco \u00e8 una follia&quot;, flash mob di Fratelli d&#039;Italia. De Carlo: &quot;Gli unici coerenti, contro una misura incostituzionale&quot; - Bellunopress - Dolomiti\" \/>\n<meta property=\"og:description\" content=\"&#8220;Il coprifuoco \u00e8 una follia&#8221;: questo lo slogan scelto da Fratelli d&#8217;Italia per il flash mob organizzato questa mattina in Piazza dei Martiri a Belluno. Il partito di Giorgia Meloni torna quindi in piazza per protestare ancora una volta contro le scelte del Governo, e dopo il &#8220;Se mi chiudi non mi chiedi&#8221; questa volta [&hellip;]\" \/>\n<meta property=\"og:url\" content=\"https:\/\/www.bellunopress.it\/fr\/2021\/04\/24\/il-coprifuoco-e-una-follia-flash-mob-di-fratelli-ditalia-de-carlo-gli-unici-coerenti-contro-una-misura-incostituzionale\/\" \/>\n<meta property=\"og:site_name\" content=\"Bellunopress - Dolomiti\" \/>\n<meta property=\"article:publisher\" content=\"https:\/\/www.facebook.com\/profile.php?id=100008943462799\" \/>\n<meta property=\"article:published_time\" content=\"2021-04-24T12:52:49+00:00\" \/>\n<meta property=\"article:modified_time\" content=\"2021-04-24T19:56:40+00:00\" \/>\n<meta property=\"og:image\" content=\"https:\/\/www.bellunopress.it\/wp-content\/uploads\/2021\/04\/il-coprifuoco-e-una-follia_edited.jpg\" \/>\n\t<meta property=\"og:image:width\" content=\"854\" \/>\n\t<meta property=\"og:image:height\" content=\"567\" \/>\n\t<meta property=\"og:image:type\" content=\"image\/jpeg\" \/>\n<meta name=\"author\" content=\"redazione\" \/>\n<meta name=\"twitter:card\" content=\"summary_large_image\" \/>\n<meta name=\"twitter:creator\" content=\"@bellunopress\" \/>\n<meta name=\"twitter:site\" content=\"@bellunopress\" \/>\n<meta name=\"twitter:label1\" content=\"\u00c9crit par\" \/>\n\t<meta name=\"twitter:data1\" content=\"redazione\" \/>\n\t<meta name=\"twitter:label2\" content=\"Dur\u00e9e de lecture estim\u00e9e\" \/>\n\t<meta name=\"twitter:data2\" content=\"2 minutes\" \/>\n<script type=\"application\/ld+json\" class=\"yoast-schema-graph\">{\"@context\":\"https:\\\/\\\/schema.org\",\"@graph\":[{\"@type\":\"Article\",\"@id\":\"https:\\\/\\\/www.bellunopress.it\\\/2021\\\/04\\\/24\\\/il-coprifuoco-e-una-follia-flash-mob-di-fratelli-ditalia-de-carlo-gli-unici-coerenti-contro-una-misura-incostituzionale\\\/#article\",\"isPartOf\":{\"@id\":\"https:\\\/\\\/www.bellunopress.it\\\/2021\\\/04\\\/24\\\/il-coprifuoco-e-una-follia-flash-mob-di-fratelli-ditalia-de-carlo-gli-unici-coerenti-contro-una-misura-incostituzionale\\\/\"},\"author\":{\"name\":\"redazione\",\"@id\":\"https:\\\/\\\/www.bellunopress.it\\\/#\\\/schema\\\/person\\\/79bb06722b37ece1c03d3e94beb30d73\"},\"headline\":\"&#8220;Il coprifuoco \u00e8 una follia&#8221;, flash mob di Fratelli d&#8217;Italia. De Carlo: &#8220;Gli unici coerenti, contro una misura incostituzionale&#8221;\",\"datePublished\":\"2021-04-24T12:52:49+00:00\",\"dateModified\":\"2021-04-24T19:56:40+00:00\",\"mainEntityOfPage\":{\"@id\":\"https:\\\/\\\/www.bellunopress.it\\\/2021\\\/04\\\/24\\\/il-coprifuoco-e-una-follia-flash-mob-di-fratelli-ditalia-de-carlo-gli-unici-coerenti-contro-una-misura-incostituzionale\\\/\"},\"wordCount\":304,\"publisher\":{\"@id\":\"https:\\\/\\\/www.bellunopress.it\\\/#organization\"},\"image\":{\"@id\":\"https:\\\/\\\/www.bellunopress.it\\\/2021\\\/04\\\/24\\\/il-coprifuoco-e-una-follia-flash-mob-di-fratelli-ditalia-de-carlo-gli-unici-coerenti-contro-una-misura-incostituzionale\\\/#primaryimage\"},\"thumbnailUrl\":\"https:\\\/\\\/www.bellunopress.it\\\/wp-content\\\/uploads\\\/2021\\\/04\\\/il-coprifuoco-e-una-follia_edited.jpg\",\"articleSection\":[\"Cronaca\\\/Politica\"],\"inLanguage\":\"fr-FR\"},{\"@type\":\"WebPage\",\"@id\":\"https:\\\/\\\/www.bellunopress.it\\\/2021\\\/04\\\/24\\\/il-coprifuoco-e-una-follia-flash-mob-di-fratelli-ditalia-de-carlo-gli-unici-coerenti-contro-una-misura-incostituzionale\\\/\",\"url\":\"https:\\\/\\\/www.bellunopress.it\\\/2021\\\/04\\\/24\\\/il-coprifuoco-e-una-follia-flash-mob-di-fratelli-ditalia-de-carlo-gli-unici-coerenti-contro-una-misura-incostituzionale\\\/\",\"name\":\"\\\"Il coprifuoco \u00e8 una follia\\\", flash mob di Fratelli d'Italia. De Carlo: \\\"Gli unici coerenti, contro una misura incostituzionale\\\" - Bellunopress - Dolomiti\",\"isPartOf\":{\"@id\":\"https:\\\/\\\/www.bellunopress.it\\\/#website\"},\"primaryImageOfPage\":{\"@id\":\"https:\\\/\\\/www.bellunopress.it\\\/2021\\\/04\\\/24\\\/il-coprifuoco-e-una-follia-flash-mob-di-fratelli-ditalia-de-carlo-gli-unici-coerenti-contro-una-misura-incostituzionale\\\/#primaryimage\"},\"image\":{\"@id\":\"https:\\\/\\\/www.bellunopress.it\\\/2021\\\/04\\\/24\\\/il-coprifuoco-e-una-follia-flash-mob-di-fratelli-ditalia-de-carlo-gli-unici-coerenti-contro-una-misura-incostituzionale\\\/#primaryimage\"},\"thumbnailUrl\":\"https:\\\/\\\/www.bellunopress.it\\\/wp-content\\\/uploads\\\/2021\\\/04\\\/il-coprifuoco-e-una-follia_edited.jpg\",\"datePublished\":\"2021-04-24T12:52:49+00:00\",\"dateModified\":\"2021-04-24T19:56:40+00:00\",\"breadcrumb\":{\"@id\":\"https:\\\/\\\/www.bellunopress.it\\\/2021\\\/04\\\/24\\\/il-coprifuoco-e-una-follia-flash-mob-di-fratelli-ditalia-de-carlo-gli-unici-coerenti-contro-una-misura-incostituzionale\\\/#breadcrumb\"},\"inLanguage\":\"fr-FR\",\"potentialAction\":[{\"@type\":\"ReadAction\",\"target\":[\"https:\\\/\\\/www.bellunopress.it\\\/2021\\\/04\\\/24\\\/il-coprifuoco-e-una-follia-flash-mob-di-fratelli-ditalia-de-carlo-gli-unici-coerenti-contro-una-misura-incostituzionale\\\/\"]}]},{\"@type\":\"ImageObject\",\"inLanguage\":\"fr-FR\",\"@id\":\"https:\\\/\\\/www.bellunopress.it\\\/2021\\\/04\\\/24\\\/il-coprifuoco-e-una-follia-flash-mob-di-fratelli-ditalia-de-carlo-gli-unici-coerenti-contro-una-misura-incostituzionale\\\/#primaryimage\",\"url\":\"https:\\\/\\\/www.bellunopress.it\\\/wp-content\\\/uploads\\\/2021\\\/04\\\/il-coprifuoco-e-una-follia_edited.jpg\",\"contentUrl\":\"https:\\\/\\\/www.bellunopress.it\\\/wp-content\\\/uploads\\\/2021\\\/04\\\/il-coprifuoco-e-una-follia_edited.jpg\",\"width\":854,\"height\":567},{\"@type\":\"BreadcrumbList\",\"@id\":\"https:\\\/\\\/www.bellunopress.it\\\/2021\\\/04\\\/24\\\/il-coprifuoco-e-una-follia-flash-mob-di-fratelli-ditalia-de-carlo-gli-unici-coerenti-contro-una-misura-incostituzionale\\\/#breadcrumb\",\"itemListElement\":[{\"@type\":\"ListItem\",\"position\":1,\"name\":\"Home\",\"item\":\"https:\\\/\\\/www.bellunopress.it\\\/\"},{\"@type\":\"ListItem\",\"position\":2,\"name\":\"&#8220;Il coprifuoco \u00e8 una follia&#8221;, flash mob di Fratelli d&#8217;Italia. De Carlo: &#8220;Gli unici coerenti, contro una misura incostituzionale&#8221;\"}]},{\"@type\":\"WebSite\",\"@id\":\"https:\\\/\\\/www.bellunopress.it\\\/#website\",\"url\":\"https:\\\/\\\/www.bellunopress.it\\\/\",\"name\":\"Bellunopress - Dolomiti\",\"description\":\"e-mail: redazione@bellunopress.it\",\"publisher\":{\"@id\":\"https:\\\/\\\/www.bellunopress.it\\\/#organization\"},\"potentialAction\":[{\"@type\":\"SearchAction\",\"target\":{\"@type\":\"EntryPoint\",\"urlTemplate\":\"https:\\\/\\\/www.bellunopress.it\\\/?s={search_term_string}\"},\"query-input\":{\"@type\":\"PropertyValueSpecification\",\"valueRequired\":true,\"valueName\":\"search_term_string\"}}],\"inLanguage\":\"fr-FR\"},{\"@type\":\"Organization\",\"@id\":\"https:\\\/\\\/www.bellunopress.it\\\/#organization\",\"name\":\"Bellunopress\",\"url\":\"https:\\\/\\\/www.bellunopress.it\\\/\",\"logo\":{\"@type\":\"ImageObject\",\"inLanguage\":\"fr-FR\",\"@id\":\"https:\\\/\\\/www.bellunopress.it\\\/#\\\/schema\\\/logo\\\/image\\\/\",\"url\":\"https:\\\/\\\/www.bellunopress.it\\\/wp-content\\\/uploads\\\/2011\\\/05\\\/cropped-logo-bellunopress-.jpg\",\"contentUrl\":\"https:\\\/\\\/www.bellunopress.it\\\/wp-content\\\/uploads\\\/2011\\\/05\\\/cropped-logo-bellunopress-.jpg\",\"width\":512,\"height\":512,\"caption\":\"Bellunopress\"},\"image\":{\"@id\":\"https:\\\/\\\/www.bellunopress.it\\\/#\\\/schema\\\/logo\\\/image\\\/\"},\"sameAs\":[\"https:\\\/\\\/www.facebook.com\\\/profile.php?id=100008943462799\",\"https:\\\/\\\/x.com\\\/bellunopress\",\"https:\\\/\\\/www.linkedin.com\\\/hp\\\/?dnr=JBzUWaJfMUw8vbXJJ2tVW5-I3jZKvC4wsoxE&amp;amp;amp;amp;amp;amp;trk=nav_responsive_tab_home\",\"https:\\\/\\\/www.youtube.com\\\/channel\\\/UCxL0wu1uN0_3_7hGG0306cw\"]},{\"@type\":\"Person\",\"@id\":\"https:\\\/\\\/www.bellunopress.it\\\/#\\\/schema\\\/person\\\/79bb06722b37ece1c03d3e94beb30d73\",\"name\":\"redazione\",\"image\":{\"@type\":\"ImageObject\",\"inLanguage\":\"fr-FR\",\"@id\":\"https:\\\/\\\/secure.gravatar.com\\\/avatar\\\/37d968a2e67a6fd04c169c4bdef102d0bc5d31b2546345219e348575eb80e9a0?s=96&d=mm&r=g\",\"url\":\"https:\\\/\\\/secure.gravatar.com\\\/avatar\\\/37d968a2e67a6fd04c169c4bdef102d0bc5d31b2546345219e348575eb80e9a0?s=96&d=mm&r=g\",\"contentUrl\":\"https:\\\/\\\/secure.gravatar.com\\\/avatar\\\/37d968a2e67a6fd04c169c4bdef102d0bc5d31b2546345219e348575eb80e9a0?s=96&d=mm&r=g\",\"caption\":\"redazione\"},\"sameAs\":[\"http:\\\/\\\/www.bellunopress.it\",\"https:\\\/\\\/x.com\\\/bellunopress\"],\"url\":\"https:\\\/\\\/www.bellunopress.it\\\/fr\\\/author\\\/redazione\\\/\"}]}<\/script>\n<!-- \/ Yoast SEO plugin. -->","yoast_head_json":{"title":"\"Il coprifuoco \u00e8 una follia\", flash mob di Fratelli d'Italia. De Carlo: \"Gli unici coerenti, contro una misura incostituzionale\" - Bellunopress - Dolomiti","robots":{"index":"index","follow":"follow","max-snippet":"max-snippet:-1","max-image-preview":"max-image-preview:large","max-video-preview":"max-video-preview:-1"},"canonical":"https:\/\/www.bellunopress.it\/fr\/2021\/04\/24\/il-coprifuoco-e-una-follia-flash-mob-di-fratelli-ditalia-de-carlo-gli-unici-coerenti-contro-una-misura-incostituzionale\/","og_locale":"fr_FR","og_type":"article","og_title":"\"Il coprifuoco \u00e8 una follia\", flash mob di Fratelli d'Italia. De Carlo: \"Gli unici coerenti, contro una misura incostituzionale\" - Bellunopress - Dolomiti","og_description":"&#8220;Il coprifuoco \u00e8 una follia&#8221;: questo lo slogan scelto da Fratelli d&#8217;Italia per il flash mob organizzato questa mattina in Piazza dei Martiri a Belluno. Il partito di Giorgia Meloni torna quindi in piazza per protestare ancora una volta contro le scelte del Governo, e dopo il &#8220;Se mi chiudi non mi chiedi&#8221; questa volta [&hellip;]","og_url":"https:\/\/www.bellunopress.it\/fr\/2021\/04\/24\/il-coprifuoco-e-una-follia-flash-mob-di-fratelli-ditalia-de-carlo-gli-unici-coerenti-contro-una-misura-incostituzionale\/","og_site_name":"Bellunopress - Dolomiti","article_publisher":"https:\/\/www.facebook.com\/profile.php?id=100008943462799","article_published_time":"2021-04-24T12:52:49+00:00","article_modified_time":"2021-04-24T19:56:40+00:00","og_image":[{"width":854,"height":567,"url":"https:\/\/www.bellunopress.it\/wp-content\/uploads\/2021\/04\/il-coprifuoco-e-una-follia_edited.jpg","type":"image\/jpeg"}],"author":"redazione","twitter_card":"summary_large_image","twitter_creator":"@bellunopress","twitter_site":"@bellunopress","twitter_misc":{"\u00c9crit par":"redazione","Dur\u00e9e de lecture estim\u00e9e":"2 minutes"},"schema":{"@context":"https:\/\/schema.org","@graph":[{"@type":"Article","@id":"https:\/\/www.bellunopress.it\/2021\/04\/24\/il-coprifuoco-e-una-follia-flash-mob-di-fratelli-ditalia-de-carlo-gli-unici-coerenti-contro-una-misura-incostituzionale\/#article","isPartOf":{"@id":"https:\/\/www.bellunopress.it\/2021\/04\/24\/il-coprifuoco-e-una-follia-flash-mob-di-fratelli-ditalia-de-carlo-gli-unici-coerenti-contro-una-misura-incostituzionale\/"},"author":{"name":"redazione","@id":"https:\/\/www.bellunopress.it\/#\/schema\/person\/79bb06722b37ece1c03d3e94beb30d73"},"headline":"&#8220;Il coprifuoco \u00e8 una follia&#8221;, flash mob di Fratelli d&#8217;Italia. De Carlo: &#8220;Gli unici coerenti, contro una misura incostituzionale&#8221;","datePublished":"2021-04-24T12:52:49+00:00","dateModified":"2021-04-24T19:56:40+00:00","mainEntityOfPage":{"@id":"https:\/\/www.bellunopress.it\/2021\/04\/24\/il-coprifuoco-e-una-follia-flash-mob-di-fratelli-ditalia-de-carlo-gli-unici-coerenti-contro-una-misura-incostituzionale\/"},"wordCount":304,"publisher":{"@id":"https:\/\/www.bellunopress.it\/#organization"},"image":{"@id":"https:\/\/www.bellunopress.it\/2021\/04\/24\/il-coprifuoco-e-una-follia-flash-mob-di-fratelli-ditalia-de-carlo-gli-unici-coerenti-contro-una-misura-incostituzionale\/#primaryimage"},"thumbnailUrl":"https:\/\/www.bellunopress.it\/wp-content\/uploads\/2021\/04\/il-coprifuoco-e-una-follia_edited.jpg","articleSection":["Cronaca\/Politica"],"inLanguage":"fr-FR"},{"@type":"WebPage","@id":"https:\/\/www.bellunopress.it\/2021\/04\/24\/il-coprifuoco-e-una-follia-flash-mob-di-fratelli-ditalia-de-carlo-gli-unici-coerenti-contro-una-misura-incostituzionale\/","url":"https:\/\/www.bellunopress.it\/2021\/04\/24\/il-coprifuoco-e-una-follia-flash-mob-di-fratelli-ditalia-de-carlo-gli-unici-coerenti-contro-una-misura-incostituzionale\/","name":"\"Il coprifuoco \u00e8 una follia\", flash mob di Fratelli d'Italia. De Carlo: \"Gli unici coerenti, contro una misura incostituzionale\" - Bellunopress - Dolomiti","isPartOf":{"@id":"https:\/\/www.bellunopress.it\/#website"},"primaryImageOfPage":{"@id":"https:\/\/www.bellunopress.it\/2021\/04\/24\/il-coprifuoco-e-una-follia-flash-mob-di-fratelli-ditalia-de-carlo-gli-unici-coerenti-contro-una-misura-incostituzionale\/#primaryimage"},"image":{"@id":"https:\/\/www.bellunopress.it\/2021\/04\/24\/il-coprifuoco-e-una-follia-flash-mob-di-fratelli-ditalia-de-carlo-gli-unici-coerenti-contro-una-misura-incostituzionale\/#primaryimage"},"thumbnailUrl":"https:\/\/www.bellunopress.it\/wp-content\/uploads\/2021\/04\/il-coprifuoco-e-una-follia_edited.jpg","datePublished":"2021-04-24T12:52:49+00:00","dateModified":"2021-04-24T19:56:40+00:00","breadcrumb":{"@id":"https:\/\/www.bellunopress.it\/2021\/04\/24\/il-coprifuoco-e-una-follia-flash-mob-di-fratelli-ditalia-de-carlo-gli-unici-coerenti-contro-una-misura-incostituzionale\/#breadcrumb"},"inLanguage":"fr-FR","potentialAction":[{"@type":"ReadAction","target":["https:\/\/www.bellunopress.it\/2021\/04\/24\/il-coprifuoco-e-una-follia-flash-mob-di-fratelli-ditalia-de-carlo-gli-unici-coerenti-contro-una-misura-incostituzionale\/"]}]},{"@type":"ImageObject","inLanguage":"fr-FR","@id":"https:\/\/www.bellunopress.it\/2021\/04\/24\/il-coprifuoco-e-una-follia-flash-mob-di-fratelli-ditalia-de-carlo-gli-unici-coerenti-contro-una-misura-incostituzionale\/#primaryimage","url":"https:\/\/www.bellunopress.it\/wp-content\/uploads\/2021\/04\/il-coprifuoco-e-una-follia_edited.jpg","contentUrl":"https:\/\/www.bellunopress.it\/wp-content\/uploads\/2021\/04\/il-coprifuoco-e-una-follia_edited.jpg","width":854,"height":567},{"@type":"BreadcrumbList","@id":"https:\/\/www.bellunopress.it\/2021\/04\/24\/il-coprifuoco-e-una-follia-flash-mob-di-fratelli-ditalia-de-carlo-gli-unici-coerenti-contro-una-misura-incostituzionale\/#breadcrumb","itemListElement":[{"@type":"ListItem","position":1,"name":"Home","item":"https:\/\/www.bellunopress.it\/"},{"@type":"ListItem","position":2,"name":"&#8220;Il coprifuoco \u00e8 una follia&#8221;, flash mob di Fratelli d&#8217;Italia. De Carlo: &#8220;Gli unici coerenti, contro una misura incostituzionale&#8221;"}]},{"@type":"WebSite","@id":"https:\/\/www.bellunopress.it\/#website","url":"https:\/\/www.bellunopress.it\/","name":"Bellunopress - Dolomiti","description":"e-mail: redazione@bellunopress.it","publisher":{"@id":"https:\/\/www.bellunopress.it\/#organization"},"potentialAction":[{"@type":"SearchAction","target":{"@type":"EntryPoint","urlTemplate":"https:\/\/www.bellunopress.it\/?s={search_term_string}"},"query-input":{"@type":"PropertyValueSpecification","valueRequired":true,"valueName":"search_term_string"}}],"inLanguage":"fr-FR"},{"@type":"Organization","@id":"https:\/\/www.bellunopress.it\/#organization","name":"Bellunopress","url":"https:\/\/www.bellunopress.it\/","logo":{"@type":"ImageObject","inLanguage":"fr-FR","@id":"https:\/\/www.bellunopress.it\/#\/schema\/logo\/image\/","url":"https:\/\/www.bellunopress.it\/wp-content\/uploads\/2011\/05\/cropped-logo-bellunopress-.jpg","contentUrl":"https:\/\/www.bellunopress.it\/wp-content\/uploads\/2011\/05\/cropped-logo-bellunopress-.jpg","width":512,"height":512,"caption":"Bellunopress"},"image":{"@id":"https:\/\/www.bellunopress.it\/#\/schema\/logo\/image\/"},"sameAs":["https:\/\/www.facebook.com\/profile.php?id=100008943462799","https:\/\/x.com\/bellunopress","https:\/\/www.linkedin.com\/hp\/?dnr=JBzUWaJfMUw8vbXJJ2tVW5-I3jZKvC4wsoxE&amp;amp;amp;amp;amp;amp;trk=nav_responsive_tab_home","https:\/\/www.youtube.com\/channel\/UCxL0wu1uN0_3_7hGG0306cw"]},{"@type":"Person","@id":"https:\/\/www.bellunopress.it\/#\/schema\/person\/79bb06722b37ece1c03d3e94beb30d73","name":"r\u00e9daction","image":{"@type":"ImageObject","inLanguage":"fr-FR","@id":"https:\/\/secure.gravatar.com\/avatar\/37d968a2e67a6fd04c169c4bdef102d0bc5d31b2546345219e348575eb80e9a0?s=96&d=mm&r=g","url":"https:\/\/secure.gravatar.com\/avatar\/37d968a2e67a6fd04c169c4bdef102d0bc5d31b2546345219e348575eb80e9a0?s=96&d=mm&r=g","contentUrl":"https:\/\/secure.gravatar.com\/avatar\/37d968a2e67a6fd04c169c4bdef102d0bc5d31b2546345219e348575eb80e9a0?s=96&d=mm&r=g","caption":"redazione"},"sameAs":["http:\/\/www.bellunopress.it","https:\/\/x.com\/bellunopress"],"url":"https:\/\/www.bellunopress.it\/fr\/author\/redazione\/"}]}},"_links":{"self":[{"href":"https:\/\/www.bellunopress.it\/fr\/wp-json\/wp\/v2\/posts\/123686","targetHints":{"allow":["GET"]}}],"collection":[{"href":"https:\/\/www.bellunopress.it\/fr\/wp-json\/wp\/v2\/posts"}],"about":[{"href":"https:\/\/www.bellunopress.it\/fr\/wp-json\/wp\/v2\/types\/post"}],"author":[{"embeddable":true,"href":"https:\/\/www.bellunopress.it\/fr\/wp-json\/wp\/v2\/users\/2"}],"replies":[{"embeddable":true,"href":"https:\/\/www.bellunopress.it\/fr\/wp-json\/wp\/v2\/comments?post=123686"}],"version-history":[{"count":2,"href":"https:\/\/www.bellunopress.it\/fr\/wp-json\/wp\/v2\/posts\/123686\/revisions"}],"predecessor-version":[{"id":123689,"href":"https:\/\/www.bellunopress.it\/fr\/wp-json\/wp\/v2\/posts\/123686\/revisions\/123689"}],"wp:featuredmedia":[{"embeddable":true,"href":"https:\/\/www.bellunopress.it\/fr\/wp-json\/wp\/v2\/media\/123687"}],"wp:attachment":[{"href":"https:\/\/www.bellunopress.it\/fr\/wp-json\/wp\/v2\/media?parent=123686"}],"wp:term":[{"taxonomy":"category","embeddable":true,"href":"https:\/\/www.bellunopress.it\/fr\/wp-json\/wp\/v2\/categories?post=123686"},{"taxonomy":"post_tag","embeddable":true,"href":"https:\/\/www.bellunopress.it\/fr\/wp-json\/wp\/v2\/tags?post=123686"}],"curies":[{"name":"wp","href":"https:\/\/api.w.org\/{rel}","templated":true}]}}