{"id":123682,"date":"2021-04-24T21:24:08","date_gmt":"2021-04-24T19:24:08","guid":{"rendered":"https:\/\/www.bellunopress.it\/?p=123682"},"modified":"2021-04-25T12:46:40","modified_gmt":"2021-04-25T10:46:40","slug":"no-paura-day-2-linattendibilita-dei-tamponi-questione-vaccini-lanalisi-di-manuela-zorzi","status":"publish","type":"post","link":"https:\/\/www.bellunopress.it\/fr\/2021\/04\/24\/no-paura-day-2-linattendibilita-dei-tamponi-questione-vaccini-lanalisi-di-manuela-zorzi\/","title":{"rendered":"No paura day 2. L\u2019inattendibilit\u00e0 dei tamponi. Questione vaccini. L\u2019analisi di Manuela Zorzi"},"content":{"rendered":"<p><a href=\"https:\/\/www.bellunopress.it\/fr\/2021\/04\/24\/no-paura-day-2-linattendibilita-dei-tamponi-questione-vaccini-lanalisi-di-manuela-zorzi\/manuela-zorzi_edited\/\" rel=\"attachment wp-att-123683\"><img loading=\"lazy\" decoding=\"async\" class=\"alignleft size-full wp-image-123683\" src=\"https:\/\/www.bellunopress.it\/wp-content\/uploads\/2021\/04\/manuela-zorzi_edited.jpg\" alt=\"\" width=\"915\" height=\"1000\" srcset=\"https:\/\/www.bellunopress.it\/wp-content\/uploads\/2021\/04\/manuela-zorzi_edited.jpg 915w, https:\/\/www.bellunopress.it\/wp-content\/uploads\/2021\/04\/manuela-zorzi_edited-458x500.jpg 458w, https:\/\/www.bellunopress.it\/wp-content\/uploads\/2021\/04\/manuela-zorzi_edited-696x761.jpg 696w, https:\/\/www.bellunopress.it\/wp-content\/uploads\/2021\/04\/manuela-zorzi_edited-384x420.jpg 384w\" sizes=\"auto, (max-width: 915px) 100vw, 915px\" \/><\/a>L\u2019unica cosa certa \u00e8 che non vi sono certezze. Nemmeno tra gli esperti. E\u2019 quello che si percepisce ascoltando i dati forniti dalla sociologa Manuela Zorzi nel suo intervento al No paura day 2 di Belluno, sabato 24 aprile.<\/p>\n<p>\u201cIl tema dei tamponi non \u00e8 banale &#8211; ha detto la sociologa &#8211; in quanto \u00e8 la struttura portante che giustifica quello che stiamo subendo da pi\u00f9 di un anno. Il tampone orofaringeo e i cicli di amplificazione della PCR rappresentano la metodologia con cui si decide il tasso percentuale di contagio presente e gli indici RT: pi\u00f9 tamponi positivi ci sono e pi\u00f9 ci coloriamo di rosso. Per la prima volta nella storia della medicina si rincorrono i sani e si lasciano senza cure i malati e quello che vediamo \u00e8 sotto gli occhi di tutti, un disastro economico, sociale e sanitario.<br \/>\nNel giugno del 2020 direttore dell\u2019Istituto di ricerche farmacologiche Mario Negri, professor Remuzzi, riferiva di uno studio condotto su 133 ricercatori della struttura da lui guidata e su 298 dipendenti della Brembo. \u201cIn tutto, 40 casi di tamponi positivi. Ma la positivit\u00e0 di questi tamponi emergeva solo con cicli di amplificazione molto alti, tra 34 e 38 cicli, che corrispondono a meno di diecimila copie di Rna virale\u201d. Ci\u00f2 significa che per cercare il virus, viene impiegata la tecnica di reazione a catena della polimerasi che amplifica, cio\u00e8 moltiplica, il materiale genetico di partenza contenuto nel campione: se il numero di cicli di amplificazione \u00e8 elevato pu\u00f2 mettere in evidenza anche piccole quantit\u00e0 di materiale riconducibile a Sars-CoV-2 presente nella gola e nel naso. Sotto le 100.000 copie di Rna, sostiene lo scienziato, non c\u2019\u00e8 sostanziale rischio di contagio i risultati dello studio condotto stanno a indicare che quelli individuati sono \u201ccasi di positivit\u00e0 con una carica virale molto bassa, non contagiosa. Li chiamiamo contagi, ma sono persone positive al tampone\u201d.<br \/>\nUtilizzare, insomma, oltre 25 cicli di amplificazione sortisce l\u2019effetto di creare falsi positivi, cio\u00e8 positivi non contagiosi, asintomatici non contagiosi.<br \/>\nL\u2019inattendibilit\u00e0 dei tamponi come strumenti diagnostici \u00e8 stata statuita da una sentenza del tribunale austriaco il 24 marzo 2021, riportata dal sito tkp.at, nella quale rimette in discussione l&#8217;uso dei test PCR, considerandolo non &#8220;idoneo&#8221; e diagnosticamente non rilevante. Analogamente la Corte d\u2019Appello di Lisbona il 17 novembre 2020 ha dichiarato l\u2019illiceit\u00e0 dei confinamenti per Covid.<br \/>\nIl dottor Kary Mullis, Premio Nobel per aver perfezionato il processo Polymerase Chain Reaction o PCR, ha dichiarato: \u201cCon il test PCR si pu\u00f2 trovare qualsiasi cosa in chiunque\u201c. E ancora \u201cSe devi andare oltre i 40 cicli per amplificare un gene a copia singola, c\u2019\u00e8 qualcosa di gravemente sbagliato nella tua PCR\u201c<br \/>\nNel sito dell\u2019ISS Istituto superiore di sanit\u00e0 italiano, sul primo documento sulla epidemiologia del sars cov2 dell\u201911 marzo 2020 troviamo:<br \/>\n\u201cCon 10.149 casi positivi su 17.430 dichiarati in Europa, l\u2019Italia \u00e8 il paese con pi\u00f9 casi\u2026a causa delle differenze nelle politiche dei test diagnostici\u201d. Ci\u00f2 nonostante chiudevano il Paese per 65 gg in un lockdown totale!<br \/>\nL\u2019ECDC (European Center for Disease Control), cio\u00e8 la massima autorit\u00e0 europea in materia sanitaria, rispondendo qualche giorno fa, in maniera ufficiale alla richiesta dell&#8217; avvocato Mauro Sandri riguardo al numero di cicli affinch\u00e9 sia attendibile il tampone, ha dichiarato: la PCR \u00e8 attendibile fino a 24 cicli!<\/p>\n<p>L&#8217;Asl dell&#8217;Emilia Romagna, al riguardo, ha dichiarato che i tamponi vengono amplificati con un numero di cicli compreso tra 35 e 41!<br \/>\nTradotto significa che i risultati dei tamponi PCR fatti in Italia sono al 90% inaffidabili!<br \/>\nE l\u2019Italia \u00e8 sotto scacco sulla base di questa metodologia<\/p>\n<p>Siamo in fondo al tunnel di una pandemia che si regge su numeri sorretti da una modalit\u00e0 antiscientifica. Con l&#8217;aggravante di basare sul numero enormemente gonfiato di positivi (asintomatici) decisioni politiche che hanno distrutto la nostra economia e stanno distruggendo anche la nostra dimensione sociale e relazionale.<br \/>\nE\u2019 di 2 giorni fa la dichiarazione del CTS che ribadisce che il coprifuoco non \u00e8 mai stato consigliato da loro, ma \u00e8 solo una scelta politica.<br \/>\nSi \u00e8 usato in modo arbitrario la scienza e la legge, si \u00e8 precluso fin da subito un dibattito costruttivo sul tema emergenziale. E ad oggi, dopo un anno, siamo in un tunnel senza ritorno. Si continua a bloccare il Paese.<br \/>\nIn quest\u2019 anno non si sono potenziati i servizi di medicina di base, si \u00e8 oltraggiata la cura domiciliare in tutti i modi, si \u00e8 usata una strategia monodirezionale, che ha portato come risultato ad un tasso di mortalit\u00e0 ogni 100.000 abitanti tra i peggior il mondo.<\/p>\n<p><strong>Vaccini<\/strong><br \/>\nDa aprile 2020 si parla solo del \u201cSacro Graal, il vaccino salvifico\u201d.<br \/>\nMa se nei primi mesi del 2020 questa narrativa un po&#8217; suggestiva poteva essere giustificata dalle scarse informazioni che arrivavano dalla Cina sul nuovo virus, ad oggi questa metodologia \u00e8 inaccettabile. Il coronavirus \u00e8 un virus a Rna pertanto molto pi\u00f9 soggetto a mutazioni di altri virus.<br \/>\nUno studio internazionale coordinato dall&#8217;University College di Londra dice che \u201cAnalizzando i genomi virali recuperati da oltre 15.000 pazienti Covid19 di 75 Paesi, i ricercatori hanno identificato 6.822 mutazioni, di cui 273 sono comparse pi\u00f9 volte e in maniera indipendente\u201d (Fonte: Ansa 26 maggio 2020).<\/p>\n<p>Il 23 marzo 2021, il professor Pietro Luigi Garavelli, primario della Divisione di Malattie Infettive dell\u2019Ospedale Maggiore della Carit\u00e0 di Novara, non certo un complottista, dichiara: \u201cMai vaccinare durante un\u2019epidemia, il Covid reagir\u00e0 mutando\u201d<br \/>\nPer cui non si capisce questo accanimento contro chi si oppone alla vaccinazione, come soluzione unica alla pandemia.<br \/>\nDel resto l\u2019Italia dal 2014 \u00e8 diventata capofila per le strategie vaccinali, come recita il comunicato n.387 del 29\/09\/2014 dell\u2019Aifa: \u201cNell\u2019ambito del Global Health Security Agenda&#8230; lo scorso venerd\u00ec l\u2019Italia \u00e8 stata designata quale capofila per i prossimi cinque anni delle strategie e campagne vaccinali nel mondo\u201d Presente il Ministro della Salute Beatrice Lorenzin, accompagnata dal Presidente dell\u2019Agenzia Italiana del Farmaco (AIFA) prof. Sergio Pecorelli, ha ricevuto l\u2019incarico dal Summit di 40 Paesi cui \u00e8 intervenuto anche il Presidente USA Barack Obama.<\/p>","protected":false},"excerpt":{"rendered":"<p>L\u2019unica cosa certa \u00e8 che non vi sono certezze. Nemmeno tra gli esperti. E\u2019 quello che si percepisce ascoltando i dati forniti dalla sociologa Manuela Zorzi nel suo intervento al No paura day 2 di Belluno, sabato 24 aprile. \u201cIl tema dei tamponi non \u00e8 banale &#8211; ha detto la sociologa &#8211; in quanto \u00e8 [&hellip;]<\/p>\n","protected":false},"author":2,"featured_media":123683,"comment_status":"closed","ping_status":"open","sticky":false,"template":"","format":"standard","meta":{"footnotes":""},"categories":[5,3446,26,17],"tags":[],"class_list":["post-123682","post","type-post","status-publish","format-standard","has-post-thumbnail","category-cronaca","category-featured","category-prima-pagina","category-sanita"],"yoast_head":"<!-- This site is optimized with the Yoast SEO plugin v28.4 - https:\/\/yoast.com\/product\/yoast-seo-wordpress\/ -->\n<title>No paura day 2. L\u2019inattendibilit\u00e0 dei tamponi. Questione vaccini. L\u2019analisi di Manuela Zorzi - Bellunopress - Dolomiti<\/title>\n<meta name=\"robots\" content=\"index, follow, max-snippet:-1, max-image-preview:large, max-video-preview:-1\" \/>\n<link rel=\"canonical\" href=\"https:\/\/www.bellunopress.it\/fr\/2021\/04\/24\/no-paura-day-2-linattendibilita-dei-tamponi-questione-vaccini-lanalisi-di-manuela-zorzi\/\" \/>\n<meta property=\"og:locale\" content=\"fr_FR\" \/>\n<meta property=\"og:type\" content=\"article\" \/>\n<meta property=\"og:title\" content=\"No paura day 2. L\u2019inattendibilit\u00e0 dei tamponi. Questione vaccini. L\u2019analisi di Manuela Zorzi - Bellunopress - Dolomiti\" \/>\n<meta property=\"og:description\" content=\"L\u2019unica cosa certa \u00e8 che non vi sono certezze. Nemmeno tra gli esperti. E\u2019 quello che si percepisce ascoltando i dati forniti dalla sociologa Manuela Zorzi nel suo intervento al No paura day 2 di Belluno, sabato 24 aprile. \u201cIl tema dei tamponi non \u00e8 banale &#8211; ha detto la sociologa &#8211; in quanto \u00e8 [&hellip;]\" \/>\n<meta property=\"og:url\" content=\"https:\/\/www.bellunopress.it\/fr\/2021\/04\/24\/no-paura-day-2-linattendibilita-dei-tamponi-questione-vaccini-lanalisi-di-manuela-zorzi\/\" \/>\n<meta property=\"og:site_name\" content=\"Bellunopress - Dolomiti\" \/>\n<meta property=\"article:publisher\" content=\"https:\/\/www.facebook.com\/profile.php?id=100008943462799\" \/>\n<meta property=\"article:published_time\" content=\"2021-04-24T19:24:08+00:00\" \/>\n<meta property=\"article:modified_time\" content=\"2021-04-25T10:46:40+00:00\" \/>\n<meta property=\"og:image\" content=\"https:\/\/www.bellunopress.it\/wp-content\/uploads\/2021\/04\/manuela-zorzi_edited.jpg\" \/>\n\t<meta property=\"og:image:width\" content=\"915\" \/>\n\t<meta property=\"og:image:height\" content=\"1000\" \/>\n\t<meta property=\"og:image:type\" content=\"image\/jpeg\" \/>\n<meta name=\"author\" content=\"redazione\" \/>\n<meta name=\"twitter:card\" content=\"summary_large_image\" \/>\n<meta name=\"twitter:creator\" content=\"@bellunopress\" \/>\n<meta name=\"twitter:site\" content=\"@bellunopress\" \/>\n<meta name=\"twitter:label1\" content=\"\u00c9crit par\" \/>\n\t<meta name=\"twitter:data1\" content=\"redazione\" \/>\n\t<meta name=\"twitter:label2\" content=\"Dur\u00e9e de lecture estim\u00e9e\" \/>\n\t<meta name=\"twitter:data2\" content=\"5 minutes\" \/>\n<script type=\"application\/ld+json\" class=\"yoast-schema-graph\">{\"@context\":\"https:\\\/\\\/schema.org\",\"@graph\":[{\"@type\":\"Article\",\"@id\":\"https:\\\/\\\/www.bellunopress.it\\\/2021\\\/04\\\/24\\\/no-paura-day-2-linattendibilita-dei-tamponi-questione-vaccini-lanalisi-di-manuela-zorzi\\\/#article\",\"isPartOf\":{\"@id\":\"https:\\\/\\\/www.bellunopress.it\\\/2021\\\/04\\\/24\\\/no-paura-day-2-linattendibilita-dei-tamponi-questione-vaccini-lanalisi-di-manuela-zorzi\\\/\"},\"author\":{\"name\":\"redazione\",\"@id\":\"https:\\\/\\\/www.bellunopress.it\\\/#\\\/schema\\\/person\\\/79bb06722b37ece1c03d3e94beb30d73\"},\"headline\":\"No paura day 2. L\u2019inattendibilit\u00e0 dei tamponi. Questione vaccini. L\u2019analisi di Manuela Zorzi\",\"datePublished\":\"2021-04-24T19:24:08+00:00\",\"dateModified\":\"2021-04-25T10:46:40+00:00\",\"mainEntityOfPage\":{\"@id\":\"https:\\\/\\\/www.bellunopress.it\\\/2021\\\/04\\\/24\\\/no-paura-day-2-linattendibilita-dei-tamponi-questione-vaccini-lanalisi-di-manuela-zorzi\\\/\"},\"wordCount\":974,\"publisher\":{\"@id\":\"https:\\\/\\\/www.bellunopress.it\\\/#organization\"},\"image\":{\"@id\":\"https:\\\/\\\/www.bellunopress.it\\\/2021\\\/04\\\/24\\\/no-paura-day-2-linattendibilita-dei-tamponi-questione-vaccini-lanalisi-di-manuela-zorzi\\\/#primaryimage\"},\"thumbnailUrl\":\"https:\\\/\\\/www.bellunopress.it\\\/wp-content\\\/uploads\\\/2021\\\/04\\\/manuela-zorzi_edited.jpg\",\"articleSection\":[\"Cronaca\\\/Politica\",\"Featured\",\"Prima Pagina\",\"Sanit\u00e0 Medicina\"],\"inLanguage\":\"fr-FR\"},{\"@type\":\"WebPage\",\"@id\":\"https:\\\/\\\/www.bellunopress.it\\\/2021\\\/04\\\/24\\\/no-paura-day-2-linattendibilita-dei-tamponi-questione-vaccini-lanalisi-di-manuela-zorzi\\\/\",\"url\":\"https:\\\/\\\/www.bellunopress.it\\\/2021\\\/04\\\/24\\\/no-paura-day-2-linattendibilita-dei-tamponi-questione-vaccini-lanalisi-di-manuela-zorzi\\\/\",\"name\":\"No paura day 2. L\u2019inattendibilit\u00e0 dei tamponi. Questione vaccini. L\u2019analisi di Manuela Zorzi - Bellunopress - Dolomiti\",\"isPartOf\":{\"@id\":\"https:\\\/\\\/www.bellunopress.it\\\/#website\"},\"primaryImageOfPage\":{\"@id\":\"https:\\\/\\\/www.bellunopress.it\\\/2021\\\/04\\\/24\\\/no-paura-day-2-linattendibilita-dei-tamponi-questione-vaccini-lanalisi-di-manuela-zorzi\\\/#primaryimage\"},\"image\":{\"@id\":\"https:\\\/\\\/www.bellunopress.it\\\/2021\\\/04\\\/24\\\/no-paura-day-2-linattendibilita-dei-tamponi-questione-vaccini-lanalisi-di-manuela-zorzi\\\/#primaryimage\"},\"thumbnailUrl\":\"https:\\\/\\\/www.bellunopress.it\\\/wp-content\\\/uploads\\\/2021\\\/04\\\/manuela-zorzi_edited.jpg\",\"datePublished\":\"2021-04-24T19:24:08+00:00\",\"dateModified\":\"2021-04-25T10:46:40+00:00\",\"breadcrumb\":{\"@id\":\"https:\\\/\\\/www.bellunopress.it\\\/2021\\\/04\\\/24\\\/no-paura-day-2-linattendibilita-dei-tamponi-questione-vaccini-lanalisi-di-manuela-zorzi\\\/#breadcrumb\"},\"inLanguage\":\"fr-FR\",\"potentialAction\":[{\"@type\":\"ReadAction\",\"target\":[\"https:\\\/\\\/www.bellunopress.it\\\/2021\\\/04\\\/24\\\/no-paura-day-2-linattendibilita-dei-tamponi-questione-vaccini-lanalisi-di-manuela-zorzi\\\/\"]}]},{\"@type\":\"ImageObject\",\"inLanguage\":\"fr-FR\",\"@id\":\"https:\\\/\\\/www.bellunopress.it\\\/2021\\\/04\\\/24\\\/no-paura-day-2-linattendibilita-dei-tamponi-questione-vaccini-lanalisi-di-manuela-zorzi\\\/#primaryimage\",\"url\":\"https:\\\/\\\/www.bellunopress.it\\\/wp-content\\\/uploads\\\/2021\\\/04\\\/manuela-zorzi_edited.jpg\",\"contentUrl\":\"https:\\\/\\\/www.bellunopress.it\\\/wp-content\\\/uploads\\\/2021\\\/04\\\/manuela-zorzi_edited.jpg\",\"width\":915,\"height\":1000},{\"@type\":\"BreadcrumbList\",\"@id\":\"https:\\\/\\\/www.bellunopress.it\\\/2021\\\/04\\\/24\\\/no-paura-day-2-linattendibilita-dei-tamponi-questione-vaccini-lanalisi-di-manuela-zorzi\\\/#breadcrumb\",\"itemListElement\":[{\"@type\":\"ListItem\",\"position\":1,\"name\":\"Home\",\"item\":\"https:\\\/\\\/www.bellunopress.it\\\/\"},{\"@type\":\"ListItem\",\"position\":2,\"name\":\"No paura day 2. L\u2019inattendibilit\u00e0 dei tamponi. Questione vaccini. L\u2019analisi di Manuela Zorzi\"}]},{\"@type\":\"WebSite\",\"@id\":\"https:\\\/\\\/www.bellunopress.it\\\/#website\",\"url\":\"https:\\\/\\\/www.bellunopress.it\\\/\",\"name\":\"Bellunopress - Dolomiti\",\"description\":\"e-mail: redazione@bellunopress.it\",\"publisher\":{\"@id\":\"https:\\\/\\\/www.bellunopress.it\\\/#organization\"},\"potentialAction\":[{\"@type\":\"SearchAction\",\"target\":{\"@type\":\"EntryPoint\",\"urlTemplate\":\"https:\\\/\\\/www.bellunopress.it\\\/?s={search_term_string}\"},\"query-input\":{\"@type\":\"PropertyValueSpecification\",\"valueRequired\":true,\"valueName\":\"search_term_string\"}}],\"inLanguage\":\"fr-FR\"},{\"@type\":\"Organization\",\"@id\":\"https:\\\/\\\/www.bellunopress.it\\\/#organization\",\"name\":\"Bellunopress\",\"url\":\"https:\\\/\\\/www.bellunopress.it\\\/\",\"logo\":{\"@type\":\"ImageObject\",\"inLanguage\":\"fr-FR\",\"@id\":\"https:\\\/\\\/www.bellunopress.it\\\/#\\\/schema\\\/logo\\\/image\\\/\",\"url\":\"https:\\\/\\\/www.bellunopress.it\\\/wp-content\\\/uploads\\\/2011\\\/05\\\/cropped-logo-bellunopress-.jpg\",\"contentUrl\":\"https:\\\/\\\/www.bellunopress.it\\\/wp-content\\\/uploads\\\/2011\\\/05\\\/cropped-logo-bellunopress-.jpg\",\"width\":512,\"height\":512,\"caption\":\"Bellunopress\"},\"image\":{\"@id\":\"https:\\\/\\\/www.bellunopress.it\\\/#\\\/schema\\\/logo\\\/image\\\/\"},\"sameAs\":[\"https:\\\/\\\/www.facebook.com\\\/profile.php?id=100008943462799\",\"https:\\\/\\\/x.com\\\/bellunopress\",\"https:\\\/\\\/www.linkedin.com\\\/hp\\\/?dnr=JBzUWaJfMUw8vbXJJ2tVW5-I3jZKvC4wsoxE&amp;amp;amp;amp;amp;amp;trk=nav_responsive_tab_home\",\"https:\\\/\\\/www.youtube.com\\\/channel\\\/UCxL0wu1uN0_3_7hGG0306cw\"]},{\"@type\":\"Person\",\"@id\":\"https:\\\/\\\/www.bellunopress.it\\\/#\\\/schema\\\/person\\\/79bb06722b37ece1c03d3e94beb30d73\",\"name\":\"redazione\",\"image\":{\"@type\":\"ImageObject\",\"inLanguage\":\"fr-FR\",\"@id\":\"https:\\\/\\\/secure.gravatar.com\\\/avatar\\\/37d968a2e67a6fd04c169c4bdef102d0bc5d31b2546345219e348575eb80e9a0?s=96&d=mm&r=g\",\"url\":\"https:\\\/\\\/secure.gravatar.com\\\/avatar\\\/37d968a2e67a6fd04c169c4bdef102d0bc5d31b2546345219e348575eb80e9a0?s=96&d=mm&r=g\",\"contentUrl\":\"https:\\\/\\\/secure.gravatar.com\\\/avatar\\\/37d968a2e67a6fd04c169c4bdef102d0bc5d31b2546345219e348575eb80e9a0?s=96&d=mm&r=g\",\"caption\":\"redazione\"},\"sameAs\":[\"http:\\\/\\\/www.bellunopress.it\",\"https:\\\/\\\/x.com\\\/bellunopress\"],\"url\":\"https:\\\/\\\/www.bellunopress.it\\\/fr\\\/author\\\/redazione\\\/\"}]}<\/script>\n<!-- \/ Yoast SEO plugin. -->","yoast_head_json":{"title":"No paura day 2. L\u2019inattendibilit\u00e0 dei tamponi. Questione vaccini. L\u2019analisi di Manuela Zorzi - Bellunopress - Dolomiti","robots":{"index":"index","follow":"follow","max-snippet":"max-snippet:-1","max-image-preview":"max-image-preview:large","max-video-preview":"max-video-preview:-1"},"canonical":"https:\/\/www.bellunopress.it\/fr\/2021\/04\/24\/no-paura-day-2-linattendibilita-dei-tamponi-questione-vaccini-lanalisi-di-manuela-zorzi\/","og_locale":"fr_FR","og_type":"article","og_title":"No paura day 2. L\u2019inattendibilit\u00e0 dei tamponi. Questione vaccini. L\u2019analisi di Manuela Zorzi - Bellunopress - Dolomiti","og_description":"L\u2019unica cosa certa \u00e8 che non vi sono certezze. Nemmeno tra gli esperti. E\u2019 quello che si percepisce ascoltando i dati forniti dalla sociologa Manuela Zorzi nel suo intervento al No paura day 2 di Belluno, sabato 24 aprile. \u201cIl tema dei tamponi non \u00e8 banale &#8211; ha detto la sociologa &#8211; in quanto \u00e8 [&hellip;]","og_url":"https:\/\/www.bellunopress.it\/fr\/2021\/04\/24\/no-paura-day-2-linattendibilita-dei-tamponi-questione-vaccini-lanalisi-di-manuela-zorzi\/","og_site_name":"Bellunopress - Dolomiti","article_publisher":"https:\/\/www.facebook.com\/profile.php?id=100008943462799","article_published_time":"2021-04-24T19:24:08+00:00","article_modified_time":"2021-04-25T10:46:40+00:00","og_image":[{"width":915,"height":1000,"url":"https:\/\/www.bellunopress.it\/wp-content\/uploads\/2021\/04\/manuela-zorzi_edited.jpg","type":"image\/jpeg"}],"author":"redazione","twitter_card":"summary_large_image","twitter_creator":"@bellunopress","twitter_site":"@bellunopress","twitter_misc":{"\u00c9crit par":"redazione","Dur\u00e9e de lecture estim\u00e9e":"5 minutes"},"schema":{"@context":"https:\/\/schema.org","@graph":[{"@type":"Article","@id":"https:\/\/www.bellunopress.it\/2021\/04\/24\/no-paura-day-2-linattendibilita-dei-tamponi-questione-vaccini-lanalisi-di-manuela-zorzi\/#article","isPartOf":{"@id":"https:\/\/www.bellunopress.it\/2021\/04\/24\/no-paura-day-2-linattendibilita-dei-tamponi-questione-vaccini-lanalisi-di-manuela-zorzi\/"},"author":{"name":"redazione","@id":"https:\/\/www.bellunopress.it\/#\/schema\/person\/79bb06722b37ece1c03d3e94beb30d73"},"headline":"No paura day 2. L\u2019inattendibilit\u00e0 dei tamponi. Questione vaccini. L\u2019analisi di Manuela Zorzi","datePublished":"2021-04-24T19:24:08+00:00","dateModified":"2021-04-25T10:46:40+00:00","mainEntityOfPage":{"@id":"https:\/\/www.bellunopress.it\/2021\/04\/24\/no-paura-day-2-linattendibilita-dei-tamponi-questione-vaccini-lanalisi-di-manuela-zorzi\/"},"wordCount":974,"publisher":{"@id":"https:\/\/www.bellunopress.it\/#organization"},"image":{"@id":"https:\/\/www.bellunopress.it\/2021\/04\/24\/no-paura-day-2-linattendibilita-dei-tamponi-questione-vaccini-lanalisi-di-manuela-zorzi\/#primaryimage"},"thumbnailUrl":"https:\/\/www.bellunopress.it\/wp-content\/uploads\/2021\/04\/manuela-zorzi_edited.jpg","articleSection":["Cronaca\/Politica","Featured","Prima Pagina","Sanit\u00e0 Medicina"],"inLanguage":"fr-FR"},{"@type":"WebPage","@id":"https:\/\/www.bellunopress.it\/2021\/04\/24\/no-paura-day-2-linattendibilita-dei-tamponi-questione-vaccini-lanalisi-di-manuela-zorzi\/","url":"https:\/\/www.bellunopress.it\/2021\/04\/24\/no-paura-day-2-linattendibilita-dei-tamponi-questione-vaccini-lanalisi-di-manuela-zorzi\/","name":"No paura day 2. L\u2019inattendibilit\u00e0 dei tamponi. Questione vaccini. L\u2019analisi di Manuela Zorzi - Bellunopress - Dolomiti","isPartOf":{"@id":"https:\/\/www.bellunopress.it\/#website"},"primaryImageOfPage":{"@id":"https:\/\/www.bellunopress.it\/2021\/04\/24\/no-paura-day-2-linattendibilita-dei-tamponi-questione-vaccini-lanalisi-di-manuela-zorzi\/#primaryimage"},"image":{"@id":"https:\/\/www.bellunopress.it\/2021\/04\/24\/no-paura-day-2-linattendibilita-dei-tamponi-questione-vaccini-lanalisi-di-manuela-zorzi\/#primaryimage"},"thumbnailUrl":"https:\/\/www.bellunopress.it\/wp-content\/uploads\/2021\/04\/manuela-zorzi_edited.jpg","datePublished":"2021-04-24T19:24:08+00:00","dateModified":"2021-04-25T10:46:40+00:00","breadcrumb":{"@id":"https:\/\/www.bellunopress.it\/2021\/04\/24\/no-paura-day-2-linattendibilita-dei-tamponi-questione-vaccini-lanalisi-di-manuela-zorzi\/#breadcrumb"},"inLanguage":"fr-FR","potentialAction":[{"@type":"ReadAction","target":["https:\/\/www.bellunopress.it\/2021\/04\/24\/no-paura-day-2-linattendibilita-dei-tamponi-questione-vaccini-lanalisi-di-manuela-zorzi\/"]}]},{"@type":"ImageObject","inLanguage":"fr-FR","@id":"https:\/\/www.bellunopress.it\/2021\/04\/24\/no-paura-day-2-linattendibilita-dei-tamponi-questione-vaccini-lanalisi-di-manuela-zorzi\/#primaryimage","url":"https:\/\/www.bellunopress.it\/wp-content\/uploads\/2021\/04\/manuela-zorzi_edited.jpg","contentUrl":"https:\/\/www.bellunopress.it\/wp-content\/uploads\/2021\/04\/manuela-zorzi_edited.jpg","width":915,"height":1000},{"@type":"BreadcrumbList","@id":"https:\/\/www.bellunopress.it\/2021\/04\/24\/no-paura-day-2-linattendibilita-dei-tamponi-questione-vaccini-lanalisi-di-manuela-zorzi\/#breadcrumb","itemListElement":[{"@type":"ListItem","position":1,"name":"Home","item":"https:\/\/www.bellunopress.it\/"},{"@type":"ListItem","position":2,"name":"No paura day 2. L\u2019inattendibilit\u00e0 dei tamponi. Questione vaccini. L\u2019analisi di Manuela Zorzi"}]},{"@type":"WebSite","@id":"https:\/\/www.bellunopress.it\/#website","url":"https:\/\/www.bellunopress.it\/","name":"Bellunopress - Dolomiti","description":"e-mail: redazione@bellunopress.it","publisher":{"@id":"https:\/\/www.bellunopress.it\/#organization"},"potentialAction":[{"@type":"SearchAction","target":{"@type":"EntryPoint","urlTemplate":"https:\/\/www.bellunopress.it\/?s={search_term_string}"},"query-input":{"@type":"PropertyValueSpecification","valueRequired":true,"valueName":"search_term_string"}}],"inLanguage":"fr-FR"},{"@type":"Organization","@id":"https:\/\/www.bellunopress.it\/#organization","name":"Bellunopress","url":"https:\/\/www.bellunopress.it\/","logo":{"@type":"ImageObject","inLanguage":"fr-FR","@id":"https:\/\/www.bellunopress.it\/#\/schema\/logo\/image\/","url":"https:\/\/www.bellunopress.it\/wp-content\/uploads\/2011\/05\/cropped-logo-bellunopress-.jpg","contentUrl":"https:\/\/www.bellunopress.it\/wp-content\/uploads\/2011\/05\/cropped-logo-bellunopress-.jpg","width":512,"height":512,"caption":"Bellunopress"},"image":{"@id":"https:\/\/www.bellunopress.it\/#\/schema\/logo\/image\/"},"sameAs":["https:\/\/www.facebook.com\/profile.php?id=100008943462799","https:\/\/x.com\/bellunopress","https:\/\/www.linkedin.com\/hp\/?dnr=JBzUWaJfMUw8vbXJJ2tVW5-I3jZKvC4wsoxE&amp;amp;amp;amp;amp;amp;trk=nav_responsive_tab_home","https:\/\/www.youtube.com\/channel\/UCxL0wu1uN0_3_7hGG0306cw"]},{"@type":"Person","@id":"https:\/\/www.bellunopress.it\/#\/schema\/person\/79bb06722b37ece1c03d3e94beb30d73","name":"r\u00e9daction","image":{"@type":"ImageObject","inLanguage":"fr-FR","@id":"https:\/\/secure.gravatar.com\/avatar\/37d968a2e67a6fd04c169c4bdef102d0bc5d31b2546345219e348575eb80e9a0?s=96&d=mm&r=g","url":"https:\/\/secure.gravatar.com\/avatar\/37d968a2e67a6fd04c169c4bdef102d0bc5d31b2546345219e348575eb80e9a0?s=96&d=mm&r=g","contentUrl":"https:\/\/secure.gravatar.com\/avatar\/37d968a2e67a6fd04c169c4bdef102d0bc5d31b2546345219e348575eb80e9a0?s=96&d=mm&r=g","caption":"redazione"},"sameAs":["http:\/\/www.bellunopress.it","https:\/\/x.com\/bellunopress"],"url":"https:\/\/www.bellunopress.it\/fr\/author\/redazione\/"}]}},"_links":{"self":[{"href":"https:\/\/www.bellunopress.it\/fr\/wp-json\/wp\/v2\/posts\/123682","targetHints":{"allow":["GET"]}}],"collection":[{"href":"https:\/\/www.bellunopress.it\/fr\/wp-json\/wp\/v2\/posts"}],"about":[{"href":"https:\/\/www.bellunopress.it\/fr\/wp-json\/wp\/v2\/types\/post"}],"author":[{"embeddable":true,"href":"https:\/\/www.bellunopress.it\/fr\/wp-json\/wp\/v2\/users\/2"}],"replies":[{"embeddable":true,"href":"https:\/\/www.bellunopress.it\/fr\/wp-json\/wp\/v2\/comments?post=123682"}],"version-history":[{"count":2,"href":"https:\/\/www.bellunopress.it\/fr\/wp-json\/wp\/v2\/posts\/123682\/revisions"}],"predecessor-version":[{"id":123685,"href":"https:\/\/www.bellunopress.it\/fr\/wp-json\/wp\/v2\/posts\/123682\/revisions\/123685"}],"wp:featuredmedia":[{"embeddable":true,"href":"https:\/\/www.bellunopress.it\/fr\/wp-json\/wp\/v2\/media\/123683"}],"wp:attachment":[{"href":"https:\/\/www.bellunopress.it\/fr\/wp-json\/wp\/v2\/media?parent=123682"}],"wp:term":[{"taxonomy":"category","embeddable":true,"href":"https:\/\/www.bellunopress.it\/fr\/wp-json\/wp\/v2\/categories?post=123682"},{"taxonomy":"post_tag","embeddable":true,"href":"https:\/\/www.bellunopress.it\/fr\/wp-json\/wp\/v2\/tags?post=123682"}],"curies":[{"name":"wp","href":"https:\/\/api.w.org\/{rel}","templated":true}]}}