{"id":12364,"date":"2010-02-10T12:18:18","date_gmt":"2010-02-10T11:18:18","guid":{"rendered":"http:\/\/www.bellunopress.it\/?p=12364"},"modified":"2010-02-10T12:18:18","modified_gmt":"2010-02-10T11:18:18","slug":"cai-agordo-una-splendida-giornata-sotto-il-pelmo","status":"publish","type":"post","link":"https:\/\/www.bellunopress.it\/fr\/2010\/02\/10\/cai-agordo-una-splendida-giornata-sotto-il-pelmo\/","title":{"rendered":"Cai Agordo: una splendida giornata sotto il Pelmo"},"content":{"rendered":"<p><a href=\"http:\/\/www.bellunopress.it\/wp-content\/uploads\/2010\/02\/ciaspe-rif-venezia-1-leggera.jpg\"><img loading=\"lazy\" decoding=\"async\" class=\"alignleft size-medium wp-image-12365\" title=\"ciaspe-rif-venezia-1-leggera\" src=\"http:\/\/www.bellunopress.it\/wp-content\/uploads\/2010\/02\/ciaspe-rif-venezia-1-leggera.jpg\" alt=\"\" width=\"270\" height=\"203\" \/><\/a>Una splendida giornata di sole, cielo perfettamente sereno e temperatura mite \u2013 salvo alcune raffiche di vento in quota &#8211; hanno fatto da cornice all\u2019escursione con le ci\u00e0spe svoltasi domenica scorsa ai piedi del Pelmo.<br \/>\nTrentacinque i partecipanti che, abbandonate dapprima le nebbie del fondovalle e successivamente le auto nell\u2019incantevole scenario di Zopp\u00e8 di Cadore &#8211; hanno iniziato a salire nel bosco verso il Rifugio Venezia. Un paesaggio ed una quiete tipicamente invernali sono stati lo sfondo di questa remunerativa e lunga escursione domenicale dominata dalla possente ed inconfondibile mole del \u201cC\u00e0regon del Padre Eterno\u201d. Fuori dalla vegetazione, ormai in prossimit\u00e0 della meta , raffiche di vento\u00a0 particolarmente freddo costringono il gruppo, pi\u00f9 che al \u201cpranzo al sacco\u201d\u2026 al \u201cpranzo al riparo\u201d\u2026 Un provvidenziale avvallamento nei pressi del Rifugio ha egregiamente assolto allo scopo! Foto di rito sulla staccionata del \u201cVenezia\u201d e si riparte per il rientro, lungo-piacevole-panoramico, sino a Zopp\u00e8 di Cadore chiudendo cos\u00ec questo splendido anello invernale.<\/p>\n<p><strong>DOMENICA 14 FEBBRAIO 2010 SEMPRE CON LE CIASPE A\u2026 CASERA ERERA \u2013 BRANDOL<br \/>\n<\/strong>Attenzione che si parte presto domenica! L\u2019appuntamento \u00e8 fissato per le ore 06.30 presso la nostra Sede.<br \/>\nPer gli appassionati che giungono dalla Valbelluna\u00a0 e che si iscrivino a questa escursione, invece, il ritrovo \u00e8 stabilito alle ore 07.40 presso il parcheggio situato poco al di sotto dell\u2019Albergo Alpino Boz, alla testata della Val Canzoi (Cesiomaggiore) punto di partenza dell\u2019escursione.<br \/>\nLo straordinario ambiente degli altopiani incastonati tra i Gruppi del Pizzocco e del Cimonega \u201cpretender\u00e0\u201d certamente, da parte di tutti, un certo sforzo. Quasi 1.200 i metri di dislivello da affrontare per passeggiare lass\u00f9, ci hanno indotto a presentare questa escursione come \u201cimpegnativa\u201d.<br \/>\nConsolatevi. Lo sar\u00e0 anche per i pi\u00f9 allenati\u2026se non altro per la levataccia!<br \/>\nIscrizioni come sempre al 346-0153819 dalle 16.00 alle 21.00 entro venerdi sera.<br \/>\n<strong>VENERDI\u2019 SERA L\u2019APPUNTAMENTO A SOTTOGUDA PER GLI APPASSIONATI DELLO SCIALPINISMO IN NOTTURNA <\/strong><br \/>\nAl via venerd\u00ec 12 febbraio 2010 la terza edizione della gara di scialpinismo in notturna lungo la gola dei Serrai di Sottoguda (Rocca Pietore \u2013 BL). Partenza dalla localit\u00e0 di Sottoguda alle ore 20.00. Attraverso la gola dei Serrai di Sottoguda, passando per Malga Ciap\u00e8la\u00a0sino in localit\u00e0 Dovich. Ritiro pettorali dalle ore 18.00 presso Hotel Genzianella nei pressi della partenza. Iscrizioni on-line entro le ore 12.00 di venerd\u00ec 12.02.2010 su www.sportis.it oppure presso l\u2019Ufficio Turistico di Rocca Pietore (0437-721319 e-mail: roccapietore@infodolomiti.it)<\/p>","protected":false},"excerpt":{"rendered":"<p>Una splendida giornata di sole, cielo perfettamente sereno e temperatura mite \u2013 salvo alcune raffiche di vento in quota &#8211; hanno fatto da cornice all\u2019escursione con le ci\u00e0spe svoltasi domenica scorsa ai piedi del Pelmo. Trentacinque i partecipanti che, abbandonate dapprima le nebbie del fondovalle e successivamente le auto nell\u2019incantevole scenario di Zopp\u00e8 di Cadore [&hellip;]<\/p>\n","protected":false},"author":2,"featured_media":0,"comment_status":"closed","ping_status":"open","sticky":false,"template":"","format":"standard","meta":{"footnotes":""},"categories":[38,25],"tags":[139,151,63],"class_list":["post-12364","post","type-post","status-publish","format-standard","category-natura-ambiente","category-pausa-caffe","tag-belluno","tag-cadore","tag-dolomiti"],"yoast_head":"<!-- This site is optimized with the Yoast SEO plugin v28.4 - https:\/\/yoast.com\/product\/yoast-seo-wordpress\/ -->\n<title>Cai Agordo: una splendida giornata sotto il Pelmo - Bellunopress - Dolomiti<\/title>\n<meta name=\"robots\" content=\"index, follow, max-snippet:-1, max-image-preview:large, max-video-preview:-1\" \/>\n<link rel=\"canonical\" href=\"https:\/\/www.bellunopress.it\/fr\/2010\/02\/10\/cai-agordo-una-splendida-giornata-sotto-il-pelmo\/\" \/>\n<meta property=\"og:locale\" content=\"fr_FR\" \/>\n<meta property=\"og:type\" content=\"article\" \/>\n<meta property=\"og:title\" content=\"Cai Agordo: una splendida giornata sotto il Pelmo - Bellunopress - Dolomiti\" \/>\n<meta property=\"og:description\" content=\"Una splendida giornata di sole, cielo perfettamente sereno e temperatura mite \u2013 salvo alcune raffiche di vento in quota &#8211; hanno fatto da cornice all\u2019escursione con le ci\u00e0spe svoltasi domenica scorsa ai piedi del Pelmo. Trentacinque i partecipanti che, abbandonate dapprima le nebbie del fondovalle e successivamente le auto nell\u2019incantevole scenario di Zopp\u00e8 di Cadore [&hellip;]\" \/>\n<meta property=\"og:url\" content=\"https:\/\/www.bellunopress.it\/fr\/2010\/02\/10\/cai-agordo-una-splendida-giornata-sotto-il-pelmo\/\" \/>\n<meta property=\"og:site_name\" content=\"Bellunopress - Dolomiti\" \/>\n<meta property=\"article:publisher\" content=\"https:\/\/www.facebook.com\/profile.php?id=100008943462799\" \/>\n<meta property=\"article:published_time\" content=\"2010-02-10T11:18:18+00:00\" \/>\n<meta property=\"og:image\" content=\"http:\/\/www.bellunopress.it\/wp-content\/uploads\/2010\/02\/ciaspe-rif-venezia-1-leggera.jpg\" \/>\n<meta name=\"author\" content=\"redazione\" \/>\n<meta name=\"twitter:card\" content=\"summary_large_image\" \/>\n<meta name=\"twitter:creator\" content=\"@bellunopress\" \/>\n<meta name=\"twitter:site\" content=\"@bellunopress\" \/>\n<meta name=\"twitter:label1\" content=\"\u00c9crit par\" \/>\n\t<meta name=\"twitter:data1\" content=\"redazione\" \/>\n\t<meta name=\"twitter:label2\" content=\"Dur\u00e9e de lecture estim\u00e9e\" \/>\n\t<meta name=\"twitter:data2\" content=\"2 minutes\" \/>\n<script type=\"application\/ld+json\" class=\"yoast-schema-graph\">{\"@context\":\"https:\\\/\\\/schema.org\",\"@graph\":[{\"@type\":\"Article\",\"@id\":\"https:\\\/\\\/www.bellunopress.it\\\/2010\\\/02\\\/10\\\/cai-agordo-una-splendida-giornata-sotto-il-pelmo\\\/#article\",\"isPartOf\":{\"@id\":\"https:\\\/\\\/www.bellunopress.it\\\/2010\\\/02\\\/10\\\/cai-agordo-una-splendida-giornata-sotto-il-pelmo\\\/\"},\"author\":{\"name\":\"redazione\",\"@id\":\"https:\\\/\\\/www.bellunopress.it\\\/#\\\/schema\\\/person\\\/79bb06722b37ece1c03d3e94beb30d73\"},\"headline\":\"Cai Agordo: una splendida giornata sotto il Pelmo\",\"datePublished\":\"2010-02-10T11:18:18+00:00\",\"mainEntityOfPage\":{\"@id\":\"https:\\\/\\\/www.bellunopress.it\\\/2010\\\/02\\\/10\\\/cai-agordo-una-splendida-giornata-sotto-il-pelmo\\\/\"},\"wordCount\":398,\"publisher\":{\"@id\":\"https:\\\/\\\/www.bellunopress.it\\\/#organization\"},\"image\":{\"@id\":\"https:\\\/\\\/www.bellunopress.it\\\/2010\\\/02\\\/10\\\/cai-agordo-una-splendida-giornata-sotto-il-pelmo\\\/#primaryimage\"},\"thumbnailUrl\":\"http:\\\/\\\/www.bellunopress.it\\\/wp-content\\\/uploads\\\/2010\\\/02\\\/ciaspe-rif-venezia-1-leggera.jpg\",\"keywords\":[\"Belluno\",\"Cadore\",\"Dolomiti\"],\"articleSection\":[\"Meteo, natura, ambiente, animali\",\"Pausa Caff\u00e8\"],\"inLanguage\":\"fr-FR\"},{\"@type\":\"WebPage\",\"@id\":\"https:\\\/\\\/www.bellunopress.it\\\/2010\\\/02\\\/10\\\/cai-agordo-una-splendida-giornata-sotto-il-pelmo\\\/\",\"url\":\"https:\\\/\\\/www.bellunopress.it\\\/2010\\\/02\\\/10\\\/cai-agordo-una-splendida-giornata-sotto-il-pelmo\\\/\",\"name\":\"Cai Agordo: una splendida giornata sotto il Pelmo - Bellunopress - Dolomiti\",\"isPartOf\":{\"@id\":\"https:\\\/\\\/www.bellunopress.it\\\/#website\"},\"primaryImageOfPage\":{\"@id\":\"https:\\\/\\\/www.bellunopress.it\\\/2010\\\/02\\\/10\\\/cai-agordo-una-splendida-giornata-sotto-il-pelmo\\\/#primaryimage\"},\"image\":{\"@id\":\"https:\\\/\\\/www.bellunopress.it\\\/2010\\\/02\\\/10\\\/cai-agordo-una-splendida-giornata-sotto-il-pelmo\\\/#primaryimage\"},\"thumbnailUrl\":\"http:\\\/\\\/www.bellunopress.it\\\/wp-content\\\/uploads\\\/2010\\\/02\\\/ciaspe-rif-venezia-1-leggera.jpg\",\"datePublished\":\"2010-02-10T11:18:18+00:00\",\"breadcrumb\":{\"@id\":\"https:\\\/\\\/www.bellunopress.it\\\/2010\\\/02\\\/10\\\/cai-agordo-una-splendida-giornata-sotto-il-pelmo\\\/#breadcrumb\"},\"inLanguage\":\"fr-FR\",\"potentialAction\":[{\"@type\":\"ReadAction\",\"target\":[\"https:\\\/\\\/www.bellunopress.it\\\/2010\\\/02\\\/10\\\/cai-agordo-una-splendida-giornata-sotto-il-pelmo\\\/\"]}]},{\"@type\":\"ImageObject\",\"inLanguage\":\"fr-FR\",\"@id\":\"https:\\\/\\\/www.bellunopress.it\\\/2010\\\/02\\\/10\\\/cai-agordo-una-splendida-giornata-sotto-il-pelmo\\\/#primaryimage\",\"url\":\"http:\\\/\\\/www.bellunopress.it\\\/wp-content\\\/uploads\\\/2010\\\/02\\\/ciaspe-rif-venezia-1-leggera.jpg\",\"contentUrl\":\"http:\\\/\\\/www.bellunopress.it\\\/wp-content\\\/uploads\\\/2010\\\/02\\\/ciaspe-rif-venezia-1-leggera.jpg\"},{\"@type\":\"BreadcrumbList\",\"@id\":\"https:\\\/\\\/www.bellunopress.it\\\/2010\\\/02\\\/10\\\/cai-agordo-una-splendida-giornata-sotto-il-pelmo\\\/#breadcrumb\",\"itemListElement\":[{\"@type\":\"ListItem\",\"position\":1,\"name\":\"Home\",\"item\":\"https:\\\/\\\/www.bellunopress.it\\\/\"},{\"@type\":\"ListItem\",\"position\":2,\"name\":\"Cai Agordo: una splendida giornata sotto il Pelmo\"}]},{\"@type\":\"WebSite\",\"@id\":\"https:\\\/\\\/www.bellunopress.it\\\/#website\",\"url\":\"https:\\\/\\\/www.bellunopress.it\\\/\",\"name\":\"Bellunopress - Dolomiti\",\"description\":\"e-mail: redazione@bellunopress.it\",\"publisher\":{\"@id\":\"https:\\\/\\\/www.bellunopress.it\\\/#organization\"},\"potentialAction\":[{\"@type\":\"SearchAction\",\"target\":{\"@type\":\"EntryPoint\",\"urlTemplate\":\"https:\\\/\\\/www.bellunopress.it\\\/?s={search_term_string}\"},\"query-input\":{\"@type\":\"PropertyValueSpecification\",\"valueRequired\":true,\"valueName\":\"search_term_string\"}}],\"inLanguage\":\"fr-FR\"},{\"@type\":\"Organization\",\"@id\":\"https:\\\/\\\/www.bellunopress.it\\\/#organization\",\"name\":\"Bellunopress\",\"url\":\"https:\\\/\\\/www.bellunopress.it\\\/\",\"logo\":{\"@type\":\"ImageObject\",\"inLanguage\":\"fr-FR\",\"@id\":\"https:\\\/\\\/www.bellunopress.it\\\/#\\\/schema\\\/logo\\\/image\\\/\",\"url\":\"https:\\\/\\\/www.bellunopress.it\\\/wp-content\\\/uploads\\\/2011\\\/05\\\/cropped-logo-bellunopress-.jpg\",\"contentUrl\":\"https:\\\/\\\/www.bellunopress.it\\\/wp-content\\\/uploads\\\/2011\\\/05\\\/cropped-logo-bellunopress-.jpg\",\"width\":512,\"height\":512,\"caption\":\"Bellunopress\"},\"image\":{\"@id\":\"https:\\\/\\\/www.bellunopress.it\\\/#\\\/schema\\\/logo\\\/image\\\/\"},\"sameAs\":[\"https:\\\/\\\/www.facebook.com\\\/profile.php?id=100008943462799\",\"https:\\\/\\\/x.com\\\/bellunopress\",\"https:\\\/\\\/www.linkedin.com\\\/hp\\\/?dnr=JBzUWaJfMUw8vbXJJ2tVW5-I3jZKvC4wsoxE&amp;amp;amp;amp;amp;amp;trk=nav_responsive_tab_home\",\"https:\\\/\\\/www.youtube.com\\\/channel\\\/UCxL0wu1uN0_3_7hGG0306cw\"]},{\"@type\":\"Person\",\"@id\":\"https:\\\/\\\/www.bellunopress.it\\\/#\\\/schema\\\/person\\\/79bb06722b37ece1c03d3e94beb30d73\",\"name\":\"redazione\",\"image\":{\"@type\":\"ImageObject\",\"inLanguage\":\"fr-FR\",\"@id\":\"https:\\\/\\\/secure.gravatar.com\\\/avatar\\\/37d968a2e67a6fd04c169c4bdef102d0bc5d31b2546345219e348575eb80e9a0?s=96&d=mm&r=g\",\"url\":\"https:\\\/\\\/secure.gravatar.com\\\/avatar\\\/37d968a2e67a6fd04c169c4bdef102d0bc5d31b2546345219e348575eb80e9a0?s=96&d=mm&r=g\",\"contentUrl\":\"https:\\\/\\\/secure.gravatar.com\\\/avatar\\\/37d968a2e67a6fd04c169c4bdef102d0bc5d31b2546345219e348575eb80e9a0?s=96&d=mm&r=g\",\"caption\":\"redazione\"},\"sameAs\":[\"http:\\\/\\\/www.bellunopress.it\",\"https:\\\/\\\/x.com\\\/bellunopress\"],\"url\":\"https:\\\/\\\/www.bellunopress.it\\\/fr\\\/author\\\/redazione\\\/\"}]}<\/script>\n<!-- \/ Yoast SEO plugin. -->","yoast_head_json":{"title":"Cai Agordo: una splendida giornata sotto il Pelmo - Bellunopress - Dolomiti","robots":{"index":"index","follow":"follow","max-snippet":"max-snippet:-1","max-image-preview":"max-image-preview:large","max-video-preview":"max-video-preview:-1"},"canonical":"https:\/\/www.bellunopress.it\/fr\/2010\/02\/10\/cai-agordo-una-splendida-giornata-sotto-il-pelmo\/","og_locale":"fr_FR","og_type":"article","og_title":"Cai Agordo: una splendida giornata sotto il Pelmo - Bellunopress - Dolomiti","og_description":"Una splendida giornata di sole, cielo perfettamente sereno e temperatura mite \u2013 salvo alcune raffiche di vento in quota &#8211; hanno fatto da cornice all\u2019escursione con le ci\u00e0spe svoltasi domenica scorsa ai piedi del Pelmo. Trentacinque i partecipanti che, abbandonate dapprima le nebbie del fondovalle e successivamente le auto nell\u2019incantevole scenario di Zopp\u00e8 di Cadore [&hellip;]","og_url":"https:\/\/www.bellunopress.it\/fr\/2010\/02\/10\/cai-agordo-una-splendida-giornata-sotto-il-pelmo\/","og_site_name":"Bellunopress - Dolomiti","article_publisher":"https:\/\/www.facebook.com\/profile.php?id=100008943462799","article_published_time":"2010-02-10T11:18:18+00:00","og_image":[{"url":"http:\/\/www.bellunopress.it\/wp-content\/uploads\/2010\/02\/ciaspe-rif-venezia-1-leggera.jpg","type":"","width":"","height":""}],"author":"redazione","twitter_card":"summary_large_image","twitter_creator":"@bellunopress","twitter_site":"@bellunopress","twitter_misc":{"\u00c9crit par":"redazione","Dur\u00e9e de lecture estim\u00e9e":"2 minutes"},"schema":{"@context":"https:\/\/schema.org","@graph":[{"@type":"Article","@id":"https:\/\/www.bellunopress.it\/2010\/02\/10\/cai-agordo-una-splendida-giornata-sotto-il-pelmo\/#article","isPartOf":{"@id":"https:\/\/www.bellunopress.it\/2010\/02\/10\/cai-agordo-una-splendida-giornata-sotto-il-pelmo\/"},"author":{"name":"redazione","@id":"https:\/\/www.bellunopress.it\/#\/schema\/person\/79bb06722b37ece1c03d3e94beb30d73"},"headline":"Cai Agordo: una splendida giornata sotto il Pelmo","datePublished":"2010-02-10T11:18:18+00:00","mainEntityOfPage":{"@id":"https:\/\/www.bellunopress.it\/2010\/02\/10\/cai-agordo-una-splendida-giornata-sotto-il-pelmo\/"},"wordCount":398,"publisher":{"@id":"https:\/\/www.bellunopress.it\/#organization"},"image":{"@id":"https:\/\/www.bellunopress.it\/2010\/02\/10\/cai-agordo-una-splendida-giornata-sotto-il-pelmo\/#primaryimage"},"thumbnailUrl":"http:\/\/www.bellunopress.it\/wp-content\/uploads\/2010\/02\/ciaspe-rif-venezia-1-leggera.jpg","keywords":["Belluno","Cadore","Dolomiti"],"articleSection":["Meteo, natura, ambiente, animali","Pausa Caff\u00e8"],"inLanguage":"fr-FR"},{"@type":"WebPage","@id":"https:\/\/www.bellunopress.it\/2010\/02\/10\/cai-agordo-una-splendida-giornata-sotto-il-pelmo\/","url":"https:\/\/www.bellunopress.it\/2010\/02\/10\/cai-agordo-una-splendida-giornata-sotto-il-pelmo\/","name":"Cai Agordo: una splendida giornata sotto il Pelmo - Bellunopress - Dolomiti","isPartOf":{"@id":"https:\/\/www.bellunopress.it\/#website"},"primaryImageOfPage":{"@id":"https:\/\/www.bellunopress.it\/2010\/02\/10\/cai-agordo-una-splendida-giornata-sotto-il-pelmo\/#primaryimage"},"image":{"@id":"https:\/\/www.bellunopress.it\/2010\/02\/10\/cai-agordo-una-splendida-giornata-sotto-il-pelmo\/#primaryimage"},"thumbnailUrl":"http:\/\/www.bellunopress.it\/wp-content\/uploads\/2010\/02\/ciaspe-rif-venezia-1-leggera.jpg","datePublished":"2010-02-10T11:18:18+00:00","breadcrumb":{"@id":"https:\/\/www.bellunopress.it\/2010\/02\/10\/cai-agordo-una-splendida-giornata-sotto-il-pelmo\/#breadcrumb"},"inLanguage":"fr-FR","potentialAction":[{"@type":"ReadAction","target":["https:\/\/www.bellunopress.it\/2010\/02\/10\/cai-agordo-una-splendida-giornata-sotto-il-pelmo\/"]}]},{"@type":"ImageObject","inLanguage":"fr-FR","@id":"https:\/\/www.bellunopress.it\/2010\/02\/10\/cai-agordo-una-splendida-giornata-sotto-il-pelmo\/#primaryimage","url":"http:\/\/www.bellunopress.it\/wp-content\/uploads\/2010\/02\/ciaspe-rif-venezia-1-leggera.jpg","contentUrl":"http:\/\/www.bellunopress.it\/wp-content\/uploads\/2010\/02\/ciaspe-rif-venezia-1-leggera.jpg"},{"@type":"BreadcrumbList","@id":"https:\/\/www.bellunopress.it\/2010\/02\/10\/cai-agordo-una-splendida-giornata-sotto-il-pelmo\/#breadcrumb","itemListElement":[{"@type":"ListItem","position":1,"name":"Home","item":"https:\/\/www.bellunopress.it\/"},{"@type":"ListItem","position":2,"name":"Cai Agordo: una splendida giornata sotto il Pelmo"}]},{"@type":"WebSite","@id":"https:\/\/www.bellunopress.it\/#website","url":"https:\/\/www.bellunopress.it\/","name":"Bellunopress - Dolomiti","description":"e-mail: redazione@bellunopress.it","publisher":{"@id":"https:\/\/www.bellunopress.it\/#organization"},"potentialAction":[{"@type":"SearchAction","target":{"@type":"EntryPoint","urlTemplate":"https:\/\/www.bellunopress.it\/?s={search_term_string}"},"query-input":{"@type":"PropertyValueSpecification","valueRequired":true,"valueName":"search_term_string"}}],"inLanguage":"fr-FR"},{"@type":"Organization","@id":"https:\/\/www.bellunopress.it\/#organization","name":"Bellunopress","url":"https:\/\/www.bellunopress.it\/","logo":{"@type":"ImageObject","inLanguage":"fr-FR","@id":"https:\/\/www.bellunopress.it\/#\/schema\/logo\/image\/","url":"https:\/\/www.bellunopress.it\/wp-content\/uploads\/2011\/05\/cropped-logo-bellunopress-.jpg","contentUrl":"https:\/\/www.bellunopress.it\/wp-content\/uploads\/2011\/05\/cropped-logo-bellunopress-.jpg","width":512,"height":512,"caption":"Bellunopress"},"image":{"@id":"https:\/\/www.bellunopress.it\/#\/schema\/logo\/image\/"},"sameAs":["https:\/\/www.facebook.com\/profile.php?id=100008943462799","https:\/\/x.com\/bellunopress","https:\/\/www.linkedin.com\/hp\/?dnr=JBzUWaJfMUw8vbXJJ2tVW5-I3jZKvC4wsoxE&amp;amp;amp;amp;amp;amp;trk=nav_responsive_tab_home","https:\/\/www.youtube.com\/channel\/UCxL0wu1uN0_3_7hGG0306cw"]},{"@type":"Person","@id":"https:\/\/www.bellunopress.it\/#\/schema\/person\/79bb06722b37ece1c03d3e94beb30d73","name":"r\u00e9daction","image":{"@type":"ImageObject","inLanguage":"fr-FR","@id":"https:\/\/secure.gravatar.com\/avatar\/37d968a2e67a6fd04c169c4bdef102d0bc5d31b2546345219e348575eb80e9a0?s=96&d=mm&r=g","url":"https:\/\/secure.gravatar.com\/avatar\/37d968a2e67a6fd04c169c4bdef102d0bc5d31b2546345219e348575eb80e9a0?s=96&d=mm&r=g","contentUrl":"https:\/\/secure.gravatar.com\/avatar\/37d968a2e67a6fd04c169c4bdef102d0bc5d31b2546345219e348575eb80e9a0?s=96&d=mm&r=g","caption":"redazione"},"sameAs":["http:\/\/www.bellunopress.it","https:\/\/x.com\/bellunopress"],"url":"https:\/\/www.bellunopress.it\/fr\/author\/redazione\/"}]}},"_links":{"self":[{"href":"https:\/\/www.bellunopress.it\/fr\/wp-json\/wp\/v2\/posts\/12364","targetHints":{"allow":["GET"]}}],"collection":[{"href":"https:\/\/www.bellunopress.it\/fr\/wp-json\/wp\/v2\/posts"}],"about":[{"href":"https:\/\/www.bellunopress.it\/fr\/wp-json\/wp\/v2\/types\/post"}],"author":[{"embeddable":true,"href":"https:\/\/www.bellunopress.it\/fr\/wp-json\/wp\/v2\/users\/2"}],"replies":[{"embeddable":true,"href":"https:\/\/www.bellunopress.it\/fr\/wp-json\/wp\/v2\/comments?post=12364"}],"version-history":[{"count":1,"href":"https:\/\/www.bellunopress.it\/fr\/wp-json\/wp\/v2\/posts\/12364\/revisions"}],"predecessor-version":[{"id":12366,"href":"https:\/\/www.bellunopress.it\/fr\/wp-json\/wp\/v2\/posts\/12364\/revisions\/12366"}],"wp:attachment":[{"href":"https:\/\/www.bellunopress.it\/fr\/wp-json\/wp\/v2\/media?parent=12364"}],"wp:term":[{"taxonomy":"category","embeddable":true,"href":"https:\/\/www.bellunopress.it\/fr\/wp-json\/wp\/v2\/categories?post=12364"},{"taxonomy":"post_tag","embeddable":true,"href":"https:\/\/www.bellunopress.it\/fr\/wp-json\/wp\/v2\/tags?post=12364"}],"curies":[{"name":"wp","href":"https:\/\/api.w.org\/{rel}","templated":true}]}}