{"id":12360,"date":"2010-02-10T12:04:49","date_gmt":"2010-02-10T11:04:49","guid":{"rendered":"http:\/\/www.bellunopress.it\/?p=12360"},"modified":"2010-02-10T12:07:00","modified_gmt":"2010-02-10T11:07:00","slug":"confindustria-belluno-dolomiti-esprime-una-parziale-soddisfazione-per-il-decreto-gelmini-sulla-scuola-ma-si-devono-garantire-risorse-e-investimenti-per-i-laboratori","status":"publish","type":"post","link":"https:\/\/www.bellunopress.it\/fr\/2010\/02\/10\/confindustria-belluno-dolomiti-esprime-una-parziale-soddisfazione-per-il-decreto-gelmini-sulla-scuola-ma-si-devono-garantire-risorse-e-investimenti-per-i-laboratori\/","title":{"rendered":"Confindustria Belluno Dolomiti esprime una parziale soddisfazione per il decreto Gelmini sulla Scuola. &#8220;Ma si devono garantire risorse e investimenti per i laboratori&#8221;"},"content":{"rendered":"<figure id=\"attachment_6413\" aria-describedby=\"caption-attachment-6413\" style=\"width: 300px\" class=\"wp-caption alignleft\"><a href=\"http:\/\/www.bellunopress.it\/wp-content\/uploads\/2009\/07\/confindustria-belluno-dolomiti-300x170.jpg\"><img loading=\"lazy\" decoding=\"async\" class=\"size-medium wp-image-6413\" title=\"confindustria-belluno-dolomiti-300x170\" src=\"http:\/\/www.bellunopress.it\/wp-content\/uploads\/2009\/07\/confindustria-belluno-dolomiti-300x170.jpg\" alt=\"Palazzo Doglioni-Dalmas sede Confindustria Belluno Dolomiti\" width=\"300\" height=\"169\" \/><\/a><figcaption id=\"caption-attachment-6413\" class=\"wp-caption-text\">Palazzo Doglioni-Dalmas sede Confindustria Belluno Dolomiti<\/figcaption><\/figure>\n<p>&#8220;Le risorse agli istituti scolastici devono essere garantite\u201d interviene cos\u00ec Stefano Perale Direttore di Confindustria Belluno Dolomiti, dopo l\u2019entrata in vigore dell\u2019ultimo decreto Gelmini &#8211; \u201cScuola e industria sono due mondi che devono cooperare nella ricerca scientifica e tecnologica e che in provincia di Belluno da anni stanno gi\u00e0 dimostrando di poterlo fare con successo\u201d &#8211; spiega Stefano Perale \u2013 \u201cnoi di Confindustria ci abbiamo sempre creduto. A dimostrarlo ci sono i progetti sviluppati negli anni dal Gruppo Giovani Imprenditori con gli istituti bellunesi per imprimere un\u2019accelerazione al dialogo scuola-impresa. Per far questo servono, per\u00f2, risorse e investimenti certi\u201d. Il Direttore Stefano Perale esprime anche soddisfazione per il recente accoglimento, anche se parziale, delle proposte presentate al ministro Gelmini dai Dirigenti Scolastici degli Istituti Tecnici Industriali aderenti alla rete del Club dei 15 di Confindustria, a cui hanno partecipato anche Confindustria Belluno Dolomiti e l\u2019Itis Segato di Belluno. Tra le richieste avanzate dai Presidi e da Confindustria compariva quella relativa ai quadri orari, ovvero la garanzia per gli Istituti Tecnici di uno spazio adeguato riservato alla didattica in laboratorio, dove gli studenti potessero acquisire, in contesti applicativi, le conoscenze, le competenze e le abilit\u00e0 indispensabili per inserirsi nel mondo del lavoro e delle professioni. Una richiesta accolta dal Ministro che \u00e8 riuscita a coniugare, cos\u00ec, il contenimento della spesa pubblica con un impulso alla pratica laboratoriale, attivit\u00e0 irrinunciabile per il rilancio delle Scuole tecniche e professionali. I dirigenti scolastici e Confindustria Belluno Dolomiti esprimono, invece, tutta la loro preoccupazione per i tagli: \u201ci laboratori delle scuole necessitano di materiali talvolta costosi, strumentazioni all\u2019avanguardia e di essere al passo con i tempi per garantire maggiori opportunit\u00e0 agli studenti. La riduzione di risorse porter\u00e0 ad un inevitabile impoverimento dell\u2019offerta e della qualit\u00e0 dell\u2019istruzione pubblica\u201d \u2013 affermano congiuntamente Stefano Perale direttore di Confindustria Belluno Dolomiti e Gerardo Cavaliero Dirigente Scolastico dell\u2019Itis Segato di Belluno.<\/p>","protected":false},"excerpt":{"rendered":"<p>&#8220;Le risorse agli istituti scolastici devono essere garantite\u201d interviene cos\u00ec Stefano Perale Direttore di Confindustria Belluno Dolomiti, dopo l\u2019entrata in vigore dell\u2019ultimo decreto Gelmini &#8211; \u201cScuola e industria sono due mondi che devono cooperare nella ricerca scientifica e tecnologica e che in provincia di Belluno da anni stanno gi\u00e0 dimostrando di poterlo fare con successo\u201d [&hellip;]<\/p>\n","protected":false},"author":2,"featured_media":0,"comment_status":"closed","ping_status":"open","sticky":false,"template":"","format":"standard","meta":{"footnotes":""},"categories":[26,15],"tags":[139,63],"class_list":["post-12360","post","type-post","status-publish","format-standard","category-prima-pagina","category-scuola","tag-belluno","tag-dolomiti"],"yoast_head":"<!-- This site is optimized with the Yoast SEO plugin v28.4 - https:\/\/yoast.com\/product\/yoast-seo-wordpress\/ -->\n<title>Confindustria Belluno Dolomiti esprime una parziale soddisfazione per il decreto Gelmini sulla Scuola. &quot;Ma si devono garantire risorse e investimenti per i laboratori&quot; - Bellunopress - Dolomiti<\/title>\n<meta name=\"robots\" content=\"index, follow, max-snippet:-1, max-image-preview:large, max-video-preview:-1\" \/>\n<link rel=\"canonical\" href=\"https:\/\/www.bellunopress.it\/fr\/2010\/02\/10\/confindustria-belluno-dolomiti-esprime-una-parziale-soddisfazione-per-il-decreto-gelmini-sulla-scuola-ma-si-devono-garantire-risorse-e-investimenti-per-i-laboratori\/\" \/>\n<meta property=\"og:locale\" content=\"fr_FR\" \/>\n<meta property=\"og:type\" content=\"article\" \/>\n<meta property=\"og:title\" content=\"Confindustria Belluno Dolomiti esprime una parziale soddisfazione per il decreto Gelmini sulla Scuola. &quot;Ma si devono garantire risorse e investimenti per i laboratori&quot; - Bellunopress - Dolomiti\" \/>\n<meta property=\"og:description\" content=\"&#8220;Le risorse agli istituti scolastici devono essere garantite\u201d interviene cos\u00ec Stefano Perale Direttore di Confindustria Belluno Dolomiti, dopo l\u2019entrata in vigore dell\u2019ultimo decreto Gelmini &#8211; \u201cScuola e industria sono due mondi che devono cooperare nella ricerca scientifica e tecnologica e che in provincia di Belluno da anni stanno gi\u00e0 dimostrando di poterlo fare con successo\u201d [&hellip;]\" \/>\n<meta property=\"og:url\" content=\"https:\/\/www.bellunopress.it\/fr\/2010\/02\/10\/confindustria-belluno-dolomiti-esprime-una-parziale-soddisfazione-per-il-decreto-gelmini-sulla-scuola-ma-si-devono-garantire-risorse-e-investimenti-per-i-laboratori\/\" \/>\n<meta property=\"og:site_name\" content=\"Bellunopress - Dolomiti\" \/>\n<meta property=\"article:publisher\" content=\"https:\/\/www.facebook.com\/profile.php?id=100008943462799\" \/>\n<meta property=\"article:published_time\" content=\"2010-02-10T11:04:49+00:00\" \/>\n<meta property=\"article:modified_time\" content=\"2010-02-10T11:07:00+00:00\" \/>\n<meta property=\"og:image\" content=\"http:\/\/www.bellunopress.it\/wp-content\/uploads\/2009\/07\/confindustria-belluno-dolomiti-300x170.jpg\" \/>\n<meta name=\"author\" content=\"redazione\" \/>\n<meta name=\"twitter:card\" content=\"summary_large_image\" \/>\n<meta name=\"twitter:creator\" content=\"@bellunopress\" \/>\n<meta name=\"twitter:site\" content=\"@bellunopress\" \/>\n<meta name=\"twitter:label1\" content=\"\u00c9crit par\" \/>\n\t<meta name=\"twitter:data1\" content=\"redazione\" \/>\n\t<meta name=\"twitter:label2\" content=\"Dur\u00e9e de lecture estim\u00e9e\" \/>\n\t<meta name=\"twitter:data2\" content=\"2 minutes\" \/>\n<script type=\"application\/ld+json\" class=\"yoast-schema-graph\">{\"@context\":\"https:\\\/\\\/schema.org\",\"@graph\":[{\"@type\":\"Article\",\"@id\":\"https:\\\/\\\/www.bellunopress.it\\\/2010\\\/02\\\/10\\\/confindustria-belluno-dolomiti-esprime-una-parziale-soddisfazione-per-il-decreto-gelmini-sulla-scuola-ma-si-devono-garantire-risorse-e-investimenti-per-i-laboratori\\\/#article\",\"isPartOf\":{\"@id\":\"https:\\\/\\\/www.bellunopress.it\\\/2010\\\/02\\\/10\\\/confindustria-belluno-dolomiti-esprime-una-parziale-soddisfazione-per-il-decreto-gelmini-sulla-scuola-ma-si-devono-garantire-risorse-e-investimenti-per-i-laboratori\\\/\"},\"author\":{\"name\":\"redazione\",\"@id\":\"https:\\\/\\\/www.bellunopress.it\\\/#\\\/schema\\\/person\\\/79bb06722b37ece1c03d3e94beb30d73\"},\"headline\":\"Confindustria Belluno Dolomiti esprime una parziale soddisfazione per il decreto Gelmini sulla Scuola. &#8220;Ma si devono garantire risorse e investimenti per i laboratori&#8221;\",\"datePublished\":\"2010-02-10T11:04:49+00:00\",\"dateModified\":\"2010-02-10T11:07:00+00:00\",\"mainEntityOfPage\":{\"@id\":\"https:\\\/\\\/www.bellunopress.it\\\/2010\\\/02\\\/10\\\/confindustria-belluno-dolomiti-esprime-una-parziale-soddisfazione-per-il-decreto-gelmini-sulla-scuola-ma-si-devono-garantire-risorse-e-investimenti-per-i-laboratori\\\/\"},\"wordCount\":352,\"publisher\":{\"@id\":\"https:\\\/\\\/www.bellunopress.it\\\/#organization\"},\"image\":{\"@id\":\"https:\\\/\\\/www.bellunopress.it\\\/2010\\\/02\\\/10\\\/confindustria-belluno-dolomiti-esprime-una-parziale-soddisfazione-per-il-decreto-gelmini-sulla-scuola-ma-si-devono-garantire-risorse-e-investimenti-per-i-laboratori\\\/#primaryimage\"},\"thumbnailUrl\":\"http:\\\/\\\/www.bellunopress.it\\\/wp-content\\\/uploads\\\/2009\\\/07\\\/confindustria-belluno-dolomiti-300x170.jpg\",\"keywords\":[\"Belluno\",\"Dolomiti\"],\"articleSection\":[\"Prima Pagina\",\"Scuola\"],\"inLanguage\":\"fr-FR\"},{\"@type\":\"WebPage\",\"@id\":\"https:\\\/\\\/www.bellunopress.it\\\/2010\\\/02\\\/10\\\/confindustria-belluno-dolomiti-esprime-una-parziale-soddisfazione-per-il-decreto-gelmini-sulla-scuola-ma-si-devono-garantire-risorse-e-investimenti-per-i-laboratori\\\/\",\"url\":\"https:\\\/\\\/www.bellunopress.it\\\/2010\\\/02\\\/10\\\/confindustria-belluno-dolomiti-esprime-una-parziale-soddisfazione-per-il-decreto-gelmini-sulla-scuola-ma-si-devono-garantire-risorse-e-investimenti-per-i-laboratori\\\/\",\"name\":\"Confindustria Belluno Dolomiti esprime una parziale soddisfazione per il decreto Gelmini sulla Scuola. \\\"Ma si devono garantire risorse e investimenti per i laboratori\\\" - Bellunopress - Dolomiti\",\"isPartOf\":{\"@id\":\"https:\\\/\\\/www.bellunopress.it\\\/#website\"},\"primaryImageOfPage\":{\"@id\":\"https:\\\/\\\/www.bellunopress.it\\\/2010\\\/02\\\/10\\\/confindustria-belluno-dolomiti-esprime-una-parziale-soddisfazione-per-il-decreto-gelmini-sulla-scuola-ma-si-devono-garantire-risorse-e-investimenti-per-i-laboratori\\\/#primaryimage\"},\"image\":{\"@id\":\"https:\\\/\\\/www.bellunopress.it\\\/2010\\\/02\\\/10\\\/confindustria-belluno-dolomiti-esprime-una-parziale-soddisfazione-per-il-decreto-gelmini-sulla-scuola-ma-si-devono-garantire-risorse-e-investimenti-per-i-laboratori\\\/#primaryimage\"},\"thumbnailUrl\":\"http:\\\/\\\/www.bellunopress.it\\\/wp-content\\\/uploads\\\/2009\\\/07\\\/confindustria-belluno-dolomiti-300x170.jpg\",\"datePublished\":\"2010-02-10T11:04:49+00:00\",\"dateModified\":\"2010-02-10T11:07:00+00:00\",\"breadcrumb\":{\"@id\":\"https:\\\/\\\/www.bellunopress.it\\\/2010\\\/02\\\/10\\\/confindustria-belluno-dolomiti-esprime-una-parziale-soddisfazione-per-il-decreto-gelmini-sulla-scuola-ma-si-devono-garantire-risorse-e-investimenti-per-i-laboratori\\\/#breadcrumb\"},\"inLanguage\":\"fr-FR\",\"potentialAction\":[{\"@type\":\"ReadAction\",\"target\":[\"https:\\\/\\\/www.bellunopress.it\\\/2010\\\/02\\\/10\\\/confindustria-belluno-dolomiti-esprime-una-parziale-soddisfazione-per-il-decreto-gelmini-sulla-scuola-ma-si-devono-garantire-risorse-e-investimenti-per-i-laboratori\\\/\"]}]},{\"@type\":\"ImageObject\",\"inLanguage\":\"fr-FR\",\"@id\":\"https:\\\/\\\/www.bellunopress.it\\\/2010\\\/02\\\/10\\\/confindustria-belluno-dolomiti-esprime-una-parziale-soddisfazione-per-il-decreto-gelmini-sulla-scuola-ma-si-devono-garantire-risorse-e-investimenti-per-i-laboratori\\\/#primaryimage\",\"url\":\"http:\\\/\\\/www.bellunopress.it\\\/wp-content\\\/uploads\\\/2009\\\/07\\\/confindustria-belluno-dolomiti-300x170.jpg\",\"contentUrl\":\"http:\\\/\\\/www.bellunopress.it\\\/wp-content\\\/uploads\\\/2009\\\/07\\\/confindustria-belluno-dolomiti-300x170.jpg\"},{\"@type\":\"BreadcrumbList\",\"@id\":\"https:\\\/\\\/www.bellunopress.it\\\/2010\\\/02\\\/10\\\/confindustria-belluno-dolomiti-esprime-una-parziale-soddisfazione-per-il-decreto-gelmini-sulla-scuola-ma-si-devono-garantire-risorse-e-investimenti-per-i-laboratori\\\/#breadcrumb\",\"itemListElement\":[{\"@type\":\"ListItem\",\"position\":1,\"name\":\"Home\",\"item\":\"https:\\\/\\\/www.bellunopress.it\\\/\"},{\"@type\":\"ListItem\",\"position\":2,\"name\":\"Confindustria Belluno Dolomiti esprime una parziale soddisfazione per il decreto Gelmini sulla Scuola. &#8220;Ma si devono garantire risorse e investimenti per i laboratori&#8221;\"}]},{\"@type\":\"WebSite\",\"@id\":\"https:\\\/\\\/www.bellunopress.it\\\/#website\",\"url\":\"https:\\\/\\\/www.bellunopress.it\\\/\",\"name\":\"Bellunopress - Dolomiti\",\"description\":\"e-mail: redazione@bellunopress.it\",\"publisher\":{\"@id\":\"https:\\\/\\\/www.bellunopress.it\\\/#organization\"},\"potentialAction\":[{\"@type\":\"SearchAction\",\"target\":{\"@type\":\"EntryPoint\",\"urlTemplate\":\"https:\\\/\\\/www.bellunopress.it\\\/?s={search_term_string}\"},\"query-input\":{\"@type\":\"PropertyValueSpecification\",\"valueRequired\":true,\"valueName\":\"search_term_string\"}}],\"inLanguage\":\"fr-FR\"},{\"@type\":\"Organization\",\"@id\":\"https:\\\/\\\/www.bellunopress.it\\\/#organization\",\"name\":\"Bellunopress\",\"url\":\"https:\\\/\\\/www.bellunopress.it\\\/\",\"logo\":{\"@type\":\"ImageObject\",\"inLanguage\":\"fr-FR\",\"@id\":\"https:\\\/\\\/www.bellunopress.it\\\/#\\\/schema\\\/logo\\\/image\\\/\",\"url\":\"https:\\\/\\\/www.bellunopress.it\\\/wp-content\\\/uploads\\\/2011\\\/05\\\/cropped-logo-bellunopress-.jpg\",\"contentUrl\":\"https:\\\/\\\/www.bellunopress.it\\\/wp-content\\\/uploads\\\/2011\\\/05\\\/cropped-logo-bellunopress-.jpg\",\"width\":512,\"height\":512,\"caption\":\"Bellunopress\"},\"image\":{\"@id\":\"https:\\\/\\\/www.bellunopress.it\\\/#\\\/schema\\\/logo\\\/image\\\/\"},\"sameAs\":[\"https:\\\/\\\/www.facebook.com\\\/profile.php?id=100008943462799\",\"https:\\\/\\\/x.com\\\/bellunopress\",\"https:\\\/\\\/www.linkedin.com\\\/hp\\\/?dnr=JBzUWaJfMUw8vbXJJ2tVW5-I3jZKvC4wsoxE&amp;amp;amp;amp;amp;amp;trk=nav_responsive_tab_home\",\"https:\\\/\\\/www.youtube.com\\\/channel\\\/UCxL0wu1uN0_3_7hGG0306cw\"]},{\"@type\":\"Person\",\"@id\":\"https:\\\/\\\/www.bellunopress.it\\\/#\\\/schema\\\/person\\\/79bb06722b37ece1c03d3e94beb30d73\",\"name\":\"redazione\",\"image\":{\"@type\":\"ImageObject\",\"inLanguage\":\"fr-FR\",\"@id\":\"https:\\\/\\\/secure.gravatar.com\\\/avatar\\\/37d968a2e67a6fd04c169c4bdef102d0bc5d31b2546345219e348575eb80e9a0?s=96&d=mm&r=g\",\"url\":\"https:\\\/\\\/secure.gravatar.com\\\/avatar\\\/37d968a2e67a6fd04c169c4bdef102d0bc5d31b2546345219e348575eb80e9a0?s=96&d=mm&r=g\",\"contentUrl\":\"https:\\\/\\\/secure.gravatar.com\\\/avatar\\\/37d968a2e67a6fd04c169c4bdef102d0bc5d31b2546345219e348575eb80e9a0?s=96&d=mm&r=g\",\"caption\":\"redazione\"},\"sameAs\":[\"http:\\\/\\\/www.bellunopress.it\",\"https:\\\/\\\/x.com\\\/bellunopress\"],\"url\":\"https:\\\/\\\/www.bellunopress.it\\\/fr\\\/author\\\/redazione\\\/\"}]}<\/script>\n<!-- \/ Yoast SEO plugin. -->","yoast_head_json":{"title":"Confindustria Belluno Dolomiti esprime una parziale soddisfazione per il decreto Gelmini sulla Scuola. \"Ma si devono garantire risorse e investimenti per i laboratori\" - Bellunopress - Dolomiti","robots":{"index":"index","follow":"follow","max-snippet":"max-snippet:-1","max-image-preview":"max-image-preview:large","max-video-preview":"max-video-preview:-1"},"canonical":"https:\/\/www.bellunopress.it\/fr\/2010\/02\/10\/confindustria-belluno-dolomiti-esprime-una-parziale-soddisfazione-per-il-decreto-gelmini-sulla-scuola-ma-si-devono-garantire-risorse-e-investimenti-per-i-laboratori\/","og_locale":"fr_FR","og_type":"article","og_title":"Confindustria Belluno Dolomiti esprime una parziale soddisfazione per il decreto Gelmini sulla Scuola. \"Ma si devono garantire risorse e investimenti per i laboratori\" - Bellunopress - Dolomiti","og_description":"&#8220;Le risorse agli istituti scolastici devono essere garantite\u201d interviene cos\u00ec Stefano Perale Direttore di Confindustria Belluno Dolomiti, dopo l\u2019entrata in vigore dell\u2019ultimo decreto Gelmini &#8211; \u201cScuola e industria sono due mondi che devono cooperare nella ricerca scientifica e tecnologica e che in provincia di Belluno da anni stanno gi\u00e0 dimostrando di poterlo fare con successo\u201d [&hellip;]","og_url":"https:\/\/www.bellunopress.it\/fr\/2010\/02\/10\/confindustria-belluno-dolomiti-esprime-una-parziale-soddisfazione-per-il-decreto-gelmini-sulla-scuola-ma-si-devono-garantire-risorse-e-investimenti-per-i-laboratori\/","og_site_name":"Bellunopress - Dolomiti","article_publisher":"https:\/\/www.facebook.com\/profile.php?id=100008943462799","article_published_time":"2010-02-10T11:04:49+00:00","article_modified_time":"2010-02-10T11:07:00+00:00","og_image":[{"url":"http:\/\/www.bellunopress.it\/wp-content\/uploads\/2009\/07\/confindustria-belluno-dolomiti-300x170.jpg","type":"","width":"","height":""}],"author":"redazione","twitter_card":"summary_large_image","twitter_creator":"@bellunopress","twitter_site":"@bellunopress","twitter_misc":{"\u00c9crit par":"redazione","Dur\u00e9e de lecture estim\u00e9e":"2 minutes"},"schema":{"@context":"https:\/\/schema.org","@graph":[{"@type":"Article","@id":"https:\/\/www.bellunopress.it\/2010\/02\/10\/confindustria-belluno-dolomiti-esprime-una-parziale-soddisfazione-per-il-decreto-gelmini-sulla-scuola-ma-si-devono-garantire-risorse-e-investimenti-per-i-laboratori\/#article","isPartOf":{"@id":"https:\/\/www.bellunopress.it\/2010\/02\/10\/confindustria-belluno-dolomiti-esprime-una-parziale-soddisfazione-per-il-decreto-gelmini-sulla-scuola-ma-si-devono-garantire-risorse-e-investimenti-per-i-laboratori\/"},"author":{"name":"redazione","@id":"https:\/\/www.bellunopress.it\/#\/schema\/person\/79bb06722b37ece1c03d3e94beb30d73"},"headline":"Confindustria Belluno Dolomiti esprime una parziale soddisfazione per il decreto Gelmini sulla Scuola. &#8220;Ma si devono garantire risorse e investimenti per i laboratori&#8221;","datePublished":"2010-02-10T11:04:49+00:00","dateModified":"2010-02-10T11:07:00+00:00","mainEntityOfPage":{"@id":"https:\/\/www.bellunopress.it\/2010\/02\/10\/confindustria-belluno-dolomiti-esprime-una-parziale-soddisfazione-per-il-decreto-gelmini-sulla-scuola-ma-si-devono-garantire-risorse-e-investimenti-per-i-laboratori\/"},"wordCount":352,"publisher":{"@id":"https:\/\/www.bellunopress.it\/#organization"},"image":{"@id":"https:\/\/www.bellunopress.it\/2010\/02\/10\/confindustria-belluno-dolomiti-esprime-una-parziale-soddisfazione-per-il-decreto-gelmini-sulla-scuola-ma-si-devono-garantire-risorse-e-investimenti-per-i-laboratori\/#primaryimage"},"thumbnailUrl":"http:\/\/www.bellunopress.it\/wp-content\/uploads\/2009\/07\/confindustria-belluno-dolomiti-300x170.jpg","keywords":["Belluno","Dolomiti"],"articleSection":["Prima Pagina","Scuola"],"inLanguage":"fr-FR"},{"@type":"WebPage","@id":"https:\/\/www.bellunopress.it\/2010\/02\/10\/confindustria-belluno-dolomiti-esprime-una-parziale-soddisfazione-per-il-decreto-gelmini-sulla-scuola-ma-si-devono-garantire-risorse-e-investimenti-per-i-laboratori\/","url":"https:\/\/www.bellunopress.it\/2010\/02\/10\/confindustria-belluno-dolomiti-esprime-una-parziale-soddisfazione-per-il-decreto-gelmini-sulla-scuola-ma-si-devono-garantire-risorse-e-investimenti-per-i-laboratori\/","name":"Confindustria Belluno Dolomiti esprime una parziale soddisfazione per il decreto Gelmini sulla Scuola. \"Ma si devono garantire risorse e investimenti per i laboratori\" - Bellunopress - Dolomiti","isPartOf":{"@id":"https:\/\/www.bellunopress.it\/#website"},"primaryImageOfPage":{"@id":"https:\/\/www.bellunopress.it\/2010\/02\/10\/confindustria-belluno-dolomiti-esprime-una-parziale-soddisfazione-per-il-decreto-gelmini-sulla-scuola-ma-si-devono-garantire-risorse-e-investimenti-per-i-laboratori\/#primaryimage"},"image":{"@id":"https:\/\/www.bellunopress.it\/2010\/02\/10\/confindustria-belluno-dolomiti-esprime-una-parziale-soddisfazione-per-il-decreto-gelmini-sulla-scuola-ma-si-devono-garantire-risorse-e-investimenti-per-i-laboratori\/#primaryimage"},"thumbnailUrl":"http:\/\/www.bellunopress.it\/wp-content\/uploads\/2009\/07\/confindustria-belluno-dolomiti-300x170.jpg","datePublished":"2010-02-10T11:04:49+00:00","dateModified":"2010-02-10T11:07:00+00:00","breadcrumb":{"@id":"https:\/\/www.bellunopress.it\/2010\/02\/10\/confindustria-belluno-dolomiti-esprime-una-parziale-soddisfazione-per-il-decreto-gelmini-sulla-scuola-ma-si-devono-garantire-risorse-e-investimenti-per-i-laboratori\/#breadcrumb"},"inLanguage":"fr-FR","potentialAction":[{"@type":"ReadAction","target":["https:\/\/www.bellunopress.it\/2010\/02\/10\/confindustria-belluno-dolomiti-esprime-una-parziale-soddisfazione-per-il-decreto-gelmini-sulla-scuola-ma-si-devono-garantire-risorse-e-investimenti-per-i-laboratori\/"]}]},{"@type":"ImageObject","inLanguage":"fr-FR","@id":"https:\/\/www.bellunopress.it\/2010\/02\/10\/confindustria-belluno-dolomiti-esprime-una-parziale-soddisfazione-per-il-decreto-gelmini-sulla-scuola-ma-si-devono-garantire-risorse-e-investimenti-per-i-laboratori\/#primaryimage","url":"http:\/\/www.bellunopress.it\/wp-content\/uploads\/2009\/07\/confindustria-belluno-dolomiti-300x170.jpg","contentUrl":"http:\/\/www.bellunopress.it\/wp-content\/uploads\/2009\/07\/confindustria-belluno-dolomiti-300x170.jpg"},{"@type":"BreadcrumbList","@id":"https:\/\/www.bellunopress.it\/2010\/02\/10\/confindustria-belluno-dolomiti-esprime-una-parziale-soddisfazione-per-il-decreto-gelmini-sulla-scuola-ma-si-devono-garantire-risorse-e-investimenti-per-i-laboratori\/#breadcrumb","itemListElement":[{"@type":"ListItem","position":1,"name":"Home","item":"https:\/\/www.bellunopress.it\/"},{"@type":"ListItem","position":2,"name":"Confindustria Belluno Dolomiti esprime una parziale soddisfazione per il decreto Gelmini sulla Scuola. &#8220;Ma si devono garantire risorse e investimenti per i laboratori&#8221;"}]},{"@type":"WebSite","@id":"https:\/\/www.bellunopress.it\/#website","url":"https:\/\/www.bellunopress.it\/","name":"Bellunopress - Dolomiti","description":"e-mail: redazione@bellunopress.it","publisher":{"@id":"https:\/\/www.bellunopress.it\/#organization"},"potentialAction":[{"@type":"SearchAction","target":{"@type":"EntryPoint","urlTemplate":"https:\/\/www.bellunopress.it\/?s={search_term_string}"},"query-input":{"@type":"PropertyValueSpecification","valueRequired":true,"valueName":"search_term_string"}}],"inLanguage":"fr-FR"},{"@type":"Organization","@id":"https:\/\/www.bellunopress.it\/#organization","name":"Bellunopress","url":"https:\/\/www.bellunopress.it\/","logo":{"@type":"ImageObject","inLanguage":"fr-FR","@id":"https:\/\/www.bellunopress.it\/#\/schema\/logo\/image\/","url":"https:\/\/www.bellunopress.it\/wp-content\/uploads\/2011\/05\/cropped-logo-bellunopress-.jpg","contentUrl":"https:\/\/www.bellunopress.it\/wp-content\/uploads\/2011\/05\/cropped-logo-bellunopress-.jpg","width":512,"height":512,"caption":"Bellunopress"},"image":{"@id":"https:\/\/www.bellunopress.it\/#\/schema\/logo\/image\/"},"sameAs":["https:\/\/www.facebook.com\/profile.php?id=100008943462799","https:\/\/x.com\/bellunopress","https:\/\/www.linkedin.com\/hp\/?dnr=JBzUWaJfMUw8vbXJJ2tVW5-I3jZKvC4wsoxE&amp;amp;amp;amp;amp;amp;trk=nav_responsive_tab_home","https:\/\/www.youtube.com\/channel\/UCxL0wu1uN0_3_7hGG0306cw"]},{"@type":"Person","@id":"https:\/\/www.bellunopress.it\/#\/schema\/person\/79bb06722b37ece1c03d3e94beb30d73","name":"r\u00e9daction","image":{"@type":"ImageObject","inLanguage":"fr-FR","@id":"https:\/\/secure.gravatar.com\/avatar\/37d968a2e67a6fd04c169c4bdef102d0bc5d31b2546345219e348575eb80e9a0?s=96&d=mm&r=g","url":"https:\/\/secure.gravatar.com\/avatar\/37d968a2e67a6fd04c169c4bdef102d0bc5d31b2546345219e348575eb80e9a0?s=96&d=mm&r=g","contentUrl":"https:\/\/secure.gravatar.com\/avatar\/37d968a2e67a6fd04c169c4bdef102d0bc5d31b2546345219e348575eb80e9a0?s=96&d=mm&r=g","caption":"redazione"},"sameAs":["http:\/\/www.bellunopress.it","https:\/\/x.com\/bellunopress"],"url":"https:\/\/www.bellunopress.it\/fr\/author\/redazione\/"}]}},"_links":{"self":[{"href":"https:\/\/www.bellunopress.it\/fr\/wp-json\/wp\/v2\/posts\/12360","targetHints":{"allow":["GET"]}}],"collection":[{"href":"https:\/\/www.bellunopress.it\/fr\/wp-json\/wp\/v2\/posts"}],"about":[{"href":"https:\/\/www.bellunopress.it\/fr\/wp-json\/wp\/v2\/types\/post"}],"author":[{"embeddable":true,"href":"https:\/\/www.bellunopress.it\/fr\/wp-json\/wp\/v2\/users\/2"}],"replies":[{"embeddable":true,"href":"https:\/\/www.bellunopress.it\/fr\/wp-json\/wp\/v2\/comments?post=12360"}],"version-history":[{"count":2,"href":"https:\/\/www.bellunopress.it\/fr\/wp-json\/wp\/v2\/posts\/12360\/revisions"}],"predecessor-version":[{"id":12363,"href":"https:\/\/www.bellunopress.it\/fr\/wp-json\/wp\/v2\/posts\/12360\/revisions\/12363"}],"wp:attachment":[{"href":"https:\/\/www.bellunopress.it\/fr\/wp-json\/wp\/v2\/media?parent=12360"}],"wp:term":[{"taxonomy":"category","embeddable":true,"href":"https:\/\/www.bellunopress.it\/fr\/wp-json\/wp\/v2\/categories?post=12360"},{"taxonomy":"post_tag","embeddable":true,"href":"https:\/\/www.bellunopress.it\/fr\/wp-json\/wp\/v2\/tags?post=12360"}],"curies":[{"name":"wp","href":"https:\/\/api.w.org\/{rel}","templated":true}]}}