{"id":123294,"date":"2021-04-13T15:55:50","date_gmt":"2021-04-13T13:55:50","guid":{"rendered":"https:\/\/www.bellunopress.it\/?p=123294"},"modified":"2021-04-13T19:20:16","modified_gmt":"2021-04-13T17:20:16","slug":"gara-del-gas-indagato-un-sindaco-e-due-amministratori-di-bim-infrastrutture-per-turbativa-dasta","status":"publish","type":"post","link":"https:\/\/www.bellunopress.it\/fr\/2021\/04\/13\/gara-del-gas-indagato-un-sindaco-e-due-amministratori-di-bim-infrastrutture-per-turbativa-dasta\/","title":{"rendered":"Gara del gas. Indagato un sindaco e due amministratori di Bim Infrastrutture per turbativa d&#8217;asta"},"content":{"rendered":"<p><a href=\"https:\/\/www.bellunopress.it\/fr\/2021\/04\/13\/gara-del-gas-indagato-un-sindaco-e-due-amministratori-di-bim-infrastrutture-per-turbativa-dasta\/guardia-di-finanza-4_edited\/\" rel=\"attachment wp-att-123297\"><img loading=\"lazy\" decoding=\"async\" class=\"alignleft size-full wp-image-123297\" src=\"https:\/\/www.bellunopress.it\/wp-content\/uploads\/2021\/04\/guardia-di-finanza-4_edited.jpg\" alt=\"\" width=\"1000\" height=\"847\" srcset=\"https:\/\/www.bellunopress.it\/wp-content\/uploads\/2021\/04\/guardia-di-finanza-4_edited.jpg 1000w, https:\/\/www.bellunopress.it\/wp-content\/uploads\/2021\/04\/guardia-di-finanza-4_edited-500x424.jpg 500w, https:\/\/www.bellunopress.it\/wp-content\/uploads\/2021\/04\/guardia-di-finanza-4_edited-696x590.jpg 696w, https:\/\/www.bellunopress.it\/wp-content\/uploads\/2021\/04\/guardia-di-finanza-4_edited-496x420.jpg 496w\" sizes=\"auto, (max-width: 1000px) 100vw, 1000px\" \/><\/a>Belluno, 13 aprile 2021 &#8211; Con la notifica dell\u2019avviso di conclusione delle indagini preliminari sono terminate le indagini dei finanzieri del Nucleo di Polizia Economico Finanziaria di Belluno, dirette dal Procuratore della Repubblica di Belluno &#8211; dott. Paolo Luca, finalizzate all\u2019accertamento di condotte penalmente rilevanti in relazione alla gara per l&#8217;affidamento della rete di distribuzione del gas naturale per la Provincia di Belluno.<\/p>\n<p>Turbativa d&#8217;asta \u00e8 il reato contestato ad un primo cittadino di un Comune della Provincia di Belluno e a due amministratori di Bim Belluno Infrastrutture spa, gestore uscente (societ\u00e0 partecipata al 100% dai 65 Comuni bellunesi esclusi Arsi\u00e9 e Lamon, con amministratore unico Bruno Zanolla).<\/p>\n<p>Sotto la lente d\u2019ingrandimento degli inquirenti erano finite le azioni poste in essere, da febbraio 2019 sino a settembre 2020, dagli indagati nei confronti della Stazione Appaltante (S.A.) ossia il Comune di Belluno e in particolare della figura del Responsabile Unico del Procedimento (R.U.P.), una dirigente del Comune di Belluno.<\/p>\n<p>In particolare, partendo da un approfondimento investigativo della copiosa rassegna stampa pubblicata al riguardo, \u00e8 emerso che gli indagati avrebbero esercitato dirette ed indirette pressioni nei confronti della R.U.P. con la finalit\u00e0 d\u2019indurla ad annullare e\/o revocare in autotutela la gara d\u2019appalto bandita nel 2017, per un importo a base d\u2019asta di oltre 90milioni di euro, nonostante l\u2019iter procedurale fosse avviato verso la fase d\u2019assegnazione da parte della Commissione aggiudicatrice e gli amministratori del gestore uscente Bim Infrastrutture (che non ha nemmeno partecipato alla gara), non avessero alcun titolo di legittimit\u00e0 nella pretesa.<\/p>\n<p>Oggetto del contendere, infatti, sarebbe stata la presunta errata applicazione del valore industriale residuo (cd. V.1. R.) per la stima delle reti gas dell\u2019Ambito Territoriale Minimo (A.TE. M.) di Belluno, di\u00a0propriet\u00e0 dei comuni della Provincia, da parte della Stazione appaltante, la quale avrebbe applicato il prezziario Regionale in luogo del prezziario di listino della C.C.I.A.A. di Trento. La pretesa, tuttavia, sarebbe risultata illegittima in forza a precedenti accordi di valutazione delle reti siglati prima dell\u2019indizione dei bandi tra la BIM e la Stazione appaltante, stime approvate con delibere specifiche da parte di tutti gli Enti comunali coinvolti e gi\u00e0 oggetto di valutazioni confermative di correttezza procedurale da parte degli Enti preposti (A.R.E.R.A.) e di altri organi nei vari gradi di giudizio.<\/p>\n<p>All\u2019intempestivit\u00e0 dell\u2019azione degli amministratori si sarebbero aggiunte le pressioni esercitate nei confronti della dirigente del Comune di Belluno (R.U.P.), attraverso comunicazioni dirette di diffida a procedere con la gara, da parte dell\u2019amministratore di un Ente locale il quale avrebbe minacciato e prospettato, in caso di mancato accoglimento della richiesta, conseguenze negative per la carriera della Dirigente amministrativa, avvisandola che sarebbe stata chiamata a rispondere personalmente dei danni economici causati a Bim e, conseguentemente, ai suoi soci.<\/p>\n<p>La ferma opposizione della dirigente R.U.P. agli illeciti tentativi posti in essere ed il prosieguo dell&#8217;iter della procedura con la determinazione di assegnazione avvenuta il 29.05.2020, avrebbe infine portato i vertici di BIM a chiedere l\u2019intercessione di figure di spicco della politica nazionale al fine di \u201cattivare&#8221; alcuni uffici presso i Dipartimenti dei Ministeri competenti della specifica materia, sollecitando quest\u2019ultimi all\u2019ottenimento di un provvedimento \u201cad hoc\u201d, funzionale ai ricorsi pendenti presso gli Organi di Giurisdizione Amministrativa, rendendo cos\u00ec inevitabile l\u2019annullamento della gara.<\/p>\n<p>L&#8217;attivit\u00e0 investigativa \u00e8 stata svolta attraverso indagini tecniche, acquisizione documentale e assunzioni testimoniali effettuate nei confronti di soggetti a vario titolo coinvolti, non da ultimo anche di Dirigenti di Dipartimento di importanti dicasteri romani, i quali, pur confermando la richiesta \u201cattenzionata\u201d pervenuta da BIM, si sono limitati a rispondere alla societ\u00e0 attestando le direttive inserite nelle Linee Guida del \u201cRegolamento per i criteri di gara e per la valutazione delle offerte per l\u2019affidamento del servizio di distribuzione del gas naturale\u201d e riconducendo in capo alla S.A. l\u2019autonomia per la scelta del prezziario in assenza di quello di riferimento della C.C.I.A.A. della Provincia di Belluno.<\/p>\n<p>Le investigazioni condotte dimostrano la costante azione dell&#8217;autorit\u00e0 giudiziaria e della Guardia di Finanza nella ricerca e repressione delle condotte illecite perpetrate a danno della pubblica amministrazione.<\/p>\n<p>Leggi anche: <a href=\"https:\/\/www.bellunopress.it\/fr\/2021\/02\/04\/gas-come-provare-a-vincere-una-gara-senza-parteciparvi-ora-decide-il-consiglio-di-stato\/\">https:\/\/www.bellunopress.it\/2021\/02\/04\/gas-come-provare-a-vincere-una-gara-senza-parteciparvi-ora-decide-il-consiglio-di-stato\/<\/a><\/p>\n<blockquote class=\"wp-embedded-content\" data-secret=\"vcU40681TJ\"><p><a href=\"https:\/\/www.bellunopress.it\/fr\/2020\/12\/11\/gestione-del-gas-il-tar-conferma-laggiudicazione-della-gara-a-italgas-respinti-i-ricorsi-dei-comuni-bellunesi\/\">Gestione del gas. Il Tar conferma l\u2019aggiudicazione della gara a Italgas. Respinti i ricorsi dei Comuni bellunesi<\/a><\/p><\/blockquote>\n<p><iframe loading=\"lazy\" class=\"wp-embedded-content\" sandbox=\"allow-scripts\" security=\"restricted\" style=\"position: absolute; clip: rect(1px, 1px, 1px, 1px);\" title=\"&#8220;Gestione del gas. Il Tar conferma l\u2019aggiudicazione della gara a Italgas. Respinti i ricorsi dei Comuni bellunesi&#8221; &#8212; Bellunopress - Dolomiti\" src=\"https:\/\/www.bellunopress.it\/2020\/12\/11\/gestione-del-gas-il-tar-conferma-laggiudicazione-della-gara-a-italgas-respinti-i-ricorsi-dei-comuni-bellunesi\/embed\/#?secret=vcU40681TJ\" data-secret=\"vcU40681TJ\" width=\"600\" height=\"338\" frameborder=\"0\" marginwidth=\"0\" marginheight=\"0\" scrolling=\"no\"><\/iframe><\/p>","protected":false},"excerpt":{"rendered":"<p>Belluno, 13 aprile 2021 &#8211; Con la notifica dell\u2019avviso di conclusione delle indagini preliminari sono terminate le indagini dei finanzieri del Nucleo di Polizia Economico Finanziaria di Belluno, dirette dal Procuratore della Repubblica di Belluno &#8211; dott. Paolo Luca, finalizzate all\u2019accertamento di condotte penalmente rilevanti in relazione alla gara per l&#8217;affidamento della rete di distribuzione [&hellip;]<\/p>\n","protected":false},"author":2,"featured_media":113162,"comment_status":"closed","ping_status":"open","sticky":false,"template":"","format":"standard","meta":{"footnotes":""},"categories":[1],"tags":[],"class_list":["post-123294","post","type-post","status-publish","format-standard","has-post-thumbnail","category-leo"],"yoast_head":"<!-- This site is optimized with the Yoast SEO plugin v28.4 - https:\/\/yoast.com\/product\/yoast-seo-wordpress\/ -->\n<title>Gara del gas. Indagato un sindaco e due amministratori di Bim Infrastrutture per turbativa d&#039;asta - Bellunopress - Dolomiti<\/title>\n<meta name=\"robots\" content=\"index, follow, max-snippet:-1, max-image-preview:large, max-video-preview:-1\" \/>\n<link rel=\"canonical\" href=\"https:\/\/www.bellunopress.it\/fr\/2021\/04\/13\/gara-del-gas-indagato-un-sindaco-e-due-amministratori-di-bim-infrastrutture-per-turbativa-dasta\/\" \/>\n<meta property=\"og:locale\" content=\"fr_FR\" \/>\n<meta property=\"og:type\" content=\"article\" \/>\n<meta property=\"og:title\" content=\"Gara del gas. Indagato un sindaco e due amministratori di Bim Infrastrutture per turbativa d&#039;asta - Bellunopress - Dolomiti\" \/>\n<meta property=\"og:description\" content=\"Belluno, 13 aprile 2021 &#8211; Con la notifica dell\u2019avviso di conclusione delle indagini preliminari sono terminate le indagini dei finanzieri del Nucleo di Polizia Economico Finanziaria di Belluno, dirette dal Procuratore della Repubblica di Belluno &#8211; dott. Paolo Luca, finalizzate all\u2019accertamento di condotte penalmente rilevanti in relazione alla gara per l&#8217;affidamento della rete di distribuzione [&hellip;]\" \/>\n<meta property=\"og:url\" content=\"https:\/\/www.bellunopress.it\/fr\/2021\/04\/13\/gara-del-gas-indagato-un-sindaco-e-due-amministratori-di-bim-infrastrutture-per-turbativa-dasta\/\" \/>\n<meta property=\"og:site_name\" content=\"Bellunopress - Dolomiti\" \/>\n<meta property=\"article:publisher\" content=\"https:\/\/www.facebook.com\/profile.php?id=100008943462799\" \/>\n<meta property=\"article:published_time\" content=\"2021-04-13T13:55:50+00:00\" \/>\n<meta property=\"article:modified_time\" content=\"2021-04-13T17:20:16+00:00\" \/>\n<meta property=\"og:image\" content=\"https:\/\/www.bellunopress.it\/wp-content\/uploads\/2020\/03\/Guardia-di-Finanza_edited.jpg\" \/>\n\t<meta property=\"og:image:width\" content=\"619\" \/>\n\t<meta property=\"og:image:height\" content=\"800\" \/>\n\t<meta property=\"og:image:type\" content=\"image\/jpeg\" \/>\n<meta name=\"author\" content=\"redazione\" \/>\n<meta name=\"twitter:card\" content=\"summary_large_image\" \/>\n<meta name=\"twitter:creator\" content=\"@bellunopress\" \/>\n<meta name=\"twitter:site\" content=\"@bellunopress\" \/>\n<meta name=\"twitter:label1\" content=\"\u00c9crit par\" \/>\n\t<meta name=\"twitter:data1\" content=\"redazione\" \/>\n\t<meta name=\"twitter:label2\" content=\"Dur\u00e9e de lecture estim\u00e9e\" \/>\n\t<meta name=\"twitter:data2\" content=\"4 minutes\" \/>\n<script type=\"application\/ld+json\" class=\"yoast-schema-graph\">{\"@context\":\"https:\\\/\\\/schema.org\",\"@graph\":[{\"@type\":\"Article\",\"@id\":\"https:\\\/\\\/www.bellunopress.it\\\/2021\\\/04\\\/13\\\/gara-del-gas-indagato-un-sindaco-e-due-amministratori-di-bim-infrastrutture-per-turbativa-dasta\\\/#article\",\"isPartOf\":{\"@id\":\"https:\\\/\\\/www.bellunopress.it\\\/2021\\\/04\\\/13\\\/gara-del-gas-indagato-un-sindaco-e-due-amministratori-di-bim-infrastrutture-per-turbativa-dasta\\\/\"},\"author\":{\"name\":\"redazione\",\"@id\":\"https:\\\/\\\/www.bellunopress.it\\\/#\\\/schema\\\/person\\\/79bb06722b37ece1c03d3e94beb30d73\"},\"headline\":\"Gara del gas. Indagato un sindaco e due amministratori di Bim Infrastrutture per turbativa d&#8217;asta\",\"datePublished\":\"2021-04-13T13:55:50+00:00\",\"dateModified\":\"2021-04-13T17:20:16+00:00\",\"mainEntityOfPage\":{\"@id\":\"https:\\\/\\\/www.bellunopress.it\\\/2021\\\/04\\\/13\\\/gara-del-gas-indagato-un-sindaco-e-due-amministratori-di-bim-infrastrutture-per-turbativa-dasta\\\/\"},\"wordCount\":727,\"publisher\":{\"@id\":\"https:\\\/\\\/www.bellunopress.it\\\/#organization\"},\"image\":{\"@id\":\"https:\\\/\\\/www.bellunopress.it\\\/2021\\\/04\\\/13\\\/gara-del-gas-indagato-un-sindaco-e-due-amministratori-di-bim-infrastrutture-per-turbativa-dasta\\\/#primaryimage\"},\"thumbnailUrl\":\"https:\\\/\\\/www.bellunopress.it\\\/wp-content\\\/uploads\\\/2020\\\/03\\\/Guardia-di-Finanza_edited.jpg\",\"articleSection\":[\"Lettere Opinioni\"],\"inLanguage\":\"fr-FR\"},{\"@type\":\"WebPage\",\"@id\":\"https:\\\/\\\/www.bellunopress.it\\\/2021\\\/04\\\/13\\\/gara-del-gas-indagato-un-sindaco-e-due-amministratori-di-bim-infrastrutture-per-turbativa-dasta\\\/\",\"url\":\"https:\\\/\\\/www.bellunopress.it\\\/2021\\\/04\\\/13\\\/gara-del-gas-indagato-un-sindaco-e-due-amministratori-di-bim-infrastrutture-per-turbativa-dasta\\\/\",\"name\":\"Gara del gas. Indagato un sindaco e due amministratori di Bim Infrastrutture per turbativa d'asta - Bellunopress - Dolomiti\",\"isPartOf\":{\"@id\":\"https:\\\/\\\/www.bellunopress.it\\\/#website\"},\"primaryImageOfPage\":{\"@id\":\"https:\\\/\\\/www.bellunopress.it\\\/2021\\\/04\\\/13\\\/gara-del-gas-indagato-un-sindaco-e-due-amministratori-di-bim-infrastrutture-per-turbativa-dasta\\\/#primaryimage\"},\"image\":{\"@id\":\"https:\\\/\\\/www.bellunopress.it\\\/2021\\\/04\\\/13\\\/gara-del-gas-indagato-un-sindaco-e-due-amministratori-di-bim-infrastrutture-per-turbativa-dasta\\\/#primaryimage\"},\"thumbnailUrl\":\"https:\\\/\\\/www.bellunopress.it\\\/wp-content\\\/uploads\\\/2020\\\/03\\\/Guardia-di-Finanza_edited.jpg\",\"datePublished\":\"2021-04-13T13:55:50+00:00\",\"dateModified\":\"2021-04-13T17:20:16+00:00\",\"breadcrumb\":{\"@id\":\"https:\\\/\\\/www.bellunopress.it\\\/2021\\\/04\\\/13\\\/gara-del-gas-indagato-un-sindaco-e-due-amministratori-di-bim-infrastrutture-per-turbativa-dasta\\\/#breadcrumb\"},\"inLanguage\":\"fr-FR\",\"potentialAction\":[{\"@type\":\"ReadAction\",\"target\":[\"https:\\\/\\\/www.bellunopress.it\\\/2021\\\/04\\\/13\\\/gara-del-gas-indagato-un-sindaco-e-due-amministratori-di-bim-infrastrutture-per-turbativa-dasta\\\/\"]}]},{\"@type\":\"ImageObject\",\"inLanguage\":\"fr-FR\",\"@id\":\"https:\\\/\\\/www.bellunopress.it\\\/2021\\\/04\\\/13\\\/gara-del-gas-indagato-un-sindaco-e-due-amministratori-di-bim-infrastrutture-per-turbativa-dasta\\\/#primaryimage\",\"url\":\"https:\\\/\\\/www.bellunopress.it\\\/wp-content\\\/uploads\\\/2020\\\/03\\\/Guardia-di-Finanza_edited.jpg\",\"contentUrl\":\"https:\\\/\\\/www.bellunopress.it\\\/wp-content\\\/uploads\\\/2020\\\/03\\\/Guardia-di-Finanza_edited.jpg\",\"width\":619,\"height\":800,\"caption\":\"Guardia di Finanza, Comando provinciale di Belluno di via Mezzaterra, n.5\"},{\"@type\":\"BreadcrumbList\",\"@id\":\"https:\\\/\\\/www.bellunopress.it\\\/2021\\\/04\\\/13\\\/gara-del-gas-indagato-un-sindaco-e-due-amministratori-di-bim-infrastrutture-per-turbativa-dasta\\\/#breadcrumb\",\"itemListElement\":[{\"@type\":\"ListItem\",\"position\":1,\"name\":\"Home\",\"item\":\"https:\\\/\\\/www.bellunopress.it\\\/\"},{\"@type\":\"ListItem\",\"position\":2,\"name\":\"Gara del gas. Indagato un sindaco e due amministratori di Bim Infrastrutture per turbativa d&#8217;asta\"}]},{\"@type\":\"WebSite\",\"@id\":\"https:\\\/\\\/www.bellunopress.it\\\/#website\",\"url\":\"https:\\\/\\\/www.bellunopress.it\\\/\",\"name\":\"Bellunopress - Dolomiti\",\"description\":\"e-mail: redazione@bellunopress.it\",\"publisher\":{\"@id\":\"https:\\\/\\\/www.bellunopress.it\\\/#organization\"},\"potentialAction\":[{\"@type\":\"SearchAction\",\"target\":{\"@type\":\"EntryPoint\",\"urlTemplate\":\"https:\\\/\\\/www.bellunopress.it\\\/?s={search_term_string}\"},\"query-input\":{\"@type\":\"PropertyValueSpecification\",\"valueRequired\":true,\"valueName\":\"search_term_string\"}}],\"inLanguage\":\"fr-FR\"},{\"@type\":\"Organization\",\"@id\":\"https:\\\/\\\/www.bellunopress.it\\\/#organization\",\"name\":\"Bellunopress\",\"url\":\"https:\\\/\\\/www.bellunopress.it\\\/\",\"logo\":{\"@type\":\"ImageObject\",\"inLanguage\":\"fr-FR\",\"@id\":\"https:\\\/\\\/www.bellunopress.it\\\/#\\\/schema\\\/logo\\\/image\\\/\",\"url\":\"https:\\\/\\\/www.bellunopress.it\\\/wp-content\\\/uploads\\\/2011\\\/05\\\/cropped-logo-bellunopress-.jpg\",\"contentUrl\":\"https:\\\/\\\/www.bellunopress.it\\\/wp-content\\\/uploads\\\/2011\\\/05\\\/cropped-logo-bellunopress-.jpg\",\"width\":512,\"height\":512,\"caption\":\"Bellunopress\"},\"image\":{\"@id\":\"https:\\\/\\\/www.bellunopress.it\\\/#\\\/schema\\\/logo\\\/image\\\/\"},\"sameAs\":[\"https:\\\/\\\/www.facebook.com\\\/profile.php?id=100008943462799\",\"https:\\\/\\\/x.com\\\/bellunopress\",\"https:\\\/\\\/www.linkedin.com\\\/hp\\\/?dnr=JBzUWaJfMUw8vbXJJ2tVW5-I3jZKvC4wsoxE&amp;amp;amp;amp;amp;amp;trk=nav_responsive_tab_home\",\"https:\\\/\\\/www.youtube.com\\\/channel\\\/UCxL0wu1uN0_3_7hGG0306cw\"]},{\"@type\":\"Person\",\"@id\":\"https:\\\/\\\/www.bellunopress.it\\\/#\\\/schema\\\/person\\\/79bb06722b37ece1c03d3e94beb30d73\",\"name\":\"redazione\",\"image\":{\"@type\":\"ImageObject\",\"inLanguage\":\"fr-FR\",\"@id\":\"https:\\\/\\\/secure.gravatar.com\\\/avatar\\\/37d968a2e67a6fd04c169c4bdef102d0bc5d31b2546345219e348575eb80e9a0?s=96&d=mm&r=g\",\"url\":\"https:\\\/\\\/secure.gravatar.com\\\/avatar\\\/37d968a2e67a6fd04c169c4bdef102d0bc5d31b2546345219e348575eb80e9a0?s=96&d=mm&r=g\",\"contentUrl\":\"https:\\\/\\\/secure.gravatar.com\\\/avatar\\\/37d968a2e67a6fd04c169c4bdef102d0bc5d31b2546345219e348575eb80e9a0?s=96&d=mm&r=g\",\"caption\":\"redazione\"},\"sameAs\":[\"http:\\\/\\\/www.bellunopress.it\",\"https:\\\/\\\/x.com\\\/bellunopress\"],\"url\":\"https:\\\/\\\/www.bellunopress.it\\\/fr\\\/author\\\/redazione\\\/\"}]}<\/script>\n<!-- \/ Yoast SEO plugin. -->","yoast_head_json":{"title":"Gara del gas. Indagato un sindaco e due amministratori di Bim Infrastrutture per turbativa d'asta - Bellunopress - Dolomiti","robots":{"index":"index","follow":"follow","max-snippet":"max-snippet:-1","max-image-preview":"max-image-preview:large","max-video-preview":"max-video-preview:-1"},"canonical":"https:\/\/www.bellunopress.it\/fr\/2021\/04\/13\/gara-del-gas-indagato-un-sindaco-e-due-amministratori-di-bim-infrastrutture-per-turbativa-dasta\/","og_locale":"fr_FR","og_type":"article","og_title":"Gara del gas. Indagato un sindaco e due amministratori di Bim Infrastrutture per turbativa d'asta - Bellunopress - Dolomiti","og_description":"Belluno, 13 aprile 2021 &#8211; Con la notifica dell\u2019avviso di conclusione delle indagini preliminari sono terminate le indagini dei finanzieri del Nucleo di Polizia Economico Finanziaria di Belluno, dirette dal Procuratore della Repubblica di Belluno &#8211; dott. Paolo Luca, finalizzate all\u2019accertamento di condotte penalmente rilevanti in relazione alla gara per l&#8217;affidamento della rete di distribuzione [&hellip;]","og_url":"https:\/\/www.bellunopress.it\/fr\/2021\/04\/13\/gara-del-gas-indagato-un-sindaco-e-due-amministratori-di-bim-infrastrutture-per-turbativa-dasta\/","og_site_name":"Bellunopress - Dolomiti","article_publisher":"https:\/\/www.facebook.com\/profile.php?id=100008943462799","article_published_time":"2021-04-13T13:55:50+00:00","article_modified_time":"2021-04-13T17:20:16+00:00","og_image":[{"width":619,"height":800,"url":"https:\/\/www.bellunopress.it\/wp-content\/uploads\/2020\/03\/Guardia-di-Finanza_edited.jpg","type":"image\/jpeg"}],"author":"redazione","twitter_card":"summary_large_image","twitter_creator":"@bellunopress","twitter_site":"@bellunopress","twitter_misc":{"\u00c9crit par":"redazione","Dur\u00e9e de lecture estim\u00e9e":"4 minutes"},"schema":{"@context":"https:\/\/schema.org","@graph":[{"@type":"Article","@id":"https:\/\/www.bellunopress.it\/2021\/04\/13\/gara-del-gas-indagato-un-sindaco-e-due-amministratori-di-bim-infrastrutture-per-turbativa-dasta\/#article","isPartOf":{"@id":"https:\/\/www.bellunopress.it\/2021\/04\/13\/gara-del-gas-indagato-un-sindaco-e-due-amministratori-di-bim-infrastrutture-per-turbativa-dasta\/"},"author":{"name":"redazione","@id":"https:\/\/www.bellunopress.it\/#\/schema\/person\/79bb06722b37ece1c03d3e94beb30d73"},"headline":"Gara del gas. Indagato un sindaco e due amministratori di Bim Infrastrutture per turbativa d&#8217;asta","datePublished":"2021-04-13T13:55:50+00:00","dateModified":"2021-04-13T17:20:16+00:00","mainEntityOfPage":{"@id":"https:\/\/www.bellunopress.it\/2021\/04\/13\/gara-del-gas-indagato-un-sindaco-e-due-amministratori-di-bim-infrastrutture-per-turbativa-dasta\/"},"wordCount":727,"publisher":{"@id":"https:\/\/www.bellunopress.it\/#organization"},"image":{"@id":"https:\/\/www.bellunopress.it\/2021\/04\/13\/gara-del-gas-indagato-un-sindaco-e-due-amministratori-di-bim-infrastrutture-per-turbativa-dasta\/#primaryimage"},"thumbnailUrl":"https:\/\/www.bellunopress.it\/wp-content\/uploads\/2020\/03\/Guardia-di-Finanza_edited.jpg","articleSection":["Lettere Opinioni"],"inLanguage":"fr-FR"},{"@type":"WebPage","@id":"https:\/\/www.bellunopress.it\/2021\/04\/13\/gara-del-gas-indagato-un-sindaco-e-due-amministratori-di-bim-infrastrutture-per-turbativa-dasta\/","url":"https:\/\/www.bellunopress.it\/2021\/04\/13\/gara-del-gas-indagato-un-sindaco-e-due-amministratori-di-bim-infrastrutture-per-turbativa-dasta\/","name":"Gara del gas. Indagato un sindaco e due amministratori di Bim Infrastrutture per turbativa d'asta - Bellunopress - Dolomiti","isPartOf":{"@id":"https:\/\/www.bellunopress.it\/#website"},"primaryImageOfPage":{"@id":"https:\/\/www.bellunopress.it\/2021\/04\/13\/gara-del-gas-indagato-un-sindaco-e-due-amministratori-di-bim-infrastrutture-per-turbativa-dasta\/#primaryimage"},"image":{"@id":"https:\/\/www.bellunopress.it\/2021\/04\/13\/gara-del-gas-indagato-un-sindaco-e-due-amministratori-di-bim-infrastrutture-per-turbativa-dasta\/#primaryimage"},"thumbnailUrl":"https:\/\/www.bellunopress.it\/wp-content\/uploads\/2020\/03\/Guardia-di-Finanza_edited.jpg","datePublished":"2021-04-13T13:55:50+00:00","dateModified":"2021-04-13T17:20:16+00:00","breadcrumb":{"@id":"https:\/\/www.bellunopress.it\/2021\/04\/13\/gara-del-gas-indagato-un-sindaco-e-due-amministratori-di-bim-infrastrutture-per-turbativa-dasta\/#breadcrumb"},"inLanguage":"fr-FR","potentialAction":[{"@type":"ReadAction","target":["https:\/\/www.bellunopress.it\/2021\/04\/13\/gara-del-gas-indagato-un-sindaco-e-due-amministratori-di-bim-infrastrutture-per-turbativa-dasta\/"]}]},{"@type":"ImageObject","inLanguage":"fr-FR","@id":"https:\/\/www.bellunopress.it\/2021\/04\/13\/gara-del-gas-indagato-un-sindaco-e-due-amministratori-di-bim-infrastrutture-per-turbativa-dasta\/#primaryimage","url":"https:\/\/www.bellunopress.it\/wp-content\/uploads\/2020\/03\/Guardia-di-Finanza_edited.jpg","contentUrl":"https:\/\/www.bellunopress.it\/wp-content\/uploads\/2020\/03\/Guardia-di-Finanza_edited.jpg","width":619,"height":800,"caption":"Guardia di Finanza, Comando provinciale di Belluno di via Mezzaterra, n.5"},{"@type":"BreadcrumbList","@id":"https:\/\/www.bellunopress.it\/2021\/04\/13\/gara-del-gas-indagato-un-sindaco-e-due-amministratori-di-bim-infrastrutture-per-turbativa-dasta\/#breadcrumb","itemListElement":[{"@type":"ListItem","position":1,"name":"Home","item":"https:\/\/www.bellunopress.it\/"},{"@type":"ListItem","position":2,"name":"Gara del gas. Indagato un sindaco e due amministratori di Bim Infrastrutture per turbativa d&#8217;asta"}]},{"@type":"WebSite","@id":"https:\/\/www.bellunopress.it\/#website","url":"https:\/\/www.bellunopress.it\/","name":"Bellunopress - Dolomiti","description":"e-mail: redazione@bellunopress.it","publisher":{"@id":"https:\/\/www.bellunopress.it\/#organization"},"potentialAction":[{"@type":"SearchAction","target":{"@type":"EntryPoint","urlTemplate":"https:\/\/www.bellunopress.it\/?s={search_term_string}"},"query-input":{"@type":"PropertyValueSpecification","valueRequired":true,"valueName":"search_term_string"}}],"inLanguage":"fr-FR"},{"@type":"Organization","@id":"https:\/\/www.bellunopress.it\/#organization","name":"Bellunopress","url":"https:\/\/www.bellunopress.it\/","logo":{"@type":"ImageObject","inLanguage":"fr-FR","@id":"https:\/\/www.bellunopress.it\/#\/schema\/logo\/image\/","url":"https:\/\/www.bellunopress.it\/wp-content\/uploads\/2011\/05\/cropped-logo-bellunopress-.jpg","contentUrl":"https:\/\/www.bellunopress.it\/wp-content\/uploads\/2011\/05\/cropped-logo-bellunopress-.jpg","width":512,"height":512,"caption":"Bellunopress"},"image":{"@id":"https:\/\/www.bellunopress.it\/#\/schema\/logo\/image\/"},"sameAs":["https:\/\/www.facebook.com\/profile.php?id=100008943462799","https:\/\/x.com\/bellunopress","https:\/\/www.linkedin.com\/hp\/?dnr=JBzUWaJfMUw8vbXJJ2tVW5-I3jZKvC4wsoxE&amp;amp;amp;amp;amp;amp;trk=nav_responsive_tab_home","https:\/\/www.youtube.com\/channel\/UCxL0wu1uN0_3_7hGG0306cw"]},{"@type":"Person","@id":"https:\/\/www.bellunopress.it\/#\/schema\/person\/79bb06722b37ece1c03d3e94beb30d73","name":"r\u00e9daction","image":{"@type":"ImageObject","inLanguage":"fr-FR","@id":"https:\/\/secure.gravatar.com\/avatar\/37d968a2e67a6fd04c169c4bdef102d0bc5d31b2546345219e348575eb80e9a0?s=96&d=mm&r=g","url":"https:\/\/secure.gravatar.com\/avatar\/37d968a2e67a6fd04c169c4bdef102d0bc5d31b2546345219e348575eb80e9a0?s=96&d=mm&r=g","contentUrl":"https:\/\/secure.gravatar.com\/avatar\/37d968a2e67a6fd04c169c4bdef102d0bc5d31b2546345219e348575eb80e9a0?s=96&d=mm&r=g","caption":"redazione"},"sameAs":["http:\/\/www.bellunopress.it","https:\/\/x.com\/bellunopress"],"url":"https:\/\/www.bellunopress.it\/fr\/author\/redazione\/"}]}},"_links":{"self":[{"href":"https:\/\/www.bellunopress.it\/fr\/wp-json\/wp\/v2\/posts\/123294","targetHints":{"allow":["GET"]}}],"collection":[{"href":"https:\/\/www.bellunopress.it\/fr\/wp-json\/wp\/v2\/posts"}],"about":[{"href":"https:\/\/www.bellunopress.it\/fr\/wp-json\/wp\/v2\/types\/post"}],"author":[{"embeddable":true,"href":"https:\/\/www.bellunopress.it\/fr\/wp-json\/wp\/v2\/users\/2"}],"replies":[{"embeddable":true,"href":"https:\/\/www.bellunopress.it\/fr\/wp-json\/wp\/v2\/comments?post=123294"}],"version-history":[{"count":5,"href":"https:\/\/www.bellunopress.it\/fr\/wp-json\/wp\/v2\/posts\/123294\/revisions"}],"predecessor-version":[{"id":123307,"href":"https:\/\/www.bellunopress.it\/fr\/wp-json\/wp\/v2\/posts\/123294\/revisions\/123307"}],"wp:featuredmedia":[{"embeddable":true,"href":"https:\/\/www.bellunopress.it\/fr\/wp-json\/wp\/v2\/media\/113162"}],"wp:attachment":[{"href":"https:\/\/www.bellunopress.it\/fr\/wp-json\/wp\/v2\/media?parent=123294"}],"wp:term":[{"taxonomy":"category","embeddable":true,"href":"https:\/\/www.bellunopress.it\/fr\/wp-json\/wp\/v2\/categories?post=123294"},{"taxonomy":"post_tag","embeddable":true,"href":"https:\/\/www.bellunopress.it\/fr\/wp-json\/wp\/v2\/tags?post=123294"}],"curies":[{"name":"wp","href":"https:\/\/api.w.org\/{rel}","templated":true}]}}