{"id":123289,"date":"2021-04-13T14:45:46","date_gmt":"2021-04-13T12:45:46","guid":{"rendered":"https:\/\/www.bellunopress.it\/?p=123289"},"modified":"2021-04-13T14:45:48","modified_gmt":"2021-04-13T12:45:48","slug":"il-movimento-veneto-che-vogliamo-partecipa-al-presidio-dei-lavoratori-acc-di-fronte-alla-prefettura","status":"publish","type":"post","link":"https:\/\/www.bellunopress.it\/fr\/2021\/04\/13\/il-movimento-veneto-che-vogliamo-partecipa-al-presidio-dei-lavoratori-acc-di-fronte-alla-prefettura\/","title":{"rendered":"Il Movimento Veneto che Vogliamo partecipa al presidio dei lavoratori Acc di fronte alla Prefettura"},"content":{"rendered":"<p><a href=\"https:\/\/www.bellunopress.it\/fr\/2021\/04\/13\/il-movimento-veneto-che-vogliamo-partecipa-al-presidio-dei-lavoratori-acc-di-fronte-alla-prefettura\/presidio-acc_edited\/\" rel=\"attachment wp-att-123290\"><img loading=\"lazy\" decoding=\"async\" class=\"alignleft size-full wp-image-123290\" src=\"https:\/\/www.bellunopress.it\/wp-content\/uploads\/2021\/04\/presidio-ACC_edited.jpg\" alt=\"\" width=\"1000\" height=\"750\" srcset=\"https:\/\/www.bellunopress.it\/wp-content\/uploads\/2021\/04\/presidio-ACC_edited.jpg 1000w, https:\/\/www.bellunopress.it\/wp-content\/uploads\/2021\/04\/presidio-ACC_edited-500x375.jpg 500w, https:\/\/www.bellunopress.it\/wp-content\/uploads\/2021\/04\/presidio-ACC_edited-696x522.jpg 696w, https:\/\/www.bellunopress.it\/wp-content\/uploads\/2021\/04\/presidio-ACC_edited-560x420.jpg 560w, https:\/\/www.bellunopress.it\/wp-content\/uploads\/2021\/04\/presidio-ACC_edited-80x60.jpg 80w, https:\/\/www.bellunopress.it\/wp-content\/uploads\/2021\/04\/presidio-ACC_edited-265x198.jpg 265w\" sizes=\"auto, (max-width: 1000px) 100vw, 1000px\" \/><\/a>&#8220;Da tempo, come coordinamento bellunese de &#8220;Il Veneto che Vogliamo&#8221; insieme alla nostra consigliera regionale Elena Ostanel, seguiamo con una certa apprensione le crisi che stanno colpendo il Comune di Borgo Valbelluna, come Ideal standard e ACC.<\/p>\n<p>Rispetto ad ACC, Ostanel ha gi\u00e0 presentato una mozione in consiglio Regionale per chiedere alla Regione Veneto di attivarsi seriamente sulla questione, anche mettendo in campo nuovi strumenti, attraverso Veneto Sviluppo.<\/p>\n<p>Per esprimere la nostra profonda vicinanza alle lavoratrici e ai lavoratori di ACC, ai sindacati e agli amministratori locali che stanno lottando per salvare una realt\u00e0 che rappresenta importante non solo per i lavoratori ma per un intero territorio, mercoled\u00ec 14 aprile alle 10.30 Ostanel sar\u00e0 presente con una delegazione provinciale del coordinamento bellunese al presidio organizzato dai lavoratori di fronte alla prefettura di Belluno.&#8221;<\/p>","protected":false},"excerpt":{"rendered":"<p>&#8220;Da tempo, come coordinamento bellunese de &#8220;Il Veneto che Vogliamo&#8221; insieme alla nostra consigliera regionale Elena Ostanel, seguiamo con una certa apprensione le crisi che stanno colpendo il Comune di Borgo Valbelluna, come Ideal standard e ACC. Rispetto ad ACC, Ostanel ha gi\u00e0 presentato una mozione in consiglio Regionale per chiedere alla Regione Veneto di [&hellip;]<\/p>\n","protected":false},"author":2,"featured_media":123290,"comment_status":"closed","ping_status":"open","sticky":false,"template":"","format":"standard","meta":{"footnotes":""},"categories":[5,26],"tags":[],"class_list":["post-123289","post","type-post","status-publish","format-standard","has-post-thumbnail","category-cronaca","category-prima-pagina"],"yoast_head":"<!-- This site is optimized with the Yoast SEO plugin v28.4 - https:\/\/yoast.com\/product\/yoast-seo-wordpress\/ -->\n<title>Il Movimento Veneto che Vogliamo partecipa al presidio dei lavoratori Acc di fronte alla Prefettura - Bellunopress - Dolomiti<\/title>\n<meta name=\"robots\" content=\"index, follow, max-snippet:-1, max-image-preview:large, max-video-preview:-1\" \/>\n<link rel=\"canonical\" href=\"https:\/\/www.bellunopress.it\/fr\/2021\/04\/13\/il-movimento-veneto-che-vogliamo-partecipa-al-presidio-dei-lavoratori-acc-di-fronte-alla-prefettura\/\" \/>\n<meta property=\"og:locale\" content=\"fr_FR\" \/>\n<meta property=\"og:type\" content=\"article\" \/>\n<meta property=\"og:title\" content=\"Il Movimento Veneto che Vogliamo partecipa al presidio dei lavoratori Acc di fronte alla Prefettura - Bellunopress - Dolomiti\" \/>\n<meta property=\"og:description\" content=\"&#8220;Da tempo, come coordinamento bellunese de &#8220;Il Veneto che Vogliamo&#8221; insieme alla nostra consigliera regionale Elena Ostanel, seguiamo con una certa apprensione le crisi che stanno colpendo il Comune di Borgo Valbelluna, come Ideal standard e ACC. Rispetto ad ACC, Ostanel ha gi\u00e0 presentato una mozione in consiglio Regionale per chiedere alla Regione Veneto di [&hellip;]\" \/>\n<meta property=\"og:url\" content=\"https:\/\/www.bellunopress.it\/fr\/2021\/04\/13\/il-movimento-veneto-che-vogliamo-partecipa-al-presidio-dei-lavoratori-acc-di-fronte-alla-prefettura\/\" \/>\n<meta property=\"og:site_name\" content=\"Bellunopress - Dolomiti\" \/>\n<meta property=\"article:publisher\" content=\"https:\/\/www.facebook.com\/profile.php?id=100008943462799\" \/>\n<meta property=\"article:published_time\" content=\"2021-04-13T12:45:46+00:00\" \/>\n<meta property=\"article:modified_time\" content=\"2021-04-13T12:45:48+00:00\" \/>\n<meta property=\"og:image\" content=\"https:\/\/www.bellunopress.it\/wp-content\/uploads\/2021\/04\/presidio-ACC_edited.jpg\" \/>\n\t<meta property=\"og:image:width\" content=\"1000\" \/>\n\t<meta property=\"og:image:height\" content=\"750\" \/>\n\t<meta property=\"og:image:type\" content=\"image\/jpeg\" \/>\n<meta name=\"author\" content=\"redazione\" \/>\n<meta name=\"twitter:card\" content=\"summary_large_image\" \/>\n<meta name=\"twitter:creator\" content=\"@bellunopress\" \/>\n<meta name=\"twitter:site\" content=\"@bellunopress\" \/>\n<meta name=\"twitter:label1\" content=\"\u00c9crit par\" \/>\n\t<meta name=\"twitter:data1\" content=\"redazione\" \/>\n\t<meta name=\"twitter:label2\" content=\"Dur\u00e9e de lecture estim\u00e9e\" \/>\n\t<meta name=\"twitter:data2\" content=\"1 minute\" \/>\n<script type=\"application\/ld+json\" class=\"yoast-schema-graph\">{\"@context\":\"https:\\\/\\\/schema.org\",\"@graph\":[{\"@type\":\"Article\",\"@id\":\"https:\\\/\\\/www.bellunopress.it\\\/2021\\\/04\\\/13\\\/il-movimento-veneto-che-vogliamo-partecipa-al-presidio-dei-lavoratori-acc-di-fronte-alla-prefettura\\\/#article\",\"isPartOf\":{\"@id\":\"https:\\\/\\\/www.bellunopress.it\\\/2021\\\/04\\\/13\\\/il-movimento-veneto-che-vogliamo-partecipa-al-presidio-dei-lavoratori-acc-di-fronte-alla-prefettura\\\/\"},\"author\":{\"name\":\"redazione\",\"@id\":\"https:\\\/\\\/www.bellunopress.it\\\/#\\\/schema\\\/person\\\/79bb06722b37ece1c03d3e94beb30d73\"},\"headline\":\"Il Movimento Veneto che Vogliamo partecipa al presidio dei lavoratori Acc di fronte alla Prefettura\",\"datePublished\":\"2021-04-13T12:45:46+00:00\",\"dateModified\":\"2021-04-13T12:45:48+00:00\",\"mainEntityOfPage\":{\"@id\":\"https:\\\/\\\/www.bellunopress.it\\\/2021\\\/04\\\/13\\\/il-movimento-veneto-che-vogliamo-partecipa-al-presidio-dei-lavoratori-acc-di-fronte-alla-prefettura\\\/\"},\"wordCount\":146,\"publisher\":{\"@id\":\"https:\\\/\\\/www.bellunopress.it\\\/#organization\"},\"image\":{\"@id\":\"https:\\\/\\\/www.bellunopress.it\\\/2021\\\/04\\\/13\\\/il-movimento-veneto-che-vogliamo-partecipa-al-presidio-dei-lavoratori-acc-di-fronte-alla-prefettura\\\/#primaryimage\"},\"thumbnailUrl\":\"https:\\\/\\\/www.bellunopress.it\\\/wp-content\\\/uploads\\\/2021\\\/04\\\/presidio-ACC_edited.jpg\",\"articleSection\":[\"Cronaca\\\/Politica\",\"Prima Pagina\"],\"inLanguage\":\"fr-FR\"},{\"@type\":\"WebPage\",\"@id\":\"https:\\\/\\\/www.bellunopress.it\\\/2021\\\/04\\\/13\\\/il-movimento-veneto-che-vogliamo-partecipa-al-presidio-dei-lavoratori-acc-di-fronte-alla-prefettura\\\/\",\"url\":\"https:\\\/\\\/www.bellunopress.it\\\/2021\\\/04\\\/13\\\/il-movimento-veneto-che-vogliamo-partecipa-al-presidio-dei-lavoratori-acc-di-fronte-alla-prefettura\\\/\",\"name\":\"Il Movimento Veneto che Vogliamo partecipa al presidio dei lavoratori Acc di fronte alla Prefettura - Bellunopress - Dolomiti\",\"isPartOf\":{\"@id\":\"https:\\\/\\\/www.bellunopress.it\\\/#website\"},\"primaryImageOfPage\":{\"@id\":\"https:\\\/\\\/www.bellunopress.it\\\/2021\\\/04\\\/13\\\/il-movimento-veneto-che-vogliamo-partecipa-al-presidio-dei-lavoratori-acc-di-fronte-alla-prefettura\\\/#primaryimage\"},\"image\":{\"@id\":\"https:\\\/\\\/www.bellunopress.it\\\/2021\\\/04\\\/13\\\/il-movimento-veneto-che-vogliamo-partecipa-al-presidio-dei-lavoratori-acc-di-fronte-alla-prefettura\\\/#primaryimage\"},\"thumbnailUrl\":\"https:\\\/\\\/www.bellunopress.it\\\/wp-content\\\/uploads\\\/2021\\\/04\\\/presidio-ACC_edited.jpg\",\"datePublished\":\"2021-04-13T12:45:46+00:00\",\"dateModified\":\"2021-04-13T12:45:48+00:00\",\"breadcrumb\":{\"@id\":\"https:\\\/\\\/www.bellunopress.it\\\/2021\\\/04\\\/13\\\/il-movimento-veneto-che-vogliamo-partecipa-al-presidio-dei-lavoratori-acc-di-fronte-alla-prefettura\\\/#breadcrumb\"},\"inLanguage\":\"fr-FR\",\"potentialAction\":[{\"@type\":\"ReadAction\",\"target\":[\"https:\\\/\\\/www.bellunopress.it\\\/2021\\\/04\\\/13\\\/il-movimento-veneto-che-vogliamo-partecipa-al-presidio-dei-lavoratori-acc-di-fronte-alla-prefettura\\\/\"]}]},{\"@type\":\"ImageObject\",\"inLanguage\":\"fr-FR\",\"@id\":\"https:\\\/\\\/www.bellunopress.it\\\/2021\\\/04\\\/13\\\/il-movimento-veneto-che-vogliamo-partecipa-al-presidio-dei-lavoratori-acc-di-fronte-alla-prefettura\\\/#primaryimage\",\"url\":\"https:\\\/\\\/www.bellunopress.it\\\/wp-content\\\/uploads\\\/2021\\\/04\\\/presidio-ACC_edited.jpg\",\"contentUrl\":\"https:\\\/\\\/www.bellunopress.it\\\/wp-content\\\/uploads\\\/2021\\\/04\\\/presidio-ACC_edited.jpg\",\"width\":1000,\"height\":750},{\"@type\":\"BreadcrumbList\",\"@id\":\"https:\\\/\\\/www.bellunopress.it\\\/2021\\\/04\\\/13\\\/il-movimento-veneto-che-vogliamo-partecipa-al-presidio-dei-lavoratori-acc-di-fronte-alla-prefettura\\\/#breadcrumb\",\"itemListElement\":[{\"@type\":\"ListItem\",\"position\":1,\"name\":\"Home\",\"item\":\"https:\\\/\\\/www.bellunopress.it\\\/\"},{\"@type\":\"ListItem\",\"position\":2,\"name\":\"Il Movimento Veneto che Vogliamo partecipa al presidio dei lavoratori Acc di fronte alla Prefettura\"}]},{\"@type\":\"WebSite\",\"@id\":\"https:\\\/\\\/www.bellunopress.it\\\/#website\",\"url\":\"https:\\\/\\\/www.bellunopress.it\\\/\",\"name\":\"Bellunopress - Dolomiti\",\"description\":\"e-mail: redazione@bellunopress.it\",\"publisher\":{\"@id\":\"https:\\\/\\\/www.bellunopress.it\\\/#organization\"},\"potentialAction\":[{\"@type\":\"SearchAction\",\"target\":{\"@type\":\"EntryPoint\",\"urlTemplate\":\"https:\\\/\\\/www.bellunopress.it\\\/?s={search_term_string}\"},\"query-input\":{\"@type\":\"PropertyValueSpecification\",\"valueRequired\":true,\"valueName\":\"search_term_string\"}}],\"inLanguage\":\"fr-FR\"},{\"@type\":\"Organization\",\"@id\":\"https:\\\/\\\/www.bellunopress.it\\\/#organization\",\"name\":\"Bellunopress\",\"url\":\"https:\\\/\\\/www.bellunopress.it\\\/\",\"logo\":{\"@type\":\"ImageObject\",\"inLanguage\":\"fr-FR\",\"@id\":\"https:\\\/\\\/www.bellunopress.it\\\/#\\\/schema\\\/logo\\\/image\\\/\",\"url\":\"https:\\\/\\\/www.bellunopress.it\\\/wp-content\\\/uploads\\\/2011\\\/05\\\/cropped-logo-bellunopress-.jpg\",\"contentUrl\":\"https:\\\/\\\/www.bellunopress.it\\\/wp-content\\\/uploads\\\/2011\\\/05\\\/cropped-logo-bellunopress-.jpg\",\"width\":512,\"height\":512,\"caption\":\"Bellunopress\"},\"image\":{\"@id\":\"https:\\\/\\\/www.bellunopress.it\\\/#\\\/schema\\\/logo\\\/image\\\/\"},\"sameAs\":[\"https:\\\/\\\/www.facebook.com\\\/profile.php?id=100008943462799\",\"https:\\\/\\\/x.com\\\/bellunopress\",\"https:\\\/\\\/www.linkedin.com\\\/hp\\\/?dnr=JBzUWaJfMUw8vbXJJ2tVW5-I3jZKvC4wsoxE&amp;amp;amp;amp;amp;amp;trk=nav_responsive_tab_home\",\"https:\\\/\\\/www.youtube.com\\\/channel\\\/UCxL0wu1uN0_3_7hGG0306cw\"]},{\"@type\":\"Person\",\"@id\":\"https:\\\/\\\/www.bellunopress.it\\\/#\\\/schema\\\/person\\\/79bb06722b37ece1c03d3e94beb30d73\",\"name\":\"redazione\",\"image\":{\"@type\":\"ImageObject\",\"inLanguage\":\"fr-FR\",\"@id\":\"https:\\\/\\\/secure.gravatar.com\\\/avatar\\\/37d968a2e67a6fd04c169c4bdef102d0bc5d31b2546345219e348575eb80e9a0?s=96&d=mm&r=g\",\"url\":\"https:\\\/\\\/secure.gravatar.com\\\/avatar\\\/37d968a2e67a6fd04c169c4bdef102d0bc5d31b2546345219e348575eb80e9a0?s=96&d=mm&r=g\",\"contentUrl\":\"https:\\\/\\\/secure.gravatar.com\\\/avatar\\\/37d968a2e67a6fd04c169c4bdef102d0bc5d31b2546345219e348575eb80e9a0?s=96&d=mm&r=g\",\"caption\":\"redazione\"},\"sameAs\":[\"http:\\\/\\\/www.bellunopress.it\",\"https:\\\/\\\/x.com\\\/bellunopress\"],\"url\":\"https:\\\/\\\/www.bellunopress.it\\\/fr\\\/author\\\/redazione\\\/\"}]}<\/script>\n<!-- \/ Yoast SEO plugin. -->","yoast_head_json":{"title":"Il Movimento Veneto che Vogliamo partecipa al presidio dei lavoratori Acc di fronte alla Prefettura - Bellunopress - Dolomiti","robots":{"index":"index","follow":"follow","max-snippet":"max-snippet:-1","max-image-preview":"max-image-preview:large","max-video-preview":"max-video-preview:-1"},"canonical":"https:\/\/www.bellunopress.it\/fr\/2021\/04\/13\/il-movimento-veneto-che-vogliamo-partecipa-al-presidio-dei-lavoratori-acc-di-fronte-alla-prefettura\/","og_locale":"fr_FR","og_type":"article","og_title":"Il Movimento Veneto che Vogliamo partecipa al presidio dei lavoratori Acc di fronte alla Prefettura - Bellunopress - Dolomiti","og_description":"&#8220;Da tempo, come coordinamento bellunese de &#8220;Il Veneto che Vogliamo&#8221; insieme alla nostra consigliera regionale Elena Ostanel, seguiamo con una certa apprensione le crisi che stanno colpendo il Comune di Borgo Valbelluna, come Ideal standard e ACC. Rispetto ad ACC, Ostanel ha gi\u00e0 presentato una mozione in consiglio Regionale per chiedere alla Regione Veneto di [&hellip;]","og_url":"https:\/\/www.bellunopress.it\/fr\/2021\/04\/13\/il-movimento-veneto-che-vogliamo-partecipa-al-presidio-dei-lavoratori-acc-di-fronte-alla-prefettura\/","og_site_name":"Bellunopress - Dolomiti","article_publisher":"https:\/\/www.facebook.com\/profile.php?id=100008943462799","article_published_time":"2021-04-13T12:45:46+00:00","article_modified_time":"2021-04-13T12:45:48+00:00","og_image":[{"width":1000,"height":750,"url":"https:\/\/www.bellunopress.it\/wp-content\/uploads\/2021\/04\/presidio-ACC_edited.jpg","type":"image\/jpeg"}],"author":"redazione","twitter_card":"summary_large_image","twitter_creator":"@bellunopress","twitter_site":"@bellunopress","twitter_misc":{"\u00c9crit par":"redazione","Dur\u00e9e de lecture estim\u00e9e":"1 minute"},"schema":{"@context":"https:\/\/schema.org","@graph":[{"@type":"Article","@id":"https:\/\/www.bellunopress.it\/2021\/04\/13\/il-movimento-veneto-che-vogliamo-partecipa-al-presidio-dei-lavoratori-acc-di-fronte-alla-prefettura\/#article","isPartOf":{"@id":"https:\/\/www.bellunopress.it\/2021\/04\/13\/il-movimento-veneto-che-vogliamo-partecipa-al-presidio-dei-lavoratori-acc-di-fronte-alla-prefettura\/"},"author":{"name":"redazione","@id":"https:\/\/www.bellunopress.it\/#\/schema\/person\/79bb06722b37ece1c03d3e94beb30d73"},"headline":"Il Movimento Veneto che Vogliamo partecipa al presidio dei lavoratori Acc di fronte alla Prefettura","datePublished":"2021-04-13T12:45:46+00:00","dateModified":"2021-04-13T12:45:48+00:00","mainEntityOfPage":{"@id":"https:\/\/www.bellunopress.it\/2021\/04\/13\/il-movimento-veneto-che-vogliamo-partecipa-al-presidio-dei-lavoratori-acc-di-fronte-alla-prefettura\/"},"wordCount":146,"publisher":{"@id":"https:\/\/www.bellunopress.it\/#organization"},"image":{"@id":"https:\/\/www.bellunopress.it\/2021\/04\/13\/il-movimento-veneto-che-vogliamo-partecipa-al-presidio-dei-lavoratori-acc-di-fronte-alla-prefettura\/#primaryimage"},"thumbnailUrl":"https:\/\/www.bellunopress.it\/wp-content\/uploads\/2021\/04\/presidio-ACC_edited.jpg","articleSection":["Cronaca\/Politica","Prima Pagina"],"inLanguage":"fr-FR"},{"@type":"WebPage","@id":"https:\/\/www.bellunopress.it\/2021\/04\/13\/il-movimento-veneto-che-vogliamo-partecipa-al-presidio-dei-lavoratori-acc-di-fronte-alla-prefettura\/","url":"https:\/\/www.bellunopress.it\/2021\/04\/13\/il-movimento-veneto-che-vogliamo-partecipa-al-presidio-dei-lavoratori-acc-di-fronte-alla-prefettura\/","name":"Il Movimento Veneto che Vogliamo partecipa al presidio dei lavoratori Acc di fronte alla Prefettura - Bellunopress - Dolomiti","isPartOf":{"@id":"https:\/\/www.bellunopress.it\/#website"},"primaryImageOfPage":{"@id":"https:\/\/www.bellunopress.it\/2021\/04\/13\/il-movimento-veneto-che-vogliamo-partecipa-al-presidio-dei-lavoratori-acc-di-fronte-alla-prefettura\/#primaryimage"},"image":{"@id":"https:\/\/www.bellunopress.it\/2021\/04\/13\/il-movimento-veneto-che-vogliamo-partecipa-al-presidio-dei-lavoratori-acc-di-fronte-alla-prefettura\/#primaryimage"},"thumbnailUrl":"https:\/\/www.bellunopress.it\/wp-content\/uploads\/2021\/04\/presidio-ACC_edited.jpg","datePublished":"2021-04-13T12:45:46+00:00","dateModified":"2021-04-13T12:45:48+00:00","breadcrumb":{"@id":"https:\/\/www.bellunopress.it\/2021\/04\/13\/il-movimento-veneto-che-vogliamo-partecipa-al-presidio-dei-lavoratori-acc-di-fronte-alla-prefettura\/#breadcrumb"},"inLanguage":"fr-FR","potentialAction":[{"@type":"ReadAction","target":["https:\/\/www.bellunopress.it\/2021\/04\/13\/il-movimento-veneto-che-vogliamo-partecipa-al-presidio-dei-lavoratori-acc-di-fronte-alla-prefettura\/"]}]},{"@type":"ImageObject","inLanguage":"fr-FR","@id":"https:\/\/www.bellunopress.it\/2021\/04\/13\/il-movimento-veneto-che-vogliamo-partecipa-al-presidio-dei-lavoratori-acc-di-fronte-alla-prefettura\/#primaryimage","url":"https:\/\/www.bellunopress.it\/wp-content\/uploads\/2021\/04\/presidio-ACC_edited.jpg","contentUrl":"https:\/\/www.bellunopress.it\/wp-content\/uploads\/2021\/04\/presidio-ACC_edited.jpg","width":1000,"height":750},{"@type":"BreadcrumbList","@id":"https:\/\/www.bellunopress.it\/2021\/04\/13\/il-movimento-veneto-che-vogliamo-partecipa-al-presidio-dei-lavoratori-acc-di-fronte-alla-prefettura\/#breadcrumb","itemListElement":[{"@type":"ListItem","position":1,"name":"Home","item":"https:\/\/www.bellunopress.it\/"},{"@type":"ListItem","position":2,"name":"Il Movimento Veneto che Vogliamo partecipa al presidio dei lavoratori Acc di fronte alla Prefettura"}]},{"@type":"WebSite","@id":"https:\/\/www.bellunopress.it\/#website","url":"https:\/\/www.bellunopress.it\/","name":"Bellunopress - Dolomiti","description":"e-mail: redazione@bellunopress.it","publisher":{"@id":"https:\/\/www.bellunopress.it\/#organization"},"potentialAction":[{"@type":"SearchAction","target":{"@type":"EntryPoint","urlTemplate":"https:\/\/www.bellunopress.it\/?s={search_term_string}"},"query-input":{"@type":"PropertyValueSpecification","valueRequired":true,"valueName":"search_term_string"}}],"inLanguage":"fr-FR"},{"@type":"Organization","@id":"https:\/\/www.bellunopress.it\/#organization","name":"Bellunopress","url":"https:\/\/www.bellunopress.it\/","logo":{"@type":"ImageObject","inLanguage":"fr-FR","@id":"https:\/\/www.bellunopress.it\/#\/schema\/logo\/image\/","url":"https:\/\/www.bellunopress.it\/wp-content\/uploads\/2011\/05\/cropped-logo-bellunopress-.jpg","contentUrl":"https:\/\/www.bellunopress.it\/wp-content\/uploads\/2011\/05\/cropped-logo-bellunopress-.jpg","width":512,"height":512,"caption":"Bellunopress"},"image":{"@id":"https:\/\/www.bellunopress.it\/#\/schema\/logo\/image\/"},"sameAs":["https:\/\/www.facebook.com\/profile.php?id=100008943462799","https:\/\/x.com\/bellunopress","https:\/\/www.linkedin.com\/hp\/?dnr=JBzUWaJfMUw8vbXJJ2tVW5-I3jZKvC4wsoxE&amp;amp;amp;amp;amp;amp;trk=nav_responsive_tab_home","https:\/\/www.youtube.com\/channel\/UCxL0wu1uN0_3_7hGG0306cw"]},{"@type":"Person","@id":"https:\/\/www.bellunopress.it\/#\/schema\/person\/79bb06722b37ece1c03d3e94beb30d73","name":"r\u00e9daction","image":{"@type":"ImageObject","inLanguage":"fr-FR","@id":"https:\/\/secure.gravatar.com\/avatar\/37d968a2e67a6fd04c169c4bdef102d0bc5d31b2546345219e348575eb80e9a0?s=96&d=mm&r=g","url":"https:\/\/secure.gravatar.com\/avatar\/37d968a2e67a6fd04c169c4bdef102d0bc5d31b2546345219e348575eb80e9a0?s=96&d=mm&r=g","contentUrl":"https:\/\/secure.gravatar.com\/avatar\/37d968a2e67a6fd04c169c4bdef102d0bc5d31b2546345219e348575eb80e9a0?s=96&d=mm&r=g","caption":"redazione"},"sameAs":["http:\/\/www.bellunopress.it","https:\/\/x.com\/bellunopress"],"url":"https:\/\/www.bellunopress.it\/fr\/author\/redazione\/"}]}},"_links":{"self":[{"href":"https:\/\/www.bellunopress.it\/fr\/wp-json\/wp\/v2\/posts\/123289","targetHints":{"allow":["GET"]}}],"collection":[{"href":"https:\/\/www.bellunopress.it\/fr\/wp-json\/wp\/v2\/posts"}],"about":[{"href":"https:\/\/www.bellunopress.it\/fr\/wp-json\/wp\/v2\/types\/post"}],"author":[{"embeddable":true,"href":"https:\/\/www.bellunopress.it\/fr\/wp-json\/wp\/v2\/users\/2"}],"replies":[{"embeddable":true,"href":"https:\/\/www.bellunopress.it\/fr\/wp-json\/wp\/v2\/comments?post=123289"}],"version-history":[{"count":2,"href":"https:\/\/www.bellunopress.it\/fr\/wp-json\/wp\/v2\/posts\/123289\/revisions"}],"predecessor-version":[{"id":123292,"href":"https:\/\/www.bellunopress.it\/fr\/wp-json\/wp\/v2\/posts\/123289\/revisions\/123292"}],"wp:featuredmedia":[{"embeddable":true,"href":"https:\/\/www.bellunopress.it\/fr\/wp-json\/wp\/v2\/media\/123290"}],"wp:attachment":[{"href":"https:\/\/www.bellunopress.it\/fr\/wp-json\/wp\/v2\/media?parent=123289"}],"wp:term":[{"taxonomy":"category","embeddable":true,"href":"https:\/\/www.bellunopress.it\/fr\/wp-json\/wp\/v2\/categories?post=123289"},{"taxonomy":"post_tag","embeddable":true,"href":"https:\/\/www.bellunopress.it\/fr\/wp-json\/wp\/v2\/tags?post=123289"}],"curies":[{"name":"wp","href":"https:\/\/api.w.org\/{rel}","templated":true}]}}