{"id":123231,"date":"2021-04-11T14:41:07","date_gmt":"2021-04-11T12:41:07","guid":{"rendered":"https:\/\/www.bellunopress.it\/?p=123231"},"modified":"2021-04-11T14:41:07","modified_gmt":"2021-04-11T12:41:07","slug":"meteo-criticita-fino-a-martedi-temporali-e-neve-fino-a-1000-metri-pericolo-valanghe","status":"publish","type":"post","link":"https:\/\/www.bellunopress.it\/fr\/2021\/04\/11\/meteo-criticita-fino-a-martedi-temporali-e-neve-fino-a-1000-metri-pericolo-valanghe\/","title":{"rendered":"Meteo, criticit\u00e0 fino a marted\u00ec. Temporali e neve fino a 1000 metri. Pericolo valanghe"},"content":{"rendered":"<figure id=\"attachment_88278\" aria-describedby=\"caption-attachment-88278\" style=\"width: 260px\" class=\"wp-caption alignleft\"><a href=\"https:\/\/www.bellunopress.it\/fr\/2017\/08\/05\/meteo-possibili-temporali-su-tutto-il-veneto-da-domenica-pomeriggio-a-lunedi-mattina\/pioggia-ponte-alpini\/\" rel=\"attachment wp-att-88278\"><img loading=\"lazy\" decoding=\"async\" class=\"size-full wp-image-88278\" src=\"https:\/\/www.bellunopress.it\/wp-content\/uploads\/2017\/08\/pioggia-ponte-alpini.jpg\" alt=\"\" width=\"260\" height=\"146\" \/><\/a><figcaption id=\"caption-attachment-88278\" class=\"wp-caption-text\">Belluno, Ponte degli alpini<\/figcaption><\/figure>\n<p>Venezia, 11 aprile 2021 &#8211;\u00a0La perturbazione che sta interessando il Veneto ha spinto il Centro Funzionale Decentrato della Protezione Civile della Regione a dichiarare lo Stato di Attenzione per Criticit\u00e0 Idrogeologica dalle ore 14.00 di domani alle ore 14.00 di marted\u00ec su alcuni bacini idrografici del Veneto, e l\u2019allerta gialla per pericolo valanghe su Dolomiti e Prealpi. Lo Stato di attenzione \u00e8 dichiarato sui bacini Piave-Pedemontano; Alto Brenta-Bacchiglione-Alpone; Basso Brenta-Bacchigione; Basso Piave-Sile-Bacino Scolante in laguna.<\/p>\n<p>Le previsioni indicano tra luned\u00ec mattina e marted\u00ec mattina tempo perturbato con precipitazioni estese e persistenti specie tra il pomeriggio-sera di luned\u00ec e le prime ore di marted\u00ec quando saranno probabili anche rovesci o locali temporali. Quantitativi in genere consistenti specie tra alta pianura e Prealpi\/Dolomiti meridionali dove potranno<br \/>\nrisultare anche abbondanti. Limite nevicate inizialmente intorno ai 1700 m sulle Dolomiti e i 2000 m sulle Prealpi, in abbassamento dal pomeriggio\/sera di luned\u00ec fino ai 1000 m circa sulle Dolomiti e 1200\/1400 m sulle Prealpi in serata. Venti inizialmente moderati\/tesi di Scirocco sulla costa e tesi a tratti forti meridionali in quota, in rotazione verso sera dai quadranti settentrionali con rinforzi di Bora sulla costa. Nel corso di marted\u00ec fenomeni in progressivo diradamento e attenuazione. Probabile fase pi\u00f9 perturbata e intensa tra il tardo pomeriggio\/sera di luned\u00ec e le prime ore di marted\u00ec quando saranno possibili anche rovesci o locali temporali specie su Prealpi e pianura e con quantitativi complessivi che potranno essere concentrati in 12 ore circa.<\/p>\n<p>Per quanto riguarda il bollettino valanghe, le previsioni indicano 55-85 cm di neve fresca da domenica a marted\u00ec con 35-45 cm nella sola giornata di luned\u00ec a 2000 m di quota, con limite neve\/pioggia inizialmente a 1200-1400 m per poi risalire a oltre 1700-1900 m e ridiscendere a 700-1000 marted\u00ec. Con questa situazione sono possibili scaricamenti e valanghe di slittamento di neve fresca lungo i pendi ripidi erbosi fra i 1600-2000 m specie nelle esposizioni meridionali. Oltre i 1600 m, specie lungo i versanti in ombra con vecchia neve invernale, sono possibili scaricamenti, valanghe superficiali di neve recente e singoli distacchi di grandi valanghe lungo i pendii canaloni e versanti molto ripidi. L\u2019attivit\u00e0 valanghiva potr\u00e0 interessare le vie di comunicazione in quota. Da luned\u00ec e per alcuni giorni, il pericolo sar\u00e0 3-marcato oltre i 1500 m di quota, in possibile locale aumento a 4-forte.<\/p>","protected":false},"excerpt":{"rendered":"<p>Venezia, 11 aprile 2021 &#8211;\u00a0La perturbazione che sta interessando il Veneto ha spinto il Centro Funzionale Decentrato della Protezione Civile della Regione a dichiarare lo Stato di Attenzione per Criticit\u00e0 Idrogeologica dalle ore 14.00 di domani alle ore 14.00 di marted\u00ec su alcuni bacini idrografici del Veneto, e l\u2019allerta gialla per pericolo valanghe su Dolomiti [&hellip;]<\/p>\n","protected":false},"author":2,"featured_media":121033,"comment_status":"closed","ping_status":"open","sticky":false,"template":"","format":"standard","meta":{"footnotes":""},"categories":[38],"tags":[],"class_list":["post-123231","post","type-post","status-publish","format-standard","has-post-thumbnail","category-natura-ambiente"],"yoast_head":"<!-- This site is optimized with the Yoast SEO plugin v28.4 - https:\/\/yoast.com\/product\/yoast-seo-wordpress\/ -->\n<title>Meteo, criticit\u00e0 fino a marted\u00ec. Temporali e neve fino a 1000 metri. Pericolo valanghe - Bellunopress - Dolomiti<\/title>\n<meta name=\"robots\" content=\"index, follow, max-snippet:-1, max-image-preview:large, max-video-preview:-1\" \/>\n<link rel=\"canonical\" href=\"https:\/\/www.bellunopress.it\/fr\/2021\/04\/11\/meteo-criticita-fino-a-martedi-temporali-e-neve-fino-a-1000-metri-pericolo-valanghe\/\" \/>\n<meta property=\"og:locale\" content=\"fr_FR\" \/>\n<meta property=\"og:type\" content=\"article\" \/>\n<meta property=\"og:title\" content=\"Meteo, criticit\u00e0 fino a marted\u00ec. Temporali e neve fino a 1000 metri. Pericolo valanghe - Bellunopress - Dolomiti\" \/>\n<meta property=\"og:description\" content=\"Venezia, 11 aprile 2021 &#8211;\u00a0La perturbazione che sta interessando il Veneto ha spinto il Centro Funzionale Decentrato della Protezione Civile della Regione a dichiarare lo Stato di Attenzione per Criticit\u00e0 Idrogeologica dalle ore 14.00 di domani alle ore 14.00 di marted\u00ec su alcuni bacini idrografici del Veneto, e l\u2019allerta gialla per pericolo valanghe su Dolomiti [&hellip;]\" \/>\n<meta property=\"og:url\" content=\"https:\/\/www.bellunopress.it\/fr\/2021\/04\/11\/meteo-criticita-fino-a-martedi-temporali-e-neve-fino-a-1000-metri-pericolo-valanghe\/\" \/>\n<meta property=\"og:site_name\" content=\"Bellunopress - Dolomiti\" \/>\n<meta property=\"article:publisher\" content=\"https:\/\/www.facebook.com\/profile.php?id=100008943462799\" \/>\n<meta property=\"article:published_time\" content=\"2021-04-11T12:41:07+00:00\" \/>\n<meta property=\"og:image\" content=\"https:\/\/www.bellunopress.it\/wp-content\/uploads\/2021\/01\/meteo-neve_edited.jpg\" \/>\n\t<meta property=\"og:image:width\" content=\"640\" \/>\n\t<meta property=\"og:image:height\" content=\"531\" \/>\n\t<meta property=\"og:image:type\" content=\"image\/jpeg\" \/>\n<meta name=\"author\" content=\"redazione\" \/>\n<meta name=\"twitter:card\" content=\"summary_large_image\" \/>\n<meta name=\"twitter:creator\" content=\"@bellunopress\" \/>\n<meta name=\"twitter:site\" content=\"@bellunopress\" \/>\n<meta name=\"twitter:label1\" content=\"\u00c9crit par\" \/>\n\t<meta name=\"twitter:data1\" content=\"redazione\" \/>\n\t<meta name=\"twitter:label2\" content=\"Dur\u00e9e de lecture estim\u00e9e\" \/>\n\t<meta name=\"twitter:data2\" content=\"2 minutes\" \/>\n<script type=\"application\/ld+json\" class=\"yoast-schema-graph\">{\"@context\":\"https:\\\/\\\/schema.org\",\"@graph\":[{\"@type\":\"Article\",\"@id\":\"https:\\\/\\\/www.bellunopress.it\\\/2021\\\/04\\\/11\\\/meteo-criticita-fino-a-martedi-temporali-e-neve-fino-a-1000-metri-pericolo-valanghe\\\/#article\",\"isPartOf\":{\"@id\":\"https:\\\/\\\/www.bellunopress.it\\\/2021\\\/04\\\/11\\\/meteo-criticita-fino-a-martedi-temporali-e-neve-fino-a-1000-metri-pericolo-valanghe\\\/\"},\"author\":{\"name\":\"redazione\",\"@id\":\"https:\\\/\\\/www.bellunopress.it\\\/#\\\/schema\\\/person\\\/79bb06722b37ece1c03d3e94beb30d73\"},\"headline\":\"Meteo, criticit\u00e0 fino a marted\u00ec. Temporali e neve fino a 1000 metri. Pericolo valanghe\",\"datePublished\":\"2021-04-11T12:41:07+00:00\",\"mainEntityOfPage\":{\"@id\":\"https:\\\/\\\/www.bellunopress.it\\\/2021\\\/04\\\/11\\\/meteo-criticita-fino-a-martedi-temporali-e-neve-fino-a-1000-metri-pericolo-valanghe\\\/\"},\"wordCount\":406,\"publisher\":{\"@id\":\"https:\\\/\\\/www.bellunopress.it\\\/#organization\"},\"image\":{\"@id\":\"https:\\\/\\\/www.bellunopress.it\\\/2021\\\/04\\\/11\\\/meteo-criticita-fino-a-martedi-temporali-e-neve-fino-a-1000-metri-pericolo-valanghe\\\/#primaryimage\"},\"thumbnailUrl\":\"https:\\\/\\\/www.bellunopress.it\\\/wp-content\\\/uploads\\\/2021\\\/01\\\/meteo-neve_edited.jpg\",\"articleSection\":[\"Meteo, natura, ambiente, animali\"],\"inLanguage\":\"fr-FR\"},{\"@type\":\"WebPage\",\"@id\":\"https:\\\/\\\/www.bellunopress.it\\\/2021\\\/04\\\/11\\\/meteo-criticita-fino-a-martedi-temporali-e-neve-fino-a-1000-metri-pericolo-valanghe\\\/\",\"url\":\"https:\\\/\\\/www.bellunopress.it\\\/2021\\\/04\\\/11\\\/meteo-criticita-fino-a-martedi-temporali-e-neve-fino-a-1000-metri-pericolo-valanghe\\\/\",\"name\":\"Meteo, criticit\u00e0 fino a marted\u00ec. Temporali e neve fino a 1000 metri. Pericolo valanghe - Bellunopress - Dolomiti\",\"isPartOf\":{\"@id\":\"https:\\\/\\\/www.bellunopress.it\\\/#website\"},\"primaryImageOfPage\":{\"@id\":\"https:\\\/\\\/www.bellunopress.it\\\/2021\\\/04\\\/11\\\/meteo-criticita-fino-a-martedi-temporali-e-neve-fino-a-1000-metri-pericolo-valanghe\\\/#primaryimage\"},\"image\":{\"@id\":\"https:\\\/\\\/www.bellunopress.it\\\/2021\\\/04\\\/11\\\/meteo-criticita-fino-a-martedi-temporali-e-neve-fino-a-1000-metri-pericolo-valanghe\\\/#primaryimage\"},\"thumbnailUrl\":\"https:\\\/\\\/www.bellunopress.it\\\/wp-content\\\/uploads\\\/2021\\\/01\\\/meteo-neve_edited.jpg\",\"datePublished\":\"2021-04-11T12:41:07+00:00\",\"breadcrumb\":{\"@id\":\"https:\\\/\\\/www.bellunopress.it\\\/2021\\\/04\\\/11\\\/meteo-criticita-fino-a-martedi-temporali-e-neve-fino-a-1000-metri-pericolo-valanghe\\\/#breadcrumb\"},\"inLanguage\":\"fr-FR\",\"potentialAction\":[{\"@type\":\"ReadAction\",\"target\":[\"https:\\\/\\\/www.bellunopress.it\\\/2021\\\/04\\\/11\\\/meteo-criticita-fino-a-martedi-temporali-e-neve-fino-a-1000-metri-pericolo-valanghe\\\/\"]}]},{\"@type\":\"ImageObject\",\"inLanguage\":\"fr-FR\",\"@id\":\"https:\\\/\\\/www.bellunopress.it\\\/2021\\\/04\\\/11\\\/meteo-criticita-fino-a-martedi-temporali-e-neve-fino-a-1000-metri-pericolo-valanghe\\\/#primaryimage\",\"url\":\"https:\\\/\\\/www.bellunopress.it\\\/wp-content\\\/uploads\\\/2021\\\/01\\\/meteo-neve_edited.jpg\",\"contentUrl\":\"https:\\\/\\\/www.bellunopress.it\\\/wp-content\\\/uploads\\\/2021\\\/01\\\/meteo-neve_edited.jpg\",\"width\":640,\"height\":531},{\"@type\":\"BreadcrumbList\",\"@id\":\"https:\\\/\\\/www.bellunopress.it\\\/2021\\\/04\\\/11\\\/meteo-criticita-fino-a-martedi-temporali-e-neve-fino-a-1000-metri-pericolo-valanghe\\\/#breadcrumb\",\"itemListElement\":[{\"@type\":\"ListItem\",\"position\":1,\"name\":\"Home\",\"item\":\"https:\\\/\\\/www.bellunopress.it\\\/\"},{\"@type\":\"ListItem\",\"position\":2,\"name\":\"Meteo, criticit\u00e0 fino a marted\u00ec. Temporali e neve fino a 1000 metri. Pericolo valanghe\"}]},{\"@type\":\"WebSite\",\"@id\":\"https:\\\/\\\/www.bellunopress.it\\\/#website\",\"url\":\"https:\\\/\\\/www.bellunopress.it\\\/\",\"name\":\"Bellunopress - Dolomiti\",\"description\":\"e-mail: redazione@bellunopress.it\",\"publisher\":{\"@id\":\"https:\\\/\\\/www.bellunopress.it\\\/#organization\"},\"potentialAction\":[{\"@type\":\"SearchAction\",\"target\":{\"@type\":\"EntryPoint\",\"urlTemplate\":\"https:\\\/\\\/www.bellunopress.it\\\/?s={search_term_string}\"},\"query-input\":{\"@type\":\"PropertyValueSpecification\",\"valueRequired\":true,\"valueName\":\"search_term_string\"}}],\"inLanguage\":\"fr-FR\"},{\"@type\":\"Organization\",\"@id\":\"https:\\\/\\\/www.bellunopress.it\\\/#organization\",\"name\":\"Bellunopress\",\"url\":\"https:\\\/\\\/www.bellunopress.it\\\/\",\"logo\":{\"@type\":\"ImageObject\",\"inLanguage\":\"fr-FR\",\"@id\":\"https:\\\/\\\/www.bellunopress.it\\\/#\\\/schema\\\/logo\\\/image\\\/\",\"url\":\"https:\\\/\\\/www.bellunopress.it\\\/wp-content\\\/uploads\\\/2011\\\/05\\\/cropped-logo-bellunopress-.jpg\",\"contentUrl\":\"https:\\\/\\\/www.bellunopress.it\\\/wp-content\\\/uploads\\\/2011\\\/05\\\/cropped-logo-bellunopress-.jpg\",\"width\":512,\"height\":512,\"caption\":\"Bellunopress\"},\"image\":{\"@id\":\"https:\\\/\\\/www.bellunopress.it\\\/#\\\/schema\\\/logo\\\/image\\\/\"},\"sameAs\":[\"https:\\\/\\\/www.facebook.com\\\/profile.php?id=100008943462799\",\"https:\\\/\\\/x.com\\\/bellunopress\",\"https:\\\/\\\/www.linkedin.com\\\/hp\\\/?dnr=JBzUWaJfMUw8vbXJJ2tVW5-I3jZKvC4wsoxE&amp;amp;amp;amp;amp;amp;trk=nav_responsive_tab_home\",\"https:\\\/\\\/www.youtube.com\\\/channel\\\/UCxL0wu1uN0_3_7hGG0306cw\"]},{\"@type\":\"Person\",\"@id\":\"https:\\\/\\\/www.bellunopress.it\\\/#\\\/schema\\\/person\\\/79bb06722b37ece1c03d3e94beb30d73\",\"name\":\"redazione\",\"image\":{\"@type\":\"ImageObject\",\"inLanguage\":\"fr-FR\",\"@id\":\"https:\\\/\\\/secure.gravatar.com\\\/avatar\\\/37d968a2e67a6fd04c169c4bdef102d0bc5d31b2546345219e348575eb80e9a0?s=96&d=mm&r=g\",\"url\":\"https:\\\/\\\/secure.gravatar.com\\\/avatar\\\/37d968a2e67a6fd04c169c4bdef102d0bc5d31b2546345219e348575eb80e9a0?s=96&d=mm&r=g\",\"contentUrl\":\"https:\\\/\\\/secure.gravatar.com\\\/avatar\\\/37d968a2e67a6fd04c169c4bdef102d0bc5d31b2546345219e348575eb80e9a0?s=96&d=mm&r=g\",\"caption\":\"redazione\"},\"sameAs\":[\"http:\\\/\\\/www.bellunopress.it\",\"https:\\\/\\\/x.com\\\/bellunopress\"],\"url\":\"https:\\\/\\\/www.bellunopress.it\\\/fr\\\/author\\\/redazione\\\/\"}]}<\/script>\n<!-- \/ Yoast SEO plugin. -->","yoast_head_json":{"title":"Meteo, criticit\u00e0 fino a marted\u00ec. Temporali e neve fino a 1000 metri. Pericolo valanghe - Bellunopress - Dolomiti","robots":{"index":"index","follow":"follow","max-snippet":"max-snippet:-1","max-image-preview":"max-image-preview:large","max-video-preview":"max-video-preview:-1"},"canonical":"https:\/\/www.bellunopress.it\/fr\/2021\/04\/11\/meteo-criticita-fino-a-martedi-temporali-e-neve-fino-a-1000-metri-pericolo-valanghe\/","og_locale":"fr_FR","og_type":"article","og_title":"Meteo, criticit\u00e0 fino a marted\u00ec. Temporali e neve fino a 1000 metri. Pericolo valanghe - Bellunopress - Dolomiti","og_description":"Venezia, 11 aprile 2021 &#8211;\u00a0La perturbazione che sta interessando il Veneto ha spinto il Centro Funzionale Decentrato della Protezione Civile della Regione a dichiarare lo Stato di Attenzione per Criticit\u00e0 Idrogeologica dalle ore 14.00 di domani alle ore 14.00 di marted\u00ec su alcuni bacini idrografici del Veneto, e l\u2019allerta gialla per pericolo valanghe su Dolomiti [&hellip;]","og_url":"https:\/\/www.bellunopress.it\/fr\/2021\/04\/11\/meteo-criticita-fino-a-martedi-temporali-e-neve-fino-a-1000-metri-pericolo-valanghe\/","og_site_name":"Bellunopress - Dolomiti","article_publisher":"https:\/\/www.facebook.com\/profile.php?id=100008943462799","article_published_time":"2021-04-11T12:41:07+00:00","og_image":[{"width":640,"height":531,"url":"https:\/\/www.bellunopress.it\/wp-content\/uploads\/2021\/01\/meteo-neve_edited.jpg","type":"image\/jpeg"}],"author":"redazione","twitter_card":"summary_large_image","twitter_creator":"@bellunopress","twitter_site":"@bellunopress","twitter_misc":{"\u00c9crit par":"redazione","Dur\u00e9e de lecture estim\u00e9e":"2 minutes"},"schema":{"@context":"https:\/\/schema.org","@graph":[{"@type":"Article","@id":"https:\/\/www.bellunopress.it\/2021\/04\/11\/meteo-criticita-fino-a-martedi-temporali-e-neve-fino-a-1000-metri-pericolo-valanghe\/#article","isPartOf":{"@id":"https:\/\/www.bellunopress.it\/2021\/04\/11\/meteo-criticita-fino-a-martedi-temporali-e-neve-fino-a-1000-metri-pericolo-valanghe\/"},"author":{"name":"redazione","@id":"https:\/\/www.bellunopress.it\/#\/schema\/person\/79bb06722b37ece1c03d3e94beb30d73"},"headline":"Meteo, criticit\u00e0 fino a marted\u00ec. Temporali e neve fino a 1000 metri. Pericolo valanghe","datePublished":"2021-04-11T12:41:07+00:00","mainEntityOfPage":{"@id":"https:\/\/www.bellunopress.it\/2021\/04\/11\/meteo-criticita-fino-a-martedi-temporali-e-neve-fino-a-1000-metri-pericolo-valanghe\/"},"wordCount":406,"publisher":{"@id":"https:\/\/www.bellunopress.it\/#organization"},"image":{"@id":"https:\/\/www.bellunopress.it\/2021\/04\/11\/meteo-criticita-fino-a-martedi-temporali-e-neve-fino-a-1000-metri-pericolo-valanghe\/#primaryimage"},"thumbnailUrl":"https:\/\/www.bellunopress.it\/wp-content\/uploads\/2021\/01\/meteo-neve_edited.jpg","articleSection":["Meteo, natura, ambiente, animali"],"inLanguage":"fr-FR"},{"@type":"WebPage","@id":"https:\/\/www.bellunopress.it\/2021\/04\/11\/meteo-criticita-fino-a-martedi-temporali-e-neve-fino-a-1000-metri-pericolo-valanghe\/","url":"https:\/\/www.bellunopress.it\/2021\/04\/11\/meteo-criticita-fino-a-martedi-temporali-e-neve-fino-a-1000-metri-pericolo-valanghe\/","name":"Meteo, criticit\u00e0 fino a marted\u00ec. Temporali e neve fino a 1000 metri. Pericolo valanghe - Bellunopress - Dolomiti","isPartOf":{"@id":"https:\/\/www.bellunopress.it\/#website"},"primaryImageOfPage":{"@id":"https:\/\/www.bellunopress.it\/2021\/04\/11\/meteo-criticita-fino-a-martedi-temporali-e-neve-fino-a-1000-metri-pericolo-valanghe\/#primaryimage"},"image":{"@id":"https:\/\/www.bellunopress.it\/2021\/04\/11\/meteo-criticita-fino-a-martedi-temporali-e-neve-fino-a-1000-metri-pericolo-valanghe\/#primaryimage"},"thumbnailUrl":"https:\/\/www.bellunopress.it\/wp-content\/uploads\/2021\/01\/meteo-neve_edited.jpg","datePublished":"2021-04-11T12:41:07+00:00","breadcrumb":{"@id":"https:\/\/www.bellunopress.it\/2021\/04\/11\/meteo-criticita-fino-a-martedi-temporali-e-neve-fino-a-1000-metri-pericolo-valanghe\/#breadcrumb"},"inLanguage":"fr-FR","potentialAction":[{"@type":"ReadAction","target":["https:\/\/www.bellunopress.it\/2021\/04\/11\/meteo-criticita-fino-a-martedi-temporali-e-neve-fino-a-1000-metri-pericolo-valanghe\/"]}]},{"@type":"ImageObject","inLanguage":"fr-FR","@id":"https:\/\/www.bellunopress.it\/2021\/04\/11\/meteo-criticita-fino-a-martedi-temporali-e-neve-fino-a-1000-metri-pericolo-valanghe\/#primaryimage","url":"https:\/\/www.bellunopress.it\/wp-content\/uploads\/2021\/01\/meteo-neve_edited.jpg","contentUrl":"https:\/\/www.bellunopress.it\/wp-content\/uploads\/2021\/01\/meteo-neve_edited.jpg","width":640,"height":531},{"@type":"BreadcrumbList","@id":"https:\/\/www.bellunopress.it\/2021\/04\/11\/meteo-criticita-fino-a-martedi-temporali-e-neve-fino-a-1000-metri-pericolo-valanghe\/#breadcrumb","itemListElement":[{"@type":"ListItem","position":1,"name":"Home","item":"https:\/\/www.bellunopress.it\/"},{"@type":"ListItem","position":2,"name":"Meteo, criticit\u00e0 fino a marted\u00ec. Temporali e neve fino a 1000 metri. Pericolo valanghe"}]},{"@type":"WebSite","@id":"https:\/\/www.bellunopress.it\/#website","url":"https:\/\/www.bellunopress.it\/","name":"Bellunopress - Dolomiti","description":"e-mail: redazione@bellunopress.it","publisher":{"@id":"https:\/\/www.bellunopress.it\/#organization"},"potentialAction":[{"@type":"SearchAction","target":{"@type":"EntryPoint","urlTemplate":"https:\/\/www.bellunopress.it\/?s={search_term_string}"},"query-input":{"@type":"PropertyValueSpecification","valueRequired":true,"valueName":"search_term_string"}}],"inLanguage":"fr-FR"},{"@type":"Organization","@id":"https:\/\/www.bellunopress.it\/#organization","name":"Bellunopress","url":"https:\/\/www.bellunopress.it\/","logo":{"@type":"ImageObject","inLanguage":"fr-FR","@id":"https:\/\/www.bellunopress.it\/#\/schema\/logo\/image\/","url":"https:\/\/www.bellunopress.it\/wp-content\/uploads\/2011\/05\/cropped-logo-bellunopress-.jpg","contentUrl":"https:\/\/www.bellunopress.it\/wp-content\/uploads\/2011\/05\/cropped-logo-bellunopress-.jpg","width":512,"height":512,"caption":"Bellunopress"},"image":{"@id":"https:\/\/www.bellunopress.it\/#\/schema\/logo\/image\/"},"sameAs":["https:\/\/www.facebook.com\/profile.php?id=100008943462799","https:\/\/x.com\/bellunopress","https:\/\/www.linkedin.com\/hp\/?dnr=JBzUWaJfMUw8vbXJJ2tVW5-I3jZKvC4wsoxE&amp;amp;amp;amp;amp;amp;trk=nav_responsive_tab_home","https:\/\/www.youtube.com\/channel\/UCxL0wu1uN0_3_7hGG0306cw"]},{"@type":"Person","@id":"https:\/\/www.bellunopress.it\/#\/schema\/person\/79bb06722b37ece1c03d3e94beb30d73","name":"r\u00e9daction","image":{"@type":"ImageObject","inLanguage":"fr-FR","@id":"https:\/\/secure.gravatar.com\/avatar\/37d968a2e67a6fd04c169c4bdef102d0bc5d31b2546345219e348575eb80e9a0?s=96&d=mm&r=g","url":"https:\/\/secure.gravatar.com\/avatar\/37d968a2e67a6fd04c169c4bdef102d0bc5d31b2546345219e348575eb80e9a0?s=96&d=mm&r=g","contentUrl":"https:\/\/secure.gravatar.com\/avatar\/37d968a2e67a6fd04c169c4bdef102d0bc5d31b2546345219e348575eb80e9a0?s=96&d=mm&r=g","caption":"redazione"},"sameAs":["http:\/\/www.bellunopress.it","https:\/\/x.com\/bellunopress"],"url":"https:\/\/www.bellunopress.it\/fr\/author\/redazione\/"}]}},"_links":{"self":[{"href":"https:\/\/www.bellunopress.it\/fr\/wp-json\/wp\/v2\/posts\/123231","targetHints":{"allow":["GET"]}}],"collection":[{"href":"https:\/\/www.bellunopress.it\/fr\/wp-json\/wp\/v2\/posts"}],"about":[{"href":"https:\/\/www.bellunopress.it\/fr\/wp-json\/wp\/v2\/types\/post"}],"author":[{"embeddable":true,"href":"https:\/\/www.bellunopress.it\/fr\/wp-json\/wp\/v2\/users\/2"}],"replies":[{"embeddable":true,"href":"https:\/\/www.bellunopress.it\/fr\/wp-json\/wp\/v2\/comments?post=123231"}],"version-history":[{"count":1,"href":"https:\/\/www.bellunopress.it\/fr\/wp-json\/wp\/v2\/posts\/123231\/revisions"}],"predecessor-version":[{"id":123232,"href":"https:\/\/www.bellunopress.it\/fr\/wp-json\/wp\/v2\/posts\/123231\/revisions\/123232"}],"wp:featuredmedia":[{"embeddable":true,"href":"https:\/\/www.bellunopress.it\/fr\/wp-json\/wp\/v2\/media\/121033"}],"wp:attachment":[{"href":"https:\/\/www.bellunopress.it\/fr\/wp-json\/wp\/v2\/media?parent=123231"}],"wp:term":[{"taxonomy":"category","embeddable":true,"href":"https:\/\/www.bellunopress.it\/fr\/wp-json\/wp\/v2\/categories?post=123231"},{"taxonomy":"post_tag","embeddable":true,"href":"https:\/\/www.bellunopress.it\/fr\/wp-json\/wp\/v2\/tags?post=123231"}],"curies":[{"name":"wp","href":"https:\/\/api.w.org\/{rel}","templated":true}]}}