{"id":123224,"date":"2021-04-11T11:53:24","date_gmt":"2021-04-11T09:53:24","guid":{"rendered":"https:\/\/www.bellunopress.it\/?p=123224"},"modified":"2021-04-11T21:06:26","modified_gmt":"2021-04-11T19:06:26","slug":"e-morta-amalia-titolare-del-caffe-commercio-per-quasi-50-anni","status":"publish","type":"post","link":"https:\/\/www.bellunopress.it\/fr\/2021\/04\/11\/e-morta-amalia-titolare-del-caffe-commercio-per-quasi-50-anni\/","title":{"rendered":"E&#8217; morta Amalia, titolare del caff\u00e8 Commercio per quasi 50 anni"},"content":{"rendered":"<p><a href=\"https:\/\/www.bellunopress.it\/fr\/2021\/04\/11\/e-morta-amalia-titolare-del-caffe-commercio-per-quasi-50-anni\/bar-commercio-2013_edited\/\" rel=\"attachment wp-att-123225\"><img loading=\"lazy\" decoding=\"async\" class=\"alignleft size-full wp-image-123225\" src=\"https:\/\/www.bellunopress.it\/wp-content\/uploads\/2021\/04\/bar-commercio-2013_edited.jpg\" alt=\"\" width=\"1000\" height=\"667\" srcset=\"https:\/\/www.bellunopress.it\/wp-content\/uploads\/2021\/04\/bar-commercio-2013_edited.jpg 1000w, https:\/\/www.bellunopress.it\/wp-content\/uploads\/2021\/04\/bar-commercio-2013_edited-500x334.jpg 500w, https:\/\/www.bellunopress.it\/wp-content\/uploads\/2021\/04\/bar-commercio-2013_edited-696x464.jpg 696w, https:\/\/www.bellunopress.it\/wp-content\/uploads\/2021\/04\/bar-commercio-2013_edited-630x420.jpg 630w\" sizes=\"auto, (max-width: 1000px) 100vw, 1000px\" \/><\/a><a href=\"https:\/\/www.bellunopress.it\/fr\/2021\/04\/11\/e-morta-amalia-titolare-del-caffe-commercio-per-quasi-50-anni\/amalia-zoldan-caffe-commercio_edited\/\" rel=\"attachment wp-att-123233\"><img loading=\"lazy\" decoding=\"async\" class=\"alignleft size-full wp-image-123233\" src=\"https:\/\/www.bellunopress.it\/wp-content\/uploads\/2021\/04\/Amalia-Zoldan-caffe-Commercio_edited.jpg\" alt=\"\" width=\"1000\" height=\"890\" srcset=\"https:\/\/www.bellunopress.it\/wp-content\/uploads\/2021\/04\/Amalia-Zoldan-caffe-Commercio_edited.jpg 1000w, https:\/\/www.bellunopress.it\/wp-content\/uploads\/2021\/04\/Amalia-Zoldan-caffe-Commercio_edited-500x445.jpg 500w, https:\/\/www.bellunopress.it\/wp-content\/uploads\/2021\/04\/Amalia-Zoldan-caffe-Commercio_edited-696x619.jpg 696w, https:\/\/www.bellunopress.it\/wp-content\/uploads\/2021\/04\/Amalia-Zoldan-caffe-Commercio_edited-472x420.jpg 472w\" sizes=\"auto, (max-width: 1000px) 100vw, 1000px\" \/><\/a>Belluno, 11 aprile 2021 &#8211; E\u2019 morta nella notte all\u2019ospedale di Belluno dove era ricoverata da due mesi Amalia Zoldan, avrebbe compiuto 85 anni il prossimo 10 luglio. Dal 1963 fino alla chiusura nel 2013 ha gestito con le sorelle Gina, Mary e Mara lo storico Caff\u00e8 Commercio in piazza Vittorio Emanuele, oggi sede del Museo \u201cFulcis\u201d. Se ne va con lei un pezzo di storia di Belluno, insieme al suo locale caratteristico, dove il tempo si era fermato al secolo scorso. Il bar Commercio, con il Deon, il Manin e il Vapore (poi Miniera D\u2019oro) \u00e8 stato uno dei primi quattro locali storici in centro nell\u2019800. Secondo alcuni storici fu addirittura il primo caff\u00e8 letterario della Belluno borghese. Il Commercio era l\u2019unico locale ad aver mantenuto il proprio aspetto originario, con il suo indimenticabile bancone in stile Liberty fine \u2018800 e gli specchi alle pareti. E\u2019 stato anche il luogo di ritrovo dei politici bellunesi e degli studenti. Con la sua saletta affrescata da Stefano Cattarossi e la sala biliardo. Per salvarlo nel 2013 ci fu anche una petizione. Oggi al suo posto abbiamo un magnifico museo, peccato per lo storico bancone, che avrebbe potuto essere collocato in qualche modo nel contesto.<\/p>\n<p>Le condoglianze della redazione alle famiglie.<\/p>\n<p>&nbsp;<\/p>\n<figure id=\"attachment_123235\" aria-describedby=\"caption-attachment-123235\" style=\"width: 1000px\" class=\"wp-caption alignleft\"><a href=\"https:\/\/www.bellunopress.it\/fr\/2021\/04\/11\/e-morta-amalia-titolare-del-caffe-commercio-per-quasi-50-anni\/libri-al-caffe-31-marzo-2006_edited\/\" rel=\"attachment wp-att-123235\"><img loading=\"lazy\" decoding=\"async\" class=\"size-full wp-image-123235\" src=\"https:\/\/www.bellunopress.it\/wp-content\/uploads\/2021\/04\/libri-al-Caffe-31-marzo-2006_edited.jpg\" alt=\"\" width=\"1000\" height=\"750\" srcset=\"https:\/\/www.bellunopress.it\/wp-content\/uploads\/2021\/04\/libri-al-Caffe-31-marzo-2006_edited.jpg 1000w, https:\/\/www.bellunopress.it\/wp-content\/uploads\/2021\/04\/libri-al-Caffe-31-marzo-2006_edited-500x375.jpg 500w, https:\/\/www.bellunopress.it\/wp-content\/uploads\/2021\/04\/libri-al-Caffe-31-marzo-2006_edited-696x522.jpg 696w, https:\/\/www.bellunopress.it\/wp-content\/uploads\/2021\/04\/libri-al-Caffe-31-marzo-2006_edited-560x420.jpg 560w, https:\/\/www.bellunopress.it\/wp-content\/uploads\/2021\/04\/libri-al-Caffe-31-marzo-2006_edited-80x60.jpg 80w, https:\/\/www.bellunopress.it\/wp-content\/uploads\/2021\/04\/libri-al-Caffe-31-marzo-2006_edited-265x198.jpg 265w\" sizes=\"auto, (max-width: 1000px) 100vw, 1000px\" \/><\/a><figcaption id=\"caption-attachment-123235\" class=\"wp-caption-text\">Libri al Caffe, 31 marzo 2006 con la poetessa Patrizia Valduga<\/figcaption><\/figure>","protected":false},"excerpt":{"rendered":"<p>Belluno, 11 aprile 2021 &#8211; E\u2019 morta nella notte all\u2019ospedale di Belluno dove era ricoverata da due mesi Amalia Zoldan, avrebbe compiuto 85 anni il prossimo 10 luglio. Dal 1963 fino alla chiusura nel 2013 ha gestito con le sorelle Gina, Mary e Mara lo storico Caff\u00e8 Commercio in piazza Vittorio Emanuele, oggi sede del [&hellip;]<\/p>\n","protected":false},"author":2,"featured_media":123225,"comment_status":"closed","ping_status":"open","sticky":false,"template":"","format":"standard","meta":{"footnotes":""},"categories":[5,3446,26],"tags":[],"class_list":["post-123224","post","type-post","status-publish","format-standard","has-post-thumbnail","category-cronaca","category-featured","category-prima-pagina"],"yoast_head":"<!-- This site is optimized with the Yoast SEO plugin v28.4 - https:\/\/yoast.com\/product\/yoast-seo-wordpress\/ -->\n<title>E&#039; morta Amalia, titolare del caff\u00e8 Commercio per quasi 50 anni - Bellunopress - Dolomiti<\/title>\n<meta name=\"robots\" content=\"index, follow, max-snippet:-1, max-image-preview:large, max-video-preview:-1\" \/>\n<link rel=\"canonical\" href=\"https:\/\/www.bellunopress.it\/fr\/2021\/04\/11\/e-morta-amalia-titolare-del-caffe-commercio-per-quasi-50-anni\/\" \/>\n<meta property=\"og:locale\" content=\"fr_FR\" \/>\n<meta property=\"og:type\" content=\"article\" \/>\n<meta property=\"og:title\" content=\"E&#039; morta Amalia, titolare del caff\u00e8 Commercio per quasi 50 anni - Bellunopress - Dolomiti\" \/>\n<meta property=\"og:description\" content=\"Belluno, 11 aprile 2021 &#8211; E\u2019 morta nella notte all\u2019ospedale di Belluno dove era ricoverata da due mesi Amalia Zoldan, avrebbe compiuto 85 anni il prossimo 10 luglio. Dal 1963 fino alla chiusura nel 2013 ha gestito con le sorelle Gina, Mary e Mara lo storico Caff\u00e8 Commercio in piazza Vittorio Emanuele, oggi sede del [&hellip;]\" \/>\n<meta property=\"og:url\" content=\"https:\/\/www.bellunopress.it\/fr\/2021\/04\/11\/e-morta-amalia-titolare-del-caffe-commercio-per-quasi-50-anni\/\" \/>\n<meta property=\"og:site_name\" content=\"Bellunopress - Dolomiti\" \/>\n<meta property=\"article:publisher\" content=\"https:\/\/www.facebook.com\/profile.php?id=100008943462799\" \/>\n<meta property=\"article:published_time\" content=\"2021-04-11T09:53:24+00:00\" \/>\n<meta property=\"article:modified_time\" content=\"2021-04-11T19:06:26+00:00\" \/>\n<meta property=\"og:image\" content=\"https:\/\/www.bellunopress.it\/wp-content\/uploads\/2021\/04\/bar-commercio-2013_edited.jpg\" \/>\n\t<meta property=\"og:image:width\" content=\"1000\" \/>\n\t<meta property=\"og:image:height\" content=\"667\" \/>\n\t<meta property=\"og:image:type\" content=\"image\/jpeg\" \/>\n<meta name=\"author\" content=\"redazione\" \/>\n<meta name=\"twitter:card\" content=\"summary_large_image\" \/>\n<meta name=\"twitter:creator\" content=\"@bellunopress\" \/>\n<meta name=\"twitter:site\" content=\"@bellunopress\" \/>\n<meta name=\"twitter:label1\" content=\"\u00c9crit par\" \/>\n\t<meta name=\"twitter:data1\" content=\"redazione\" \/>\n\t<meta name=\"twitter:label2\" content=\"Dur\u00e9e de lecture estim\u00e9e\" \/>\n\t<meta name=\"twitter:data2\" content=\"2 minutes\" \/>\n<script type=\"application\/ld+json\" class=\"yoast-schema-graph\">{\"@context\":\"https:\\\/\\\/schema.org\",\"@graph\":[{\"@type\":\"Article\",\"@id\":\"https:\\\/\\\/www.bellunopress.it\\\/2021\\\/04\\\/11\\\/e-morta-amalia-titolare-del-caffe-commercio-per-quasi-50-anni\\\/#article\",\"isPartOf\":{\"@id\":\"https:\\\/\\\/www.bellunopress.it\\\/2021\\\/04\\\/11\\\/e-morta-amalia-titolare-del-caffe-commercio-per-quasi-50-anni\\\/\"},\"author\":{\"name\":\"redazione\",\"@id\":\"https:\\\/\\\/www.bellunopress.it\\\/#\\\/schema\\\/person\\\/79bb06722b37ece1c03d3e94beb30d73\"},\"headline\":\"E&#8217; morta Amalia, titolare del caff\u00e8 Commercio per quasi 50 anni\",\"datePublished\":\"2021-04-11T09:53:24+00:00\",\"dateModified\":\"2021-04-11T19:06:26+00:00\",\"mainEntityOfPage\":{\"@id\":\"https:\\\/\\\/www.bellunopress.it\\\/2021\\\/04\\\/11\\\/e-morta-amalia-titolare-del-caffe-commercio-per-quasi-50-anni\\\/\"},\"wordCount\":230,\"publisher\":{\"@id\":\"https:\\\/\\\/www.bellunopress.it\\\/#organization\"},\"image\":{\"@id\":\"https:\\\/\\\/www.bellunopress.it\\\/2021\\\/04\\\/11\\\/e-morta-amalia-titolare-del-caffe-commercio-per-quasi-50-anni\\\/#primaryimage\"},\"thumbnailUrl\":\"https:\\\/\\\/www.bellunopress.it\\\/wp-content\\\/uploads\\\/2021\\\/04\\\/bar-commercio-2013_edited.jpg\",\"articleSection\":[\"Cronaca\\\/Politica\",\"Featured\",\"Prima Pagina\"],\"inLanguage\":\"fr-FR\"},{\"@type\":\"WebPage\",\"@id\":\"https:\\\/\\\/www.bellunopress.it\\\/2021\\\/04\\\/11\\\/e-morta-amalia-titolare-del-caffe-commercio-per-quasi-50-anni\\\/\",\"url\":\"https:\\\/\\\/www.bellunopress.it\\\/2021\\\/04\\\/11\\\/e-morta-amalia-titolare-del-caffe-commercio-per-quasi-50-anni\\\/\",\"name\":\"E' morta Amalia, titolare del caff\u00e8 Commercio per quasi 50 anni - Bellunopress - Dolomiti\",\"isPartOf\":{\"@id\":\"https:\\\/\\\/www.bellunopress.it\\\/#website\"},\"primaryImageOfPage\":{\"@id\":\"https:\\\/\\\/www.bellunopress.it\\\/2021\\\/04\\\/11\\\/e-morta-amalia-titolare-del-caffe-commercio-per-quasi-50-anni\\\/#primaryimage\"},\"image\":{\"@id\":\"https:\\\/\\\/www.bellunopress.it\\\/2021\\\/04\\\/11\\\/e-morta-amalia-titolare-del-caffe-commercio-per-quasi-50-anni\\\/#primaryimage\"},\"thumbnailUrl\":\"https:\\\/\\\/www.bellunopress.it\\\/wp-content\\\/uploads\\\/2021\\\/04\\\/bar-commercio-2013_edited.jpg\",\"datePublished\":\"2021-04-11T09:53:24+00:00\",\"dateModified\":\"2021-04-11T19:06:26+00:00\",\"breadcrumb\":{\"@id\":\"https:\\\/\\\/www.bellunopress.it\\\/2021\\\/04\\\/11\\\/e-morta-amalia-titolare-del-caffe-commercio-per-quasi-50-anni\\\/#breadcrumb\"},\"inLanguage\":\"fr-FR\",\"potentialAction\":[{\"@type\":\"ReadAction\",\"target\":[\"https:\\\/\\\/www.bellunopress.it\\\/2021\\\/04\\\/11\\\/e-morta-amalia-titolare-del-caffe-commercio-per-quasi-50-anni\\\/\"]}]},{\"@type\":\"ImageObject\",\"inLanguage\":\"fr-FR\",\"@id\":\"https:\\\/\\\/www.bellunopress.it\\\/2021\\\/04\\\/11\\\/e-morta-amalia-titolare-del-caffe-commercio-per-quasi-50-anni\\\/#primaryimage\",\"url\":\"https:\\\/\\\/www.bellunopress.it\\\/wp-content\\\/uploads\\\/2021\\\/04\\\/bar-commercio-2013_edited.jpg\",\"contentUrl\":\"https:\\\/\\\/www.bellunopress.it\\\/wp-content\\\/uploads\\\/2021\\\/04\\\/bar-commercio-2013_edited.jpg\",\"width\":1000,\"height\":667},{\"@type\":\"BreadcrumbList\",\"@id\":\"https:\\\/\\\/www.bellunopress.it\\\/2021\\\/04\\\/11\\\/e-morta-amalia-titolare-del-caffe-commercio-per-quasi-50-anni\\\/#breadcrumb\",\"itemListElement\":[{\"@type\":\"ListItem\",\"position\":1,\"name\":\"Home\",\"item\":\"https:\\\/\\\/www.bellunopress.it\\\/\"},{\"@type\":\"ListItem\",\"position\":2,\"name\":\"E&#8217; morta Amalia, titolare del caff\u00e8 Commercio per quasi 50 anni\"}]},{\"@type\":\"WebSite\",\"@id\":\"https:\\\/\\\/www.bellunopress.it\\\/#website\",\"url\":\"https:\\\/\\\/www.bellunopress.it\\\/\",\"name\":\"Bellunopress - Dolomiti\",\"description\":\"e-mail: redazione@bellunopress.it\",\"publisher\":{\"@id\":\"https:\\\/\\\/www.bellunopress.it\\\/#organization\"},\"potentialAction\":[{\"@type\":\"SearchAction\",\"target\":{\"@type\":\"EntryPoint\",\"urlTemplate\":\"https:\\\/\\\/www.bellunopress.it\\\/?s={search_term_string}\"},\"query-input\":{\"@type\":\"PropertyValueSpecification\",\"valueRequired\":true,\"valueName\":\"search_term_string\"}}],\"inLanguage\":\"fr-FR\"},{\"@type\":\"Organization\",\"@id\":\"https:\\\/\\\/www.bellunopress.it\\\/#organization\",\"name\":\"Bellunopress\",\"url\":\"https:\\\/\\\/www.bellunopress.it\\\/\",\"logo\":{\"@type\":\"ImageObject\",\"inLanguage\":\"fr-FR\",\"@id\":\"https:\\\/\\\/www.bellunopress.it\\\/#\\\/schema\\\/logo\\\/image\\\/\",\"url\":\"https:\\\/\\\/www.bellunopress.it\\\/wp-content\\\/uploads\\\/2011\\\/05\\\/cropped-logo-bellunopress-.jpg\",\"contentUrl\":\"https:\\\/\\\/www.bellunopress.it\\\/wp-content\\\/uploads\\\/2011\\\/05\\\/cropped-logo-bellunopress-.jpg\",\"width\":512,\"height\":512,\"caption\":\"Bellunopress\"},\"image\":{\"@id\":\"https:\\\/\\\/www.bellunopress.it\\\/#\\\/schema\\\/logo\\\/image\\\/\"},\"sameAs\":[\"https:\\\/\\\/www.facebook.com\\\/profile.php?id=100008943462799\",\"https:\\\/\\\/x.com\\\/bellunopress\",\"https:\\\/\\\/www.linkedin.com\\\/hp\\\/?dnr=JBzUWaJfMUw8vbXJJ2tVW5-I3jZKvC4wsoxE&amp;amp;amp;amp;amp;amp;trk=nav_responsive_tab_home\",\"https:\\\/\\\/www.youtube.com\\\/channel\\\/UCxL0wu1uN0_3_7hGG0306cw\"]},{\"@type\":\"Person\",\"@id\":\"https:\\\/\\\/www.bellunopress.it\\\/#\\\/schema\\\/person\\\/79bb06722b37ece1c03d3e94beb30d73\",\"name\":\"redazione\",\"image\":{\"@type\":\"ImageObject\",\"inLanguage\":\"fr-FR\",\"@id\":\"https:\\\/\\\/secure.gravatar.com\\\/avatar\\\/37d968a2e67a6fd04c169c4bdef102d0bc5d31b2546345219e348575eb80e9a0?s=96&d=mm&r=g\",\"url\":\"https:\\\/\\\/secure.gravatar.com\\\/avatar\\\/37d968a2e67a6fd04c169c4bdef102d0bc5d31b2546345219e348575eb80e9a0?s=96&d=mm&r=g\",\"contentUrl\":\"https:\\\/\\\/secure.gravatar.com\\\/avatar\\\/37d968a2e67a6fd04c169c4bdef102d0bc5d31b2546345219e348575eb80e9a0?s=96&d=mm&r=g\",\"caption\":\"redazione\"},\"sameAs\":[\"http:\\\/\\\/www.bellunopress.it\",\"https:\\\/\\\/x.com\\\/bellunopress\"],\"url\":\"https:\\\/\\\/www.bellunopress.it\\\/fr\\\/author\\\/redazione\\\/\"}]}<\/script>\n<!-- \/ Yoast SEO plugin. -->","yoast_head_json":{"title":"E' morta Amalia, titolare del caff\u00e8 Commercio per quasi 50 anni - Bellunopress - Dolomiti","robots":{"index":"index","follow":"follow","max-snippet":"max-snippet:-1","max-image-preview":"max-image-preview:large","max-video-preview":"max-video-preview:-1"},"canonical":"https:\/\/www.bellunopress.it\/fr\/2021\/04\/11\/e-morta-amalia-titolare-del-caffe-commercio-per-quasi-50-anni\/","og_locale":"fr_FR","og_type":"article","og_title":"E' morta Amalia, titolare del caff\u00e8 Commercio per quasi 50 anni - Bellunopress - Dolomiti","og_description":"Belluno, 11 aprile 2021 &#8211; E\u2019 morta nella notte all\u2019ospedale di Belluno dove era ricoverata da due mesi Amalia Zoldan, avrebbe compiuto 85 anni il prossimo 10 luglio. Dal 1963 fino alla chiusura nel 2013 ha gestito con le sorelle Gina, Mary e Mara lo storico Caff\u00e8 Commercio in piazza Vittorio Emanuele, oggi sede del [&hellip;]","og_url":"https:\/\/www.bellunopress.it\/fr\/2021\/04\/11\/e-morta-amalia-titolare-del-caffe-commercio-per-quasi-50-anni\/","og_site_name":"Bellunopress - Dolomiti","article_publisher":"https:\/\/www.facebook.com\/profile.php?id=100008943462799","article_published_time":"2021-04-11T09:53:24+00:00","article_modified_time":"2021-04-11T19:06:26+00:00","og_image":[{"width":1000,"height":667,"url":"https:\/\/www.bellunopress.it\/wp-content\/uploads\/2021\/04\/bar-commercio-2013_edited.jpg","type":"image\/jpeg"}],"author":"redazione","twitter_card":"summary_large_image","twitter_creator":"@bellunopress","twitter_site":"@bellunopress","twitter_misc":{"\u00c9crit par":"redazione","Dur\u00e9e de lecture estim\u00e9e":"2 minutes"},"schema":{"@context":"https:\/\/schema.org","@graph":[{"@type":"Article","@id":"https:\/\/www.bellunopress.it\/2021\/04\/11\/e-morta-amalia-titolare-del-caffe-commercio-per-quasi-50-anni\/#article","isPartOf":{"@id":"https:\/\/www.bellunopress.it\/2021\/04\/11\/e-morta-amalia-titolare-del-caffe-commercio-per-quasi-50-anni\/"},"author":{"name":"redazione","@id":"https:\/\/www.bellunopress.it\/#\/schema\/person\/79bb06722b37ece1c03d3e94beb30d73"},"headline":"E&#8217; morta Amalia, titolare del caff\u00e8 Commercio per quasi 50 anni","datePublished":"2021-04-11T09:53:24+00:00","dateModified":"2021-04-11T19:06:26+00:00","mainEntityOfPage":{"@id":"https:\/\/www.bellunopress.it\/2021\/04\/11\/e-morta-amalia-titolare-del-caffe-commercio-per-quasi-50-anni\/"},"wordCount":230,"publisher":{"@id":"https:\/\/www.bellunopress.it\/#organization"},"image":{"@id":"https:\/\/www.bellunopress.it\/2021\/04\/11\/e-morta-amalia-titolare-del-caffe-commercio-per-quasi-50-anni\/#primaryimage"},"thumbnailUrl":"https:\/\/www.bellunopress.it\/wp-content\/uploads\/2021\/04\/bar-commercio-2013_edited.jpg","articleSection":["Cronaca\/Politica","Featured","Prima Pagina"],"inLanguage":"fr-FR"},{"@type":"WebPage","@id":"https:\/\/www.bellunopress.it\/2021\/04\/11\/e-morta-amalia-titolare-del-caffe-commercio-per-quasi-50-anni\/","url":"https:\/\/www.bellunopress.it\/2021\/04\/11\/e-morta-amalia-titolare-del-caffe-commercio-per-quasi-50-anni\/","name":"E' morta Amalia, titolare del caff\u00e8 Commercio per quasi 50 anni - Bellunopress - Dolomiti","isPartOf":{"@id":"https:\/\/www.bellunopress.it\/#website"},"primaryImageOfPage":{"@id":"https:\/\/www.bellunopress.it\/2021\/04\/11\/e-morta-amalia-titolare-del-caffe-commercio-per-quasi-50-anni\/#primaryimage"},"image":{"@id":"https:\/\/www.bellunopress.it\/2021\/04\/11\/e-morta-amalia-titolare-del-caffe-commercio-per-quasi-50-anni\/#primaryimage"},"thumbnailUrl":"https:\/\/www.bellunopress.it\/wp-content\/uploads\/2021\/04\/bar-commercio-2013_edited.jpg","datePublished":"2021-04-11T09:53:24+00:00","dateModified":"2021-04-11T19:06:26+00:00","breadcrumb":{"@id":"https:\/\/www.bellunopress.it\/2021\/04\/11\/e-morta-amalia-titolare-del-caffe-commercio-per-quasi-50-anni\/#breadcrumb"},"inLanguage":"fr-FR","potentialAction":[{"@type":"ReadAction","target":["https:\/\/www.bellunopress.it\/2021\/04\/11\/e-morta-amalia-titolare-del-caffe-commercio-per-quasi-50-anni\/"]}]},{"@type":"ImageObject","inLanguage":"fr-FR","@id":"https:\/\/www.bellunopress.it\/2021\/04\/11\/e-morta-amalia-titolare-del-caffe-commercio-per-quasi-50-anni\/#primaryimage","url":"https:\/\/www.bellunopress.it\/wp-content\/uploads\/2021\/04\/bar-commercio-2013_edited.jpg","contentUrl":"https:\/\/www.bellunopress.it\/wp-content\/uploads\/2021\/04\/bar-commercio-2013_edited.jpg","width":1000,"height":667},{"@type":"BreadcrumbList","@id":"https:\/\/www.bellunopress.it\/2021\/04\/11\/e-morta-amalia-titolare-del-caffe-commercio-per-quasi-50-anni\/#breadcrumb","itemListElement":[{"@type":"ListItem","position":1,"name":"Home","item":"https:\/\/www.bellunopress.it\/"},{"@type":"ListItem","position":2,"name":"E&#8217; morta Amalia, titolare del caff\u00e8 Commercio per quasi 50 anni"}]},{"@type":"WebSite","@id":"https:\/\/www.bellunopress.it\/#website","url":"https:\/\/www.bellunopress.it\/","name":"Bellunopress - Dolomiti","description":"e-mail: redazione@bellunopress.it","publisher":{"@id":"https:\/\/www.bellunopress.it\/#organization"},"potentialAction":[{"@type":"SearchAction","target":{"@type":"EntryPoint","urlTemplate":"https:\/\/www.bellunopress.it\/?s={search_term_string}"},"query-input":{"@type":"PropertyValueSpecification","valueRequired":true,"valueName":"search_term_string"}}],"inLanguage":"fr-FR"},{"@type":"Organization","@id":"https:\/\/www.bellunopress.it\/#organization","name":"Bellunopress","url":"https:\/\/www.bellunopress.it\/","logo":{"@type":"ImageObject","inLanguage":"fr-FR","@id":"https:\/\/www.bellunopress.it\/#\/schema\/logo\/image\/","url":"https:\/\/www.bellunopress.it\/wp-content\/uploads\/2011\/05\/cropped-logo-bellunopress-.jpg","contentUrl":"https:\/\/www.bellunopress.it\/wp-content\/uploads\/2011\/05\/cropped-logo-bellunopress-.jpg","width":512,"height":512,"caption":"Bellunopress"},"image":{"@id":"https:\/\/www.bellunopress.it\/#\/schema\/logo\/image\/"},"sameAs":["https:\/\/www.facebook.com\/profile.php?id=100008943462799","https:\/\/x.com\/bellunopress","https:\/\/www.linkedin.com\/hp\/?dnr=JBzUWaJfMUw8vbXJJ2tVW5-I3jZKvC4wsoxE&amp;amp;amp;amp;amp;amp;trk=nav_responsive_tab_home","https:\/\/www.youtube.com\/channel\/UCxL0wu1uN0_3_7hGG0306cw"]},{"@type":"Person","@id":"https:\/\/www.bellunopress.it\/#\/schema\/person\/79bb06722b37ece1c03d3e94beb30d73","name":"r\u00e9daction","image":{"@type":"ImageObject","inLanguage":"fr-FR","@id":"https:\/\/secure.gravatar.com\/avatar\/37d968a2e67a6fd04c169c4bdef102d0bc5d31b2546345219e348575eb80e9a0?s=96&d=mm&r=g","url":"https:\/\/secure.gravatar.com\/avatar\/37d968a2e67a6fd04c169c4bdef102d0bc5d31b2546345219e348575eb80e9a0?s=96&d=mm&r=g","contentUrl":"https:\/\/secure.gravatar.com\/avatar\/37d968a2e67a6fd04c169c4bdef102d0bc5d31b2546345219e348575eb80e9a0?s=96&d=mm&r=g","caption":"redazione"},"sameAs":["http:\/\/www.bellunopress.it","https:\/\/x.com\/bellunopress"],"url":"https:\/\/www.bellunopress.it\/fr\/author\/redazione\/"}]}},"_links":{"self":[{"href":"https:\/\/www.bellunopress.it\/fr\/wp-json\/wp\/v2\/posts\/123224","targetHints":{"allow":["GET"]}}],"collection":[{"href":"https:\/\/www.bellunopress.it\/fr\/wp-json\/wp\/v2\/posts"}],"about":[{"href":"https:\/\/www.bellunopress.it\/fr\/wp-json\/wp\/v2\/types\/post"}],"author":[{"embeddable":true,"href":"https:\/\/www.bellunopress.it\/fr\/wp-json\/wp\/v2\/users\/2"}],"replies":[{"embeddable":true,"href":"https:\/\/www.bellunopress.it\/fr\/wp-json\/wp\/v2\/comments?post=123224"}],"version-history":[{"count":8,"href":"https:\/\/www.bellunopress.it\/fr\/wp-json\/wp\/v2\/posts\/123224\/revisions"}],"predecessor-version":[{"id":123243,"href":"https:\/\/www.bellunopress.it\/fr\/wp-json\/wp\/v2\/posts\/123224\/revisions\/123243"}],"wp:featuredmedia":[{"embeddable":true,"href":"https:\/\/www.bellunopress.it\/fr\/wp-json\/wp\/v2\/media\/123225"}],"wp:attachment":[{"href":"https:\/\/www.bellunopress.it\/fr\/wp-json\/wp\/v2\/media?parent=123224"}],"wp:term":[{"taxonomy":"category","embeddable":true,"href":"https:\/\/www.bellunopress.it\/fr\/wp-json\/wp\/v2\/categories?post=123224"},{"taxonomy":"post_tag","embeddable":true,"href":"https:\/\/www.bellunopress.it\/fr\/wp-json\/wp\/v2\/tags?post=123224"}],"curies":[{"name":"wp","href":"https:\/\/api.w.org\/{rel}","templated":true}]}}