{"id":123181,"date":"2021-04-11T01:12:00","date_gmt":"2021-04-10T23:12:00","guid":{"rendered":"https:\/\/www.bellunopress.it\/?p=123181"},"modified":"2021-04-10T12:17:32","modified_gmt":"2021-04-10T10:17:32","slug":"borgo-valbelluna-31-edizione-del-concorso-letterario-nazionale-trichiana-paese-del-libro","status":"publish","type":"post","link":"https:\/\/www.bellunopress.it\/fr\/2021\/04\/11\/borgo-valbelluna-31-edizione-del-concorso-letterario-nazionale-trichiana-paese-del-libro\/","title":{"rendered":"Borgo Valbelluna: 31^ edizione del concorso letterario nazionale \u201cTrichiana Paese del Libro\u201d"},"content":{"rendered":"<figure id=\"attachment_123182\" aria-describedby=\"caption-attachment-123182\" style=\"width: 596px\" class=\"wp-caption alignleft\"><a href=\"https:\/\/www.bellunopress.it\/fr\/?attachment_id=123182\" rel=\"attachment wp-att-123182\"><img loading=\"lazy\" decoding=\"async\" class=\"size-full wp-image-123182\" src=\"https:\/\/www.bellunopress.it\/wp-content\/uploads\/2021\/04\/Monica-Frapporti-.jpg\" alt=\"\" width=\"596\" height=\"1000\" srcset=\"https:\/\/www.bellunopress.it\/wp-content\/uploads\/2021\/04\/Monica-Frapporti-.jpg 596w, https:\/\/www.bellunopress.it\/wp-content\/uploads\/2021\/04\/Monica-Frapporti--298x500.jpg 298w, https:\/\/www.bellunopress.it\/wp-content\/uploads\/2021\/04\/Monica-Frapporti--250x420.jpg 250w\" sizes=\"auto, (max-width: 596px) 100vw, 596px\" \/><\/a><figcaption id=\"caption-attachment-123182\" class=\"wp-caption-text\">Monica Frapporti &#8211; Assessore Borgo Valbelluna<\/figcaption><\/figure>\n<p>L\u2019Amministrazione comunale di Borgo Valbelluna ha reso pubblico il bando della 31^ edizione del Premio Letterario Nazionale \u201cTrichiana Paese del Libro\u201d, concorso per racconti inediti.<\/p>\n<p>Anche per l\u2019edizione 2021 il presidente di Giuria \u00e8 Tiziano Scarpa, romanziere, poeta e drammaturgo, autore, tra i tanti titoli, di \u201cVenezia \u00e8 un pesce\u201d, \u201cStabat mater\u201d (Premio Strega 2009 e premio SuperMondello 2009) e i pi\u00f9 recenti \u201cIl cipiglio del gufo\u201d e \u201cLa penultima magia\u201d, quest\u2019ultimo presentato a Borgo Valbelluna nella serata conclusiva della 30^ edizione del premio.<\/p>\n<p>Per la 31^ edizione, Tiziano Scarpa ha proposto un tema molto stimolante e ricco di possibili sviluppi: \u201cLa svolta\u201d. Partendo dal momento che stiamo vivendo, che ci ha fatto diventare esperti di svolte, Tiziano Scarpa suggerisce nel testo di presentazione del tema del concorso tutte le svolte che possiamo incontrare nella nostra vita: quelle passive e sub\u00ecte, che ci travolgono e cambiano la vita nostro malgrado, quelle attive e prescelte, che ci portano a cambiare lavoro, amori, luogo dove vivere. E le svolte che non riusciamo a affrontare, per paura o per comodit\u00e0.<\/p>\n<p>Non vogliono invece cambiare strada o svoltare l\u2019assessore alla cultura di Borgo Valbelluna, Monica Frapporti, e l\u2019Amministrazione comunale di Borgo Valbelluna, che proseguendo nel solco tracciato da trent\u2019anni a questa parte, si dichiarano sostenitori convinti del valore della cultura e della scrittura. \u201cNoi continuiamo a credere nel valore della scrittura e il premio letterario nazionale \u201cTrichiana Paese del Libro\u201d \u00e8 il nostro modo di testimoniarlo. Anche in questo scenario drammatico e con tante urgenze a cui pensare, \u00e8 importante continuare a proporre iniziative come questa in quanto la scrittura, per usare una metafora di Philip Roth, rimane un\u2019\u00e0ncora di salvezza fondamentale per chi scrive e ancor pi\u00f9 per chi legge\u201d afferma l\u2019assessore.<\/p>\n<p>Il bando \u00e8 riservato a racconti inediti sul tema \u201cLa svolta\u201d e l\u2019invio del racconto, nei modi indicati dal bando, scade il 31 maggio 2021. La cerimonia di premiazione \u00e8 prevista per il 28 agosto 2021.<br \/>\nIl bando integrale del concorso \u00e8 reperibile sul sito istituzionale del Comune di Borgo Valbelluna, sulle pagine Facebook e Instagram Borgo Valbelluna Cultura o pu\u00f2 essere richiesto inviando una mail a premioletterario@borgovalbelluna.bl.it<\/p>","protected":false},"excerpt":{"rendered":"<p>L\u2019Amministrazione comunale di Borgo Valbelluna ha reso pubblico il bando della 31^ edizione del Premio Letterario Nazionale \u201cTrichiana Paese del Libro\u201d, concorso per racconti inediti. Anche per l\u2019edizione 2021 il presidente di Giuria \u00e8 Tiziano Scarpa, romanziere, poeta e drammaturgo, autore, tra i tanti titoli, di \u201cVenezia \u00e8 un pesce\u201d, \u201cStabat mater\u201d (Premio Strega 2009 [&hellip;]<\/p>\n","protected":false},"author":2,"featured_media":123182,"comment_status":"closed","ping_status":"open","sticky":false,"template":"","format":"standard","meta":{"footnotes":""},"categories":[27,3,25],"tags":[],"class_list":["post-123181","post","type-post","status-publish","format-standard","has-post-thumbnail","category-appuntamenti","category-arte-cultura-spettacoli-scienza-archivi","category-pausa-caffe"],"yoast_head":"<!-- This site is optimized with the Yoast SEO plugin v28.4 - https:\/\/yoast.com\/product\/yoast-seo-wordpress\/ -->\n<title>Borgo Valbelluna: 31^ edizione del concorso letterario nazionale \u201cTrichiana Paese del Libro\u201d - Bellunopress - Dolomiti<\/title>\n<meta name=\"robots\" content=\"index, follow, max-snippet:-1, max-image-preview:large, max-video-preview:-1\" \/>\n<link rel=\"canonical\" href=\"https:\/\/www.bellunopress.it\/fr\/2021\/04\/11\/borgo-valbelluna-31-edizione-del-concorso-letterario-nazionale-trichiana-paese-del-libro\/\" \/>\n<meta property=\"og:locale\" content=\"fr_FR\" \/>\n<meta property=\"og:type\" content=\"article\" \/>\n<meta property=\"og:title\" content=\"Borgo Valbelluna: 31^ edizione del concorso letterario nazionale \u201cTrichiana Paese del Libro\u201d - Bellunopress - Dolomiti\" \/>\n<meta property=\"og:description\" content=\"L\u2019Amministrazione comunale di Borgo Valbelluna ha reso pubblico il bando della 31^ edizione del Premio Letterario Nazionale \u201cTrichiana Paese del Libro\u201d, concorso per racconti inediti. Anche per l\u2019edizione 2021 il presidente di Giuria \u00e8 Tiziano Scarpa, romanziere, poeta e drammaturgo, autore, tra i tanti titoli, di \u201cVenezia \u00e8 un pesce\u201d, \u201cStabat mater\u201d (Premio Strega 2009 [&hellip;]\" \/>\n<meta property=\"og:url\" content=\"https:\/\/www.bellunopress.it\/fr\/2021\/04\/11\/borgo-valbelluna-31-edizione-del-concorso-letterario-nazionale-trichiana-paese-del-libro\/\" \/>\n<meta property=\"og:site_name\" content=\"Bellunopress - Dolomiti\" \/>\n<meta property=\"article:publisher\" content=\"https:\/\/www.facebook.com\/profile.php?id=100008943462799\" \/>\n<meta property=\"article:published_time\" content=\"2021-04-10T23:12:00+00:00\" \/>\n<meta property=\"og:image\" content=\"https:\/\/www.bellunopress.it\/wp-content\/uploads\/2021\/04\/Monica-Frapporti-.jpg\" \/>\n\t<meta property=\"og:image:width\" content=\"596\" \/>\n\t<meta property=\"og:image:height\" content=\"1000\" \/>\n\t<meta property=\"og:image:type\" content=\"image\/jpeg\" \/>\n<meta name=\"author\" content=\"redazione\" \/>\n<meta name=\"twitter:card\" content=\"summary_large_image\" \/>\n<meta name=\"twitter:creator\" content=\"@bellunopress\" \/>\n<meta name=\"twitter:site\" content=\"@bellunopress\" \/>\n<meta name=\"twitter:label1\" content=\"\u00c9crit par\" \/>\n\t<meta name=\"twitter:data1\" content=\"redazione\" \/>\n\t<meta name=\"twitter:label2\" content=\"Dur\u00e9e de lecture estim\u00e9e\" \/>\n\t<meta name=\"twitter:data2\" content=\"2 minutes\" \/>\n<script type=\"application\/ld+json\" class=\"yoast-schema-graph\">{\"@context\":\"https:\\\/\\\/schema.org\",\"@graph\":[{\"@type\":\"Article\",\"@id\":\"https:\\\/\\\/www.bellunopress.it\\\/2021\\\/04\\\/11\\\/borgo-valbelluna-31-edizione-del-concorso-letterario-nazionale-trichiana-paese-del-libro\\\/#article\",\"isPartOf\":{\"@id\":\"https:\\\/\\\/www.bellunopress.it\\\/2021\\\/04\\\/11\\\/borgo-valbelluna-31-edizione-del-concorso-letterario-nazionale-trichiana-paese-del-libro\\\/\"},\"author\":{\"name\":\"redazione\",\"@id\":\"https:\\\/\\\/www.bellunopress.it\\\/#\\\/schema\\\/person\\\/79bb06722b37ece1c03d3e94beb30d73\"},\"headline\":\"Borgo Valbelluna: 31^ edizione del concorso letterario nazionale \u201cTrichiana Paese del Libro\u201d\",\"datePublished\":\"2021-04-10T23:12:00+00:00\",\"mainEntityOfPage\":{\"@id\":\"https:\\\/\\\/www.bellunopress.it\\\/2021\\\/04\\\/11\\\/borgo-valbelluna-31-edizione-del-concorso-letterario-nazionale-trichiana-paese-del-libro\\\/\"},\"wordCount\":377,\"publisher\":{\"@id\":\"https:\\\/\\\/www.bellunopress.it\\\/#organization\"},\"image\":{\"@id\":\"https:\\\/\\\/www.bellunopress.it\\\/2021\\\/04\\\/11\\\/borgo-valbelluna-31-edizione-del-concorso-letterario-nazionale-trichiana-paese-del-libro\\\/#primaryimage\"},\"thumbnailUrl\":\"https:\\\/\\\/www.bellunopress.it\\\/wp-content\\\/uploads\\\/2021\\\/04\\\/Monica-Frapporti-.jpg\",\"articleSection\":[\"Appuntamenti, Eventi\",\"Arte, Cultura, Spettacoli, Scienza\",\"Pausa Caff\u00e8\"],\"inLanguage\":\"fr-FR\"},{\"@type\":\"WebPage\",\"@id\":\"https:\\\/\\\/www.bellunopress.it\\\/2021\\\/04\\\/11\\\/borgo-valbelluna-31-edizione-del-concorso-letterario-nazionale-trichiana-paese-del-libro\\\/\",\"url\":\"https:\\\/\\\/www.bellunopress.it\\\/2021\\\/04\\\/11\\\/borgo-valbelluna-31-edizione-del-concorso-letterario-nazionale-trichiana-paese-del-libro\\\/\",\"name\":\"Borgo Valbelluna: 31^ edizione del concorso letterario nazionale \u201cTrichiana Paese del Libro\u201d - Bellunopress - Dolomiti\",\"isPartOf\":{\"@id\":\"https:\\\/\\\/www.bellunopress.it\\\/#website\"},\"primaryImageOfPage\":{\"@id\":\"https:\\\/\\\/www.bellunopress.it\\\/2021\\\/04\\\/11\\\/borgo-valbelluna-31-edizione-del-concorso-letterario-nazionale-trichiana-paese-del-libro\\\/#primaryimage\"},\"image\":{\"@id\":\"https:\\\/\\\/www.bellunopress.it\\\/2021\\\/04\\\/11\\\/borgo-valbelluna-31-edizione-del-concorso-letterario-nazionale-trichiana-paese-del-libro\\\/#primaryimage\"},\"thumbnailUrl\":\"https:\\\/\\\/www.bellunopress.it\\\/wp-content\\\/uploads\\\/2021\\\/04\\\/Monica-Frapporti-.jpg\",\"datePublished\":\"2021-04-10T23:12:00+00:00\",\"breadcrumb\":{\"@id\":\"https:\\\/\\\/www.bellunopress.it\\\/2021\\\/04\\\/11\\\/borgo-valbelluna-31-edizione-del-concorso-letterario-nazionale-trichiana-paese-del-libro\\\/#breadcrumb\"},\"inLanguage\":\"fr-FR\",\"potentialAction\":[{\"@type\":\"ReadAction\",\"target\":[\"https:\\\/\\\/www.bellunopress.it\\\/2021\\\/04\\\/11\\\/borgo-valbelluna-31-edizione-del-concorso-letterario-nazionale-trichiana-paese-del-libro\\\/\"]}]},{\"@type\":\"ImageObject\",\"inLanguage\":\"fr-FR\",\"@id\":\"https:\\\/\\\/www.bellunopress.it\\\/2021\\\/04\\\/11\\\/borgo-valbelluna-31-edizione-del-concorso-letterario-nazionale-trichiana-paese-del-libro\\\/#primaryimage\",\"url\":\"https:\\\/\\\/www.bellunopress.it\\\/wp-content\\\/uploads\\\/2021\\\/04\\\/Monica-Frapporti-.jpg\",\"contentUrl\":\"https:\\\/\\\/www.bellunopress.it\\\/wp-content\\\/uploads\\\/2021\\\/04\\\/Monica-Frapporti-.jpg\",\"width\":596,\"height\":1000,\"caption\":\"Monica Frapporti - vicesindaco, assessore al Bilancio e alla Cultura di Borgo Valbelluna\"},{\"@type\":\"BreadcrumbList\",\"@id\":\"https:\\\/\\\/www.bellunopress.it\\\/2021\\\/04\\\/11\\\/borgo-valbelluna-31-edizione-del-concorso-letterario-nazionale-trichiana-paese-del-libro\\\/#breadcrumb\",\"itemListElement\":[{\"@type\":\"ListItem\",\"position\":1,\"name\":\"Home\",\"item\":\"https:\\\/\\\/www.bellunopress.it\\\/\"},{\"@type\":\"ListItem\",\"position\":2,\"name\":\"Borgo Valbelluna: 31^ edizione del concorso letterario nazionale \u201cTrichiana Paese del Libro\u201d\"}]},{\"@type\":\"WebSite\",\"@id\":\"https:\\\/\\\/www.bellunopress.it\\\/#website\",\"url\":\"https:\\\/\\\/www.bellunopress.it\\\/\",\"name\":\"Bellunopress - Dolomiti\",\"description\":\"e-mail: redazione@bellunopress.it\",\"publisher\":{\"@id\":\"https:\\\/\\\/www.bellunopress.it\\\/#organization\"},\"potentialAction\":[{\"@type\":\"SearchAction\",\"target\":{\"@type\":\"EntryPoint\",\"urlTemplate\":\"https:\\\/\\\/www.bellunopress.it\\\/?s={search_term_string}\"},\"query-input\":{\"@type\":\"PropertyValueSpecification\",\"valueRequired\":true,\"valueName\":\"search_term_string\"}}],\"inLanguage\":\"fr-FR\"},{\"@type\":\"Organization\",\"@id\":\"https:\\\/\\\/www.bellunopress.it\\\/#organization\",\"name\":\"Bellunopress\",\"url\":\"https:\\\/\\\/www.bellunopress.it\\\/\",\"logo\":{\"@type\":\"ImageObject\",\"inLanguage\":\"fr-FR\",\"@id\":\"https:\\\/\\\/www.bellunopress.it\\\/#\\\/schema\\\/logo\\\/image\\\/\",\"url\":\"https:\\\/\\\/www.bellunopress.it\\\/wp-content\\\/uploads\\\/2011\\\/05\\\/cropped-logo-bellunopress-.jpg\",\"contentUrl\":\"https:\\\/\\\/www.bellunopress.it\\\/wp-content\\\/uploads\\\/2011\\\/05\\\/cropped-logo-bellunopress-.jpg\",\"width\":512,\"height\":512,\"caption\":\"Bellunopress\"},\"image\":{\"@id\":\"https:\\\/\\\/www.bellunopress.it\\\/#\\\/schema\\\/logo\\\/image\\\/\"},\"sameAs\":[\"https:\\\/\\\/www.facebook.com\\\/profile.php?id=100008943462799\",\"https:\\\/\\\/x.com\\\/bellunopress\",\"https:\\\/\\\/www.linkedin.com\\\/hp\\\/?dnr=JBzUWaJfMUw8vbXJJ2tVW5-I3jZKvC4wsoxE&amp;amp;amp;amp;amp;amp;trk=nav_responsive_tab_home\",\"https:\\\/\\\/www.youtube.com\\\/channel\\\/UCxL0wu1uN0_3_7hGG0306cw\"]},{\"@type\":\"Person\",\"@id\":\"https:\\\/\\\/www.bellunopress.it\\\/#\\\/schema\\\/person\\\/79bb06722b37ece1c03d3e94beb30d73\",\"name\":\"redazione\",\"image\":{\"@type\":\"ImageObject\",\"inLanguage\":\"fr-FR\",\"@id\":\"https:\\\/\\\/secure.gravatar.com\\\/avatar\\\/37d968a2e67a6fd04c169c4bdef102d0bc5d31b2546345219e348575eb80e9a0?s=96&d=mm&r=g\",\"url\":\"https:\\\/\\\/secure.gravatar.com\\\/avatar\\\/37d968a2e67a6fd04c169c4bdef102d0bc5d31b2546345219e348575eb80e9a0?s=96&d=mm&r=g\",\"contentUrl\":\"https:\\\/\\\/secure.gravatar.com\\\/avatar\\\/37d968a2e67a6fd04c169c4bdef102d0bc5d31b2546345219e348575eb80e9a0?s=96&d=mm&r=g\",\"caption\":\"redazione\"},\"sameAs\":[\"http:\\\/\\\/www.bellunopress.it\",\"https:\\\/\\\/x.com\\\/bellunopress\"],\"url\":\"https:\\\/\\\/www.bellunopress.it\\\/fr\\\/author\\\/redazione\\\/\"}]}<\/script>\n<!-- \/ Yoast SEO plugin. -->","yoast_head_json":{"title":"Borgo Valbelluna: 31^ edizione del concorso letterario nazionale \u201cTrichiana Paese del Libro\u201d - Bellunopress - Dolomiti","robots":{"index":"index","follow":"follow","max-snippet":"max-snippet:-1","max-image-preview":"max-image-preview:large","max-video-preview":"max-video-preview:-1"},"canonical":"https:\/\/www.bellunopress.it\/fr\/2021\/04\/11\/borgo-valbelluna-31-edizione-del-concorso-letterario-nazionale-trichiana-paese-del-libro\/","og_locale":"fr_FR","og_type":"article","og_title":"Borgo Valbelluna: 31^ edizione del concorso letterario nazionale \u201cTrichiana Paese del Libro\u201d - Bellunopress - Dolomiti","og_description":"L\u2019Amministrazione comunale di Borgo Valbelluna ha reso pubblico il bando della 31^ edizione del Premio Letterario Nazionale \u201cTrichiana Paese del Libro\u201d, concorso per racconti inediti. Anche per l\u2019edizione 2021 il presidente di Giuria \u00e8 Tiziano Scarpa, romanziere, poeta e drammaturgo, autore, tra i tanti titoli, di \u201cVenezia \u00e8 un pesce\u201d, \u201cStabat mater\u201d (Premio Strega 2009 [&hellip;]","og_url":"https:\/\/www.bellunopress.it\/fr\/2021\/04\/11\/borgo-valbelluna-31-edizione-del-concorso-letterario-nazionale-trichiana-paese-del-libro\/","og_site_name":"Bellunopress - Dolomiti","article_publisher":"https:\/\/www.facebook.com\/profile.php?id=100008943462799","article_published_time":"2021-04-10T23:12:00+00:00","og_image":[{"width":596,"height":1000,"url":"https:\/\/www.bellunopress.it\/wp-content\/uploads\/2021\/04\/Monica-Frapporti-.jpg","type":"image\/jpeg"}],"author":"redazione","twitter_card":"summary_large_image","twitter_creator":"@bellunopress","twitter_site":"@bellunopress","twitter_misc":{"\u00c9crit par":"redazione","Dur\u00e9e de lecture estim\u00e9e":"2 minutes"},"schema":{"@context":"https:\/\/schema.org","@graph":[{"@type":"Article","@id":"https:\/\/www.bellunopress.it\/2021\/04\/11\/borgo-valbelluna-31-edizione-del-concorso-letterario-nazionale-trichiana-paese-del-libro\/#article","isPartOf":{"@id":"https:\/\/www.bellunopress.it\/2021\/04\/11\/borgo-valbelluna-31-edizione-del-concorso-letterario-nazionale-trichiana-paese-del-libro\/"},"author":{"name":"redazione","@id":"https:\/\/www.bellunopress.it\/#\/schema\/person\/79bb06722b37ece1c03d3e94beb30d73"},"headline":"Borgo Valbelluna: 31^ edizione del concorso letterario nazionale \u201cTrichiana Paese del Libro\u201d","datePublished":"2021-04-10T23:12:00+00:00","mainEntityOfPage":{"@id":"https:\/\/www.bellunopress.it\/2021\/04\/11\/borgo-valbelluna-31-edizione-del-concorso-letterario-nazionale-trichiana-paese-del-libro\/"},"wordCount":377,"publisher":{"@id":"https:\/\/www.bellunopress.it\/#organization"},"image":{"@id":"https:\/\/www.bellunopress.it\/2021\/04\/11\/borgo-valbelluna-31-edizione-del-concorso-letterario-nazionale-trichiana-paese-del-libro\/#primaryimage"},"thumbnailUrl":"https:\/\/www.bellunopress.it\/wp-content\/uploads\/2021\/04\/Monica-Frapporti-.jpg","articleSection":["Appuntamenti, Eventi","Arte, Cultura, Spettacoli, Scienza","Pausa Caff\u00e8"],"inLanguage":"fr-FR"},{"@type":"WebPage","@id":"https:\/\/www.bellunopress.it\/2021\/04\/11\/borgo-valbelluna-31-edizione-del-concorso-letterario-nazionale-trichiana-paese-del-libro\/","url":"https:\/\/www.bellunopress.it\/2021\/04\/11\/borgo-valbelluna-31-edizione-del-concorso-letterario-nazionale-trichiana-paese-del-libro\/","name":"Borgo Valbelluna: 31^ edizione del concorso letterario nazionale \u201cTrichiana Paese del Libro\u201d - Bellunopress - Dolomiti","isPartOf":{"@id":"https:\/\/www.bellunopress.it\/#website"},"primaryImageOfPage":{"@id":"https:\/\/www.bellunopress.it\/2021\/04\/11\/borgo-valbelluna-31-edizione-del-concorso-letterario-nazionale-trichiana-paese-del-libro\/#primaryimage"},"image":{"@id":"https:\/\/www.bellunopress.it\/2021\/04\/11\/borgo-valbelluna-31-edizione-del-concorso-letterario-nazionale-trichiana-paese-del-libro\/#primaryimage"},"thumbnailUrl":"https:\/\/www.bellunopress.it\/wp-content\/uploads\/2021\/04\/Monica-Frapporti-.jpg","datePublished":"2021-04-10T23:12:00+00:00","breadcrumb":{"@id":"https:\/\/www.bellunopress.it\/2021\/04\/11\/borgo-valbelluna-31-edizione-del-concorso-letterario-nazionale-trichiana-paese-del-libro\/#breadcrumb"},"inLanguage":"fr-FR","potentialAction":[{"@type":"ReadAction","target":["https:\/\/www.bellunopress.it\/2021\/04\/11\/borgo-valbelluna-31-edizione-del-concorso-letterario-nazionale-trichiana-paese-del-libro\/"]}]},{"@type":"ImageObject","inLanguage":"fr-FR","@id":"https:\/\/www.bellunopress.it\/2021\/04\/11\/borgo-valbelluna-31-edizione-del-concorso-letterario-nazionale-trichiana-paese-del-libro\/#primaryimage","url":"https:\/\/www.bellunopress.it\/wp-content\/uploads\/2021\/04\/Monica-Frapporti-.jpg","contentUrl":"https:\/\/www.bellunopress.it\/wp-content\/uploads\/2021\/04\/Monica-Frapporti-.jpg","width":596,"height":1000,"caption":"Monica Frapporti - vicesindaco, assessore al Bilancio e alla Cultura di Borgo Valbelluna"},{"@type":"BreadcrumbList","@id":"https:\/\/www.bellunopress.it\/2021\/04\/11\/borgo-valbelluna-31-edizione-del-concorso-letterario-nazionale-trichiana-paese-del-libro\/#breadcrumb","itemListElement":[{"@type":"ListItem","position":1,"name":"Home","item":"https:\/\/www.bellunopress.it\/"},{"@type":"ListItem","position":2,"name":"Borgo Valbelluna: 31^ edizione del concorso letterario nazionale \u201cTrichiana Paese del Libro\u201d"}]},{"@type":"WebSite","@id":"https:\/\/www.bellunopress.it\/#website","url":"https:\/\/www.bellunopress.it\/","name":"Bellunopress - Dolomiti","description":"e-mail: redazione@bellunopress.it","publisher":{"@id":"https:\/\/www.bellunopress.it\/#organization"},"potentialAction":[{"@type":"SearchAction","target":{"@type":"EntryPoint","urlTemplate":"https:\/\/www.bellunopress.it\/?s={search_term_string}"},"query-input":{"@type":"PropertyValueSpecification","valueRequired":true,"valueName":"search_term_string"}}],"inLanguage":"fr-FR"},{"@type":"Organization","@id":"https:\/\/www.bellunopress.it\/#organization","name":"Bellunopress","url":"https:\/\/www.bellunopress.it\/","logo":{"@type":"ImageObject","inLanguage":"fr-FR","@id":"https:\/\/www.bellunopress.it\/#\/schema\/logo\/image\/","url":"https:\/\/www.bellunopress.it\/wp-content\/uploads\/2011\/05\/cropped-logo-bellunopress-.jpg","contentUrl":"https:\/\/www.bellunopress.it\/wp-content\/uploads\/2011\/05\/cropped-logo-bellunopress-.jpg","width":512,"height":512,"caption":"Bellunopress"},"image":{"@id":"https:\/\/www.bellunopress.it\/#\/schema\/logo\/image\/"},"sameAs":["https:\/\/www.facebook.com\/profile.php?id=100008943462799","https:\/\/x.com\/bellunopress","https:\/\/www.linkedin.com\/hp\/?dnr=JBzUWaJfMUw8vbXJJ2tVW5-I3jZKvC4wsoxE&amp;amp;amp;amp;amp;amp;trk=nav_responsive_tab_home","https:\/\/www.youtube.com\/channel\/UCxL0wu1uN0_3_7hGG0306cw"]},{"@type":"Person","@id":"https:\/\/www.bellunopress.it\/#\/schema\/person\/79bb06722b37ece1c03d3e94beb30d73","name":"r\u00e9daction","image":{"@type":"ImageObject","inLanguage":"fr-FR","@id":"https:\/\/secure.gravatar.com\/avatar\/37d968a2e67a6fd04c169c4bdef102d0bc5d31b2546345219e348575eb80e9a0?s=96&d=mm&r=g","url":"https:\/\/secure.gravatar.com\/avatar\/37d968a2e67a6fd04c169c4bdef102d0bc5d31b2546345219e348575eb80e9a0?s=96&d=mm&r=g","contentUrl":"https:\/\/secure.gravatar.com\/avatar\/37d968a2e67a6fd04c169c4bdef102d0bc5d31b2546345219e348575eb80e9a0?s=96&d=mm&r=g","caption":"redazione"},"sameAs":["http:\/\/www.bellunopress.it","https:\/\/x.com\/bellunopress"],"url":"https:\/\/www.bellunopress.it\/fr\/author\/redazione\/"}]}},"_links":{"self":[{"href":"https:\/\/www.bellunopress.it\/fr\/wp-json\/wp\/v2\/posts\/123181","targetHints":{"allow":["GET"]}}],"collection":[{"href":"https:\/\/www.bellunopress.it\/fr\/wp-json\/wp\/v2\/posts"}],"about":[{"href":"https:\/\/www.bellunopress.it\/fr\/wp-json\/wp\/v2\/types\/post"}],"author":[{"embeddable":true,"href":"https:\/\/www.bellunopress.it\/fr\/wp-json\/wp\/v2\/users\/2"}],"replies":[{"embeddable":true,"href":"https:\/\/www.bellunopress.it\/fr\/wp-json\/wp\/v2\/comments?post=123181"}],"version-history":[{"count":1,"href":"https:\/\/www.bellunopress.it\/fr\/wp-json\/wp\/v2\/posts\/123181\/revisions"}],"predecessor-version":[{"id":123183,"href":"https:\/\/www.bellunopress.it\/fr\/wp-json\/wp\/v2\/posts\/123181\/revisions\/123183"}],"wp:featuredmedia":[{"embeddable":true,"href":"https:\/\/www.bellunopress.it\/fr\/wp-json\/wp\/v2\/media\/123182"}],"wp:attachment":[{"href":"https:\/\/www.bellunopress.it\/fr\/wp-json\/wp\/v2\/media?parent=123181"}],"wp:term":[{"taxonomy":"category","embeddable":true,"href":"https:\/\/www.bellunopress.it\/fr\/wp-json\/wp\/v2\/categories?post=123181"},{"taxonomy":"post_tag","embeddable":true,"href":"https:\/\/www.bellunopress.it\/fr\/wp-json\/wp\/v2\/tags?post=123181"}],"curies":[{"name":"wp","href":"https:\/\/api.w.org\/{rel}","templated":true}]}}