{"id":123118,"date":"2021-04-11T08:11:44","date_gmt":"2021-04-11T06:11:44","guid":{"rendered":"https:\/\/www.bellunopress.it\/?p=123118"},"modified":"2021-04-08T19:21:17","modified_gmt":"2021-04-08T17:21:17","slug":"dal-16-al-22-aprile-statale-chiusa-a-gravazze-per-realizzazione-sottopasso-ciclabile","status":"publish","type":"post","link":"https:\/\/www.bellunopress.it\/fr\/2021\/04\/11\/dal-16-al-22-aprile-statale-chiusa-a-gravazze-per-realizzazione-sottopasso-ciclabile\/","title":{"rendered":"Dal 16 al 22 aprile statale chiusa a Gravazze per realizzazione sottopasso ciclabile"},"content":{"rendered":"<p><a href=\"https:\/\/www.bellunopress.it\/fr\/?attachment_id=123120\" rel=\"attachment wp-att-123120\"><img loading=\"lazy\" decoding=\"async\" class=\"alignleft size-full wp-image-123120\" src=\"https:\/\/www.bellunopress.it\/wp-content\/uploads\/2021\/04\/Comune-di-Santa-Giustina_edited.jpg\" alt=\"\" width=\"350\" height=\"350\" srcset=\"https:\/\/www.bellunopress.it\/wp-content\/uploads\/2021\/04\/Comune-di-Santa-Giustina_edited.jpg 350w, https:\/\/www.bellunopress.it\/wp-content\/uploads\/2021\/04\/Comune-di-Santa-Giustina_edited-300x300.jpg 300w\" sizes=\"auto, (max-width: 350px) 100vw, 350px\" \/><\/a>Santa Giustina &#8211; Inizieranno il 16 aprile i lavori per la realizzazione di un sottopasso ciclabile in localit\u00e0 Gravazze, all\u2019interno dell\u2019importante opera inserita come variante Belluno-Feltre-Primolano nell\u2019itinerario di interesse nazionale \u201cCiclovia Lunga Via delle Dolomiti\u201d e riferito al Piano Regionale di mobilit\u00e0 ciclistica.<br \/>\nL\u2019opera \u00e8 mirata a togliere i ciclisti dalla Strada Statale, consentendo una viabilit\u00e0 alternativa in tutta sicurezza che assumer\u00e0 anche valenza paesaggistica, culturale e turistica.<br \/>\nIl tratto tra la rotatoria in localit\u00e0 Gravazze e il ponte di Bribano \u00e8 un punto nevralgico di questo fondamentale progetto, pertanto si rende necessaria, durante l\u2019esecuzione dei lavori, la chiusura della Statale 50 prevista dalle ore 9.00 del 16 alle ore 24.00 del 25 aprile.<\/p>\n<p>Il traffico sar\u00e0 deviato tramite relativa cartellonistica in questo modo:<br \/>\n&#8211; per chi da Feltre va a Belluno o Sedico deviazione a Busche sulla sinistra Piave che dovr\u00e0 essere percorsa anche da chi va da Belluno a Feltre;<br \/>\n&#8211; per coloro che dai Comuni di Cesiomaggiore, San Gregorio e Santa Giustina si devono recare ad Agordo, Sedico e Belluno la deviazione sar\u00e0 all\u2019incrocio di Meano verso Ponte Mas, cos\u00ec come nel senso inverso.<\/p>\n<p>Se non vi saranno intoppi, il disagio legato alla maggiorazione dei tempi di percorrenza durer\u00e0 soltanto una settimana; eventuali variazioni e la data di apertura saranno comunicate tempestivamente tramite i mezzi di informazione ed i canali istituzionali del Comune di Santa Giustina.<\/p>","protected":false},"excerpt":{"rendered":"<p>Santa Giustina &#8211; Inizieranno il 16 aprile i lavori per la realizzazione di un sottopasso ciclabile in localit\u00e0 Gravazze, all\u2019interno dell\u2019importante opera inserita come variante Belluno-Feltre-Primolano nell\u2019itinerario di interesse nazionale \u201cCiclovia Lunga Via delle Dolomiti\u201d e riferito al Piano Regionale di mobilit\u00e0 ciclistica. L\u2019opera \u00e8 mirata a togliere i ciclisti dalla Strada Statale, consentendo una [&hellip;]<\/p>\n","protected":false},"author":2,"featured_media":123120,"comment_status":"closed","ping_status":"open","sticky":false,"template":"","format":"standard","meta":{"footnotes":""},"categories":[26,8],"tags":[],"class_list":["post-123118","post","type-post","status-publish","format-standard","has-post-thumbnail","category-prima-pagina","category-societa-istituzioni"],"yoast_head":"<!-- This site is optimized with the Yoast SEO plugin v28.4 - https:\/\/yoast.com\/product\/yoast-seo-wordpress\/ -->\n<title>Dal 16 al 22 aprile statale chiusa a Gravazze per realizzazione sottopasso ciclabile - Bellunopress - Dolomiti<\/title>\n<meta name=\"robots\" content=\"index, follow, max-snippet:-1, max-image-preview:large, max-video-preview:-1\" \/>\n<link rel=\"canonical\" href=\"https:\/\/www.bellunopress.it\/fr\/2021\/04\/11\/dal-16-al-22-aprile-statale-chiusa-a-gravazze-per-realizzazione-sottopasso-ciclabile\/\" \/>\n<meta property=\"og:locale\" content=\"fr_FR\" \/>\n<meta property=\"og:type\" content=\"article\" \/>\n<meta property=\"og:title\" content=\"Dal 16 al 22 aprile statale chiusa a Gravazze per realizzazione sottopasso ciclabile - Bellunopress - Dolomiti\" \/>\n<meta property=\"og:description\" content=\"Santa Giustina &#8211; Inizieranno il 16 aprile i lavori per la realizzazione di un sottopasso ciclabile in localit\u00e0 Gravazze, all\u2019interno dell\u2019importante opera inserita come variante Belluno-Feltre-Primolano nell\u2019itinerario di interesse nazionale \u201cCiclovia Lunga Via delle Dolomiti\u201d e riferito al Piano Regionale di mobilit\u00e0 ciclistica. L\u2019opera \u00e8 mirata a togliere i ciclisti dalla Strada Statale, consentendo una [&hellip;]\" \/>\n<meta property=\"og:url\" content=\"https:\/\/www.bellunopress.it\/fr\/2021\/04\/11\/dal-16-al-22-aprile-statale-chiusa-a-gravazze-per-realizzazione-sottopasso-ciclabile\/\" \/>\n<meta property=\"og:site_name\" content=\"Bellunopress - Dolomiti\" \/>\n<meta property=\"article:publisher\" content=\"https:\/\/www.facebook.com\/profile.php?id=100008943462799\" \/>\n<meta property=\"article:published_time\" content=\"2021-04-11T06:11:44+00:00\" \/>\n<meta property=\"og:image\" content=\"https:\/\/www.bellunopress.it\/wp-content\/uploads\/2021\/04\/Comune-di-Santa-Giustina_edited.jpg\" \/>\n\t<meta property=\"og:image:width\" content=\"350\" \/>\n\t<meta property=\"og:image:height\" content=\"350\" \/>\n\t<meta property=\"og:image:type\" content=\"image\/jpeg\" \/>\n<meta name=\"author\" content=\"redazione\" \/>\n<meta name=\"twitter:card\" content=\"summary_large_image\" \/>\n<meta name=\"twitter:creator\" content=\"@bellunopress\" \/>\n<meta name=\"twitter:site\" content=\"@bellunopress\" \/>\n<meta name=\"twitter:label1\" content=\"\u00c9crit par\" \/>\n\t<meta name=\"twitter:data1\" content=\"redazione\" \/>\n\t<meta name=\"twitter:label2\" content=\"Dur\u00e9e de lecture estim\u00e9e\" \/>\n\t<meta name=\"twitter:data2\" content=\"2 minutes\" \/>\n<script type=\"application\/ld+json\" class=\"yoast-schema-graph\">{\"@context\":\"https:\\\/\\\/schema.org\",\"@graph\":[{\"@type\":\"Article\",\"@id\":\"https:\\\/\\\/www.bellunopress.it\\\/2021\\\/04\\\/11\\\/dal-16-al-22-aprile-statale-chiusa-a-gravazze-per-realizzazione-sottopasso-ciclabile\\\/#article\",\"isPartOf\":{\"@id\":\"https:\\\/\\\/www.bellunopress.it\\\/2021\\\/04\\\/11\\\/dal-16-al-22-aprile-statale-chiusa-a-gravazze-per-realizzazione-sottopasso-ciclabile\\\/\"},\"author\":{\"name\":\"redazione\",\"@id\":\"https:\\\/\\\/www.bellunopress.it\\\/#\\\/schema\\\/person\\\/79bb06722b37ece1c03d3e94beb30d73\"},\"headline\":\"Dal 16 al 22 aprile statale chiusa a Gravazze per realizzazione sottopasso ciclabile\",\"datePublished\":\"2021-04-11T06:11:44+00:00\",\"mainEntityOfPage\":{\"@id\":\"https:\\\/\\\/www.bellunopress.it\\\/2021\\\/04\\\/11\\\/dal-16-al-22-aprile-statale-chiusa-a-gravazze-per-realizzazione-sottopasso-ciclabile\\\/\"},\"wordCount\":238,\"publisher\":{\"@id\":\"https:\\\/\\\/www.bellunopress.it\\\/#organization\"},\"image\":{\"@id\":\"https:\\\/\\\/www.bellunopress.it\\\/2021\\\/04\\\/11\\\/dal-16-al-22-aprile-statale-chiusa-a-gravazze-per-realizzazione-sottopasso-ciclabile\\\/#primaryimage\"},\"thumbnailUrl\":\"https:\\\/\\\/www.bellunopress.it\\\/wp-content\\\/uploads\\\/2021\\\/04\\\/Comune-di-Santa-Giustina_edited.jpg\",\"articleSection\":[\"Prima Pagina\",\"Societ\u00e0, Associazioni, Istituzioni\"],\"inLanguage\":\"fr-FR\"},{\"@type\":\"WebPage\",\"@id\":\"https:\\\/\\\/www.bellunopress.it\\\/2021\\\/04\\\/11\\\/dal-16-al-22-aprile-statale-chiusa-a-gravazze-per-realizzazione-sottopasso-ciclabile\\\/\",\"url\":\"https:\\\/\\\/www.bellunopress.it\\\/2021\\\/04\\\/11\\\/dal-16-al-22-aprile-statale-chiusa-a-gravazze-per-realizzazione-sottopasso-ciclabile\\\/\",\"name\":\"Dal 16 al 22 aprile statale chiusa a Gravazze per realizzazione sottopasso ciclabile - Bellunopress - Dolomiti\",\"isPartOf\":{\"@id\":\"https:\\\/\\\/www.bellunopress.it\\\/#website\"},\"primaryImageOfPage\":{\"@id\":\"https:\\\/\\\/www.bellunopress.it\\\/2021\\\/04\\\/11\\\/dal-16-al-22-aprile-statale-chiusa-a-gravazze-per-realizzazione-sottopasso-ciclabile\\\/#primaryimage\"},\"image\":{\"@id\":\"https:\\\/\\\/www.bellunopress.it\\\/2021\\\/04\\\/11\\\/dal-16-al-22-aprile-statale-chiusa-a-gravazze-per-realizzazione-sottopasso-ciclabile\\\/#primaryimage\"},\"thumbnailUrl\":\"https:\\\/\\\/www.bellunopress.it\\\/wp-content\\\/uploads\\\/2021\\\/04\\\/Comune-di-Santa-Giustina_edited.jpg\",\"datePublished\":\"2021-04-11T06:11:44+00:00\",\"breadcrumb\":{\"@id\":\"https:\\\/\\\/www.bellunopress.it\\\/2021\\\/04\\\/11\\\/dal-16-al-22-aprile-statale-chiusa-a-gravazze-per-realizzazione-sottopasso-ciclabile\\\/#breadcrumb\"},\"inLanguage\":\"fr-FR\",\"potentialAction\":[{\"@type\":\"ReadAction\",\"target\":[\"https:\\\/\\\/www.bellunopress.it\\\/2021\\\/04\\\/11\\\/dal-16-al-22-aprile-statale-chiusa-a-gravazze-per-realizzazione-sottopasso-ciclabile\\\/\"]}]},{\"@type\":\"ImageObject\",\"inLanguage\":\"fr-FR\",\"@id\":\"https:\\\/\\\/www.bellunopress.it\\\/2021\\\/04\\\/11\\\/dal-16-al-22-aprile-statale-chiusa-a-gravazze-per-realizzazione-sottopasso-ciclabile\\\/#primaryimage\",\"url\":\"https:\\\/\\\/www.bellunopress.it\\\/wp-content\\\/uploads\\\/2021\\\/04\\\/Comune-di-Santa-Giustina_edited.jpg\",\"contentUrl\":\"https:\\\/\\\/www.bellunopress.it\\\/wp-content\\\/uploads\\\/2021\\\/04\\\/Comune-di-Santa-Giustina_edited.jpg\",\"width\":350,\"height\":350},{\"@type\":\"BreadcrumbList\",\"@id\":\"https:\\\/\\\/www.bellunopress.it\\\/2021\\\/04\\\/11\\\/dal-16-al-22-aprile-statale-chiusa-a-gravazze-per-realizzazione-sottopasso-ciclabile\\\/#breadcrumb\",\"itemListElement\":[{\"@type\":\"ListItem\",\"position\":1,\"name\":\"Home\",\"item\":\"https:\\\/\\\/www.bellunopress.it\\\/\"},{\"@type\":\"ListItem\",\"position\":2,\"name\":\"Dal 16 al 22 aprile statale chiusa a Gravazze per realizzazione sottopasso ciclabile\"}]},{\"@type\":\"WebSite\",\"@id\":\"https:\\\/\\\/www.bellunopress.it\\\/#website\",\"url\":\"https:\\\/\\\/www.bellunopress.it\\\/\",\"name\":\"Bellunopress - Dolomiti\",\"description\":\"e-mail: redazione@bellunopress.it\",\"publisher\":{\"@id\":\"https:\\\/\\\/www.bellunopress.it\\\/#organization\"},\"potentialAction\":[{\"@type\":\"SearchAction\",\"target\":{\"@type\":\"EntryPoint\",\"urlTemplate\":\"https:\\\/\\\/www.bellunopress.it\\\/?s={search_term_string}\"},\"query-input\":{\"@type\":\"PropertyValueSpecification\",\"valueRequired\":true,\"valueName\":\"search_term_string\"}}],\"inLanguage\":\"fr-FR\"},{\"@type\":\"Organization\",\"@id\":\"https:\\\/\\\/www.bellunopress.it\\\/#organization\",\"name\":\"Bellunopress\",\"url\":\"https:\\\/\\\/www.bellunopress.it\\\/\",\"logo\":{\"@type\":\"ImageObject\",\"inLanguage\":\"fr-FR\",\"@id\":\"https:\\\/\\\/www.bellunopress.it\\\/#\\\/schema\\\/logo\\\/image\\\/\",\"url\":\"https:\\\/\\\/www.bellunopress.it\\\/wp-content\\\/uploads\\\/2011\\\/05\\\/cropped-logo-bellunopress-.jpg\",\"contentUrl\":\"https:\\\/\\\/www.bellunopress.it\\\/wp-content\\\/uploads\\\/2011\\\/05\\\/cropped-logo-bellunopress-.jpg\",\"width\":512,\"height\":512,\"caption\":\"Bellunopress\"},\"image\":{\"@id\":\"https:\\\/\\\/www.bellunopress.it\\\/#\\\/schema\\\/logo\\\/image\\\/\"},\"sameAs\":[\"https:\\\/\\\/www.facebook.com\\\/profile.php?id=100008943462799\",\"https:\\\/\\\/x.com\\\/bellunopress\",\"https:\\\/\\\/www.linkedin.com\\\/hp\\\/?dnr=JBzUWaJfMUw8vbXJJ2tVW5-I3jZKvC4wsoxE&amp;amp;amp;amp;amp;amp;trk=nav_responsive_tab_home\",\"https:\\\/\\\/www.youtube.com\\\/channel\\\/UCxL0wu1uN0_3_7hGG0306cw\"]},{\"@type\":\"Person\",\"@id\":\"https:\\\/\\\/www.bellunopress.it\\\/#\\\/schema\\\/person\\\/79bb06722b37ece1c03d3e94beb30d73\",\"name\":\"redazione\",\"image\":{\"@type\":\"ImageObject\",\"inLanguage\":\"fr-FR\",\"@id\":\"https:\\\/\\\/secure.gravatar.com\\\/avatar\\\/37d968a2e67a6fd04c169c4bdef102d0bc5d31b2546345219e348575eb80e9a0?s=96&d=mm&r=g\",\"url\":\"https:\\\/\\\/secure.gravatar.com\\\/avatar\\\/37d968a2e67a6fd04c169c4bdef102d0bc5d31b2546345219e348575eb80e9a0?s=96&d=mm&r=g\",\"contentUrl\":\"https:\\\/\\\/secure.gravatar.com\\\/avatar\\\/37d968a2e67a6fd04c169c4bdef102d0bc5d31b2546345219e348575eb80e9a0?s=96&d=mm&r=g\",\"caption\":\"redazione\"},\"sameAs\":[\"http:\\\/\\\/www.bellunopress.it\",\"https:\\\/\\\/x.com\\\/bellunopress\"],\"url\":\"https:\\\/\\\/www.bellunopress.it\\\/fr\\\/author\\\/redazione\\\/\"}]}<\/script>\n<!-- \/ Yoast SEO plugin. -->","yoast_head_json":{"title":"Dal 16 al 22 aprile statale chiusa a Gravazze per realizzazione sottopasso ciclabile - Bellunopress - Dolomiti","robots":{"index":"index","follow":"follow","max-snippet":"max-snippet:-1","max-image-preview":"max-image-preview:large","max-video-preview":"max-video-preview:-1"},"canonical":"https:\/\/www.bellunopress.it\/fr\/2021\/04\/11\/dal-16-al-22-aprile-statale-chiusa-a-gravazze-per-realizzazione-sottopasso-ciclabile\/","og_locale":"fr_FR","og_type":"article","og_title":"Dal 16 al 22 aprile statale chiusa a Gravazze per realizzazione sottopasso ciclabile - Bellunopress - Dolomiti","og_description":"Santa Giustina &#8211; Inizieranno il 16 aprile i lavori per la realizzazione di un sottopasso ciclabile in localit\u00e0 Gravazze, all\u2019interno dell\u2019importante opera inserita come variante Belluno-Feltre-Primolano nell\u2019itinerario di interesse nazionale \u201cCiclovia Lunga Via delle Dolomiti\u201d e riferito al Piano Regionale di mobilit\u00e0 ciclistica. L\u2019opera \u00e8 mirata a togliere i ciclisti dalla Strada Statale, consentendo una [&hellip;]","og_url":"https:\/\/www.bellunopress.it\/fr\/2021\/04\/11\/dal-16-al-22-aprile-statale-chiusa-a-gravazze-per-realizzazione-sottopasso-ciclabile\/","og_site_name":"Bellunopress - Dolomiti","article_publisher":"https:\/\/www.facebook.com\/profile.php?id=100008943462799","article_published_time":"2021-04-11T06:11:44+00:00","og_image":[{"width":350,"height":350,"url":"https:\/\/www.bellunopress.it\/wp-content\/uploads\/2021\/04\/Comune-di-Santa-Giustina_edited.jpg","type":"image\/jpeg"}],"author":"redazione","twitter_card":"summary_large_image","twitter_creator":"@bellunopress","twitter_site":"@bellunopress","twitter_misc":{"\u00c9crit par":"redazione","Dur\u00e9e de lecture estim\u00e9e":"2 minutes"},"schema":{"@context":"https:\/\/schema.org","@graph":[{"@type":"Article","@id":"https:\/\/www.bellunopress.it\/2021\/04\/11\/dal-16-al-22-aprile-statale-chiusa-a-gravazze-per-realizzazione-sottopasso-ciclabile\/#article","isPartOf":{"@id":"https:\/\/www.bellunopress.it\/2021\/04\/11\/dal-16-al-22-aprile-statale-chiusa-a-gravazze-per-realizzazione-sottopasso-ciclabile\/"},"author":{"name":"redazione","@id":"https:\/\/www.bellunopress.it\/#\/schema\/person\/79bb06722b37ece1c03d3e94beb30d73"},"headline":"Dal 16 al 22 aprile statale chiusa a Gravazze per realizzazione sottopasso ciclabile","datePublished":"2021-04-11T06:11:44+00:00","mainEntityOfPage":{"@id":"https:\/\/www.bellunopress.it\/2021\/04\/11\/dal-16-al-22-aprile-statale-chiusa-a-gravazze-per-realizzazione-sottopasso-ciclabile\/"},"wordCount":238,"publisher":{"@id":"https:\/\/www.bellunopress.it\/#organization"},"image":{"@id":"https:\/\/www.bellunopress.it\/2021\/04\/11\/dal-16-al-22-aprile-statale-chiusa-a-gravazze-per-realizzazione-sottopasso-ciclabile\/#primaryimage"},"thumbnailUrl":"https:\/\/www.bellunopress.it\/wp-content\/uploads\/2021\/04\/Comune-di-Santa-Giustina_edited.jpg","articleSection":["Prima Pagina","Societ\u00e0, Associazioni, Istituzioni"],"inLanguage":"fr-FR"},{"@type":"WebPage","@id":"https:\/\/www.bellunopress.it\/2021\/04\/11\/dal-16-al-22-aprile-statale-chiusa-a-gravazze-per-realizzazione-sottopasso-ciclabile\/","url":"https:\/\/www.bellunopress.it\/2021\/04\/11\/dal-16-al-22-aprile-statale-chiusa-a-gravazze-per-realizzazione-sottopasso-ciclabile\/","name":"Dal 16 al 22 aprile statale chiusa a Gravazze per realizzazione sottopasso ciclabile - Bellunopress - Dolomiti","isPartOf":{"@id":"https:\/\/www.bellunopress.it\/#website"},"primaryImageOfPage":{"@id":"https:\/\/www.bellunopress.it\/2021\/04\/11\/dal-16-al-22-aprile-statale-chiusa-a-gravazze-per-realizzazione-sottopasso-ciclabile\/#primaryimage"},"image":{"@id":"https:\/\/www.bellunopress.it\/2021\/04\/11\/dal-16-al-22-aprile-statale-chiusa-a-gravazze-per-realizzazione-sottopasso-ciclabile\/#primaryimage"},"thumbnailUrl":"https:\/\/www.bellunopress.it\/wp-content\/uploads\/2021\/04\/Comune-di-Santa-Giustina_edited.jpg","datePublished":"2021-04-11T06:11:44+00:00","breadcrumb":{"@id":"https:\/\/www.bellunopress.it\/2021\/04\/11\/dal-16-al-22-aprile-statale-chiusa-a-gravazze-per-realizzazione-sottopasso-ciclabile\/#breadcrumb"},"inLanguage":"fr-FR","potentialAction":[{"@type":"ReadAction","target":["https:\/\/www.bellunopress.it\/2021\/04\/11\/dal-16-al-22-aprile-statale-chiusa-a-gravazze-per-realizzazione-sottopasso-ciclabile\/"]}]},{"@type":"ImageObject","inLanguage":"fr-FR","@id":"https:\/\/www.bellunopress.it\/2021\/04\/11\/dal-16-al-22-aprile-statale-chiusa-a-gravazze-per-realizzazione-sottopasso-ciclabile\/#primaryimage","url":"https:\/\/www.bellunopress.it\/wp-content\/uploads\/2021\/04\/Comune-di-Santa-Giustina_edited.jpg","contentUrl":"https:\/\/www.bellunopress.it\/wp-content\/uploads\/2021\/04\/Comune-di-Santa-Giustina_edited.jpg","width":350,"height":350},{"@type":"BreadcrumbList","@id":"https:\/\/www.bellunopress.it\/2021\/04\/11\/dal-16-al-22-aprile-statale-chiusa-a-gravazze-per-realizzazione-sottopasso-ciclabile\/#breadcrumb","itemListElement":[{"@type":"ListItem","position":1,"name":"Home","item":"https:\/\/www.bellunopress.it\/"},{"@type":"ListItem","position":2,"name":"Dal 16 al 22 aprile statale chiusa a Gravazze per realizzazione sottopasso ciclabile"}]},{"@type":"WebSite","@id":"https:\/\/www.bellunopress.it\/#website","url":"https:\/\/www.bellunopress.it\/","name":"Bellunopress - Dolomiti","description":"e-mail: redazione@bellunopress.it","publisher":{"@id":"https:\/\/www.bellunopress.it\/#organization"},"potentialAction":[{"@type":"SearchAction","target":{"@type":"EntryPoint","urlTemplate":"https:\/\/www.bellunopress.it\/?s={search_term_string}"},"query-input":{"@type":"PropertyValueSpecification","valueRequired":true,"valueName":"search_term_string"}}],"inLanguage":"fr-FR"},{"@type":"Organization","@id":"https:\/\/www.bellunopress.it\/#organization","name":"Bellunopress","url":"https:\/\/www.bellunopress.it\/","logo":{"@type":"ImageObject","inLanguage":"fr-FR","@id":"https:\/\/www.bellunopress.it\/#\/schema\/logo\/image\/","url":"https:\/\/www.bellunopress.it\/wp-content\/uploads\/2011\/05\/cropped-logo-bellunopress-.jpg","contentUrl":"https:\/\/www.bellunopress.it\/wp-content\/uploads\/2011\/05\/cropped-logo-bellunopress-.jpg","width":512,"height":512,"caption":"Bellunopress"},"image":{"@id":"https:\/\/www.bellunopress.it\/#\/schema\/logo\/image\/"},"sameAs":["https:\/\/www.facebook.com\/profile.php?id=100008943462799","https:\/\/x.com\/bellunopress","https:\/\/www.linkedin.com\/hp\/?dnr=JBzUWaJfMUw8vbXJJ2tVW5-I3jZKvC4wsoxE&amp;amp;amp;amp;amp;amp;trk=nav_responsive_tab_home","https:\/\/www.youtube.com\/channel\/UCxL0wu1uN0_3_7hGG0306cw"]},{"@type":"Person","@id":"https:\/\/www.bellunopress.it\/#\/schema\/person\/79bb06722b37ece1c03d3e94beb30d73","name":"r\u00e9daction","image":{"@type":"ImageObject","inLanguage":"fr-FR","@id":"https:\/\/secure.gravatar.com\/avatar\/37d968a2e67a6fd04c169c4bdef102d0bc5d31b2546345219e348575eb80e9a0?s=96&d=mm&r=g","url":"https:\/\/secure.gravatar.com\/avatar\/37d968a2e67a6fd04c169c4bdef102d0bc5d31b2546345219e348575eb80e9a0?s=96&d=mm&r=g","contentUrl":"https:\/\/secure.gravatar.com\/avatar\/37d968a2e67a6fd04c169c4bdef102d0bc5d31b2546345219e348575eb80e9a0?s=96&d=mm&r=g","caption":"redazione"},"sameAs":["http:\/\/www.bellunopress.it","https:\/\/x.com\/bellunopress"],"url":"https:\/\/www.bellunopress.it\/fr\/author\/redazione\/"}]}},"_links":{"self":[{"href":"https:\/\/www.bellunopress.it\/fr\/wp-json\/wp\/v2\/posts\/123118","targetHints":{"allow":["GET"]}}],"collection":[{"href":"https:\/\/www.bellunopress.it\/fr\/wp-json\/wp\/v2\/posts"}],"about":[{"href":"https:\/\/www.bellunopress.it\/fr\/wp-json\/wp\/v2\/types\/post"}],"author":[{"embeddable":true,"href":"https:\/\/www.bellunopress.it\/fr\/wp-json\/wp\/v2\/users\/2"}],"replies":[{"embeddable":true,"href":"https:\/\/www.bellunopress.it\/fr\/wp-json\/wp\/v2\/comments?post=123118"}],"version-history":[{"count":1,"href":"https:\/\/www.bellunopress.it\/fr\/wp-json\/wp\/v2\/posts\/123118\/revisions"}],"predecessor-version":[{"id":123121,"href":"https:\/\/www.bellunopress.it\/fr\/wp-json\/wp\/v2\/posts\/123118\/revisions\/123121"}],"wp:featuredmedia":[{"embeddable":true,"href":"https:\/\/www.bellunopress.it\/fr\/wp-json\/wp\/v2\/media\/123120"}],"wp:attachment":[{"href":"https:\/\/www.bellunopress.it\/fr\/wp-json\/wp\/v2\/media?parent=123118"}],"wp:term":[{"taxonomy":"category","embeddable":true,"href":"https:\/\/www.bellunopress.it\/fr\/wp-json\/wp\/v2\/categories?post=123118"},{"taxonomy":"post_tag","embeddable":true,"href":"https:\/\/www.bellunopress.it\/fr\/wp-json\/wp\/v2\/tags?post=123118"}],"curies":[{"name":"wp","href":"https:\/\/api.w.org\/{rel}","templated":true}]}}