{"id":123019,"date":"2021-04-07T15:02:27","date_gmt":"2021-04-07T13:02:27","guid":{"rendered":"https:\/\/www.bellunopress.it\/?p=123019"},"modified":"2021-04-07T15:02:28","modified_gmt":"2021-04-07T13:02:28","slug":"due-bacheche-per-i-disegni-dei-bambini","status":"publish","type":"post","link":"https:\/\/www.bellunopress.it\/fr\/2021\/04\/07\/due-bacheche-per-i-disegni-dei-bambini\/","title":{"rendered":"Due bacheche per i disegni dei bambini"},"content":{"rendered":"<p><a href=\"https:\/\/www.bellunopress.it\/fr\/2021\/04\/07\/due-bacheche-per-i-disegni-dei-bambini\/bacheca-bambini-comune-longarone_edited\/\" rel=\"attachment wp-att-123020\"><img loading=\"lazy\" decoding=\"async\" class=\"alignleft size-full wp-image-123020\" src=\"https:\/\/www.bellunopress.it\/wp-content\/uploads\/2021\/04\/bacheca-bambini-comune-longarone_edited.jpg\" alt=\"\" width=\"1000\" height=\"707\" srcset=\"https:\/\/www.bellunopress.it\/wp-content\/uploads\/2021\/04\/bacheca-bambini-comune-longarone_edited.jpg 1000w, https:\/\/www.bellunopress.it\/wp-content\/uploads\/2021\/04\/bacheca-bambini-comune-longarone_edited-500x354.jpg 500w, https:\/\/www.bellunopress.it\/wp-content\/uploads\/2021\/04\/bacheca-bambini-comune-longarone_edited-696x492.jpg 696w, https:\/\/www.bellunopress.it\/wp-content\/uploads\/2021\/04\/bacheca-bambini-comune-longarone_edited-594x420.jpg 594w, https:\/\/www.bellunopress.it\/wp-content\/uploads\/2021\/04\/bacheca-bambini-comune-longarone_edited-100x70.jpg 100w\" sizes=\"auto, (max-width: 1000px) 100vw, 1000px\" \/><\/a>Longarone, 7 aprile 2021 &#8211; L\u2019Amministrazione comunale di Longarone ha riservato uno spazio per l\u2019affissione dei disegni realizzati dagli alunni delle scuole primaria e dell\u2019infanzia come espressione della volont\u00e0 di tornare a frequentare la scuola.<br \/>\nQualche settimana fa, su iniziativa di un gruppo di genitori, i disegni erano stati affissi alle pareti delle due scuole primarie del Comune, ma subito rimossi, nel rispetto del regolamento dell\u2019Istituto Comprensivo. Nulla contro i bambini, nulla contro i loro colorati disegni.<br \/>\nEcco che, dopo un confronto col preside, l\u2019amministrazione ha deciso di predisporre due bacheche, una di fronte alla farmacia di Castellavazzo e una di fronte alla scuola primaria di Longarone, come segno di vicinanza ai bambini e alle loro famiglie.<\/p>\n<p>\u201cCredo che ai nostri figli vada insegnato che libert\u00e0 vuol dire proprio essere liberi di esprimere quel che si sente &#8211; dichiara l\u2019assessore all\u2019Istruzione, Manola Sacchet &#8211; ma facendo attenzione anche all\u2019altro. Questo ritengo sia fondamentale. I bambini devono imparare che la scuola, s\u00ec, \u00e8 loro, ma che c\u2019\u00e8 comunque una persona che ne \u00e8 responsabile: questo va riconosciuto e tenuto in considerazione. Libert\u00e0 \u00e8 riconoscere dove c\u2019\u00e8 il mio spazio e dove entra lo spazio dell\u2019altro, imparando a venirsi incontro, nel rispetto reciproco. Noi abbiamo semplicemente cercato di rispettare sia la posizione del preside, sia il desiderio dei bimbi, dando loro questa opportunit\u00e0 di esprimersi comunque, utilizzando uno spazio dedicato.\u201d<br \/>\nRicordiamo che anche i commercianti longaronesi hanno messo a disposizione le loro vetrine per l\u2019affissione dei disegni. Le bacheche sono gi\u00e0 disponibili e nel corso della giornata sono stati affissi i primi disegni.<\/p>\n<p>&nbsp;<\/p>","protected":false},"excerpt":{"rendered":"<p>Longarone, 7 aprile 2021 &#8211; L\u2019Amministrazione comunale di Longarone ha riservato uno spazio per l\u2019affissione dei disegni realizzati dagli alunni delle scuole primaria e dell\u2019infanzia come espressione della volont\u00e0 di tornare a frequentare la scuola. Qualche settimana fa, su iniziativa di un gruppo di genitori, i disegni erano stati affissi alle pareti delle due scuole [&hellip;]<\/p>\n","protected":false},"author":2,"featured_media":123020,"comment_status":"closed","ping_status":"open","sticky":false,"template":"","format":"standard","meta":{"footnotes":""},"categories":[15,8],"tags":[],"class_list":["post-123019","post","type-post","status-publish","format-standard","has-post-thumbnail","category-scuola","category-societa-istituzioni"],"yoast_head":"<!-- This site is optimized with the Yoast SEO plugin v28.4 - https:\/\/yoast.com\/product\/yoast-seo-wordpress\/ -->\n<title>Due bacheche per i disegni dei bambini - Bellunopress - Dolomiti<\/title>\n<meta name=\"robots\" content=\"index, follow, max-snippet:-1, max-image-preview:large, max-video-preview:-1\" \/>\n<link rel=\"canonical\" href=\"https:\/\/www.bellunopress.it\/fr\/2021\/04\/07\/due-bacheche-per-i-disegni-dei-bambini\/\" \/>\n<meta property=\"og:locale\" content=\"fr_FR\" \/>\n<meta property=\"og:type\" content=\"article\" \/>\n<meta property=\"og:title\" content=\"Due bacheche per i disegni dei bambini - Bellunopress - Dolomiti\" \/>\n<meta property=\"og:description\" content=\"Longarone, 7 aprile 2021 &#8211; L\u2019Amministrazione comunale di Longarone ha riservato uno spazio per l\u2019affissione dei disegni realizzati dagli alunni delle scuole primaria e dell\u2019infanzia come espressione della volont\u00e0 di tornare a frequentare la scuola. Qualche settimana fa, su iniziativa di un gruppo di genitori, i disegni erano stati affissi alle pareti delle due scuole [&hellip;]\" \/>\n<meta property=\"og:url\" content=\"https:\/\/www.bellunopress.it\/fr\/2021\/04\/07\/due-bacheche-per-i-disegni-dei-bambini\/\" \/>\n<meta property=\"og:site_name\" content=\"Bellunopress - Dolomiti\" \/>\n<meta property=\"article:publisher\" content=\"https:\/\/www.facebook.com\/profile.php?id=100008943462799\" \/>\n<meta property=\"article:published_time\" content=\"2021-04-07T13:02:27+00:00\" \/>\n<meta property=\"article:modified_time\" content=\"2021-04-07T13:02:28+00:00\" \/>\n<meta property=\"og:image\" content=\"https:\/\/www.bellunopress.it\/wp-content\/uploads\/2021\/04\/bacheca-bambini-comune-longarone_edited.jpg\" \/>\n\t<meta property=\"og:image:width\" content=\"1000\" \/>\n\t<meta property=\"og:image:height\" content=\"707\" \/>\n\t<meta property=\"og:image:type\" content=\"image\/jpeg\" \/>\n<meta name=\"author\" content=\"redazione\" \/>\n<meta name=\"twitter:card\" content=\"summary_large_image\" \/>\n<meta name=\"twitter:creator\" content=\"@bellunopress\" \/>\n<meta name=\"twitter:site\" content=\"@bellunopress\" \/>\n<meta name=\"twitter:label1\" content=\"\u00c9crit par\" \/>\n\t<meta name=\"twitter:data1\" content=\"redazione\" \/>\n\t<meta name=\"twitter:label2\" content=\"Dur\u00e9e de lecture estim\u00e9e\" \/>\n\t<meta name=\"twitter:data2\" content=\"2 minutes\" \/>\n<script type=\"application\/ld+json\" class=\"yoast-schema-graph\">{\"@context\":\"https:\\\/\\\/schema.org\",\"@graph\":[{\"@type\":\"Article\",\"@id\":\"https:\\\/\\\/www.bellunopress.it\\\/2021\\\/04\\\/07\\\/due-bacheche-per-i-disegni-dei-bambini\\\/#article\",\"isPartOf\":{\"@id\":\"https:\\\/\\\/www.bellunopress.it\\\/2021\\\/04\\\/07\\\/due-bacheche-per-i-disegni-dei-bambini\\\/\"},\"author\":{\"name\":\"redazione\",\"@id\":\"https:\\\/\\\/www.bellunopress.it\\\/#\\\/schema\\\/person\\\/79bb06722b37ece1c03d3e94beb30d73\"},\"headline\":\"Due bacheche per i disegni dei bambini\",\"datePublished\":\"2021-04-07T13:02:27+00:00\",\"dateModified\":\"2021-04-07T13:02:28+00:00\",\"mainEntityOfPage\":{\"@id\":\"https:\\\/\\\/www.bellunopress.it\\\/2021\\\/04\\\/07\\\/due-bacheche-per-i-disegni-dei-bambini\\\/\"},\"wordCount\":274,\"publisher\":{\"@id\":\"https:\\\/\\\/www.bellunopress.it\\\/#organization\"},\"image\":{\"@id\":\"https:\\\/\\\/www.bellunopress.it\\\/2021\\\/04\\\/07\\\/due-bacheche-per-i-disegni-dei-bambini\\\/#primaryimage\"},\"thumbnailUrl\":\"https:\\\/\\\/www.bellunopress.it\\\/wp-content\\\/uploads\\\/2021\\\/04\\\/bacheca-bambini-comune-longarone_edited.jpg\",\"articleSection\":[\"Scuola\",\"Societ\u00e0, Associazioni, Istituzioni\"],\"inLanguage\":\"fr-FR\"},{\"@type\":\"WebPage\",\"@id\":\"https:\\\/\\\/www.bellunopress.it\\\/2021\\\/04\\\/07\\\/due-bacheche-per-i-disegni-dei-bambini\\\/\",\"url\":\"https:\\\/\\\/www.bellunopress.it\\\/2021\\\/04\\\/07\\\/due-bacheche-per-i-disegni-dei-bambini\\\/\",\"name\":\"Due bacheche per i disegni dei bambini - Bellunopress - Dolomiti\",\"isPartOf\":{\"@id\":\"https:\\\/\\\/www.bellunopress.it\\\/#website\"},\"primaryImageOfPage\":{\"@id\":\"https:\\\/\\\/www.bellunopress.it\\\/2021\\\/04\\\/07\\\/due-bacheche-per-i-disegni-dei-bambini\\\/#primaryimage\"},\"image\":{\"@id\":\"https:\\\/\\\/www.bellunopress.it\\\/2021\\\/04\\\/07\\\/due-bacheche-per-i-disegni-dei-bambini\\\/#primaryimage\"},\"thumbnailUrl\":\"https:\\\/\\\/www.bellunopress.it\\\/wp-content\\\/uploads\\\/2021\\\/04\\\/bacheca-bambini-comune-longarone_edited.jpg\",\"datePublished\":\"2021-04-07T13:02:27+00:00\",\"dateModified\":\"2021-04-07T13:02:28+00:00\",\"breadcrumb\":{\"@id\":\"https:\\\/\\\/www.bellunopress.it\\\/2021\\\/04\\\/07\\\/due-bacheche-per-i-disegni-dei-bambini\\\/#breadcrumb\"},\"inLanguage\":\"fr-FR\",\"potentialAction\":[{\"@type\":\"ReadAction\",\"target\":[\"https:\\\/\\\/www.bellunopress.it\\\/2021\\\/04\\\/07\\\/due-bacheche-per-i-disegni-dei-bambini\\\/\"]}]},{\"@type\":\"ImageObject\",\"inLanguage\":\"fr-FR\",\"@id\":\"https:\\\/\\\/www.bellunopress.it\\\/2021\\\/04\\\/07\\\/due-bacheche-per-i-disegni-dei-bambini\\\/#primaryimage\",\"url\":\"https:\\\/\\\/www.bellunopress.it\\\/wp-content\\\/uploads\\\/2021\\\/04\\\/bacheca-bambini-comune-longarone_edited.jpg\",\"contentUrl\":\"https:\\\/\\\/www.bellunopress.it\\\/wp-content\\\/uploads\\\/2021\\\/04\\\/bacheca-bambini-comune-longarone_edited.jpg\",\"width\":1000,\"height\":707},{\"@type\":\"BreadcrumbList\",\"@id\":\"https:\\\/\\\/www.bellunopress.it\\\/2021\\\/04\\\/07\\\/due-bacheche-per-i-disegni-dei-bambini\\\/#breadcrumb\",\"itemListElement\":[{\"@type\":\"ListItem\",\"position\":1,\"name\":\"Home\",\"item\":\"https:\\\/\\\/www.bellunopress.it\\\/\"},{\"@type\":\"ListItem\",\"position\":2,\"name\":\"Due bacheche per i disegni dei bambini\"}]},{\"@type\":\"WebSite\",\"@id\":\"https:\\\/\\\/www.bellunopress.it\\\/#website\",\"url\":\"https:\\\/\\\/www.bellunopress.it\\\/\",\"name\":\"Bellunopress - Dolomiti\",\"description\":\"e-mail: redazione@bellunopress.it\",\"publisher\":{\"@id\":\"https:\\\/\\\/www.bellunopress.it\\\/#organization\"},\"potentialAction\":[{\"@type\":\"SearchAction\",\"target\":{\"@type\":\"EntryPoint\",\"urlTemplate\":\"https:\\\/\\\/www.bellunopress.it\\\/?s={search_term_string}\"},\"query-input\":{\"@type\":\"PropertyValueSpecification\",\"valueRequired\":true,\"valueName\":\"search_term_string\"}}],\"inLanguage\":\"fr-FR\"},{\"@type\":\"Organization\",\"@id\":\"https:\\\/\\\/www.bellunopress.it\\\/#organization\",\"name\":\"Bellunopress\",\"url\":\"https:\\\/\\\/www.bellunopress.it\\\/\",\"logo\":{\"@type\":\"ImageObject\",\"inLanguage\":\"fr-FR\",\"@id\":\"https:\\\/\\\/www.bellunopress.it\\\/#\\\/schema\\\/logo\\\/image\\\/\",\"url\":\"https:\\\/\\\/www.bellunopress.it\\\/wp-content\\\/uploads\\\/2011\\\/05\\\/cropped-logo-bellunopress-.jpg\",\"contentUrl\":\"https:\\\/\\\/www.bellunopress.it\\\/wp-content\\\/uploads\\\/2011\\\/05\\\/cropped-logo-bellunopress-.jpg\",\"width\":512,\"height\":512,\"caption\":\"Bellunopress\"},\"image\":{\"@id\":\"https:\\\/\\\/www.bellunopress.it\\\/#\\\/schema\\\/logo\\\/image\\\/\"},\"sameAs\":[\"https:\\\/\\\/www.facebook.com\\\/profile.php?id=100008943462799\",\"https:\\\/\\\/x.com\\\/bellunopress\",\"https:\\\/\\\/www.linkedin.com\\\/hp\\\/?dnr=JBzUWaJfMUw8vbXJJ2tVW5-I3jZKvC4wsoxE&amp;amp;amp;amp;amp;amp;trk=nav_responsive_tab_home\",\"https:\\\/\\\/www.youtube.com\\\/channel\\\/UCxL0wu1uN0_3_7hGG0306cw\"]},{\"@type\":\"Person\",\"@id\":\"https:\\\/\\\/www.bellunopress.it\\\/#\\\/schema\\\/person\\\/79bb06722b37ece1c03d3e94beb30d73\",\"name\":\"redazione\",\"image\":{\"@type\":\"ImageObject\",\"inLanguage\":\"fr-FR\",\"@id\":\"https:\\\/\\\/secure.gravatar.com\\\/avatar\\\/37d968a2e67a6fd04c169c4bdef102d0bc5d31b2546345219e348575eb80e9a0?s=96&d=mm&r=g\",\"url\":\"https:\\\/\\\/secure.gravatar.com\\\/avatar\\\/37d968a2e67a6fd04c169c4bdef102d0bc5d31b2546345219e348575eb80e9a0?s=96&d=mm&r=g\",\"contentUrl\":\"https:\\\/\\\/secure.gravatar.com\\\/avatar\\\/37d968a2e67a6fd04c169c4bdef102d0bc5d31b2546345219e348575eb80e9a0?s=96&d=mm&r=g\",\"caption\":\"redazione\"},\"sameAs\":[\"http:\\\/\\\/www.bellunopress.it\",\"https:\\\/\\\/x.com\\\/bellunopress\"],\"url\":\"https:\\\/\\\/www.bellunopress.it\\\/fr\\\/author\\\/redazione\\\/\"}]}<\/script>\n<!-- \/ Yoast SEO plugin. -->","yoast_head_json":{"title":"Due bacheche per i disegni dei bambini - Bellunopress - Dolomiti","robots":{"index":"index","follow":"follow","max-snippet":"max-snippet:-1","max-image-preview":"max-image-preview:large","max-video-preview":"max-video-preview:-1"},"canonical":"https:\/\/www.bellunopress.it\/fr\/2021\/04\/07\/due-bacheche-per-i-disegni-dei-bambini\/","og_locale":"fr_FR","og_type":"article","og_title":"Due bacheche per i disegni dei bambini - Bellunopress - Dolomiti","og_description":"Longarone, 7 aprile 2021 &#8211; L\u2019Amministrazione comunale di Longarone ha riservato uno spazio per l\u2019affissione dei disegni realizzati dagli alunni delle scuole primaria e dell\u2019infanzia come espressione della volont\u00e0 di tornare a frequentare la scuola. Qualche settimana fa, su iniziativa di un gruppo di genitori, i disegni erano stati affissi alle pareti delle due scuole [&hellip;]","og_url":"https:\/\/www.bellunopress.it\/fr\/2021\/04\/07\/due-bacheche-per-i-disegni-dei-bambini\/","og_site_name":"Bellunopress - Dolomiti","article_publisher":"https:\/\/www.facebook.com\/profile.php?id=100008943462799","article_published_time":"2021-04-07T13:02:27+00:00","article_modified_time":"2021-04-07T13:02:28+00:00","og_image":[{"width":1000,"height":707,"url":"https:\/\/www.bellunopress.it\/wp-content\/uploads\/2021\/04\/bacheca-bambini-comune-longarone_edited.jpg","type":"image\/jpeg"}],"author":"redazione","twitter_card":"summary_large_image","twitter_creator":"@bellunopress","twitter_site":"@bellunopress","twitter_misc":{"\u00c9crit par":"redazione","Dur\u00e9e de lecture estim\u00e9e":"2 minutes"},"schema":{"@context":"https:\/\/schema.org","@graph":[{"@type":"Article","@id":"https:\/\/www.bellunopress.it\/2021\/04\/07\/due-bacheche-per-i-disegni-dei-bambini\/#article","isPartOf":{"@id":"https:\/\/www.bellunopress.it\/2021\/04\/07\/due-bacheche-per-i-disegni-dei-bambini\/"},"author":{"name":"redazione","@id":"https:\/\/www.bellunopress.it\/#\/schema\/person\/79bb06722b37ece1c03d3e94beb30d73"},"headline":"Due bacheche per i disegni dei bambini","datePublished":"2021-04-07T13:02:27+00:00","dateModified":"2021-04-07T13:02:28+00:00","mainEntityOfPage":{"@id":"https:\/\/www.bellunopress.it\/2021\/04\/07\/due-bacheche-per-i-disegni-dei-bambini\/"},"wordCount":274,"publisher":{"@id":"https:\/\/www.bellunopress.it\/#organization"},"image":{"@id":"https:\/\/www.bellunopress.it\/2021\/04\/07\/due-bacheche-per-i-disegni-dei-bambini\/#primaryimage"},"thumbnailUrl":"https:\/\/www.bellunopress.it\/wp-content\/uploads\/2021\/04\/bacheca-bambini-comune-longarone_edited.jpg","articleSection":["Scuola","Societ\u00e0, Associazioni, Istituzioni"],"inLanguage":"fr-FR"},{"@type":"WebPage","@id":"https:\/\/www.bellunopress.it\/2021\/04\/07\/due-bacheche-per-i-disegni-dei-bambini\/","url":"https:\/\/www.bellunopress.it\/2021\/04\/07\/due-bacheche-per-i-disegni-dei-bambini\/","name":"Due bacheche per i disegni dei bambini - Bellunopress - Dolomiti","isPartOf":{"@id":"https:\/\/www.bellunopress.it\/#website"},"primaryImageOfPage":{"@id":"https:\/\/www.bellunopress.it\/2021\/04\/07\/due-bacheche-per-i-disegni-dei-bambini\/#primaryimage"},"image":{"@id":"https:\/\/www.bellunopress.it\/2021\/04\/07\/due-bacheche-per-i-disegni-dei-bambini\/#primaryimage"},"thumbnailUrl":"https:\/\/www.bellunopress.it\/wp-content\/uploads\/2021\/04\/bacheca-bambini-comune-longarone_edited.jpg","datePublished":"2021-04-07T13:02:27+00:00","dateModified":"2021-04-07T13:02:28+00:00","breadcrumb":{"@id":"https:\/\/www.bellunopress.it\/2021\/04\/07\/due-bacheche-per-i-disegni-dei-bambini\/#breadcrumb"},"inLanguage":"fr-FR","potentialAction":[{"@type":"ReadAction","target":["https:\/\/www.bellunopress.it\/2021\/04\/07\/due-bacheche-per-i-disegni-dei-bambini\/"]}]},{"@type":"ImageObject","inLanguage":"fr-FR","@id":"https:\/\/www.bellunopress.it\/2021\/04\/07\/due-bacheche-per-i-disegni-dei-bambini\/#primaryimage","url":"https:\/\/www.bellunopress.it\/wp-content\/uploads\/2021\/04\/bacheca-bambini-comune-longarone_edited.jpg","contentUrl":"https:\/\/www.bellunopress.it\/wp-content\/uploads\/2021\/04\/bacheca-bambini-comune-longarone_edited.jpg","width":1000,"height":707},{"@type":"BreadcrumbList","@id":"https:\/\/www.bellunopress.it\/2021\/04\/07\/due-bacheche-per-i-disegni-dei-bambini\/#breadcrumb","itemListElement":[{"@type":"ListItem","position":1,"name":"Home","item":"https:\/\/www.bellunopress.it\/"},{"@type":"ListItem","position":2,"name":"Due bacheche per i disegni dei bambini"}]},{"@type":"WebSite","@id":"https:\/\/www.bellunopress.it\/#website","url":"https:\/\/www.bellunopress.it\/","name":"Bellunopress - Dolomiti","description":"e-mail: redazione@bellunopress.it","publisher":{"@id":"https:\/\/www.bellunopress.it\/#organization"},"potentialAction":[{"@type":"SearchAction","target":{"@type":"EntryPoint","urlTemplate":"https:\/\/www.bellunopress.it\/?s={search_term_string}"},"query-input":{"@type":"PropertyValueSpecification","valueRequired":true,"valueName":"search_term_string"}}],"inLanguage":"fr-FR"},{"@type":"Organization","@id":"https:\/\/www.bellunopress.it\/#organization","name":"Bellunopress","url":"https:\/\/www.bellunopress.it\/","logo":{"@type":"ImageObject","inLanguage":"fr-FR","@id":"https:\/\/www.bellunopress.it\/#\/schema\/logo\/image\/","url":"https:\/\/www.bellunopress.it\/wp-content\/uploads\/2011\/05\/cropped-logo-bellunopress-.jpg","contentUrl":"https:\/\/www.bellunopress.it\/wp-content\/uploads\/2011\/05\/cropped-logo-bellunopress-.jpg","width":512,"height":512,"caption":"Bellunopress"},"image":{"@id":"https:\/\/www.bellunopress.it\/#\/schema\/logo\/image\/"},"sameAs":["https:\/\/www.facebook.com\/profile.php?id=100008943462799","https:\/\/x.com\/bellunopress","https:\/\/www.linkedin.com\/hp\/?dnr=JBzUWaJfMUw8vbXJJ2tVW5-I3jZKvC4wsoxE&amp;amp;amp;amp;amp;amp;trk=nav_responsive_tab_home","https:\/\/www.youtube.com\/channel\/UCxL0wu1uN0_3_7hGG0306cw"]},{"@type":"Person","@id":"https:\/\/www.bellunopress.it\/#\/schema\/person\/79bb06722b37ece1c03d3e94beb30d73","name":"r\u00e9daction","image":{"@type":"ImageObject","inLanguage":"fr-FR","@id":"https:\/\/secure.gravatar.com\/avatar\/37d968a2e67a6fd04c169c4bdef102d0bc5d31b2546345219e348575eb80e9a0?s=96&d=mm&r=g","url":"https:\/\/secure.gravatar.com\/avatar\/37d968a2e67a6fd04c169c4bdef102d0bc5d31b2546345219e348575eb80e9a0?s=96&d=mm&r=g","contentUrl":"https:\/\/secure.gravatar.com\/avatar\/37d968a2e67a6fd04c169c4bdef102d0bc5d31b2546345219e348575eb80e9a0?s=96&d=mm&r=g","caption":"redazione"},"sameAs":["http:\/\/www.bellunopress.it","https:\/\/x.com\/bellunopress"],"url":"https:\/\/www.bellunopress.it\/fr\/author\/redazione\/"}]}},"_links":{"self":[{"href":"https:\/\/www.bellunopress.it\/fr\/wp-json\/wp\/v2\/posts\/123019","targetHints":{"allow":["GET"]}}],"collection":[{"href":"https:\/\/www.bellunopress.it\/fr\/wp-json\/wp\/v2\/posts"}],"about":[{"href":"https:\/\/www.bellunopress.it\/fr\/wp-json\/wp\/v2\/types\/post"}],"author":[{"embeddable":true,"href":"https:\/\/www.bellunopress.it\/fr\/wp-json\/wp\/v2\/users\/2"}],"replies":[{"embeddable":true,"href":"https:\/\/www.bellunopress.it\/fr\/wp-json\/wp\/v2\/comments?post=123019"}],"version-history":[{"count":2,"href":"https:\/\/www.bellunopress.it\/fr\/wp-json\/wp\/v2\/posts\/123019\/revisions"}],"predecessor-version":[{"id":123022,"href":"https:\/\/www.bellunopress.it\/fr\/wp-json\/wp\/v2\/posts\/123019\/revisions\/123022"}],"wp:featuredmedia":[{"embeddable":true,"href":"https:\/\/www.bellunopress.it\/fr\/wp-json\/wp\/v2\/media\/123020"}],"wp:attachment":[{"href":"https:\/\/www.bellunopress.it\/fr\/wp-json\/wp\/v2\/media?parent=123019"}],"wp:term":[{"taxonomy":"category","embeddable":true,"href":"https:\/\/www.bellunopress.it\/fr\/wp-json\/wp\/v2\/categories?post=123019"},{"taxonomy":"post_tag","embeddable":true,"href":"https:\/\/www.bellunopress.it\/fr\/wp-json\/wp\/v2\/tags?post=123019"}],"curies":[{"name":"wp","href":"https:\/\/api.w.org\/{rel}","templated":true}]}}