{"id":123015,"date":"2021-04-07T14:48:14","date_gmt":"2021-04-07T12:48:14","guid":{"rendered":"https:\/\/www.bellunopress.it\/?p=123015"},"modified":"2021-04-07T14:48:15","modified_gmt":"2021-04-07T12:48:15","slug":"due-giornate-di-vaccinazioni-a-ponte-nelle-alpi-in-500-hanno-risposto-presente-alla-prima-dose","status":"publish","type":"post","link":"https:\/\/www.bellunopress.it\/fr\/2021\/04\/07\/due-giornate-di-vaccinazioni-a-ponte-nelle-alpi-in-500-hanno-risposto-presente-alla-prima-dose\/","title":{"rendered":"Due giornate di vaccinazioni a Ponte nelle Alpi: in 500 hanno risposto &#8220;presente&#8221; alla prima dose"},"content":{"rendered":"<p><a href=\"https:\/\/www.bellunopress.it\/fr\/2021\/04\/07\/due-giornate-di-vaccinazioni-a-ponte-nelle-alpi-in-500-hanno-risposto-presente-alla-prima-dose\/vaccini-a-ponte-nelle-alpi_edited\/\" rel=\"attachment wp-att-123016\"><img loading=\"lazy\" decoding=\"async\" class=\"alignleft size-full wp-image-123016\" src=\"https:\/\/www.bellunopress.it\/wp-content\/uploads\/2021\/04\/Vaccini-a-Ponte-nelle-Alpi_edited.jpg\" alt=\"\" width=\"751\" height=\"600\" srcset=\"https:\/\/www.bellunopress.it\/wp-content\/uploads\/2021\/04\/Vaccini-a-Ponte-nelle-Alpi_edited.jpg 751w, https:\/\/www.bellunopress.it\/wp-content\/uploads\/2021\/04\/Vaccini-a-Ponte-nelle-Alpi_edited-500x399.jpg 500w, https:\/\/www.bellunopress.it\/wp-content\/uploads\/2021\/04\/Vaccini-a-Ponte-nelle-Alpi_edited-696x556.jpg 696w, https:\/\/www.bellunopress.it\/wp-content\/uploads\/2021\/04\/Vaccini-a-Ponte-nelle-Alpi_edited-526x420.jpg 526w\" sizes=\"auto, (max-width: 751px) 100vw, 751px\" \/><\/a>Sono 500 i cittadini di Ponte nelle Alpi che hanno aderito alle due giornate di vaccinazioni dedicate alle persone tra i 70 e i 79 anni.<\/p>\n<p>Tutto come da programma, comunicato con lettera recapitata nelle case da parte dell&#8217;amministrazione comunale, che ha collaborato attivamente con il gruppo di medici resisi disponibili alle procedure vaccinali.<\/p>\n<p>\u00abAbbiamo disposto quattro file di sedie, opportunamente distanziate, all&#8217;interno della palestra della scuola elementare &#8211; spiega Veniero Levis, dirigente del settore sociale del Comune di Ponte nelle Alpi -. Due medici hanno provveduto a inoculare il siero anti-Covid e a monitorare i primi minuti post-vaccino. In questo modo non si sono formate code e non ci sono stati tempi d&#8217;attesa\u00bb.<\/p>\n<p>Alle persone vaccinate \u00e8 gi\u00e0 stato consegnato il foglietto promemoria della seconda dose, il 17 giugno, sempre con le stesse modalit\u00e0, presso la palestra delle scuole elementari.<\/p>\n<p>\u00abI riscontri che abbiamo avuto sono estremamente rilevanti &#8211; commenta il sindaco Paolo Vendramini -. Le persone si sono accostate al vaccino con la documentazione richiesta relativa all&#8217;anamnesi, come era stato specificato nella lettera di convocazione. Il meccanismo ha funzionato e i nostri concittadini hanno dimostrato soddisfazione per questo servizio. Ringrazio i medici di Ponte nelle Alpi che hanno messo a disposizione il loro tempo, il loro impegno e la loro professionalit\u00e0 per organizzare e coordinare queste giornate. E tutti coloro che hanno collaborato, dalla Protezione civile comunale alla Polizia municipale. Siamo tutti desiderosi di uscire quanto prima da questa situazione di pandemia, per poter tornare alla normalit\u00e0. E il vaccino rappresenta senza dubbio uno dei sistemi pi\u00f9 rapidi e sicuri per scongiurare il virus\u00bb.<\/p>","protected":false},"excerpt":{"rendered":"<p>Sono 500 i cittadini di Ponte nelle Alpi che hanno aderito alle due giornate di vaccinazioni dedicate alle persone tra i 70 e i 79 anni. Tutto come da programma, comunicato con lettera recapitata nelle case da parte dell&#8217;amministrazione comunale, che ha collaborato attivamente con il gruppo di medici resisi disponibili alle procedure vaccinali. \u00abAbbiamo [&hellip;]<\/p>\n","protected":false},"author":2,"featured_media":123016,"comment_status":"closed","ping_status":"open","sticky":false,"template":"","format":"standard","meta":{"footnotes":""},"categories":[17],"tags":[],"class_list":["post-123015","post","type-post","status-publish","format-standard","has-post-thumbnail","category-sanita"],"yoast_head":"<!-- This site is optimized with the Yoast SEO plugin v28.4 - https:\/\/yoast.com\/product\/yoast-seo-wordpress\/ -->\n<title>Due giornate di vaccinazioni a Ponte nelle Alpi: in 500 hanno risposto &quot;presente&quot; alla prima dose - Bellunopress - Dolomiti<\/title>\n<meta name=\"robots\" content=\"index, follow, max-snippet:-1, max-image-preview:large, max-video-preview:-1\" \/>\n<link rel=\"canonical\" href=\"https:\/\/www.bellunopress.it\/fr\/2021\/04\/07\/due-giornate-di-vaccinazioni-a-ponte-nelle-alpi-in-500-hanno-risposto-presente-alla-prima-dose\/\" \/>\n<meta property=\"og:locale\" content=\"fr_FR\" \/>\n<meta property=\"og:type\" content=\"article\" \/>\n<meta property=\"og:title\" content=\"Due giornate di vaccinazioni a Ponte nelle Alpi: in 500 hanno risposto &quot;presente&quot; alla prima dose - Bellunopress - Dolomiti\" \/>\n<meta property=\"og:description\" content=\"Sono 500 i cittadini di Ponte nelle Alpi che hanno aderito alle due giornate di vaccinazioni dedicate alle persone tra i 70 e i 79 anni. Tutto come da programma, comunicato con lettera recapitata nelle case da parte dell&#8217;amministrazione comunale, che ha collaborato attivamente con il gruppo di medici resisi disponibili alle procedure vaccinali. \u00abAbbiamo [&hellip;]\" \/>\n<meta property=\"og:url\" content=\"https:\/\/www.bellunopress.it\/fr\/2021\/04\/07\/due-giornate-di-vaccinazioni-a-ponte-nelle-alpi-in-500-hanno-risposto-presente-alla-prima-dose\/\" \/>\n<meta property=\"og:site_name\" content=\"Bellunopress - Dolomiti\" \/>\n<meta property=\"article:publisher\" content=\"https:\/\/www.facebook.com\/profile.php?id=100008943462799\" \/>\n<meta property=\"article:published_time\" content=\"2021-04-07T12:48:14+00:00\" \/>\n<meta property=\"article:modified_time\" content=\"2021-04-07T12:48:15+00:00\" \/>\n<meta property=\"og:image\" content=\"https:\/\/www.bellunopress.it\/wp-content\/uploads\/2021\/04\/Vaccini-a-Ponte-nelle-Alpi_edited.jpg\" \/>\n\t<meta property=\"og:image:width\" content=\"751\" \/>\n\t<meta property=\"og:image:height\" content=\"600\" \/>\n\t<meta property=\"og:image:type\" content=\"image\/jpeg\" \/>\n<meta name=\"author\" content=\"redazione\" \/>\n<meta name=\"twitter:card\" content=\"summary_large_image\" \/>\n<meta name=\"twitter:creator\" content=\"@bellunopress\" \/>\n<meta name=\"twitter:site\" content=\"@bellunopress\" \/>\n<meta name=\"twitter:label1\" content=\"\u00c9crit par\" \/>\n\t<meta name=\"twitter:data1\" content=\"redazione\" \/>\n\t<meta name=\"twitter:label2\" content=\"Dur\u00e9e de lecture estim\u00e9e\" \/>\n\t<meta name=\"twitter:data2\" content=\"2 minutes\" \/>\n<script type=\"application\/ld+json\" class=\"yoast-schema-graph\">{\"@context\":\"https:\\\/\\\/schema.org\",\"@graph\":[{\"@type\":\"Article\",\"@id\":\"https:\\\/\\\/www.bellunopress.it\\\/2021\\\/04\\\/07\\\/due-giornate-di-vaccinazioni-a-ponte-nelle-alpi-in-500-hanno-risposto-presente-alla-prima-dose\\\/#article\",\"isPartOf\":{\"@id\":\"https:\\\/\\\/www.bellunopress.it\\\/2021\\\/04\\\/07\\\/due-giornate-di-vaccinazioni-a-ponte-nelle-alpi-in-500-hanno-risposto-presente-alla-prima-dose\\\/\"},\"author\":{\"name\":\"redazione\",\"@id\":\"https:\\\/\\\/www.bellunopress.it\\\/#\\\/schema\\\/person\\\/79bb06722b37ece1c03d3e94beb30d73\"},\"headline\":\"Due giornate di vaccinazioni a Ponte nelle Alpi: in 500 hanno risposto &#8220;presente&#8221; alla prima dose\",\"datePublished\":\"2021-04-07T12:48:14+00:00\",\"dateModified\":\"2021-04-07T12:48:15+00:00\",\"mainEntityOfPage\":{\"@id\":\"https:\\\/\\\/www.bellunopress.it\\\/2021\\\/04\\\/07\\\/due-giornate-di-vaccinazioni-a-ponte-nelle-alpi-in-500-hanno-risposto-presente-alla-prima-dose\\\/\"},\"wordCount\":280,\"publisher\":{\"@id\":\"https:\\\/\\\/www.bellunopress.it\\\/#organization\"},\"image\":{\"@id\":\"https:\\\/\\\/www.bellunopress.it\\\/2021\\\/04\\\/07\\\/due-giornate-di-vaccinazioni-a-ponte-nelle-alpi-in-500-hanno-risposto-presente-alla-prima-dose\\\/#primaryimage\"},\"thumbnailUrl\":\"https:\\\/\\\/www.bellunopress.it\\\/wp-content\\\/uploads\\\/2021\\\/04\\\/Vaccini-a-Ponte-nelle-Alpi_edited.jpg\",\"articleSection\":[\"Sanit\u00e0 Medicina\"],\"inLanguage\":\"fr-FR\"},{\"@type\":\"WebPage\",\"@id\":\"https:\\\/\\\/www.bellunopress.it\\\/2021\\\/04\\\/07\\\/due-giornate-di-vaccinazioni-a-ponte-nelle-alpi-in-500-hanno-risposto-presente-alla-prima-dose\\\/\",\"url\":\"https:\\\/\\\/www.bellunopress.it\\\/2021\\\/04\\\/07\\\/due-giornate-di-vaccinazioni-a-ponte-nelle-alpi-in-500-hanno-risposto-presente-alla-prima-dose\\\/\",\"name\":\"Due giornate di vaccinazioni a Ponte nelle Alpi: in 500 hanno risposto \\\"presente\\\" alla prima dose - Bellunopress - Dolomiti\",\"isPartOf\":{\"@id\":\"https:\\\/\\\/www.bellunopress.it\\\/#website\"},\"primaryImageOfPage\":{\"@id\":\"https:\\\/\\\/www.bellunopress.it\\\/2021\\\/04\\\/07\\\/due-giornate-di-vaccinazioni-a-ponte-nelle-alpi-in-500-hanno-risposto-presente-alla-prima-dose\\\/#primaryimage\"},\"image\":{\"@id\":\"https:\\\/\\\/www.bellunopress.it\\\/2021\\\/04\\\/07\\\/due-giornate-di-vaccinazioni-a-ponte-nelle-alpi-in-500-hanno-risposto-presente-alla-prima-dose\\\/#primaryimage\"},\"thumbnailUrl\":\"https:\\\/\\\/www.bellunopress.it\\\/wp-content\\\/uploads\\\/2021\\\/04\\\/Vaccini-a-Ponte-nelle-Alpi_edited.jpg\",\"datePublished\":\"2021-04-07T12:48:14+00:00\",\"dateModified\":\"2021-04-07T12:48:15+00:00\",\"breadcrumb\":{\"@id\":\"https:\\\/\\\/www.bellunopress.it\\\/2021\\\/04\\\/07\\\/due-giornate-di-vaccinazioni-a-ponte-nelle-alpi-in-500-hanno-risposto-presente-alla-prima-dose\\\/#breadcrumb\"},\"inLanguage\":\"fr-FR\",\"potentialAction\":[{\"@type\":\"ReadAction\",\"target\":[\"https:\\\/\\\/www.bellunopress.it\\\/2021\\\/04\\\/07\\\/due-giornate-di-vaccinazioni-a-ponte-nelle-alpi-in-500-hanno-risposto-presente-alla-prima-dose\\\/\"]}]},{\"@type\":\"ImageObject\",\"inLanguage\":\"fr-FR\",\"@id\":\"https:\\\/\\\/www.bellunopress.it\\\/2021\\\/04\\\/07\\\/due-giornate-di-vaccinazioni-a-ponte-nelle-alpi-in-500-hanno-risposto-presente-alla-prima-dose\\\/#primaryimage\",\"url\":\"https:\\\/\\\/www.bellunopress.it\\\/wp-content\\\/uploads\\\/2021\\\/04\\\/Vaccini-a-Ponte-nelle-Alpi_edited.jpg\",\"contentUrl\":\"https:\\\/\\\/www.bellunopress.it\\\/wp-content\\\/uploads\\\/2021\\\/04\\\/Vaccini-a-Ponte-nelle-Alpi_edited.jpg\",\"width\":751,\"height\":600},{\"@type\":\"BreadcrumbList\",\"@id\":\"https:\\\/\\\/www.bellunopress.it\\\/2021\\\/04\\\/07\\\/due-giornate-di-vaccinazioni-a-ponte-nelle-alpi-in-500-hanno-risposto-presente-alla-prima-dose\\\/#breadcrumb\",\"itemListElement\":[{\"@type\":\"ListItem\",\"position\":1,\"name\":\"Home\",\"item\":\"https:\\\/\\\/www.bellunopress.it\\\/\"},{\"@type\":\"ListItem\",\"position\":2,\"name\":\"Due giornate di vaccinazioni a Ponte nelle Alpi: in 500 hanno risposto &#8220;presente&#8221; alla prima dose\"}]},{\"@type\":\"WebSite\",\"@id\":\"https:\\\/\\\/www.bellunopress.it\\\/#website\",\"url\":\"https:\\\/\\\/www.bellunopress.it\\\/\",\"name\":\"Bellunopress - Dolomiti\",\"description\":\"e-mail: redazione@bellunopress.it\",\"publisher\":{\"@id\":\"https:\\\/\\\/www.bellunopress.it\\\/#organization\"},\"potentialAction\":[{\"@type\":\"SearchAction\",\"target\":{\"@type\":\"EntryPoint\",\"urlTemplate\":\"https:\\\/\\\/www.bellunopress.it\\\/?s={search_term_string}\"},\"query-input\":{\"@type\":\"PropertyValueSpecification\",\"valueRequired\":true,\"valueName\":\"search_term_string\"}}],\"inLanguage\":\"fr-FR\"},{\"@type\":\"Organization\",\"@id\":\"https:\\\/\\\/www.bellunopress.it\\\/#organization\",\"name\":\"Bellunopress\",\"url\":\"https:\\\/\\\/www.bellunopress.it\\\/\",\"logo\":{\"@type\":\"ImageObject\",\"inLanguage\":\"fr-FR\",\"@id\":\"https:\\\/\\\/www.bellunopress.it\\\/#\\\/schema\\\/logo\\\/image\\\/\",\"url\":\"https:\\\/\\\/www.bellunopress.it\\\/wp-content\\\/uploads\\\/2011\\\/05\\\/cropped-logo-bellunopress-.jpg\",\"contentUrl\":\"https:\\\/\\\/www.bellunopress.it\\\/wp-content\\\/uploads\\\/2011\\\/05\\\/cropped-logo-bellunopress-.jpg\",\"width\":512,\"height\":512,\"caption\":\"Bellunopress\"},\"image\":{\"@id\":\"https:\\\/\\\/www.bellunopress.it\\\/#\\\/schema\\\/logo\\\/image\\\/\"},\"sameAs\":[\"https:\\\/\\\/www.facebook.com\\\/profile.php?id=100008943462799\",\"https:\\\/\\\/x.com\\\/bellunopress\",\"https:\\\/\\\/www.linkedin.com\\\/hp\\\/?dnr=JBzUWaJfMUw8vbXJJ2tVW5-I3jZKvC4wsoxE&amp;amp;amp;amp;amp;amp;trk=nav_responsive_tab_home\",\"https:\\\/\\\/www.youtube.com\\\/channel\\\/UCxL0wu1uN0_3_7hGG0306cw\"]},{\"@type\":\"Person\",\"@id\":\"https:\\\/\\\/www.bellunopress.it\\\/#\\\/schema\\\/person\\\/79bb06722b37ece1c03d3e94beb30d73\",\"name\":\"redazione\",\"image\":{\"@type\":\"ImageObject\",\"inLanguage\":\"fr-FR\",\"@id\":\"https:\\\/\\\/secure.gravatar.com\\\/avatar\\\/37d968a2e67a6fd04c169c4bdef102d0bc5d31b2546345219e348575eb80e9a0?s=96&d=mm&r=g\",\"url\":\"https:\\\/\\\/secure.gravatar.com\\\/avatar\\\/37d968a2e67a6fd04c169c4bdef102d0bc5d31b2546345219e348575eb80e9a0?s=96&d=mm&r=g\",\"contentUrl\":\"https:\\\/\\\/secure.gravatar.com\\\/avatar\\\/37d968a2e67a6fd04c169c4bdef102d0bc5d31b2546345219e348575eb80e9a0?s=96&d=mm&r=g\",\"caption\":\"redazione\"},\"sameAs\":[\"http:\\\/\\\/www.bellunopress.it\",\"https:\\\/\\\/x.com\\\/bellunopress\"],\"url\":\"https:\\\/\\\/www.bellunopress.it\\\/fr\\\/author\\\/redazione\\\/\"}]}<\/script>\n<!-- \/ Yoast SEO plugin. -->","yoast_head_json":{"title":"Due giornate di vaccinazioni a Ponte nelle Alpi: in 500 hanno risposto \"presente\" alla prima dose - Bellunopress - Dolomiti","robots":{"index":"index","follow":"follow","max-snippet":"max-snippet:-1","max-image-preview":"max-image-preview:large","max-video-preview":"max-video-preview:-1"},"canonical":"https:\/\/www.bellunopress.it\/fr\/2021\/04\/07\/due-giornate-di-vaccinazioni-a-ponte-nelle-alpi-in-500-hanno-risposto-presente-alla-prima-dose\/","og_locale":"fr_FR","og_type":"article","og_title":"Due giornate di vaccinazioni a Ponte nelle Alpi: in 500 hanno risposto \"presente\" alla prima dose - Bellunopress - Dolomiti","og_description":"Sono 500 i cittadini di Ponte nelle Alpi che hanno aderito alle due giornate di vaccinazioni dedicate alle persone tra i 70 e i 79 anni. Tutto come da programma, comunicato con lettera recapitata nelle case da parte dell&#8217;amministrazione comunale, che ha collaborato attivamente con il gruppo di medici resisi disponibili alle procedure vaccinali. \u00abAbbiamo [&hellip;]","og_url":"https:\/\/www.bellunopress.it\/fr\/2021\/04\/07\/due-giornate-di-vaccinazioni-a-ponte-nelle-alpi-in-500-hanno-risposto-presente-alla-prima-dose\/","og_site_name":"Bellunopress - Dolomiti","article_publisher":"https:\/\/www.facebook.com\/profile.php?id=100008943462799","article_published_time":"2021-04-07T12:48:14+00:00","article_modified_time":"2021-04-07T12:48:15+00:00","og_image":[{"width":751,"height":600,"url":"https:\/\/www.bellunopress.it\/wp-content\/uploads\/2021\/04\/Vaccini-a-Ponte-nelle-Alpi_edited.jpg","type":"image\/jpeg"}],"author":"redazione","twitter_card":"summary_large_image","twitter_creator":"@bellunopress","twitter_site":"@bellunopress","twitter_misc":{"\u00c9crit par":"redazione","Dur\u00e9e de lecture estim\u00e9e":"2 minutes"},"schema":{"@context":"https:\/\/schema.org","@graph":[{"@type":"Article","@id":"https:\/\/www.bellunopress.it\/2021\/04\/07\/due-giornate-di-vaccinazioni-a-ponte-nelle-alpi-in-500-hanno-risposto-presente-alla-prima-dose\/#article","isPartOf":{"@id":"https:\/\/www.bellunopress.it\/2021\/04\/07\/due-giornate-di-vaccinazioni-a-ponte-nelle-alpi-in-500-hanno-risposto-presente-alla-prima-dose\/"},"author":{"name":"redazione","@id":"https:\/\/www.bellunopress.it\/#\/schema\/person\/79bb06722b37ece1c03d3e94beb30d73"},"headline":"Due giornate di vaccinazioni a Ponte nelle Alpi: in 500 hanno risposto &#8220;presente&#8221; alla prima dose","datePublished":"2021-04-07T12:48:14+00:00","dateModified":"2021-04-07T12:48:15+00:00","mainEntityOfPage":{"@id":"https:\/\/www.bellunopress.it\/2021\/04\/07\/due-giornate-di-vaccinazioni-a-ponte-nelle-alpi-in-500-hanno-risposto-presente-alla-prima-dose\/"},"wordCount":280,"publisher":{"@id":"https:\/\/www.bellunopress.it\/#organization"},"image":{"@id":"https:\/\/www.bellunopress.it\/2021\/04\/07\/due-giornate-di-vaccinazioni-a-ponte-nelle-alpi-in-500-hanno-risposto-presente-alla-prima-dose\/#primaryimage"},"thumbnailUrl":"https:\/\/www.bellunopress.it\/wp-content\/uploads\/2021\/04\/Vaccini-a-Ponte-nelle-Alpi_edited.jpg","articleSection":["Sanit\u00e0 Medicina"],"inLanguage":"fr-FR"},{"@type":"WebPage","@id":"https:\/\/www.bellunopress.it\/2021\/04\/07\/due-giornate-di-vaccinazioni-a-ponte-nelle-alpi-in-500-hanno-risposto-presente-alla-prima-dose\/","url":"https:\/\/www.bellunopress.it\/2021\/04\/07\/due-giornate-di-vaccinazioni-a-ponte-nelle-alpi-in-500-hanno-risposto-presente-alla-prima-dose\/","name":"Due giornate di vaccinazioni a Ponte nelle Alpi: in 500 hanno risposto \"presente\" alla prima dose - Bellunopress - Dolomiti","isPartOf":{"@id":"https:\/\/www.bellunopress.it\/#website"},"primaryImageOfPage":{"@id":"https:\/\/www.bellunopress.it\/2021\/04\/07\/due-giornate-di-vaccinazioni-a-ponte-nelle-alpi-in-500-hanno-risposto-presente-alla-prima-dose\/#primaryimage"},"image":{"@id":"https:\/\/www.bellunopress.it\/2021\/04\/07\/due-giornate-di-vaccinazioni-a-ponte-nelle-alpi-in-500-hanno-risposto-presente-alla-prima-dose\/#primaryimage"},"thumbnailUrl":"https:\/\/www.bellunopress.it\/wp-content\/uploads\/2021\/04\/Vaccini-a-Ponte-nelle-Alpi_edited.jpg","datePublished":"2021-04-07T12:48:14+00:00","dateModified":"2021-04-07T12:48:15+00:00","breadcrumb":{"@id":"https:\/\/www.bellunopress.it\/2021\/04\/07\/due-giornate-di-vaccinazioni-a-ponte-nelle-alpi-in-500-hanno-risposto-presente-alla-prima-dose\/#breadcrumb"},"inLanguage":"fr-FR","potentialAction":[{"@type":"ReadAction","target":["https:\/\/www.bellunopress.it\/2021\/04\/07\/due-giornate-di-vaccinazioni-a-ponte-nelle-alpi-in-500-hanno-risposto-presente-alla-prima-dose\/"]}]},{"@type":"ImageObject","inLanguage":"fr-FR","@id":"https:\/\/www.bellunopress.it\/2021\/04\/07\/due-giornate-di-vaccinazioni-a-ponte-nelle-alpi-in-500-hanno-risposto-presente-alla-prima-dose\/#primaryimage","url":"https:\/\/www.bellunopress.it\/wp-content\/uploads\/2021\/04\/Vaccini-a-Ponte-nelle-Alpi_edited.jpg","contentUrl":"https:\/\/www.bellunopress.it\/wp-content\/uploads\/2021\/04\/Vaccini-a-Ponte-nelle-Alpi_edited.jpg","width":751,"height":600},{"@type":"BreadcrumbList","@id":"https:\/\/www.bellunopress.it\/2021\/04\/07\/due-giornate-di-vaccinazioni-a-ponte-nelle-alpi-in-500-hanno-risposto-presente-alla-prima-dose\/#breadcrumb","itemListElement":[{"@type":"ListItem","position":1,"name":"Home","item":"https:\/\/www.bellunopress.it\/"},{"@type":"ListItem","position":2,"name":"Due giornate di vaccinazioni a Ponte nelle Alpi: in 500 hanno risposto &#8220;presente&#8221; alla prima dose"}]},{"@type":"WebSite","@id":"https:\/\/www.bellunopress.it\/#website","url":"https:\/\/www.bellunopress.it\/","name":"Bellunopress - Dolomiti","description":"e-mail: redazione@bellunopress.it","publisher":{"@id":"https:\/\/www.bellunopress.it\/#organization"},"potentialAction":[{"@type":"SearchAction","target":{"@type":"EntryPoint","urlTemplate":"https:\/\/www.bellunopress.it\/?s={search_term_string}"},"query-input":{"@type":"PropertyValueSpecification","valueRequired":true,"valueName":"search_term_string"}}],"inLanguage":"fr-FR"},{"@type":"Organization","@id":"https:\/\/www.bellunopress.it\/#organization","name":"Bellunopress","url":"https:\/\/www.bellunopress.it\/","logo":{"@type":"ImageObject","inLanguage":"fr-FR","@id":"https:\/\/www.bellunopress.it\/#\/schema\/logo\/image\/","url":"https:\/\/www.bellunopress.it\/wp-content\/uploads\/2011\/05\/cropped-logo-bellunopress-.jpg","contentUrl":"https:\/\/www.bellunopress.it\/wp-content\/uploads\/2011\/05\/cropped-logo-bellunopress-.jpg","width":512,"height":512,"caption":"Bellunopress"},"image":{"@id":"https:\/\/www.bellunopress.it\/#\/schema\/logo\/image\/"},"sameAs":["https:\/\/www.facebook.com\/profile.php?id=100008943462799","https:\/\/x.com\/bellunopress","https:\/\/www.linkedin.com\/hp\/?dnr=JBzUWaJfMUw8vbXJJ2tVW5-I3jZKvC4wsoxE&amp;amp;amp;amp;amp;amp;trk=nav_responsive_tab_home","https:\/\/www.youtube.com\/channel\/UCxL0wu1uN0_3_7hGG0306cw"]},{"@type":"Person","@id":"https:\/\/www.bellunopress.it\/#\/schema\/person\/79bb06722b37ece1c03d3e94beb30d73","name":"r\u00e9daction","image":{"@type":"ImageObject","inLanguage":"fr-FR","@id":"https:\/\/secure.gravatar.com\/avatar\/37d968a2e67a6fd04c169c4bdef102d0bc5d31b2546345219e348575eb80e9a0?s=96&d=mm&r=g","url":"https:\/\/secure.gravatar.com\/avatar\/37d968a2e67a6fd04c169c4bdef102d0bc5d31b2546345219e348575eb80e9a0?s=96&d=mm&r=g","contentUrl":"https:\/\/secure.gravatar.com\/avatar\/37d968a2e67a6fd04c169c4bdef102d0bc5d31b2546345219e348575eb80e9a0?s=96&d=mm&r=g","caption":"redazione"},"sameAs":["http:\/\/www.bellunopress.it","https:\/\/x.com\/bellunopress"],"url":"https:\/\/www.bellunopress.it\/fr\/author\/redazione\/"}]}},"_links":{"self":[{"href":"https:\/\/www.bellunopress.it\/fr\/wp-json\/wp\/v2\/posts\/123015","targetHints":{"allow":["GET"]}}],"collection":[{"href":"https:\/\/www.bellunopress.it\/fr\/wp-json\/wp\/v2\/posts"}],"about":[{"href":"https:\/\/www.bellunopress.it\/fr\/wp-json\/wp\/v2\/types\/post"}],"author":[{"embeddable":true,"href":"https:\/\/www.bellunopress.it\/fr\/wp-json\/wp\/v2\/users\/2"}],"replies":[{"embeddable":true,"href":"https:\/\/www.bellunopress.it\/fr\/wp-json\/wp\/v2\/comments?post=123015"}],"version-history":[{"count":2,"href":"https:\/\/www.bellunopress.it\/fr\/wp-json\/wp\/v2\/posts\/123015\/revisions"}],"predecessor-version":[{"id":123018,"href":"https:\/\/www.bellunopress.it\/fr\/wp-json\/wp\/v2\/posts\/123015\/revisions\/123018"}],"wp:featuredmedia":[{"embeddable":true,"href":"https:\/\/www.bellunopress.it\/fr\/wp-json\/wp\/v2\/media\/123016"}],"wp:attachment":[{"href":"https:\/\/www.bellunopress.it\/fr\/wp-json\/wp\/v2\/media?parent=123015"}],"wp:term":[{"taxonomy":"category","embeddable":true,"href":"https:\/\/www.bellunopress.it\/fr\/wp-json\/wp\/v2\/categories?post=123015"},{"taxonomy":"post_tag","embeddable":true,"href":"https:\/\/www.bellunopress.it\/fr\/wp-json\/wp\/v2\/tags?post=123015"}],"curies":[{"name":"wp","href":"https:\/\/api.w.org\/{rel}","templated":true}]}}