{"id":122986,"date":"2021-04-06T19:21:18","date_gmt":"2021-04-06T17:21:18","guid":{"rendered":"https:\/\/www.bellunopress.it\/?p=122986"},"modified":"2021-04-06T22:12:20","modified_gmt":"2021-04-06T20:12:20","slug":"elettrodotti-terna-interramento-totale-polpet-vellai-volpago-padrin-un-ulteriore-passo-avanti-per-la-rimozione-di-cavi-e-tralicci-dincami-auguro-che-si-continui-a-procedere-secondo-questa","status":"publish","type":"post","link":"https:\/\/www.bellunopress.it\/fr\/2021\/04\/06\/elettrodotti-terna-interramento-totale-polpet-vellai-volpago-padrin-un-ulteriore-passo-avanti-per-la-rimozione-di-cavi-e-tralicci-dincami-auguro-che-si-continui-a-procedere-secondo-questa\/","title":{"rendered":"Elettrodotti Terna. Interramento totale Polpet-Vellai-Volpago. Padrin: &#8220;Un ulteriore passo avanti per la rimozione di cavi e tralicci&#8221;. D&#8217;Inc\u00e0:&#8221;Mi auguro che si continui a procedere secondo questa direzione&#8221;\u00a0"},"content":{"rendered":"<p><a href=\"https:\/\/www.bellunopress.it\/fr\/2021\/04\/06\/elettrodotti-terna-interramento-totale-polpet-vellai-volpago-padrin-un-ulteriore-passo-avanti-per-la-rimozione-di-cavi-e-tralicci-dincami-auguro-che-si-continui-a-procedere-secondo-questa\/traliccio_edited\/\" rel=\"attachment wp-att-122987\"><img loading=\"lazy\" decoding=\"async\" class=\"alignleft size-full wp-image-122987\" src=\"https:\/\/www.bellunopress.it\/wp-content\/uploads\/2021\/04\/traliccio_edited.jpg\" alt=\"\" width=\"750\" height=\"1000\" srcset=\"https:\/\/www.bellunopress.it\/wp-content\/uploads\/2021\/04\/traliccio_edited.jpg 750w, https:\/\/www.bellunopress.it\/wp-content\/uploads\/2021\/04\/traliccio_edited-375x500.jpg 375w, https:\/\/www.bellunopress.it\/wp-content\/uploads\/2021\/04\/traliccio_edited-696x928.jpg 696w, https:\/\/www.bellunopress.it\/wp-content\/uploads\/2021\/04\/traliccio_edited-315x420.jpg 315w\" sizes=\"auto, (max-width: 750px) 100vw, 750px\" \/><\/a>\u00abUna prima parte delle linee elettriche della Valbelluna sar\u00e0 interrata. Per la seconda parte, sar\u00e0 convocato a brevissimo un tavolo tecnico in cui Provincia e Comuni concertino con Terna i prossimi interventi da mettere in campo. \u00c8 un ulteriore tassello nella rimozione di cavi e tralicci che perseguiamo da tempo\u00bb.<\/p>\n<figure id=\"attachment_111249\" aria-describedby=\"caption-attachment-111249\" style=\"width: 200px\" class=\"wp-caption alignleft\"><a href=\"https:\/\/www.bellunopress.it\/fr\/2020\/01\/15\/riclassificazione-delle-strade-padrin-bene-ma-si-mantenga-il-sistema-di-gestione-di-veneto-strade\/roberto-padrin-presidente-provincia\/\" rel=\"attachment wp-att-111249\"><img loading=\"lazy\" decoding=\"async\" class=\"size-full wp-image-111249\" src=\"https:\/\/www.bellunopress.it\/wp-content\/uploads\/2020\/01\/roberto-padrin-presidente-provincia.jpg\" alt=\"\" width=\"200\" height=\"279\" \/><\/a><figcaption id=\"caption-attachment-111249\" class=\"wp-caption-text\">Roberto Padrin &#8211; Presidente della Provincia<\/figcaption><\/figure>\n<p>Cos\u00ec il presidente della Provincia Roberto Padrin, al termine della riunione tenutasi oggi con Regione, Terna e i Comuni della media valle del Piave.<\/p>\n<p>Nel corso della riunione, Terna ha presentato sia gli interventi previsti dal progetto \u201cRtn Media valle del Piave\u201d sia un ulteriore step, che riguarda alcune linee elettriche a valle delle stazioni di Soverzene e Polpet, nell\u2019ottica di una magliatura pi\u00f9 completa degli elettrodotti, con l\u2019obiettivo di evitare i disservizi gi\u00e0 registrati con le grandi nevicate dell\u2019inverno 2013-14 e con la tempesta Vaia. In particolare, la linea 220 kV Polpet-Vellai sar\u00e0 demolita interamente e ricostruita in cavo interrato per una lunghezza di circa 37 chilometri, su un tracciato da condividere con il territorio. E la futura linea 220 kV Polpet-Vellai-Volpago sar\u00e0 interrata per un tratto di circa 18 chilometri tra Ponte nelle Alpi e Limana. Inoltre, il nodo di Vellai sar\u00e0 collegato in cavo interrato alla futura stazione elettrica di Volpago.<\/p>\n<p>\u00abQuesti ulteriori interramenti vanno nella direzione che abbiamo chiesto fin dall\u2019indomani della tempesta Vaia, per evitare disservizi e blackout e cogliere l\u2019occasione anche per progettualit\u00e0 in grado di eliminare l\u2019ingombro visivo e ambientale di cavi aerei e tralicci &#8211; commenta il presidente Padrin &#8211; Tra dicembre 2018 e gennaio 2019 abbiamo incontrato due volte il presidente e i vertici di Terna, a Roma, proprio per iniziare a ragionare in maniera dettagliata queste tematiche. Oggi arriviamo a un punto di svolta, e ringrazio la Regione Veneto per aver organizzato questo tavolo tecnico, oltre al ministro D\u2019Inc\u00e0 che nelle ultime settimane ci ha permesso di accelerare i dialoghi con Terna. Non \u00e8 per\u00f2 un punto di arrivo, perch\u00e9 a brevissimo incontreremo nuovamente l\u2019azienda elettrica per gli ulteriori sviluppi. Servono garanzie anche per le altre linee di alta tensione che attraversano il nostro territorio a valle di Polpet, in modo da sanare le situazioni di quei centri abitati oggi interessati da elettrodotti aerei. Alla luce dei progetti portati avanti da Terna tra Auronzo e Cortina, con interramento totale e tempi rapidi di realizzazione, siamo certi di poter arrivare al risultato finale con un proficuo dialogo istituzionale\u00bb.<\/p>\n<figure id=\"attachment_89030\" aria-describedby=\"caption-attachment-89030\" style=\"width: 208px\" class=\"wp-caption alignleft\"><a href=\"https:\/\/www.bellunopress.it\/fr\/2017\/09\/07\/variante-di-tai-dinca-m5s-incontra-commissario-e-comitato-indispensabile-lavoro-condiviso\/federico-dinca-6\/\" rel=\"attachment wp-att-89030\"><img loading=\"lazy\" decoding=\"async\" class=\"size-full wp-image-89030\" src=\"https:\/\/www.bellunopress.it\/wp-content\/uploads\/2017\/09\/Federico-DInc\u00e0.jpg\" alt=\"\" width=\"208\" height=\"270\" \/><\/a><figcaption id=\"caption-attachment-89030\" class=\"wp-caption-text\">Federico D&#8217;Inc\u00e0, ministro per i Rapporti con il Parlamento<\/figcaption><\/figure>\n<p>\u00abRitengo che il lavoro di Terna sul Bellunese sia particolarmente importante e denota attenzione nei confronti di un territorio che nel corso degli anni ha dato un grande contributo al nostro Paese in termini di produzione di energia elettrica\u00bb il commento del ministro per i rapporti con il Parlamento, Federico D\u2019Inc\u00e0. \u00abLe richieste rivolte a Terna nel corso degli ultimi mesi, frutto di alcuni significativi incontri istituzionali che ho fortemente voluto, stanno diventando realt\u00e0: \u00e8 sicuramente importante la volont\u00e0 di interrare la tratta tra Polpet e Vellai cos\u00ec come la tratta che coinvolge il territorio di Limana. Mi auguro che si continui a procedere secondo questa direzione e si possa raggiungere l\u2019interramento anche per ulteriori aree che interessano la provincia di Belluno. Ci sar\u00e0 tutta la mia disponibilit\u00e0 per aiutare le istituzioni locali e regionali nel dialogare per trovare le migliori soluzioni con Terna, come \u00e8 avvenuto in questo periodo\u00bb.<\/p>","protected":false},"excerpt":{"rendered":"<p>\u00abUna prima parte delle linee elettriche della Valbelluna sar\u00e0 interrata. Per la seconda parte, sar\u00e0 convocato a brevissimo un tavolo tecnico in cui Provincia e Comuni concertino con Terna i prossimi interventi da mettere in campo. \u00c8 un ulteriore tassello nella rimozione di cavi e tralicci che perseguiamo da tempo\u00bb. Cos\u00ec il presidente della Provincia [&hellip;]<\/p>\n","protected":false},"author":2,"featured_media":122987,"comment_status":"closed","ping_status":"open","sticky":false,"template":"","format":"standard","meta":{"footnotes":""},"categories":[5,3446,8],"tags":[],"class_list":["post-122986","post","type-post","status-publish","format-standard","has-post-thumbnail","category-cronaca","category-featured","category-societa-istituzioni"],"yoast_head":"<!-- This site is optimized with the Yoast SEO plugin v28.4 - https:\/\/yoast.com\/product\/yoast-seo-wordpress\/ -->\n<title>Elettrodotti Terna. Interramento totale Polpet-Vellai-Volpago. Padrin: &quot;Un ulteriore passo avanti per la rimozione di cavi e tralicci&quot;. D&#039;Inc\u00e0:&quot;Mi auguro che si continui a procedere secondo questa direzione&quot;\u00a0 - Bellunopress - Dolomiti<\/title>\n<meta name=\"robots\" content=\"index, follow, max-snippet:-1, max-image-preview:large, max-video-preview:-1\" \/>\n<link rel=\"canonical\" href=\"https:\/\/www.bellunopress.it\/fr\/2021\/04\/06\/elettrodotti-terna-interramento-totale-polpet-vellai-volpago-padrin-un-ulteriore-passo-avanti-per-la-rimozione-di-cavi-e-tralicci-dincami-auguro-che-si-continui-a-procedere-secondo-questa\/\" \/>\n<meta property=\"og:locale\" content=\"fr_FR\" \/>\n<meta property=\"og:type\" content=\"article\" \/>\n<meta property=\"og:title\" content=\"Elettrodotti Terna. Interramento totale Polpet-Vellai-Volpago. Padrin: &quot;Un ulteriore passo avanti per la rimozione di cavi e tralicci&quot;. D&#039;Inc\u00e0:&quot;Mi auguro che si continui a procedere secondo questa direzione&quot;\u00a0 - Bellunopress - Dolomiti\" \/>\n<meta property=\"og:description\" content=\"\u00abUna prima parte delle linee elettriche della Valbelluna sar\u00e0 interrata. Per la seconda parte, sar\u00e0 convocato a brevissimo un tavolo tecnico in cui Provincia e Comuni concertino con Terna i prossimi interventi da mettere in campo. \u00c8 un ulteriore tassello nella rimozione di cavi e tralicci che perseguiamo da tempo\u00bb. Cos\u00ec il presidente della Provincia [&hellip;]\" \/>\n<meta property=\"og:url\" content=\"https:\/\/www.bellunopress.it\/fr\/2021\/04\/06\/elettrodotti-terna-interramento-totale-polpet-vellai-volpago-padrin-un-ulteriore-passo-avanti-per-la-rimozione-di-cavi-e-tralicci-dincami-auguro-che-si-continui-a-procedere-secondo-questa\/\" \/>\n<meta property=\"og:site_name\" content=\"Bellunopress - Dolomiti\" \/>\n<meta property=\"article:publisher\" content=\"https:\/\/www.facebook.com\/profile.php?id=100008943462799\" \/>\n<meta property=\"article:published_time\" content=\"2021-04-06T17:21:18+00:00\" \/>\n<meta property=\"article:modified_time\" content=\"2021-04-06T20:12:20+00:00\" \/>\n<meta property=\"og:image\" content=\"https:\/\/www.bellunopress.it\/wp-content\/uploads\/2021\/04\/traliccio_edited.jpg\" \/>\n\t<meta property=\"og:image:width\" content=\"750\" \/>\n\t<meta property=\"og:image:height\" content=\"1000\" \/>\n\t<meta property=\"og:image:type\" content=\"image\/jpeg\" \/>\n<meta name=\"author\" content=\"redazione\" \/>\n<meta name=\"twitter:card\" content=\"summary_large_image\" \/>\n<meta name=\"twitter:creator\" content=\"@bellunopress\" \/>\n<meta name=\"twitter:site\" content=\"@bellunopress\" \/>\n<meta name=\"twitter:label1\" content=\"\u00c9crit par\" \/>\n\t<meta name=\"twitter:data1\" content=\"redazione\" \/>\n\t<meta name=\"twitter:label2\" content=\"Dur\u00e9e de lecture estim\u00e9e\" \/>\n\t<meta name=\"twitter:data2\" content=\"4 minutes\" \/>\n<script type=\"application\/ld+json\" class=\"yoast-schema-graph\">{\"@context\":\"https:\\\/\\\/schema.org\",\"@graph\":[{\"@type\":\"Article\",\"@id\":\"https:\\\/\\\/www.bellunopress.it\\\/2021\\\/04\\\/06\\\/elettrodotti-terna-interramento-totale-polpet-vellai-volpago-padrin-un-ulteriore-passo-avanti-per-la-rimozione-di-cavi-e-tralicci-dincami-auguro-che-si-continui-a-procedere-secondo-questa\\\/#article\",\"isPartOf\":{\"@id\":\"https:\\\/\\\/www.bellunopress.it\\\/2021\\\/04\\\/06\\\/elettrodotti-terna-interramento-totale-polpet-vellai-volpago-padrin-un-ulteriore-passo-avanti-per-la-rimozione-di-cavi-e-tralicci-dincami-auguro-che-si-continui-a-procedere-secondo-questa\\\/\"},\"author\":{\"name\":\"redazione\",\"@id\":\"https:\\\/\\\/www.bellunopress.it\\\/#\\\/schema\\\/person\\\/79bb06722b37ece1c03d3e94beb30d73\"},\"headline\":\"Elettrodotti Terna. Interramento totale Polpet-Vellai-Volpago. Padrin: &#8220;Un ulteriore passo avanti per la rimozione di cavi e tralicci&#8221;. D&#8217;Inc\u00e0:&#8221;Mi auguro che si continui a procedere secondo questa direzione&#8221;\u00a0\",\"datePublished\":\"2021-04-06T17:21:18+00:00\",\"dateModified\":\"2021-04-06T20:12:20+00:00\",\"mainEntityOfPage\":{\"@id\":\"https:\\\/\\\/www.bellunopress.it\\\/2021\\\/04\\\/06\\\/elettrodotti-terna-interramento-totale-polpet-vellai-volpago-padrin-un-ulteriore-passo-avanti-per-la-rimozione-di-cavi-e-tralicci-dincami-auguro-che-si-continui-a-procedere-secondo-questa\\\/\"},\"wordCount\":606,\"publisher\":{\"@id\":\"https:\\\/\\\/www.bellunopress.it\\\/#organization\"},\"image\":{\"@id\":\"https:\\\/\\\/www.bellunopress.it\\\/2021\\\/04\\\/06\\\/elettrodotti-terna-interramento-totale-polpet-vellai-volpago-padrin-un-ulteriore-passo-avanti-per-la-rimozione-di-cavi-e-tralicci-dincami-auguro-che-si-continui-a-procedere-secondo-questa\\\/#primaryimage\"},\"thumbnailUrl\":\"https:\\\/\\\/www.bellunopress.it\\\/wp-content\\\/uploads\\\/2021\\\/04\\\/traliccio_edited.jpg\",\"articleSection\":[\"Cronaca\\\/Politica\",\"Featured\",\"Societ\u00e0, Associazioni, Istituzioni\"],\"inLanguage\":\"fr-FR\"},{\"@type\":\"WebPage\",\"@id\":\"https:\\\/\\\/www.bellunopress.it\\\/2021\\\/04\\\/06\\\/elettrodotti-terna-interramento-totale-polpet-vellai-volpago-padrin-un-ulteriore-passo-avanti-per-la-rimozione-di-cavi-e-tralicci-dincami-auguro-che-si-continui-a-procedere-secondo-questa\\\/\",\"url\":\"https:\\\/\\\/www.bellunopress.it\\\/2021\\\/04\\\/06\\\/elettrodotti-terna-interramento-totale-polpet-vellai-volpago-padrin-un-ulteriore-passo-avanti-per-la-rimozione-di-cavi-e-tralicci-dincami-auguro-che-si-continui-a-procedere-secondo-questa\\\/\",\"name\":\"Elettrodotti Terna. Interramento totale Polpet-Vellai-Volpago. Padrin: \\\"Un ulteriore passo avanti per la rimozione di cavi e tralicci\\\". D'Inc\u00e0:\\\"Mi auguro che si continui a procedere secondo questa direzione\\\"\u00a0 - Bellunopress - Dolomiti\",\"isPartOf\":{\"@id\":\"https:\\\/\\\/www.bellunopress.it\\\/#website\"},\"primaryImageOfPage\":{\"@id\":\"https:\\\/\\\/www.bellunopress.it\\\/2021\\\/04\\\/06\\\/elettrodotti-terna-interramento-totale-polpet-vellai-volpago-padrin-un-ulteriore-passo-avanti-per-la-rimozione-di-cavi-e-tralicci-dincami-auguro-che-si-continui-a-procedere-secondo-questa\\\/#primaryimage\"},\"image\":{\"@id\":\"https:\\\/\\\/www.bellunopress.it\\\/2021\\\/04\\\/06\\\/elettrodotti-terna-interramento-totale-polpet-vellai-volpago-padrin-un-ulteriore-passo-avanti-per-la-rimozione-di-cavi-e-tralicci-dincami-auguro-che-si-continui-a-procedere-secondo-questa\\\/#primaryimage\"},\"thumbnailUrl\":\"https:\\\/\\\/www.bellunopress.it\\\/wp-content\\\/uploads\\\/2021\\\/04\\\/traliccio_edited.jpg\",\"datePublished\":\"2021-04-06T17:21:18+00:00\",\"dateModified\":\"2021-04-06T20:12:20+00:00\",\"breadcrumb\":{\"@id\":\"https:\\\/\\\/www.bellunopress.it\\\/2021\\\/04\\\/06\\\/elettrodotti-terna-interramento-totale-polpet-vellai-volpago-padrin-un-ulteriore-passo-avanti-per-la-rimozione-di-cavi-e-tralicci-dincami-auguro-che-si-continui-a-procedere-secondo-questa\\\/#breadcrumb\"},\"inLanguage\":\"fr-FR\",\"potentialAction\":[{\"@type\":\"ReadAction\",\"target\":[\"https:\\\/\\\/www.bellunopress.it\\\/2021\\\/04\\\/06\\\/elettrodotti-terna-interramento-totale-polpet-vellai-volpago-padrin-un-ulteriore-passo-avanti-per-la-rimozione-di-cavi-e-tralicci-dincami-auguro-che-si-continui-a-procedere-secondo-questa\\\/\"]}]},{\"@type\":\"ImageObject\",\"inLanguage\":\"fr-FR\",\"@id\":\"https:\\\/\\\/www.bellunopress.it\\\/2021\\\/04\\\/06\\\/elettrodotti-terna-interramento-totale-polpet-vellai-volpago-padrin-un-ulteriore-passo-avanti-per-la-rimozione-di-cavi-e-tralicci-dincami-auguro-che-si-continui-a-procedere-secondo-questa\\\/#primaryimage\",\"url\":\"https:\\\/\\\/www.bellunopress.it\\\/wp-content\\\/uploads\\\/2021\\\/04\\\/traliccio_edited.jpg\",\"contentUrl\":\"https:\\\/\\\/www.bellunopress.it\\\/wp-content\\\/uploads\\\/2021\\\/04\\\/traliccio_edited.jpg\",\"width\":750,\"height\":1000},{\"@type\":\"BreadcrumbList\",\"@id\":\"https:\\\/\\\/www.bellunopress.it\\\/2021\\\/04\\\/06\\\/elettrodotti-terna-interramento-totale-polpet-vellai-volpago-padrin-un-ulteriore-passo-avanti-per-la-rimozione-di-cavi-e-tralicci-dincami-auguro-che-si-continui-a-procedere-secondo-questa\\\/#breadcrumb\",\"itemListElement\":[{\"@type\":\"ListItem\",\"position\":1,\"name\":\"Home\",\"item\":\"https:\\\/\\\/www.bellunopress.it\\\/\"},{\"@type\":\"ListItem\",\"position\":2,\"name\":\"Elettrodotti Terna. Interramento totale Polpet-Vellai-Volpago. Padrin: &#8220;Un ulteriore passo avanti per la rimozione di cavi e tralicci&#8221;. D&#8217;Inc\u00e0:&#8221;Mi auguro che si continui a procedere secondo questa direzione&#8221;\u00a0\"}]},{\"@type\":\"WebSite\",\"@id\":\"https:\\\/\\\/www.bellunopress.it\\\/#website\",\"url\":\"https:\\\/\\\/www.bellunopress.it\\\/\",\"name\":\"Bellunopress - Dolomiti\",\"description\":\"e-mail: redazione@bellunopress.it\",\"publisher\":{\"@id\":\"https:\\\/\\\/www.bellunopress.it\\\/#organization\"},\"potentialAction\":[{\"@type\":\"SearchAction\",\"target\":{\"@type\":\"EntryPoint\",\"urlTemplate\":\"https:\\\/\\\/www.bellunopress.it\\\/?s={search_term_string}\"},\"query-input\":{\"@type\":\"PropertyValueSpecification\",\"valueRequired\":true,\"valueName\":\"search_term_string\"}}],\"inLanguage\":\"fr-FR\"},{\"@type\":\"Organization\",\"@id\":\"https:\\\/\\\/www.bellunopress.it\\\/#organization\",\"name\":\"Bellunopress\",\"url\":\"https:\\\/\\\/www.bellunopress.it\\\/\",\"logo\":{\"@type\":\"ImageObject\",\"inLanguage\":\"fr-FR\",\"@id\":\"https:\\\/\\\/www.bellunopress.it\\\/#\\\/schema\\\/logo\\\/image\\\/\",\"url\":\"https:\\\/\\\/www.bellunopress.it\\\/wp-content\\\/uploads\\\/2011\\\/05\\\/cropped-logo-bellunopress-.jpg\",\"contentUrl\":\"https:\\\/\\\/www.bellunopress.it\\\/wp-content\\\/uploads\\\/2011\\\/05\\\/cropped-logo-bellunopress-.jpg\",\"width\":512,\"height\":512,\"caption\":\"Bellunopress\"},\"image\":{\"@id\":\"https:\\\/\\\/www.bellunopress.it\\\/#\\\/schema\\\/logo\\\/image\\\/\"},\"sameAs\":[\"https:\\\/\\\/www.facebook.com\\\/profile.php?id=100008943462799\",\"https:\\\/\\\/x.com\\\/bellunopress\",\"https:\\\/\\\/www.linkedin.com\\\/hp\\\/?dnr=JBzUWaJfMUw8vbXJJ2tVW5-I3jZKvC4wsoxE&amp;amp;amp;amp;amp;amp;trk=nav_responsive_tab_home\",\"https:\\\/\\\/www.youtube.com\\\/channel\\\/UCxL0wu1uN0_3_7hGG0306cw\"]},{\"@type\":\"Person\",\"@id\":\"https:\\\/\\\/www.bellunopress.it\\\/#\\\/schema\\\/person\\\/79bb06722b37ece1c03d3e94beb30d73\",\"name\":\"redazione\",\"image\":{\"@type\":\"ImageObject\",\"inLanguage\":\"fr-FR\",\"@id\":\"https:\\\/\\\/secure.gravatar.com\\\/avatar\\\/37d968a2e67a6fd04c169c4bdef102d0bc5d31b2546345219e348575eb80e9a0?s=96&d=mm&r=g\",\"url\":\"https:\\\/\\\/secure.gravatar.com\\\/avatar\\\/37d968a2e67a6fd04c169c4bdef102d0bc5d31b2546345219e348575eb80e9a0?s=96&d=mm&r=g\",\"contentUrl\":\"https:\\\/\\\/secure.gravatar.com\\\/avatar\\\/37d968a2e67a6fd04c169c4bdef102d0bc5d31b2546345219e348575eb80e9a0?s=96&d=mm&r=g\",\"caption\":\"redazione\"},\"sameAs\":[\"http:\\\/\\\/www.bellunopress.it\",\"https:\\\/\\\/x.com\\\/bellunopress\"],\"url\":\"https:\\\/\\\/www.bellunopress.it\\\/fr\\\/author\\\/redazione\\\/\"}]}<\/script>\n<!-- \/ Yoast SEO plugin. -->","yoast_head_json":{"title":"Elettrodotti Terna. Interramento totale Polpet-Vellai-Volpago. Padrin: \"Un ulteriore passo avanti per la rimozione di cavi e tralicci\". D'Inc\u00e0:\"Mi auguro che si continui a procedere secondo questa direzione\"\u00a0 - Bellunopress - Dolomiti","robots":{"index":"index","follow":"follow","max-snippet":"max-snippet:-1","max-image-preview":"max-image-preview:large","max-video-preview":"max-video-preview:-1"},"canonical":"https:\/\/www.bellunopress.it\/fr\/2021\/04\/06\/elettrodotti-terna-interramento-totale-polpet-vellai-volpago-padrin-un-ulteriore-passo-avanti-per-la-rimozione-di-cavi-e-tralicci-dincami-auguro-che-si-continui-a-procedere-secondo-questa\/","og_locale":"fr_FR","og_type":"article","og_title":"Elettrodotti Terna. Interramento totale Polpet-Vellai-Volpago. Padrin: \"Un ulteriore passo avanti per la rimozione di cavi e tralicci\". D'Inc\u00e0:\"Mi auguro che si continui a procedere secondo questa direzione\"\u00a0 - Bellunopress - Dolomiti","og_description":"\u00abUna prima parte delle linee elettriche della Valbelluna sar\u00e0 interrata. Per la seconda parte, sar\u00e0 convocato a brevissimo un tavolo tecnico in cui Provincia e Comuni concertino con Terna i prossimi interventi da mettere in campo. \u00c8 un ulteriore tassello nella rimozione di cavi e tralicci che perseguiamo da tempo\u00bb. Cos\u00ec il presidente della Provincia [&hellip;]","og_url":"https:\/\/www.bellunopress.it\/fr\/2021\/04\/06\/elettrodotti-terna-interramento-totale-polpet-vellai-volpago-padrin-un-ulteriore-passo-avanti-per-la-rimozione-di-cavi-e-tralicci-dincami-auguro-che-si-continui-a-procedere-secondo-questa\/","og_site_name":"Bellunopress - Dolomiti","article_publisher":"https:\/\/www.facebook.com\/profile.php?id=100008943462799","article_published_time":"2021-04-06T17:21:18+00:00","article_modified_time":"2021-04-06T20:12:20+00:00","og_image":[{"width":750,"height":1000,"url":"https:\/\/www.bellunopress.it\/wp-content\/uploads\/2021\/04\/traliccio_edited.jpg","type":"image\/jpeg"}],"author":"redazione","twitter_card":"summary_large_image","twitter_creator":"@bellunopress","twitter_site":"@bellunopress","twitter_misc":{"\u00c9crit par":"redazione","Dur\u00e9e de lecture estim\u00e9e":"4 minutes"},"schema":{"@context":"https:\/\/schema.org","@graph":[{"@type":"Article","@id":"https:\/\/www.bellunopress.it\/2021\/04\/06\/elettrodotti-terna-interramento-totale-polpet-vellai-volpago-padrin-un-ulteriore-passo-avanti-per-la-rimozione-di-cavi-e-tralicci-dincami-auguro-che-si-continui-a-procedere-secondo-questa\/#article","isPartOf":{"@id":"https:\/\/www.bellunopress.it\/2021\/04\/06\/elettrodotti-terna-interramento-totale-polpet-vellai-volpago-padrin-un-ulteriore-passo-avanti-per-la-rimozione-di-cavi-e-tralicci-dincami-auguro-che-si-continui-a-procedere-secondo-questa\/"},"author":{"name":"redazione","@id":"https:\/\/www.bellunopress.it\/#\/schema\/person\/79bb06722b37ece1c03d3e94beb30d73"},"headline":"Elettrodotti Terna. Interramento totale Polpet-Vellai-Volpago. Padrin: &#8220;Un ulteriore passo avanti per la rimozione di cavi e tralicci&#8221;. D&#8217;Inc\u00e0:&#8221;Mi auguro che si continui a procedere secondo questa direzione&#8221;\u00a0","datePublished":"2021-04-06T17:21:18+00:00","dateModified":"2021-04-06T20:12:20+00:00","mainEntityOfPage":{"@id":"https:\/\/www.bellunopress.it\/2021\/04\/06\/elettrodotti-terna-interramento-totale-polpet-vellai-volpago-padrin-un-ulteriore-passo-avanti-per-la-rimozione-di-cavi-e-tralicci-dincami-auguro-che-si-continui-a-procedere-secondo-questa\/"},"wordCount":606,"publisher":{"@id":"https:\/\/www.bellunopress.it\/#organization"},"image":{"@id":"https:\/\/www.bellunopress.it\/2021\/04\/06\/elettrodotti-terna-interramento-totale-polpet-vellai-volpago-padrin-un-ulteriore-passo-avanti-per-la-rimozione-di-cavi-e-tralicci-dincami-auguro-che-si-continui-a-procedere-secondo-questa\/#primaryimage"},"thumbnailUrl":"https:\/\/www.bellunopress.it\/wp-content\/uploads\/2021\/04\/traliccio_edited.jpg","articleSection":["Cronaca\/Politica","Featured","Societ\u00e0, Associazioni, Istituzioni"],"inLanguage":"fr-FR"},{"@type":"WebPage","@id":"https:\/\/www.bellunopress.it\/2021\/04\/06\/elettrodotti-terna-interramento-totale-polpet-vellai-volpago-padrin-un-ulteriore-passo-avanti-per-la-rimozione-di-cavi-e-tralicci-dincami-auguro-che-si-continui-a-procedere-secondo-questa\/","url":"https:\/\/www.bellunopress.it\/2021\/04\/06\/elettrodotti-terna-interramento-totale-polpet-vellai-volpago-padrin-un-ulteriore-passo-avanti-per-la-rimozione-di-cavi-e-tralicci-dincami-auguro-che-si-continui-a-procedere-secondo-questa\/","name":"Elettrodotti Terna. Interramento totale Polpet-Vellai-Volpago. Padrin: \"Un ulteriore passo avanti per la rimozione di cavi e tralicci\". D'Inc\u00e0:\"Mi auguro che si continui a procedere secondo questa direzione\"\u00a0 - Bellunopress - Dolomiti","isPartOf":{"@id":"https:\/\/www.bellunopress.it\/#website"},"primaryImageOfPage":{"@id":"https:\/\/www.bellunopress.it\/2021\/04\/06\/elettrodotti-terna-interramento-totale-polpet-vellai-volpago-padrin-un-ulteriore-passo-avanti-per-la-rimozione-di-cavi-e-tralicci-dincami-auguro-che-si-continui-a-procedere-secondo-questa\/#primaryimage"},"image":{"@id":"https:\/\/www.bellunopress.it\/2021\/04\/06\/elettrodotti-terna-interramento-totale-polpet-vellai-volpago-padrin-un-ulteriore-passo-avanti-per-la-rimozione-di-cavi-e-tralicci-dincami-auguro-che-si-continui-a-procedere-secondo-questa\/#primaryimage"},"thumbnailUrl":"https:\/\/www.bellunopress.it\/wp-content\/uploads\/2021\/04\/traliccio_edited.jpg","datePublished":"2021-04-06T17:21:18+00:00","dateModified":"2021-04-06T20:12:20+00:00","breadcrumb":{"@id":"https:\/\/www.bellunopress.it\/2021\/04\/06\/elettrodotti-terna-interramento-totale-polpet-vellai-volpago-padrin-un-ulteriore-passo-avanti-per-la-rimozione-di-cavi-e-tralicci-dincami-auguro-che-si-continui-a-procedere-secondo-questa\/#breadcrumb"},"inLanguage":"fr-FR","potentialAction":[{"@type":"ReadAction","target":["https:\/\/www.bellunopress.it\/2021\/04\/06\/elettrodotti-terna-interramento-totale-polpet-vellai-volpago-padrin-un-ulteriore-passo-avanti-per-la-rimozione-di-cavi-e-tralicci-dincami-auguro-che-si-continui-a-procedere-secondo-questa\/"]}]},{"@type":"ImageObject","inLanguage":"fr-FR","@id":"https:\/\/www.bellunopress.it\/2021\/04\/06\/elettrodotti-terna-interramento-totale-polpet-vellai-volpago-padrin-un-ulteriore-passo-avanti-per-la-rimozione-di-cavi-e-tralicci-dincami-auguro-che-si-continui-a-procedere-secondo-questa\/#primaryimage","url":"https:\/\/www.bellunopress.it\/wp-content\/uploads\/2021\/04\/traliccio_edited.jpg","contentUrl":"https:\/\/www.bellunopress.it\/wp-content\/uploads\/2021\/04\/traliccio_edited.jpg","width":750,"height":1000},{"@type":"BreadcrumbList","@id":"https:\/\/www.bellunopress.it\/2021\/04\/06\/elettrodotti-terna-interramento-totale-polpet-vellai-volpago-padrin-un-ulteriore-passo-avanti-per-la-rimozione-di-cavi-e-tralicci-dincami-auguro-che-si-continui-a-procedere-secondo-questa\/#breadcrumb","itemListElement":[{"@type":"ListItem","position":1,"name":"Home","item":"https:\/\/www.bellunopress.it\/"},{"@type":"ListItem","position":2,"name":"Elettrodotti Terna. Interramento totale Polpet-Vellai-Volpago. Padrin: &#8220;Un ulteriore passo avanti per la rimozione di cavi e tralicci&#8221;. D&#8217;Inc\u00e0:&#8221;Mi auguro che si continui a procedere secondo questa direzione&#8221;\u00a0"}]},{"@type":"WebSite","@id":"https:\/\/www.bellunopress.it\/#website","url":"https:\/\/www.bellunopress.it\/","name":"Bellunopress - Dolomiti","description":"e-mail: redazione@bellunopress.it","publisher":{"@id":"https:\/\/www.bellunopress.it\/#organization"},"potentialAction":[{"@type":"SearchAction","target":{"@type":"EntryPoint","urlTemplate":"https:\/\/www.bellunopress.it\/?s={search_term_string}"},"query-input":{"@type":"PropertyValueSpecification","valueRequired":true,"valueName":"search_term_string"}}],"inLanguage":"fr-FR"},{"@type":"Organization","@id":"https:\/\/www.bellunopress.it\/#organization","name":"Bellunopress","url":"https:\/\/www.bellunopress.it\/","logo":{"@type":"ImageObject","inLanguage":"fr-FR","@id":"https:\/\/www.bellunopress.it\/#\/schema\/logo\/image\/","url":"https:\/\/www.bellunopress.it\/wp-content\/uploads\/2011\/05\/cropped-logo-bellunopress-.jpg","contentUrl":"https:\/\/www.bellunopress.it\/wp-content\/uploads\/2011\/05\/cropped-logo-bellunopress-.jpg","width":512,"height":512,"caption":"Bellunopress"},"image":{"@id":"https:\/\/www.bellunopress.it\/#\/schema\/logo\/image\/"},"sameAs":["https:\/\/www.facebook.com\/profile.php?id=100008943462799","https:\/\/x.com\/bellunopress","https:\/\/www.linkedin.com\/hp\/?dnr=JBzUWaJfMUw8vbXJJ2tVW5-I3jZKvC4wsoxE&amp;amp;amp;amp;amp;amp;trk=nav_responsive_tab_home","https:\/\/www.youtube.com\/channel\/UCxL0wu1uN0_3_7hGG0306cw"]},{"@type":"Person","@id":"https:\/\/www.bellunopress.it\/#\/schema\/person\/79bb06722b37ece1c03d3e94beb30d73","name":"r\u00e9daction","image":{"@type":"ImageObject","inLanguage":"fr-FR","@id":"https:\/\/secure.gravatar.com\/avatar\/37d968a2e67a6fd04c169c4bdef102d0bc5d31b2546345219e348575eb80e9a0?s=96&d=mm&r=g","url":"https:\/\/secure.gravatar.com\/avatar\/37d968a2e67a6fd04c169c4bdef102d0bc5d31b2546345219e348575eb80e9a0?s=96&d=mm&r=g","contentUrl":"https:\/\/secure.gravatar.com\/avatar\/37d968a2e67a6fd04c169c4bdef102d0bc5d31b2546345219e348575eb80e9a0?s=96&d=mm&r=g","caption":"redazione"},"sameAs":["http:\/\/www.bellunopress.it","https:\/\/x.com\/bellunopress"],"url":"https:\/\/www.bellunopress.it\/fr\/author\/redazione\/"}]}},"_links":{"self":[{"href":"https:\/\/www.bellunopress.it\/fr\/wp-json\/wp\/v2\/posts\/122986","targetHints":{"allow":["GET"]}}],"collection":[{"href":"https:\/\/www.bellunopress.it\/fr\/wp-json\/wp\/v2\/posts"}],"about":[{"href":"https:\/\/www.bellunopress.it\/fr\/wp-json\/wp\/v2\/types\/post"}],"author":[{"embeddable":true,"href":"https:\/\/www.bellunopress.it\/fr\/wp-json\/wp\/v2\/users\/2"}],"replies":[{"embeddable":true,"href":"https:\/\/www.bellunopress.it\/fr\/wp-json\/wp\/v2\/comments?post=122986"}],"version-history":[{"count":4,"href":"https:\/\/www.bellunopress.it\/fr\/wp-json\/wp\/v2\/posts\/122986\/revisions"}],"predecessor-version":[{"id":122991,"href":"https:\/\/www.bellunopress.it\/fr\/wp-json\/wp\/v2\/posts\/122986\/revisions\/122991"}],"wp:featuredmedia":[{"embeddable":true,"href":"https:\/\/www.bellunopress.it\/fr\/wp-json\/wp\/v2\/media\/122987"}],"wp:attachment":[{"href":"https:\/\/www.bellunopress.it\/fr\/wp-json\/wp\/v2\/media?parent=122986"}],"wp:term":[{"taxonomy":"category","embeddable":true,"href":"https:\/\/www.bellunopress.it\/fr\/wp-json\/wp\/v2\/categories?post=122986"},{"taxonomy":"post_tag","embeddable":true,"href":"https:\/\/www.bellunopress.it\/fr\/wp-json\/wp\/v2\/tags?post=122986"}],"curies":[{"name":"wp","href":"https:\/\/api.w.org\/{rel}","templated":true}]}}